{"id":9485,"date":"2024-02-08T14:59:37","date_gmt":"2024-02-08T13:59:37","guid":{"rendered":"https:\/\/www.lactissima.com\/a-tire-d-ailes\/?p=9485"},"modified":"2024-02-08T14:59:37","modified_gmt":"2024-02-08T13:59:37","slug":"greve-de-tetee","status":"publish","type":"post","link":"https:\/\/www.lactissima.com\/a-tire-d-ailes\/greve-de-tetee\/","title":{"rendered":"Gr\u00e8ve de t\u00e9t\u00e9e"},"content":{"rendered":"<p><em>Image : Saint Nicolas refusant le lait de sa m\u00e8re, Extrait des Histoires de la vie de Saint Nicolas, d\u00e9tail de fresques romanes de style byzantin, fin du XIe si\u00e8cle, Chapelle de Saint Eldrad et Saint Nicolas, Abbaye de Novalesa, Pi\u00e9mont, Italie.<\/em><\/p>\n<p style=\"text-align: justify;\">Vous avez mis en place une organisation militaire pour pouvoir fournir assez de lait \u00e0 votre b\u00e9b\u00e9 gard\u00e9 \u00e0 la cr\u00e8che ou par une assistante maternelle. Vous tirez votre lait plusieurs fois par jour et vous allaitez votre enfant quand il est avec vous.<br \/>\nEt subitement, un jour, il <strong>refuse le sein<\/strong> et ne veut plus t\u00e9ter. Vous pourriez penser qu&rsquo;il se <strong>s\u00e8vre<\/strong>, tout simplement. Attention, ce n&rsquo;est pas forc\u00e9ment le cas.<\/p>\n<p style=\"text-align: justify;\">Un enfant se s\u00e8vre seul entre 2 et 5 ans en g\u00e9n\u00e9ral quand il a acc\u00e8s au sein \u00e0 volont\u00e9. Certains enfants gard\u00e9s en journ\u00e9e vont se sevrer un peu plus t\u00f4t mais si votre b\u00e9b\u00e9 a moins d&rsquo;un an, il ne s&rsquo;agit pas d&rsquo;un sevrage mais d&rsquo;une <strong>gr\u00e8ve de t\u00e9t\u00e9e<\/strong>.<\/p>\n<p style=\"text-align: justify;\">Autre signe qu&rsquo;il ne s&rsquo;agit pas d&rsquo;un sevrage : votre enfant est malheureux de la situation. Il cherche \u00e0 t\u00e9ter mais refuse quand il est devant le sein, il regarde le sein avec envie et il est triste de le refuser ou bien il pleure beaucoup et semble insatisfait. Tous ces signes nous montrent qu&rsquo;il s&rsquo;agit d&rsquo;une gr\u00e8ve de t\u00e9t\u00e9e plut\u00f4t que d&rsquo;un sevrage. Votre enfant voudrait t\u00e9ter mais pour une raison que vous ignorez, il refuse le sein.<\/p>\n<p style=\"text-align: justify;\">Un enfant peut faire une gr\u00e8ve de t\u00e9t\u00e9e pour diff\u00e9rentes <strong>raisons<\/strong> :<\/p>\n<ul style=\"text-align: justify;\">\n<li>Douleur dans la bouche : muguet, aphtes, br\u00fblure due \u00e0 un biberon donn\u00e9 trop chaud, angine,&#8230;<\/li>\n<li>Douleur dans l&rsquo;oreille : une otite emp\u00eache souvent un enfant de t\u00e9ter car cela augmente la douleur.<\/li>\n<li>Douleur de reflux gastro-\u0153sophagien.<\/li>\n<li>Changement de votre savon.<\/li>\n<li>Changement de lessive.<\/li>\n<li>Le go\u00fbt de votre lait ne lui plait pas : je me souviens d&rsquo;une petite fille qui avait refus\u00e9 de t\u00e9ter car sa m\u00e8re avait mang\u00e9 de la choucroute et qu&rsquo;elle n&rsquo;aimait pas le go\u00fbt.<\/li>\n<li>Le d\u00e9bit de lait au sein est moins rapide que le d\u00e9bit du biberon et votre enfant n&rsquo;appr\u00e9cie pas.<\/li>\n<li>Vous vous \u00eates absent\u00e9e pour un d\u00e9placement professionnel et votre enfant manifeste ainsi son m\u00e9contentement.<\/li>\n<li>Votre enfant a du mal \u00e0 s&rsquo;adapter \u00e0 la s\u00e9paration due \u00e0 la reprise du travail et le manifeste ainsi.<\/li>\n<li>&#8230;<\/li>\n<\/ul>\n<p style=\"text-align: justify;\">Il arrive aussi que l&rsquo;on ne retrouve aucune raison mais pourtant il refuse le sein&#8230;<\/p>\n<p style=\"text-align: justify;\"><strong>Que faire<\/strong> en cas de gr\u00e8ve de t\u00e9t\u00e9e ?<br \/>\nTout d&rsquo;abord rem\u00e9dier \u00e0 la cause si vous avez une id\u00e9e de l&rsquo;origine de la gr\u00e8ve : soulager la douleur, reprendre votre ancien savon ou lessive, attendre que le go\u00fbt du lait passe, rassurer votre enfant si vous vous \u00eates absent\u00e9e,&#8230;<br \/>\nSi votre enfant prend bien ses biberons en journ\u00e9e, je vous sugg\u00e8re de ne pas remplacer les t\u00e9t\u00e9es par des biberons \u00e0 la maison car il risque de ne plus vouloir reprendre le sein.<br \/>\nVous pouvez lui proposer le sein quand il est endormi et donc ne r\u00e9fl\u00e9chit pas, il risque de le reprendre sans s&rsquo;en rendre compte.<br \/>\nVous pouvez essayer de prendre un bain ou une douche avec votre b\u00e9b\u00e9 et lui proposer le sein dans le bain ou la douche, c&rsquo;est assez souvent efficace.<br \/>\nVous pouvez essayer de lui proposer le sein en marchant car cela va le bercer et l&rsquo;aider \u00e0 accepter le sein.<br \/>\nProposer le sein dans la p\u00e9nombre, au calme.<br \/>\nEt surtout ne surtout pas forcer votre b\u00e9b\u00e9 \u00e0 prendre le sein car il risque de le refuser d\u00e9finitivement car l&rsquo;associer \u00e0 une exp\u00e9rience d\u00e9sagr\u00e9able.<\/p>\n<p style=\"text-align: justify;\">Dans la plupart des cas, une gr\u00e8ve de t\u00e9t\u00e9e dure de quelques heures \u00e0 2-3 jours. Elle se r\u00e9sout relativement rapidement. Certains b\u00e9b\u00e9s vont faire durer cette gr\u00e8ve plus longtemps avant de reprendre le sein. Enfin certains enfants ne reprendront jamais le sein, ce qui est en g\u00e9n\u00e9ral tr\u00e8s difficile pour vous.<\/p>\n<p style=\"text-align: justify;\"><strong>Que faire<\/strong> pendant cette gr\u00e8ve pour votre lactation ? Le risque est que vous ressentiez une baisse de lactation car votre b\u00e9b\u00e9 n&rsquo;aura pas stimul\u00e9 vos seins. Il est donc important de tirer votre lait le temps que dure la gr\u00e8ve pour que votre b\u00e9b\u00e9 soit satisfait quand il reprendra le sein.<br \/>\nCertaines femmes n&rsquo;ont pas envie de tirer le lait \u00e0 la maison quand elles le font d\u00e9j\u00e0 au travail. Vous pouvez ne pas le faire mais dans ce cas, vous acceptez le risque d&rsquo;une baisse de lactation et surtout vous devez surveiller que vous ne faites pas un engorgement.<\/p>\n<p style=\"text-align: justify;\">Si la gr\u00e8ve dure plus de deux jours, surveillez que votre b\u00e9b\u00e9 souille suffisamment ses couches. Si ce n&rsquo;est pas le cas, il va falloir lui donner du lait autrement qu&rsquo;au sein. Dans ce cas, je sugg\u00e8re d&rsquo;utiliser une tasse pour que le b\u00e9b\u00e9 se nourrisse mais reste insatisfait du manque de succion pour qu&rsquo;il ait de bonnes raisons de reprendre le sein.<\/p>\n<p style=\"text-align: justify;\">Si votre enfant ne veut pas reprendre le sein du tout, il va vous falloir faire le <strong>deuil de cet allaitement<\/strong>. Cela peut \u00eatre tr\u00e8s douloureux pour certaines femmes. Accordez-vous le droit d&rsquo;\u00eatre triste !<br \/>\nCertaines femmes vont choisir de faire un tire-allaitement en continuant \u00e0 tirer leur lait pour le donner au biberon, d&rsquo;autres vont choisir d&rsquo;arr\u00eater totalement l&rsquo;allaitement. Vous \u00eates enti\u00e8rement libre de faire ce qui vous semble la meilleure solution pour votre famille !<br \/>\nDans tous les cas, vous aurez un deuil \u00e0 faire. Il peut \u00eatre rapide pour certaines femmes alors qu&rsquo;il peut prendre de longs mois pour d&rsquo;autres. Si vous avez l&rsquo;impression de ne pas y arriver, n&rsquo;h\u00e9sitez pas \u00e0 demander une aide psychologique !<\/p>\n<p style=\"text-align: justify;\">Et <strong>vous<\/strong>, avez-vous connu une gr\u00e8ve de t\u00e9t\u00e9e ? Comment s&rsquo;est-elle termin\u00e9e ?<\/p>\n<p><strong>Articles en rapport :<\/strong><\/p>\n<ul>\n<li><a href=\"https:\/\/www.lactissima.com\/a-tire-d-ailes\/bebe-refuse-le-sein\/\">Quand mon b\u00e9b\u00e9 refuse le sein<\/a><\/li>\n<\/ul>\n<p>&nbsp;<\/p>\n<div class='et-box et-shadow'>\n\t\t\t\t\t<div class='et-box-content'>Lire des articles ou poser des questions en commentaire ne suffit pas \u00e0 r\u00e9soudre votre probl\u00e8me ? Savez-vous que vous pouvez prendre RDV pour une consultation avec moi ? N&rsquo;h\u00e9sitez pas \u00e0 me contacter !<\/div><\/div>\n","protected":false},"excerpt":{"rendered":"<p>Image : Saint Nicolas refusant le lait de sa m\u00e8re, Extrait des Histoires de la vie de Saint Nicolas, d\u00e9tail de fresques romanes de style byzantin, fin du XIe si\u00e8cle, Chapelle de Saint Eldrad et Saint Nicolas, Abbaye de Novalesa, Pi\u00e9mont, Italie. Vous avez mis en place une organisation militaire pour pouvoir fournir assez de [&hellip;]<\/p>\n","protected":false},"author":170,"featured_media":9491,"comment_status":"open","ping_status":"open","sticky":false,"template":"","format":"standard","meta":{"_et_pb_use_builder":"","_et_pb_old_content":"","_et_gb_content_width":"","footnotes":""},"categories":[35,665],"tags":[],"class_list":["post-9485","post","type-post","status-publish","format-standard","has-post-thumbnail","hentry","category-allaitement","category-sevrage"],"yoast_head":"<!-- This site is optimized with the Yoast SEO plugin v27.4 - https:\/\/yoast.com\/product\/yoast-seo-wordpress\/ -->\n<title>Gr\u00e8ve de t\u00e9t\u00e9e<\/title>\n<meta name=\"description\" content=\"Image : Saint Nicolas refusant le lait de sa m\u00e8re, Extrait des Histoires de la vie de Saint Nicolas, d\u00e9tail de fresques romanes de style byzantin, fin du Il arrive que certains enfants fassent une gr\u00e8ve de t\u00e9t\u00e9e qui peut parfois durer de longs jours, sachez qu&#039;il existe des solutions.\" \/>\n<meta name=\"robots\" content=\"index, follow, max-snippet:-1, max-image-preview:large, max-video-preview:-1\" \/>\n<link rel=\"canonical\" href=\"https:\/\/www.lactissima.com\/a-tire-d-ailes\/greve-de-tetee\/\" \/>\n<meta property=\"og:locale\" content=\"fr_FR\" \/>\n<meta property=\"og:type\" content=\"article\" \/>\n<meta property=\"og:title\" content=\"Gr\u00e8ve de t\u00e9t\u00e9e\" \/>\n<meta property=\"og:description\" content=\"Image : Saint Nicolas refusant le lait de sa m\u00e8re, Extrait des Histoires de la vie de Saint Nicolas, d\u00e9tail de fresques romanes de style byzantin, fin du Il arrive que certains enfants fassent une gr\u00e8ve de t\u00e9t\u00e9e qui peut parfois durer de longs jours, sachez qu&#039;il existe des solutions.\" \/>\n<meta property=\"og:url\" content=\"https:\/\/www.lactissima.com\/a-tire-d-ailes\/greve-de-tetee\/\" \/>\n<meta property=\"og:site_name\" content=\"A tire d&#039;Ailes\" \/>\n<meta property=\"article:publisher\" content=\"https:\/\/www.facebook.com\/consultante.en.lactation\" \/>\n<meta property=\"article:author\" content=\"www.facebook.com\/consultante.en.lactation\" \/>\n<meta property=\"article:published_time\" content=\"2024-02-08T13:59:37+00:00\" \/>\n<meta property=\"og:image\" content=\"https:\/\/www.lactissima.com\/a-tire-d-ailes\/wp-content\/uploads\/2024\/02\/saint-nicolas2.jpg\" \/>\n\t<meta property=\"og:image:width\" content=\"300\" \/>\n\t<meta property=\"og:image:height\" content=\"229\" \/>\n\t<meta property=\"og:image:type\" content=\"image\/jpeg\" \/>\n<meta name=\"author\" content=\"V\u00e9ronique Darmangeat\" \/>\n<meta name=\"twitter:card\" content=\"summary_large_image\" \/>\n<meta name=\"twitter:creator\" content=\"@VeroniqueIBCLC\" \/>\n<meta name=\"twitter:site\" content=\"@VeroniqueIBCLC\" \/>\n<meta name=\"twitter:label1\" content=\"\u00c9crit par\" \/>\n\t<meta name=\"twitter:data1\" content=\"V\u00e9ronique Darmangeat\" \/>\n\t<meta name=\"twitter:label2\" content=\"Dur\u00e9e de lecture estim\u00e9e\" \/>\n\t<meta name=\"twitter:data2\" content=\"6 minutes\" \/>\n<script type=\"application\/ld+json\" class=\"yoast-schema-graph\">{\"@context\":\"https:\\\/\\\/schema.org\",\"@graph\":[{\"@type\":\"Article\",\"@id\":\"https:\\\/\\\/www.lactissima.com\\\/a-tire-d-ailes\\\/greve-de-tetee\\\/#article\",\"isPartOf\":{\"@id\":\"https:\\\/\\\/www.lactissima.com\\\/a-tire-d-ailes\\\/greve-de-tetee\\\/\"},\"author\":{\"name\":\"V\u00e9ronique Darmangeat\",\"@id\":\"https:\\\/\\\/www.lactissima.com\\\/a-tire-d-ailes\\\/#\\\/schema\\\/person\\\/8f98d3a89530861bc1240e6d53d44eed\"},\"headline\":\"Gr\u00e8ve de t\u00e9t\u00e9e\",\"datePublished\":\"2024-02-08T13:59:37+00:00\",\"mainEntityOfPage\":{\"@id\":\"https:\\\/\\\/www.lactissima.com\\\/a-tire-d-ailes\\\/greve-de-tetee\\\/\"},\"wordCount\":1097,\"commentCount\":0,\"image\":{\"@id\":\"https:\\\/\\\/www.lactissima.com\\\/a-tire-d-ailes\\\/greve-de-tetee\\\/#primaryimage\"},\"thumbnailUrl\":\"https:\\\/\\\/www.lactissima.com\\\/a-tire-d-ailes\\\/wp-content\\\/uploads\\\/2024\\\/02\\\/saint-nicolas2.jpg\",\"articleSection\":[\"Allaitement\",\"Sevrage\"],\"inLanguage\":\"fr-FR\",\"potentialAction\":[{\"@type\":\"CommentAction\",\"name\":\"Comment\",\"target\":[\"https:\\\/\\\/www.lactissima.com\\\/a-tire-d-ailes\\\/greve-de-tetee\\\/#respond\"]}]},{\"@type\":\"WebPage\",\"@id\":\"https:\\\/\\\/www.lactissima.com\\\/a-tire-d-ailes\\\/greve-de-tetee\\\/\",\"url\":\"https:\\\/\\\/www.lactissima.com\\\/a-tire-d-ailes\\\/greve-de-tetee\\\/\",\"name\":\"Gr\u00e8ve de t\u00e9t\u00e9e\",\"isPartOf\":{\"@id\":\"https:\\\/\\\/www.lactissima.com\\\/a-tire-d-ailes\\\/#website\"},\"primaryImageOfPage\":{\"@id\":\"https:\\\/\\\/www.lactissima.com\\\/a-tire-d-ailes\\\/greve-de-tetee\\\/#primaryimage\"},\"image\":{\"@id\":\"https:\\\/\\\/www.lactissima.com\\\/a-tire-d-ailes\\\/greve-de-tetee\\\/#primaryimage\"},\"thumbnailUrl\":\"https:\\\/\\\/www.lactissima.com\\\/a-tire-d-ailes\\\/wp-content\\\/uploads\\\/2024\\\/02\\\/saint-nicolas2.jpg\",\"datePublished\":\"2024-02-08T13:59:37+00:00\",\"author\":{\"@id\":\"https:\\\/\\\/www.lactissima.com\\\/a-tire-d-ailes\\\/#\\\/schema\\\/person\\\/8f98d3a89530861bc1240e6d53d44eed\"},\"description\":\"Image : Saint Nicolas refusant le lait de sa m\u00e8re, Extrait des Histoires de la vie de Saint Nicolas, d\u00e9tail de fresques romanes de style byzantin, fin du Il arrive que certains enfants fassent une gr\u00e8ve de t\u00e9t\u00e9e qui peut parfois durer de longs jours, sachez qu'il existe des solutions.\",\"breadcrumb\":{\"@id\":\"https:\\\/\\\/www.lactissima.com\\\/a-tire-d-ailes\\\/greve-de-tetee\\\/#breadcrumb\"},\"inLanguage\":\"fr-FR\",\"potentialAction\":[{\"@type\":\"ReadAction\",\"target\":[\"https:\\\/\\\/www.lactissima.com\\\/a-tire-d-ailes\\\/greve-de-tetee\\\/\"]}]},{\"@type\":\"ImageObject\",\"inLanguage\":\"fr-FR\",\"@id\":\"https:\\\/\\\/www.lactissima.com\\\/a-tire-d-ailes\\\/greve-de-tetee\\\/#primaryimage\",\"url\":\"https:\\\/\\\/www.lactissima.com\\\/a-tire-d-ailes\\\/wp-content\\\/uploads\\\/2024\\\/02\\\/saint-nicolas2.jpg\",\"contentUrl\":\"https:\\\/\\\/www.lactissima.com\\\/a-tire-d-ailes\\\/wp-content\\\/uploads\\\/2024\\\/02\\\/saint-nicolas2.jpg\",\"width\":300,\"height\":229,\"caption\":\"Saint Nicolas refusant le lait de sa m\u00e8re, Extrait des Histoires de la vie de Saint Nicolas, d\u00e9tail de fresques romanes de style byzantin, fin du XIe si\u00e8cle, Chapelle de Saint Eldrad et Saint Nicolas, Abbaye de Novalesa, Pi\u00e9mont, Italie.\"},{\"@type\":\"BreadcrumbList\",\"@id\":\"https:\\\/\\\/www.lactissima.com\\\/a-tire-d-ailes\\\/greve-de-tetee\\\/#breadcrumb\",\"itemListElement\":[{\"@type\":\"ListItem\",\"position\":1,\"name\":\"Accueil\",\"item\":\"https:\\\/\\\/www.lactissima.com\\\/a-tire-d-ailes\\\/\"},{\"@type\":\"ListItem\",\"position\":2,\"name\":\"Gr\u00e8ve de t\u00e9t\u00e9e\"}]},{\"@type\":\"WebSite\",\"@id\":\"https:\\\/\\\/www.lactissima.com\\\/a-tire-d-ailes\\\/#website\",\"url\":\"https:\\\/\\\/www.lactissima.com\\\/a-tire-d-ailes\\\/\",\"name\":\"A tire d&#039;Ailes\",\"description\":\"Le blog des femmes qui allaitent et travaillent.\",\"potentialAction\":[{\"@type\":\"SearchAction\",\"target\":{\"@type\":\"EntryPoint\",\"urlTemplate\":\"https:\\\/\\\/www.lactissima.com\\\/a-tire-d-ailes\\\/?s={search_term_string}\"},\"query-input\":{\"@type\":\"PropertyValueSpecification\",\"valueRequired\":true,\"valueName\":\"search_term_string\"}}],\"inLanguage\":\"fr-FR\"},{\"@type\":\"Person\",\"@id\":\"https:\\\/\\\/www.lactissima.com\\\/a-tire-d-ailes\\\/#\\\/schema\\\/person\\\/8f98d3a89530861bc1240e6d53d44eed\",\"name\":\"V\u00e9ronique Darmangeat\",\"image\":{\"@type\":\"ImageObject\",\"inLanguage\":\"fr-FR\",\"@id\":\"https:\\\/\\\/secure.gravatar.com\\\/avatar\\\/268c99344c89cebfe4f5df5fa8be43068a18884fc76a29f3206fae98465b9cab?s=96&d=identicon&r=g\",\"url\":\"https:\\\/\\\/secure.gravatar.com\\\/avatar\\\/268c99344c89cebfe4f5df5fa8be43068a18884fc76a29f3206fae98465b9cab?s=96&d=identicon&r=g\",\"contentUrl\":\"https:\\\/\\\/secure.gravatar.com\\\/avatar\\\/268c99344c89cebfe4f5df5fa8be43068a18884fc76a29f3206fae98465b9cab?s=96&d=identicon&r=g\",\"caption\":\"V\u00e9ronique Darmangeat\"},\"sameAs\":[\"https:\\\/\\\/www.lactissima.com\\\/a-tire-d-ailes\",\"www.facebook.com\\\/consultante.en.lactation\"]}]}<\/script>\n<!-- \/ Yoast SEO plugin. -->","yoast_head_json":{"title":"Gr\u00e8ve de t\u00e9t\u00e9e","description":"Image : Saint Nicolas refusant le lait de sa m\u00e8re, Extrait des Histoires de la vie de Saint Nicolas, d\u00e9tail de fresques romanes de style byzantin, fin du Il arrive que certains enfants fassent une gr\u00e8ve de t\u00e9t\u00e9e qui peut parfois durer de longs jours, sachez qu'il existe des solutions.","robots":{"index":"index","follow":"follow","max-snippet":"max-snippet:-1","max-image-preview":"max-image-preview:large","max-video-preview":"max-video-preview:-1"},"canonical":"https:\/\/www.lactissima.com\/a-tire-d-ailes\/greve-de-tetee\/","og_locale":"fr_FR","og_type":"article","og_title":"Gr\u00e8ve de t\u00e9t\u00e9e","og_description":"Image : Saint Nicolas refusant le lait de sa m\u00e8re, Extrait des Histoires de la vie de Saint Nicolas, d\u00e9tail de fresques romanes de style byzantin, fin du Il arrive que certains enfants fassent une gr\u00e8ve de t\u00e9t\u00e9e qui peut parfois durer de longs jours, sachez qu'il existe des solutions.","og_url":"https:\/\/www.lactissima.com\/a-tire-d-ailes\/greve-de-tetee\/","og_site_name":"A tire d&#039;Ailes","article_publisher":"https:\/\/www.facebook.com\/consultante.en.lactation","article_author":"www.facebook.com\/consultante.en.lactation","article_published_time":"2024-02-08T13:59:37+00:00","og_image":[{"width":300,"height":229,"url":"https:\/\/www.lactissima.com\/a-tire-d-ailes\/wp-content\/uploads\/2024\/02\/saint-nicolas2.jpg","type":"image\/jpeg"}],"author":"V\u00e9ronique Darmangeat","twitter_card":"summary_large_image","twitter_creator":"@VeroniqueIBCLC","twitter_site":"@VeroniqueIBCLC","twitter_misc":{"\u00c9crit par":"V\u00e9ronique Darmangeat","Dur\u00e9e de lecture estim\u00e9e":"6 minutes"},"schema":{"@context":"https:\/\/schema.org","@graph":[{"@type":"Article","@id":"https:\/\/www.lactissima.com\/a-tire-d-ailes\/greve-de-tetee\/#article","isPartOf":{"@id":"https:\/\/www.lactissima.com\/a-tire-d-ailes\/greve-de-tetee\/"},"author":{"name":"V\u00e9ronique Darmangeat","@id":"https:\/\/www.lactissima.com\/a-tire-d-ailes\/#\/schema\/person\/8f98d3a89530861bc1240e6d53d44eed"},"headline":"Gr\u00e8ve de t\u00e9t\u00e9e","datePublished":"2024-02-08T13:59:37+00:00","mainEntityOfPage":{"@id":"https:\/\/www.lactissima.com\/a-tire-d-ailes\/greve-de-tetee\/"},"wordCount":1097,"commentCount":0,"image":{"@id":"https:\/\/www.lactissima.com\/a-tire-d-ailes\/greve-de-tetee\/#primaryimage"},"thumbnailUrl":"https:\/\/www.lactissima.com\/a-tire-d-ailes\/wp-content\/uploads\/2024\/02\/saint-nicolas2.jpg","articleSection":["Allaitement","Sevrage"],"inLanguage":"fr-FR","potentialAction":[{"@type":"CommentAction","name":"Comment","target":["https:\/\/www.lactissima.com\/a-tire-d-ailes\/greve-de-tetee\/#respond"]}]},{"@type":"WebPage","@id":"https:\/\/www.lactissima.com\/a-tire-d-ailes\/greve-de-tetee\/","url":"https:\/\/www.lactissima.com\/a-tire-d-ailes\/greve-de-tetee\/","name":"Gr\u00e8ve de t\u00e9t\u00e9e","isPartOf":{"@id":"https:\/\/www.lactissima.com\/a-tire-d-ailes\/#website"},"primaryImageOfPage":{"@id":"https:\/\/www.lactissima.com\/a-tire-d-ailes\/greve-de-tetee\/#primaryimage"},"image":{"@id":"https:\/\/www.lactissima.com\/a-tire-d-ailes\/greve-de-tetee\/#primaryimage"},"thumbnailUrl":"https:\/\/www.lactissima.com\/a-tire-d-ailes\/wp-content\/uploads\/2024\/02\/saint-nicolas2.jpg","datePublished":"2024-02-08T13:59:37+00:00","author":{"@id":"https:\/\/www.lactissima.com\/a-tire-d-ailes\/#\/schema\/person\/8f98d3a89530861bc1240e6d53d44eed"},"description":"Image : Saint Nicolas refusant le lait de sa m\u00e8re, Extrait des Histoires de la vie de Saint Nicolas, d\u00e9tail de fresques romanes de style byzantin, fin du Il arrive que certains enfants fassent une gr\u00e8ve de t\u00e9t\u00e9e qui peut parfois durer de longs jours, sachez qu'il existe des solutions.","breadcrumb":{"@id":"https:\/\/www.lactissima.com\/a-tire-d-ailes\/greve-de-tetee\/#breadcrumb"},"inLanguage":"fr-FR","potentialAction":[{"@type":"ReadAction","target":["https:\/\/www.lactissima.com\/a-tire-d-ailes\/greve-de-tetee\/"]}]},{"@type":"ImageObject","inLanguage":"fr-FR","@id":"https:\/\/www.lactissima.com\/a-tire-d-ailes\/greve-de-tetee\/#primaryimage","url":"https:\/\/www.lactissima.com\/a-tire-d-ailes\/wp-content\/uploads\/2024\/02\/saint-nicolas2.jpg","contentUrl":"https:\/\/www.lactissima.com\/a-tire-d-ailes\/wp-content\/uploads\/2024\/02\/saint-nicolas2.jpg","width":300,"height":229,"caption":"Saint Nicolas refusant le lait de sa m\u00e8re, Extrait des Histoires de la vie de Saint Nicolas, d\u00e9tail de fresques romanes de style byzantin, fin du XIe si\u00e8cle, Chapelle de Saint Eldrad et Saint Nicolas, Abbaye de Novalesa, Pi\u00e9mont, Italie."},{"@type":"BreadcrumbList","@id":"https:\/\/www.lactissima.com\/a-tire-d-ailes\/greve-de-tetee\/#breadcrumb","itemListElement":[{"@type":"ListItem","position":1,"name":"Accueil","item":"https:\/\/www.lactissima.com\/a-tire-d-ailes\/"},{"@type":"ListItem","position":2,"name":"Gr\u00e8ve de t\u00e9t\u00e9e"}]},{"@type":"WebSite","@id":"https:\/\/www.lactissima.com\/a-tire-d-ailes\/#website","url":"https:\/\/www.lactissima.com\/a-tire-d-ailes\/","name":"A tire d&#039;Ailes","description":"Le blog des femmes qui allaitent et travaillent.","potentialAction":[{"@type":"SearchAction","target":{"@type":"EntryPoint","urlTemplate":"https:\/\/www.lactissima.com\/a-tire-d-ailes\/?s={search_term_string}"},"query-input":{"@type":"PropertyValueSpecification","valueRequired":true,"valueName":"search_term_string"}}],"inLanguage":"fr-FR"},{"@type":"Person","@id":"https:\/\/www.lactissima.com\/a-tire-d-ailes\/#\/schema\/person\/8f98d3a89530861bc1240e6d53d44eed","name":"V\u00e9ronique Darmangeat","image":{"@type":"ImageObject","inLanguage":"fr-FR","@id":"https:\/\/secure.gravatar.com\/avatar\/268c99344c89cebfe4f5df5fa8be43068a18884fc76a29f3206fae98465b9cab?s=96&d=identicon&r=g","url":"https:\/\/secure.gravatar.com\/avatar\/268c99344c89cebfe4f5df5fa8be43068a18884fc76a29f3206fae98465b9cab?s=96&d=identicon&r=g","contentUrl":"https:\/\/secure.gravatar.com\/avatar\/268c99344c89cebfe4f5df5fa8be43068a18884fc76a29f3206fae98465b9cab?s=96&d=identicon&r=g","caption":"V\u00e9ronique Darmangeat"},"sameAs":["https:\/\/www.lactissima.com\/a-tire-d-ailes","www.facebook.com\/consultante.en.lactation"]}]}},"_links":{"self":[{"href":"https:\/\/www.lactissima.com\/a-tire-d-ailes\/wp-json\/wp\/v2\/posts\/9485","targetHints":{"allow":["GET"]}}],"collection":[{"href":"https:\/\/www.lactissima.com\/a-tire-d-ailes\/wp-json\/wp\/v2\/posts"}],"about":[{"href":"https:\/\/www.lactissima.com\/a-tire-d-ailes\/wp-json\/wp\/v2\/types\/post"}],"author":[{"embeddable":true,"href":"https:\/\/www.lactissima.com\/a-tire-d-ailes\/wp-json\/wp\/v2\/users\/170"}],"replies":[{"embeddable":true,"href":"https:\/\/www.lactissima.com\/a-tire-d-ailes\/wp-json\/wp\/v2\/comments?post=9485"}],"version-history":[{"count":6,"href":"https:\/\/www.lactissima.com\/a-tire-d-ailes\/wp-json\/wp\/v2\/posts\/9485\/revisions"}],"predecessor-version":[{"id":9493,"href":"https:\/\/www.lactissima.com\/a-tire-d-ailes\/wp-json\/wp\/v2\/posts\/9485\/revisions\/9493"}],"wp:featuredmedia":[{"embeddable":true,"href":"https:\/\/www.lactissima.com\/a-tire-d-ailes\/wp-json\/wp\/v2\/media\/9491"}],"wp:attachment":[{"href":"https:\/\/www.lactissima.com\/a-tire-d-ailes\/wp-json\/wp\/v2\/media?parent=9485"}],"wp:term":[{"taxonomy":"category","embeddable":true,"href":"https:\/\/www.lactissima.com\/a-tire-d-ailes\/wp-json\/wp\/v2\/categories?post=9485"},{"taxonomy":"post_tag","embeddable":true,"href":"https:\/\/www.lactissima.com\/a-tire-d-ailes\/wp-json\/wp\/v2\/tags?post=9485"}],"curies":[{"name":"wp","href":"https:\/\/api.w.org\/{rel}","templated":true}]}}