{"id":9443,"date":"2023-11-09T11:50:44","date_gmt":"2023-11-09T10:50:44","guid":{"rendered":"https:\/\/www.lactissima.com\/a-tire-d-ailes\/?p=9443"},"modified":"2023-11-09T11:50:44","modified_gmt":"2023-11-09T10:50:44","slug":"une-salle-de-lactation-au-ministere-de-linterieur-et-des-outre-mer","status":"publish","type":"post","link":"https:\/\/www.lactissima.com\/a-tire-d-ailes\/une-salle-de-lactation-au-ministere-de-linterieur-et-des-outre-mer\/","title":{"rendered":"Une salle de lactation au minist\u00e8re de l&rsquo;Int\u00e9rieur et des Outre-mer"},"content":{"rendered":"<p style=\"text-align: justify;\">Je suis tr\u00e8s heureuse de la concr\u00e9tisation de ce projet que je porte depuis de longs mois avec mon cabinet <span style=\"text-decoration: underline;\"><strong><span style=\"color: #ff9900;\"><a style=\"color: #ff9900; text-decoration: underline;\" href=\"https:\/\/www.lactissima.com\/\">Lactissima<\/a><\/span><\/strong><\/span> :<br \/>\nLe site Lumi\u00e8re du Minist\u00e8re de l&rsquo;Int\u00e9rieur et des Outre-mer met \u00e0 la disposition de ses agents une <strong>salle de lactation<\/strong>.<\/p>\n<p style=\"text-align: justify;\">Ce projet s&rsquo;accompagne d&rsquo;actions compl\u00e9mentaires :<br \/>\n&#8211; Des <strong>vid\u00e9os<\/strong> d&rsquo;accompagnement mises \u00e0 la disposition des femmes.<br \/>\n&#8211; De la <strong>documentation<\/strong> technique.<br \/>\n&#8211; Un agenda interne pour permettre \u00e0 chacune de r\u00e9server une cabine de la salle de lactation.<br \/>\n&#8211; De l&rsquo;information pour <strong>l&rsquo;encadrement<\/strong> : des sessions ont \u00e9t\u00e9 organis\u00e9es en pr\u00e9sentiel et des documents ont \u00e9t\u00e9 cr\u00e9\u00e9s pour les aider au quotidien.<br \/>\n&#8211; J&rsquo;ai anim\u00e9 une <strong>conf\u00e9rence<\/strong> pour le personnel : informer les femmes concern\u00e9es et sensibiliser tous les agents.<br \/>\n&#8211; Des <strong>webinaires<\/strong> pour que le sujet puisse essaimer au sein des autres entit\u00e9s du minist\u00e8re.<\/p>\n<p style=\"text-align: justify;\">Ce site est un site pilote qui permettra d&rsquo;adapter le projet en fonction des retours des femmes et l&rsquo;\u00e9tendre aux autres sites du minist\u00e8re.<\/p>\n<p style=\"text-align: justify;\">Je suis impatiente de connaitre la suite de l&rsquo;utilisation de cette salle.<\/p>\n<p style=\"text-align: justify;\">Et <strong>vous<\/strong>, disposez-vous d&rsquo;une salle d&rsquo;allaitement sur votre lieu de travail ? Qu&rsquo;en pensez-vous ?<\/p>\n<p>&nbsp;<\/p>\n<div class='et-box et-shadow'>\n\t\t\t\t\t<div class='et-box-content'>Lire des articles ou poser des questions en commentaire ne suffit pas \u00e0 r\u00e9soudre votre probl\u00e8me ? Savez-vous que vous pouvez prendre RDV pour une consultation avec moi ? N&rsquo;h\u00e9sitez pas \u00e0 me contacter !<\/div><\/div>\n","protected":false},"excerpt":{"rendered":"<p>Je suis tr\u00e8s heureuse de la concr\u00e9tisation de ce projet que je porte depuis de longs mois avec mon cabinet Lactissima : Le site Lumi\u00e8re du Minist\u00e8re de l&rsquo;Int\u00e9rieur et des Outre-mer met \u00e0 la disposition de ses agents une salle de lactation. Ce projet s&rsquo;accompagne d&rsquo;actions compl\u00e9mentaires : &#8211; Des vid\u00e9os d&rsquo;accompagnement mises \u00e0 [&hellip;]<\/p>\n","protected":false},"author":170,"featured_media":9444,"comment_status":"open","ping_status":"open","sticky":false,"template":"","format":"standard","meta":{"_et_pb_use_builder":"","_et_pb_old_content":"","_et_gb_content_width":"","footnotes":""},"categories":[34],"tags":[],"class_list":["post-9443","post","type-post","status-publish","format-standard","has-post-thumbnail","hentry","category-actualites"],"yoast_head":"<!-- This site is optimized with the Yoast SEO plugin v27.4 - https:\/\/yoast.com\/product\/yoast-seo-wordpress\/ -->\n<title>Une salle de lactation au minist\u00e8re de l&#039;Int\u00e9rieur et des Outre-mer<\/title>\n<meta name=\"description\" content=\"Je suis tr\u00e8s heureuse de la concr\u00e9tisation de ce projet que je porte depuis de longs mois avec mon cabinet Lactissima : Le site Lumi\u00e8re du Minist\u00e8re de Le minist\u00e8re de l&#039;Int\u00e9rieur et des Outre-mer propose d\u00e9sormais une salle de lactation pour ses agents sur le site Lumi\u00e8re.\" \/>\n<meta name=\"robots\" content=\"index, follow, max-snippet:-1, max-image-preview:large, max-video-preview:-1\" \/>\n<link rel=\"canonical\" href=\"https:\/\/www.lactissima.com\/a-tire-d-ailes\/une-salle-de-lactation-au-ministere-de-linterieur-et-des-outre-mer\/\" \/>\n<meta property=\"og:locale\" content=\"fr_FR\" \/>\n<meta property=\"og:type\" content=\"article\" \/>\n<meta property=\"og:title\" content=\"Une salle de lactation au minist\u00e8re de l&#039;Int\u00e9rieur et des Outre-mer\" \/>\n<meta property=\"og:description\" content=\"Je suis tr\u00e8s heureuse de la concr\u00e9tisation de ce projet que je porte depuis de longs mois avec mon cabinet Lactissima : Le site Lumi\u00e8re du Minist\u00e8re de Le minist\u00e8re de l&#039;Int\u00e9rieur et des Outre-mer propose d\u00e9sormais une salle de lactation pour ses agents sur le site Lumi\u00e8re.\" \/>\n<meta property=\"og:url\" content=\"https:\/\/www.lactissima.com\/a-tire-d-ailes\/une-salle-de-lactation-au-ministere-de-linterieur-et-des-outre-mer\/\" \/>\n<meta property=\"og:site_name\" content=\"A tire d&#039;Ailes\" \/>\n<meta property=\"article:publisher\" content=\"https:\/\/www.facebook.com\/consultante.en.lactation\" \/>\n<meta property=\"article:author\" content=\"www.facebook.com\/consultante.en.lactation\" \/>\n<meta property=\"article:published_time\" content=\"2023-11-09T10:50:44+00:00\" \/>\n<meta property=\"og:image\" content=\"https:\/\/www.lactissima.com\/a-tire-d-ailes\/wp-content\/uploads\/2023\/11\/IMG-20231108-WA0008.jpg\" \/>\n\t<meta property=\"og:image:width\" content=\"768\" \/>\n\t<meta property=\"og:image:height\" content=\"1024\" \/>\n\t<meta property=\"og:image:type\" content=\"image\/jpeg\" \/>\n<meta name=\"author\" content=\"V\u00e9ronique Darmangeat\" \/>\n<meta name=\"twitter:card\" content=\"summary_large_image\" \/>\n<meta name=\"twitter:creator\" content=\"@VeroniqueIBCLC\" \/>\n<meta name=\"twitter:site\" content=\"@VeroniqueIBCLC\" \/>\n<meta name=\"twitter:label1\" content=\"\u00c9crit par\" \/>\n\t<meta name=\"twitter:data1\" content=\"V\u00e9ronique Darmangeat\" \/>\n\t<meta name=\"twitter:label2\" content=\"Dur\u00e9e de lecture estim\u00e9e\" \/>\n\t<meta name=\"twitter:data2\" content=\"2 minutes\" \/>\n<script type=\"application\/ld+json\" class=\"yoast-schema-graph\">{\"@context\":\"https:\\\/\\\/schema.org\",\"@graph\":[{\"@type\":\"Article\",\"@id\":\"https:\\\/\\\/www.lactissima.com\\\/a-tire-d-ailes\\\/une-salle-de-lactation-au-ministere-de-linterieur-et-des-outre-mer\\\/#article\",\"isPartOf\":{\"@id\":\"https:\\\/\\\/www.lactissima.com\\\/a-tire-d-ailes\\\/une-salle-de-lactation-au-ministere-de-linterieur-et-des-outre-mer\\\/\"},\"author\":{\"name\":\"V\u00e9ronique Darmangeat\",\"@id\":\"https:\\\/\\\/www.lactissima.com\\\/a-tire-d-ailes\\\/#\\\/schema\\\/person\\\/8f98d3a89530861bc1240e6d53d44eed\"},\"headline\":\"Une salle de lactation au minist\u00e8re de l&rsquo;Int\u00e9rieur et des Outre-mer\",\"datePublished\":\"2023-11-09T10:50:44+00:00\",\"mainEntityOfPage\":{\"@id\":\"https:\\\/\\\/www.lactissima.com\\\/a-tire-d-ailes\\\/une-salle-de-lactation-au-ministere-de-linterieur-et-des-outre-mer\\\/\"},\"wordCount\":261,\"commentCount\":1,\"image\":{\"@id\":\"https:\\\/\\\/www.lactissima.com\\\/a-tire-d-ailes\\\/une-salle-de-lactation-au-ministere-de-linterieur-et-des-outre-mer\\\/#primaryimage\"},\"thumbnailUrl\":\"https:\\\/\\\/www.lactissima.com\\\/a-tire-d-ailes\\\/wp-content\\\/uploads\\\/2023\\\/11\\\/IMG-20231108-WA0008.jpg\",\"articleSection\":[\"Actualit\u00e9s\"],\"inLanguage\":\"fr-FR\",\"potentialAction\":[{\"@type\":\"CommentAction\",\"name\":\"Comment\",\"target\":[\"https:\\\/\\\/www.lactissima.com\\\/a-tire-d-ailes\\\/une-salle-de-lactation-au-ministere-de-linterieur-et-des-outre-mer\\\/#respond\"]}]},{\"@type\":\"WebPage\",\"@id\":\"https:\\\/\\\/www.lactissima.com\\\/a-tire-d-ailes\\\/une-salle-de-lactation-au-ministere-de-linterieur-et-des-outre-mer\\\/\",\"url\":\"https:\\\/\\\/www.lactissima.com\\\/a-tire-d-ailes\\\/une-salle-de-lactation-au-ministere-de-linterieur-et-des-outre-mer\\\/\",\"name\":\"Une salle de lactation au minist\u00e8re de l'Int\u00e9rieur et des Outre-mer\",\"isPartOf\":{\"@id\":\"https:\\\/\\\/www.lactissima.com\\\/a-tire-d-ailes\\\/#website\"},\"primaryImageOfPage\":{\"@id\":\"https:\\\/\\\/www.lactissima.com\\\/a-tire-d-ailes\\\/une-salle-de-lactation-au-ministere-de-linterieur-et-des-outre-mer\\\/#primaryimage\"},\"image\":{\"@id\":\"https:\\\/\\\/www.lactissima.com\\\/a-tire-d-ailes\\\/une-salle-de-lactation-au-ministere-de-linterieur-et-des-outre-mer\\\/#primaryimage\"},\"thumbnailUrl\":\"https:\\\/\\\/www.lactissima.com\\\/a-tire-d-ailes\\\/wp-content\\\/uploads\\\/2023\\\/11\\\/IMG-20231108-WA0008.jpg\",\"datePublished\":\"2023-11-09T10:50:44+00:00\",\"author\":{\"@id\":\"https:\\\/\\\/www.lactissima.com\\\/a-tire-d-ailes\\\/#\\\/schema\\\/person\\\/8f98d3a89530861bc1240e6d53d44eed\"},\"description\":\"Je suis tr\u00e8s heureuse de la concr\u00e9tisation de ce projet que je porte depuis de longs mois avec mon cabinet Lactissima : Le site Lumi\u00e8re du Minist\u00e8re de Le minist\u00e8re de l'Int\u00e9rieur et des Outre-mer propose d\u00e9sormais une salle de lactation pour ses agents sur le site Lumi\u00e8re.\",\"breadcrumb\":{\"@id\":\"https:\\\/\\\/www.lactissima.com\\\/a-tire-d-ailes\\\/une-salle-de-lactation-au-ministere-de-linterieur-et-des-outre-mer\\\/#breadcrumb\"},\"inLanguage\":\"fr-FR\",\"potentialAction\":[{\"@type\":\"ReadAction\",\"target\":[\"https:\\\/\\\/www.lactissima.com\\\/a-tire-d-ailes\\\/une-salle-de-lactation-au-ministere-de-linterieur-et-des-outre-mer\\\/\"]}]},{\"@type\":\"ImageObject\",\"inLanguage\":\"fr-FR\",\"@id\":\"https:\\\/\\\/www.lactissima.com\\\/a-tire-d-ailes\\\/une-salle-de-lactation-au-ministere-de-linterieur-et-des-outre-mer\\\/#primaryimage\",\"url\":\"https:\\\/\\\/www.lactissima.com\\\/a-tire-d-ailes\\\/wp-content\\\/uploads\\\/2023\\\/11\\\/IMG-20231108-WA0008.jpg\",\"contentUrl\":\"https:\\\/\\\/www.lactissima.com\\\/a-tire-d-ailes\\\/wp-content\\\/uploads\\\/2023\\\/11\\\/IMG-20231108-WA0008.jpg\",\"width\":768,\"height\":1024,\"caption\":\"salle de lactation\"},{\"@type\":\"BreadcrumbList\",\"@id\":\"https:\\\/\\\/www.lactissima.com\\\/a-tire-d-ailes\\\/une-salle-de-lactation-au-ministere-de-linterieur-et-des-outre-mer\\\/#breadcrumb\",\"itemListElement\":[{\"@type\":\"ListItem\",\"position\":1,\"name\":\"Accueil\",\"item\":\"https:\\\/\\\/www.lactissima.com\\\/a-tire-d-ailes\\\/\"},{\"@type\":\"ListItem\",\"position\":2,\"name\":\"Une salle de lactation au minist\u00e8re de l&rsquo;Int\u00e9rieur et des Outre-mer\"}]},{\"@type\":\"WebSite\",\"@id\":\"https:\\\/\\\/www.lactissima.com\\\/a-tire-d-ailes\\\/#website\",\"url\":\"https:\\\/\\\/www.lactissima.com\\\/a-tire-d-ailes\\\/\",\"name\":\"A tire d&#039;Ailes\",\"description\":\"Le blog des femmes qui allaitent et travaillent.\",\"potentialAction\":[{\"@type\":\"SearchAction\",\"target\":{\"@type\":\"EntryPoint\",\"urlTemplate\":\"https:\\\/\\\/www.lactissima.com\\\/a-tire-d-ailes\\\/?s={search_term_string}\"},\"query-input\":{\"@type\":\"PropertyValueSpecification\",\"valueRequired\":true,\"valueName\":\"search_term_string\"}}],\"inLanguage\":\"fr-FR\"},{\"@type\":\"Person\",\"@id\":\"https:\\\/\\\/www.lactissima.com\\\/a-tire-d-ailes\\\/#\\\/schema\\\/person\\\/8f98d3a89530861bc1240e6d53d44eed\",\"name\":\"V\u00e9ronique Darmangeat\",\"image\":{\"@type\":\"ImageObject\",\"inLanguage\":\"fr-FR\",\"@id\":\"https:\\\/\\\/secure.gravatar.com\\\/avatar\\\/268c99344c89cebfe4f5df5fa8be43068a18884fc76a29f3206fae98465b9cab?s=96&d=identicon&r=g\",\"url\":\"https:\\\/\\\/secure.gravatar.com\\\/avatar\\\/268c99344c89cebfe4f5df5fa8be43068a18884fc76a29f3206fae98465b9cab?s=96&d=identicon&r=g\",\"contentUrl\":\"https:\\\/\\\/secure.gravatar.com\\\/avatar\\\/268c99344c89cebfe4f5df5fa8be43068a18884fc76a29f3206fae98465b9cab?s=96&d=identicon&r=g\",\"caption\":\"V\u00e9ronique Darmangeat\"},\"sameAs\":[\"https:\\\/\\\/www.lactissima.com\\\/a-tire-d-ailes\",\"www.facebook.com\\\/consultante.en.lactation\"]}]}<\/script>\n<!-- \/ Yoast SEO plugin. -->","yoast_head_json":{"title":"Une salle de lactation au minist\u00e8re de l'Int\u00e9rieur et des Outre-mer","description":"Je suis tr\u00e8s heureuse de la concr\u00e9tisation de ce projet que je porte depuis de longs mois avec mon cabinet Lactissima : Le site Lumi\u00e8re du Minist\u00e8re de Le minist\u00e8re de l'Int\u00e9rieur et des Outre-mer propose d\u00e9sormais une salle de lactation pour ses agents sur le site Lumi\u00e8re.","robots":{"index":"index","follow":"follow","max-snippet":"max-snippet:-1","max-image-preview":"max-image-preview:large","max-video-preview":"max-video-preview:-1"},"canonical":"https:\/\/www.lactissima.com\/a-tire-d-ailes\/une-salle-de-lactation-au-ministere-de-linterieur-et-des-outre-mer\/","og_locale":"fr_FR","og_type":"article","og_title":"Une salle de lactation au minist\u00e8re de l'Int\u00e9rieur et des Outre-mer","og_description":"Je suis tr\u00e8s heureuse de la concr\u00e9tisation de ce projet que je porte depuis de longs mois avec mon cabinet Lactissima : Le site Lumi\u00e8re du Minist\u00e8re de Le minist\u00e8re de l'Int\u00e9rieur et des Outre-mer propose d\u00e9sormais une salle de lactation pour ses agents sur le site Lumi\u00e8re.","og_url":"https:\/\/www.lactissima.com\/a-tire-d-ailes\/une-salle-de-lactation-au-ministere-de-linterieur-et-des-outre-mer\/","og_site_name":"A tire d&#039;Ailes","article_publisher":"https:\/\/www.facebook.com\/consultante.en.lactation","article_author":"www.facebook.com\/consultante.en.lactation","article_published_time":"2023-11-09T10:50:44+00:00","og_image":[{"width":768,"height":1024,"url":"https:\/\/www.lactissima.com\/a-tire-d-ailes\/wp-content\/uploads\/2023\/11\/IMG-20231108-WA0008.jpg","type":"image\/jpeg"}],"author":"V\u00e9ronique Darmangeat","twitter_card":"summary_large_image","twitter_creator":"@VeroniqueIBCLC","twitter_site":"@VeroniqueIBCLC","twitter_misc":{"\u00c9crit par":"V\u00e9ronique Darmangeat","Dur\u00e9e de lecture estim\u00e9e":"2 minutes"},"schema":{"@context":"https:\/\/schema.org","@graph":[{"@type":"Article","@id":"https:\/\/www.lactissima.com\/a-tire-d-ailes\/une-salle-de-lactation-au-ministere-de-linterieur-et-des-outre-mer\/#article","isPartOf":{"@id":"https:\/\/www.lactissima.com\/a-tire-d-ailes\/une-salle-de-lactation-au-ministere-de-linterieur-et-des-outre-mer\/"},"author":{"name":"V\u00e9ronique Darmangeat","@id":"https:\/\/www.lactissima.com\/a-tire-d-ailes\/#\/schema\/person\/8f98d3a89530861bc1240e6d53d44eed"},"headline":"Une salle de lactation au minist\u00e8re de l&rsquo;Int\u00e9rieur et des Outre-mer","datePublished":"2023-11-09T10:50:44+00:00","mainEntityOfPage":{"@id":"https:\/\/www.lactissima.com\/a-tire-d-ailes\/une-salle-de-lactation-au-ministere-de-linterieur-et-des-outre-mer\/"},"wordCount":261,"commentCount":1,"image":{"@id":"https:\/\/www.lactissima.com\/a-tire-d-ailes\/une-salle-de-lactation-au-ministere-de-linterieur-et-des-outre-mer\/#primaryimage"},"thumbnailUrl":"https:\/\/www.lactissima.com\/a-tire-d-ailes\/wp-content\/uploads\/2023\/11\/IMG-20231108-WA0008.jpg","articleSection":["Actualit\u00e9s"],"inLanguage":"fr-FR","potentialAction":[{"@type":"CommentAction","name":"Comment","target":["https:\/\/www.lactissima.com\/a-tire-d-ailes\/une-salle-de-lactation-au-ministere-de-linterieur-et-des-outre-mer\/#respond"]}]},{"@type":"WebPage","@id":"https:\/\/www.lactissima.com\/a-tire-d-ailes\/une-salle-de-lactation-au-ministere-de-linterieur-et-des-outre-mer\/","url":"https:\/\/www.lactissima.com\/a-tire-d-ailes\/une-salle-de-lactation-au-ministere-de-linterieur-et-des-outre-mer\/","name":"Une salle de lactation au minist\u00e8re de l'Int\u00e9rieur et des Outre-mer","isPartOf":{"@id":"https:\/\/www.lactissima.com\/a-tire-d-ailes\/#website"},"primaryImageOfPage":{"@id":"https:\/\/www.lactissima.com\/a-tire-d-ailes\/une-salle-de-lactation-au-ministere-de-linterieur-et-des-outre-mer\/#primaryimage"},"image":{"@id":"https:\/\/www.lactissima.com\/a-tire-d-ailes\/une-salle-de-lactation-au-ministere-de-linterieur-et-des-outre-mer\/#primaryimage"},"thumbnailUrl":"https:\/\/www.lactissima.com\/a-tire-d-ailes\/wp-content\/uploads\/2023\/11\/IMG-20231108-WA0008.jpg","datePublished":"2023-11-09T10:50:44+00:00","author":{"@id":"https:\/\/www.lactissima.com\/a-tire-d-ailes\/#\/schema\/person\/8f98d3a89530861bc1240e6d53d44eed"},"description":"Je suis tr\u00e8s heureuse de la concr\u00e9tisation de ce projet que je porte depuis de longs mois avec mon cabinet Lactissima : Le site Lumi\u00e8re du Minist\u00e8re de Le minist\u00e8re de l'Int\u00e9rieur et des Outre-mer propose d\u00e9sormais une salle de lactation pour ses agents sur le site Lumi\u00e8re.","breadcrumb":{"@id":"https:\/\/www.lactissima.com\/a-tire-d-ailes\/une-salle-de-lactation-au-ministere-de-linterieur-et-des-outre-mer\/#breadcrumb"},"inLanguage":"fr-FR","potentialAction":[{"@type":"ReadAction","target":["https:\/\/www.lactissima.com\/a-tire-d-ailes\/une-salle-de-lactation-au-ministere-de-linterieur-et-des-outre-mer\/"]}]},{"@type":"ImageObject","inLanguage":"fr-FR","@id":"https:\/\/www.lactissima.com\/a-tire-d-ailes\/une-salle-de-lactation-au-ministere-de-linterieur-et-des-outre-mer\/#primaryimage","url":"https:\/\/www.lactissima.com\/a-tire-d-ailes\/wp-content\/uploads\/2023\/11\/IMG-20231108-WA0008.jpg","contentUrl":"https:\/\/www.lactissima.com\/a-tire-d-ailes\/wp-content\/uploads\/2023\/11\/IMG-20231108-WA0008.jpg","width":768,"height":1024,"caption":"salle de lactation"},{"@type":"BreadcrumbList","@id":"https:\/\/www.lactissima.com\/a-tire-d-ailes\/une-salle-de-lactation-au-ministere-de-linterieur-et-des-outre-mer\/#breadcrumb","itemListElement":[{"@type":"ListItem","position":1,"name":"Accueil","item":"https:\/\/www.lactissima.com\/a-tire-d-ailes\/"},{"@type":"ListItem","position":2,"name":"Une salle de lactation au minist\u00e8re de l&rsquo;Int\u00e9rieur et des Outre-mer"}]},{"@type":"WebSite","@id":"https:\/\/www.lactissima.com\/a-tire-d-ailes\/#website","url":"https:\/\/www.lactissima.com\/a-tire-d-ailes\/","name":"A tire d&#039;Ailes","description":"Le blog des femmes qui allaitent et travaillent.","potentialAction":[{"@type":"SearchAction","target":{"@type":"EntryPoint","urlTemplate":"https:\/\/www.lactissima.com\/a-tire-d-ailes\/?s={search_term_string}"},"query-input":{"@type":"PropertyValueSpecification","valueRequired":true,"valueName":"search_term_string"}}],"inLanguage":"fr-FR"},{"@type":"Person","@id":"https:\/\/www.lactissima.com\/a-tire-d-ailes\/#\/schema\/person\/8f98d3a89530861bc1240e6d53d44eed","name":"V\u00e9ronique Darmangeat","image":{"@type":"ImageObject","inLanguage":"fr-FR","@id":"https:\/\/secure.gravatar.com\/avatar\/268c99344c89cebfe4f5df5fa8be43068a18884fc76a29f3206fae98465b9cab?s=96&d=identicon&r=g","url":"https:\/\/secure.gravatar.com\/avatar\/268c99344c89cebfe4f5df5fa8be43068a18884fc76a29f3206fae98465b9cab?s=96&d=identicon&r=g","contentUrl":"https:\/\/secure.gravatar.com\/avatar\/268c99344c89cebfe4f5df5fa8be43068a18884fc76a29f3206fae98465b9cab?s=96&d=identicon&r=g","caption":"V\u00e9ronique Darmangeat"},"sameAs":["https:\/\/www.lactissima.com\/a-tire-d-ailes","www.facebook.com\/consultante.en.lactation"]}]}},"_links":{"self":[{"href":"https:\/\/www.lactissima.com\/a-tire-d-ailes\/wp-json\/wp\/v2\/posts\/9443","targetHints":{"allow":["GET"]}}],"collection":[{"href":"https:\/\/www.lactissima.com\/a-tire-d-ailes\/wp-json\/wp\/v2\/posts"}],"about":[{"href":"https:\/\/www.lactissima.com\/a-tire-d-ailes\/wp-json\/wp\/v2\/types\/post"}],"author":[{"embeddable":true,"href":"https:\/\/www.lactissima.com\/a-tire-d-ailes\/wp-json\/wp\/v2\/users\/170"}],"replies":[{"embeddable":true,"href":"https:\/\/www.lactissima.com\/a-tire-d-ailes\/wp-json\/wp\/v2\/comments?post=9443"}],"version-history":[{"count":3,"href":"https:\/\/www.lactissima.com\/a-tire-d-ailes\/wp-json\/wp\/v2\/posts\/9443\/revisions"}],"predecessor-version":[{"id":9447,"href":"https:\/\/www.lactissima.com\/a-tire-d-ailes\/wp-json\/wp\/v2\/posts\/9443\/revisions\/9447"}],"wp:featuredmedia":[{"embeddable":true,"href":"https:\/\/www.lactissima.com\/a-tire-d-ailes\/wp-json\/wp\/v2\/media\/9444"}],"wp:attachment":[{"href":"https:\/\/www.lactissima.com\/a-tire-d-ailes\/wp-json\/wp\/v2\/media?parent=9443"}],"wp:term":[{"taxonomy":"category","embeddable":true,"href":"https:\/\/www.lactissima.com\/a-tire-d-ailes\/wp-json\/wp\/v2\/categories?post=9443"},{"taxonomy":"post_tag","embeddable":true,"href":"https:\/\/www.lactissima.com\/a-tire-d-ailes\/wp-json\/wp\/v2\/tags?post=9443"}],"curies":[{"name":"wp","href":"https:\/\/api.w.org\/{rel}","templated":true}]}}