{"id":9423,"date":"2023-10-05T11:04:42","date_gmt":"2023-10-05T09:04:42","guid":{"rendered":"https:\/\/www.lactissima.com\/a-tire-d-ailes\/?p=9423"},"modified":"2024-09-09T10:34:46","modified_gmt":"2024-09-09T08:34:46","slug":"luniversite-de-rennes-ouvre-une-salle-dallaitement","status":"publish","type":"post","link":"https:\/\/www.lactissima.com\/a-tire-d-ailes\/luniversite-de-rennes-ouvre-une-salle-dallaitement\/","title":{"rendered":"L&rsquo;Universit\u00e9 de Rennes ouvre une salle d&rsquo;allaitement"},"content":{"rendered":"<p style=\"text-align: justify;\">Au sujet de la salle d&rsquo;allaitement, Campus matin indique : \u00ab\u00a0L\u2019Universit\u00e9 de Rennes a inaugur\u00e9 en juillet un tiers-lieu exp\u00e9rimental consacr\u00e9 \u00e0 la parentalit\u00e9. Un local qui permet aux m\u00e8res allaitantes de tirer leur lait et \u00e0 tous les personnels de l\u2019\u00e9tablissement d\u2019\u00e9changer sur l\u2019\u00e9quilibre entre vie professionnelle et parentalit\u00e9.\u00a0\u00bb<\/p>\n<p style=\"text-align: justify;\">Ce qui me plait dans ce concept, c&rsquo;est que l&rsquo;allaitement est int\u00e9gr\u00e9 dans une <strong>articulation vie familiale\/vie professionnelle<\/strong> et que ce lieu est ouvert \u00e0 tous les salari\u00e9s parents.<br \/>\nL&rsquo;allaitement n&rsquo;est plus mis \u00e0 part mais fait partie de la parentalit\u00e9 au m\u00eame titre que les \u00e9changes n\u00e9cessaires entre parents.<\/p>\n<p style=\"text-align: justify;\">Le but est de pouvoir \u00e9tendre l&rsquo;acc\u00e8s \u00e0 la salle d&rsquo;allaitement aux \u00e9tudiantes qui en ont besoin.<\/p>\n<p style=\"text-align: justify;\">Vous trouverez un reportage de pr\u00e9sentation sur <span style=\"text-decoration: underline;\">TVR Soir<\/span> \u00e0 la minute 2:22.<\/p>\n<p style=\"text-align: justify;\">L&rsquo;Apart\u00e9 est situ\u00e9 au rez-de-chauss\u00e9e du b\u00e2timent 28 du campus Beaulieu, \u00e0 Rennes.<br \/>\nLes locaux sont accessibles par l\u2019entr\u00e9e Ouest, en face de la caf\u00e9t\u00e9ria du 27, le lieu se compose de deux espaces :<br \/>\n&#8211; Un espace de convivialit\u00e9, d\u2019\u00e9change et de repos ouvert dans un premier temps les jeudis midi entre 12h et 13h45 pour les midis de la parentalit\u00e9 (micro-onde et \u00e9vier sur place).<br \/>\n&#8211; Un espace pour tirer son lait \u00e9quip\u00e9 d\u2019un frigo et d\u2019un \u00e9vier ; accessible par une entr\u00e9e d\u00e9di\u00e9e avec une boite \u00e0 cl\u00e9 dont le code est fourni sur demande.<\/p>\n<p style=\"text-align: justify;\">Et <strong>vous<\/strong>, avez-vous exp\u00e9riment\u00e9 ce lieu ? Faites-nous votre retour !<\/p>\n<p>&nbsp;<\/p>\n<div class='et-box et-shadow'>\n\t\t\t\t\t<div class='et-box-content'>Lire des articles ou poser des questions en commentaire ne suffit pas \u00e0 r\u00e9soudre votre probl\u00e8me ? Savez-vous que vous pouvez prendre RDV pour une consultation avec moi ? N&rsquo;h\u00e9sitez pas \u00e0 me contacter !<\/div><\/div>\n","protected":false},"excerpt":{"rendered":"<p>Au sujet de la salle d&rsquo;allaitement, Campus matin indique : \u00ab\u00a0L\u2019Universit\u00e9 de Rennes a inaugur\u00e9 en juillet un tiers-lieu exp\u00e9rimental consacr\u00e9 \u00e0 la parentalit\u00e9. Un local qui permet aux m\u00e8res allaitantes de tirer leur lait et \u00e0 tous les personnels de l\u2019\u00e9tablissement d\u2019\u00e9changer sur l\u2019\u00e9quilibre entre vie professionnelle et parentalit\u00e9.\u00a0\u00bb Ce qui me plait dans [&hellip;]<\/p>\n","protected":false},"author":170,"featured_media":9424,"comment_status":"open","ping_status":"open","sticky":false,"template":"","format":"standard","meta":{"_et_pb_use_builder":"","_et_pb_old_content":"","_et_gb_content_width":"","footnotes":""},"categories":[34],"tags":[],"class_list":["post-9423","post","type-post","status-publish","format-standard","has-post-thumbnail","hentry","category-actualites"],"yoast_head":"<!-- This site is optimized with the Yoast SEO plugin v27.4 - https:\/\/yoast.com\/product\/yoast-seo-wordpress\/ -->\n<title>L&#039;Universit\u00e9 de Rennes ouvre une salle d&#039;allaitement<\/title>\n<meta name=\"description\" content=\"Au sujet de la salle d&#039;allaitement, Campus matin indique : &quot;L\u2019Universit\u00e9 de Rennes a inaugur\u00e9 en juillet un tiers-lieu exp\u00e9rimental consacr\u00e9 \u00e0 la Une salle d&#039;allaitement et un espace d&#039;\u00e9changes entre parents salari\u00e9s ouvre \u00e0 l&#039;universit\u00e9 de Rennes.\" \/>\n<meta name=\"robots\" content=\"index, follow, max-snippet:-1, max-image-preview:large, max-video-preview:-1\" \/>\n<link rel=\"canonical\" href=\"https:\/\/www.lactissima.com\/a-tire-d-ailes\/luniversite-de-rennes-ouvre-une-salle-dallaitement\/\" \/>\n<meta property=\"og:locale\" content=\"fr_FR\" \/>\n<meta property=\"og:type\" content=\"article\" \/>\n<meta property=\"og:title\" content=\"L&#039;Universit\u00e9 de Rennes ouvre une salle d&#039;allaitement\" \/>\n<meta property=\"og:description\" content=\"Au sujet de la salle d&#039;allaitement, Campus matin indique : &quot;L\u2019Universit\u00e9 de Rennes a inaugur\u00e9 en juillet un tiers-lieu exp\u00e9rimental consacr\u00e9 \u00e0 la Une salle d&#039;allaitement et un espace d&#039;\u00e9changes entre parents salari\u00e9s ouvre \u00e0 l&#039;universit\u00e9 de Rennes.\" \/>\n<meta property=\"og:url\" content=\"https:\/\/www.lactissima.com\/a-tire-d-ailes\/luniversite-de-rennes-ouvre-une-salle-dallaitement\/\" \/>\n<meta property=\"og:site_name\" content=\"A tire d&#039;Ailes\" \/>\n<meta property=\"article:publisher\" content=\"https:\/\/www.facebook.com\/consultante.en.lactation\" \/>\n<meta property=\"article:author\" content=\"www.facebook.com\/consultante.en.lactation\" \/>\n<meta property=\"article:published_time\" content=\"2023-10-05T09:04:42+00:00\" \/>\n<meta property=\"article:modified_time\" content=\"2024-09-09T08:34:46+00:00\" \/>\n<meta property=\"og:image\" content=\"https:\/\/www.lactissima.com\/a-tire-d-ailes\/wp-content\/uploads\/2023\/10\/Capture-decran-2023-10-05-105410.png\" \/>\n\t<meta property=\"og:image:width\" content=\"1043\" \/>\n\t<meta property=\"og:image:height\" content=\"592\" \/>\n\t<meta property=\"og:image:type\" content=\"image\/png\" \/>\n<meta name=\"author\" content=\"V\u00e9ronique Darmangeat\" \/>\n<meta name=\"twitter:card\" content=\"summary_large_image\" \/>\n<meta name=\"twitter:creator\" content=\"@VeroniqueIBCLC\" \/>\n<meta name=\"twitter:site\" content=\"@VeroniqueIBCLC\" \/>\n<meta name=\"twitter:label1\" content=\"\u00c9crit par\" \/>\n\t<meta name=\"twitter:data1\" content=\"V\u00e9ronique Darmangeat\" \/>\n\t<meta name=\"twitter:label2\" content=\"Dur\u00e9e de lecture estim\u00e9e\" \/>\n\t<meta name=\"twitter:data2\" content=\"2 minutes\" \/>\n<script type=\"application\/ld+json\" class=\"yoast-schema-graph\">{\"@context\":\"https:\\\/\\\/schema.org\",\"@graph\":[{\"@type\":\"Article\",\"@id\":\"https:\\\/\\\/www.lactissima.com\\\/a-tire-d-ailes\\\/luniversite-de-rennes-ouvre-une-salle-dallaitement\\\/#article\",\"isPartOf\":{\"@id\":\"https:\\\/\\\/www.lactissima.com\\\/a-tire-d-ailes\\\/luniversite-de-rennes-ouvre-une-salle-dallaitement\\\/\"},\"author\":{\"name\":\"V\u00e9ronique Darmangeat\",\"@id\":\"https:\\\/\\\/www.lactissima.com\\\/a-tire-d-ailes\\\/#\\\/schema\\\/person\\\/8f98d3a89530861bc1240e6d53d44eed\"},\"headline\":\"L&rsquo;Universit\u00e9 de Rennes ouvre une salle d&rsquo;allaitement\",\"datePublished\":\"2023-10-05T09:04:42+00:00\",\"dateModified\":\"2024-09-09T08:34:46+00:00\",\"mainEntityOfPage\":{\"@id\":\"https:\\\/\\\/www.lactissima.com\\\/a-tire-d-ailes\\\/luniversite-de-rennes-ouvre-une-salle-dallaitement\\\/\"},\"wordCount\":303,\"commentCount\":0,\"image\":{\"@id\":\"https:\\\/\\\/www.lactissima.com\\\/a-tire-d-ailes\\\/luniversite-de-rennes-ouvre-une-salle-dallaitement\\\/#primaryimage\"},\"thumbnailUrl\":\"https:\\\/\\\/www.lactissima.com\\\/a-tire-d-ailes\\\/wp-content\\\/uploads\\\/2023\\\/10\\\/Capture-decran-2023-10-05-105410.png\",\"articleSection\":[\"Actualit\u00e9s\"],\"inLanguage\":\"fr-FR\",\"potentialAction\":[{\"@type\":\"CommentAction\",\"name\":\"Comment\",\"target\":[\"https:\\\/\\\/www.lactissima.com\\\/a-tire-d-ailes\\\/luniversite-de-rennes-ouvre-une-salle-dallaitement\\\/#respond\"]}]},{\"@type\":\"WebPage\",\"@id\":\"https:\\\/\\\/www.lactissima.com\\\/a-tire-d-ailes\\\/luniversite-de-rennes-ouvre-une-salle-dallaitement\\\/\",\"url\":\"https:\\\/\\\/www.lactissima.com\\\/a-tire-d-ailes\\\/luniversite-de-rennes-ouvre-une-salle-dallaitement\\\/\",\"name\":\"L'Universit\u00e9 de Rennes ouvre une salle d'allaitement\",\"isPartOf\":{\"@id\":\"https:\\\/\\\/www.lactissima.com\\\/a-tire-d-ailes\\\/#website\"},\"primaryImageOfPage\":{\"@id\":\"https:\\\/\\\/www.lactissima.com\\\/a-tire-d-ailes\\\/luniversite-de-rennes-ouvre-une-salle-dallaitement\\\/#primaryimage\"},\"image\":{\"@id\":\"https:\\\/\\\/www.lactissima.com\\\/a-tire-d-ailes\\\/luniversite-de-rennes-ouvre-une-salle-dallaitement\\\/#primaryimage\"},\"thumbnailUrl\":\"https:\\\/\\\/www.lactissima.com\\\/a-tire-d-ailes\\\/wp-content\\\/uploads\\\/2023\\\/10\\\/Capture-decran-2023-10-05-105410.png\",\"datePublished\":\"2023-10-05T09:04:42+00:00\",\"dateModified\":\"2024-09-09T08:34:46+00:00\",\"author\":{\"@id\":\"https:\\\/\\\/www.lactissima.com\\\/a-tire-d-ailes\\\/#\\\/schema\\\/person\\\/8f98d3a89530861bc1240e6d53d44eed\"},\"description\":\"Au sujet de la salle d'allaitement, Campus matin indique : \\\"L\u2019Universit\u00e9 de Rennes a inaugur\u00e9 en juillet un tiers-lieu exp\u00e9rimental consacr\u00e9 \u00e0 la Une salle d'allaitement et un espace d'\u00e9changes entre parents salari\u00e9s ouvre \u00e0 l'universit\u00e9 de Rennes.\",\"breadcrumb\":{\"@id\":\"https:\\\/\\\/www.lactissima.com\\\/a-tire-d-ailes\\\/luniversite-de-rennes-ouvre-une-salle-dallaitement\\\/#breadcrumb\"},\"inLanguage\":\"fr-FR\",\"potentialAction\":[{\"@type\":\"ReadAction\",\"target\":[\"https:\\\/\\\/www.lactissima.com\\\/a-tire-d-ailes\\\/luniversite-de-rennes-ouvre-une-salle-dallaitement\\\/\"]}]},{\"@type\":\"ImageObject\",\"inLanguage\":\"fr-FR\",\"@id\":\"https:\\\/\\\/www.lactissima.com\\\/a-tire-d-ailes\\\/luniversite-de-rennes-ouvre-une-salle-dallaitement\\\/#primaryimage\",\"url\":\"https:\\\/\\\/www.lactissima.com\\\/a-tire-d-ailes\\\/wp-content\\\/uploads\\\/2023\\\/10\\\/Capture-decran-2023-10-05-105410.png\",\"contentUrl\":\"https:\\\/\\\/www.lactissima.com\\\/a-tire-d-ailes\\\/wp-content\\\/uploads\\\/2023\\\/10\\\/Capture-decran-2023-10-05-105410.png\",\"width\":1043,\"height\":592,\"caption\":\"salle d'allaitement\"},{\"@type\":\"BreadcrumbList\",\"@id\":\"https:\\\/\\\/www.lactissima.com\\\/a-tire-d-ailes\\\/luniversite-de-rennes-ouvre-une-salle-dallaitement\\\/#breadcrumb\",\"itemListElement\":[{\"@type\":\"ListItem\",\"position\":1,\"name\":\"Accueil\",\"item\":\"https:\\\/\\\/www.lactissima.com\\\/a-tire-d-ailes\\\/\"},{\"@type\":\"ListItem\",\"position\":2,\"name\":\"L&rsquo;Universit\u00e9 de Rennes ouvre une salle d&rsquo;allaitement\"}]},{\"@type\":\"WebSite\",\"@id\":\"https:\\\/\\\/www.lactissima.com\\\/a-tire-d-ailes\\\/#website\",\"url\":\"https:\\\/\\\/www.lactissima.com\\\/a-tire-d-ailes\\\/\",\"name\":\"A tire d&#039;Ailes\",\"description\":\"Le blog des femmes qui allaitent et travaillent.\",\"potentialAction\":[{\"@type\":\"SearchAction\",\"target\":{\"@type\":\"EntryPoint\",\"urlTemplate\":\"https:\\\/\\\/www.lactissima.com\\\/a-tire-d-ailes\\\/?s={search_term_string}\"},\"query-input\":{\"@type\":\"PropertyValueSpecification\",\"valueRequired\":true,\"valueName\":\"search_term_string\"}}],\"inLanguage\":\"fr-FR\"},{\"@type\":\"Person\",\"@id\":\"https:\\\/\\\/www.lactissima.com\\\/a-tire-d-ailes\\\/#\\\/schema\\\/person\\\/8f98d3a89530861bc1240e6d53d44eed\",\"name\":\"V\u00e9ronique Darmangeat\",\"image\":{\"@type\":\"ImageObject\",\"inLanguage\":\"fr-FR\",\"@id\":\"https:\\\/\\\/secure.gravatar.com\\\/avatar\\\/268c99344c89cebfe4f5df5fa8be43068a18884fc76a29f3206fae98465b9cab?s=96&d=identicon&r=g\",\"url\":\"https:\\\/\\\/secure.gravatar.com\\\/avatar\\\/268c99344c89cebfe4f5df5fa8be43068a18884fc76a29f3206fae98465b9cab?s=96&d=identicon&r=g\",\"contentUrl\":\"https:\\\/\\\/secure.gravatar.com\\\/avatar\\\/268c99344c89cebfe4f5df5fa8be43068a18884fc76a29f3206fae98465b9cab?s=96&d=identicon&r=g\",\"caption\":\"V\u00e9ronique Darmangeat\"},\"sameAs\":[\"https:\\\/\\\/www.lactissima.com\\\/a-tire-d-ailes\",\"www.facebook.com\\\/consultante.en.lactation\"]}]}<\/script>\n<!-- \/ Yoast SEO plugin. -->","yoast_head_json":{"title":"L'Universit\u00e9 de Rennes ouvre une salle d'allaitement","description":"Au sujet de la salle d'allaitement, Campus matin indique : \"L\u2019Universit\u00e9 de Rennes a inaugur\u00e9 en juillet un tiers-lieu exp\u00e9rimental consacr\u00e9 \u00e0 la Une salle d'allaitement et un espace d'\u00e9changes entre parents salari\u00e9s ouvre \u00e0 l'universit\u00e9 de Rennes.","robots":{"index":"index","follow":"follow","max-snippet":"max-snippet:-1","max-image-preview":"max-image-preview:large","max-video-preview":"max-video-preview:-1"},"canonical":"https:\/\/www.lactissima.com\/a-tire-d-ailes\/luniversite-de-rennes-ouvre-une-salle-dallaitement\/","og_locale":"fr_FR","og_type":"article","og_title":"L'Universit\u00e9 de Rennes ouvre une salle d'allaitement","og_description":"Au sujet de la salle d'allaitement, Campus matin indique : \"L\u2019Universit\u00e9 de Rennes a inaugur\u00e9 en juillet un tiers-lieu exp\u00e9rimental consacr\u00e9 \u00e0 la Une salle d'allaitement et un espace d'\u00e9changes entre parents salari\u00e9s ouvre \u00e0 l'universit\u00e9 de Rennes.","og_url":"https:\/\/www.lactissima.com\/a-tire-d-ailes\/luniversite-de-rennes-ouvre-une-salle-dallaitement\/","og_site_name":"A tire d&#039;Ailes","article_publisher":"https:\/\/www.facebook.com\/consultante.en.lactation","article_author":"www.facebook.com\/consultante.en.lactation","article_published_time":"2023-10-05T09:04:42+00:00","article_modified_time":"2024-09-09T08:34:46+00:00","og_image":[{"width":1043,"height":592,"url":"https:\/\/www.lactissima.com\/a-tire-d-ailes\/wp-content\/uploads\/2023\/10\/Capture-decran-2023-10-05-105410.png","type":"image\/png"}],"author":"V\u00e9ronique Darmangeat","twitter_card":"summary_large_image","twitter_creator":"@VeroniqueIBCLC","twitter_site":"@VeroniqueIBCLC","twitter_misc":{"\u00c9crit par":"V\u00e9ronique Darmangeat","Dur\u00e9e de lecture estim\u00e9e":"2 minutes"},"schema":{"@context":"https:\/\/schema.org","@graph":[{"@type":"Article","@id":"https:\/\/www.lactissima.com\/a-tire-d-ailes\/luniversite-de-rennes-ouvre-une-salle-dallaitement\/#article","isPartOf":{"@id":"https:\/\/www.lactissima.com\/a-tire-d-ailes\/luniversite-de-rennes-ouvre-une-salle-dallaitement\/"},"author":{"name":"V\u00e9ronique Darmangeat","@id":"https:\/\/www.lactissima.com\/a-tire-d-ailes\/#\/schema\/person\/8f98d3a89530861bc1240e6d53d44eed"},"headline":"L&rsquo;Universit\u00e9 de Rennes ouvre une salle d&rsquo;allaitement","datePublished":"2023-10-05T09:04:42+00:00","dateModified":"2024-09-09T08:34:46+00:00","mainEntityOfPage":{"@id":"https:\/\/www.lactissima.com\/a-tire-d-ailes\/luniversite-de-rennes-ouvre-une-salle-dallaitement\/"},"wordCount":303,"commentCount":0,"image":{"@id":"https:\/\/www.lactissima.com\/a-tire-d-ailes\/luniversite-de-rennes-ouvre-une-salle-dallaitement\/#primaryimage"},"thumbnailUrl":"https:\/\/www.lactissima.com\/a-tire-d-ailes\/wp-content\/uploads\/2023\/10\/Capture-decran-2023-10-05-105410.png","articleSection":["Actualit\u00e9s"],"inLanguage":"fr-FR","potentialAction":[{"@type":"CommentAction","name":"Comment","target":["https:\/\/www.lactissima.com\/a-tire-d-ailes\/luniversite-de-rennes-ouvre-une-salle-dallaitement\/#respond"]}]},{"@type":"WebPage","@id":"https:\/\/www.lactissima.com\/a-tire-d-ailes\/luniversite-de-rennes-ouvre-une-salle-dallaitement\/","url":"https:\/\/www.lactissima.com\/a-tire-d-ailes\/luniversite-de-rennes-ouvre-une-salle-dallaitement\/","name":"L'Universit\u00e9 de Rennes ouvre une salle d'allaitement","isPartOf":{"@id":"https:\/\/www.lactissima.com\/a-tire-d-ailes\/#website"},"primaryImageOfPage":{"@id":"https:\/\/www.lactissima.com\/a-tire-d-ailes\/luniversite-de-rennes-ouvre-une-salle-dallaitement\/#primaryimage"},"image":{"@id":"https:\/\/www.lactissima.com\/a-tire-d-ailes\/luniversite-de-rennes-ouvre-une-salle-dallaitement\/#primaryimage"},"thumbnailUrl":"https:\/\/www.lactissima.com\/a-tire-d-ailes\/wp-content\/uploads\/2023\/10\/Capture-decran-2023-10-05-105410.png","datePublished":"2023-10-05T09:04:42+00:00","dateModified":"2024-09-09T08:34:46+00:00","author":{"@id":"https:\/\/www.lactissima.com\/a-tire-d-ailes\/#\/schema\/person\/8f98d3a89530861bc1240e6d53d44eed"},"description":"Au sujet de la salle d'allaitement, Campus matin indique : \"L\u2019Universit\u00e9 de Rennes a inaugur\u00e9 en juillet un tiers-lieu exp\u00e9rimental consacr\u00e9 \u00e0 la Une salle d'allaitement et un espace d'\u00e9changes entre parents salari\u00e9s ouvre \u00e0 l'universit\u00e9 de Rennes.","breadcrumb":{"@id":"https:\/\/www.lactissima.com\/a-tire-d-ailes\/luniversite-de-rennes-ouvre-une-salle-dallaitement\/#breadcrumb"},"inLanguage":"fr-FR","potentialAction":[{"@type":"ReadAction","target":["https:\/\/www.lactissima.com\/a-tire-d-ailes\/luniversite-de-rennes-ouvre-une-salle-dallaitement\/"]}]},{"@type":"ImageObject","inLanguage":"fr-FR","@id":"https:\/\/www.lactissima.com\/a-tire-d-ailes\/luniversite-de-rennes-ouvre-une-salle-dallaitement\/#primaryimage","url":"https:\/\/www.lactissima.com\/a-tire-d-ailes\/wp-content\/uploads\/2023\/10\/Capture-decran-2023-10-05-105410.png","contentUrl":"https:\/\/www.lactissima.com\/a-tire-d-ailes\/wp-content\/uploads\/2023\/10\/Capture-decran-2023-10-05-105410.png","width":1043,"height":592,"caption":"salle d'allaitement"},{"@type":"BreadcrumbList","@id":"https:\/\/www.lactissima.com\/a-tire-d-ailes\/luniversite-de-rennes-ouvre-une-salle-dallaitement\/#breadcrumb","itemListElement":[{"@type":"ListItem","position":1,"name":"Accueil","item":"https:\/\/www.lactissima.com\/a-tire-d-ailes\/"},{"@type":"ListItem","position":2,"name":"L&rsquo;Universit\u00e9 de Rennes ouvre une salle d&rsquo;allaitement"}]},{"@type":"WebSite","@id":"https:\/\/www.lactissima.com\/a-tire-d-ailes\/#website","url":"https:\/\/www.lactissima.com\/a-tire-d-ailes\/","name":"A tire d&#039;Ailes","description":"Le blog des femmes qui allaitent et travaillent.","potentialAction":[{"@type":"SearchAction","target":{"@type":"EntryPoint","urlTemplate":"https:\/\/www.lactissima.com\/a-tire-d-ailes\/?s={search_term_string}"},"query-input":{"@type":"PropertyValueSpecification","valueRequired":true,"valueName":"search_term_string"}}],"inLanguage":"fr-FR"},{"@type":"Person","@id":"https:\/\/www.lactissima.com\/a-tire-d-ailes\/#\/schema\/person\/8f98d3a89530861bc1240e6d53d44eed","name":"V\u00e9ronique Darmangeat","image":{"@type":"ImageObject","inLanguage":"fr-FR","@id":"https:\/\/secure.gravatar.com\/avatar\/268c99344c89cebfe4f5df5fa8be43068a18884fc76a29f3206fae98465b9cab?s=96&d=identicon&r=g","url":"https:\/\/secure.gravatar.com\/avatar\/268c99344c89cebfe4f5df5fa8be43068a18884fc76a29f3206fae98465b9cab?s=96&d=identicon&r=g","contentUrl":"https:\/\/secure.gravatar.com\/avatar\/268c99344c89cebfe4f5df5fa8be43068a18884fc76a29f3206fae98465b9cab?s=96&d=identicon&r=g","caption":"V\u00e9ronique Darmangeat"},"sameAs":["https:\/\/www.lactissima.com\/a-tire-d-ailes","www.facebook.com\/consultante.en.lactation"]}]}},"_links":{"self":[{"href":"https:\/\/www.lactissima.com\/a-tire-d-ailes\/wp-json\/wp\/v2\/posts\/9423","targetHints":{"allow":["GET"]}}],"collection":[{"href":"https:\/\/www.lactissima.com\/a-tire-d-ailes\/wp-json\/wp\/v2\/posts"}],"about":[{"href":"https:\/\/www.lactissima.com\/a-tire-d-ailes\/wp-json\/wp\/v2\/types\/post"}],"author":[{"embeddable":true,"href":"https:\/\/www.lactissima.com\/a-tire-d-ailes\/wp-json\/wp\/v2\/users\/170"}],"replies":[{"embeddable":true,"href":"https:\/\/www.lactissima.com\/a-tire-d-ailes\/wp-json\/wp\/v2\/comments?post=9423"}],"version-history":[{"count":3,"href":"https:\/\/www.lactissima.com\/a-tire-d-ailes\/wp-json\/wp\/v2\/posts\/9423\/revisions"}],"predecessor-version":[{"id":9577,"href":"https:\/\/www.lactissima.com\/a-tire-d-ailes\/wp-json\/wp\/v2\/posts\/9423\/revisions\/9577"}],"wp:featuredmedia":[{"embeddable":true,"href":"https:\/\/www.lactissima.com\/a-tire-d-ailes\/wp-json\/wp\/v2\/media\/9424"}],"wp:attachment":[{"href":"https:\/\/www.lactissima.com\/a-tire-d-ailes\/wp-json\/wp\/v2\/media?parent=9423"}],"wp:term":[{"taxonomy":"category","embeddable":true,"href":"https:\/\/www.lactissima.com\/a-tire-d-ailes\/wp-json\/wp\/v2\/categories?post=9423"},{"taxonomy":"post_tag","embeddable":true,"href":"https:\/\/www.lactissima.com\/a-tire-d-ailes\/wp-json\/wp\/v2\/tags?post=9423"}],"curies":[{"name":"wp","href":"https:\/\/api.w.org\/{rel}","templated":true}]}}