{"id":9414,"date":"2023-09-14T11:33:36","date_gmt":"2023-09-14T09:33:36","guid":{"rendered":"https:\/\/www.lactissima.com\/a-tire-d-ailes\/?p=9414"},"modified":"2023-09-14T11:33:36","modified_gmt":"2023-09-14T09:33:36","slug":"etude-allaitement-apres-le-retour-au-travail","status":"publish","type":"post","link":"https:\/\/www.lactissima.com\/a-tire-d-ailes\/etude-allaitement-apres-le-retour-au-travail\/","title":{"rendered":"Etude : Allaitement apr\u00e8s le retour au travail"},"content":{"rendered":"<p style=\"text-align: justify;\">Une m\u00e9ta-analyse d&rsquo;\u00e9tudes est parue pour \u00e9valuer la <strong>pr\u00e9valence de l&rsquo;allaitement<\/strong> dans le monde apr\u00e8s le retour au <strong>travail<\/strong> des m\u00e8res. En effet, on sait que c&rsquo;est un facteur majeur d&rsquo;arr\u00eat de l&rsquo;allaitement.<\/p>\n<h4 style=\"text-align: justify;\">R\u00e9sultats<\/h4>\n<p style=\"text-align: justify;\">Les r\u00e9sultats de cette m\u00e9ta-analyse montrent que la pr\u00e9valence de l\u2019allaitement maternel apr\u00e8s le retour au travail est de<strong> 25 %<\/strong> mais est tr\u00e8s <strong>h\u00e9t\u00e9rog\u00e8ne<\/strong> \u00e0 travers le monde. La situation \u00e9conomique peut jouer un r\u00f4le mais les aspects culturels semblent \u00eatre d\u00e9terminant.<\/p>\n<p style=\"text-align: justify;\">Les r\u00e9sultats montrent un taux d&rsquo;allaitement apr\u00e8s le retour au travail plus \u00e9lev\u00e9 en Asie qu&rsquo;en Europe. Les \u00c9tats-Unis semblent avoir un taux d\u2019allaitement apr\u00e8s le retour au travail similaire \u00e0 celui de l\u2019Asie. L&rsquo;Australie a des taux \u00e9lev\u00e9s d&rsquo;allaitement apr\u00e8s le retour au travail, conform\u00e9ment \u00e0 son objectif d&rsquo;ici 2022 de 40 % d&rsquo;allaitement exclusif jusqu&rsquo;\u00e0 l&rsquo;\u00e2ge de six mois des nouveau-n\u00e9s. Les pays du Moyen-Orient ont la plus faible pr\u00e9valence de l&rsquo;allaitement maternel apr\u00e8s le retour au travail.<\/p>\n<p style=\"text-align: justify;\">L&rsquo;allaitement exclusif est plus faible apr\u00e8s le retour au travail que l&rsquo;allaitement non exclusif.<\/p>\n<h4 style=\"text-align: justify;\">Facteurs influen\u00e7ant ces r\u00e9sultats<\/h4>\n<ul style=\"text-align: justify;\">\n<li><strong>Les politiques d&rsquo;allaitement :<\/strong><br \/>\nQuel que soit leur statut \u00e9conomique, certains pays ont des politiques d&rsquo;allaitement fortes, en particulier apr\u00e8s le retour au travail.\u00a0L&rsquo;Australie a d\u00e9velopp\u00e9 des groupes de r\u00e9f\u00e9rence sur l&rsquo;allaitement, des politiques de cong\u00e9 de maternit\u00e9 et des cliniques de soutien avec des programmes de visites \u00e0 domicile.<br \/>\nLe cong\u00e9 de maternit\u00e9 a \u00e9galement un impact positif sur la dur\u00e9e de l&rsquo;allaitement.<\/li>\n<li><strong>L&#8217;emploi \u00e0 temps partiel :<\/strong><br \/>\nL&rsquo;Australie, tout comme l&rsquo;Autriche et la Nouvelle-Z\u00e9lande, ont \u00e9galement un taux \u00e9lev\u00e9 d&#8217;emploi des femmes \u00e0 temps partiel, plus compatible avec l&rsquo;allaitement apr\u00e8s le retour au travail. De plus, une \u00e9tude r\u00e9cente en Australie a soulign\u00e9 que le bien-\u00eatre \u00e9motionnel des femmes est li\u00e9 \u00e0 l&rsquo;allaitement, ce qui peut \u00e0 son tour am\u00e9liorer le bien-\u00eatre au travail.<\/li>\n<li><strong>La culture d&rsquo;allaitement locale :<\/strong><br \/>\nCertains pays sont culturellement enclins \u00e0 l&rsquo;allaitement maternel, comme la Tha\u00eflande ou la Birmanie, qui promeuvent r\u00e9guli\u00e8rement une aide au soutien \u00e0 l&rsquo;allaitement apr\u00e8s le retour au travail. De m\u00eame, 50% des femmes continuent d\u2019allaiter jusqu\u2019\u00e0 ce que leur enfant atteigne l\u2019\u00e2ge de deux ans au Laos et en Indon\u00e9sie, et pr\u00e8s de 65 % en Birmanie.<\/li>\n<li><strong>Les conditions de travail :<\/strong><br \/>\nCertaines conditions de travail, comme le travail post\u00e9, ajoutent des difficult\u00e9s aux m\u00e8res qui souhaitent allaiter exclusivement leur b\u00e9b\u00e9. Le travail \u00e0 temps partiel a un impact positif sur la dur\u00e9e de l&rsquo;allaitement.\u00a0La flexibilit\u00e9 des horaires de travail peut \u00eatre associ\u00e9e \u00e0 l&rsquo;allaitement.\u00a0Le t\u00e9l\u00e9travail suite \u00e0 la pand\u00e9mie de COVID-19 pourrait \u00e9galement aider les femmes \u00e0 allaiter.<\/li>\n<li><strong>L\u2019interaction entre les politiques de sant\u00e9 publique, l\u2019\u00e9conomie et les groupes de pression :<\/strong><br \/>\nLa promotion de l&rsquo;allaitement maternel est une responsabilit\u00e9 soci\u00e9tale collective et non la seule responsabilit\u00e9 d&rsquo;une femme individuelle. Il est utile de favoriser des attitudes soci\u00e9tales positives \u00e0 l&rsquo;\u00e9gard de l&rsquo;allaitement maternel, telles qu&rsquo;un cong\u00e9 de maternit\u00e9 ad\u00e9quat et la possibilit\u00e9 d&rsquo;allaiter ou d&rsquo;exprimer du lait sur le lieu de travail.<\/li>\n<li><strong>Les politiques d&rsquo;entreprises :<\/strong><br \/>\nIl est d\u00e9montr\u00e9 que la garantie de pauses d&rsquo;allaitement r\u00e9mun\u00e9r\u00e9es pendant au moins six mois est associ\u00e9e \u00e0 une augmentation de pr\u00e8s de 9 % de l&rsquo;allaitement exclusif.\u00a0Certaines variables du lieu de travail semblent \u00eatre fortement associ\u00e9es \u00e0 l&rsquo;allaitement apr\u00e8s le retour au travail. Le soutien au travail semble avoir une influence importante sur la dur\u00e9e de l\u2019allaitement apr\u00e8s le retour au travail.\u00a0Le soutien manag\u00e9rial et organisationnel augmente presque de moiti\u00e9 la dur\u00e9e de l&rsquo;allaitement exclusif, le soutien des coll\u00e8gues \u00e9tant essentiel dans la d\u00e9cision de poursuivre l&rsquo;allaitement.\u00a0Le manque d\u2019installations pour l\u2019allaitement, comme une pi\u00e8ce d\u00e9di\u00e9e \u00e0 l\u2019allaitement ou un r\u00e9frig\u00e9rateur, est associ\u00e9 \u00e0 l\u2019arr\u00eat de l\u2019allaitement apr\u00e8s le retour au travail.<\/li>\n<\/ul>\n<p style=\"text-align: justify;\">M\u00eame si certaines lois promeuvent l&rsquo;allaitement au travail, ces lois ne sont toujours pas pleinement appliqu\u00e9es et doivent \u00eatre \u00e9tendus \u00e0 l\u2019\u00e9chelle mondiale.<\/p>\n<p style=\"text-align: justify;\">R\u00e9f\u00e9rence de l&rsquo;\u00e9tude :<br \/>\nDutheil, M\u00e9chin, Vorilhon, Benson, Bottet, Clinchamps, Barasinski, Navel,<em> Breastfeeding after Returning to Work: A Systematic Review and Meta-Analysis<\/em>, Int. J. Environ. Res. Public Health, 2021.<\/p>\n<div class='et-box et-shadow'>\n\t\t\t\t\t<div class='et-box-content'>Lire des articles ou poser des questions en commentaire ne suffit pas \u00e0 r\u00e9soudre votre probl\u00e8me ? Savez-vous que vous pouvez prendre RDV pour une consultation avec moi ? N&rsquo;h\u00e9sitez pas \u00e0 me contacter !<\/div><\/div>\n","protected":false},"excerpt":{"rendered":"<p>Une m\u00e9ta-analyse d&rsquo;\u00e9tudes est parue pour \u00e9valuer la pr\u00e9valence de l&rsquo;allaitement dans le monde apr\u00e8s le retour au travail des m\u00e8res. En effet, on sait que c&rsquo;est un facteur majeur d&rsquo;arr\u00eat de l&rsquo;allaitement. R\u00e9sultats Les r\u00e9sultats de cette m\u00e9ta-analyse montrent que la pr\u00e9valence de l\u2019allaitement maternel apr\u00e8s le retour au travail est de 25 % [&hellip;]<\/p>\n","protected":false},"author":170,"featured_media":9418,"comment_status":"open","ping_status":"open","sticky":false,"template":"","format":"standard","meta":{"_et_pb_use_builder":"","_et_pb_old_content":"","_et_gb_content_width":"","footnotes":""},"categories":[41],"tags":[],"class_list":["post-9414","post","type-post","status-publish","format-standard","has-post-thumbnail","hentry","category-femmes-et-societe"],"yoast_head":"<!-- This site is optimized with the Yoast SEO plugin v27.4 - https:\/\/yoast.com\/product\/yoast-seo-wordpress\/ -->\n<title>Etude : Allaitement apr\u00e8s le retour au travail<\/title>\n<meta name=\"description\" content=\"Une m\u00e9ta-analyse d&#039;\u00e9tudes est parue pour \u00e9valuer la pr\u00e9valence de l&#039;allaitement dans le monde apr\u00e8s le retour au travail des m\u00e8res. En effet, on sait que Cette \u00e9tude sur la pr\u00e9valence de l&#039;allaitement \u00e0 la reprise du travail montre de grandes disparit\u00e9s selon les pays.\" \/>\n<meta name=\"robots\" content=\"index, follow, max-snippet:-1, max-image-preview:large, max-video-preview:-1\" \/>\n<link rel=\"canonical\" href=\"https:\/\/www.lactissima.com\/a-tire-d-ailes\/etude-allaitement-apres-le-retour-au-travail\/\" \/>\n<meta property=\"og:locale\" content=\"fr_FR\" \/>\n<meta property=\"og:type\" content=\"article\" \/>\n<meta property=\"og:title\" content=\"Etude : Allaitement apr\u00e8s le retour au travail\" \/>\n<meta property=\"og:description\" content=\"Une m\u00e9ta-analyse d&#039;\u00e9tudes est parue pour \u00e9valuer la pr\u00e9valence de l&#039;allaitement dans le monde apr\u00e8s le retour au travail des m\u00e8res. En effet, on sait que Cette \u00e9tude sur la pr\u00e9valence de l&#039;allaitement \u00e0 la reprise du travail montre de grandes disparit\u00e9s selon les pays.\" \/>\n<meta property=\"og:url\" content=\"https:\/\/www.lactissima.com\/a-tire-d-ailes\/etude-allaitement-apres-le-retour-au-travail\/\" \/>\n<meta property=\"og:site_name\" content=\"A tire d&#039;Ailes\" \/>\n<meta property=\"article:publisher\" content=\"https:\/\/www.facebook.com\/consultante.en.lactation\" \/>\n<meta property=\"article:author\" content=\"www.facebook.com\/consultante.en.lactation\" \/>\n<meta property=\"article:published_time\" content=\"2023-09-14T09:33:36+00:00\" \/>\n<meta property=\"og:image\" content=\"https:\/\/www.lactissima.com\/a-tire-d-ailes\/wp-content\/uploads\/2023\/09\/Capture-decran-2023-09-14-112308.png\" \/>\n\t<meta property=\"og:image:width\" content=\"846\" \/>\n\t<meta property=\"og:image:height\" content=\"650\" \/>\n\t<meta property=\"og:image:type\" content=\"image\/png\" \/>\n<meta name=\"author\" content=\"V\u00e9ronique Darmangeat\" \/>\n<meta name=\"twitter:card\" content=\"summary_large_image\" \/>\n<meta name=\"twitter:creator\" content=\"@VeroniqueIBCLC\" \/>\n<meta name=\"twitter:site\" content=\"@VeroniqueIBCLC\" \/>\n<meta name=\"twitter:label1\" content=\"\u00c9crit par\" \/>\n\t<meta name=\"twitter:data1\" content=\"V\u00e9ronique Darmangeat\" \/>\n\t<meta name=\"twitter:label2\" content=\"Dur\u00e9e de lecture estim\u00e9e\" \/>\n\t<meta name=\"twitter:data2\" content=\"4 minutes\" \/>\n<script type=\"application\/ld+json\" class=\"yoast-schema-graph\">{\"@context\":\"https:\\\/\\\/schema.org\",\"@graph\":[{\"@type\":\"Article\",\"@id\":\"https:\\\/\\\/www.lactissima.com\\\/a-tire-d-ailes\\\/etude-allaitement-apres-le-retour-au-travail\\\/#article\",\"isPartOf\":{\"@id\":\"https:\\\/\\\/www.lactissima.com\\\/a-tire-d-ailes\\\/etude-allaitement-apres-le-retour-au-travail\\\/\"},\"author\":{\"name\":\"V\u00e9ronique Darmangeat\",\"@id\":\"https:\\\/\\\/www.lactissima.com\\\/a-tire-d-ailes\\\/#\\\/schema\\\/person\\\/8f98d3a89530861bc1240e6d53d44eed\"},\"headline\":\"Etude : Allaitement apr\u00e8s le retour au travail\",\"datePublished\":\"2023-09-14T09:33:36+00:00\",\"mainEntityOfPage\":{\"@id\":\"https:\\\/\\\/www.lactissima.com\\\/a-tire-d-ailes\\\/etude-allaitement-apres-le-retour-au-travail\\\/\"},\"wordCount\":813,\"commentCount\":0,\"image\":{\"@id\":\"https:\\\/\\\/www.lactissima.com\\\/a-tire-d-ailes\\\/etude-allaitement-apres-le-retour-au-travail\\\/#primaryimage\"},\"thumbnailUrl\":\"https:\\\/\\\/www.lactissima.com\\\/a-tire-d-ailes\\\/wp-content\\\/uploads\\\/2023\\\/09\\\/Capture-decran-2023-09-14-112308.png\",\"articleSection\":[\"Femmes et Soci\u00e9t\u00e9\"],\"inLanguage\":\"fr-FR\",\"potentialAction\":[{\"@type\":\"CommentAction\",\"name\":\"Comment\",\"target\":[\"https:\\\/\\\/www.lactissima.com\\\/a-tire-d-ailes\\\/etude-allaitement-apres-le-retour-au-travail\\\/#respond\"]}]},{\"@type\":\"WebPage\",\"@id\":\"https:\\\/\\\/www.lactissima.com\\\/a-tire-d-ailes\\\/etude-allaitement-apres-le-retour-au-travail\\\/\",\"url\":\"https:\\\/\\\/www.lactissima.com\\\/a-tire-d-ailes\\\/etude-allaitement-apres-le-retour-au-travail\\\/\",\"name\":\"Etude : Allaitement apr\u00e8s le retour au travail\",\"isPartOf\":{\"@id\":\"https:\\\/\\\/www.lactissima.com\\\/a-tire-d-ailes\\\/#website\"},\"primaryImageOfPage\":{\"@id\":\"https:\\\/\\\/www.lactissima.com\\\/a-tire-d-ailes\\\/etude-allaitement-apres-le-retour-au-travail\\\/#primaryimage\"},\"image\":{\"@id\":\"https:\\\/\\\/www.lactissima.com\\\/a-tire-d-ailes\\\/etude-allaitement-apres-le-retour-au-travail\\\/#primaryimage\"},\"thumbnailUrl\":\"https:\\\/\\\/www.lactissima.com\\\/a-tire-d-ailes\\\/wp-content\\\/uploads\\\/2023\\\/09\\\/Capture-decran-2023-09-14-112308.png\",\"datePublished\":\"2023-09-14T09:33:36+00:00\",\"author\":{\"@id\":\"https:\\\/\\\/www.lactissima.com\\\/a-tire-d-ailes\\\/#\\\/schema\\\/person\\\/8f98d3a89530861bc1240e6d53d44eed\"},\"description\":\"Une m\u00e9ta-analyse d'\u00e9tudes est parue pour \u00e9valuer la pr\u00e9valence de l'allaitement dans le monde apr\u00e8s le retour au travail des m\u00e8res. En effet, on sait que Cette \u00e9tude sur la pr\u00e9valence de l'allaitement \u00e0 la reprise du travail montre de grandes disparit\u00e9s selon les pays.\",\"breadcrumb\":{\"@id\":\"https:\\\/\\\/www.lactissima.com\\\/a-tire-d-ailes\\\/etude-allaitement-apres-le-retour-au-travail\\\/#breadcrumb\"},\"inLanguage\":\"fr-FR\",\"potentialAction\":[{\"@type\":\"ReadAction\",\"target\":[\"https:\\\/\\\/www.lactissima.com\\\/a-tire-d-ailes\\\/etude-allaitement-apres-le-retour-au-travail\\\/\"]}]},{\"@type\":\"ImageObject\",\"inLanguage\":\"fr-FR\",\"@id\":\"https:\\\/\\\/www.lactissima.com\\\/a-tire-d-ailes\\\/etude-allaitement-apres-le-retour-au-travail\\\/#primaryimage\",\"url\":\"https:\\\/\\\/www.lactissima.com\\\/a-tire-d-ailes\\\/wp-content\\\/uploads\\\/2023\\\/09\\\/Capture-decran-2023-09-14-112308.png\",\"contentUrl\":\"https:\\\/\\\/www.lactissima.com\\\/a-tire-d-ailes\\\/wp-content\\\/uploads\\\/2023\\\/09\\\/Capture-decran-2023-09-14-112308.png\",\"width\":846,\"height\":650,\"caption\":\"allaitement et travail\"},{\"@type\":\"BreadcrumbList\",\"@id\":\"https:\\\/\\\/www.lactissima.com\\\/a-tire-d-ailes\\\/etude-allaitement-apres-le-retour-au-travail\\\/#breadcrumb\",\"itemListElement\":[{\"@type\":\"ListItem\",\"position\":1,\"name\":\"Accueil\",\"item\":\"https:\\\/\\\/www.lactissima.com\\\/a-tire-d-ailes\\\/\"},{\"@type\":\"ListItem\",\"position\":2,\"name\":\"Etude : Allaitement apr\u00e8s le retour au travail\"}]},{\"@type\":\"WebSite\",\"@id\":\"https:\\\/\\\/www.lactissima.com\\\/a-tire-d-ailes\\\/#website\",\"url\":\"https:\\\/\\\/www.lactissima.com\\\/a-tire-d-ailes\\\/\",\"name\":\"A tire d&#039;Ailes\",\"description\":\"Le blog des femmes qui allaitent et travaillent.\",\"potentialAction\":[{\"@type\":\"SearchAction\",\"target\":{\"@type\":\"EntryPoint\",\"urlTemplate\":\"https:\\\/\\\/www.lactissima.com\\\/a-tire-d-ailes\\\/?s={search_term_string}\"},\"query-input\":{\"@type\":\"PropertyValueSpecification\",\"valueRequired\":true,\"valueName\":\"search_term_string\"}}],\"inLanguage\":\"fr-FR\"},{\"@type\":\"Person\",\"@id\":\"https:\\\/\\\/www.lactissima.com\\\/a-tire-d-ailes\\\/#\\\/schema\\\/person\\\/8f98d3a89530861bc1240e6d53d44eed\",\"name\":\"V\u00e9ronique Darmangeat\",\"image\":{\"@type\":\"ImageObject\",\"inLanguage\":\"fr-FR\",\"@id\":\"https:\\\/\\\/secure.gravatar.com\\\/avatar\\\/268c99344c89cebfe4f5df5fa8be43068a18884fc76a29f3206fae98465b9cab?s=96&d=identicon&r=g\",\"url\":\"https:\\\/\\\/secure.gravatar.com\\\/avatar\\\/268c99344c89cebfe4f5df5fa8be43068a18884fc76a29f3206fae98465b9cab?s=96&d=identicon&r=g\",\"contentUrl\":\"https:\\\/\\\/secure.gravatar.com\\\/avatar\\\/268c99344c89cebfe4f5df5fa8be43068a18884fc76a29f3206fae98465b9cab?s=96&d=identicon&r=g\",\"caption\":\"V\u00e9ronique Darmangeat\"},\"sameAs\":[\"https:\\\/\\\/www.lactissima.com\\\/a-tire-d-ailes\",\"www.facebook.com\\\/consultante.en.lactation\"]}]}<\/script>\n<!-- \/ Yoast SEO plugin. -->","yoast_head_json":{"title":"Etude : Allaitement apr\u00e8s le retour au travail","description":"Une m\u00e9ta-analyse d'\u00e9tudes est parue pour \u00e9valuer la pr\u00e9valence de l'allaitement dans le monde apr\u00e8s le retour au travail des m\u00e8res. En effet, on sait que Cette \u00e9tude sur la pr\u00e9valence de l'allaitement \u00e0 la reprise du travail montre de grandes disparit\u00e9s selon les pays.","robots":{"index":"index","follow":"follow","max-snippet":"max-snippet:-1","max-image-preview":"max-image-preview:large","max-video-preview":"max-video-preview:-1"},"canonical":"https:\/\/www.lactissima.com\/a-tire-d-ailes\/etude-allaitement-apres-le-retour-au-travail\/","og_locale":"fr_FR","og_type":"article","og_title":"Etude : Allaitement apr\u00e8s le retour au travail","og_description":"Une m\u00e9ta-analyse d'\u00e9tudes est parue pour \u00e9valuer la pr\u00e9valence de l'allaitement dans le monde apr\u00e8s le retour au travail des m\u00e8res. En effet, on sait que Cette \u00e9tude sur la pr\u00e9valence de l'allaitement \u00e0 la reprise du travail montre de grandes disparit\u00e9s selon les pays.","og_url":"https:\/\/www.lactissima.com\/a-tire-d-ailes\/etude-allaitement-apres-le-retour-au-travail\/","og_site_name":"A tire d&#039;Ailes","article_publisher":"https:\/\/www.facebook.com\/consultante.en.lactation","article_author":"www.facebook.com\/consultante.en.lactation","article_published_time":"2023-09-14T09:33:36+00:00","og_image":[{"width":846,"height":650,"url":"https:\/\/www.lactissima.com\/a-tire-d-ailes\/wp-content\/uploads\/2023\/09\/Capture-decran-2023-09-14-112308.png","type":"image\/png"}],"author":"V\u00e9ronique Darmangeat","twitter_card":"summary_large_image","twitter_creator":"@VeroniqueIBCLC","twitter_site":"@VeroniqueIBCLC","twitter_misc":{"\u00c9crit par":"V\u00e9ronique Darmangeat","Dur\u00e9e de lecture estim\u00e9e":"4 minutes"},"schema":{"@context":"https:\/\/schema.org","@graph":[{"@type":"Article","@id":"https:\/\/www.lactissima.com\/a-tire-d-ailes\/etude-allaitement-apres-le-retour-au-travail\/#article","isPartOf":{"@id":"https:\/\/www.lactissima.com\/a-tire-d-ailes\/etude-allaitement-apres-le-retour-au-travail\/"},"author":{"name":"V\u00e9ronique Darmangeat","@id":"https:\/\/www.lactissima.com\/a-tire-d-ailes\/#\/schema\/person\/8f98d3a89530861bc1240e6d53d44eed"},"headline":"Etude : Allaitement apr\u00e8s le retour au travail","datePublished":"2023-09-14T09:33:36+00:00","mainEntityOfPage":{"@id":"https:\/\/www.lactissima.com\/a-tire-d-ailes\/etude-allaitement-apres-le-retour-au-travail\/"},"wordCount":813,"commentCount":0,"image":{"@id":"https:\/\/www.lactissima.com\/a-tire-d-ailes\/etude-allaitement-apres-le-retour-au-travail\/#primaryimage"},"thumbnailUrl":"https:\/\/www.lactissima.com\/a-tire-d-ailes\/wp-content\/uploads\/2023\/09\/Capture-decran-2023-09-14-112308.png","articleSection":["Femmes et Soci\u00e9t\u00e9"],"inLanguage":"fr-FR","potentialAction":[{"@type":"CommentAction","name":"Comment","target":["https:\/\/www.lactissima.com\/a-tire-d-ailes\/etude-allaitement-apres-le-retour-au-travail\/#respond"]}]},{"@type":"WebPage","@id":"https:\/\/www.lactissima.com\/a-tire-d-ailes\/etude-allaitement-apres-le-retour-au-travail\/","url":"https:\/\/www.lactissima.com\/a-tire-d-ailes\/etude-allaitement-apres-le-retour-au-travail\/","name":"Etude : Allaitement apr\u00e8s le retour au travail","isPartOf":{"@id":"https:\/\/www.lactissima.com\/a-tire-d-ailes\/#website"},"primaryImageOfPage":{"@id":"https:\/\/www.lactissima.com\/a-tire-d-ailes\/etude-allaitement-apres-le-retour-au-travail\/#primaryimage"},"image":{"@id":"https:\/\/www.lactissima.com\/a-tire-d-ailes\/etude-allaitement-apres-le-retour-au-travail\/#primaryimage"},"thumbnailUrl":"https:\/\/www.lactissima.com\/a-tire-d-ailes\/wp-content\/uploads\/2023\/09\/Capture-decran-2023-09-14-112308.png","datePublished":"2023-09-14T09:33:36+00:00","author":{"@id":"https:\/\/www.lactissima.com\/a-tire-d-ailes\/#\/schema\/person\/8f98d3a89530861bc1240e6d53d44eed"},"description":"Une m\u00e9ta-analyse d'\u00e9tudes est parue pour \u00e9valuer la pr\u00e9valence de l'allaitement dans le monde apr\u00e8s le retour au travail des m\u00e8res. En effet, on sait que Cette \u00e9tude sur la pr\u00e9valence de l'allaitement \u00e0 la reprise du travail montre de grandes disparit\u00e9s selon les pays.","breadcrumb":{"@id":"https:\/\/www.lactissima.com\/a-tire-d-ailes\/etude-allaitement-apres-le-retour-au-travail\/#breadcrumb"},"inLanguage":"fr-FR","potentialAction":[{"@type":"ReadAction","target":["https:\/\/www.lactissima.com\/a-tire-d-ailes\/etude-allaitement-apres-le-retour-au-travail\/"]}]},{"@type":"ImageObject","inLanguage":"fr-FR","@id":"https:\/\/www.lactissima.com\/a-tire-d-ailes\/etude-allaitement-apres-le-retour-au-travail\/#primaryimage","url":"https:\/\/www.lactissima.com\/a-tire-d-ailes\/wp-content\/uploads\/2023\/09\/Capture-decran-2023-09-14-112308.png","contentUrl":"https:\/\/www.lactissima.com\/a-tire-d-ailes\/wp-content\/uploads\/2023\/09\/Capture-decran-2023-09-14-112308.png","width":846,"height":650,"caption":"allaitement et travail"},{"@type":"BreadcrumbList","@id":"https:\/\/www.lactissima.com\/a-tire-d-ailes\/etude-allaitement-apres-le-retour-au-travail\/#breadcrumb","itemListElement":[{"@type":"ListItem","position":1,"name":"Accueil","item":"https:\/\/www.lactissima.com\/a-tire-d-ailes\/"},{"@type":"ListItem","position":2,"name":"Etude : Allaitement apr\u00e8s le retour au travail"}]},{"@type":"WebSite","@id":"https:\/\/www.lactissima.com\/a-tire-d-ailes\/#website","url":"https:\/\/www.lactissima.com\/a-tire-d-ailes\/","name":"A tire d&#039;Ailes","description":"Le blog des femmes qui allaitent et travaillent.","potentialAction":[{"@type":"SearchAction","target":{"@type":"EntryPoint","urlTemplate":"https:\/\/www.lactissima.com\/a-tire-d-ailes\/?s={search_term_string}"},"query-input":{"@type":"PropertyValueSpecification","valueRequired":true,"valueName":"search_term_string"}}],"inLanguage":"fr-FR"},{"@type":"Person","@id":"https:\/\/www.lactissima.com\/a-tire-d-ailes\/#\/schema\/person\/8f98d3a89530861bc1240e6d53d44eed","name":"V\u00e9ronique Darmangeat","image":{"@type":"ImageObject","inLanguage":"fr-FR","@id":"https:\/\/secure.gravatar.com\/avatar\/268c99344c89cebfe4f5df5fa8be43068a18884fc76a29f3206fae98465b9cab?s=96&d=identicon&r=g","url":"https:\/\/secure.gravatar.com\/avatar\/268c99344c89cebfe4f5df5fa8be43068a18884fc76a29f3206fae98465b9cab?s=96&d=identicon&r=g","contentUrl":"https:\/\/secure.gravatar.com\/avatar\/268c99344c89cebfe4f5df5fa8be43068a18884fc76a29f3206fae98465b9cab?s=96&d=identicon&r=g","caption":"V\u00e9ronique Darmangeat"},"sameAs":["https:\/\/www.lactissima.com\/a-tire-d-ailes","www.facebook.com\/consultante.en.lactation"]}]}},"_links":{"self":[{"href":"https:\/\/www.lactissima.com\/a-tire-d-ailes\/wp-json\/wp\/v2\/posts\/9414","targetHints":{"allow":["GET"]}}],"collection":[{"href":"https:\/\/www.lactissima.com\/a-tire-d-ailes\/wp-json\/wp\/v2\/posts"}],"about":[{"href":"https:\/\/www.lactissima.com\/a-tire-d-ailes\/wp-json\/wp\/v2\/types\/post"}],"author":[{"embeddable":true,"href":"https:\/\/www.lactissima.com\/a-tire-d-ailes\/wp-json\/wp\/v2\/users\/170"}],"replies":[{"embeddable":true,"href":"https:\/\/www.lactissima.com\/a-tire-d-ailes\/wp-json\/wp\/v2\/comments?post=9414"}],"version-history":[{"count":4,"href":"https:\/\/www.lactissima.com\/a-tire-d-ailes\/wp-json\/wp\/v2\/posts\/9414\/revisions"}],"predecessor-version":[{"id":9419,"href":"https:\/\/www.lactissima.com\/a-tire-d-ailes\/wp-json\/wp\/v2\/posts\/9414\/revisions\/9419"}],"wp:featuredmedia":[{"embeddable":true,"href":"https:\/\/www.lactissima.com\/a-tire-d-ailes\/wp-json\/wp\/v2\/media\/9418"}],"wp:attachment":[{"href":"https:\/\/www.lactissima.com\/a-tire-d-ailes\/wp-json\/wp\/v2\/media?parent=9414"}],"wp:term":[{"taxonomy":"category","embeddable":true,"href":"https:\/\/www.lactissima.com\/a-tire-d-ailes\/wp-json\/wp\/v2\/categories?post=9414"},{"taxonomy":"post_tag","embeddable":true,"href":"https:\/\/www.lactissima.com\/a-tire-d-ailes\/wp-json\/wp\/v2\/tags?post=9414"}],"curies":[{"name":"wp","href":"https:\/\/api.w.org\/{rel}","templated":true}]}}