{"id":903,"date":"2009-12-19T17:05:13","date_gmt":"2009-12-19T15:05:13","guid":{"rendered":"https:\/\/www.lactissima.com\/a-tire-d-ailes\/?p=903"},"modified":"2014-03-15T17:09:23","modified_gmt":"2014-03-15T15:09:23","slug":"allaiter-et-travailler-le-temoignage-de-marianne","status":"publish","type":"post","link":"https:\/\/www.lactissima.com\/a-tire-d-ailes\/allaiter-et-travailler-le-temoignage-de-marianne\/","title":{"rendered":"Allaiter et travailler : le t\u00e9moignage de Marianne"},"content":{"rendered":"<p style=\"text-align: justify;\"><strong><img loading=\"lazy\" decoding=\"async\" class=\"alignleft size-full wp-image-906\" title=\"Allaiter et travailler\" alt=\"themis 5 juillet 2009 002\" src=\"https:\/\/www.lactissima.com\/a-tire-d-ailes\/wp-content\/uploads\/themis-5-juillet-2009-0022.jpg\" width=\"448\" height=\"297\" srcset=\"https:\/\/www.lactissima.com\/a-tire-d-ailes\/wp-content\/uploads\/themis-5-juillet-2009-0022.jpg 448w, https:\/\/www.lactissima.com\/a-tire-d-ailes\/wp-content\/uploads\/themis-5-juillet-2009-0022-300x198.jpg 300w\" sizes=\"(max-width: 448px) 100vw, 448px\" \/>Quel choix avez-vous fait au moment de la reprise du travail : sevrage ou poursuite de l&rsquo;allaitement ? Pourquoi ?<\/strong><\/p>\n<p style=\"text-align: justify;\">J&rsquo;ai eu tellement de difficult\u00e9s \u00e0 d\u00e9marrer que lorsque j&rsquo;ai commenc\u00e9 \u00e0 me sentir bien dans cette exp\u00e9rience de l&rsquo;allaitement, la reprise du travail pointait son nez. J&rsquo;avais \u00e9t\u00e9 inform\u00e9e lors de la pr\u00e9 inscription de mon futur enfant \u00e0 la cr\u00e8che de la possibilit\u00e9 de donner mon lait pour qu&rsquo;il soit donn\u00e9 \u00e0 mon b\u00e9b\u00e9. J&rsquo;ai donc souhait\u00e9 poursuivre cette belle aventure et tirer mon lait pour qu&rsquo;il soit donn\u00e9 \u00e0 ma fille pendant mes absences.<\/p>\n<ul style=\"text-align: justify;\">\n<li><strong>Comment vous \u00eates-vous organis\u00e9e ?<\/strong><\/li>\n<\/ul>\n<p style=\"text-align: justify;\">J&rsquo;avais \u00e9t\u00e9 inform\u00e9e du droit de tirer son lait sur mon lieu de travail. J&rsquo;ai donc inform\u00e9 ma directrice que je souhaitais continuer \u00e0 allaiter et donc m&rsquo;organiser pour tirer mon lait. Nous avons r\u00e9fl\u00e9chi \u00e0 la meilleur solution. J&rsquo;ai donc pu m&rsquo;installer dans les toilettes handicap\u00e9es, lieu spacieux o\u00f9 je pouvais mettre une chaise et \u00eatre s\u00fbre de ne pas \u00eatre d\u00e9rang\u00e9e. Je tirais au d\u00e9but 3 fois par jour matin, pause d\u00e9jeuner, apr\u00e8s midi au tire lait manuel puis je suis pass\u00e9e au m\u00e9d\u00e9la double pompage et 2 fois par jour matin et soir. Je rapportais le lait dans un sac isotherme le soir pour qu&rsquo;il soit donn\u00e9 le lendemain \u00e0 la cr\u00e8che. Le lait du vendredi \u00e9tait congel\u00e9 dans des bacs \u00e0 gla\u00e7ons et ensuite soit donn\u00e9 le mardi (je ne travaille pas le lundi) soit mis en sachet. Chaque gla\u00e7on faisait 20ml, et un sac \u00e9tait conserv\u00e9 \u00e0 la cr\u00e8che en cas de besoin.<br \/>\nJ&rsquo;ai tir\u00e9 mon lait jusqu&rsquo;au 13 mois de ma fille.<\/p>\n<ul style=\"text-align: justify;\">\n<li><strong>Quelles ont \u00e9t\u00e9 vos principales difficult\u00e9s ?<\/strong><\/li>\n<\/ul>\n<p style=\"text-align: justify;\">La premi\u00e8re difficult\u00e9 est arriv\u00e9e au bout d&rsquo;un mois, ma production a diminu\u00e9 d\u00fb \u00e0 un manque de t\u00e9t\u00e9es avec mon b\u00e9b\u00e9. Mon m\u00e9decin m&rsquo;avait conseill\u00e9 de passer \u00e0 4 t\u00e9t\u00e9es par jour et du coup je ne produisais pas assez. J&rsquo;ai donc suivi les conseils de La Leche League, t\u00e9t\u00e9es \u00e0 volont\u00e9 le week end et matin et soir en semaine. Ajout\u00e9 \u00e0 cela du fenugrec en g\u00e9lules, le tirage double pompage et tout est reparti.<\/p>\n<p style=\"text-align: justify;\">La deuxi\u00e8me a \u00e9t\u00e9 une mycose mammaire qui est revenue et qui m&rsquo;a fait souffrir pendant mes tirages de lait.<\/p>\n<p style=\"text-align: justify;\">Autre difficult\u00e9, l&rsquo;organisation. Entre le travail, se reposer, s&rsquo;occuper de b\u00e9b\u00e9 et g\u00e9rer le quotidien cela n&rsquo;a pas \u00e9t\u00e9 de tout repos mais j&rsquo;y suis arriv\u00e9e!<\/p>\n<ul style=\"text-align: justify;\">\n<li><strong>Quels ont \u00e9t\u00e9 vos meilleurs moments ?<\/strong><\/li>\n<\/ul>\n<p style=\"text-align: justify;\">Les t\u00e9t\u00e9es retrouvailles apr\u00e8s une dure journ\u00e9e de travail, lorsque ma fille a commenc\u00e9 \u00e0 parler et me disait en tendant les bras vers mois TETEE maman, \u00ab\u00a0j&rsquo;adore t\u00e9ter maman\u00a0\u00bb un soir, les regards complices lors des t\u00e9t\u00e9es, mes rencontres avec d&rsquo;autres mamans qui allaitent et qui m&rsquo;ont fait r\u00e9aliser que je ne suis pas une extra terrestre, juste une maman qui suit son instinct!<\/p>\n<ul style=\"text-align: justify;\">\n<li><strong>Qu&rsquo;est-ce que vous souhaiteriez dire aux mamans qui doivent faire un choix dans les semaines \u00e0 venir ?<\/strong><\/li>\n<\/ul>\n<p style=\"text-align: justify;\">Que le jeu en vaut la chandelle! que la tendresse partag\u00e9e avec son enfant est un cadeau inestimable! que cela les rend plus fort! qu&rsquo;il faut s&rsquo;accrocher et surtout ne pas h\u00e9siter \u00e0 demander de l&rsquo;aide (LLL, sage-femme, consultante en lactation, amies qui ont allait\u00e9 etc&#8230;), qu&rsquo;il faut croire en soit et en ses capacit\u00e9s \u00e0 rebondir, que cela est possible d&rsquo;allaiter ET de travailler qu&rsquo;il faut juste trouver l&rsquo;organisation qui convient \u00e0 la famille. Que cela est pratique: on est chez des amis, ils nous invitent \u00e0 rester diner, hop le diner du b\u00e9b\u00e9 est tout pr\u00eat! On part en balade, b\u00e9b\u00e9 a faim, hop le sein de maman. Que cela renforce la confiance en soi, cela booste et donne envie de d\u00e9placer des montagnes!<\/p>\n<ul style=\"text-align: justify;\">\n<li><strong>Ce serait \u00e0 refaire, vous referiez le m\u00eame choix ? Que changeriez-vous ?<\/strong><\/li>\n<\/ul>\n<p style=\"text-align: justify;\">OUI mille fois oui!<br \/>\nJe me serais inform\u00e9e avant la naissance sur le nombre de t\u00e9t\u00e9e (\u00e0 la demande est la meilleure r\u00e9ponse) pour \u00e9viter de diminuer \u00e0 4 et baisser ma lactation.J&rsquo;utiliserais un tire lait double pompage o\u00f9 les mains seraient libres (j&rsquo;arrivais pas avec le double pompage).<\/p>\n<div style=\"text-align: justify;\"><strong>Arti<\/strong><strong>cles en rapport :<\/strong><strong> <\/strong><\/div>\n<ul>\n<li style=\"text-align: justify;\"><a href=\"https:\/\/www.lactissima.com\/a-tire-d-ailes\/?p=885\">Allaiter et travailler : le t\u00e9moignage de Sabine<\/a><\/li>\n<li style=\"text-align: justify;\"><a href=\"?p=873\">Allaiter et travailler : le t\u00e9moignage de C\u00e9cile<\/a><\/li>\n<li style=\"text-align: justify;\"><a href=\"?p=782\">Allaiter et travailler : le t\u00e9moignage de Sophie<\/a><\/li>\n<li style=\"text-align: justify;\"><a href=\"?p=778\">Allaiter et travailler : le t\u00e9moignage d&rsquo;Alexia<\/a><\/li>\n<li style=\"text-align: justify;\"><a href=\"?p=730\">Allaiter et travailler : le t\u00e9moignage de Sibylle<\/a><\/li>\n<li style=\"text-align: justify;\"><a href=\"?p=715\">Allaiter et travailler : le t\u00e9moignage de Clara<\/a><\/li>\n<li style=\"text-align: justify;\"><a href=\"?p=648\">Allaiter et travailler : le t\u00e9moignage de Florence<\/a><\/li>\n<li style=\"text-align: justify;\"><a href=\"?p=735\">Allaiter et travailler : le t\u00e9moignage de Virginie<\/a><\/li>\n<li style=\"text-align: justify;\"><a href=\"?p=771\">Allaiter et travailler : le t\u00e9moignage de B\u00e9atrice<\/a><\/li>\n<\/ul>\n<p>&nbsp;<\/p>\n","protected":false},"excerpt":{"rendered":"<p>    * Ce serait \u00e0 refaire, vous referiez le m\u00eame choix ? Que changeriez-vous ?<\/p>\n<p>OUI mille fois oui!<br \/>\nJe me serais inform\u00e9e avant la naissance sur le nombre de t\u00e9t\u00e9e (\u00e0 la demande est la meilleure r\u00e9ponse) pour \u00e9viter de diminuer \u00e0 4 et baisser ma lactation.J&rsquo;utiliserais un tire lait double pompage o\u00f9 les mains seraient libres (j&rsquo;arrivais pas avec le double pompage).<\/p>\n","protected":false},"author":170,"featured_media":906,"comment_status":"open","ping_status":"open","sticky":false,"template":"","format":"standard","meta":{"_et_pb_use_builder":"","_et_pb_old_content":"","_et_gb_content_width":"","footnotes":""},"categories":[36,150],"tags":[681,57],"class_list":["post-903","post","type-post","status-publish","format-standard","has-post-thumbnail","hentry","category-allaitement-et-travail","category-temoignages","tag-allaitement-et-travail","tag-tire-lait"],"yoast_head":"<!-- This site is optimized with the Yoast SEO plugin v27.4 - https:\/\/yoast.com\/product\/yoast-seo-wordpress\/ -->\n<title>Allaiter et travailler : le t\u00e9moignage de Marianne<\/title>\n<meta name=\"description\" content=\"* Ce serait \u00e0 refaire, vous referiez le m\u00eame choix ? Que changeriez-vous ?  OUI mille fois oui! Je me serais inform\u00e9e avant la naissance sur le nombre de t\u00e9t\u00e9e (\u00e0 la demande est la meilleure r\u00e9ponse) pour \u00e9viter de diminuer \u00e0 4 et baisser ma lactation.J&#039;utiliserais un tire lait double pompage o\u00f9 les mains seraient libres (j&#039;arrivais pas avec le double pompage).\" \/>\n<meta name=\"robots\" content=\"index, follow, max-snippet:-1, max-image-preview:large, max-video-preview:-1\" \/>\n<link rel=\"canonical\" href=\"https:\/\/www.lactissima.com\/a-tire-d-ailes\/allaiter-et-travailler-le-temoignage-de-marianne\/\" \/>\n<meta property=\"og:locale\" content=\"fr_FR\" \/>\n<meta property=\"og:type\" content=\"article\" \/>\n<meta property=\"og:title\" content=\"Allaiter et travailler : le t\u00e9moignage de Marianne\" \/>\n<meta property=\"og:description\" content=\"* Ce serait \u00e0 refaire, vous referiez le m\u00eame choix ? Que changeriez-vous ?  OUI mille fois oui! Je me serais inform\u00e9e avant la naissance sur le nombre de t\u00e9t\u00e9e (\u00e0 la demande est la meilleure r\u00e9ponse) pour \u00e9viter de diminuer \u00e0 4 et baisser ma lactation.J&#039;utiliserais un tire lait double pompage o\u00f9 les mains seraient libres (j&#039;arrivais pas avec le double pompage).\" \/>\n<meta property=\"og:url\" content=\"https:\/\/www.lactissima.com\/a-tire-d-ailes\/allaiter-et-travailler-le-temoignage-de-marianne\/\" \/>\n<meta property=\"og:site_name\" content=\"A tire d&#039;Ailes\" \/>\n<meta property=\"article:publisher\" content=\"https:\/\/www.facebook.com\/consultante.en.lactation\" \/>\n<meta property=\"article:author\" content=\"www.facebook.com\/consultante.en.lactation\" \/>\n<meta property=\"article:published_time\" content=\"2009-12-19T15:05:13+00:00\" \/>\n<meta property=\"article:modified_time\" content=\"2014-03-15T15:09:23+00:00\" \/>\n<meta property=\"og:image\" content=\"https:\/\/www.lactissima.com\/a-tire-d-ailes\/wp-content\/uploads\/themis-5-juillet-2009-0022.jpg\" \/>\n\t<meta property=\"og:image:width\" content=\"448\" \/>\n\t<meta property=\"og:image:height\" content=\"297\" \/>\n\t<meta property=\"og:image:type\" content=\"image\/jpeg\" \/>\n<meta name=\"author\" content=\"V\u00e9ronique Darmangeat\" \/>\n<meta name=\"twitter:card\" content=\"summary_large_image\" \/>\n<meta name=\"twitter:creator\" content=\"@VeroniqueIBCLC\" \/>\n<meta name=\"twitter:site\" content=\"@VeroniqueIBCLC\" \/>\n<meta name=\"twitter:label1\" content=\"\u00c9crit par\" \/>\n\t<meta name=\"twitter:data1\" content=\"V\u00e9ronique Darmangeat\" \/>\n\t<meta name=\"twitter:label2\" content=\"Dur\u00e9e de lecture estim\u00e9e\" \/>\n\t<meta name=\"twitter:data2\" content=\"4 minutes\" \/>\n<script type=\"application\/ld+json\" class=\"yoast-schema-graph\">{\"@context\":\"https:\\\/\\\/schema.org\",\"@graph\":[{\"@type\":\"Article\",\"@id\":\"https:\\\/\\\/www.lactissima.com\\\/a-tire-d-ailes\\\/allaiter-et-travailler-le-temoignage-de-marianne\\\/#article\",\"isPartOf\":{\"@id\":\"https:\\\/\\\/www.lactissima.com\\\/a-tire-d-ailes\\\/allaiter-et-travailler-le-temoignage-de-marianne\\\/\"},\"author\":{\"name\":\"V\u00e9ronique Darmangeat\",\"@id\":\"https:\\\/\\\/www.lactissima.com\\\/a-tire-d-ailes\\\/#\\\/schema\\\/person\\\/8f98d3a89530861bc1240e6d53d44eed\"},\"headline\":\"Allaiter et travailler : le t\u00e9moignage de Marianne\",\"datePublished\":\"2009-12-19T15:05:13+00:00\",\"dateModified\":\"2014-03-15T15:09:23+00:00\",\"mainEntityOfPage\":{\"@id\":\"https:\\\/\\\/www.lactissima.com\\\/a-tire-d-ailes\\\/allaiter-et-travailler-le-temoignage-de-marianne\\\/\"},\"wordCount\":826,\"commentCount\":1,\"image\":{\"@id\":\"https:\\\/\\\/www.lactissima.com\\\/a-tire-d-ailes\\\/allaiter-et-travailler-le-temoignage-de-marianne\\\/#primaryimage\"},\"thumbnailUrl\":\"https:\\\/\\\/www.lactissima.com\\\/a-tire-d-ailes\\\/wp-content\\\/uploads\\\/themis-5-juillet-2009-0022.jpg\",\"keywords\":[\"Allaitement et Travail\",\"tire-lait\"],\"articleSection\":[\"Allaitement et Travail\",\"t\u00e9moignages\"],\"inLanguage\":\"fr-FR\",\"potentialAction\":[{\"@type\":\"CommentAction\",\"name\":\"Comment\",\"target\":[\"https:\\\/\\\/www.lactissima.com\\\/a-tire-d-ailes\\\/allaiter-et-travailler-le-temoignage-de-marianne\\\/#respond\"]}]},{\"@type\":\"WebPage\",\"@id\":\"https:\\\/\\\/www.lactissima.com\\\/a-tire-d-ailes\\\/allaiter-et-travailler-le-temoignage-de-marianne\\\/\",\"url\":\"https:\\\/\\\/www.lactissima.com\\\/a-tire-d-ailes\\\/allaiter-et-travailler-le-temoignage-de-marianne\\\/\",\"name\":\"Allaiter et travailler : le t\u00e9moignage de Marianne\",\"isPartOf\":{\"@id\":\"https:\\\/\\\/www.lactissima.com\\\/a-tire-d-ailes\\\/#website\"},\"primaryImageOfPage\":{\"@id\":\"https:\\\/\\\/www.lactissima.com\\\/a-tire-d-ailes\\\/allaiter-et-travailler-le-temoignage-de-marianne\\\/#primaryimage\"},\"image\":{\"@id\":\"https:\\\/\\\/www.lactissima.com\\\/a-tire-d-ailes\\\/allaiter-et-travailler-le-temoignage-de-marianne\\\/#primaryimage\"},\"thumbnailUrl\":\"https:\\\/\\\/www.lactissima.com\\\/a-tire-d-ailes\\\/wp-content\\\/uploads\\\/themis-5-juillet-2009-0022.jpg\",\"datePublished\":\"2009-12-19T15:05:13+00:00\",\"dateModified\":\"2014-03-15T15:09:23+00:00\",\"author\":{\"@id\":\"https:\\\/\\\/www.lactissima.com\\\/a-tire-d-ailes\\\/#\\\/schema\\\/person\\\/8f98d3a89530861bc1240e6d53d44eed\"},\"description\":\"* Ce serait \u00e0 refaire, vous referiez le m\u00eame choix ? Que changeriez-vous ? OUI mille fois oui! Je me serais inform\u00e9e avant la naissance sur le nombre de t\u00e9t\u00e9e (\u00e0 la demande est la meilleure r\u00e9ponse) pour \u00e9viter de diminuer \u00e0 4 et baisser ma lactation.J'utiliserais un tire lait double pompage o\u00f9 les mains seraient libres (j'arrivais pas avec le double pompage).\",\"breadcrumb\":{\"@id\":\"https:\\\/\\\/www.lactissima.com\\\/a-tire-d-ailes\\\/allaiter-et-travailler-le-temoignage-de-marianne\\\/#breadcrumb\"},\"inLanguage\":\"fr-FR\",\"potentialAction\":[{\"@type\":\"ReadAction\",\"target\":[\"https:\\\/\\\/www.lactissima.com\\\/a-tire-d-ailes\\\/allaiter-et-travailler-le-temoignage-de-marianne\\\/\"]}]},{\"@type\":\"ImageObject\",\"inLanguage\":\"fr-FR\",\"@id\":\"https:\\\/\\\/www.lactissima.com\\\/a-tire-d-ailes\\\/allaiter-et-travailler-le-temoignage-de-marianne\\\/#primaryimage\",\"url\":\"https:\\\/\\\/www.lactissima.com\\\/a-tire-d-ailes\\\/wp-content\\\/uploads\\\/themis-5-juillet-2009-0022.jpg\",\"contentUrl\":\"https:\\\/\\\/www.lactissima.com\\\/a-tire-d-ailes\\\/wp-content\\\/uploads\\\/themis-5-juillet-2009-0022.jpg\",\"width\":\"448\",\"height\":\"297\"},{\"@type\":\"BreadcrumbList\",\"@id\":\"https:\\\/\\\/www.lactissima.com\\\/a-tire-d-ailes\\\/allaiter-et-travailler-le-temoignage-de-marianne\\\/#breadcrumb\",\"itemListElement\":[{\"@type\":\"ListItem\",\"position\":1,\"name\":\"Accueil\",\"item\":\"https:\\\/\\\/www.lactissima.com\\\/a-tire-d-ailes\\\/\"},{\"@type\":\"ListItem\",\"position\":2,\"name\":\"Allaiter et travailler : le t\u00e9moignage de Marianne\"}]},{\"@type\":\"WebSite\",\"@id\":\"https:\\\/\\\/www.lactissima.com\\\/a-tire-d-ailes\\\/#website\",\"url\":\"https:\\\/\\\/www.lactissima.com\\\/a-tire-d-ailes\\\/\",\"name\":\"A tire d&#039;Ailes\",\"description\":\"Le blog des femmes qui allaitent et travaillent.\",\"potentialAction\":[{\"@type\":\"SearchAction\",\"target\":{\"@type\":\"EntryPoint\",\"urlTemplate\":\"https:\\\/\\\/www.lactissima.com\\\/a-tire-d-ailes\\\/?s={search_term_string}\"},\"query-input\":{\"@type\":\"PropertyValueSpecification\",\"valueRequired\":true,\"valueName\":\"search_term_string\"}}],\"inLanguage\":\"fr-FR\"},{\"@type\":\"Person\",\"@id\":\"https:\\\/\\\/www.lactissima.com\\\/a-tire-d-ailes\\\/#\\\/schema\\\/person\\\/8f98d3a89530861bc1240e6d53d44eed\",\"name\":\"V\u00e9ronique Darmangeat\",\"image\":{\"@type\":\"ImageObject\",\"inLanguage\":\"fr-FR\",\"@id\":\"https:\\\/\\\/secure.gravatar.com\\\/avatar\\\/268c99344c89cebfe4f5df5fa8be43068a18884fc76a29f3206fae98465b9cab?s=96&d=identicon&r=g\",\"url\":\"https:\\\/\\\/secure.gravatar.com\\\/avatar\\\/268c99344c89cebfe4f5df5fa8be43068a18884fc76a29f3206fae98465b9cab?s=96&d=identicon&r=g\",\"contentUrl\":\"https:\\\/\\\/secure.gravatar.com\\\/avatar\\\/268c99344c89cebfe4f5df5fa8be43068a18884fc76a29f3206fae98465b9cab?s=96&d=identicon&r=g\",\"caption\":\"V\u00e9ronique Darmangeat\"},\"sameAs\":[\"https:\\\/\\\/www.lactissima.com\\\/a-tire-d-ailes\",\"www.facebook.com\\\/consultante.en.lactation\"]}]}<\/script>\n<!-- \/ Yoast SEO plugin. -->","yoast_head_json":{"title":"Allaiter et travailler : le t\u00e9moignage de Marianne","description":"* Ce serait \u00e0 refaire, vous referiez le m\u00eame choix ? Que changeriez-vous ?  OUI mille fois oui! Je me serais inform\u00e9e avant la naissance sur le nombre de t\u00e9t\u00e9e (\u00e0 la demande est la meilleure r\u00e9ponse) pour \u00e9viter de diminuer \u00e0 4 et baisser ma lactation.J'utiliserais un tire lait double pompage o\u00f9 les mains seraient libres (j'arrivais pas avec le double pompage).","robots":{"index":"index","follow":"follow","max-snippet":"max-snippet:-1","max-image-preview":"max-image-preview:large","max-video-preview":"max-video-preview:-1"},"canonical":"https:\/\/www.lactissima.com\/a-tire-d-ailes\/allaiter-et-travailler-le-temoignage-de-marianne\/","og_locale":"fr_FR","og_type":"article","og_title":"Allaiter et travailler : le t\u00e9moignage de Marianne","og_description":"* Ce serait \u00e0 refaire, vous referiez le m\u00eame choix ? Que changeriez-vous ?  OUI mille fois oui! Je me serais inform\u00e9e avant la naissance sur le nombre de t\u00e9t\u00e9e (\u00e0 la demande est la meilleure r\u00e9ponse) pour \u00e9viter de diminuer \u00e0 4 et baisser ma lactation.J'utiliserais un tire lait double pompage o\u00f9 les mains seraient libres (j'arrivais pas avec le double pompage).","og_url":"https:\/\/www.lactissima.com\/a-tire-d-ailes\/allaiter-et-travailler-le-temoignage-de-marianne\/","og_site_name":"A tire d&#039;Ailes","article_publisher":"https:\/\/www.facebook.com\/consultante.en.lactation","article_author":"www.facebook.com\/consultante.en.lactation","article_published_time":"2009-12-19T15:05:13+00:00","article_modified_time":"2014-03-15T15:09:23+00:00","og_image":[{"width":448,"height":297,"url":"https:\/\/www.lactissima.com\/a-tire-d-ailes\/wp-content\/uploads\/themis-5-juillet-2009-0022.jpg","type":"image\/jpeg"}],"author":"V\u00e9ronique Darmangeat","twitter_card":"summary_large_image","twitter_creator":"@VeroniqueIBCLC","twitter_site":"@VeroniqueIBCLC","twitter_misc":{"\u00c9crit par":"V\u00e9ronique Darmangeat","Dur\u00e9e de lecture estim\u00e9e":"4 minutes"},"schema":{"@context":"https:\/\/schema.org","@graph":[{"@type":"Article","@id":"https:\/\/www.lactissima.com\/a-tire-d-ailes\/allaiter-et-travailler-le-temoignage-de-marianne\/#article","isPartOf":{"@id":"https:\/\/www.lactissima.com\/a-tire-d-ailes\/allaiter-et-travailler-le-temoignage-de-marianne\/"},"author":{"name":"V\u00e9ronique Darmangeat","@id":"https:\/\/www.lactissima.com\/a-tire-d-ailes\/#\/schema\/person\/8f98d3a89530861bc1240e6d53d44eed"},"headline":"Allaiter et travailler : le t\u00e9moignage de Marianne","datePublished":"2009-12-19T15:05:13+00:00","dateModified":"2014-03-15T15:09:23+00:00","mainEntityOfPage":{"@id":"https:\/\/www.lactissima.com\/a-tire-d-ailes\/allaiter-et-travailler-le-temoignage-de-marianne\/"},"wordCount":826,"commentCount":1,"image":{"@id":"https:\/\/www.lactissima.com\/a-tire-d-ailes\/allaiter-et-travailler-le-temoignage-de-marianne\/#primaryimage"},"thumbnailUrl":"https:\/\/www.lactissima.com\/a-tire-d-ailes\/wp-content\/uploads\/themis-5-juillet-2009-0022.jpg","keywords":["Allaitement et Travail","tire-lait"],"articleSection":["Allaitement et Travail","t\u00e9moignages"],"inLanguage":"fr-FR","potentialAction":[{"@type":"CommentAction","name":"Comment","target":["https:\/\/www.lactissima.com\/a-tire-d-ailes\/allaiter-et-travailler-le-temoignage-de-marianne\/#respond"]}]},{"@type":"WebPage","@id":"https:\/\/www.lactissima.com\/a-tire-d-ailes\/allaiter-et-travailler-le-temoignage-de-marianne\/","url":"https:\/\/www.lactissima.com\/a-tire-d-ailes\/allaiter-et-travailler-le-temoignage-de-marianne\/","name":"Allaiter et travailler : le t\u00e9moignage de Marianne","isPartOf":{"@id":"https:\/\/www.lactissima.com\/a-tire-d-ailes\/#website"},"primaryImageOfPage":{"@id":"https:\/\/www.lactissima.com\/a-tire-d-ailes\/allaiter-et-travailler-le-temoignage-de-marianne\/#primaryimage"},"image":{"@id":"https:\/\/www.lactissima.com\/a-tire-d-ailes\/allaiter-et-travailler-le-temoignage-de-marianne\/#primaryimage"},"thumbnailUrl":"https:\/\/www.lactissima.com\/a-tire-d-ailes\/wp-content\/uploads\/themis-5-juillet-2009-0022.jpg","datePublished":"2009-12-19T15:05:13+00:00","dateModified":"2014-03-15T15:09:23+00:00","author":{"@id":"https:\/\/www.lactissima.com\/a-tire-d-ailes\/#\/schema\/person\/8f98d3a89530861bc1240e6d53d44eed"},"description":"* Ce serait \u00e0 refaire, vous referiez le m\u00eame choix ? Que changeriez-vous ? OUI mille fois oui! Je me serais inform\u00e9e avant la naissance sur le nombre de t\u00e9t\u00e9e (\u00e0 la demande est la meilleure r\u00e9ponse) pour \u00e9viter de diminuer \u00e0 4 et baisser ma lactation.J'utiliserais un tire lait double pompage o\u00f9 les mains seraient libres (j'arrivais pas avec le double pompage).","breadcrumb":{"@id":"https:\/\/www.lactissima.com\/a-tire-d-ailes\/allaiter-et-travailler-le-temoignage-de-marianne\/#breadcrumb"},"inLanguage":"fr-FR","potentialAction":[{"@type":"ReadAction","target":["https:\/\/www.lactissima.com\/a-tire-d-ailes\/allaiter-et-travailler-le-temoignage-de-marianne\/"]}]},{"@type":"ImageObject","inLanguage":"fr-FR","@id":"https:\/\/www.lactissima.com\/a-tire-d-ailes\/allaiter-et-travailler-le-temoignage-de-marianne\/#primaryimage","url":"https:\/\/www.lactissima.com\/a-tire-d-ailes\/wp-content\/uploads\/themis-5-juillet-2009-0022.jpg","contentUrl":"https:\/\/www.lactissima.com\/a-tire-d-ailes\/wp-content\/uploads\/themis-5-juillet-2009-0022.jpg","width":"448","height":"297"},{"@type":"BreadcrumbList","@id":"https:\/\/www.lactissima.com\/a-tire-d-ailes\/allaiter-et-travailler-le-temoignage-de-marianne\/#breadcrumb","itemListElement":[{"@type":"ListItem","position":1,"name":"Accueil","item":"https:\/\/www.lactissima.com\/a-tire-d-ailes\/"},{"@type":"ListItem","position":2,"name":"Allaiter et travailler : le t\u00e9moignage de Marianne"}]},{"@type":"WebSite","@id":"https:\/\/www.lactissima.com\/a-tire-d-ailes\/#website","url":"https:\/\/www.lactissima.com\/a-tire-d-ailes\/","name":"A tire d&#039;Ailes","description":"Le blog des femmes qui allaitent et travaillent.","potentialAction":[{"@type":"SearchAction","target":{"@type":"EntryPoint","urlTemplate":"https:\/\/www.lactissima.com\/a-tire-d-ailes\/?s={search_term_string}"},"query-input":{"@type":"PropertyValueSpecification","valueRequired":true,"valueName":"search_term_string"}}],"inLanguage":"fr-FR"},{"@type":"Person","@id":"https:\/\/www.lactissima.com\/a-tire-d-ailes\/#\/schema\/person\/8f98d3a89530861bc1240e6d53d44eed","name":"V\u00e9ronique Darmangeat","image":{"@type":"ImageObject","inLanguage":"fr-FR","@id":"https:\/\/secure.gravatar.com\/avatar\/268c99344c89cebfe4f5df5fa8be43068a18884fc76a29f3206fae98465b9cab?s=96&d=identicon&r=g","url":"https:\/\/secure.gravatar.com\/avatar\/268c99344c89cebfe4f5df5fa8be43068a18884fc76a29f3206fae98465b9cab?s=96&d=identicon&r=g","contentUrl":"https:\/\/secure.gravatar.com\/avatar\/268c99344c89cebfe4f5df5fa8be43068a18884fc76a29f3206fae98465b9cab?s=96&d=identicon&r=g","caption":"V\u00e9ronique Darmangeat"},"sameAs":["https:\/\/www.lactissima.com\/a-tire-d-ailes","www.facebook.com\/consultante.en.lactation"]}]}},"_links":{"self":[{"href":"https:\/\/www.lactissima.com\/a-tire-d-ailes\/wp-json\/wp\/v2\/posts\/903","targetHints":{"allow":["GET"]}}],"collection":[{"href":"https:\/\/www.lactissima.com\/a-tire-d-ailes\/wp-json\/wp\/v2\/posts"}],"about":[{"href":"https:\/\/www.lactissima.com\/a-tire-d-ailes\/wp-json\/wp\/v2\/types\/post"}],"author":[{"embeddable":true,"href":"https:\/\/www.lactissima.com\/a-tire-d-ailes\/wp-json\/wp\/v2\/users\/170"}],"replies":[{"embeddable":true,"href":"https:\/\/www.lactissima.com\/a-tire-d-ailes\/wp-json\/wp\/v2\/comments?post=903"}],"version-history":[{"count":12,"href":"https:\/\/www.lactissima.com\/a-tire-d-ailes\/wp-json\/wp\/v2\/posts\/903\/revisions"}],"predecessor-version":[{"id":5522,"href":"https:\/\/www.lactissima.com\/a-tire-d-ailes\/wp-json\/wp\/v2\/posts\/903\/revisions\/5522"}],"wp:featuredmedia":[{"embeddable":true,"href":"https:\/\/www.lactissima.com\/a-tire-d-ailes\/wp-json\/wp\/v2\/media\/906"}],"wp:attachment":[{"href":"https:\/\/www.lactissima.com\/a-tire-d-ailes\/wp-json\/wp\/v2\/media?parent=903"}],"wp:term":[{"taxonomy":"category","embeddable":true,"href":"https:\/\/www.lactissima.com\/a-tire-d-ailes\/wp-json\/wp\/v2\/categories?post=903"},{"taxonomy":"post_tag","embeddable":true,"href":"https:\/\/www.lactissima.com\/a-tire-d-ailes\/wp-json\/wp\/v2\/tags?post=903"}],"curies":[{"name":"wp","href":"https:\/\/api.w.org\/{rel}","templated":true}]}}