{"id":885,"date":"2009-12-12T22:10:50","date_gmt":"2009-12-12T20:10:50","guid":{"rendered":"https:\/\/www.lactissima.com\/a-tire-d-ailes\/?p=885"},"modified":"2014-03-15T17:09:45","modified_gmt":"2014-03-15T15:09:45","slug":"allaiter-et-travailler-le-temoignage-de-sabine","status":"publish","type":"post","link":"https:\/\/www.lactissima.com\/a-tire-d-ailes\/allaiter-et-travailler-le-temoignage-de-sabine\/","title":{"rendered":"Allaiter et travailler : le t\u00e9moignage de Sabine"},"content":{"rendered":"<p style=\"text-align: justify;\"><strong><img loading=\"lazy\" decoding=\"async\" class=\"alignleft size-full wp-image-888\" title=\"Allaiter et travailler\" alt=\"sabine2\" src=\"https:\/\/www.lactissima.com\/a-tire-d-ailes\/wp-content\/uploads\/sabine21.JPG\" width=\"299\" height=\"448\" srcset=\"https:\/\/www.lactissima.com\/a-tire-d-ailes\/wp-content\/uploads\/sabine21.JPG 299w, https:\/\/www.lactissima.com\/a-tire-d-ailes\/wp-content\/uploads\/sabine21-200x300.jpg 200w\" sizes=\"(max-width: 299px) 100vw, 299px\" \/>Quel choix avez-vous fait au moment de la reprise du travail : sevrage ou poursuite de l&rsquo;allaitement ? Pourquoi ?<\/strong><\/p>\n<p style=\"text-align: justify;\">Poursuite de l&rsquo;allaitement. Mon allaitement se passait bien, et puis de toute fa\u00e7on m\u00eame avant la naissance d&rsquo;Ana\u00c3\u00afs j&rsquo;avais d\u00e9cid\u00e9 de ne pas lui donner de lait artificiel. Je dois dire que j&rsquo;ai eu l&rsquo;exemple de ma soeur qui allaite ses b\u00e9b\u00e9s, le 1er pendant 3 ans, le 2\u00e8me encore en cours (il a 2 ans). Donc j&rsquo;avais d\u00e9cid\u00e9 de me battre pour tirer assez de lait pour ma puce. J&rsquo;ai repris le travail quand elle a eu 4 mois.<\/p>\n<ul style=\"text-align: justify;\">\n<li><strong>Comment vous \u00eates-vous organis\u00e9e ?<\/strong><\/li>\n<\/ul>\n<p style=\"text-align: justify;\">J&rsquo;ai d\u00e9j\u00e0 commenc\u00e9 \u00e0 tirer mon lait pour faire des r\u00e9serves 1 mois 1\/2 avant la reprise. On m&rsquo;avait conseill\u00e9 de ne pas commencer trop t\u00f4t pour profiter des t\u00e9t\u00e9es en direct, mais finalement \u00e9tant mauvaise tireuse j&rsquo;ai bien fait !<br \/>\nJe me suis \u00e9galement organis\u00e9e avec mon travail; j&rsquo;ai joint le service m\u00e9dical qui a accept\u00e9 de me laisser tirer mon lait dans leurs locaux.<br \/>\nAu bout d&rsquo;une semaine apr\u00e8s de ma reprise, ils m&rsquo;ont m\u00eame trouv\u00e9 une salle de repos inutilis\u00e9e \u00e0 cot\u00e9 de mon bureau; j&rsquo;avais les cl\u00e9s et pouvait y aller \u00e0 tout moment. En plus je pouvais continuer \u00e0 travailler sur mon PC gr\u00e2ce au WIFI &#8230; ! Du grand luxe.<br \/>\nJe tirais le matin en arrivant au travail; je venais assez t\u00f4t expr\u00e8s. Je tirais encore une fois le midi, et si possible vers 16h. Cela me prenait au moins 30 min \u00e0 chaque fois.<br \/>\nJ&rsquo;ai aussi trouv\u00e9 une nounou en or qui avait d\u00e9j\u00e0 eu un b\u00e9b\u00e9 allait\u00e9 en garde et qui trouvait cela normal; d&rsquo;autres nounous y avaient vu une difficult\u00e9, arguant qu&rsquo;un b\u00e9b\u00e9 allait\u00e9 cherchait \u00e0 t\u00e9ter tout le temps et \u00e9tait donc difficile \u00e0 garder. Ce qui a \u00e9t\u00e9 compl\u00e8tement faux pour ma puce qui s&rsquo;est tr\u00e8s bien adapt\u00e9e \u00e0 la garde, et est toujours un b\u00e9b\u00e9 facile \u00e0 garder.<\/p>\n<ul style=\"text-align: justify;\">\n<li><strong>Quelles ont \u00e9t\u00e9 vos principales difficult\u00e9s ?<\/strong><\/li>\n<\/ul>\n<p style=\"text-align: justify;\">Je tire peu de lait en un seul coup. J&rsquo;ai donc eu du mal \u00e0 maintenir le LM exclusif jusqu&rsquo;\u00e0 la diversification.<br \/>\nJ&rsquo;avais l&rsquo;impression de tirer tout le temps pendant ce mois-l\u00e0 : le matin, le midi, le soir, le WE; je n&rsquo;en pouvais plus et en plus je voyais mes r\u00e9serves diminuer au congel. C&rsquo;\u00e9tait devenu une obsession.<br \/>\nJ&rsquo;ai diversifi\u00e9 ma puce \u00e0 5 mois et par chance elle a tout de suite accept\u00e9 la cuilli\u00e8re et ador\u00e9 les solides (elle en criait de joie). Donc rapidement j&rsquo;ai introduit la carotte et la pomme, de mani\u00e8re \u00e0 pouvoir lui donner un repas de midi complet chez la nounou.<br \/>\nJ&rsquo;\u00e9tais soulag\u00e9e ! j&rsquo;ai recommenc\u00e9 \u00e0 faire des r\u00e9serves au congel. Et petit \u00e0 petit j&rsquo;ai diminu\u00e9 le nombre de tirages au travail, et arr\u00eat\u00e9 de tirer \u00e0 la maison. Elle n&rsquo;avait plus qu&rsquo;un biberon \u00e0 16h.Vers ses 8 mois j&rsquo;ai arr\u00eat\u00e9 tout tirage. Elle a d\u00e9sormais 10 mois 1\/2 et mange des solides avec la nounou, et t\u00e8te avec moi \u00e0 volont\u00e9 (en plus des solides bien s\u00fbr, c&rsquo;est une vorace &#8230;).<br \/>\nApr\u00e8s il y a eu des r\u00e9flexions des coll\u00e8gues qui me prenaient un peu pour une extra-terrestre, surtout ceux, nombreux, dont les enfants ont eu le biberon d\u00e8s la naissance. Mais une poign\u00e9e d&rsquo;entre eux ont appris qu&rsquo;on pouvait continuer \u00e0 allaiter apr\u00e8s la reprise du travail et ont trouv\u00e9 cela bien; qui sait peut-\u00eatre qu&rsquo;il y aura d&rsquo;autres \u00e9mules ?<br \/>\nEt l&rsquo;infirmi\u00e8re qui me disait: \u00ab\u00a0jai vu ce que vous avez tir\u00e9 ce matin, c&rsquo;est pas grand chose, vous \u00eates s\u00fbre que vous avez assez de lait ?\u00a0\u00bb Il vaut mieux \u00eatre bien renseign\u00e9e et s\u00fbre de soi dans ces cas-l\u00e0 .<\/p>\n<ul style=\"text-align: justify;\">\n<li><strong>Quels ont \u00e9t\u00e9 vos meilleurs moments ?<\/strong><\/li>\n<\/ul>\n<p style=\"text-align: justify;\">R\u00e9ussir le challenge du 5 mois exclusif (!) et du pas de \u00ab\u00a0lait artificiel\u00a0\u00bb. Avant ma reprise j&rsquo;avais \u00ab\u00a0r\u00f4d\u00e9\u00a0\u00bb vers le rayon LA des supermarch\u00e9s mais jamais franchit le pas.<br \/>\nEt puis les t\u00e9t\u00e9es retrouvailles, encore aujourd&rsquo;hui c&rsquo;est g\u00e9nial ! le meilleur moment de la journ\u00e9e.<br \/>\nQuand j&rsquo;arrive chez la nounou, elle t\u00e8te, et pendant ce temps la nounou me raconte la journ\u00e9e de ma puce. Ce qui permet d&rsquo;ailleurs \u00e0 la petite de 3 ans gard\u00e9e avec ma fille de voir une maman allaiter; elle avait du mal \u00e0 comprendre qu&rsquo;Ana\u00c3\u00afs t\u00e8te du lait(!) elle voulait lui ramener du lait du frigo&#8230;<\/p>\n<ul style=\"text-align: justify;\">\n<li><strong>Qu&rsquo;est-ce que vous souhaiteriez dire aux mamans qui doivent faire un choix dans les semaines \u00e0 venir ?<\/strong><\/li>\n<\/ul>\n<p style=\"text-align: justify;\">\u00e7a vaut le coup ! Maintenir l&rsquo;allaitement pendant ces quelques mois, permet de continuer ensuite tr\u00e8s longtemps, pour le bonheur de tous.<br \/>\nEt \u00e0 la diversification c&rsquo;est tellement facile.<br \/>\nPar contre c&rsquo;est vrai que j&rsquo;ai consid\u00e9r\u00e9 que tout ajout de LA serait un \u00e9chec pour moi, ce qui \u00e9tait sans doute une r\u00e9action un peu excessive.<br \/>\nEt la location du tire-lait \u00e9tant rembours\u00e9, c&rsquo;est tr\u00e8s rentable&#8230;<\/p>\n<ul style=\"text-align: justify;\">\n<li><strong>Ce serait \u00e0 refaire, vous referiez le m\u00eame choix ? Que changeriez-vous ?<\/strong><\/li>\n<\/ul>\n<p style=\"text-align: justify;\">Je reprendrais le travail aux 6 mois du b\u00e9b\u00e9, quand il serait diversifi\u00e9. C&rsquo;est quand m\u00eame beaucoup plus facile, surtout vu les difficult\u00e9s de tirage que j&rsquo;ai eu.<br \/>\nMais sinon je referais le m\u00eame choix de l&rsquo;allaitement, c&rsquo;est le meilleur don que je puisse faire pour mon b\u00e9b\u00e9. Je ne me vois pas du tout donner le biberon.<\/p>\n<div style=\"text-align: justify;\"><strong>Arti<\/strong><strong>cles en rapport :<\/strong><\/div>\n<div><strong> <\/strong><\/p>\n<ul>\n<li style=\"text-align: justify;\"><a href=\"https:\/\/www.lactissima.com\/a-tire-d-ailes\/?p=873\">Allaiter et travailler : le t\u00e9moignage de C\u00e9cile<\/a><\/li>\n<li style=\"text-align: justify;\"><a href=\"?p=782\">Allaiter et travailler : le t\u00e9moignage de Sophie<\/a><\/li>\n<li style=\"text-align: justify;\"><a href=\"?p=778\">Allaiter et travailler : le t\u00e9moignage d&rsquo;Alexia<\/a><\/li>\n<li style=\"text-align: justify;\"><a href=\"?p=730\">Allaiter et travailler : le t\u00e9moignage de Sibylle<\/a><\/li>\n<li style=\"text-align: justify;\"><a href=\"?p=715\">Allaiter et travailler : le t\u00e9moignage de Clara<\/a><\/li>\n<li style=\"text-align: justify;\"><a href=\"?p=648\">Allaiter et travailler : le t\u00e9moignage de Florence<\/a><\/li>\n<li style=\"text-align: justify;\"><a href=\"?p=735\">Allaiter et travailler : le t\u00e9moignage de Virginie<\/a><\/li>\n<li style=\"text-align: justify;\"><a href=\"?p=771\">Allaiter et travailler : le t\u00e9moignage de B\u00e9atrice<\/a><\/li>\n<\/ul>\n<\/div>\n<p>&nbsp;<\/p>\n","protected":false},"excerpt":{"rendered":"<p>\u00ef\u00bf\u00bd?a vaut le coup ! Maintenir l&rsquo;allaitement pendant ces quelques mois, permet de continuer ensuite tr\u00e8s longtemps, pour le bonheur de tous.<\/p>\n","protected":false},"author":170,"featured_media":888,"comment_status":"open","ping_status":"open","sticky":false,"template":"","format":"standard","meta":{"_et_pb_use_builder":"","_et_pb_old_content":"","_et_gb_content_width":"","footnotes":""},"categories":[35,36,150],"tags":[681,148,57],"class_list":["post-885","post","type-post","status-publish","format-standard","has-post-thumbnail","hentry","category-allaitement","category-allaitement-et-travail","category-temoignages","tag-allaitement-et-travail","tag-temoignage","tag-tire-lait"],"yoast_head":"<!-- This site is optimized with the Yoast SEO plugin v27.4 - https:\/\/yoast.com\/product\/yoast-seo-wordpress\/ -->\n<title>Allaiter et travailler : le t\u00e9moignage de Sabine<\/title>\n<meta name=\"description\" content=\"\u00ef\u00bf\u00bd?a vaut le coup ! Maintenir l&#039;allaitement pendant ces quelques mois, permet de continuer ensuite tr\u00e8s longtemps, pour le bonheur de tous.\" \/>\n<meta name=\"robots\" content=\"index, follow, max-snippet:-1, max-image-preview:large, max-video-preview:-1\" \/>\n<link rel=\"canonical\" href=\"https:\/\/www.lactissima.com\/a-tire-d-ailes\/allaiter-et-travailler-le-temoignage-de-sabine\/\" \/>\n<meta property=\"og:locale\" content=\"fr_FR\" \/>\n<meta property=\"og:type\" content=\"article\" \/>\n<meta property=\"og:title\" content=\"Allaiter et travailler : le t\u00e9moignage de Sabine\" \/>\n<meta property=\"og:description\" content=\"\u00ef\u00bf\u00bd?a vaut le coup ! Maintenir l&#039;allaitement pendant ces quelques mois, permet de continuer ensuite tr\u00e8s longtemps, pour le bonheur de tous.\" \/>\n<meta property=\"og:url\" content=\"https:\/\/www.lactissima.com\/a-tire-d-ailes\/allaiter-et-travailler-le-temoignage-de-sabine\/\" \/>\n<meta property=\"og:site_name\" content=\"A tire d&#039;Ailes\" \/>\n<meta property=\"article:publisher\" content=\"https:\/\/www.facebook.com\/consultante.en.lactation\" \/>\n<meta property=\"article:author\" content=\"www.facebook.com\/consultante.en.lactation\" \/>\n<meta property=\"article:published_time\" content=\"2009-12-12T20:10:50+00:00\" \/>\n<meta property=\"article:modified_time\" content=\"2014-03-15T15:09:45+00:00\" \/>\n<meta property=\"og:image\" content=\"https:\/\/www.lactissima.com\/a-tire-d-ailes\/wp-content\/uploads\/sabine21.JPG\" \/>\n\t<meta property=\"og:image:width\" content=\"299\" \/>\n\t<meta property=\"og:image:height\" content=\"448\" \/>\n\t<meta property=\"og:image:type\" content=\"image\/jpeg\" \/>\n<meta name=\"author\" content=\"V\u00e9ronique Darmangeat\" \/>\n<meta name=\"twitter:card\" content=\"summary_large_image\" \/>\n<meta name=\"twitter:creator\" content=\"@VeroniqueIBCLC\" \/>\n<meta name=\"twitter:site\" content=\"@VeroniqueIBCLC\" \/>\n<meta name=\"twitter:label1\" content=\"\u00c9crit par\" \/>\n\t<meta name=\"twitter:data1\" content=\"V\u00e9ronique Darmangeat\" \/>\n\t<meta name=\"twitter:label2\" content=\"Dur\u00e9e de lecture estim\u00e9e\" \/>\n\t<meta name=\"twitter:data2\" content=\"5 minutes\" \/>\n<script type=\"application\/ld+json\" class=\"yoast-schema-graph\">{\"@context\":\"https:\\\/\\\/schema.org\",\"@graph\":[{\"@type\":\"Article\",\"@id\":\"https:\\\/\\\/www.lactissima.com\\\/a-tire-d-ailes\\\/allaiter-et-travailler-le-temoignage-de-sabine\\\/#article\",\"isPartOf\":{\"@id\":\"https:\\\/\\\/www.lactissima.com\\\/a-tire-d-ailes\\\/allaiter-et-travailler-le-temoignage-de-sabine\\\/\"},\"author\":{\"name\":\"V\u00e9ronique Darmangeat\",\"@id\":\"https:\\\/\\\/www.lactissima.com\\\/a-tire-d-ailes\\\/#\\\/schema\\\/person\\\/8f98d3a89530861bc1240e6d53d44eed\"},\"headline\":\"Allaiter et travailler : le t\u00e9moignage de Sabine\",\"datePublished\":\"2009-12-12T20:10:50+00:00\",\"dateModified\":\"2014-03-15T15:09:45+00:00\",\"mainEntityOfPage\":{\"@id\":\"https:\\\/\\\/www.lactissima.com\\\/a-tire-d-ailes\\\/allaiter-et-travailler-le-temoignage-de-sabine\\\/\"},\"wordCount\":1034,\"commentCount\":1,\"image\":{\"@id\":\"https:\\\/\\\/www.lactissima.com\\\/a-tire-d-ailes\\\/allaiter-et-travailler-le-temoignage-de-sabine\\\/#primaryimage\"},\"thumbnailUrl\":\"https:\\\/\\\/www.lactissima.com\\\/a-tire-d-ailes\\\/wp-content\\\/uploads\\\/sabine21.JPG\",\"keywords\":[\"Allaitement et Travail\",\"t\u00e9moignage\",\"tire-lait\"],\"articleSection\":[\"Allaitement\",\"Allaitement et Travail\",\"t\u00e9moignages\"],\"inLanguage\":\"fr-FR\",\"potentialAction\":[{\"@type\":\"CommentAction\",\"name\":\"Comment\",\"target\":[\"https:\\\/\\\/www.lactissima.com\\\/a-tire-d-ailes\\\/allaiter-et-travailler-le-temoignage-de-sabine\\\/#respond\"]}]},{\"@type\":\"WebPage\",\"@id\":\"https:\\\/\\\/www.lactissima.com\\\/a-tire-d-ailes\\\/allaiter-et-travailler-le-temoignage-de-sabine\\\/\",\"url\":\"https:\\\/\\\/www.lactissima.com\\\/a-tire-d-ailes\\\/allaiter-et-travailler-le-temoignage-de-sabine\\\/\",\"name\":\"Allaiter et travailler : le t\u00e9moignage de Sabine\",\"isPartOf\":{\"@id\":\"https:\\\/\\\/www.lactissima.com\\\/a-tire-d-ailes\\\/#website\"},\"primaryImageOfPage\":{\"@id\":\"https:\\\/\\\/www.lactissima.com\\\/a-tire-d-ailes\\\/allaiter-et-travailler-le-temoignage-de-sabine\\\/#primaryimage\"},\"image\":{\"@id\":\"https:\\\/\\\/www.lactissima.com\\\/a-tire-d-ailes\\\/allaiter-et-travailler-le-temoignage-de-sabine\\\/#primaryimage\"},\"thumbnailUrl\":\"https:\\\/\\\/www.lactissima.com\\\/a-tire-d-ailes\\\/wp-content\\\/uploads\\\/sabine21.JPG\",\"datePublished\":\"2009-12-12T20:10:50+00:00\",\"dateModified\":\"2014-03-15T15:09:45+00:00\",\"author\":{\"@id\":\"https:\\\/\\\/www.lactissima.com\\\/a-tire-d-ailes\\\/#\\\/schema\\\/person\\\/8f98d3a89530861bc1240e6d53d44eed\"},\"description\":\"\u00ef\u00bf\u00bd?a vaut le coup ! Maintenir l'allaitement pendant ces quelques mois, permet de continuer ensuite tr\u00e8s longtemps, pour le bonheur de tous.\",\"breadcrumb\":{\"@id\":\"https:\\\/\\\/www.lactissima.com\\\/a-tire-d-ailes\\\/allaiter-et-travailler-le-temoignage-de-sabine\\\/#breadcrumb\"},\"inLanguage\":\"fr-FR\",\"potentialAction\":[{\"@type\":\"ReadAction\",\"target\":[\"https:\\\/\\\/www.lactissima.com\\\/a-tire-d-ailes\\\/allaiter-et-travailler-le-temoignage-de-sabine\\\/\"]}]},{\"@type\":\"ImageObject\",\"inLanguage\":\"fr-FR\",\"@id\":\"https:\\\/\\\/www.lactissima.com\\\/a-tire-d-ailes\\\/allaiter-et-travailler-le-temoignage-de-sabine\\\/#primaryimage\",\"url\":\"https:\\\/\\\/www.lactissima.com\\\/a-tire-d-ailes\\\/wp-content\\\/uploads\\\/sabine21.JPG\",\"contentUrl\":\"https:\\\/\\\/www.lactissima.com\\\/a-tire-d-ailes\\\/wp-content\\\/uploads\\\/sabine21.JPG\",\"width\":\"299\",\"height\":\"448\"},{\"@type\":\"BreadcrumbList\",\"@id\":\"https:\\\/\\\/www.lactissima.com\\\/a-tire-d-ailes\\\/allaiter-et-travailler-le-temoignage-de-sabine\\\/#breadcrumb\",\"itemListElement\":[{\"@type\":\"ListItem\",\"position\":1,\"name\":\"Accueil\",\"item\":\"https:\\\/\\\/www.lactissima.com\\\/a-tire-d-ailes\\\/\"},{\"@type\":\"ListItem\",\"position\":2,\"name\":\"Allaiter et travailler : le t\u00e9moignage de Sabine\"}]},{\"@type\":\"WebSite\",\"@id\":\"https:\\\/\\\/www.lactissima.com\\\/a-tire-d-ailes\\\/#website\",\"url\":\"https:\\\/\\\/www.lactissima.com\\\/a-tire-d-ailes\\\/\",\"name\":\"A tire d&#039;Ailes\",\"description\":\"Le blog des femmes qui allaitent et travaillent.\",\"potentialAction\":[{\"@type\":\"SearchAction\",\"target\":{\"@type\":\"EntryPoint\",\"urlTemplate\":\"https:\\\/\\\/www.lactissima.com\\\/a-tire-d-ailes\\\/?s={search_term_string}\"},\"query-input\":{\"@type\":\"PropertyValueSpecification\",\"valueRequired\":true,\"valueName\":\"search_term_string\"}}],\"inLanguage\":\"fr-FR\"},{\"@type\":\"Person\",\"@id\":\"https:\\\/\\\/www.lactissima.com\\\/a-tire-d-ailes\\\/#\\\/schema\\\/person\\\/8f98d3a89530861bc1240e6d53d44eed\",\"name\":\"V\u00e9ronique Darmangeat\",\"image\":{\"@type\":\"ImageObject\",\"inLanguage\":\"fr-FR\",\"@id\":\"https:\\\/\\\/secure.gravatar.com\\\/avatar\\\/268c99344c89cebfe4f5df5fa8be43068a18884fc76a29f3206fae98465b9cab?s=96&d=identicon&r=g\",\"url\":\"https:\\\/\\\/secure.gravatar.com\\\/avatar\\\/268c99344c89cebfe4f5df5fa8be43068a18884fc76a29f3206fae98465b9cab?s=96&d=identicon&r=g\",\"contentUrl\":\"https:\\\/\\\/secure.gravatar.com\\\/avatar\\\/268c99344c89cebfe4f5df5fa8be43068a18884fc76a29f3206fae98465b9cab?s=96&d=identicon&r=g\",\"caption\":\"V\u00e9ronique Darmangeat\"},\"sameAs\":[\"https:\\\/\\\/www.lactissima.com\\\/a-tire-d-ailes\",\"www.facebook.com\\\/consultante.en.lactation\"]}]}<\/script>\n<!-- \/ Yoast SEO plugin. -->","yoast_head_json":{"title":"Allaiter et travailler : le t\u00e9moignage de Sabine","description":"\u00ef\u00bf\u00bd?a vaut le coup ! Maintenir l'allaitement pendant ces quelques mois, permet de continuer ensuite tr\u00e8s longtemps, pour le bonheur de tous.","robots":{"index":"index","follow":"follow","max-snippet":"max-snippet:-1","max-image-preview":"max-image-preview:large","max-video-preview":"max-video-preview:-1"},"canonical":"https:\/\/www.lactissima.com\/a-tire-d-ailes\/allaiter-et-travailler-le-temoignage-de-sabine\/","og_locale":"fr_FR","og_type":"article","og_title":"Allaiter et travailler : le t\u00e9moignage de Sabine","og_description":"\u00ef\u00bf\u00bd?a vaut le coup ! Maintenir l'allaitement pendant ces quelques mois, permet de continuer ensuite tr\u00e8s longtemps, pour le bonheur de tous.","og_url":"https:\/\/www.lactissima.com\/a-tire-d-ailes\/allaiter-et-travailler-le-temoignage-de-sabine\/","og_site_name":"A tire d&#039;Ailes","article_publisher":"https:\/\/www.facebook.com\/consultante.en.lactation","article_author":"www.facebook.com\/consultante.en.lactation","article_published_time":"2009-12-12T20:10:50+00:00","article_modified_time":"2014-03-15T15:09:45+00:00","og_image":[{"width":299,"height":448,"url":"https:\/\/www.lactissima.com\/a-tire-d-ailes\/wp-content\/uploads\/sabine21.JPG","type":"image\/jpeg"}],"author":"V\u00e9ronique Darmangeat","twitter_card":"summary_large_image","twitter_creator":"@VeroniqueIBCLC","twitter_site":"@VeroniqueIBCLC","twitter_misc":{"\u00c9crit par":"V\u00e9ronique Darmangeat","Dur\u00e9e de lecture estim\u00e9e":"5 minutes"},"schema":{"@context":"https:\/\/schema.org","@graph":[{"@type":"Article","@id":"https:\/\/www.lactissima.com\/a-tire-d-ailes\/allaiter-et-travailler-le-temoignage-de-sabine\/#article","isPartOf":{"@id":"https:\/\/www.lactissima.com\/a-tire-d-ailes\/allaiter-et-travailler-le-temoignage-de-sabine\/"},"author":{"name":"V\u00e9ronique Darmangeat","@id":"https:\/\/www.lactissima.com\/a-tire-d-ailes\/#\/schema\/person\/8f98d3a89530861bc1240e6d53d44eed"},"headline":"Allaiter et travailler : le t\u00e9moignage de Sabine","datePublished":"2009-12-12T20:10:50+00:00","dateModified":"2014-03-15T15:09:45+00:00","mainEntityOfPage":{"@id":"https:\/\/www.lactissima.com\/a-tire-d-ailes\/allaiter-et-travailler-le-temoignage-de-sabine\/"},"wordCount":1034,"commentCount":1,"image":{"@id":"https:\/\/www.lactissima.com\/a-tire-d-ailes\/allaiter-et-travailler-le-temoignage-de-sabine\/#primaryimage"},"thumbnailUrl":"https:\/\/www.lactissima.com\/a-tire-d-ailes\/wp-content\/uploads\/sabine21.JPG","keywords":["Allaitement et Travail","t\u00e9moignage","tire-lait"],"articleSection":["Allaitement","Allaitement et Travail","t\u00e9moignages"],"inLanguage":"fr-FR","potentialAction":[{"@type":"CommentAction","name":"Comment","target":["https:\/\/www.lactissima.com\/a-tire-d-ailes\/allaiter-et-travailler-le-temoignage-de-sabine\/#respond"]}]},{"@type":"WebPage","@id":"https:\/\/www.lactissima.com\/a-tire-d-ailes\/allaiter-et-travailler-le-temoignage-de-sabine\/","url":"https:\/\/www.lactissima.com\/a-tire-d-ailes\/allaiter-et-travailler-le-temoignage-de-sabine\/","name":"Allaiter et travailler : le t\u00e9moignage de Sabine","isPartOf":{"@id":"https:\/\/www.lactissima.com\/a-tire-d-ailes\/#website"},"primaryImageOfPage":{"@id":"https:\/\/www.lactissima.com\/a-tire-d-ailes\/allaiter-et-travailler-le-temoignage-de-sabine\/#primaryimage"},"image":{"@id":"https:\/\/www.lactissima.com\/a-tire-d-ailes\/allaiter-et-travailler-le-temoignage-de-sabine\/#primaryimage"},"thumbnailUrl":"https:\/\/www.lactissima.com\/a-tire-d-ailes\/wp-content\/uploads\/sabine21.JPG","datePublished":"2009-12-12T20:10:50+00:00","dateModified":"2014-03-15T15:09:45+00:00","author":{"@id":"https:\/\/www.lactissima.com\/a-tire-d-ailes\/#\/schema\/person\/8f98d3a89530861bc1240e6d53d44eed"},"description":"\u00ef\u00bf\u00bd?a vaut le coup ! Maintenir l'allaitement pendant ces quelques mois, permet de continuer ensuite tr\u00e8s longtemps, pour le bonheur de tous.","breadcrumb":{"@id":"https:\/\/www.lactissima.com\/a-tire-d-ailes\/allaiter-et-travailler-le-temoignage-de-sabine\/#breadcrumb"},"inLanguage":"fr-FR","potentialAction":[{"@type":"ReadAction","target":["https:\/\/www.lactissima.com\/a-tire-d-ailes\/allaiter-et-travailler-le-temoignage-de-sabine\/"]}]},{"@type":"ImageObject","inLanguage":"fr-FR","@id":"https:\/\/www.lactissima.com\/a-tire-d-ailes\/allaiter-et-travailler-le-temoignage-de-sabine\/#primaryimage","url":"https:\/\/www.lactissima.com\/a-tire-d-ailes\/wp-content\/uploads\/sabine21.JPG","contentUrl":"https:\/\/www.lactissima.com\/a-tire-d-ailes\/wp-content\/uploads\/sabine21.JPG","width":"299","height":"448"},{"@type":"BreadcrumbList","@id":"https:\/\/www.lactissima.com\/a-tire-d-ailes\/allaiter-et-travailler-le-temoignage-de-sabine\/#breadcrumb","itemListElement":[{"@type":"ListItem","position":1,"name":"Accueil","item":"https:\/\/www.lactissima.com\/a-tire-d-ailes\/"},{"@type":"ListItem","position":2,"name":"Allaiter et travailler : le t\u00e9moignage de Sabine"}]},{"@type":"WebSite","@id":"https:\/\/www.lactissima.com\/a-tire-d-ailes\/#website","url":"https:\/\/www.lactissima.com\/a-tire-d-ailes\/","name":"A tire d&#039;Ailes","description":"Le blog des femmes qui allaitent et travaillent.","potentialAction":[{"@type":"SearchAction","target":{"@type":"EntryPoint","urlTemplate":"https:\/\/www.lactissima.com\/a-tire-d-ailes\/?s={search_term_string}"},"query-input":{"@type":"PropertyValueSpecification","valueRequired":true,"valueName":"search_term_string"}}],"inLanguage":"fr-FR"},{"@type":"Person","@id":"https:\/\/www.lactissima.com\/a-tire-d-ailes\/#\/schema\/person\/8f98d3a89530861bc1240e6d53d44eed","name":"V\u00e9ronique Darmangeat","image":{"@type":"ImageObject","inLanguage":"fr-FR","@id":"https:\/\/secure.gravatar.com\/avatar\/268c99344c89cebfe4f5df5fa8be43068a18884fc76a29f3206fae98465b9cab?s=96&d=identicon&r=g","url":"https:\/\/secure.gravatar.com\/avatar\/268c99344c89cebfe4f5df5fa8be43068a18884fc76a29f3206fae98465b9cab?s=96&d=identicon&r=g","contentUrl":"https:\/\/secure.gravatar.com\/avatar\/268c99344c89cebfe4f5df5fa8be43068a18884fc76a29f3206fae98465b9cab?s=96&d=identicon&r=g","caption":"V\u00e9ronique Darmangeat"},"sameAs":["https:\/\/www.lactissima.com\/a-tire-d-ailes","www.facebook.com\/consultante.en.lactation"]}]}},"_links":{"self":[{"href":"https:\/\/www.lactissima.com\/a-tire-d-ailes\/wp-json\/wp\/v2\/posts\/885","targetHints":{"allow":["GET"]}}],"collection":[{"href":"https:\/\/www.lactissima.com\/a-tire-d-ailes\/wp-json\/wp\/v2\/posts"}],"about":[{"href":"https:\/\/www.lactissima.com\/a-tire-d-ailes\/wp-json\/wp\/v2\/types\/post"}],"author":[{"embeddable":true,"href":"https:\/\/www.lactissima.com\/a-tire-d-ailes\/wp-json\/wp\/v2\/users\/170"}],"replies":[{"embeddable":true,"href":"https:\/\/www.lactissima.com\/a-tire-d-ailes\/wp-json\/wp\/v2\/comments?post=885"}],"version-history":[{"count":13,"href":"https:\/\/www.lactissima.com\/a-tire-d-ailes\/wp-json\/wp\/v2\/posts\/885\/revisions"}],"predecessor-version":[{"id":5525,"href":"https:\/\/www.lactissima.com\/a-tire-d-ailes\/wp-json\/wp\/v2\/posts\/885\/revisions\/5525"}],"wp:featuredmedia":[{"embeddable":true,"href":"https:\/\/www.lactissima.com\/a-tire-d-ailes\/wp-json\/wp\/v2\/media\/888"}],"wp:attachment":[{"href":"https:\/\/www.lactissima.com\/a-tire-d-ailes\/wp-json\/wp\/v2\/media?parent=885"}],"wp:term":[{"taxonomy":"category","embeddable":true,"href":"https:\/\/www.lactissima.com\/a-tire-d-ailes\/wp-json\/wp\/v2\/categories?post=885"},{"taxonomy":"post_tag","embeddable":true,"href":"https:\/\/www.lactissima.com\/a-tire-d-ailes\/wp-json\/wp\/v2\/tags?post=885"}],"curies":[{"name":"wp","href":"https:\/\/api.w.org\/{rel}","templated":true}]}}