{"id":8808,"date":"2023-05-03T10:45:39","date_gmt":"2023-05-03T08:45:39","guid":{"rendered":"https:\/\/www.lactissima.com\/a-tire-d-ailes\/?p=8808"},"modified":"2023-05-03T10:45:39","modified_gmt":"2023-05-03T08:45:39","slug":"le-chu-de-clermont-ferrand-propose-des-salles-dallaitement","status":"publish","type":"post","link":"https:\/\/www.lactissima.com\/a-tire-d-ailes\/le-chu-de-clermont-ferrand-propose-des-salles-dallaitement\/","title":{"rendered":"Le CHU de Clermont-Ferrand propose des salles d&rsquo;allaitement"},"content":{"rendered":"<p>Rares sont encore les entreprises ou les services publics proposant des <strong>salles d&rsquo;allaitement<\/strong>. Une bonne nouvelle nous est parvenue : le CHU de <strong>Clermont-Ferrand<\/strong> soutient ses salari\u00e9es qui allaitent en leur proposant des<span style=\"color: #333333;\"> <a style=\"color: #333333;\" href=\"https:\/\/www.lactissima.com\/a-tire-d-ailes\/le-chu-de-clermont-ferrand-propose-des-salles-dallaitement\">salles d&rsquo;allaitement<\/a> <\/span>sur chacun de leurs sites pour qu&rsquo;elles puissent tirer leur lait dans de bonnes conditions. 3 salles d\u2019allaitement sont ainsi propos\u00e9es sur chacun des sites Gabriel-Montpied, Estaing et Louise-Michel.<\/p>\n<p>Quand on sait que les m\u00e9tiers hospitaliers sont parmi les pires pour pouvoir tirer son lait, cette nouvelle devait \u00eatre tr\u00e8s attendue par les salari\u00e9es ! Esp\u00e9rons que le personnel travaillant dans les services les plus tendus pourra prendre une pause quand c&rsquo;est n\u00e9cessaire. C&rsquo;est en g\u00e9n\u00e9ral le principal probl\u00e8me, dans les services d&rsquo;urgences notamment.<\/p>\n<p>Ces salles sont \u00e9quip\u00e9es d&rsquo;un <strong>tire-lait<\/strong> en pr\u00eat pour les femmes qui le souhaitent.<\/p>\n<p>Le dispositif avait \u00e9t\u00e9 test\u00e9 sur le site Estaing en parall\u00e8le de sa labellisation \u00ab maternit\u00e9 \u00e9coresponsable\u00bb en d\u00e9cembre 2021.<\/p>\n<div class='et-box et-info'>\n\t\t\t\t\t<div class='et-box-content'>\u00ab\u00a0J\u2019amenais mon propre tire-lait mais j\u2019\u00e9tais tr\u00e8s contente d\u2019avoir un frigo et une bouilloire \u00e0 disposition. La d\u00e9coration est soign\u00e9e et les fauteuils confortables, ce qui en fait un lieu tr\u00e8s cocooning. Sans doute, si cette salle n\u2019avait pas \u00e9t\u00e9 l\u00e0, j\u2019aurais arr\u00eat\u00e9 l\u2019allaitement plus t\u00f4t.\u00a0\u00bb<\/p>\n<p>Audrey, agent \u00e0 Louise-Michel<\/div><\/div>\n<p>&nbsp;<\/p>\n<p>Et <strong>vous<\/strong>, travaillez-vous dans cet h\u00f4pital ? Pouvez-vous nous faire un retour ?<br \/>\nSi vous souhaitez que votre entreprise se lance, n&rsquo;h\u00e9sitez pas \u00e0 avoir recours \u00e0 <a href=\"https:\/\/www.lactissima.com\/\">Lactissima<\/a>.<\/p>\n<p>&nbsp;<\/p>\n<p>Source : <a href=\"https:\/\/www.chu-clermontferrand.fr\/cp-salles-allaitement-au-chru\" target=\"_blank\" rel=\"noopener\">CHU Clermont-Ferrand<\/a><\/p>\n<p>Image : Photo de\u00a0<a href=\"https:\/\/unsplash.com\/it\/@louisgaudiau?utm_source=unsplash&amp;utm_medium=referral&amp;utm_content=creditCopyText\">Louis Gaudiau<\/a>\u00a0sur\u00a0<a href=\"https:\/\/unsplash.com\/fr\/photos\/WbeNL6b-gqI?utm_source=unsplash&amp;utm_medium=referral&amp;utm_content=creditCopyText\">Unsplash<\/a><\/p>\n<div class='et-box et-shadow'>\n\t\t\t\t\t<div class='et-box-content'>Lire des articles ou poser des questions en commentaire ne suffit pas \u00e0 r\u00e9soudre votre probl\u00e8me ? Savez-vous que vous pouvez prendre RDV pour une consultation avec moi ? N&rsquo;h\u00e9sitez pas \u00e0 me contacter !<\/div><\/div>\n","protected":false},"excerpt":{"rendered":"<p>Rares sont encore les entreprises ou les services publics proposant des salles d&rsquo;allaitement. Une bonne nouvelle nous est parvenue : le CHU de Clermont-Ferrand soutient ses salari\u00e9es qui allaitent en leur proposant des salles d&rsquo;allaitement sur chacun de leurs sites pour qu&rsquo;elles puissent tirer leur lait dans de bonnes conditions. 3 salles d\u2019allaitement sont ainsi [&hellip;]<\/p>\n","protected":false},"author":170,"featured_media":8818,"comment_status":"open","ping_status":"open","sticky":false,"template":"","format":"standard","meta":{"_et_pb_use_builder":"","_et_pb_old_content":"","_et_gb_content_width":"","footnotes":""},"categories":[34],"tags":[],"class_list":["post-8808","post","type-post","status-publish","format-standard","has-post-thumbnail","hentry","category-actualites"],"yoast_head":"<!-- This site is optimized with the Yoast SEO plugin v27.4 - https:\/\/yoast.com\/product\/yoast-seo-wordpress\/ -->\n<title>salles d&#039;allaitement<\/title>\n<meta name=\"description\" content=\"Le CHU de Clermont-Ferrand a mis en place 3 salles d&#039;allaitement pour ses salari\u00e9es revenant de cong\u00e9 maternit\u00e9.\" \/>\n<meta name=\"robots\" content=\"index, follow, max-snippet:-1, max-image-preview:large, max-video-preview:-1\" \/>\n<link rel=\"canonical\" href=\"https:\/\/www.lactissima.com\/a-tire-d-ailes\/le-chu-de-clermont-ferrand-propose-des-salles-dallaitement\/\" \/>\n<meta property=\"og:locale\" content=\"fr_FR\" \/>\n<meta property=\"og:type\" content=\"article\" \/>\n<meta property=\"og:title\" content=\"salles d&#039;allaitement\" \/>\n<meta property=\"og:description\" content=\"Le CHU de Clermont-Ferrand a mis en place 3 salles d&#039;allaitement pour ses salari\u00e9es revenant de cong\u00e9 maternit\u00e9.\" \/>\n<meta property=\"og:url\" content=\"https:\/\/www.lactissima.com\/a-tire-d-ailes\/le-chu-de-clermont-ferrand-propose-des-salles-dallaitement\/\" \/>\n<meta property=\"og:site_name\" content=\"A tire d&#039;Ailes\" \/>\n<meta property=\"article:publisher\" content=\"https:\/\/www.facebook.com\/consultante.en.lactation\" \/>\n<meta property=\"article:author\" content=\"www.facebook.com\/consultante.en.lactation\" \/>\n<meta property=\"article:published_time\" content=\"2023-05-03T08:45:39+00:00\" \/>\n<meta property=\"og:image\" content=\"https:\/\/www.lactissima.com\/a-tire-d-ailes\/wp-content\/uploads\/2023\/05\/Clermont-Ferrand-scaled-e1683103435287.jpg\" \/>\n\t<meta property=\"og:image:width\" content=\"200\" \/>\n\t<meta property=\"og:image:height\" content=\"300\" \/>\n\t<meta property=\"og:image:type\" content=\"image\/jpeg\" \/>\n<meta name=\"author\" content=\"V\u00e9ronique Darmangeat\" \/>\n<meta name=\"twitter:card\" content=\"summary_large_image\" \/>\n<meta name=\"twitter:creator\" content=\"@VeroniqueIBCLC\" \/>\n<meta name=\"twitter:site\" content=\"@VeroniqueIBCLC\" \/>\n<meta name=\"twitter:label1\" content=\"\u00c9crit par\" \/>\n\t<meta name=\"twitter:data1\" content=\"V\u00e9ronique Darmangeat\" \/>\n\t<meta name=\"twitter:label2\" content=\"Dur\u00e9e de lecture estim\u00e9e\" \/>\n\t<meta name=\"twitter:data2\" content=\"2 minutes\" \/>\n<script type=\"application\/ld+json\" class=\"yoast-schema-graph\">{\"@context\":\"https:\\\/\\\/schema.org\",\"@graph\":[{\"@type\":\"Article\",\"@id\":\"https:\\\/\\\/www.lactissima.com\\\/a-tire-d-ailes\\\/le-chu-de-clermont-ferrand-propose-des-salles-dallaitement\\\/#article\",\"isPartOf\":{\"@id\":\"https:\\\/\\\/www.lactissima.com\\\/a-tire-d-ailes\\\/le-chu-de-clermont-ferrand-propose-des-salles-dallaitement\\\/\"},\"author\":{\"name\":\"V\u00e9ronique Darmangeat\",\"@id\":\"https:\\\/\\\/www.lactissima.com\\\/a-tire-d-ailes\\\/#\\\/schema\\\/person\\\/8f98d3a89530861bc1240e6d53d44eed\"},\"headline\":\"Le CHU de Clermont-Ferrand propose des salles d&rsquo;allaitement\",\"datePublished\":\"2023-05-03T08:45:39+00:00\",\"mainEntityOfPage\":{\"@id\":\"https:\\\/\\\/www.lactissima.com\\\/a-tire-d-ailes\\\/le-chu-de-clermont-ferrand-propose-des-salles-dallaitement\\\/\"},\"wordCount\":318,\"commentCount\":0,\"image\":{\"@id\":\"https:\\\/\\\/www.lactissima.com\\\/a-tire-d-ailes\\\/le-chu-de-clermont-ferrand-propose-des-salles-dallaitement\\\/#primaryimage\"},\"thumbnailUrl\":\"https:\\\/\\\/www.lactissima.com\\\/a-tire-d-ailes\\\/wp-content\\\/uploads\\\/2023\\\/05\\\/Clermont-Ferrand-scaled-e1683103435287.jpg\",\"articleSection\":[\"Actualit\u00e9s\"],\"inLanguage\":\"fr-FR\",\"potentialAction\":[{\"@type\":\"CommentAction\",\"name\":\"Comment\",\"target\":[\"https:\\\/\\\/www.lactissima.com\\\/a-tire-d-ailes\\\/le-chu-de-clermont-ferrand-propose-des-salles-dallaitement\\\/#respond\"]}]},{\"@type\":\"WebPage\",\"@id\":\"https:\\\/\\\/www.lactissima.com\\\/a-tire-d-ailes\\\/le-chu-de-clermont-ferrand-propose-des-salles-dallaitement\\\/\",\"url\":\"https:\\\/\\\/www.lactissima.com\\\/a-tire-d-ailes\\\/le-chu-de-clermont-ferrand-propose-des-salles-dallaitement\\\/\",\"name\":\"salles d'allaitement\",\"isPartOf\":{\"@id\":\"https:\\\/\\\/www.lactissima.com\\\/a-tire-d-ailes\\\/#website\"},\"primaryImageOfPage\":{\"@id\":\"https:\\\/\\\/www.lactissima.com\\\/a-tire-d-ailes\\\/le-chu-de-clermont-ferrand-propose-des-salles-dallaitement\\\/#primaryimage\"},\"image\":{\"@id\":\"https:\\\/\\\/www.lactissima.com\\\/a-tire-d-ailes\\\/le-chu-de-clermont-ferrand-propose-des-salles-dallaitement\\\/#primaryimage\"},\"thumbnailUrl\":\"https:\\\/\\\/www.lactissima.com\\\/a-tire-d-ailes\\\/wp-content\\\/uploads\\\/2023\\\/05\\\/Clermont-Ferrand-scaled-e1683103435287.jpg\",\"datePublished\":\"2023-05-03T08:45:39+00:00\",\"author\":{\"@id\":\"https:\\\/\\\/www.lactissima.com\\\/a-tire-d-ailes\\\/#\\\/schema\\\/person\\\/8f98d3a89530861bc1240e6d53d44eed\"},\"description\":\"Le CHU de Clermont-Ferrand a mis en place 3 salles d'allaitement pour ses salari\u00e9es revenant de cong\u00e9 maternit\u00e9.\",\"breadcrumb\":{\"@id\":\"https:\\\/\\\/www.lactissima.com\\\/a-tire-d-ailes\\\/le-chu-de-clermont-ferrand-propose-des-salles-dallaitement\\\/#breadcrumb\"},\"inLanguage\":\"fr-FR\",\"potentialAction\":[{\"@type\":\"ReadAction\",\"target\":[\"https:\\\/\\\/www.lactissima.com\\\/a-tire-d-ailes\\\/le-chu-de-clermont-ferrand-propose-des-salles-dallaitement\\\/\"]}]},{\"@type\":\"ImageObject\",\"inLanguage\":\"fr-FR\",\"@id\":\"https:\\\/\\\/www.lactissima.com\\\/a-tire-d-ailes\\\/le-chu-de-clermont-ferrand-propose-des-salles-dallaitement\\\/#primaryimage\",\"url\":\"https:\\\/\\\/www.lactissima.com\\\/a-tire-d-ailes\\\/wp-content\\\/uploads\\\/2023\\\/05\\\/Clermont-Ferrand-scaled-e1683103435287.jpg\",\"contentUrl\":\"https:\\\/\\\/www.lactissima.com\\\/a-tire-d-ailes\\\/wp-content\\\/uploads\\\/2023\\\/05\\\/Clermont-Ferrand-scaled-e1683103435287.jpg\",\"width\":200,\"height\":300,\"caption\":\"salles d'allaitement\"},{\"@type\":\"BreadcrumbList\",\"@id\":\"https:\\\/\\\/www.lactissima.com\\\/a-tire-d-ailes\\\/le-chu-de-clermont-ferrand-propose-des-salles-dallaitement\\\/#breadcrumb\",\"itemListElement\":[{\"@type\":\"ListItem\",\"position\":1,\"name\":\"Accueil\",\"item\":\"https:\\\/\\\/www.lactissima.com\\\/a-tire-d-ailes\\\/\"},{\"@type\":\"ListItem\",\"position\":2,\"name\":\"Le CHU de Clermont-Ferrand propose des salles d&rsquo;allaitement\"}]},{\"@type\":\"WebSite\",\"@id\":\"https:\\\/\\\/www.lactissima.com\\\/a-tire-d-ailes\\\/#website\",\"url\":\"https:\\\/\\\/www.lactissima.com\\\/a-tire-d-ailes\\\/\",\"name\":\"A tire d&#039;Ailes\",\"description\":\"Le blog des femmes qui allaitent et travaillent.\",\"potentialAction\":[{\"@type\":\"SearchAction\",\"target\":{\"@type\":\"EntryPoint\",\"urlTemplate\":\"https:\\\/\\\/www.lactissima.com\\\/a-tire-d-ailes\\\/?s={search_term_string}\"},\"query-input\":{\"@type\":\"PropertyValueSpecification\",\"valueRequired\":true,\"valueName\":\"search_term_string\"}}],\"inLanguage\":\"fr-FR\"},{\"@type\":\"Person\",\"@id\":\"https:\\\/\\\/www.lactissima.com\\\/a-tire-d-ailes\\\/#\\\/schema\\\/person\\\/8f98d3a89530861bc1240e6d53d44eed\",\"name\":\"V\u00e9ronique Darmangeat\",\"image\":{\"@type\":\"ImageObject\",\"inLanguage\":\"fr-FR\",\"@id\":\"https:\\\/\\\/secure.gravatar.com\\\/avatar\\\/268c99344c89cebfe4f5df5fa8be43068a18884fc76a29f3206fae98465b9cab?s=96&d=identicon&r=g\",\"url\":\"https:\\\/\\\/secure.gravatar.com\\\/avatar\\\/268c99344c89cebfe4f5df5fa8be43068a18884fc76a29f3206fae98465b9cab?s=96&d=identicon&r=g\",\"contentUrl\":\"https:\\\/\\\/secure.gravatar.com\\\/avatar\\\/268c99344c89cebfe4f5df5fa8be43068a18884fc76a29f3206fae98465b9cab?s=96&d=identicon&r=g\",\"caption\":\"V\u00e9ronique Darmangeat\"},\"sameAs\":[\"https:\\\/\\\/www.lactissima.com\\\/a-tire-d-ailes\",\"www.facebook.com\\\/consultante.en.lactation\"]}]}<\/script>\n<!-- \/ Yoast SEO plugin. -->","yoast_head_json":{"title":"salles d'allaitement","description":"Le CHU de Clermont-Ferrand a mis en place 3 salles d'allaitement pour ses salari\u00e9es revenant de cong\u00e9 maternit\u00e9.","robots":{"index":"index","follow":"follow","max-snippet":"max-snippet:-1","max-image-preview":"max-image-preview:large","max-video-preview":"max-video-preview:-1"},"canonical":"https:\/\/www.lactissima.com\/a-tire-d-ailes\/le-chu-de-clermont-ferrand-propose-des-salles-dallaitement\/","og_locale":"fr_FR","og_type":"article","og_title":"salles d'allaitement","og_description":"Le CHU de Clermont-Ferrand a mis en place 3 salles d'allaitement pour ses salari\u00e9es revenant de cong\u00e9 maternit\u00e9.","og_url":"https:\/\/www.lactissima.com\/a-tire-d-ailes\/le-chu-de-clermont-ferrand-propose-des-salles-dallaitement\/","og_site_name":"A tire d&#039;Ailes","article_publisher":"https:\/\/www.facebook.com\/consultante.en.lactation","article_author":"www.facebook.com\/consultante.en.lactation","article_published_time":"2023-05-03T08:45:39+00:00","og_image":[{"width":200,"height":300,"url":"https:\/\/www.lactissima.com\/a-tire-d-ailes\/wp-content\/uploads\/2023\/05\/Clermont-Ferrand-scaled-e1683103435287.jpg","type":"image\/jpeg"}],"author":"V\u00e9ronique Darmangeat","twitter_card":"summary_large_image","twitter_creator":"@VeroniqueIBCLC","twitter_site":"@VeroniqueIBCLC","twitter_misc":{"\u00c9crit par":"V\u00e9ronique Darmangeat","Dur\u00e9e de lecture estim\u00e9e":"2 minutes"},"schema":{"@context":"https:\/\/schema.org","@graph":[{"@type":"Article","@id":"https:\/\/www.lactissima.com\/a-tire-d-ailes\/le-chu-de-clermont-ferrand-propose-des-salles-dallaitement\/#article","isPartOf":{"@id":"https:\/\/www.lactissima.com\/a-tire-d-ailes\/le-chu-de-clermont-ferrand-propose-des-salles-dallaitement\/"},"author":{"name":"V\u00e9ronique Darmangeat","@id":"https:\/\/www.lactissima.com\/a-tire-d-ailes\/#\/schema\/person\/8f98d3a89530861bc1240e6d53d44eed"},"headline":"Le CHU de Clermont-Ferrand propose des salles d&rsquo;allaitement","datePublished":"2023-05-03T08:45:39+00:00","mainEntityOfPage":{"@id":"https:\/\/www.lactissima.com\/a-tire-d-ailes\/le-chu-de-clermont-ferrand-propose-des-salles-dallaitement\/"},"wordCount":318,"commentCount":0,"image":{"@id":"https:\/\/www.lactissima.com\/a-tire-d-ailes\/le-chu-de-clermont-ferrand-propose-des-salles-dallaitement\/#primaryimage"},"thumbnailUrl":"https:\/\/www.lactissima.com\/a-tire-d-ailes\/wp-content\/uploads\/2023\/05\/Clermont-Ferrand-scaled-e1683103435287.jpg","articleSection":["Actualit\u00e9s"],"inLanguage":"fr-FR","potentialAction":[{"@type":"CommentAction","name":"Comment","target":["https:\/\/www.lactissima.com\/a-tire-d-ailes\/le-chu-de-clermont-ferrand-propose-des-salles-dallaitement\/#respond"]}]},{"@type":"WebPage","@id":"https:\/\/www.lactissima.com\/a-tire-d-ailes\/le-chu-de-clermont-ferrand-propose-des-salles-dallaitement\/","url":"https:\/\/www.lactissima.com\/a-tire-d-ailes\/le-chu-de-clermont-ferrand-propose-des-salles-dallaitement\/","name":"salles d'allaitement","isPartOf":{"@id":"https:\/\/www.lactissima.com\/a-tire-d-ailes\/#website"},"primaryImageOfPage":{"@id":"https:\/\/www.lactissima.com\/a-tire-d-ailes\/le-chu-de-clermont-ferrand-propose-des-salles-dallaitement\/#primaryimage"},"image":{"@id":"https:\/\/www.lactissima.com\/a-tire-d-ailes\/le-chu-de-clermont-ferrand-propose-des-salles-dallaitement\/#primaryimage"},"thumbnailUrl":"https:\/\/www.lactissima.com\/a-tire-d-ailes\/wp-content\/uploads\/2023\/05\/Clermont-Ferrand-scaled-e1683103435287.jpg","datePublished":"2023-05-03T08:45:39+00:00","author":{"@id":"https:\/\/www.lactissima.com\/a-tire-d-ailes\/#\/schema\/person\/8f98d3a89530861bc1240e6d53d44eed"},"description":"Le CHU de Clermont-Ferrand a mis en place 3 salles d'allaitement pour ses salari\u00e9es revenant de cong\u00e9 maternit\u00e9.","breadcrumb":{"@id":"https:\/\/www.lactissima.com\/a-tire-d-ailes\/le-chu-de-clermont-ferrand-propose-des-salles-dallaitement\/#breadcrumb"},"inLanguage":"fr-FR","potentialAction":[{"@type":"ReadAction","target":["https:\/\/www.lactissima.com\/a-tire-d-ailes\/le-chu-de-clermont-ferrand-propose-des-salles-dallaitement\/"]}]},{"@type":"ImageObject","inLanguage":"fr-FR","@id":"https:\/\/www.lactissima.com\/a-tire-d-ailes\/le-chu-de-clermont-ferrand-propose-des-salles-dallaitement\/#primaryimage","url":"https:\/\/www.lactissima.com\/a-tire-d-ailes\/wp-content\/uploads\/2023\/05\/Clermont-Ferrand-scaled-e1683103435287.jpg","contentUrl":"https:\/\/www.lactissima.com\/a-tire-d-ailes\/wp-content\/uploads\/2023\/05\/Clermont-Ferrand-scaled-e1683103435287.jpg","width":200,"height":300,"caption":"salles d'allaitement"},{"@type":"BreadcrumbList","@id":"https:\/\/www.lactissima.com\/a-tire-d-ailes\/le-chu-de-clermont-ferrand-propose-des-salles-dallaitement\/#breadcrumb","itemListElement":[{"@type":"ListItem","position":1,"name":"Accueil","item":"https:\/\/www.lactissima.com\/a-tire-d-ailes\/"},{"@type":"ListItem","position":2,"name":"Le CHU de Clermont-Ferrand propose des salles d&rsquo;allaitement"}]},{"@type":"WebSite","@id":"https:\/\/www.lactissima.com\/a-tire-d-ailes\/#website","url":"https:\/\/www.lactissima.com\/a-tire-d-ailes\/","name":"A tire d&#039;Ailes","description":"Le blog des femmes qui allaitent et travaillent.","potentialAction":[{"@type":"SearchAction","target":{"@type":"EntryPoint","urlTemplate":"https:\/\/www.lactissima.com\/a-tire-d-ailes\/?s={search_term_string}"},"query-input":{"@type":"PropertyValueSpecification","valueRequired":true,"valueName":"search_term_string"}}],"inLanguage":"fr-FR"},{"@type":"Person","@id":"https:\/\/www.lactissima.com\/a-tire-d-ailes\/#\/schema\/person\/8f98d3a89530861bc1240e6d53d44eed","name":"V\u00e9ronique Darmangeat","image":{"@type":"ImageObject","inLanguage":"fr-FR","@id":"https:\/\/secure.gravatar.com\/avatar\/268c99344c89cebfe4f5df5fa8be43068a18884fc76a29f3206fae98465b9cab?s=96&d=identicon&r=g","url":"https:\/\/secure.gravatar.com\/avatar\/268c99344c89cebfe4f5df5fa8be43068a18884fc76a29f3206fae98465b9cab?s=96&d=identicon&r=g","contentUrl":"https:\/\/secure.gravatar.com\/avatar\/268c99344c89cebfe4f5df5fa8be43068a18884fc76a29f3206fae98465b9cab?s=96&d=identicon&r=g","caption":"V\u00e9ronique Darmangeat"},"sameAs":["https:\/\/www.lactissima.com\/a-tire-d-ailes","www.facebook.com\/consultante.en.lactation"]}]}},"_links":{"self":[{"href":"https:\/\/www.lactissima.com\/a-tire-d-ailes\/wp-json\/wp\/v2\/posts\/8808","targetHints":{"allow":["GET"]}}],"collection":[{"href":"https:\/\/www.lactissima.com\/a-tire-d-ailes\/wp-json\/wp\/v2\/posts"}],"about":[{"href":"https:\/\/www.lactissima.com\/a-tire-d-ailes\/wp-json\/wp\/v2\/types\/post"}],"author":[{"embeddable":true,"href":"https:\/\/www.lactissima.com\/a-tire-d-ailes\/wp-json\/wp\/v2\/users\/170"}],"replies":[{"embeddable":true,"href":"https:\/\/www.lactissima.com\/a-tire-d-ailes\/wp-json\/wp\/v2\/comments?post=8808"}],"version-history":[{"count":6,"href":"https:\/\/www.lactissima.com\/a-tire-d-ailes\/wp-json\/wp\/v2\/posts\/8808\/revisions"}],"predecessor-version":[{"id":8817,"href":"https:\/\/www.lactissima.com\/a-tire-d-ailes\/wp-json\/wp\/v2\/posts\/8808\/revisions\/8817"}],"wp:featuredmedia":[{"embeddable":true,"href":"https:\/\/www.lactissima.com\/a-tire-d-ailes\/wp-json\/wp\/v2\/media\/8818"}],"wp:attachment":[{"href":"https:\/\/www.lactissima.com\/a-tire-d-ailes\/wp-json\/wp\/v2\/media?parent=8808"}],"wp:term":[{"taxonomy":"category","embeddable":true,"href":"https:\/\/www.lactissima.com\/a-tire-d-ailes\/wp-json\/wp\/v2\/categories?post=8808"},{"taxonomy":"post_tag","embeddable":true,"href":"https:\/\/www.lactissima.com\/a-tire-d-ailes\/wp-json\/wp\/v2\/tags?post=8808"}],"curies":[{"name":"wp","href":"https:\/\/api.w.org\/{rel}","templated":true}]}}