{"id":8797,"date":"2023-04-26T19:24:57","date_gmt":"2023-04-26T17:24:57","guid":{"rendered":"https:\/\/www.lactissima.com\/a-tire-d-ailes\/?p=8797"},"modified":"2023-04-26T19:24:57","modified_gmt":"2023-04-26T17:24:57","slug":"du-mobilier-allaitement-en-milieu-professionnel","status":"publish","type":"post","link":"https:\/\/www.lactissima.com\/a-tire-d-ailes\/du-mobilier-allaitement-en-milieu-professionnel\/","title":{"rendered":"Du mobilier allaitement en milieu professionnel"},"content":{"rendered":"<p style=\"text-align: justify;\">J&rsquo;ai d\u00e9couvert la semaine derni\u00e8re une solution propos\u00e9e par <a href=\"https:\/\/pachamama-solutions.com\/\" target=\"_blank\" rel=\"noopener\">Pachamama Solutions<\/a> pour proposer un espace allaitement en milieu professionnel avec du <span style=\"color: #333333;\"><a style=\"color: #333333;\" href=\"https:\/\/www.lactissima.com\/a-tire-d-ailes\/du-mobilier-allaitement-en-milieu-professionnel\/\">mobilier allaitement<\/a>.<\/span><\/p>\n<p style=\"text-align: justify;\">C&rsquo;est clairement une solution innovante et c&rsquo;est la raison pour laquelle je voulais vous en parler.<\/p>\n<p style=\"text-align: justify;\">Cette entreprise propose un dispositif comprenant un si\u00e8ge inclinable et un petit meuble permettant de stocker le tire-lait et un petit frigo.<br \/>\nOn peut \u00e0 la fois y allaiter ou bien y <strong>tirer son lait<\/strong>.<br \/>\nLe plus : gr\u00e2ce \u00e0 des roulettes, ce dispositif est <strong>mobile<\/strong>.<br \/>\nIl dispose d&rsquo;une isolation visuelle, d&rsquo;un syst\u00e8me pour <strong>conserver le lait au frais<\/strong>, et d&rsquo;une station de recharge de tire-lait.<\/p>\n<p style=\"text-align: justify;\">L&rsquo;inconv\u00e9nient majeur c&rsquo;est sa taille et son <strong>encombrement<\/strong>. Il faut des locaux qui le permettent. Le fauteuil d\u2019allaitement fait 110 cm x 95 cm et le meuble d\u2019appoint 96 cm x 50cm x 42cm.<\/p>\n<p>L&rsquo;entreprise propose son mat\u00e9riel \u00e0 l&rsquo;achat ou \u00e0 la location. L&rsquo;achat est cher et ne peut donc s&rsquo;envisager que pour de grosses entreprises. Par contre, la possibilit\u00e9 de louer permet \u00e0 de petites structures de s&rsquo;\u00e9quiper et de tester.<\/p>\n<p style=\"text-align: justify;\">Je trouve l&rsquo;id\u00e9e tr\u00e8s int\u00e9ressante.<\/p>\n<p style=\"text-align: justify;\">Et <strong>vous<\/strong>, aimeriez-vous avoir du mobilier allaitement sur votre lieu de travail ?<\/p>\n<p>&nbsp;<\/p>\n<div class='et-box et-shadow'>\n\t\t\t\t\t<div class='et-box-content'>Lire des articles ou poser des questions en commentaire ne suffit pas \u00e0 r\u00e9soudre votre probl\u00e8me ? Savez-vous que vous pouvez prendre RDV pour une consultation avec moi ? N&rsquo;h\u00e9sitez pas \u00e0 me contacter !<\/div><\/div>\n<p>&nbsp;<\/p>\n","protected":false},"excerpt":{"rendered":"<p>J&rsquo;ai d\u00e9couvert la semaine derni\u00e8re une solution propos\u00e9e par Pachamama Solutions pour proposer un espace allaitement en milieu professionnel avec du mobilier allaitement. C&rsquo;est clairement une solution innovante et c&rsquo;est la raison pour laquelle je voulais vous en parler. Cette entreprise propose un dispositif comprenant un si\u00e8ge inclinable et un petit meuble permettant de stocker [&hellip;]<\/p>\n","protected":false},"author":170,"featured_media":8798,"comment_status":"open","ping_status":"open","sticky":false,"template":"","format":"standard","meta":{"_et_pb_use_builder":"","_et_pb_old_content":"","_et_gb_content_width":"","footnotes":""},"categories":[34],"tags":[],"class_list":["post-8797","post","type-post","status-publish","format-standard","has-post-thumbnail","hentry","category-actualites"],"yoast_head":"<!-- This site is optimized with the Yoast SEO plugin v27.4 - https:\/\/yoast.com\/product\/yoast-seo-wordpress\/ -->\n<title>Du mobilier allaitement en milieu professionnel Mobilier allaitement<\/title>\n<meta name=\"description\" content=\"J&#039;ai d\u00e9couvert la semaine derni\u00e8re une solution propos\u00e9e par Pachamama Solutions pour proposer un espace allaitement en milieu professionnel avec du Une entreprise propose du mobilier allaitement innovant pour le milieu professionnel.\" \/>\n<meta name=\"robots\" content=\"index, follow, max-snippet:-1, max-image-preview:large, max-video-preview:-1\" \/>\n<link rel=\"canonical\" href=\"https:\/\/www.lactissima.com\/a-tire-d-ailes\/du-mobilier-allaitement-en-milieu-professionnel\/\" \/>\n<meta property=\"og:locale\" content=\"fr_FR\" \/>\n<meta property=\"og:type\" content=\"article\" \/>\n<meta property=\"og:title\" content=\"Du mobilier allaitement en milieu professionnel Mobilier allaitement\" \/>\n<meta property=\"og:description\" content=\"J&#039;ai d\u00e9couvert la semaine derni\u00e8re une solution propos\u00e9e par Pachamama Solutions pour proposer un espace allaitement en milieu professionnel avec du Une entreprise propose du mobilier allaitement innovant pour le milieu professionnel.\" \/>\n<meta property=\"og:url\" content=\"https:\/\/www.lactissima.com\/a-tire-d-ailes\/du-mobilier-allaitement-en-milieu-professionnel\/\" \/>\n<meta property=\"og:site_name\" content=\"A tire d&#039;Ailes\" \/>\n<meta property=\"article:publisher\" content=\"https:\/\/www.facebook.com\/consultante.en.lactation\" \/>\n<meta property=\"article:author\" content=\"www.facebook.com\/consultante.en.lactation\" \/>\n<meta property=\"article:published_time\" content=\"2023-04-26T17:24:57+00:00\" \/>\n<meta property=\"og:image\" content=\"https:\/\/www.lactissima.com\/a-tire-d-ailes\/wp-content\/uploads\/2023\/04\/Capture-decran-2023-04-26-190801.png\" \/>\n\t<meta property=\"og:image:width\" content=\"801\" \/>\n\t<meta property=\"og:image:height\" content=\"532\" \/>\n\t<meta property=\"og:image:type\" content=\"image\/png\" \/>\n<meta name=\"author\" content=\"V\u00e9ronique Darmangeat\" \/>\n<meta name=\"twitter:card\" content=\"summary_large_image\" \/>\n<meta name=\"twitter:creator\" content=\"@VeroniqueIBCLC\" \/>\n<meta name=\"twitter:site\" content=\"@VeroniqueIBCLC\" \/>\n<meta name=\"twitter:label1\" content=\"\u00c9crit par\" \/>\n\t<meta name=\"twitter:data1\" content=\"V\u00e9ronique Darmangeat\" \/>\n\t<meta name=\"twitter:label2\" content=\"Dur\u00e9e de lecture estim\u00e9e\" \/>\n\t<meta name=\"twitter:data2\" content=\"2 minutes\" \/>\n<script type=\"application\/ld+json\" class=\"yoast-schema-graph\">{\"@context\":\"https:\\\/\\\/schema.org\",\"@graph\":[{\"@type\":\"Article\",\"@id\":\"https:\\\/\\\/www.lactissima.com\\\/a-tire-d-ailes\\\/du-mobilier-allaitement-en-milieu-professionnel\\\/#article\",\"isPartOf\":{\"@id\":\"https:\\\/\\\/www.lactissima.com\\\/a-tire-d-ailes\\\/du-mobilier-allaitement-en-milieu-professionnel\\\/\"},\"author\":{\"name\":\"V\u00e9ronique Darmangeat\",\"@id\":\"https:\\\/\\\/www.lactissima.com\\\/a-tire-d-ailes\\\/#\\\/schema\\\/person\\\/8f98d3a89530861bc1240e6d53d44eed\"},\"headline\":\"Du mobilier allaitement en milieu professionnel\",\"datePublished\":\"2023-04-26T17:24:57+00:00\",\"mainEntityOfPage\":{\"@id\":\"https:\\\/\\\/www.lactissima.com\\\/a-tire-d-ailes\\\/du-mobilier-allaitement-en-milieu-professionnel\\\/\"},\"wordCount\":257,\"commentCount\":0,\"image\":{\"@id\":\"https:\\\/\\\/www.lactissima.com\\\/a-tire-d-ailes\\\/du-mobilier-allaitement-en-milieu-professionnel\\\/#primaryimage\"},\"thumbnailUrl\":\"https:\\\/\\\/www.lactissima.com\\\/a-tire-d-ailes\\\/wp-content\\\/uploads\\\/2023\\\/04\\\/Capture-decran-2023-04-26-190801.png\",\"articleSection\":[\"Actualit\u00e9s\"],\"inLanguage\":\"fr-FR\",\"potentialAction\":[{\"@type\":\"CommentAction\",\"name\":\"Comment\",\"target\":[\"https:\\\/\\\/www.lactissima.com\\\/a-tire-d-ailes\\\/du-mobilier-allaitement-en-milieu-professionnel\\\/#respond\"]}]},{\"@type\":\"WebPage\",\"@id\":\"https:\\\/\\\/www.lactissima.com\\\/a-tire-d-ailes\\\/du-mobilier-allaitement-en-milieu-professionnel\\\/\",\"url\":\"https:\\\/\\\/www.lactissima.com\\\/a-tire-d-ailes\\\/du-mobilier-allaitement-en-milieu-professionnel\\\/\",\"name\":\"Du mobilier allaitement en milieu professionnel Mobilier allaitement\",\"isPartOf\":{\"@id\":\"https:\\\/\\\/www.lactissima.com\\\/a-tire-d-ailes\\\/#website\"},\"primaryImageOfPage\":{\"@id\":\"https:\\\/\\\/www.lactissima.com\\\/a-tire-d-ailes\\\/du-mobilier-allaitement-en-milieu-professionnel\\\/#primaryimage\"},\"image\":{\"@id\":\"https:\\\/\\\/www.lactissima.com\\\/a-tire-d-ailes\\\/du-mobilier-allaitement-en-milieu-professionnel\\\/#primaryimage\"},\"thumbnailUrl\":\"https:\\\/\\\/www.lactissima.com\\\/a-tire-d-ailes\\\/wp-content\\\/uploads\\\/2023\\\/04\\\/Capture-decran-2023-04-26-190801.png\",\"datePublished\":\"2023-04-26T17:24:57+00:00\",\"author\":{\"@id\":\"https:\\\/\\\/www.lactissima.com\\\/a-tire-d-ailes\\\/#\\\/schema\\\/person\\\/8f98d3a89530861bc1240e6d53d44eed\"},\"description\":\"J'ai d\u00e9couvert la semaine derni\u00e8re une solution propos\u00e9e par Pachamama Solutions pour proposer un espace allaitement en milieu professionnel avec du Une entreprise propose du mobilier allaitement innovant pour le milieu professionnel.\",\"breadcrumb\":{\"@id\":\"https:\\\/\\\/www.lactissima.com\\\/a-tire-d-ailes\\\/du-mobilier-allaitement-en-milieu-professionnel\\\/#breadcrumb\"},\"inLanguage\":\"fr-FR\",\"potentialAction\":[{\"@type\":\"ReadAction\",\"target\":[\"https:\\\/\\\/www.lactissima.com\\\/a-tire-d-ailes\\\/du-mobilier-allaitement-en-milieu-professionnel\\\/\"]}]},{\"@type\":\"ImageObject\",\"inLanguage\":\"fr-FR\",\"@id\":\"https:\\\/\\\/www.lactissima.com\\\/a-tire-d-ailes\\\/du-mobilier-allaitement-en-milieu-professionnel\\\/#primaryimage\",\"url\":\"https:\\\/\\\/www.lactissima.com\\\/a-tire-d-ailes\\\/wp-content\\\/uploads\\\/2023\\\/04\\\/Capture-decran-2023-04-26-190801.png\",\"contentUrl\":\"https:\\\/\\\/www.lactissima.com\\\/a-tire-d-ailes\\\/wp-content\\\/uploads\\\/2023\\\/04\\\/Capture-decran-2023-04-26-190801.png\",\"width\":801,\"height\":532,\"caption\":\"mobilier allaitement\"},{\"@type\":\"BreadcrumbList\",\"@id\":\"https:\\\/\\\/www.lactissima.com\\\/a-tire-d-ailes\\\/du-mobilier-allaitement-en-milieu-professionnel\\\/#breadcrumb\",\"itemListElement\":[{\"@type\":\"ListItem\",\"position\":1,\"name\":\"Accueil\",\"item\":\"https:\\\/\\\/www.lactissima.com\\\/a-tire-d-ailes\\\/\"},{\"@type\":\"ListItem\",\"position\":2,\"name\":\"Du mobilier allaitement en milieu professionnel\"}]},{\"@type\":\"WebSite\",\"@id\":\"https:\\\/\\\/www.lactissima.com\\\/a-tire-d-ailes\\\/#website\",\"url\":\"https:\\\/\\\/www.lactissima.com\\\/a-tire-d-ailes\\\/\",\"name\":\"A tire d&#039;Ailes\",\"description\":\"Le blog des femmes qui allaitent et travaillent.\",\"potentialAction\":[{\"@type\":\"SearchAction\",\"target\":{\"@type\":\"EntryPoint\",\"urlTemplate\":\"https:\\\/\\\/www.lactissima.com\\\/a-tire-d-ailes\\\/?s={search_term_string}\"},\"query-input\":{\"@type\":\"PropertyValueSpecification\",\"valueRequired\":true,\"valueName\":\"search_term_string\"}}],\"inLanguage\":\"fr-FR\"},{\"@type\":\"Person\",\"@id\":\"https:\\\/\\\/www.lactissima.com\\\/a-tire-d-ailes\\\/#\\\/schema\\\/person\\\/8f98d3a89530861bc1240e6d53d44eed\",\"name\":\"V\u00e9ronique Darmangeat\",\"image\":{\"@type\":\"ImageObject\",\"inLanguage\":\"fr-FR\",\"@id\":\"https:\\\/\\\/secure.gravatar.com\\\/avatar\\\/268c99344c89cebfe4f5df5fa8be43068a18884fc76a29f3206fae98465b9cab?s=96&d=identicon&r=g\",\"url\":\"https:\\\/\\\/secure.gravatar.com\\\/avatar\\\/268c99344c89cebfe4f5df5fa8be43068a18884fc76a29f3206fae98465b9cab?s=96&d=identicon&r=g\",\"contentUrl\":\"https:\\\/\\\/secure.gravatar.com\\\/avatar\\\/268c99344c89cebfe4f5df5fa8be43068a18884fc76a29f3206fae98465b9cab?s=96&d=identicon&r=g\",\"caption\":\"V\u00e9ronique Darmangeat\"},\"sameAs\":[\"https:\\\/\\\/www.lactissima.com\\\/a-tire-d-ailes\",\"www.facebook.com\\\/consultante.en.lactation\"]}]}<\/script>\n<!-- \/ Yoast SEO plugin. -->","yoast_head_json":{"title":"Du mobilier allaitement en milieu professionnel Mobilier allaitement","description":"J'ai d\u00e9couvert la semaine derni\u00e8re une solution propos\u00e9e par Pachamama Solutions pour proposer un espace allaitement en milieu professionnel avec du Une entreprise propose du mobilier allaitement innovant pour le milieu professionnel.","robots":{"index":"index","follow":"follow","max-snippet":"max-snippet:-1","max-image-preview":"max-image-preview:large","max-video-preview":"max-video-preview:-1"},"canonical":"https:\/\/www.lactissima.com\/a-tire-d-ailes\/du-mobilier-allaitement-en-milieu-professionnel\/","og_locale":"fr_FR","og_type":"article","og_title":"Du mobilier allaitement en milieu professionnel Mobilier allaitement","og_description":"J'ai d\u00e9couvert la semaine derni\u00e8re une solution propos\u00e9e par Pachamama Solutions pour proposer un espace allaitement en milieu professionnel avec du Une entreprise propose du mobilier allaitement innovant pour le milieu professionnel.","og_url":"https:\/\/www.lactissima.com\/a-tire-d-ailes\/du-mobilier-allaitement-en-milieu-professionnel\/","og_site_name":"A tire d&#039;Ailes","article_publisher":"https:\/\/www.facebook.com\/consultante.en.lactation","article_author":"www.facebook.com\/consultante.en.lactation","article_published_time":"2023-04-26T17:24:57+00:00","og_image":[{"width":801,"height":532,"url":"https:\/\/www.lactissima.com\/a-tire-d-ailes\/wp-content\/uploads\/2023\/04\/Capture-decran-2023-04-26-190801.png","type":"image\/png"}],"author":"V\u00e9ronique Darmangeat","twitter_card":"summary_large_image","twitter_creator":"@VeroniqueIBCLC","twitter_site":"@VeroniqueIBCLC","twitter_misc":{"\u00c9crit par":"V\u00e9ronique Darmangeat","Dur\u00e9e de lecture estim\u00e9e":"2 minutes"},"schema":{"@context":"https:\/\/schema.org","@graph":[{"@type":"Article","@id":"https:\/\/www.lactissima.com\/a-tire-d-ailes\/du-mobilier-allaitement-en-milieu-professionnel\/#article","isPartOf":{"@id":"https:\/\/www.lactissima.com\/a-tire-d-ailes\/du-mobilier-allaitement-en-milieu-professionnel\/"},"author":{"name":"V\u00e9ronique Darmangeat","@id":"https:\/\/www.lactissima.com\/a-tire-d-ailes\/#\/schema\/person\/8f98d3a89530861bc1240e6d53d44eed"},"headline":"Du mobilier allaitement en milieu professionnel","datePublished":"2023-04-26T17:24:57+00:00","mainEntityOfPage":{"@id":"https:\/\/www.lactissima.com\/a-tire-d-ailes\/du-mobilier-allaitement-en-milieu-professionnel\/"},"wordCount":257,"commentCount":0,"image":{"@id":"https:\/\/www.lactissima.com\/a-tire-d-ailes\/du-mobilier-allaitement-en-milieu-professionnel\/#primaryimage"},"thumbnailUrl":"https:\/\/www.lactissima.com\/a-tire-d-ailes\/wp-content\/uploads\/2023\/04\/Capture-decran-2023-04-26-190801.png","articleSection":["Actualit\u00e9s"],"inLanguage":"fr-FR","potentialAction":[{"@type":"CommentAction","name":"Comment","target":["https:\/\/www.lactissima.com\/a-tire-d-ailes\/du-mobilier-allaitement-en-milieu-professionnel\/#respond"]}]},{"@type":"WebPage","@id":"https:\/\/www.lactissima.com\/a-tire-d-ailes\/du-mobilier-allaitement-en-milieu-professionnel\/","url":"https:\/\/www.lactissima.com\/a-tire-d-ailes\/du-mobilier-allaitement-en-milieu-professionnel\/","name":"Du mobilier allaitement en milieu professionnel Mobilier allaitement","isPartOf":{"@id":"https:\/\/www.lactissima.com\/a-tire-d-ailes\/#website"},"primaryImageOfPage":{"@id":"https:\/\/www.lactissima.com\/a-tire-d-ailes\/du-mobilier-allaitement-en-milieu-professionnel\/#primaryimage"},"image":{"@id":"https:\/\/www.lactissima.com\/a-tire-d-ailes\/du-mobilier-allaitement-en-milieu-professionnel\/#primaryimage"},"thumbnailUrl":"https:\/\/www.lactissima.com\/a-tire-d-ailes\/wp-content\/uploads\/2023\/04\/Capture-decran-2023-04-26-190801.png","datePublished":"2023-04-26T17:24:57+00:00","author":{"@id":"https:\/\/www.lactissima.com\/a-tire-d-ailes\/#\/schema\/person\/8f98d3a89530861bc1240e6d53d44eed"},"description":"J'ai d\u00e9couvert la semaine derni\u00e8re une solution propos\u00e9e par Pachamama Solutions pour proposer un espace allaitement en milieu professionnel avec du Une entreprise propose du mobilier allaitement innovant pour le milieu professionnel.","breadcrumb":{"@id":"https:\/\/www.lactissima.com\/a-tire-d-ailes\/du-mobilier-allaitement-en-milieu-professionnel\/#breadcrumb"},"inLanguage":"fr-FR","potentialAction":[{"@type":"ReadAction","target":["https:\/\/www.lactissima.com\/a-tire-d-ailes\/du-mobilier-allaitement-en-milieu-professionnel\/"]}]},{"@type":"ImageObject","inLanguage":"fr-FR","@id":"https:\/\/www.lactissima.com\/a-tire-d-ailes\/du-mobilier-allaitement-en-milieu-professionnel\/#primaryimage","url":"https:\/\/www.lactissima.com\/a-tire-d-ailes\/wp-content\/uploads\/2023\/04\/Capture-decran-2023-04-26-190801.png","contentUrl":"https:\/\/www.lactissima.com\/a-tire-d-ailes\/wp-content\/uploads\/2023\/04\/Capture-decran-2023-04-26-190801.png","width":801,"height":532,"caption":"mobilier allaitement"},{"@type":"BreadcrumbList","@id":"https:\/\/www.lactissima.com\/a-tire-d-ailes\/du-mobilier-allaitement-en-milieu-professionnel\/#breadcrumb","itemListElement":[{"@type":"ListItem","position":1,"name":"Accueil","item":"https:\/\/www.lactissima.com\/a-tire-d-ailes\/"},{"@type":"ListItem","position":2,"name":"Du mobilier allaitement en milieu professionnel"}]},{"@type":"WebSite","@id":"https:\/\/www.lactissima.com\/a-tire-d-ailes\/#website","url":"https:\/\/www.lactissima.com\/a-tire-d-ailes\/","name":"A tire d&#039;Ailes","description":"Le blog des femmes qui allaitent et travaillent.","potentialAction":[{"@type":"SearchAction","target":{"@type":"EntryPoint","urlTemplate":"https:\/\/www.lactissima.com\/a-tire-d-ailes\/?s={search_term_string}"},"query-input":{"@type":"PropertyValueSpecification","valueRequired":true,"valueName":"search_term_string"}}],"inLanguage":"fr-FR"},{"@type":"Person","@id":"https:\/\/www.lactissima.com\/a-tire-d-ailes\/#\/schema\/person\/8f98d3a89530861bc1240e6d53d44eed","name":"V\u00e9ronique Darmangeat","image":{"@type":"ImageObject","inLanguage":"fr-FR","@id":"https:\/\/secure.gravatar.com\/avatar\/268c99344c89cebfe4f5df5fa8be43068a18884fc76a29f3206fae98465b9cab?s=96&d=identicon&r=g","url":"https:\/\/secure.gravatar.com\/avatar\/268c99344c89cebfe4f5df5fa8be43068a18884fc76a29f3206fae98465b9cab?s=96&d=identicon&r=g","contentUrl":"https:\/\/secure.gravatar.com\/avatar\/268c99344c89cebfe4f5df5fa8be43068a18884fc76a29f3206fae98465b9cab?s=96&d=identicon&r=g","caption":"V\u00e9ronique Darmangeat"},"sameAs":["https:\/\/www.lactissima.com\/a-tire-d-ailes","www.facebook.com\/consultante.en.lactation"]}]}},"_links":{"self":[{"href":"https:\/\/www.lactissima.com\/a-tire-d-ailes\/wp-json\/wp\/v2\/posts\/8797","targetHints":{"allow":["GET"]}}],"collection":[{"href":"https:\/\/www.lactissima.com\/a-tire-d-ailes\/wp-json\/wp\/v2\/posts"}],"about":[{"href":"https:\/\/www.lactissima.com\/a-tire-d-ailes\/wp-json\/wp\/v2\/types\/post"}],"author":[{"embeddable":true,"href":"https:\/\/www.lactissima.com\/a-tire-d-ailes\/wp-json\/wp\/v2\/users\/170"}],"replies":[{"embeddable":true,"href":"https:\/\/www.lactissima.com\/a-tire-d-ailes\/wp-json\/wp\/v2\/comments?post=8797"}],"version-history":[{"count":7,"href":"https:\/\/www.lactissima.com\/a-tire-d-ailes\/wp-json\/wp\/v2\/posts\/8797\/revisions"}],"predecessor-version":[{"id":8805,"href":"https:\/\/www.lactissima.com\/a-tire-d-ailes\/wp-json\/wp\/v2\/posts\/8797\/revisions\/8805"}],"wp:featuredmedia":[{"embeddable":true,"href":"https:\/\/www.lactissima.com\/a-tire-d-ailes\/wp-json\/wp\/v2\/media\/8798"}],"wp:attachment":[{"href":"https:\/\/www.lactissima.com\/a-tire-d-ailes\/wp-json\/wp\/v2\/media?parent=8797"}],"wp:term":[{"taxonomy":"category","embeddable":true,"href":"https:\/\/www.lactissima.com\/a-tire-d-ailes\/wp-json\/wp\/v2\/categories?post=8797"},{"taxonomy":"post_tag","embeddable":true,"href":"https:\/\/www.lactissima.com\/a-tire-d-ailes\/wp-json\/wp\/v2\/tags?post=8797"}],"curies":[{"name":"wp","href":"https:\/\/api.w.org\/{rel}","templated":true}]}}