{"id":867,"date":"2009-12-02T16:47:26","date_gmt":"2009-12-02T14:47:26","guid":{"rendered":"https:\/\/www.lactissima.com\/a-tire-d-ailes\/?p=867"},"modified":"2014-03-15T17:10:06","modified_gmt":"2014-03-15T15:10:06","slug":"appel-a-temoignage","status":"publish","type":"post","link":"https:\/\/www.lactissima.com\/a-tire-d-ailes\/appel-a-temoignage\/","title":{"rendered":"Appel \u00e0 t\u00e9moignage"},"content":{"rendered":"<p style=\"text-align: justify;\"><img loading=\"lazy\" decoding=\"async\" class=\"alignleft size-full wp-image-868\" title=\"allaitement et travail\" alt=\"dessin\" src=\"https:\/\/www.lactissima.com\/a-tire-d-ailes\/wp-content\/uploads\/dessin.jpg\" width=\"284\" height=\"307\" srcset=\"https:\/\/www.lactissima.com\/a-tire-d-ailes\/wp-content\/uploads\/dessin.jpg 296w, https:\/\/www.lactissima.com\/a-tire-d-ailes\/wp-content\/uploads\/dessin-277x300.jpg 277w\" sizes=\"(max-width: 284px) 100vw, 284px\" \/>Aujourd&rsquo;hui, je vous fait passer cet <strong>appel \u00e0 t\u00e9moignage<\/strong> d&rsquo;une \u00e9tudiante qui souhaite mener une \u00e9tude que je trouve particuli\u00e8rement <strong>int\u00e9ressante<\/strong>.<br \/>\nJe vous laisse d\u00e9couvrir&#8230;<\/p>\n<p style=\"text-align: justify;\"><span style=\"text-decoration: underline;\"><strong>\u00e9tude<\/strong><\/span><strong> : Travailler et allaiter : est-ce possible ?<\/strong><\/p>\n<p style=\"text-align: justify;\">Etudiante en deuxi\u00e8me ann\u00e9e de BTS en \u00e9conomie sociale et familiale, je m\u00e8ne une \u00e9tude aupr\u00e8s d&rsquo;assistantes maternelles, afin de savoir si, en tant que professionnelles, elles sont favorables \u00e0 l&rsquo;accueil d&rsquo;un enfant allait\u00e9.<\/p>\n<p style=\"text-align: justify;\">En parall\u00e8le, je souhaite avoir davantage de renseignements aupr\u00e8s de futures et jeunes mamans, afin de savoir si l&rsquo;allaitement se pratique de plus en plus \u00e0 la naissance et si, par la suite, il leur est possible de concilier travail et allaitement.<\/p>\n<p style=\"text-align: justify;\">Cette \u00e9tude a deux objectifs :<\/p>\n<ul style=\"text-align: justify;\">\n<li>le <strong>premier <\/strong>est de savoir si les assistantes maternelles sont favorables \u00e0 l&rsquo;accueil d&rsquo;un enfant allait\u00e9 et pensent \u00eatre assez inform\u00e9es sur cet accueil,<\/li>\n<li>le <strong>deuxi\u00e8me<\/strong> est de savoir si de plus en plus de femmes qui travaillent, continuent d&rsquo;allaiter ou si la reprise du travail rime avec le sevrage de l&rsquo;enfant.<\/li>\n<\/ul>\n<p style=\"text-align: justify;\">De ce fait, lors de mon stage dans un relais d&rsquo;assistantes maternelles, j&rsquo;ai commenc\u00e9 mon \u00e9tude aupr\u00e8s d&rsquo;une quinzaine de professionnelles, avec lesquelles je me suis entretenue.<\/p>\n<p style=\"text-align: justify;\">Pour la mener \u00e0 bien, je souhaiterais avoir davantage de t\u00e9moignages.<\/p>\n<p style=\"text-align: justify;\">En parall\u00e8le, j&rsquo;ai \u00e9labor\u00e9 deux questionnaires qui s&rsquo;adressent aux mamans :<\/p>\n<ul style=\"text-align: justify;\">\n<li>le premier pour celles qui sont enceintes et qui souhaitent allaiter<\/li>\n<li>le deuxi\u00e8me pour celles qui ont accouch\u00e9, allait\u00e9 et repris le travail<\/li>\n<\/ul>\n<p style=\"text-align: justify;\">Suite \u00e0 cette \u00e9tude, je vais devoir mener un projet au sein du relais o\u00f9 j&rsquo;\u00e9tais en stage.<\/p>\n<p style=\"text-align: justify;\">Je mettrai alors diverses actions (r\u00e9union d&rsquo;information, cr\u00e9ation de plaquettes informatives, etc.) en place afin de r\u00e9pondre au(x) besoin(s) des assistantes maternelles. En parall\u00e8le, je favoriserai l&rsquo;information aupr\u00e8s des jeunes parents, sur la poursuite de l&rsquo;allaitement d\u00e9s lors que leur enfant est gard\u00e9.<\/p>\n<p style=\"text-align: justify;\">Si vous vous sentez concern\u00e9(e)s, que ce soit en tant que professionnelle ou en tant que maman, merci de prendre le temps de r\u00e9pondre au questionnaire  correspondant \u00e0 votre situation, cela ne vous prendra pas plus de cinq minutes. Vous pouvez me le demander et le renvoyer par mail \u00e0 l&rsquo;adresse suivante : <a href=\"mailto:prigenth@voila.fr\">prigenth@voila.fr<\/a><\/p>\n<p style=\"text-align: justify;\">Et si vous avez d&rsquo;autres commentaires \u00e0 faire ou informations \u00e0 fournir, n&rsquo;h\u00e9sitez surtout pas !<\/p>\n<p>&nbsp;<\/p>\n","protected":false},"excerpt":{"rendered":"<p>Appel \u00e0 t\u00e9moignage d&rsquo;une \u00e9tudiante qui souhaite mener une \u00e9tude que je trouve particuli\u00e8rement int\u00e9ressante \u00e9tude : Travailler et allaiter : est-ce possible ?<\/p>\n","protected":false},"author":170,"featured_media":868,"comment_status":"closed","ping_status":"open","sticky":false,"template":"","format":"standard","meta":{"_et_pb_use_builder":"","_et_pb_old_content":"","_et_gb_content_width":"","footnotes":""},"categories":[34,36,150],"tags":[681,87,148],"class_list":["post-867","post","type-post","status-publish","format-standard","has-post-thumbnail","hentry","category-actualites","category-allaitement-et-travail","category-temoignages","tag-allaitement-et-travail","tag-assistante-maternelle","tag-temoignage"],"yoast_head":"<!-- This site is optimized with the Yoast SEO plugin v27.4 - https:\/\/yoast.com\/product\/yoast-seo-wordpress\/ -->\n<title>Appel \u00e0 t\u00e9moignage<\/title>\n<meta name=\"description\" content=\"Appel \u00e0 t\u00e9moignage d&#039;une \u00e9tudiante qui souhaite mener une \u00e9tude que je trouve particuli\u00e8rement int\u00e9ressante \u00e9tude : Travailler et allaiter : est-ce possible ?\" \/>\n<meta name=\"robots\" content=\"index, follow, max-snippet:-1, max-image-preview:large, max-video-preview:-1\" \/>\n<link rel=\"canonical\" href=\"https:\/\/www.lactissima.com\/a-tire-d-ailes\/appel-a-temoignage\/\" \/>\n<meta property=\"og:locale\" content=\"fr_FR\" \/>\n<meta property=\"og:type\" content=\"article\" \/>\n<meta property=\"og:title\" content=\"Appel \u00e0 t\u00e9moignage\" \/>\n<meta property=\"og:description\" content=\"Appel \u00e0 t\u00e9moignage d&#039;une \u00e9tudiante qui souhaite mener une \u00e9tude que je trouve particuli\u00e8rement int\u00e9ressante \u00e9tude : Travailler et allaiter : est-ce possible ?\" \/>\n<meta property=\"og:url\" content=\"https:\/\/www.lactissima.com\/a-tire-d-ailes\/appel-a-temoignage\/\" \/>\n<meta property=\"og:site_name\" content=\"A tire d&#039;Ailes\" \/>\n<meta property=\"article:publisher\" content=\"https:\/\/www.facebook.com\/consultante.en.lactation\" \/>\n<meta property=\"article:author\" content=\"www.facebook.com\/consultante.en.lactation\" \/>\n<meta property=\"article:published_time\" content=\"2009-12-02T14:47:26+00:00\" \/>\n<meta property=\"article:modified_time\" content=\"2014-03-15T15:10:06+00:00\" \/>\n<meta property=\"og:image\" content=\"https:\/\/www.lactissima.com\/a-tire-d-ailes\/wp-content\/uploads\/dessin.jpg\" \/>\n\t<meta property=\"og:image:width\" content=\"296\" \/>\n\t<meta property=\"og:image:height\" content=\"320\" \/>\n\t<meta property=\"og:image:type\" content=\"image\/jpeg\" \/>\n<meta name=\"author\" content=\"V\u00e9ronique Darmangeat\" \/>\n<meta name=\"twitter:card\" content=\"summary_large_image\" \/>\n<meta name=\"twitter:creator\" content=\"@VeroniqueIBCLC\" \/>\n<meta name=\"twitter:site\" content=\"@VeroniqueIBCLC\" \/>\n<meta name=\"twitter:label1\" content=\"\u00c9crit par\" \/>\n\t<meta name=\"twitter:data1\" content=\"V\u00e9ronique Darmangeat\" \/>\n\t<meta name=\"twitter:label2\" content=\"Dur\u00e9e de lecture estim\u00e9e\" \/>\n\t<meta name=\"twitter:data2\" content=\"2 minutes\" \/>\n<script type=\"application\/ld+json\" class=\"yoast-schema-graph\">{\"@context\":\"https:\\\/\\\/schema.org\",\"@graph\":[{\"@type\":\"Article\",\"@id\":\"https:\\\/\\\/www.lactissima.com\\\/a-tire-d-ailes\\\/appel-a-temoignage\\\/#article\",\"isPartOf\":{\"@id\":\"https:\\\/\\\/www.lactissima.com\\\/a-tire-d-ailes\\\/appel-a-temoignage\\\/\"},\"author\":{\"name\":\"V\u00e9ronique Darmangeat\",\"@id\":\"https:\\\/\\\/www.lactissima.com\\\/a-tire-d-ailes\\\/#\\\/schema\\\/person\\\/8f98d3a89530861bc1240e6d53d44eed\"},\"headline\":\"Appel \u00e0 t\u00e9moignage\",\"datePublished\":\"2009-12-02T14:47:26+00:00\",\"dateModified\":\"2014-03-15T15:10:06+00:00\",\"mainEntityOfPage\":{\"@id\":\"https:\\\/\\\/www.lactissima.com\\\/a-tire-d-ailes\\\/appel-a-temoignage\\\/\"},\"wordCount\":410,\"image\":{\"@id\":\"https:\\\/\\\/www.lactissima.com\\\/a-tire-d-ailes\\\/appel-a-temoignage\\\/#primaryimage\"},\"thumbnailUrl\":\"https:\\\/\\\/www.lactissima.com\\\/a-tire-d-ailes\\\/wp-content\\\/uploads\\\/dessin.jpg\",\"keywords\":[\"Allaitement et Travail\",\"assistante maternelle\",\"t\u00e9moignage\"],\"articleSection\":[\"Actualit\u00e9s\",\"Allaitement et Travail\",\"t\u00e9moignages\"],\"inLanguage\":\"fr-FR\"},{\"@type\":\"WebPage\",\"@id\":\"https:\\\/\\\/www.lactissima.com\\\/a-tire-d-ailes\\\/appel-a-temoignage\\\/\",\"url\":\"https:\\\/\\\/www.lactissima.com\\\/a-tire-d-ailes\\\/appel-a-temoignage\\\/\",\"name\":\"Appel \u00e0 t\u00e9moignage\",\"isPartOf\":{\"@id\":\"https:\\\/\\\/www.lactissima.com\\\/a-tire-d-ailes\\\/#website\"},\"primaryImageOfPage\":{\"@id\":\"https:\\\/\\\/www.lactissima.com\\\/a-tire-d-ailes\\\/appel-a-temoignage\\\/#primaryimage\"},\"image\":{\"@id\":\"https:\\\/\\\/www.lactissima.com\\\/a-tire-d-ailes\\\/appel-a-temoignage\\\/#primaryimage\"},\"thumbnailUrl\":\"https:\\\/\\\/www.lactissima.com\\\/a-tire-d-ailes\\\/wp-content\\\/uploads\\\/dessin.jpg\",\"datePublished\":\"2009-12-02T14:47:26+00:00\",\"dateModified\":\"2014-03-15T15:10:06+00:00\",\"author\":{\"@id\":\"https:\\\/\\\/www.lactissima.com\\\/a-tire-d-ailes\\\/#\\\/schema\\\/person\\\/8f98d3a89530861bc1240e6d53d44eed\"},\"description\":\"Appel \u00e0 t\u00e9moignage d'une \u00e9tudiante qui souhaite mener une \u00e9tude que je trouve particuli\u00e8rement int\u00e9ressante \u00e9tude : Travailler et allaiter : est-ce possible ?\",\"breadcrumb\":{\"@id\":\"https:\\\/\\\/www.lactissima.com\\\/a-tire-d-ailes\\\/appel-a-temoignage\\\/#breadcrumb\"},\"inLanguage\":\"fr-FR\",\"potentialAction\":[{\"@type\":\"ReadAction\",\"target\":[\"https:\\\/\\\/www.lactissima.com\\\/a-tire-d-ailes\\\/appel-a-temoignage\\\/\"]}]},{\"@type\":\"ImageObject\",\"inLanguage\":\"fr-FR\",\"@id\":\"https:\\\/\\\/www.lactissima.com\\\/a-tire-d-ailes\\\/appel-a-temoignage\\\/#primaryimage\",\"url\":\"https:\\\/\\\/www.lactissima.com\\\/a-tire-d-ailes\\\/wp-content\\\/uploads\\\/dessin.jpg\",\"contentUrl\":\"https:\\\/\\\/www.lactissima.com\\\/a-tire-d-ailes\\\/wp-content\\\/uploads\\\/dessin.jpg\",\"width\":\"296\",\"height\":\"320\"},{\"@type\":\"BreadcrumbList\",\"@id\":\"https:\\\/\\\/www.lactissima.com\\\/a-tire-d-ailes\\\/appel-a-temoignage\\\/#breadcrumb\",\"itemListElement\":[{\"@type\":\"ListItem\",\"position\":1,\"name\":\"Accueil\",\"item\":\"https:\\\/\\\/www.lactissima.com\\\/a-tire-d-ailes\\\/\"},{\"@type\":\"ListItem\",\"position\":2,\"name\":\"Appel \u00e0 t\u00e9moignage\"}]},{\"@type\":\"WebSite\",\"@id\":\"https:\\\/\\\/www.lactissima.com\\\/a-tire-d-ailes\\\/#website\",\"url\":\"https:\\\/\\\/www.lactissima.com\\\/a-tire-d-ailes\\\/\",\"name\":\"A tire d&#039;Ailes\",\"description\":\"Le blog des femmes qui allaitent et travaillent.\",\"potentialAction\":[{\"@type\":\"SearchAction\",\"target\":{\"@type\":\"EntryPoint\",\"urlTemplate\":\"https:\\\/\\\/www.lactissima.com\\\/a-tire-d-ailes\\\/?s={search_term_string}\"},\"query-input\":{\"@type\":\"PropertyValueSpecification\",\"valueRequired\":true,\"valueName\":\"search_term_string\"}}],\"inLanguage\":\"fr-FR\"},{\"@type\":\"Person\",\"@id\":\"https:\\\/\\\/www.lactissima.com\\\/a-tire-d-ailes\\\/#\\\/schema\\\/person\\\/8f98d3a89530861bc1240e6d53d44eed\",\"name\":\"V\u00e9ronique Darmangeat\",\"image\":{\"@type\":\"ImageObject\",\"inLanguage\":\"fr-FR\",\"@id\":\"https:\\\/\\\/secure.gravatar.com\\\/avatar\\\/268c99344c89cebfe4f5df5fa8be43068a18884fc76a29f3206fae98465b9cab?s=96&d=identicon&r=g\",\"url\":\"https:\\\/\\\/secure.gravatar.com\\\/avatar\\\/268c99344c89cebfe4f5df5fa8be43068a18884fc76a29f3206fae98465b9cab?s=96&d=identicon&r=g\",\"contentUrl\":\"https:\\\/\\\/secure.gravatar.com\\\/avatar\\\/268c99344c89cebfe4f5df5fa8be43068a18884fc76a29f3206fae98465b9cab?s=96&d=identicon&r=g\",\"caption\":\"V\u00e9ronique Darmangeat\"},\"sameAs\":[\"https:\\\/\\\/www.lactissima.com\\\/a-tire-d-ailes\",\"www.facebook.com\\\/consultante.en.lactation\"]}]}<\/script>\n<!-- \/ Yoast SEO plugin. -->","yoast_head_json":{"title":"Appel \u00e0 t\u00e9moignage","description":"Appel \u00e0 t\u00e9moignage d'une \u00e9tudiante qui souhaite mener une \u00e9tude que je trouve particuli\u00e8rement int\u00e9ressante \u00e9tude : Travailler et allaiter : est-ce possible ?","robots":{"index":"index","follow":"follow","max-snippet":"max-snippet:-1","max-image-preview":"max-image-preview:large","max-video-preview":"max-video-preview:-1"},"canonical":"https:\/\/www.lactissima.com\/a-tire-d-ailes\/appel-a-temoignage\/","og_locale":"fr_FR","og_type":"article","og_title":"Appel \u00e0 t\u00e9moignage","og_description":"Appel \u00e0 t\u00e9moignage d'une \u00e9tudiante qui souhaite mener une \u00e9tude que je trouve particuli\u00e8rement int\u00e9ressante \u00e9tude : Travailler et allaiter : est-ce possible ?","og_url":"https:\/\/www.lactissima.com\/a-tire-d-ailes\/appel-a-temoignage\/","og_site_name":"A tire d&#039;Ailes","article_publisher":"https:\/\/www.facebook.com\/consultante.en.lactation","article_author":"www.facebook.com\/consultante.en.lactation","article_published_time":"2009-12-02T14:47:26+00:00","article_modified_time":"2014-03-15T15:10:06+00:00","og_image":[{"width":296,"height":320,"url":"https:\/\/www.lactissima.com\/a-tire-d-ailes\/wp-content\/uploads\/dessin.jpg","type":"image\/jpeg"}],"author":"V\u00e9ronique Darmangeat","twitter_card":"summary_large_image","twitter_creator":"@VeroniqueIBCLC","twitter_site":"@VeroniqueIBCLC","twitter_misc":{"\u00c9crit par":"V\u00e9ronique Darmangeat","Dur\u00e9e de lecture estim\u00e9e":"2 minutes"},"schema":{"@context":"https:\/\/schema.org","@graph":[{"@type":"Article","@id":"https:\/\/www.lactissima.com\/a-tire-d-ailes\/appel-a-temoignage\/#article","isPartOf":{"@id":"https:\/\/www.lactissima.com\/a-tire-d-ailes\/appel-a-temoignage\/"},"author":{"name":"V\u00e9ronique Darmangeat","@id":"https:\/\/www.lactissima.com\/a-tire-d-ailes\/#\/schema\/person\/8f98d3a89530861bc1240e6d53d44eed"},"headline":"Appel \u00e0 t\u00e9moignage","datePublished":"2009-12-02T14:47:26+00:00","dateModified":"2014-03-15T15:10:06+00:00","mainEntityOfPage":{"@id":"https:\/\/www.lactissima.com\/a-tire-d-ailes\/appel-a-temoignage\/"},"wordCount":410,"image":{"@id":"https:\/\/www.lactissima.com\/a-tire-d-ailes\/appel-a-temoignage\/#primaryimage"},"thumbnailUrl":"https:\/\/www.lactissima.com\/a-tire-d-ailes\/wp-content\/uploads\/dessin.jpg","keywords":["Allaitement et Travail","assistante maternelle","t\u00e9moignage"],"articleSection":["Actualit\u00e9s","Allaitement et Travail","t\u00e9moignages"],"inLanguage":"fr-FR"},{"@type":"WebPage","@id":"https:\/\/www.lactissima.com\/a-tire-d-ailes\/appel-a-temoignage\/","url":"https:\/\/www.lactissima.com\/a-tire-d-ailes\/appel-a-temoignage\/","name":"Appel \u00e0 t\u00e9moignage","isPartOf":{"@id":"https:\/\/www.lactissima.com\/a-tire-d-ailes\/#website"},"primaryImageOfPage":{"@id":"https:\/\/www.lactissima.com\/a-tire-d-ailes\/appel-a-temoignage\/#primaryimage"},"image":{"@id":"https:\/\/www.lactissima.com\/a-tire-d-ailes\/appel-a-temoignage\/#primaryimage"},"thumbnailUrl":"https:\/\/www.lactissima.com\/a-tire-d-ailes\/wp-content\/uploads\/dessin.jpg","datePublished":"2009-12-02T14:47:26+00:00","dateModified":"2014-03-15T15:10:06+00:00","author":{"@id":"https:\/\/www.lactissima.com\/a-tire-d-ailes\/#\/schema\/person\/8f98d3a89530861bc1240e6d53d44eed"},"description":"Appel \u00e0 t\u00e9moignage d'une \u00e9tudiante qui souhaite mener une \u00e9tude que je trouve particuli\u00e8rement int\u00e9ressante \u00e9tude : Travailler et allaiter : est-ce possible ?","breadcrumb":{"@id":"https:\/\/www.lactissima.com\/a-tire-d-ailes\/appel-a-temoignage\/#breadcrumb"},"inLanguage":"fr-FR","potentialAction":[{"@type":"ReadAction","target":["https:\/\/www.lactissima.com\/a-tire-d-ailes\/appel-a-temoignage\/"]}]},{"@type":"ImageObject","inLanguage":"fr-FR","@id":"https:\/\/www.lactissima.com\/a-tire-d-ailes\/appel-a-temoignage\/#primaryimage","url":"https:\/\/www.lactissima.com\/a-tire-d-ailes\/wp-content\/uploads\/dessin.jpg","contentUrl":"https:\/\/www.lactissima.com\/a-tire-d-ailes\/wp-content\/uploads\/dessin.jpg","width":"296","height":"320"},{"@type":"BreadcrumbList","@id":"https:\/\/www.lactissima.com\/a-tire-d-ailes\/appel-a-temoignage\/#breadcrumb","itemListElement":[{"@type":"ListItem","position":1,"name":"Accueil","item":"https:\/\/www.lactissima.com\/a-tire-d-ailes\/"},{"@type":"ListItem","position":2,"name":"Appel \u00e0 t\u00e9moignage"}]},{"@type":"WebSite","@id":"https:\/\/www.lactissima.com\/a-tire-d-ailes\/#website","url":"https:\/\/www.lactissima.com\/a-tire-d-ailes\/","name":"A tire d&#039;Ailes","description":"Le blog des femmes qui allaitent et travaillent.","potentialAction":[{"@type":"SearchAction","target":{"@type":"EntryPoint","urlTemplate":"https:\/\/www.lactissima.com\/a-tire-d-ailes\/?s={search_term_string}"},"query-input":{"@type":"PropertyValueSpecification","valueRequired":true,"valueName":"search_term_string"}}],"inLanguage":"fr-FR"},{"@type":"Person","@id":"https:\/\/www.lactissima.com\/a-tire-d-ailes\/#\/schema\/person\/8f98d3a89530861bc1240e6d53d44eed","name":"V\u00e9ronique Darmangeat","image":{"@type":"ImageObject","inLanguage":"fr-FR","@id":"https:\/\/secure.gravatar.com\/avatar\/268c99344c89cebfe4f5df5fa8be43068a18884fc76a29f3206fae98465b9cab?s=96&d=identicon&r=g","url":"https:\/\/secure.gravatar.com\/avatar\/268c99344c89cebfe4f5df5fa8be43068a18884fc76a29f3206fae98465b9cab?s=96&d=identicon&r=g","contentUrl":"https:\/\/secure.gravatar.com\/avatar\/268c99344c89cebfe4f5df5fa8be43068a18884fc76a29f3206fae98465b9cab?s=96&d=identicon&r=g","caption":"V\u00e9ronique Darmangeat"},"sameAs":["https:\/\/www.lactissima.com\/a-tire-d-ailes","www.facebook.com\/consultante.en.lactation"]}]}},"_links":{"self":[{"href":"https:\/\/www.lactissima.com\/a-tire-d-ailes\/wp-json\/wp\/v2\/posts\/867","targetHints":{"allow":["GET"]}}],"collection":[{"href":"https:\/\/www.lactissima.com\/a-tire-d-ailes\/wp-json\/wp\/v2\/posts"}],"about":[{"href":"https:\/\/www.lactissima.com\/a-tire-d-ailes\/wp-json\/wp\/v2\/types\/post"}],"author":[{"embeddable":true,"href":"https:\/\/www.lactissima.com\/a-tire-d-ailes\/wp-json\/wp\/v2\/users\/170"}],"replies":[{"embeddable":true,"href":"https:\/\/www.lactissima.com\/a-tire-d-ailes\/wp-json\/wp\/v2\/comments?post=867"}],"version-history":[{"count":11,"href":"https:\/\/www.lactissima.com\/a-tire-d-ailes\/wp-json\/wp\/v2\/posts\/867\/revisions"}],"predecessor-version":[{"id":5529,"href":"https:\/\/www.lactissima.com\/a-tire-d-ailes\/wp-json\/wp\/v2\/posts\/867\/revisions\/5529"}],"wp:featuredmedia":[{"embeddable":true,"href":"https:\/\/www.lactissima.com\/a-tire-d-ailes\/wp-json\/wp\/v2\/media\/868"}],"wp:attachment":[{"href":"https:\/\/www.lactissima.com\/a-tire-d-ailes\/wp-json\/wp\/v2\/media?parent=867"}],"wp:term":[{"taxonomy":"category","embeddable":true,"href":"https:\/\/www.lactissima.com\/a-tire-d-ailes\/wp-json\/wp\/v2\/categories?post=867"},{"taxonomy":"post_tag","embeddable":true,"href":"https:\/\/www.lactissima.com\/a-tire-d-ailes\/wp-json\/wp\/v2\/tags?post=867"}],"curies":[{"name":"wp","href":"https:\/\/api.w.org\/{rel}","templated":true}]}}