{"id":857,"date":"2009-11-27T19:33:41","date_gmt":"2009-11-27T17:33:41","guid":{"rendered":"https:\/\/www.lactissima.com\/a-tire-d-ailes\/?p=857"},"modified":"2017-10-03T15:06:21","modified_gmt":"2017-10-03T13:06:21","slug":"rencontre-avec-segolene-finet-co-fondatrice-de-mamanana","status":"publish","type":"post","link":"https:\/\/www.lactissima.com\/a-tire-d-ailes\/rencontre-avec-segolene-finet-co-fondatrice-de-mamanana\/","title":{"rendered":"Rencontre avec S\u00e9gol\u00e8ne Finet, co-fondatrice de Mamanana"},"content":{"rendered":"<p style=\"text-align: justify;\"><a href=\"https:\/\/www.lactissima.com\/a-tire-d-ailes\/wp-content\/uploads\/2009\/11\/Segolene-et-Talia.jpg\"><img loading=\"lazy\" decoding=\"async\" class=\"alignright size-full wp-image-4555\" alt=\"Segolene et Talia\" src=\"https:\/\/www.lactissima.com\/a-tire-d-ailes\/wp-content\/uploads\/2009\/11\/Segolene-et-Talia.jpg\" width=\"234\" height=\"350\" srcset=\"https:\/\/www.lactissima.com\/a-tire-d-ailes\/wp-content\/uploads\/2009\/11\/Segolene-et-Talia.jpg 234w, https:\/\/www.lactissima.com\/a-tire-d-ailes\/wp-content\/uploads\/2009\/11\/Segolene-et-Talia-200x300.jpg 200w\" sizes=\"(max-width: 234px) 100vw, 234px\" \/><\/a>Je vous ai d\u00e9j\u00e0 parl\u00e9 de Mamanana pour ses v\u00eatements d&rsquo;allaitement et ses accessoires d&rsquo;allaitement (les Lilypadz ou le bustier pour tire-lait par exemple).<\/p>\n<p style=\"text-align: justify;\">Aujourd&rsquo;hui, je suis heureuse de vous faire rencontrer S\u00e9gol\u00e8ne Finet, la co-fondatrice de Mamanana, qui partage avec nous son exp\u00e9rience du travail et de l&rsquo;allaitement.<\/p>\n<p style=\"text-align: justify;\"><strong>&#8211; Bonjour S\u00e9gol\u00e8ne. Peux-tu nous parler de ton m\u00e9tier ?<\/strong><\/p>\n<p style=\"text-align: justify;\">J&rsquo;ai plusieurs casquette : je suis la fondatrice de la boutique en ligne www.mamanana.com et \u00e0 ce titre je m&rsquo;occupe des achats (c&rsquo;est moi qui choisit la collection de v\u00eatements et de lingerie aupr\u00e8s de plus de 30 fournisseurs), et du marketing du site (publicit\u00e9, relations presse, etc.) Je suis aussi bloggeuse et j&rsquo;\u00e9cris sur mon exp\u00e9rience de maman allaitante, l&rsquo;actualit\u00e9 de l&rsquo;allaitement, etc. : http:\/\/blog.allaitement.mamanana.com\/2008\/01\/pour-changer-de.html<\/p>\n<p style=\"text-align: justify;\"><strong>&#8211; Y a-t-il des \u00ab\u00a0trucs\u00a0\u00bb vestimentaires qui peuvent aider une maman qui tire son lait au travail ?<\/strong><\/p>\n<p style=\"text-align: justify;\">Il y a deux types de trucs : les trucs pour se sentir bien, et les trucs pour tirer son lait facilement.<\/p>\n<p style=\"text-align: justify;\">Pour se sentir bien : souvent quand on reprend le travail apr\u00e8s un cong\u00e9 de maternit\u00e9, on y va un peu \u00e0 reculons en esp\u00e9rant toujours qu&rsquo;un miracle de derni\u00e8re minute nous permettra de rester \u00e0 la maison au chaud avec b\u00e9b\u00e9. On a tendance aussi \u00e0 se pr\u00e9occuper uniquement des besoins futurs de b\u00e9b\u00e9, et \u00e0 oublier les siens. Du coup, et cela m&rsquo;est arriv\u00e9 pour mon premier b\u00e9b\u00e9, on arrive souvent pour le premier jour de boulot avec des cernes, pas super bien coiff\u00e9e, un tailleur qui date d&rsquo;avant la grossesse, et souvent, des kilos en trop qui d\u00e9priment. Difficile alors d&rsquo;avoir confiance en soi et de projeter l&rsquo;image dynamique attendue des collaborateurs de votre entreprise. Donc mon premier truc est de se pr\u00e9parer au retour de mani\u00e8re un peu \u00e9go\u00c3\u00afste : de s&rsquo;accorder une petite vir\u00e9e shopping, un tour au rayon maquillage de Monop, une coupe de cheveu, etc.  C&rsquo;est plus important qu&rsquo;on ne le pense.<\/p>\n<p style=\"text-align: justify;\">Deuxi\u00e8me truc, il faut se pr\u00e9parer une garde-robe qui fonctionne bien pour tirer son lait au travail et\/ou pour allaiter b\u00e9b\u00e9 en le retrouvant le soir (car s&rsquo;il faut enlever votre robe pour allaiter \u00e0 la cr\u00e8che c&rsquo;est moyen.) Cela inclut la lingerie.  Voil\u00e0 ma petite liste :<\/p>\n<ul style=\"text-align: justify;\">\n<li>Des soutiens-gorge d&rsquo;allaitement suffisamment souples et \u00e9lastiques pour tenir les t\u00e9terelles du tire-lait (si vous utiliser un tire-lait \u00e0 double pompage), ou un bustier tire-lait \u00e0 rajouter dessus.<\/li>\n<\/ul>\n<ul style=\"text-align: justify;\">\n<li>Des hauts et robes qui vous permettent facilement de tirer votre lait, c&rsquo;est-\u00e0 -dire, soit des hauts et robes d&rsquo;allaitement, soit des tenues qui peuvent suffisamment s&rsquo;ouvrir devant (chemisier boutonn\u00e9, pull de forme cache-coeur, superposition caraco \u00e9lastique sous veste, etc.) et qui ne se friperont pas trop lors de l&rsquo;op\u00e9ration. Vous pouvez aussi porter un haut que vous soul\u00e8verez mais c&rsquo;est moins pratique car 1) vous avez le ventre \u00e0 l&rsquo;air, donc risquez d&rsquo;avoir un peu froid si les locaux sont climatis\u00e9s, et 2) avec le tee-shirt remont\u00e9 au dessus de la poitrine vous voyez moins bien comment positionner les t\u00e9terelles, c&rsquo;est \u00e9nervant.<\/li>\n<\/ul>\n<ul style=\"text-align: justify;\">\n<li>Difficile de tirer son lait, du moins au d\u00e9but, sans qu&rsquo;une goutte ou deux atterrissent sur vos v\u00eatements, donc privil\u00e9giez les mati\u00e8res non fragiles (pas de nettoyage \u00e0 sec !), les teintes sombres, et les imprim\u00e9s. Amenez aussi une petite serviette de toilette ou un foulard en coton qui ne craint rien que vous posez sur vos genous afin de prot\u00e9ger votre jupe ou votre pantalon.<\/li>\n<\/ul>\n<ul style=\"text-align: justify;\">\n<li>Avoir <em>toujours<\/em> sur son lieu de travail une tenue compl\u00e8te de rechange (haut et bas), et un soutien-gorge de rechange, en cas de catastrophe (genre, vous renversez sur vous la bouteille de lait tir\u00e9) ou d&rsquo;\u00e9coulement de lait intempestif. Pr\u00e9voir aussi des coussinets d&rsquo;allaitement de rechange, des barres de c\u00e9r\u00e9ales, et un petit tire-lait manuel que vous pouvez glisser dans un sac \u00e0 main en cas de d\u00e9jeuner client qui s&rsquo;\u00e9ternise (et auquel vous n&rsquo;avez pas amen\u00e9 votre tire-lait \u00e9lectrique plus encombrant).<\/li>\n<\/ul>\n<ul style=\"text-align: justify;\">\n<li>Ne pas l\u00e9siner sur les coussinets d&rsquo;allaitement si vous en avez besoin. En essayer plusieurs afin d&rsquo;identifier les plus discrets et les plus absorbants. Rien de pire que de sentir un \u00e9coulement de lait tremper votre pull lors d&rsquo;une r\u00e9union de fin de journ\u00e9e.<\/li>\n<\/ul>\n<p style=\"text-align: justify;\"><strong>&#8211; Quelles sont les erreurs \u00e0 \u00e9viter ?<\/strong><\/p>\n<p style=\"text-align: justify;\">Id\u00e9alement, pour limiter le stress des premiers jours, il faut faire une r\u00e9p\u00e9tion g\u00e9n\u00e9rale. C&rsquo;est-\u00e0 -dire chez soi (ou dans l&rsquo;entreprise mais c&rsquo;est difficile !) s&rsquo;habiller comme pour le premier jour de travail (avec collants et chaussures !), installer son tire-lait, tirer son lait, etc. C&rsquo;est incroyable le genre de petits d\u00e9tails qu&rsquo;on d\u00e9couvre \u00c2\u00ab en situation \u00c2\u00bb : le tire-lait qu&rsquo;on ne sait pas bien assembler, la goutte de lait qui tombe de la t\u00e9terelle et t\u00e2che votre pantalon, les compresses d&rsquo;allaitement qui se voient sous le haut qu&rsquo;on avait choisi, etc.<\/p>\n<p style=\"text-align: justify;\">L&rsquo;autre erreur c&rsquo;est de ne planifier que la premi\u00e8re journ\u00e9e de travail. Il faut pr\u00e9voir suffisamment de tenues propres et repass\u00e9es pour toute une semaine de travail, y compris tous les accessoires (des boucles d&rsquo;oreilles aux chaussures), car en rentrant le soir vous n&rsquo;aurez qu&rsquo;une envie : vous occuper de votre petit bout, et dormir dormir dormir (donc repasser vos chemisiers vous para\u00eetra une t\u00e2che insurmontable.) Mieux vaut pr\u00e9parer tout cela avant, pour \u00e9viter les matins paniquants ou vous cherchez d\u00e9sesp\u00e9rement une paire de collants non fil\u00e9s (surtout au d\u00e9but quand la nouvelle routine avec b\u00e9b\u00e9 et le tire-lait et la cr\u00e8che ou nounou n&rsquo;est pas encore r\u00f4d\u00e9e.)<\/p>\n<p style=\"text-align: justify;\">Je crois aussi que les cong\u00e9s de maternit\u00e9 peuvent changer la mani\u00e8re dont vous \u00eates per\u00e7ue dans une entreprise (surtout si vous travaillez dans un milieu tr\u00e8s masculin), de femme vous passez \u00e0 m\u00e8re, avec tout le cort\u00e8ge de clich\u00e9s que cela suppose sur votre comp\u00e9tence au travail, votre motivation, etc. C&rsquo;est particuli\u00e8rement vrai pour les femmes cadres, ou toutes celles qui font un m\u00e9tier peu f\u00e9minis\u00e9 (dans l&rsquo;industrie en particulier). Donc pr\u00e9senter une image professionnelle, f\u00e9minine, tendance, c&rsquo;est un moyen de visuellement combattre ces clich\u00e9s et leur impact n\u00e9gatif sur votre carri\u00e8re (et votre r\u00e9mun\u00e9ration). Si vous h\u00e9sitez \u00e0 justifier des d\u00e9penses vestimentaires \u00e0 ce moment l\u00e0 (surtout si vous n&rsquo;avez pas repris votre poids d&rsquo;avant la grossesse et vous vous dites que cette garde-robe n&rsquo;est que temporaire), dites-vous que c&rsquo;est un investissement, et pas une frivolit\u00e9.<\/p>\n<p style=\"text-align: justify;\"><strong>&#8211; As-tu toi-m\u00eame exp\u00e9riment\u00e9 le travail et l&rsquo;allaitement ?<\/strong><\/p>\n<p style=\"text-align: justify;\">Avant de fonder mamaNANA, j&rsquo;\u00e9tais cadre chez un grand \u00e9diteur de logiciel et parcourais la plan\u00e8te pour rencontrer mes clients et les \u00e9quipes de d\u00e9veloppeurs. C&rsquo;est dans ce cadre l\u00e0 que j&rsquo;ai continu\u00e9 \u00e0 allaiter ma fille a\u00een\u00e9e donc les probl\u00e9matiques rencontr\u00e9es par les lectrices d&rsquo;A tire d&rsquo;Ailes me parlent beaucoup ! J&rsquo;ai tir\u00e9 mon lait au bureau pendant plusieurs mois et cela m&rsquo;a beaucoup aid\u00e9, psychologiquement, \u00e0 mieux g\u00e9rer la s\u00e9paration avec ma fille. Par contre, dans mon poste, et dans cette entreprise en particulier (et il y a 9 ans de cela), j&rsquo;\u00e9tais un vrai extra-terrestre et je tirais mon lait en secret dans des conditions pas optimales, donc j&rsquo;avais trouv\u00e9 cela un peu stressant, surtout avec les voyages d&rsquo;affaires, les r\u00e9unions tard le soir, et bien s\u00fbr un environnement tr\u00e8s masculin, etc. Apr\u00e8s, je l&rsquo;ai sevr\u00e9e dans la journ\u00e9e (elle \u00e9tait diversifi\u00e9e) et lui donnais le sein \u00e0 la demande le matin, le soir, et les week-ends. Cela fonctionnait super bien et je l&rsquo;ai ainsi allait\u00e9e jusqu&rsquo;\u00e0 11 mois.<\/p>\n<p style=\"text-align: justify;\"><strong>&#8211; Qu&rsquo;est-ce qui t&rsquo;a facilit\u00e9 la vie ?<\/strong><\/p>\n<p style=\"text-align: justify;\">Avoir un super tire-lait double pompage \u00e9lectrique (Medela, mais je n&rsquo;ai pas d&rsquo;actions chez eux) qui me permettait des s\u00e9ances tire-lait super rapides et sans stress. Et surtout, avoir un mari qui me soutenait \u00e0 fond ! C&rsquo;est important du point de vue de l&rsquo;organisation familiale, d&rsquo;avoir un mari ou compagnon qui fait partie prenante du projet allaitement\/travail : que ce soit pour les petites choses (comment st\u00e9riliser les pi\u00e8ces du tire-lait, les consignes de conservation du lait, etc.), que les plus complexes (s&rsquo;occuper d&rsquo;un b\u00e9b\u00e9 allait\u00e9 pendant les voyages d&rsquo;affaires de sa maman, renforcer l&rsquo;importance de la poursuite de l&rsquo;allaitement aupr\u00e8s de la nounou, etc.)<\/p>\n<p style=\"text-align: justify;\">Et puis, je savais que c&rsquo;\u00e9tait faisable car j&rsquo;avais vu d&rsquo;autres femmes le faire lorsque je travaillais aux Etats-Unis au si\u00e8ge social de mon entreprise. Les femmes cadres et non cadres avaient des cong\u00e9s de maternit\u00e9 tr\u00e8s courts et elles \u00e9taient nombreuses \u00e0 revenir au travail avec des tire-lait ! Il y avait m\u00eame une salle r\u00e9serv\u00e9e pour cela, accessible \u00e0 toutes, avec fauteuils confortables, r\u00e9frig\u00e9rateurs, prises \u00e9lectriques, etc. Leur exemple m&rsquo;a beaucoup aid\u00e9e.<\/p>\n<p style=\"text-align: justify;\"><strong>Merci beaucoup S\u00e9gol\u00e8ne pour ce partage avec les lectrices d&rsquo; A tire d&rsquo;Ailes !<\/strong><\/p>\n<p>&nbsp;<\/p>\n","protected":false},"excerpt":{"rendered":"<p>&#8211; Y a-t-il des \u00ab\u00a0trucs\u00a0\u00bb vestimentaires qui peuvent aider une maman qui tire son lait au travail ?<\/p>\n<p>Il y a deux types de trucs : les trucs pour se sentir bien, et les trucs pour tirer son lait facilement.<\/p>\n","protected":false},"author":170,"featured_media":4555,"comment_status":"open","ping_status":"open","sticky":false,"template":"","format":"standard","meta":{"_et_pb_use_builder":"","_et_pb_old_content":"","_et_gb_content_width":"","footnotes":""},"categories":[35,36,41,43,150],"tags":[168,166,57,167],"class_list":["post-857","post","type-post","status-publish","format-standard","has-post-thumbnail","hentry","category-allaitement","category-allaitement-et-travail","category-femmes-et-societe","category-materiel","category-temoignages","tag-lingerie","tag-mamanana","tag-tire-lait","tag-vetements"],"yoast_head":"<!-- This site is optimized with the Yoast SEO plugin v27.4 - https:\/\/yoast.com\/product\/yoast-seo-wordpress\/ -->\n<title>Rencontre avec S\u00e9gol\u00e8ne Finet, co-fondatrice de Mamanana<\/title>\n<meta name=\"description\" content=\"- Y a-t-il des &quot;trucs&quot; vestimentaires qui peuvent aider une maman qui tire son lait au travail ?  Il y a deux types de trucs : les trucs pour se sentir bien, et les trucs pour tirer son lait facilement.\" \/>\n<meta name=\"robots\" content=\"index, follow, max-snippet:-1, max-image-preview:large, max-video-preview:-1\" \/>\n<link rel=\"canonical\" href=\"https:\/\/www.lactissima.com\/a-tire-d-ailes\/rencontre-avec-segolene-finet-co-fondatrice-de-mamanana\/\" \/>\n<meta property=\"og:locale\" content=\"fr_FR\" \/>\n<meta property=\"og:type\" content=\"article\" \/>\n<meta property=\"og:title\" content=\"Rencontre avec S\u00e9gol\u00e8ne Finet, co-fondatrice de Mamanana\" \/>\n<meta property=\"og:description\" content=\"- Y a-t-il des &quot;trucs&quot; vestimentaires qui peuvent aider une maman qui tire son lait au travail ?  Il y a deux types de trucs : les trucs pour se sentir bien, et les trucs pour tirer son lait facilement.\" \/>\n<meta property=\"og:url\" content=\"https:\/\/www.lactissima.com\/a-tire-d-ailes\/rencontre-avec-segolene-finet-co-fondatrice-de-mamanana\/\" \/>\n<meta property=\"og:site_name\" content=\"A tire d&#039;Ailes\" \/>\n<meta property=\"article:publisher\" content=\"https:\/\/www.facebook.com\/consultante.en.lactation\" \/>\n<meta property=\"article:author\" content=\"www.facebook.com\/consultante.en.lactation\" \/>\n<meta property=\"article:published_time\" content=\"2009-11-27T17:33:41+00:00\" \/>\n<meta property=\"article:modified_time\" content=\"2017-10-03T13:06:21+00:00\" \/>\n<meta property=\"og:image\" content=\"https:\/\/www.lactissima.com\/a-tire-d-ailes\/wp-content\/uploads\/2009\/11\/Segolene-et-Talia.jpg\" \/>\n\t<meta property=\"og:image:width\" content=\"234\" \/>\n\t<meta property=\"og:image:height\" content=\"350\" \/>\n\t<meta property=\"og:image:type\" content=\"image\/jpeg\" \/>\n<meta name=\"author\" content=\"V\u00e9ronique Darmangeat\" \/>\n<meta name=\"twitter:card\" content=\"summary_large_image\" \/>\n<meta name=\"twitter:creator\" content=\"@VeroniqueIBCLC\" \/>\n<meta name=\"twitter:site\" content=\"@VeroniqueIBCLC\" \/>\n<meta name=\"twitter:label1\" content=\"\u00c9crit par\" \/>\n\t<meta name=\"twitter:data1\" content=\"V\u00e9ronique Darmangeat\" \/>\n\t<meta name=\"twitter:label2\" content=\"Dur\u00e9e de lecture estim\u00e9e\" \/>\n\t<meta name=\"twitter:data2\" content=\"8 minutes\" \/>\n<script type=\"application\/ld+json\" class=\"yoast-schema-graph\">{\"@context\":\"https:\\\/\\\/schema.org\",\"@graph\":[{\"@type\":\"Article\",\"@id\":\"https:\\\/\\\/www.lactissima.com\\\/a-tire-d-ailes\\\/rencontre-avec-segolene-finet-co-fondatrice-de-mamanana\\\/#article\",\"isPartOf\":{\"@id\":\"https:\\\/\\\/www.lactissima.com\\\/a-tire-d-ailes\\\/rencontre-avec-segolene-finet-co-fondatrice-de-mamanana\\\/\"},\"author\":{\"name\":\"V\u00e9ronique Darmangeat\",\"@id\":\"https:\\\/\\\/www.lactissima.com\\\/a-tire-d-ailes\\\/#\\\/schema\\\/person\\\/8f98d3a89530861bc1240e6d53d44eed\"},\"headline\":\"Rencontre avec S\u00e9gol\u00e8ne Finet, co-fondatrice de Mamanana\",\"datePublished\":\"2009-11-27T17:33:41+00:00\",\"dateModified\":\"2017-10-03T13:06:21+00:00\",\"mainEntityOfPage\":{\"@id\":\"https:\\\/\\\/www.lactissima.com\\\/a-tire-d-ailes\\\/rencontre-avec-segolene-finet-co-fondatrice-de-mamanana\\\/\"},\"wordCount\":1610,\"commentCount\":2,\"image\":{\"@id\":\"https:\\\/\\\/www.lactissima.com\\\/a-tire-d-ailes\\\/rencontre-avec-segolene-finet-co-fondatrice-de-mamanana\\\/#primaryimage\"},\"thumbnailUrl\":\"https:\\\/\\\/www.lactissima.com\\\/a-tire-d-ailes\\\/wp-content\\\/uploads\\\/2009\\\/11\\\/Segolene-et-Talia.jpg\",\"keywords\":[\"lingerie\",\"mamanana\",\"tire-lait\",\"v\u00eatements\"],\"articleSection\":[\"Allaitement\",\"Allaitement et Travail\",\"Femmes et Soci\u00e9t\u00e9\",\"Mat\u00e9riel\",\"t\u00e9moignages\"],\"inLanguage\":\"fr-FR\",\"potentialAction\":[{\"@type\":\"CommentAction\",\"name\":\"Comment\",\"target\":[\"https:\\\/\\\/www.lactissima.com\\\/a-tire-d-ailes\\\/rencontre-avec-segolene-finet-co-fondatrice-de-mamanana\\\/#respond\"]}]},{\"@type\":\"WebPage\",\"@id\":\"https:\\\/\\\/www.lactissima.com\\\/a-tire-d-ailes\\\/rencontre-avec-segolene-finet-co-fondatrice-de-mamanana\\\/\",\"url\":\"https:\\\/\\\/www.lactissima.com\\\/a-tire-d-ailes\\\/rencontre-avec-segolene-finet-co-fondatrice-de-mamanana\\\/\",\"name\":\"Rencontre avec S\u00e9gol\u00e8ne Finet, co-fondatrice de Mamanana\",\"isPartOf\":{\"@id\":\"https:\\\/\\\/www.lactissima.com\\\/a-tire-d-ailes\\\/#website\"},\"primaryImageOfPage\":{\"@id\":\"https:\\\/\\\/www.lactissima.com\\\/a-tire-d-ailes\\\/rencontre-avec-segolene-finet-co-fondatrice-de-mamanana\\\/#primaryimage\"},\"image\":{\"@id\":\"https:\\\/\\\/www.lactissima.com\\\/a-tire-d-ailes\\\/rencontre-avec-segolene-finet-co-fondatrice-de-mamanana\\\/#primaryimage\"},\"thumbnailUrl\":\"https:\\\/\\\/www.lactissima.com\\\/a-tire-d-ailes\\\/wp-content\\\/uploads\\\/2009\\\/11\\\/Segolene-et-Talia.jpg\",\"datePublished\":\"2009-11-27T17:33:41+00:00\",\"dateModified\":\"2017-10-03T13:06:21+00:00\",\"author\":{\"@id\":\"https:\\\/\\\/www.lactissima.com\\\/a-tire-d-ailes\\\/#\\\/schema\\\/person\\\/8f98d3a89530861bc1240e6d53d44eed\"},\"description\":\"- Y a-t-il des \\\"trucs\\\" vestimentaires qui peuvent aider une maman qui tire son lait au travail ? Il y a deux types de trucs : les trucs pour se sentir bien, et les trucs pour tirer son lait facilement.\",\"breadcrumb\":{\"@id\":\"https:\\\/\\\/www.lactissima.com\\\/a-tire-d-ailes\\\/rencontre-avec-segolene-finet-co-fondatrice-de-mamanana\\\/#breadcrumb\"},\"inLanguage\":\"fr-FR\",\"potentialAction\":[{\"@type\":\"ReadAction\",\"target\":[\"https:\\\/\\\/www.lactissima.com\\\/a-tire-d-ailes\\\/rencontre-avec-segolene-finet-co-fondatrice-de-mamanana\\\/\"]}]},{\"@type\":\"ImageObject\",\"inLanguage\":\"fr-FR\",\"@id\":\"https:\\\/\\\/www.lactissima.com\\\/a-tire-d-ailes\\\/rencontre-avec-segolene-finet-co-fondatrice-de-mamanana\\\/#primaryimage\",\"url\":\"https:\\\/\\\/www.lactissima.com\\\/a-tire-d-ailes\\\/wp-content\\\/uploads\\\/2009\\\/11\\\/Segolene-et-Talia.jpg\",\"contentUrl\":\"https:\\\/\\\/www.lactissima.com\\\/a-tire-d-ailes\\\/wp-content\\\/uploads\\\/2009\\\/11\\\/Segolene-et-Talia.jpg\",\"width\":234,\"height\":350},{\"@type\":\"BreadcrumbList\",\"@id\":\"https:\\\/\\\/www.lactissima.com\\\/a-tire-d-ailes\\\/rencontre-avec-segolene-finet-co-fondatrice-de-mamanana\\\/#breadcrumb\",\"itemListElement\":[{\"@type\":\"ListItem\",\"position\":1,\"name\":\"Accueil\",\"item\":\"https:\\\/\\\/www.lactissima.com\\\/a-tire-d-ailes\\\/\"},{\"@type\":\"ListItem\",\"position\":2,\"name\":\"Rencontre avec S\u00e9gol\u00e8ne Finet, co-fondatrice de Mamanana\"}]},{\"@type\":\"WebSite\",\"@id\":\"https:\\\/\\\/www.lactissima.com\\\/a-tire-d-ailes\\\/#website\",\"url\":\"https:\\\/\\\/www.lactissima.com\\\/a-tire-d-ailes\\\/\",\"name\":\"A tire d&#039;Ailes\",\"description\":\"Le blog des femmes qui allaitent et travaillent.\",\"potentialAction\":[{\"@type\":\"SearchAction\",\"target\":{\"@type\":\"EntryPoint\",\"urlTemplate\":\"https:\\\/\\\/www.lactissima.com\\\/a-tire-d-ailes\\\/?s={search_term_string}\"},\"query-input\":{\"@type\":\"PropertyValueSpecification\",\"valueRequired\":true,\"valueName\":\"search_term_string\"}}],\"inLanguage\":\"fr-FR\"},{\"@type\":\"Person\",\"@id\":\"https:\\\/\\\/www.lactissima.com\\\/a-tire-d-ailes\\\/#\\\/schema\\\/person\\\/8f98d3a89530861bc1240e6d53d44eed\",\"name\":\"V\u00e9ronique Darmangeat\",\"image\":{\"@type\":\"ImageObject\",\"inLanguage\":\"fr-FR\",\"@id\":\"https:\\\/\\\/secure.gravatar.com\\\/avatar\\\/268c99344c89cebfe4f5df5fa8be43068a18884fc76a29f3206fae98465b9cab?s=96&d=identicon&r=g\",\"url\":\"https:\\\/\\\/secure.gravatar.com\\\/avatar\\\/268c99344c89cebfe4f5df5fa8be43068a18884fc76a29f3206fae98465b9cab?s=96&d=identicon&r=g\",\"contentUrl\":\"https:\\\/\\\/secure.gravatar.com\\\/avatar\\\/268c99344c89cebfe4f5df5fa8be43068a18884fc76a29f3206fae98465b9cab?s=96&d=identicon&r=g\",\"caption\":\"V\u00e9ronique Darmangeat\"},\"sameAs\":[\"https:\\\/\\\/www.lactissima.com\\\/a-tire-d-ailes\",\"www.facebook.com\\\/consultante.en.lactation\"]}]}<\/script>\n<!-- \/ Yoast SEO plugin. -->","yoast_head_json":{"title":"Rencontre avec S\u00e9gol\u00e8ne Finet, co-fondatrice de Mamanana","description":"- Y a-t-il des \"trucs\" vestimentaires qui peuvent aider une maman qui tire son lait au travail ?  Il y a deux types de trucs : les trucs pour se sentir bien, et les trucs pour tirer son lait facilement.","robots":{"index":"index","follow":"follow","max-snippet":"max-snippet:-1","max-image-preview":"max-image-preview:large","max-video-preview":"max-video-preview:-1"},"canonical":"https:\/\/www.lactissima.com\/a-tire-d-ailes\/rencontre-avec-segolene-finet-co-fondatrice-de-mamanana\/","og_locale":"fr_FR","og_type":"article","og_title":"Rencontre avec S\u00e9gol\u00e8ne Finet, co-fondatrice de Mamanana","og_description":"- Y a-t-il des \"trucs\" vestimentaires qui peuvent aider une maman qui tire son lait au travail ?  Il y a deux types de trucs : les trucs pour se sentir bien, et les trucs pour tirer son lait facilement.","og_url":"https:\/\/www.lactissima.com\/a-tire-d-ailes\/rencontre-avec-segolene-finet-co-fondatrice-de-mamanana\/","og_site_name":"A tire d&#039;Ailes","article_publisher":"https:\/\/www.facebook.com\/consultante.en.lactation","article_author":"www.facebook.com\/consultante.en.lactation","article_published_time":"2009-11-27T17:33:41+00:00","article_modified_time":"2017-10-03T13:06:21+00:00","og_image":[{"width":234,"height":350,"url":"https:\/\/www.lactissima.com\/a-tire-d-ailes\/wp-content\/uploads\/2009\/11\/Segolene-et-Talia.jpg","type":"image\/jpeg"}],"author":"V\u00e9ronique Darmangeat","twitter_card":"summary_large_image","twitter_creator":"@VeroniqueIBCLC","twitter_site":"@VeroniqueIBCLC","twitter_misc":{"\u00c9crit par":"V\u00e9ronique Darmangeat","Dur\u00e9e de lecture estim\u00e9e":"8 minutes"},"schema":{"@context":"https:\/\/schema.org","@graph":[{"@type":"Article","@id":"https:\/\/www.lactissima.com\/a-tire-d-ailes\/rencontre-avec-segolene-finet-co-fondatrice-de-mamanana\/#article","isPartOf":{"@id":"https:\/\/www.lactissima.com\/a-tire-d-ailes\/rencontre-avec-segolene-finet-co-fondatrice-de-mamanana\/"},"author":{"name":"V\u00e9ronique Darmangeat","@id":"https:\/\/www.lactissima.com\/a-tire-d-ailes\/#\/schema\/person\/8f98d3a89530861bc1240e6d53d44eed"},"headline":"Rencontre avec S\u00e9gol\u00e8ne Finet, co-fondatrice de Mamanana","datePublished":"2009-11-27T17:33:41+00:00","dateModified":"2017-10-03T13:06:21+00:00","mainEntityOfPage":{"@id":"https:\/\/www.lactissima.com\/a-tire-d-ailes\/rencontre-avec-segolene-finet-co-fondatrice-de-mamanana\/"},"wordCount":1610,"commentCount":2,"image":{"@id":"https:\/\/www.lactissima.com\/a-tire-d-ailes\/rencontre-avec-segolene-finet-co-fondatrice-de-mamanana\/#primaryimage"},"thumbnailUrl":"https:\/\/www.lactissima.com\/a-tire-d-ailes\/wp-content\/uploads\/2009\/11\/Segolene-et-Talia.jpg","keywords":["lingerie","mamanana","tire-lait","v\u00eatements"],"articleSection":["Allaitement","Allaitement et Travail","Femmes et Soci\u00e9t\u00e9","Mat\u00e9riel","t\u00e9moignages"],"inLanguage":"fr-FR","potentialAction":[{"@type":"CommentAction","name":"Comment","target":["https:\/\/www.lactissima.com\/a-tire-d-ailes\/rencontre-avec-segolene-finet-co-fondatrice-de-mamanana\/#respond"]}]},{"@type":"WebPage","@id":"https:\/\/www.lactissima.com\/a-tire-d-ailes\/rencontre-avec-segolene-finet-co-fondatrice-de-mamanana\/","url":"https:\/\/www.lactissima.com\/a-tire-d-ailes\/rencontre-avec-segolene-finet-co-fondatrice-de-mamanana\/","name":"Rencontre avec S\u00e9gol\u00e8ne Finet, co-fondatrice de Mamanana","isPartOf":{"@id":"https:\/\/www.lactissima.com\/a-tire-d-ailes\/#website"},"primaryImageOfPage":{"@id":"https:\/\/www.lactissima.com\/a-tire-d-ailes\/rencontre-avec-segolene-finet-co-fondatrice-de-mamanana\/#primaryimage"},"image":{"@id":"https:\/\/www.lactissima.com\/a-tire-d-ailes\/rencontre-avec-segolene-finet-co-fondatrice-de-mamanana\/#primaryimage"},"thumbnailUrl":"https:\/\/www.lactissima.com\/a-tire-d-ailes\/wp-content\/uploads\/2009\/11\/Segolene-et-Talia.jpg","datePublished":"2009-11-27T17:33:41+00:00","dateModified":"2017-10-03T13:06:21+00:00","author":{"@id":"https:\/\/www.lactissima.com\/a-tire-d-ailes\/#\/schema\/person\/8f98d3a89530861bc1240e6d53d44eed"},"description":"- Y a-t-il des \"trucs\" vestimentaires qui peuvent aider une maman qui tire son lait au travail ? Il y a deux types de trucs : les trucs pour se sentir bien, et les trucs pour tirer son lait facilement.","breadcrumb":{"@id":"https:\/\/www.lactissima.com\/a-tire-d-ailes\/rencontre-avec-segolene-finet-co-fondatrice-de-mamanana\/#breadcrumb"},"inLanguage":"fr-FR","potentialAction":[{"@type":"ReadAction","target":["https:\/\/www.lactissima.com\/a-tire-d-ailes\/rencontre-avec-segolene-finet-co-fondatrice-de-mamanana\/"]}]},{"@type":"ImageObject","inLanguage":"fr-FR","@id":"https:\/\/www.lactissima.com\/a-tire-d-ailes\/rencontre-avec-segolene-finet-co-fondatrice-de-mamanana\/#primaryimage","url":"https:\/\/www.lactissima.com\/a-tire-d-ailes\/wp-content\/uploads\/2009\/11\/Segolene-et-Talia.jpg","contentUrl":"https:\/\/www.lactissima.com\/a-tire-d-ailes\/wp-content\/uploads\/2009\/11\/Segolene-et-Talia.jpg","width":234,"height":350},{"@type":"BreadcrumbList","@id":"https:\/\/www.lactissima.com\/a-tire-d-ailes\/rencontre-avec-segolene-finet-co-fondatrice-de-mamanana\/#breadcrumb","itemListElement":[{"@type":"ListItem","position":1,"name":"Accueil","item":"https:\/\/www.lactissima.com\/a-tire-d-ailes\/"},{"@type":"ListItem","position":2,"name":"Rencontre avec S\u00e9gol\u00e8ne Finet, co-fondatrice de Mamanana"}]},{"@type":"WebSite","@id":"https:\/\/www.lactissima.com\/a-tire-d-ailes\/#website","url":"https:\/\/www.lactissima.com\/a-tire-d-ailes\/","name":"A tire d&#039;Ailes","description":"Le blog des femmes qui allaitent et travaillent.","potentialAction":[{"@type":"SearchAction","target":{"@type":"EntryPoint","urlTemplate":"https:\/\/www.lactissima.com\/a-tire-d-ailes\/?s={search_term_string}"},"query-input":{"@type":"PropertyValueSpecification","valueRequired":true,"valueName":"search_term_string"}}],"inLanguage":"fr-FR"},{"@type":"Person","@id":"https:\/\/www.lactissima.com\/a-tire-d-ailes\/#\/schema\/person\/8f98d3a89530861bc1240e6d53d44eed","name":"V\u00e9ronique Darmangeat","image":{"@type":"ImageObject","inLanguage":"fr-FR","@id":"https:\/\/secure.gravatar.com\/avatar\/268c99344c89cebfe4f5df5fa8be43068a18884fc76a29f3206fae98465b9cab?s=96&d=identicon&r=g","url":"https:\/\/secure.gravatar.com\/avatar\/268c99344c89cebfe4f5df5fa8be43068a18884fc76a29f3206fae98465b9cab?s=96&d=identicon&r=g","contentUrl":"https:\/\/secure.gravatar.com\/avatar\/268c99344c89cebfe4f5df5fa8be43068a18884fc76a29f3206fae98465b9cab?s=96&d=identicon&r=g","caption":"V\u00e9ronique Darmangeat"},"sameAs":["https:\/\/www.lactissima.com\/a-tire-d-ailes","www.facebook.com\/consultante.en.lactation"]}]}},"_links":{"self":[{"href":"https:\/\/www.lactissima.com\/a-tire-d-ailes\/wp-json\/wp\/v2\/posts\/857","targetHints":{"allow":["GET"]}}],"collection":[{"href":"https:\/\/www.lactissima.com\/a-tire-d-ailes\/wp-json\/wp\/v2\/posts"}],"about":[{"href":"https:\/\/www.lactissima.com\/a-tire-d-ailes\/wp-json\/wp\/v2\/types\/post"}],"author":[{"embeddable":true,"href":"https:\/\/www.lactissima.com\/a-tire-d-ailes\/wp-json\/wp\/v2\/users\/170"}],"replies":[{"embeddable":true,"href":"https:\/\/www.lactissima.com\/a-tire-d-ailes\/wp-json\/wp\/v2\/comments?post=857"}],"version-history":[{"count":18,"href":"https:\/\/www.lactissima.com\/a-tire-d-ailes\/wp-json\/wp\/v2\/posts\/857\/revisions"}],"predecessor-version":[{"id":7339,"href":"https:\/\/www.lactissima.com\/a-tire-d-ailes\/wp-json\/wp\/v2\/posts\/857\/revisions\/7339"}],"wp:featuredmedia":[{"embeddable":true,"href":"https:\/\/www.lactissima.com\/a-tire-d-ailes\/wp-json\/wp\/v2\/media\/4555"}],"wp:attachment":[{"href":"https:\/\/www.lactissima.com\/a-tire-d-ailes\/wp-json\/wp\/v2\/media?parent=857"}],"wp:term":[{"taxonomy":"category","embeddable":true,"href":"https:\/\/www.lactissima.com\/a-tire-d-ailes\/wp-json\/wp\/v2\/categories?post=857"},{"taxonomy":"post_tag","embeddable":true,"href":"https:\/\/www.lactissima.com\/a-tire-d-ailes\/wp-json\/wp\/v2\/tags?post=857"}],"curies":[{"name":"wp","href":"https:\/\/api.w.org\/{rel}","templated":true}]}}