{"id":8542,"date":"2021-03-11T16:03:15","date_gmt":"2021-03-11T15:03:15","guid":{"rendered":"https:\/\/www.lactissima.com\/a-tire-d-ailes\/?p=8542"},"modified":"2021-03-11T16:03:15","modified_gmt":"2021-03-11T15:03:15","slug":"tirer-son-lait-en-temps-de-covid-19","status":"publish","type":"post","link":"https:\/\/www.lactissima.com\/a-tire-d-ailes\/tirer-son-lait-en-temps-de-covid-19\/","title":{"rendered":"Tirer son lait en temps de COVID-19"},"content":{"rendered":"<p style=\"text-align: justify;\">Depuis le d\u00e9but de cette <strong>pand\u00e9mie<\/strong>, j&rsquo;ai re\u00e7u des messages parfois franchement ubuesques :<\/p>\n<ul style=\"text-align: justify;\">\n<li>\u00ab\u00a0On me refuse de tirer mon lait au travail \u00e0 cause de l&rsquo;\u00e9pid\u00e9mie !\u00a0\u00bb<\/li>\n<li>\u00ab\u00a0On refuse de prendre mon lait \u00e0 la cr\u00e8che \u00e0 cause de l&rsquo;\u00e9pid\u00e9mie !\u00a0\u00bb<\/li>\n<li>\u00ab\u00a0On me refuse mes pauses allaitement \u00e0 cause de l&rsquo;\u00e9pid\u00e9mie !\u00a0\u00bb<\/li>\n<li>\u00ab\u00a0On me dis d&rsquo;arr\u00eater l&rsquo;allaitement car je suis cas contact !\u00a0\u00bb<\/li>\n<\/ul>\n<p style=\"text-align: justify;\">Et je pourrais encore continuer longtemps comme \u00e7a\u2026<\/p>\n<p style=\"text-align: justify;\">Alors soyons clairs, tout ceci est faux.<br \/>\nAu vu des \u00e9tudes disponibles \u00e0 ce jour :<\/p>\n<ul style=\"text-align: justify;\">\n<li>Vous pou<br \/>\nvez <strong>continuer \u00e0 tirer votre lait au travail<\/strong>, en continuant \u00e0 vous laver soigneusement les mains avant de manipuler votre mat\u00e9riel et votre lait.<\/li>\n<li>Rien n&rsquo;autorise votre employeur \u00e0 vous interdire de le faire.<\/li>\n<li>Rien n&rsquo;autorise non plus votre employeur \u00e0 vous refuser vos pauses allaitement.<\/li>\n<li>S&rsquo;il existait une salle pour tirer votre lait dans votre entreprise, l&rsquo;\u00e9pid\u00e9mie ne justifie pas qu&rsquo;elle soit ferm\u00e9e.<\/li>\n<li>La cr\u00e8che n&rsquo;a aucune raison de vous refuser votre lait.<\/li>\n<li>La cr\u00e8che n&rsquo;a pas non plus de raison de durcir les conditions de conservation du lait.<\/li>\n<li>La poursuite de l&rsquo;allaitement est encourag\u00e9e.<\/li>\n<\/ul>\n<p style=\"text-align: justify;\">La seule bonne nouvelle dans tout cela, c&rsquo;est qu&rsquo;avec l&rsquo;augmentation du nombre de salari\u00e9s en t\u00e9l\u00e9travail, de nombreuses femmes tirent leur lait plus facilement.<\/p>\n<p style=\"text-align: justify;\">Et pour <strong>vous<\/strong>, comment se passe le tirage du lait sur votre lieu de travail ?<\/p>\n<p>&nbsp;<\/p>\n<div class='et-box et-shadow'>\n\t\t\t\t\t<div class='et-box-content'>Lire des articles ou poser des questions en commentaire ne suffit pas \u00e0 r\u00e9soudre votre probl\u00e8me ? Savez-vous que vous pouvez prendre RDV pour une consultation avec moi ? N&rsquo;h\u00e9sitez pas \u00e0 me contacter !<\/div><\/div>\n","protected":false},"excerpt":{"rendered":"<p>Depuis le d\u00e9but de cette pand\u00e9mie, j&rsquo;ai re\u00e7u des messages parfois franchement ubuesques : \u00ab\u00a0On me refuse de tirer mon lait au travail \u00e0 cause de l&rsquo;\u00e9pid\u00e9mie !\u00a0\u00bb \u00ab\u00a0On refuse de prendre mon lait \u00e0 la cr\u00e8che \u00e0 cause de l&rsquo;\u00e9pid\u00e9mie !\u00a0\u00bb \u00ab\u00a0On me refuse mes pauses allaitement \u00e0 cause de l&rsquo;\u00e9pid\u00e9mie !\u00a0\u00bb \u00ab\u00a0On me [&hellip;]<\/p>\n","protected":false},"author":170,"featured_media":8545,"comment_status":"open","ping_status":"open","sticky":false,"template":"","format":"standard","meta":{"_et_pb_use_builder":"","_et_pb_old_content":"","_et_gb_content_width":"","footnotes":""},"categories":[34],"tags":[],"class_list":["post-8542","post","type-post","status-publish","format-standard","has-post-thumbnail","hentry","category-actualites"],"yoast_head":"<!-- This site is optimized with the Yoast SEO plugin v27.4 - https:\/\/yoast.com\/product\/yoast-seo-wordpress\/ -->\n<title>Tirer son lait en temps de COVID-19<\/title>\n<meta name=\"description\" content=\"Depuis le d\u00e9but de cette pand\u00e9mie, j&#039;ai re\u00e7u des messages parfois franchement ubuesques : &quot;On me refuse de tirer mon lait au travail \u00e0 cause de l&#039;\u00e9pid\u00e9mie\" \/>\n<meta name=\"robots\" content=\"index, follow, max-snippet:-1, max-image-preview:large, max-video-preview:-1\" \/>\n<link rel=\"canonical\" href=\"https:\/\/www.lactissima.com\/a-tire-d-ailes\/tirer-son-lait-en-temps-de-covid-19\/\" \/>\n<meta property=\"og:locale\" content=\"fr_FR\" \/>\n<meta property=\"og:type\" content=\"article\" \/>\n<meta property=\"og:title\" content=\"Tirer son lait en temps de COVID-19\" \/>\n<meta property=\"og:description\" content=\"Depuis le d\u00e9but de cette pand\u00e9mie, j&#039;ai re\u00e7u des messages parfois franchement ubuesques : &quot;On me refuse de tirer mon lait au travail \u00e0 cause de l&#039;\u00e9pid\u00e9mie\" \/>\n<meta property=\"og:url\" content=\"https:\/\/www.lactissima.com\/a-tire-d-ailes\/tirer-son-lait-en-temps-de-covid-19\/\" \/>\n<meta property=\"og:site_name\" content=\"A tire d&#039;Ailes\" \/>\n<meta property=\"article:publisher\" content=\"https:\/\/www.facebook.com\/consultante.en.lactation\" \/>\n<meta property=\"article:author\" content=\"www.facebook.com\/consultante.en.lactation\" \/>\n<meta property=\"article:published_time\" content=\"2021-03-11T15:03:15+00:00\" \/>\n<meta property=\"og:image\" content=\"https:\/\/www.lactissima.com\/a-tire-d-ailes\/wp-content\/uploads\/2021\/03\/covid-19-1.jpg\" \/>\n\t<meta property=\"og:image:width\" content=\"300\" \/>\n\t<meta property=\"og:image:height\" content=\"243\" \/>\n\t<meta property=\"og:image:type\" content=\"image\/jpeg\" \/>\n<meta name=\"author\" content=\"V\u00e9ronique Darmangeat\" \/>\n<meta name=\"twitter:card\" content=\"summary_large_image\" \/>\n<meta name=\"twitter:creator\" content=\"@VeroniqueIBCLC\" \/>\n<meta name=\"twitter:site\" content=\"@VeroniqueIBCLC\" \/>\n<meta name=\"twitter:label1\" content=\"\u00c9crit par\" \/>\n\t<meta name=\"twitter:data1\" content=\"V\u00e9ronique Darmangeat\" \/>\n\t<meta name=\"twitter:label2\" content=\"Dur\u00e9e de lecture estim\u00e9e\" \/>\n\t<meta name=\"twitter:data2\" content=\"2 minutes\" \/>\n<script type=\"application\/ld+json\" class=\"yoast-schema-graph\">{\"@context\":\"https:\\\/\\\/schema.org\",\"@graph\":[{\"@type\":\"Article\",\"@id\":\"https:\\\/\\\/www.lactissima.com\\\/a-tire-d-ailes\\\/tirer-son-lait-en-temps-de-covid-19\\\/#article\",\"isPartOf\":{\"@id\":\"https:\\\/\\\/www.lactissima.com\\\/a-tire-d-ailes\\\/tirer-son-lait-en-temps-de-covid-19\\\/\"},\"author\":{\"name\":\"V\u00e9ronique Darmangeat\",\"@id\":\"https:\\\/\\\/www.lactissima.com\\\/a-tire-d-ailes\\\/#\\\/schema\\\/person\\\/8f98d3a89530861bc1240e6d53d44eed\"},\"headline\":\"Tirer son lait en temps de COVID-19\",\"datePublished\":\"2021-03-11T15:03:15+00:00\",\"mainEntityOfPage\":{\"@id\":\"https:\\\/\\\/www.lactissima.com\\\/a-tire-d-ailes\\\/tirer-son-lait-en-temps-de-covid-19\\\/\"},\"wordCount\":288,\"commentCount\":4,\"image\":{\"@id\":\"https:\\\/\\\/www.lactissima.com\\\/a-tire-d-ailes\\\/tirer-son-lait-en-temps-de-covid-19\\\/#primaryimage\"},\"thumbnailUrl\":\"https:\\\/\\\/www.lactissima.com\\\/a-tire-d-ailes\\\/wp-content\\\/uploads\\\/2021\\\/03\\\/covid-19-1.jpg\",\"articleSection\":[\"Actualit\u00e9s\"],\"inLanguage\":\"fr-FR\",\"potentialAction\":[{\"@type\":\"CommentAction\",\"name\":\"Comment\",\"target\":[\"https:\\\/\\\/www.lactissima.com\\\/a-tire-d-ailes\\\/tirer-son-lait-en-temps-de-covid-19\\\/#respond\"]}]},{\"@type\":\"WebPage\",\"@id\":\"https:\\\/\\\/www.lactissima.com\\\/a-tire-d-ailes\\\/tirer-son-lait-en-temps-de-covid-19\\\/\",\"url\":\"https:\\\/\\\/www.lactissima.com\\\/a-tire-d-ailes\\\/tirer-son-lait-en-temps-de-covid-19\\\/\",\"name\":\"Tirer son lait en temps de COVID-19\",\"isPartOf\":{\"@id\":\"https:\\\/\\\/www.lactissima.com\\\/a-tire-d-ailes\\\/#website\"},\"primaryImageOfPage\":{\"@id\":\"https:\\\/\\\/www.lactissima.com\\\/a-tire-d-ailes\\\/tirer-son-lait-en-temps-de-covid-19\\\/#primaryimage\"},\"image\":{\"@id\":\"https:\\\/\\\/www.lactissima.com\\\/a-tire-d-ailes\\\/tirer-son-lait-en-temps-de-covid-19\\\/#primaryimage\"},\"thumbnailUrl\":\"https:\\\/\\\/www.lactissima.com\\\/a-tire-d-ailes\\\/wp-content\\\/uploads\\\/2021\\\/03\\\/covid-19-1.jpg\",\"datePublished\":\"2021-03-11T15:03:15+00:00\",\"author\":{\"@id\":\"https:\\\/\\\/www.lactissima.com\\\/a-tire-d-ailes\\\/#\\\/schema\\\/person\\\/8f98d3a89530861bc1240e6d53d44eed\"},\"description\":\"Depuis le d\u00e9but de cette pand\u00e9mie, j'ai re\u00e7u des messages parfois franchement ubuesques : \\\"On me refuse de tirer mon lait au travail \u00e0 cause de l'\u00e9pid\u00e9mie\",\"breadcrumb\":{\"@id\":\"https:\\\/\\\/www.lactissima.com\\\/a-tire-d-ailes\\\/tirer-son-lait-en-temps-de-covid-19\\\/#breadcrumb\"},\"inLanguage\":\"fr-FR\",\"potentialAction\":[{\"@type\":\"ReadAction\",\"target\":[\"https:\\\/\\\/www.lactissima.com\\\/a-tire-d-ailes\\\/tirer-son-lait-en-temps-de-covid-19\\\/\"]}]},{\"@type\":\"ImageObject\",\"inLanguage\":\"fr-FR\",\"@id\":\"https:\\\/\\\/www.lactissima.com\\\/a-tire-d-ailes\\\/tirer-son-lait-en-temps-de-covid-19\\\/#primaryimage\",\"url\":\"https:\\\/\\\/www.lactissima.com\\\/a-tire-d-ailes\\\/wp-content\\\/uploads\\\/2021\\\/03\\\/covid-19-1.jpg\",\"contentUrl\":\"https:\\\/\\\/www.lactissima.com\\\/a-tire-d-ailes\\\/wp-content\\\/uploads\\\/2021\\\/03\\\/covid-19-1.jpg\",\"width\":300,\"height\":243},{\"@type\":\"BreadcrumbList\",\"@id\":\"https:\\\/\\\/www.lactissima.com\\\/a-tire-d-ailes\\\/tirer-son-lait-en-temps-de-covid-19\\\/#breadcrumb\",\"itemListElement\":[{\"@type\":\"ListItem\",\"position\":1,\"name\":\"Accueil\",\"item\":\"https:\\\/\\\/www.lactissima.com\\\/a-tire-d-ailes\\\/\"},{\"@type\":\"ListItem\",\"position\":2,\"name\":\"Tirer son lait en temps de COVID-19\"}]},{\"@type\":\"WebSite\",\"@id\":\"https:\\\/\\\/www.lactissima.com\\\/a-tire-d-ailes\\\/#website\",\"url\":\"https:\\\/\\\/www.lactissima.com\\\/a-tire-d-ailes\\\/\",\"name\":\"A tire d&#039;Ailes\",\"description\":\"Le blog des femmes qui allaitent et travaillent.\",\"potentialAction\":[{\"@type\":\"SearchAction\",\"target\":{\"@type\":\"EntryPoint\",\"urlTemplate\":\"https:\\\/\\\/www.lactissima.com\\\/a-tire-d-ailes\\\/?s={search_term_string}\"},\"query-input\":{\"@type\":\"PropertyValueSpecification\",\"valueRequired\":true,\"valueName\":\"search_term_string\"}}],\"inLanguage\":\"fr-FR\"},{\"@type\":\"Person\",\"@id\":\"https:\\\/\\\/www.lactissima.com\\\/a-tire-d-ailes\\\/#\\\/schema\\\/person\\\/8f98d3a89530861bc1240e6d53d44eed\",\"name\":\"V\u00e9ronique Darmangeat\",\"image\":{\"@type\":\"ImageObject\",\"inLanguage\":\"fr-FR\",\"@id\":\"https:\\\/\\\/secure.gravatar.com\\\/avatar\\\/268c99344c89cebfe4f5df5fa8be43068a18884fc76a29f3206fae98465b9cab?s=96&d=identicon&r=g\",\"url\":\"https:\\\/\\\/secure.gravatar.com\\\/avatar\\\/268c99344c89cebfe4f5df5fa8be43068a18884fc76a29f3206fae98465b9cab?s=96&d=identicon&r=g\",\"contentUrl\":\"https:\\\/\\\/secure.gravatar.com\\\/avatar\\\/268c99344c89cebfe4f5df5fa8be43068a18884fc76a29f3206fae98465b9cab?s=96&d=identicon&r=g\",\"caption\":\"V\u00e9ronique Darmangeat\"},\"sameAs\":[\"https:\\\/\\\/www.lactissima.com\\\/a-tire-d-ailes\",\"www.facebook.com\\\/consultante.en.lactation\"]}]}<\/script>\n<!-- \/ Yoast SEO plugin. -->","yoast_head_json":{"title":"Tirer son lait en temps de COVID-19","description":"Depuis le d\u00e9but de cette pand\u00e9mie, j'ai re\u00e7u des messages parfois franchement ubuesques : \"On me refuse de tirer mon lait au travail \u00e0 cause de l'\u00e9pid\u00e9mie","robots":{"index":"index","follow":"follow","max-snippet":"max-snippet:-1","max-image-preview":"max-image-preview:large","max-video-preview":"max-video-preview:-1"},"canonical":"https:\/\/www.lactissima.com\/a-tire-d-ailes\/tirer-son-lait-en-temps-de-covid-19\/","og_locale":"fr_FR","og_type":"article","og_title":"Tirer son lait en temps de COVID-19","og_description":"Depuis le d\u00e9but de cette pand\u00e9mie, j'ai re\u00e7u des messages parfois franchement ubuesques : \"On me refuse de tirer mon lait au travail \u00e0 cause de l'\u00e9pid\u00e9mie","og_url":"https:\/\/www.lactissima.com\/a-tire-d-ailes\/tirer-son-lait-en-temps-de-covid-19\/","og_site_name":"A tire d&#039;Ailes","article_publisher":"https:\/\/www.facebook.com\/consultante.en.lactation","article_author":"www.facebook.com\/consultante.en.lactation","article_published_time":"2021-03-11T15:03:15+00:00","og_image":[{"width":300,"height":243,"url":"https:\/\/www.lactissima.com\/a-tire-d-ailes\/wp-content\/uploads\/2021\/03\/covid-19-1.jpg","type":"image\/jpeg"}],"author":"V\u00e9ronique Darmangeat","twitter_card":"summary_large_image","twitter_creator":"@VeroniqueIBCLC","twitter_site":"@VeroniqueIBCLC","twitter_misc":{"\u00c9crit par":"V\u00e9ronique Darmangeat","Dur\u00e9e de lecture estim\u00e9e":"2 minutes"},"schema":{"@context":"https:\/\/schema.org","@graph":[{"@type":"Article","@id":"https:\/\/www.lactissima.com\/a-tire-d-ailes\/tirer-son-lait-en-temps-de-covid-19\/#article","isPartOf":{"@id":"https:\/\/www.lactissima.com\/a-tire-d-ailes\/tirer-son-lait-en-temps-de-covid-19\/"},"author":{"name":"V\u00e9ronique Darmangeat","@id":"https:\/\/www.lactissima.com\/a-tire-d-ailes\/#\/schema\/person\/8f98d3a89530861bc1240e6d53d44eed"},"headline":"Tirer son lait en temps de COVID-19","datePublished":"2021-03-11T15:03:15+00:00","mainEntityOfPage":{"@id":"https:\/\/www.lactissima.com\/a-tire-d-ailes\/tirer-son-lait-en-temps-de-covid-19\/"},"wordCount":288,"commentCount":4,"image":{"@id":"https:\/\/www.lactissima.com\/a-tire-d-ailes\/tirer-son-lait-en-temps-de-covid-19\/#primaryimage"},"thumbnailUrl":"https:\/\/www.lactissima.com\/a-tire-d-ailes\/wp-content\/uploads\/2021\/03\/covid-19-1.jpg","articleSection":["Actualit\u00e9s"],"inLanguage":"fr-FR","potentialAction":[{"@type":"CommentAction","name":"Comment","target":["https:\/\/www.lactissima.com\/a-tire-d-ailes\/tirer-son-lait-en-temps-de-covid-19\/#respond"]}]},{"@type":"WebPage","@id":"https:\/\/www.lactissima.com\/a-tire-d-ailes\/tirer-son-lait-en-temps-de-covid-19\/","url":"https:\/\/www.lactissima.com\/a-tire-d-ailes\/tirer-son-lait-en-temps-de-covid-19\/","name":"Tirer son lait en temps de COVID-19","isPartOf":{"@id":"https:\/\/www.lactissima.com\/a-tire-d-ailes\/#website"},"primaryImageOfPage":{"@id":"https:\/\/www.lactissima.com\/a-tire-d-ailes\/tirer-son-lait-en-temps-de-covid-19\/#primaryimage"},"image":{"@id":"https:\/\/www.lactissima.com\/a-tire-d-ailes\/tirer-son-lait-en-temps-de-covid-19\/#primaryimage"},"thumbnailUrl":"https:\/\/www.lactissima.com\/a-tire-d-ailes\/wp-content\/uploads\/2021\/03\/covid-19-1.jpg","datePublished":"2021-03-11T15:03:15+00:00","author":{"@id":"https:\/\/www.lactissima.com\/a-tire-d-ailes\/#\/schema\/person\/8f98d3a89530861bc1240e6d53d44eed"},"description":"Depuis le d\u00e9but de cette pand\u00e9mie, j'ai re\u00e7u des messages parfois franchement ubuesques : \"On me refuse de tirer mon lait au travail \u00e0 cause de l'\u00e9pid\u00e9mie","breadcrumb":{"@id":"https:\/\/www.lactissima.com\/a-tire-d-ailes\/tirer-son-lait-en-temps-de-covid-19\/#breadcrumb"},"inLanguage":"fr-FR","potentialAction":[{"@type":"ReadAction","target":["https:\/\/www.lactissima.com\/a-tire-d-ailes\/tirer-son-lait-en-temps-de-covid-19\/"]}]},{"@type":"ImageObject","inLanguage":"fr-FR","@id":"https:\/\/www.lactissima.com\/a-tire-d-ailes\/tirer-son-lait-en-temps-de-covid-19\/#primaryimage","url":"https:\/\/www.lactissima.com\/a-tire-d-ailes\/wp-content\/uploads\/2021\/03\/covid-19-1.jpg","contentUrl":"https:\/\/www.lactissima.com\/a-tire-d-ailes\/wp-content\/uploads\/2021\/03\/covid-19-1.jpg","width":300,"height":243},{"@type":"BreadcrumbList","@id":"https:\/\/www.lactissima.com\/a-tire-d-ailes\/tirer-son-lait-en-temps-de-covid-19\/#breadcrumb","itemListElement":[{"@type":"ListItem","position":1,"name":"Accueil","item":"https:\/\/www.lactissima.com\/a-tire-d-ailes\/"},{"@type":"ListItem","position":2,"name":"Tirer son lait en temps de COVID-19"}]},{"@type":"WebSite","@id":"https:\/\/www.lactissima.com\/a-tire-d-ailes\/#website","url":"https:\/\/www.lactissima.com\/a-tire-d-ailes\/","name":"A tire d&#039;Ailes","description":"Le blog des femmes qui allaitent et travaillent.","potentialAction":[{"@type":"SearchAction","target":{"@type":"EntryPoint","urlTemplate":"https:\/\/www.lactissima.com\/a-tire-d-ailes\/?s={search_term_string}"},"query-input":{"@type":"PropertyValueSpecification","valueRequired":true,"valueName":"search_term_string"}}],"inLanguage":"fr-FR"},{"@type":"Person","@id":"https:\/\/www.lactissima.com\/a-tire-d-ailes\/#\/schema\/person\/8f98d3a89530861bc1240e6d53d44eed","name":"V\u00e9ronique Darmangeat","image":{"@type":"ImageObject","inLanguage":"fr-FR","@id":"https:\/\/secure.gravatar.com\/avatar\/268c99344c89cebfe4f5df5fa8be43068a18884fc76a29f3206fae98465b9cab?s=96&d=identicon&r=g","url":"https:\/\/secure.gravatar.com\/avatar\/268c99344c89cebfe4f5df5fa8be43068a18884fc76a29f3206fae98465b9cab?s=96&d=identicon&r=g","contentUrl":"https:\/\/secure.gravatar.com\/avatar\/268c99344c89cebfe4f5df5fa8be43068a18884fc76a29f3206fae98465b9cab?s=96&d=identicon&r=g","caption":"V\u00e9ronique Darmangeat"},"sameAs":["https:\/\/www.lactissima.com\/a-tire-d-ailes","www.facebook.com\/consultante.en.lactation"]}]}},"_links":{"self":[{"href":"https:\/\/www.lactissima.com\/a-tire-d-ailes\/wp-json\/wp\/v2\/posts\/8542","targetHints":{"allow":["GET"]}}],"collection":[{"href":"https:\/\/www.lactissima.com\/a-tire-d-ailes\/wp-json\/wp\/v2\/posts"}],"about":[{"href":"https:\/\/www.lactissima.com\/a-tire-d-ailes\/wp-json\/wp\/v2\/types\/post"}],"author":[{"embeddable":true,"href":"https:\/\/www.lactissima.com\/a-tire-d-ailes\/wp-json\/wp\/v2\/users\/170"}],"replies":[{"embeddable":true,"href":"https:\/\/www.lactissima.com\/a-tire-d-ailes\/wp-json\/wp\/v2\/comments?post=8542"}],"version-history":[{"count":3,"href":"https:\/\/www.lactissima.com\/a-tire-d-ailes\/wp-json\/wp\/v2\/posts\/8542\/revisions"}],"predecessor-version":[{"id":8547,"href":"https:\/\/www.lactissima.com\/a-tire-d-ailes\/wp-json\/wp\/v2\/posts\/8542\/revisions\/8547"}],"wp:featuredmedia":[{"embeddable":true,"href":"https:\/\/www.lactissima.com\/a-tire-d-ailes\/wp-json\/wp\/v2\/media\/8545"}],"wp:attachment":[{"href":"https:\/\/www.lactissima.com\/a-tire-d-ailes\/wp-json\/wp\/v2\/media?parent=8542"}],"wp:term":[{"taxonomy":"category","embeddable":true,"href":"https:\/\/www.lactissima.com\/a-tire-d-ailes\/wp-json\/wp\/v2\/categories?post=8542"},{"taxonomy":"post_tag","embeddable":true,"href":"https:\/\/www.lactissima.com\/a-tire-d-ailes\/wp-json\/wp\/v2\/tags?post=8542"}],"curies":[{"name":"wp","href":"https:\/\/api.w.org\/{rel}","templated":true}]}}