{"id":8327,"date":"2020-01-22T14:37:33","date_gmt":"2020-01-22T13:37:33","guid":{"rendered":"https:\/\/www.lactissima.com\/a-tire-d-ailes\/?p=8327"},"modified":"2020-01-22T14:37:33","modified_gmt":"2020-01-22T13:37:33","slug":"les-contenants-pour-lait-maternel","status":"publish","type":"post","link":"https:\/\/www.lactissima.com\/a-tire-d-ailes\/les-contenants-pour-lait-maternel\/","title":{"rendered":"Les contenants pour lait maternel"},"content":{"rendered":"<p style=\"text-align: justify;\"><img loading=\"lazy\" decoding=\"async\" class=\"alignright wp-image-8328 size-medium\" src=\"https:\/\/www.lactissima.com\/a-tire-d-ailes\/wp-content\/uploads\/2020\/01\/batonnets-300x210.png\" alt=\"contenants pour lait maternel\" width=\"300\" height=\"210\" srcset=\"https:\/\/www.lactissima.com\/a-tire-d-ailes\/wp-content\/uploads\/2020\/01\/batonnets-300x210.png 300w, https:\/\/www.lactissima.com\/a-tire-d-ailes\/wp-content\/uploads\/2020\/01\/batonnets.png 528w\" sizes=\"(max-width: 300px) 100vw, 300px\" \/>Dans quels <strong>contenants<\/strong> pour lait maternel conserver son lait ?<\/p>\n<p style=\"text-align: justify;\"><strong>Au travail :<\/strong><\/p>\n<ul style=\"text-align: justify;\">\n<li>On bannit tout contenant qui risquerait de fuir ou de se renverser&#8230;<\/li>\n<li>On choisit des <strong>pots<\/strong> qui peuvent se fermer de fa\u00e7on \u00e9tanche. On fait le test en les secouant pour v\u00e9rifier qu&rsquo;il n&rsquo;y a pas de fuite.<\/li>\n<li>Petite astuce : pour garder un pot \u00e9tanche, il faut bien essuyer le pas de vis avant de fermer. S&rsquo;il y a de l&rsquo;eau ou du lait sur le pas de vis, vous aurez des fuites.<\/li>\n<li>Le <strong>verre<\/strong> est toujours pr\u00e9f\u00e9rable mais souvent plus cher et plus lourd dans un sac. J&rsquo;ai une nette pr\u00e9f\u00e9rence pour <a href=\"https:\/\/www.feminin-maternel.fr\/collections\/conservation-du-lait-maternel\/products\/flacon-de-conservation-du-lait-en-verre-120ml\" target=\"_blank\" rel=\"noopener noreferrer\">ce mod\u00e8le<\/a> qui ne fuit pas et s&rsquo;adapte sur les tire-lait Ameda et Medela.<\/li>\n<li>Si l&rsquo;on choisit du plastique, on choisit bien s\u00fbr un plastique alimentaire.<\/li>\n<li>Il existe de nombreuses marques de pots en plastique.<\/li>\n<\/ul>\n<p style=\"text-align: justify;\"><strong>A la maison, pour le lait frais :<\/strong><\/p>\n<ul style=\"text-align: justify;\">\n<li>On bannit tout contenant qui n&rsquo;est pas stable dans le r\u00e9frig\u00e9rateur.<\/li>\n<li>On choisit en priorit\u00e9 du <strong>verre<\/strong> qui pr\u00e9serve mieux les propri\u00e9t\u00e9s du lait maternel.<\/li>\n<li>Pour cela n&rsquo;importe quel contenant en verre fait l&rsquo;affaire : un verre recouvert de film alimentaire, un pot de confiture vide,&#8230; Il est inutile d&rsquo;acheter des pots sp\u00e9ciaux pour le lait maternel.<\/li>\n<li>S&rsquo;il l&rsquo;on choisit du plastique alimentaire, toujours choisir un contenant qui se ferme.<\/li>\n<\/ul>\n<p style=\"text-align: justify;\"><strong>Au cong\u00e9lateur :<\/strong><\/p>\n<ul style=\"text-align: justify;\">\n<li>Les pots ne sont pas forc\u00e9ment le meilleur choix : ils prennent beaucoup de place dans le cong\u00e9lateur et finissent par co\u00fbter cher. M\u00eame si le verre est toujours le meilleur choix pour conserver la qualit\u00e9 du lait.<\/li>\n<li>Il existe des <strong>sachets<\/strong> sp\u00e9ciaux pour le lait maternel. Attention, certains donnent du go\u00fbt au lait.<\/li>\n<li>On peut tout simplement choisir des sachets simples pour faire des <strong>gla\u00e7ons<\/strong>. Mieux vaut choisir des sachets de qualit\u00e9 pour \u00e9viter toute fuite. L&rsquo;avantage c&rsquo;est de pouvoir ne d\u00e9congeler que ce dont on a besoin.<\/li>\n<li>On peut choisir des bacs de cong\u00e9lation sous forme de <strong>barres<\/strong>, munis d&rsquo;un couvercle. Il existe de nombreux mod\u00e8les (pas forc\u00e9ment d\u00e9di\u00e9s au lait maternel).<\/li>\n<li>Enfin, on peut utiliser des <strong>bacs \u00e0 gla\u00e7on<\/strong> standards et d\u00e8s que les gla\u00e7ons de lait sont pris, on les d\u00e9moule et on les met en sachets.<\/li>\n<\/ul>\n<p style=\"text-align: justify;\">Et <strong>vous<\/strong>, qu&rsquo;utilisez-vous comme contenants pour lait maternel ?<\/p>\n<p><strong>Articles en rapport :<\/strong><\/p>\n<ul>\n<li><a href=\"https:\/\/www.lactissima.com\/a-tire-d-ailes\/congelation-du-lait-maternel\/\" target=\"_blank\" rel=\"noopener noreferrer\">5 astuces de cong\u00e9lation du lait maternel<\/a><\/li>\n<li><a href=\"https:\/\/www.lactissima.com\/a-tire-d-ailes\/transporter-le-lait-maternel\/\" target=\"_blank\" rel=\"noopener noreferrer\">Comment transporter son lait ?<\/a><\/li>\n<\/ul>\n<p>&nbsp;<\/p>\n<div class='et-box et-shadow'>\n\t\t\t\t\t<div class='et-box-content'>Lire des articles ou poser des questions en commentaire ne suffit pas \u00e0 r\u00e9soudre votre probl\u00e8me ? Savez-vous que vous pouvez prendre RDV pour une consultation avec moi ? N&rsquo;h\u00e9sitez pas \u00e0 me contacter !<\/div><\/div>\n","protected":false},"excerpt":{"rendered":"<p>Dans quels contenants pour lait maternel conserver son lait ? Au travail : On bannit tout contenant qui risquerait de fuir ou de se renverser&#8230; On choisit des pots qui peuvent se fermer de fa\u00e7on \u00e9tanche. On fait le test en les secouant pour v\u00e9rifier qu&rsquo;il n&rsquo;y a pas de fuite. Petite astuce : pour [&hellip;]<\/p>\n","protected":false},"author":170,"featured_media":8328,"comment_status":"open","ping_status":"open","sticky":false,"template":"","format":"standard","meta":{"_et_pb_use_builder":"","_et_pb_old_content":"","_et_gb_content_width":"","footnotes":""},"categories":[710,43],"tags":[],"class_list":["post-8327","post","type-post","status-publish","format-standard","has-post-thumbnail","hentry","category-conserver-le-lait","category-materiel"],"yoast_head":"<!-- This site is optimized with the Yoast SEO plugin v27.4 - https:\/\/yoast.com\/product\/yoast-seo-wordpress\/ -->\n<title>Les contenants pour lait maternel<\/title>\n<meta name=\"description\" content=\"Dans quels contenants pour lait maternel conserver son lait ? Au travail : On bannit tout contenant qui risquerait de fuir ou de se renverser... On A chaque situation ses contenants pour lait maternel appropri\u00e9s...\" \/>\n<meta name=\"robots\" content=\"index, follow, max-snippet:-1, max-image-preview:large, max-video-preview:-1\" \/>\n<link rel=\"canonical\" href=\"https:\/\/www.lactissima.com\/a-tire-d-ailes\/les-contenants-pour-lait-maternel\/\" \/>\n<meta property=\"og:locale\" content=\"fr_FR\" \/>\n<meta property=\"og:type\" content=\"article\" \/>\n<meta property=\"og:title\" content=\"Les contenants pour lait maternel\" \/>\n<meta property=\"og:description\" content=\"Dans quels contenants pour lait maternel conserver son lait ? Au travail : On bannit tout contenant qui risquerait de fuir ou de se renverser... On A chaque situation ses contenants pour lait maternel appropri\u00e9s...\" \/>\n<meta property=\"og:url\" content=\"https:\/\/www.lactissima.com\/a-tire-d-ailes\/les-contenants-pour-lait-maternel\/\" \/>\n<meta property=\"og:site_name\" content=\"A tire d&#039;Ailes\" \/>\n<meta property=\"article:publisher\" content=\"https:\/\/www.facebook.com\/consultante.en.lactation\" \/>\n<meta property=\"article:author\" content=\"www.facebook.com\/consultante.en.lactation\" \/>\n<meta property=\"article:published_time\" content=\"2020-01-22T13:37:33+00:00\" \/>\n<meta property=\"og:image\" content=\"https:\/\/www.lactissima.com\/a-tire-d-ailes\/wp-content\/uploads\/2020\/01\/batonnets.png\" \/>\n\t<meta property=\"og:image:width\" content=\"528\" \/>\n\t<meta property=\"og:image:height\" content=\"369\" \/>\n\t<meta property=\"og:image:type\" content=\"image\/png\" \/>\n<meta name=\"author\" content=\"V\u00e9ronique Darmangeat\" \/>\n<meta name=\"twitter:card\" content=\"summary_large_image\" \/>\n<meta name=\"twitter:creator\" content=\"@VeroniqueIBCLC\" \/>\n<meta name=\"twitter:site\" content=\"@VeroniqueIBCLC\" \/>\n<meta name=\"twitter:label1\" content=\"\u00c9crit par\" \/>\n\t<meta name=\"twitter:data1\" content=\"V\u00e9ronique Darmangeat\" \/>\n\t<meta name=\"twitter:label2\" content=\"Dur\u00e9e de lecture estim\u00e9e\" \/>\n\t<meta name=\"twitter:data2\" content=\"2 minutes\" \/>\n<script type=\"application\/ld+json\" class=\"yoast-schema-graph\">{\"@context\":\"https:\\\/\\\/schema.org\",\"@graph\":[{\"@type\":\"Article\",\"@id\":\"https:\\\/\\\/www.lactissima.com\\\/a-tire-d-ailes\\\/les-contenants-pour-lait-maternel\\\/#article\",\"isPartOf\":{\"@id\":\"https:\\\/\\\/www.lactissima.com\\\/a-tire-d-ailes\\\/les-contenants-pour-lait-maternel\\\/\"},\"author\":{\"name\":\"V\u00e9ronique Darmangeat\",\"@id\":\"https:\\\/\\\/www.lactissima.com\\\/a-tire-d-ailes\\\/#\\\/schema\\\/person\\\/8f98d3a89530861bc1240e6d53d44eed\"},\"headline\":\"Les contenants pour lait maternel\",\"datePublished\":\"2020-01-22T13:37:33+00:00\",\"mainEntityOfPage\":{\"@id\":\"https:\\\/\\\/www.lactissima.com\\\/a-tire-d-ailes\\\/les-contenants-pour-lait-maternel\\\/\"},\"wordCount\":469,\"commentCount\":16,\"image\":{\"@id\":\"https:\\\/\\\/www.lactissima.com\\\/a-tire-d-ailes\\\/les-contenants-pour-lait-maternel\\\/#primaryimage\"},\"thumbnailUrl\":\"https:\\\/\\\/www.lactissima.com\\\/a-tire-d-ailes\\\/wp-content\\\/uploads\\\/2020\\\/01\\\/batonnets.png\",\"articleSection\":[\"Conserver le lait\",\"Mat\u00e9riel\"],\"inLanguage\":\"fr-FR\",\"potentialAction\":[{\"@type\":\"CommentAction\",\"name\":\"Comment\",\"target\":[\"https:\\\/\\\/www.lactissima.com\\\/a-tire-d-ailes\\\/les-contenants-pour-lait-maternel\\\/#respond\"]}]},{\"@type\":\"WebPage\",\"@id\":\"https:\\\/\\\/www.lactissima.com\\\/a-tire-d-ailes\\\/les-contenants-pour-lait-maternel\\\/\",\"url\":\"https:\\\/\\\/www.lactissima.com\\\/a-tire-d-ailes\\\/les-contenants-pour-lait-maternel\\\/\",\"name\":\"Les contenants pour lait maternel\",\"isPartOf\":{\"@id\":\"https:\\\/\\\/www.lactissima.com\\\/a-tire-d-ailes\\\/#website\"},\"primaryImageOfPage\":{\"@id\":\"https:\\\/\\\/www.lactissima.com\\\/a-tire-d-ailes\\\/les-contenants-pour-lait-maternel\\\/#primaryimage\"},\"image\":{\"@id\":\"https:\\\/\\\/www.lactissima.com\\\/a-tire-d-ailes\\\/les-contenants-pour-lait-maternel\\\/#primaryimage\"},\"thumbnailUrl\":\"https:\\\/\\\/www.lactissima.com\\\/a-tire-d-ailes\\\/wp-content\\\/uploads\\\/2020\\\/01\\\/batonnets.png\",\"datePublished\":\"2020-01-22T13:37:33+00:00\",\"author\":{\"@id\":\"https:\\\/\\\/www.lactissima.com\\\/a-tire-d-ailes\\\/#\\\/schema\\\/person\\\/8f98d3a89530861bc1240e6d53d44eed\"},\"description\":\"Dans quels contenants pour lait maternel conserver son lait ? Au travail : On bannit tout contenant qui risquerait de fuir ou de se renverser... On A chaque situation ses contenants pour lait maternel appropri\u00e9s...\",\"breadcrumb\":{\"@id\":\"https:\\\/\\\/www.lactissima.com\\\/a-tire-d-ailes\\\/les-contenants-pour-lait-maternel\\\/#breadcrumb\"},\"inLanguage\":\"fr-FR\",\"potentialAction\":[{\"@type\":\"ReadAction\",\"target\":[\"https:\\\/\\\/www.lactissima.com\\\/a-tire-d-ailes\\\/les-contenants-pour-lait-maternel\\\/\"]}]},{\"@type\":\"ImageObject\",\"inLanguage\":\"fr-FR\",\"@id\":\"https:\\\/\\\/www.lactissima.com\\\/a-tire-d-ailes\\\/les-contenants-pour-lait-maternel\\\/#primaryimage\",\"url\":\"https:\\\/\\\/www.lactissima.com\\\/a-tire-d-ailes\\\/wp-content\\\/uploads\\\/2020\\\/01\\\/batonnets.png\",\"contentUrl\":\"https:\\\/\\\/www.lactissima.com\\\/a-tire-d-ailes\\\/wp-content\\\/uploads\\\/2020\\\/01\\\/batonnets.png\",\"width\":528,\"height\":369},{\"@type\":\"BreadcrumbList\",\"@id\":\"https:\\\/\\\/www.lactissima.com\\\/a-tire-d-ailes\\\/les-contenants-pour-lait-maternel\\\/#breadcrumb\",\"itemListElement\":[{\"@type\":\"ListItem\",\"position\":1,\"name\":\"Accueil\",\"item\":\"https:\\\/\\\/www.lactissima.com\\\/a-tire-d-ailes\\\/\"},{\"@type\":\"ListItem\",\"position\":2,\"name\":\"Les contenants pour lait maternel\"}]},{\"@type\":\"WebSite\",\"@id\":\"https:\\\/\\\/www.lactissima.com\\\/a-tire-d-ailes\\\/#website\",\"url\":\"https:\\\/\\\/www.lactissima.com\\\/a-tire-d-ailes\\\/\",\"name\":\"A tire d&#039;Ailes\",\"description\":\"Le blog des femmes qui allaitent et travaillent.\",\"potentialAction\":[{\"@type\":\"SearchAction\",\"target\":{\"@type\":\"EntryPoint\",\"urlTemplate\":\"https:\\\/\\\/www.lactissima.com\\\/a-tire-d-ailes\\\/?s={search_term_string}\"},\"query-input\":{\"@type\":\"PropertyValueSpecification\",\"valueRequired\":true,\"valueName\":\"search_term_string\"}}],\"inLanguage\":\"fr-FR\"},{\"@type\":\"Person\",\"@id\":\"https:\\\/\\\/www.lactissima.com\\\/a-tire-d-ailes\\\/#\\\/schema\\\/person\\\/8f98d3a89530861bc1240e6d53d44eed\",\"name\":\"V\u00e9ronique Darmangeat\",\"image\":{\"@type\":\"ImageObject\",\"inLanguage\":\"fr-FR\",\"@id\":\"https:\\\/\\\/secure.gravatar.com\\\/avatar\\\/268c99344c89cebfe4f5df5fa8be43068a18884fc76a29f3206fae98465b9cab?s=96&d=identicon&r=g\",\"url\":\"https:\\\/\\\/secure.gravatar.com\\\/avatar\\\/268c99344c89cebfe4f5df5fa8be43068a18884fc76a29f3206fae98465b9cab?s=96&d=identicon&r=g\",\"contentUrl\":\"https:\\\/\\\/secure.gravatar.com\\\/avatar\\\/268c99344c89cebfe4f5df5fa8be43068a18884fc76a29f3206fae98465b9cab?s=96&d=identicon&r=g\",\"caption\":\"V\u00e9ronique Darmangeat\"},\"sameAs\":[\"https:\\\/\\\/www.lactissima.com\\\/a-tire-d-ailes\",\"www.facebook.com\\\/consultante.en.lactation\"]}]}<\/script>\n<!-- \/ Yoast SEO plugin. -->","yoast_head_json":{"title":"Les contenants pour lait maternel","description":"Dans quels contenants pour lait maternel conserver son lait ? Au travail : On bannit tout contenant qui risquerait de fuir ou de se renverser... On A chaque situation ses contenants pour lait maternel appropri\u00e9s...","robots":{"index":"index","follow":"follow","max-snippet":"max-snippet:-1","max-image-preview":"max-image-preview:large","max-video-preview":"max-video-preview:-1"},"canonical":"https:\/\/www.lactissima.com\/a-tire-d-ailes\/les-contenants-pour-lait-maternel\/","og_locale":"fr_FR","og_type":"article","og_title":"Les contenants pour lait maternel","og_description":"Dans quels contenants pour lait maternel conserver son lait ? Au travail : On bannit tout contenant qui risquerait de fuir ou de se renverser... On A chaque situation ses contenants pour lait maternel appropri\u00e9s...","og_url":"https:\/\/www.lactissima.com\/a-tire-d-ailes\/les-contenants-pour-lait-maternel\/","og_site_name":"A tire d&#039;Ailes","article_publisher":"https:\/\/www.facebook.com\/consultante.en.lactation","article_author":"www.facebook.com\/consultante.en.lactation","article_published_time":"2020-01-22T13:37:33+00:00","og_image":[{"width":528,"height":369,"url":"https:\/\/www.lactissima.com\/a-tire-d-ailes\/wp-content\/uploads\/2020\/01\/batonnets.png","type":"image\/png"}],"author":"V\u00e9ronique Darmangeat","twitter_card":"summary_large_image","twitter_creator":"@VeroniqueIBCLC","twitter_site":"@VeroniqueIBCLC","twitter_misc":{"\u00c9crit par":"V\u00e9ronique Darmangeat","Dur\u00e9e de lecture estim\u00e9e":"2 minutes"},"schema":{"@context":"https:\/\/schema.org","@graph":[{"@type":"Article","@id":"https:\/\/www.lactissima.com\/a-tire-d-ailes\/les-contenants-pour-lait-maternel\/#article","isPartOf":{"@id":"https:\/\/www.lactissima.com\/a-tire-d-ailes\/les-contenants-pour-lait-maternel\/"},"author":{"name":"V\u00e9ronique Darmangeat","@id":"https:\/\/www.lactissima.com\/a-tire-d-ailes\/#\/schema\/person\/8f98d3a89530861bc1240e6d53d44eed"},"headline":"Les contenants pour lait maternel","datePublished":"2020-01-22T13:37:33+00:00","mainEntityOfPage":{"@id":"https:\/\/www.lactissima.com\/a-tire-d-ailes\/les-contenants-pour-lait-maternel\/"},"wordCount":469,"commentCount":16,"image":{"@id":"https:\/\/www.lactissima.com\/a-tire-d-ailes\/les-contenants-pour-lait-maternel\/#primaryimage"},"thumbnailUrl":"https:\/\/www.lactissima.com\/a-tire-d-ailes\/wp-content\/uploads\/2020\/01\/batonnets.png","articleSection":["Conserver le lait","Mat\u00e9riel"],"inLanguage":"fr-FR","potentialAction":[{"@type":"CommentAction","name":"Comment","target":["https:\/\/www.lactissima.com\/a-tire-d-ailes\/les-contenants-pour-lait-maternel\/#respond"]}]},{"@type":"WebPage","@id":"https:\/\/www.lactissima.com\/a-tire-d-ailes\/les-contenants-pour-lait-maternel\/","url":"https:\/\/www.lactissima.com\/a-tire-d-ailes\/les-contenants-pour-lait-maternel\/","name":"Les contenants pour lait maternel","isPartOf":{"@id":"https:\/\/www.lactissima.com\/a-tire-d-ailes\/#website"},"primaryImageOfPage":{"@id":"https:\/\/www.lactissima.com\/a-tire-d-ailes\/les-contenants-pour-lait-maternel\/#primaryimage"},"image":{"@id":"https:\/\/www.lactissima.com\/a-tire-d-ailes\/les-contenants-pour-lait-maternel\/#primaryimage"},"thumbnailUrl":"https:\/\/www.lactissima.com\/a-tire-d-ailes\/wp-content\/uploads\/2020\/01\/batonnets.png","datePublished":"2020-01-22T13:37:33+00:00","author":{"@id":"https:\/\/www.lactissima.com\/a-tire-d-ailes\/#\/schema\/person\/8f98d3a89530861bc1240e6d53d44eed"},"description":"Dans quels contenants pour lait maternel conserver son lait ? Au travail : On bannit tout contenant qui risquerait de fuir ou de se renverser... On A chaque situation ses contenants pour lait maternel appropri\u00e9s...","breadcrumb":{"@id":"https:\/\/www.lactissima.com\/a-tire-d-ailes\/les-contenants-pour-lait-maternel\/#breadcrumb"},"inLanguage":"fr-FR","potentialAction":[{"@type":"ReadAction","target":["https:\/\/www.lactissima.com\/a-tire-d-ailes\/les-contenants-pour-lait-maternel\/"]}]},{"@type":"ImageObject","inLanguage":"fr-FR","@id":"https:\/\/www.lactissima.com\/a-tire-d-ailes\/les-contenants-pour-lait-maternel\/#primaryimage","url":"https:\/\/www.lactissima.com\/a-tire-d-ailes\/wp-content\/uploads\/2020\/01\/batonnets.png","contentUrl":"https:\/\/www.lactissima.com\/a-tire-d-ailes\/wp-content\/uploads\/2020\/01\/batonnets.png","width":528,"height":369},{"@type":"BreadcrumbList","@id":"https:\/\/www.lactissima.com\/a-tire-d-ailes\/les-contenants-pour-lait-maternel\/#breadcrumb","itemListElement":[{"@type":"ListItem","position":1,"name":"Accueil","item":"https:\/\/www.lactissima.com\/a-tire-d-ailes\/"},{"@type":"ListItem","position":2,"name":"Les contenants pour lait maternel"}]},{"@type":"WebSite","@id":"https:\/\/www.lactissima.com\/a-tire-d-ailes\/#website","url":"https:\/\/www.lactissima.com\/a-tire-d-ailes\/","name":"A tire d&#039;Ailes","description":"Le blog des femmes qui allaitent et travaillent.","potentialAction":[{"@type":"SearchAction","target":{"@type":"EntryPoint","urlTemplate":"https:\/\/www.lactissima.com\/a-tire-d-ailes\/?s={search_term_string}"},"query-input":{"@type":"PropertyValueSpecification","valueRequired":true,"valueName":"search_term_string"}}],"inLanguage":"fr-FR"},{"@type":"Person","@id":"https:\/\/www.lactissima.com\/a-tire-d-ailes\/#\/schema\/person\/8f98d3a89530861bc1240e6d53d44eed","name":"V\u00e9ronique Darmangeat","image":{"@type":"ImageObject","inLanguage":"fr-FR","@id":"https:\/\/secure.gravatar.com\/avatar\/268c99344c89cebfe4f5df5fa8be43068a18884fc76a29f3206fae98465b9cab?s=96&d=identicon&r=g","url":"https:\/\/secure.gravatar.com\/avatar\/268c99344c89cebfe4f5df5fa8be43068a18884fc76a29f3206fae98465b9cab?s=96&d=identicon&r=g","contentUrl":"https:\/\/secure.gravatar.com\/avatar\/268c99344c89cebfe4f5df5fa8be43068a18884fc76a29f3206fae98465b9cab?s=96&d=identicon&r=g","caption":"V\u00e9ronique Darmangeat"},"sameAs":["https:\/\/www.lactissima.com\/a-tire-d-ailes","www.facebook.com\/consultante.en.lactation"]}]}},"_links":{"self":[{"href":"https:\/\/www.lactissima.com\/a-tire-d-ailes\/wp-json\/wp\/v2\/posts\/8327","targetHints":{"allow":["GET"]}}],"collection":[{"href":"https:\/\/www.lactissima.com\/a-tire-d-ailes\/wp-json\/wp\/v2\/posts"}],"about":[{"href":"https:\/\/www.lactissima.com\/a-tire-d-ailes\/wp-json\/wp\/v2\/types\/post"}],"author":[{"embeddable":true,"href":"https:\/\/www.lactissima.com\/a-tire-d-ailes\/wp-json\/wp\/v2\/users\/170"}],"replies":[{"embeddable":true,"href":"https:\/\/www.lactissima.com\/a-tire-d-ailes\/wp-json\/wp\/v2\/comments?post=8327"}],"version-history":[{"count":1,"href":"https:\/\/www.lactissima.com\/a-tire-d-ailes\/wp-json\/wp\/v2\/posts\/8327\/revisions"}],"predecessor-version":[{"id":8329,"href":"https:\/\/www.lactissima.com\/a-tire-d-ailes\/wp-json\/wp\/v2\/posts\/8327\/revisions\/8329"}],"wp:featuredmedia":[{"embeddable":true,"href":"https:\/\/www.lactissima.com\/a-tire-d-ailes\/wp-json\/wp\/v2\/media\/8328"}],"wp:attachment":[{"href":"https:\/\/www.lactissima.com\/a-tire-d-ailes\/wp-json\/wp\/v2\/media?parent=8327"}],"wp:term":[{"taxonomy":"category","embeddable":true,"href":"https:\/\/www.lactissima.com\/a-tire-d-ailes\/wp-json\/wp\/v2\/categories?post=8327"},{"taxonomy":"post_tag","embeddable":true,"href":"https:\/\/www.lactissima.com\/a-tire-d-ailes\/wp-json\/wp\/v2\/tags?post=8327"}],"curies":[{"name":"wp","href":"https:\/\/api.w.org\/{rel}","templated":true}]}}