{"id":8310,"date":"2019-12-13T10:32:50","date_gmt":"2019-12-13T09:32:50","guid":{"rendered":"https:\/\/www.lactissima.com\/a-tire-d-ailes\/?p=8310"},"modified":"2019-12-13T10:34:13","modified_gmt":"2019-12-13T09:34:13","slug":"pauses-dallaitement-pour-les-fonctionnaires-nouveautes","status":"publish","type":"post","link":"https:\/\/www.lactissima.com\/a-tire-d-ailes\/pauses-dallaitement-pour-les-fonctionnaires-nouveautes\/","title":{"rendered":"Pauses d&rsquo;allaitement pour les fonctionnaires nouveaut\u00e9s"},"content":{"rendered":"<p style=\"text-align: justify;\"><img loading=\"lazy\" decoding=\"async\" class=\"alignright size-medium wp-image-7516\" src=\"https:\/\/www.lactissima.com\/a-tire-d-ailes\/wp-content\/uploads\/2018\/02\/fonctionnaires-300x212.jpg\" alt=\"fonctionnaires\" width=\"300\" height=\"212\" srcset=\"https:\/\/www.lactissima.com\/a-tire-d-ailes\/wp-content\/uploads\/2018\/02\/fonctionnaires-300x212.jpg 300w, https:\/\/www.lactissima.com\/a-tire-d-ailes\/wp-content\/uploads\/2018\/02\/fonctionnaires.jpg 330w\" sizes=\"(max-width: 300px) 100vw, 300px\" \/>Gr\u00e2ce \u00e0 une lectrice du blog, j&rsquo;ai pris connaissance de l&rsquo;article 46 de la <span style=\"text-decoration: underline;\"><a href=\"https:\/\/www.legifrance.gouv.fr\/affichTexte.do?cidTexte=JORFTEXT000038889182&amp;categorieLien=id#JORFARTI000038889218\" target=\"_blank\" rel=\"noopener noreferrer\"><strong>loi n\u00b0 2019-828<\/strong><\/a><\/span> du 6 ao\u00fbt 2019 de transformation de la fonction publique qui pr\u00e9voit que \u00ab Pendant une ann\u00e9e \u00e0 compter du jour de la naissance, <strong>un fonctionnaire allaitant son enfant peut b\u00e9n\u00e9ficier d&rsquo;un am\u00e9nagement horaire d&rsquo;une heure maximum par jour,<\/strong> sous r\u00e9serve des n\u00e9cessit\u00e9s du service, et selon des modalit\u00e9s d\u00e9finies par d\u00e9cret en Conseil d&rsquo;Etat.\u00bb<\/p>\n<p style=\"text-align: justify;\">Cette loi vient r\u00e9pondre \u00e0 la probl\u00e9matique que nous \u00e9voquions dans un <span style=\"text-decoration: underline;\"><a href=\"https:\/\/www.lactissima.com\/a-tire-d-ailes\/pauses-dallaitement-fonctionnaires\/\" target=\"_blank\" rel=\"noopener noreferrer\">article<\/a><\/span> pr\u00e9c\u00e9dent.<\/p>\n<p style=\"text-align: justify;\">Cependant, cette loi ne pr\u00e9voit aucune modalit\u00e9 pratique et cette lectrice me faisait remarquer que la loi pr\u00e9voit \u00e0 pr\u00e9sent le temps pour tirer son lait, mais pas le lieu pour le faire&#8230;<br \/>\nElle est fonctionnaire d\u2019Etat et sa RH lui a indiqu\u00e9 qu&rsquo;elle avait bien droit \u00e0 deux pauses de 30 min par jour mais qu&rsquo;il n&rsquo;y avait aucun lieu o\u00f9 elle puisse le faire.<\/p>\n<p style=\"text-align: justify;\">Il reste donc encore du chemin !<\/p>\n<p style=\"text-align: justify;\">Et <strong>vous<\/strong>, avez-vous pu prendre votre heure d&rsquo;allaitement ?<\/p>\n<p><strong>Articles en rapport :<\/strong><\/p>\n<ul>\n<li><a href=\"https:\/\/www.lactissima.com\/a-tire-d-ailes\/pauses-dallaitement-fonctionnaires\/\" target=\"_blank\" rel=\"noopener noreferrer\">Pauses d&rsquo;allaitement pour les fonctionnaires<\/a><\/li>\n<li><a href=\"https:\/\/www.lactissima.com\/a-tire-d-ailes\/code-du-travail-et-allaitement\/\" target=\"_blank\" rel=\"noopener noreferrer\">Et la loi ?<\/a><\/li>\n<li><a href=\"https:\/\/www.lactissima.com\/a-tire-d-ailes\/droit-et-allaitement\/\" target=\"_blank\" rel=\"noopener noreferrer\">Droit et allaitement avec Martine Herzog Evans<\/a><\/li>\n<\/ul>\n<p>&nbsp;<\/p>\n<div class='et-box et-shadow'>\n\t\t\t\t\t<div class='et-box-content'>Lire des articles ou poser des questions en commentaire ne suffit pas \u00e0 r\u00e9soudre votre probl\u00e8me ? Savez-vous que vous pouvez prendre RDV pour une consultation avec moi ? N&rsquo;h\u00e9sitez pas \u00e0 me contacter !<\/div><\/div>\n","protected":false},"excerpt":{"rendered":"<p>Gr\u00e2ce \u00e0 une lectrice du blog, j&rsquo;ai pris connaissance de l&rsquo;article 46 de la loi n\u00b0 2019-828 du 6 ao\u00fbt 2019 de transformation de la fonction publique qui pr\u00e9voit que \u00ab Pendant une ann\u00e9e \u00e0 compter du jour de la naissance, un fonctionnaire allaitant son enfant peut b\u00e9n\u00e9ficier d&rsquo;un am\u00e9nagement horaire d&rsquo;une heure maximum par [&hellip;]<\/p>\n","protected":false},"author":170,"featured_media":7516,"comment_status":"open","ping_status":"open","sticky":false,"template":"","format":"standard","meta":{"_et_pb_use_builder":"","_et_pb_old_content":"","_et_gb_content_width":"","footnotes":""},"categories":[42],"tags":[],"class_list":["post-8310","post","type-post","status-publish","format-standard","has-post-thumbnail","hentry","category-legislation"],"yoast_head":"<!-- This site is optimized with the Yoast SEO plugin v27.4 - https:\/\/yoast.com\/product\/yoast-seo-wordpress\/ -->\n<title>Pauses d&#039;allaitement pour les fonctionnaires nouveaut\u00e9s<\/title>\n<meta name=\"description\" content=\"Gr\u00e2ce \u00e0 une lectrice du blog, j&#039;ai pris connaissance de l&#039;article 46 de la loi n\u00b0 2019-828 du 6 ao\u00fbt 2019 de transformation de la fonction publique qui La loi pr\u00e9voit maintenant des pauses allaitement pour les fonctionnaires.\" \/>\n<meta name=\"robots\" content=\"index, follow, max-snippet:-1, max-image-preview:large, max-video-preview:-1\" \/>\n<link rel=\"canonical\" href=\"https:\/\/www.lactissima.com\/a-tire-d-ailes\/pauses-dallaitement-pour-les-fonctionnaires-nouveautes\/\" \/>\n<meta property=\"og:locale\" content=\"fr_FR\" \/>\n<meta property=\"og:type\" content=\"article\" \/>\n<meta property=\"og:title\" content=\"Pauses d&#039;allaitement pour les fonctionnaires nouveaut\u00e9s\" \/>\n<meta property=\"og:description\" content=\"Gr\u00e2ce \u00e0 une lectrice du blog, j&#039;ai pris connaissance de l&#039;article 46 de la loi n\u00b0 2019-828 du 6 ao\u00fbt 2019 de transformation de la fonction publique qui La loi pr\u00e9voit maintenant des pauses allaitement pour les fonctionnaires.\" \/>\n<meta property=\"og:url\" content=\"https:\/\/www.lactissima.com\/a-tire-d-ailes\/pauses-dallaitement-pour-les-fonctionnaires-nouveautes\/\" \/>\n<meta property=\"og:site_name\" content=\"A tire d&#039;Ailes\" \/>\n<meta property=\"article:publisher\" content=\"https:\/\/www.facebook.com\/consultante.en.lactation\" \/>\n<meta property=\"article:author\" content=\"www.facebook.com\/consultante.en.lactation\" \/>\n<meta property=\"article:published_time\" content=\"2019-12-13T09:32:50+00:00\" \/>\n<meta property=\"article:modified_time\" content=\"2019-12-13T09:34:13+00:00\" \/>\n<meta property=\"og:image\" content=\"https:\/\/www.lactissima.com\/a-tire-d-ailes\/wp-content\/uploads\/2018\/02\/fonctionnaires.jpg\" \/>\n\t<meta property=\"og:image:width\" content=\"330\" \/>\n\t<meta property=\"og:image:height\" content=\"233\" \/>\n\t<meta property=\"og:image:type\" content=\"image\/jpeg\" \/>\n<meta name=\"author\" content=\"V\u00e9ronique Darmangeat\" \/>\n<meta name=\"twitter:card\" content=\"summary_large_image\" \/>\n<meta name=\"twitter:creator\" content=\"@VeroniqueIBCLC\" \/>\n<meta name=\"twitter:site\" content=\"@VeroniqueIBCLC\" \/>\n<meta name=\"twitter:label1\" content=\"\u00c9crit par\" \/>\n\t<meta name=\"twitter:data1\" content=\"V\u00e9ronique Darmangeat\" \/>\n\t<meta name=\"twitter:label2\" content=\"Dur\u00e9e de lecture estim\u00e9e\" \/>\n\t<meta name=\"twitter:data2\" content=\"1 minute\" \/>\n<script type=\"application\/ld+json\" class=\"yoast-schema-graph\">{\"@context\":\"https:\\\/\\\/schema.org\",\"@graph\":[{\"@type\":\"Article\",\"@id\":\"https:\\\/\\\/www.lactissima.com\\\/a-tire-d-ailes\\\/pauses-dallaitement-pour-les-fonctionnaires-nouveautes\\\/#article\",\"isPartOf\":{\"@id\":\"https:\\\/\\\/www.lactissima.com\\\/a-tire-d-ailes\\\/pauses-dallaitement-pour-les-fonctionnaires-nouveautes\\\/\"},\"author\":{\"name\":\"V\u00e9ronique Darmangeat\",\"@id\":\"https:\\\/\\\/www.lactissima.com\\\/a-tire-d-ailes\\\/#\\\/schema\\\/person\\\/8f98d3a89530861bc1240e6d53d44eed\"},\"headline\":\"Pauses d&rsquo;allaitement pour les fonctionnaires nouveaut\u00e9s\",\"datePublished\":\"2019-12-13T09:32:50+00:00\",\"dateModified\":\"2019-12-13T09:34:13+00:00\",\"mainEntityOfPage\":{\"@id\":\"https:\\\/\\\/www.lactissima.com\\\/a-tire-d-ailes\\\/pauses-dallaitement-pour-les-fonctionnaires-nouveautes\\\/\"},\"wordCount\":250,\"commentCount\":20,\"image\":{\"@id\":\"https:\\\/\\\/www.lactissima.com\\\/a-tire-d-ailes\\\/pauses-dallaitement-pour-les-fonctionnaires-nouveautes\\\/#primaryimage\"},\"thumbnailUrl\":\"https:\\\/\\\/www.lactissima.com\\\/a-tire-d-ailes\\\/wp-content\\\/uploads\\\/2018\\\/02\\\/fonctionnaires.jpg\",\"articleSection\":[\"L\u00e9gislation\"],\"inLanguage\":\"fr-FR\",\"potentialAction\":[{\"@type\":\"CommentAction\",\"name\":\"Comment\",\"target\":[\"https:\\\/\\\/www.lactissima.com\\\/a-tire-d-ailes\\\/pauses-dallaitement-pour-les-fonctionnaires-nouveautes\\\/#respond\"]}]},{\"@type\":\"WebPage\",\"@id\":\"https:\\\/\\\/www.lactissima.com\\\/a-tire-d-ailes\\\/pauses-dallaitement-pour-les-fonctionnaires-nouveautes\\\/\",\"url\":\"https:\\\/\\\/www.lactissima.com\\\/a-tire-d-ailes\\\/pauses-dallaitement-pour-les-fonctionnaires-nouveautes\\\/\",\"name\":\"Pauses d'allaitement pour les fonctionnaires nouveaut\u00e9s\",\"isPartOf\":{\"@id\":\"https:\\\/\\\/www.lactissima.com\\\/a-tire-d-ailes\\\/#website\"},\"primaryImageOfPage\":{\"@id\":\"https:\\\/\\\/www.lactissima.com\\\/a-tire-d-ailes\\\/pauses-dallaitement-pour-les-fonctionnaires-nouveautes\\\/#primaryimage\"},\"image\":{\"@id\":\"https:\\\/\\\/www.lactissima.com\\\/a-tire-d-ailes\\\/pauses-dallaitement-pour-les-fonctionnaires-nouveautes\\\/#primaryimage\"},\"thumbnailUrl\":\"https:\\\/\\\/www.lactissima.com\\\/a-tire-d-ailes\\\/wp-content\\\/uploads\\\/2018\\\/02\\\/fonctionnaires.jpg\",\"datePublished\":\"2019-12-13T09:32:50+00:00\",\"dateModified\":\"2019-12-13T09:34:13+00:00\",\"author\":{\"@id\":\"https:\\\/\\\/www.lactissima.com\\\/a-tire-d-ailes\\\/#\\\/schema\\\/person\\\/8f98d3a89530861bc1240e6d53d44eed\"},\"description\":\"Gr\u00e2ce \u00e0 une lectrice du blog, j'ai pris connaissance de l'article 46 de la loi n\u00b0 2019-828 du 6 ao\u00fbt 2019 de transformation de la fonction publique qui La loi pr\u00e9voit maintenant des pauses allaitement pour les fonctionnaires.\",\"breadcrumb\":{\"@id\":\"https:\\\/\\\/www.lactissima.com\\\/a-tire-d-ailes\\\/pauses-dallaitement-pour-les-fonctionnaires-nouveautes\\\/#breadcrumb\"},\"inLanguage\":\"fr-FR\",\"potentialAction\":[{\"@type\":\"ReadAction\",\"target\":[\"https:\\\/\\\/www.lactissima.com\\\/a-tire-d-ailes\\\/pauses-dallaitement-pour-les-fonctionnaires-nouveautes\\\/\"]}]},{\"@type\":\"ImageObject\",\"inLanguage\":\"fr-FR\",\"@id\":\"https:\\\/\\\/www.lactissima.com\\\/a-tire-d-ailes\\\/pauses-dallaitement-pour-les-fonctionnaires-nouveautes\\\/#primaryimage\",\"url\":\"https:\\\/\\\/www.lactissima.com\\\/a-tire-d-ailes\\\/wp-content\\\/uploads\\\/2018\\\/02\\\/fonctionnaires.jpg\",\"contentUrl\":\"https:\\\/\\\/www.lactissima.com\\\/a-tire-d-ailes\\\/wp-content\\\/uploads\\\/2018\\\/02\\\/fonctionnaires.jpg\",\"width\":330,\"height\":233,\"caption\":\"fonctionnaires\"},{\"@type\":\"BreadcrumbList\",\"@id\":\"https:\\\/\\\/www.lactissima.com\\\/a-tire-d-ailes\\\/pauses-dallaitement-pour-les-fonctionnaires-nouveautes\\\/#breadcrumb\",\"itemListElement\":[{\"@type\":\"ListItem\",\"position\":1,\"name\":\"Accueil\",\"item\":\"https:\\\/\\\/www.lactissima.com\\\/a-tire-d-ailes\\\/\"},{\"@type\":\"ListItem\",\"position\":2,\"name\":\"Pauses d&rsquo;allaitement pour les fonctionnaires nouveaut\u00e9s\"}]},{\"@type\":\"WebSite\",\"@id\":\"https:\\\/\\\/www.lactissima.com\\\/a-tire-d-ailes\\\/#website\",\"url\":\"https:\\\/\\\/www.lactissima.com\\\/a-tire-d-ailes\\\/\",\"name\":\"A tire d&#039;Ailes\",\"description\":\"Le blog des femmes qui allaitent et travaillent.\",\"potentialAction\":[{\"@type\":\"SearchAction\",\"target\":{\"@type\":\"EntryPoint\",\"urlTemplate\":\"https:\\\/\\\/www.lactissima.com\\\/a-tire-d-ailes\\\/?s={search_term_string}\"},\"query-input\":{\"@type\":\"PropertyValueSpecification\",\"valueRequired\":true,\"valueName\":\"search_term_string\"}}],\"inLanguage\":\"fr-FR\"},{\"@type\":\"Person\",\"@id\":\"https:\\\/\\\/www.lactissima.com\\\/a-tire-d-ailes\\\/#\\\/schema\\\/person\\\/8f98d3a89530861bc1240e6d53d44eed\",\"name\":\"V\u00e9ronique Darmangeat\",\"image\":{\"@type\":\"ImageObject\",\"inLanguage\":\"fr-FR\",\"@id\":\"https:\\\/\\\/secure.gravatar.com\\\/avatar\\\/268c99344c89cebfe4f5df5fa8be43068a18884fc76a29f3206fae98465b9cab?s=96&d=identicon&r=g\",\"url\":\"https:\\\/\\\/secure.gravatar.com\\\/avatar\\\/268c99344c89cebfe4f5df5fa8be43068a18884fc76a29f3206fae98465b9cab?s=96&d=identicon&r=g\",\"contentUrl\":\"https:\\\/\\\/secure.gravatar.com\\\/avatar\\\/268c99344c89cebfe4f5df5fa8be43068a18884fc76a29f3206fae98465b9cab?s=96&d=identicon&r=g\",\"caption\":\"V\u00e9ronique Darmangeat\"},\"sameAs\":[\"https:\\\/\\\/www.lactissima.com\\\/a-tire-d-ailes\",\"www.facebook.com\\\/consultante.en.lactation\"]}]}<\/script>\n<!-- \/ Yoast SEO plugin. -->","yoast_head_json":{"title":"Pauses d'allaitement pour les fonctionnaires nouveaut\u00e9s","description":"Gr\u00e2ce \u00e0 une lectrice du blog, j'ai pris connaissance de l'article 46 de la loi n\u00b0 2019-828 du 6 ao\u00fbt 2019 de transformation de la fonction publique qui La loi pr\u00e9voit maintenant des pauses allaitement pour les fonctionnaires.","robots":{"index":"index","follow":"follow","max-snippet":"max-snippet:-1","max-image-preview":"max-image-preview:large","max-video-preview":"max-video-preview:-1"},"canonical":"https:\/\/www.lactissima.com\/a-tire-d-ailes\/pauses-dallaitement-pour-les-fonctionnaires-nouveautes\/","og_locale":"fr_FR","og_type":"article","og_title":"Pauses d'allaitement pour les fonctionnaires nouveaut\u00e9s","og_description":"Gr\u00e2ce \u00e0 une lectrice du blog, j'ai pris connaissance de l'article 46 de la loi n\u00b0 2019-828 du 6 ao\u00fbt 2019 de transformation de la fonction publique qui La loi pr\u00e9voit maintenant des pauses allaitement pour les fonctionnaires.","og_url":"https:\/\/www.lactissima.com\/a-tire-d-ailes\/pauses-dallaitement-pour-les-fonctionnaires-nouveautes\/","og_site_name":"A tire d&#039;Ailes","article_publisher":"https:\/\/www.facebook.com\/consultante.en.lactation","article_author":"www.facebook.com\/consultante.en.lactation","article_published_time":"2019-12-13T09:32:50+00:00","article_modified_time":"2019-12-13T09:34:13+00:00","og_image":[{"width":330,"height":233,"url":"https:\/\/www.lactissima.com\/a-tire-d-ailes\/wp-content\/uploads\/2018\/02\/fonctionnaires.jpg","type":"image\/jpeg"}],"author":"V\u00e9ronique Darmangeat","twitter_card":"summary_large_image","twitter_creator":"@VeroniqueIBCLC","twitter_site":"@VeroniqueIBCLC","twitter_misc":{"\u00c9crit par":"V\u00e9ronique Darmangeat","Dur\u00e9e de lecture estim\u00e9e":"1 minute"},"schema":{"@context":"https:\/\/schema.org","@graph":[{"@type":"Article","@id":"https:\/\/www.lactissima.com\/a-tire-d-ailes\/pauses-dallaitement-pour-les-fonctionnaires-nouveautes\/#article","isPartOf":{"@id":"https:\/\/www.lactissima.com\/a-tire-d-ailes\/pauses-dallaitement-pour-les-fonctionnaires-nouveautes\/"},"author":{"name":"V\u00e9ronique Darmangeat","@id":"https:\/\/www.lactissima.com\/a-tire-d-ailes\/#\/schema\/person\/8f98d3a89530861bc1240e6d53d44eed"},"headline":"Pauses d&rsquo;allaitement pour les fonctionnaires nouveaut\u00e9s","datePublished":"2019-12-13T09:32:50+00:00","dateModified":"2019-12-13T09:34:13+00:00","mainEntityOfPage":{"@id":"https:\/\/www.lactissima.com\/a-tire-d-ailes\/pauses-dallaitement-pour-les-fonctionnaires-nouveautes\/"},"wordCount":250,"commentCount":20,"image":{"@id":"https:\/\/www.lactissima.com\/a-tire-d-ailes\/pauses-dallaitement-pour-les-fonctionnaires-nouveautes\/#primaryimage"},"thumbnailUrl":"https:\/\/www.lactissima.com\/a-tire-d-ailes\/wp-content\/uploads\/2018\/02\/fonctionnaires.jpg","articleSection":["L\u00e9gislation"],"inLanguage":"fr-FR","potentialAction":[{"@type":"CommentAction","name":"Comment","target":["https:\/\/www.lactissima.com\/a-tire-d-ailes\/pauses-dallaitement-pour-les-fonctionnaires-nouveautes\/#respond"]}]},{"@type":"WebPage","@id":"https:\/\/www.lactissima.com\/a-tire-d-ailes\/pauses-dallaitement-pour-les-fonctionnaires-nouveautes\/","url":"https:\/\/www.lactissima.com\/a-tire-d-ailes\/pauses-dallaitement-pour-les-fonctionnaires-nouveautes\/","name":"Pauses d'allaitement pour les fonctionnaires nouveaut\u00e9s","isPartOf":{"@id":"https:\/\/www.lactissima.com\/a-tire-d-ailes\/#website"},"primaryImageOfPage":{"@id":"https:\/\/www.lactissima.com\/a-tire-d-ailes\/pauses-dallaitement-pour-les-fonctionnaires-nouveautes\/#primaryimage"},"image":{"@id":"https:\/\/www.lactissima.com\/a-tire-d-ailes\/pauses-dallaitement-pour-les-fonctionnaires-nouveautes\/#primaryimage"},"thumbnailUrl":"https:\/\/www.lactissima.com\/a-tire-d-ailes\/wp-content\/uploads\/2018\/02\/fonctionnaires.jpg","datePublished":"2019-12-13T09:32:50+00:00","dateModified":"2019-12-13T09:34:13+00:00","author":{"@id":"https:\/\/www.lactissima.com\/a-tire-d-ailes\/#\/schema\/person\/8f98d3a89530861bc1240e6d53d44eed"},"description":"Gr\u00e2ce \u00e0 une lectrice du blog, j'ai pris connaissance de l'article 46 de la loi n\u00b0 2019-828 du 6 ao\u00fbt 2019 de transformation de la fonction publique qui La loi pr\u00e9voit maintenant des pauses allaitement pour les fonctionnaires.","breadcrumb":{"@id":"https:\/\/www.lactissima.com\/a-tire-d-ailes\/pauses-dallaitement-pour-les-fonctionnaires-nouveautes\/#breadcrumb"},"inLanguage":"fr-FR","potentialAction":[{"@type":"ReadAction","target":["https:\/\/www.lactissima.com\/a-tire-d-ailes\/pauses-dallaitement-pour-les-fonctionnaires-nouveautes\/"]}]},{"@type":"ImageObject","inLanguage":"fr-FR","@id":"https:\/\/www.lactissima.com\/a-tire-d-ailes\/pauses-dallaitement-pour-les-fonctionnaires-nouveautes\/#primaryimage","url":"https:\/\/www.lactissima.com\/a-tire-d-ailes\/wp-content\/uploads\/2018\/02\/fonctionnaires.jpg","contentUrl":"https:\/\/www.lactissima.com\/a-tire-d-ailes\/wp-content\/uploads\/2018\/02\/fonctionnaires.jpg","width":330,"height":233,"caption":"fonctionnaires"},{"@type":"BreadcrumbList","@id":"https:\/\/www.lactissima.com\/a-tire-d-ailes\/pauses-dallaitement-pour-les-fonctionnaires-nouveautes\/#breadcrumb","itemListElement":[{"@type":"ListItem","position":1,"name":"Accueil","item":"https:\/\/www.lactissima.com\/a-tire-d-ailes\/"},{"@type":"ListItem","position":2,"name":"Pauses d&rsquo;allaitement pour les fonctionnaires nouveaut\u00e9s"}]},{"@type":"WebSite","@id":"https:\/\/www.lactissima.com\/a-tire-d-ailes\/#website","url":"https:\/\/www.lactissima.com\/a-tire-d-ailes\/","name":"A tire d&#039;Ailes","description":"Le blog des femmes qui allaitent et travaillent.","potentialAction":[{"@type":"SearchAction","target":{"@type":"EntryPoint","urlTemplate":"https:\/\/www.lactissima.com\/a-tire-d-ailes\/?s={search_term_string}"},"query-input":{"@type":"PropertyValueSpecification","valueRequired":true,"valueName":"search_term_string"}}],"inLanguage":"fr-FR"},{"@type":"Person","@id":"https:\/\/www.lactissima.com\/a-tire-d-ailes\/#\/schema\/person\/8f98d3a89530861bc1240e6d53d44eed","name":"V\u00e9ronique Darmangeat","image":{"@type":"ImageObject","inLanguage":"fr-FR","@id":"https:\/\/secure.gravatar.com\/avatar\/268c99344c89cebfe4f5df5fa8be43068a18884fc76a29f3206fae98465b9cab?s=96&d=identicon&r=g","url":"https:\/\/secure.gravatar.com\/avatar\/268c99344c89cebfe4f5df5fa8be43068a18884fc76a29f3206fae98465b9cab?s=96&d=identicon&r=g","contentUrl":"https:\/\/secure.gravatar.com\/avatar\/268c99344c89cebfe4f5df5fa8be43068a18884fc76a29f3206fae98465b9cab?s=96&d=identicon&r=g","caption":"V\u00e9ronique Darmangeat"},"sameAs":["https:\/\/www.lactissima.com\/a-tire-d-ailes","www.facebook.com\/consultante.en.lactation"]}]}},"_links":{"self":[{"href":"https:\/\/www.lactissima.com\/a-tire-d-ailes\/wp-json\/wp\/v2\/posts\/8310","targetHints":{"allow":["GET"]}}],"collection":[{"href":"https:\/\/www.lactissima.com\/a-tire-d-ailes\/wp-json\/wp\/v2\/posts"}],"about":[{"href":"https:\/\/www.lactissima.com\/a-tire-d-ailes\/wp-json\/wp\/v2\/types\/post"}],"author":[{"embeddable":true,"href":"https:\/\/www.lactissima.com\/a-tire-d-ailes\/wp-json\/wp\/v2\/users\/170"}],"replies":[{"embeddable":true,"href":"https:\/\/www.lactissima.com\/a-tire-d-ailes\/wp-json\/wp\/v2\/comments?post=8310"}],"version-history":[{"count":3,"href":"https:\/\/www.lactissima.com\/a-tire-d-ailes\/wp-json\/wp\/v2\/posts\/8310\/revisions"}],"predecessor-version":[{"id":8314,"href":"https:\/\/www.lactissima.com\/a-tire-d-ailes\/wp-json\/wp\/v2\/posts\/8310\/revisions\/8314"}],"wp:featuredmedia":[{"embeddable":true,"href":"https:\/\/www.lactissima.com\/a-tire-d-ailes\/wp-json\/wp\/v2\/media\/7516"}],"wp:attachment":[{"href":"https:\/\/www.lactissima.com\/a-tire-d-ailes\/wp-json\/wp\/v2\/media?parent=8310"}],"wp:term":[{"taxonomy":"category","embeddable":true,"href":"https:\/\/www.lactissima.com\/a-tire-d-ailes\/wp-json\/wp\/v2\/categories?post=8310"},{"taxonomy":"post_tag","embeddable":true,"href":"https:\/\/www.lactissima.com\/a-tire-d-ailes\/wp-json\/wp\/v2\/tags?post=8310"}],"curies":[{"name":"wp","href":"https:\/\/api.w.org\/{rel}","templated":true}]}}