{"id":8204,"date":"2019-06-13T19:37:43","date_gmt":"2019-06-13T17:37:43","guid":{"rendered":"https:\/\/www.lactissima.com\/a-tire-d-ailes\/?p=8204"},"modified":"2020-06-19T10:25:35","modified_gmt":"2020-06-19T08:25:35","slug":"comment-organiser-son-retour-au-travail","status":"publish","type":"post","link":"https:\/\/www.lactissima.com\/a-tire-d-ailes\/comment-organiser-son-retour-au-travail\/","title":{"rendered":"Comment organiser son retour au travail ?"},"content":{"rendered":"<p style=\"text-align: justify;\">Voil\u00e0, vous connaissez la date de votre reprise de travail et vous avez choisi de poursuivre votre allaitement en tirant votre lait. Comment vous <strong>organiser<\/strong> pour que tout se passe au mieux ?<\/p>\n<ul style=\"text-align: justify;\">\n<li>Trouver un <a href=\"https:\/\/www.lactissima.com\/a-tire-d-ailes\/modes-de-garde-et-allaitement-maternel\/\" target=\"_blank\" rel=\"noopener noreferrer\">mode de garde<\/a> qui accepte de donner votre lait.<\/li>\n<li>Obtenir de la <a href=\"https:\/\/www.lactissima.com\/a-tire-d-ailes\/circulaire-creche-et-allaitement\/\" target=\"_blank\" rel=\"noopener noreferrer\">cr\u00e8che<\/a> (si c&rsquo;est votre cas) leurs conditions d&rsquo;acceptation du lait maternel.<\/li>\n<li>Organiser avec l&rsquo;assistante maternelle (si c&rsquo;est votre cas) <a href=\"https:\/\/www.lactissima.com\/a-tire-d-ailes\/wp-content\/uploads\/2014\/09\/fiche%20pratique%20assistante%20maternelle.pdf\" target=\"_blank\" rel=\"noopener noreferrer\">l&rsquo;utilisation de votre lait<\/a>.<\/li>\n<li>Pr\u00e9voir de louer le <a href=\"https:\/\/www.lactissima.com\/a-tire-d-ailes\/des-nouveautes-en-matiere-de-tire-lait\/\" target=\"_blank\" rel=\"noopener noreferrer\">tire-lait<\/a> qui convient le mieux \u00e0 votre situation.<\/li>\n<li>Pr\u00e9voir les <a href=\"https:\/\/www.lactissima.com\/a-tire-d-ailes\/quantite-de-lait-bue-par-un-bebe\/\" target=\"_blank\" rel=\"noopener noreferrer\">quantit\u00e9s<\/a> dont aura besoin votre b\u00e9b\u00e9 et \u00e0 quel moment les tirer.<\/li>\n<li>Pr\u00e9voir le <a href=\"https:\/\/www.lactissima.com\/a-tire-d-ailes\/transporter-le-lait-maternel\/\" target=\"_blank\" rel=\"noopener noreferrer\">transport de votre lait<\/a>.<\/li>\n<li>V\u00e9rifier que votre lait ne se <a href=\"https:\/\/www.lactissima.com\/a-tire-d-ailes\/lait-predigere\/\" target=\"_blank\" rel=\"noopener noreferrer\">pr\u00e9dig\u00e8re pas<\/a>.<\/li>\n<li>Vous renseigner sur vos <a href=\"https:\/\/www.lactissima.com\/a-tire-d-ailes\/code-du-travail-et-allaitement\/\" target=\"_blank\" rel=\"noopener noreferrer\">droits au travail<\/a> : quel est votre statut ? Que dit votre convention collective ?<\/li>\n<li>Trouver un <a href=\"https:\/\/www.lactissima.com\/a-tire-d-ailes\/ou-tirer-son-lait-au-travail\/\" target=\"_blank\" rel=\"noopener noreferrer\">endroit<\/a> pour tirer votre lait au travail.<\/li>\n<li>Passer en revue votre garde-robe : avez-vous des v\u00eatement pratiques pour tirer votre lait ? Pour donner une t\u00e9t\u00e9e de retrouvaille \u00e0 la cr\u00e8che ou chez l&rsquo;assistante maternelle ?<\/li>\n<\/ul>\n<p style=\"text-align: justify;\">Et <strong>vous<\/strong>, comment vous \u00eates-vous pr\u00e9par\u00e9e \u00e0 la reprise du travail ?<\/p>\n<p>&nbsp;<\/p>\n<div class='et-box et-shadow'>\n\t\t\t\t\t<div class='et-box-content'>Lire des articles ou poser des questions en commentaire ne suffit pas \u00e0 r\u00e9soudre votre probl\u00e8me ? Savez-vous que vous pouvez prendre RDV pour une consultation avec moi ? N&rsquo;h\u00e9sitez pas \u00e0 me contacter !<\/div><\/div>\n","protected":false},"excerpt":{"rendered":"<p>Voil\u00e0, vous connaissez la date de votre reprise de travail et vous avez choisi de poursuivre votre allaitement en tirant votre lait. Comment vous organiser pour que tout se passe au mieux ? Trouver un mode de garde qui accepte de donner votre lait. Obtenir de la cr\u00e8che (si c&rsquo;est votre cas) leurs conditions d&rsquo;acceptation [&hellip;]<\/p>\n","protected":false},"author":170,"featured_media":0,"comment_status":"open","ping_status":"open","sticky":false,"template":"","format":"standard","meta":{"_et_pb_use_builder":"","_et_pb_old_content":"","_et_gb_content_width":"","footnotes":""},"categories":[36],"tags":[],"class_list":["post-8204","post","type-post","status-publish","format-standard","hentry","category-allaitement-et-travail"],"yoast_head":"<!-- This site is optimized with the Yoast SEO plugin v27.4 - https:\/\/yoast.com\/product\/yoast-seo-wordpress\/ -->\n<title>Comment organiser son retour au travail ?<\/title>\n<meta name=\"description\" content=\"Voil\u00e0, vous connaissez la date de votre reprise de travail et vous avez choisi de poursuivre votre allaitement en tirant votre lait. Comment vous Organiser son retour au travail demande un peu de rigueur pour \u00e9viter les mauvaises surprises...\" \/>\n<meta name=\"robots\" content=\"index, follow, max-snippet:-1, max-image-preview:large, max-video-preview:-1\" \/>\n<link rel=\"canonical\" href=\"https:\/\/www.lactissima.com\/a-tire-d-ailes\/comment-organiser-son-retour-au-travail\/\" \/>\n<meta property=\"og:locale\" content=\"fr_FR\" \/>\n<meta property=\"og:type\" content=\"article\" \/>\n<meta property=\"og:title\" content=\"Comment organiser son retour au travail ?\" \/>\n<meta property=\"og:description\" content=\"Voil\u00e0, vous connaissez la date de votre reprise de travail et vous avez choisi de poursuivre votre allaitement en tirant votre lait. Comment vous Organiser son retour au travail demande un peu de rigueur pour \u00e9viter les mauvaises surprises...\" \/>\n<meta property=\"og:url\" content=\"https:\/\/www.lactissima.com\/a-tire-d-ailes\/comment-organiser-son-retour-au-travail\/\" \/>\n<meta property=\"og:site_name\" content=\"A tire d&#039;Ailes\" \/>\n<meta property=\"article:publisher\" content=\"https:\/\/www.facebook.com\/consultante.en.lactation\" \/>\n<meta property=\"article:author\" content=\"www.facebook.com\/consultante.en.lactation\" \/>\n<meta property=\"article:published_time\" content=\"2019-06-13T17:37:43+00:00\" \/>\n<meta property=\"article:modified_time\" content=\"2020-06-19T08:25:35+00:00\" \/>\n<meta name=\"author\" content=\"V\u00e9ronique Darmangeat\" \/>\n<meta name=\"twitter:card\" content=\"summary_large_image\" \/>\n<meta name=\"twitter:creator\" content=\"@VeroniqueIBCLC\" \/>\n<meta name=\"twitter:site\" content=\"@VeroniqueIBCLC\" \/>\n<meta name=\"twitter:label1\" content=\"\u00c9crit par\" \/>\n\t<meta name=\"twitter:data1\" content=\"V\u00e9ronique Darmangeat\" \/>\n\t<meta name=\"twitter:label2\" content=\"Dur\u00e9e de lecture estim\u00e9e\" \/>\n\t<meta name=\"twitter:data2\" content=\"1 minute\" \/>\n<script type=\"application\/ld+json\" class=\"yoast-schema-graph\">{\"@context\":\"https:\\\/\\\/schema.org\",\"@graph\":[{\"@type\":\"Article\",\"@id\":\"https:\\\/\\\/www.lactissima.com\\\/a-tire-d-ailes\\\/comment-organiser-son-retour-au-travail\\\/#article\",\"isPartOf\":{\"@id\":\"https:\\\/\\\/www.lactissima.com\\\/a-tire-d-ailes\\\/comment-organiser-son-retour-au-travail\\\/\"},\"author\":{\"name\":\"V\u00e9ronique Darmangeat\",\"@id\":\"https:\\\/\\\/www.lactissima.com\\\/a-tire-d-ailes\\\/#\\\/schema\\\/person\\\/8f98d3a89530861bc1240e6d53d44eed\"},\"headline\":\"Comment organiser son retour au travail ?\",\"datePublished\":\"2019-06-13T17:37:43+00:00\",\"dateModified\":\"2020-06-19T08:25:35+00:00\",\"mainEntityOfPage\":{\"@id\":\"https:\\\/\\\/www.lactissima.com\\\/a-tire-d-ailes\\\/comment-organiser-son-retour-au-travail\\\/\"},\"wordCount\":231,\"commentCount\":3,\"articleSection\":[\"Allaitement et Travail\"],\"inLanguage\":\"fr-FR\",\"potentialAction\":[{\"@type\":\"CommentAction\",\"name\":\"Comment\",\"target\":[\"https:\\\/\\\/www.lactissima.com\\\/a-tire-d-ailes\\\/comment-organiser-son-retour-au-travail\\\/#respond\"]}]},{\"@type\":\"WebPage\",\"@id\":\"https:\\\/\\\/www.lactissima.com\\\/a-tire-d-ailes\\\/comment-organiser-son-retour-au-travail\\\/\",\"url\":\"https:\\\/\\\/www.lactissima.com\\\/a-tire-d-ailes\\\/comment-organiser-son-retour-au-travail\\\/\",\"name\":\"Comment organiser son retour au travail ?\",\"isPartOf\":{\"@id\":\"https:\\\/\\\/www.lactissima.com\\\/a-tire-d-ailes\\\/#website\"},\"datePublished\":\"2019-06-13T17:37:43+00:00\",\"dateModified\":\"2020-06-19T08:25:35+00:00\",\"author\":{\"@id\":\"https:\\\/\\\/www.lactissima.com\\\/a-tire-d-ailes\\\/#\\\/schema\\\/person\\\/8f98d3a89530861bc1240e6d53d44eed\"},\"description\":\"Voil\u00e0, vous connaissez la date de votre reprise de travail et vous avez choisi de poursuivre votre allaitement en tirant votre lait. Comment vous Organiser son retour au travail demande un peu de rigueur pour \u00e9viter les mauvaises surprises...\",\"breadcrumb\":{\"@id\":\"https:\\\/\\\/www.lactissima.com\\\/a-tire-d-ailes\\\/comment-organiser-son-retour-au-travail\\\/#breadcrumb\"},\"inLanguage\":\"fr-FR\",\"potentialAction\":[{\"@type\":\"ReadAction\",\"target\":[\"https:\\\/\\\/www.lactissima.com\\\/a-tire-d-ailes\\\/comment-organiser-son-retour-au-travail\\\/\"]}]},{\"@type\":\"BreadcrumbList\",\"@id\":\"https:\\\/\\\/www.lactissima.com\\\/a-tire-d-ailes\\\/comment-organiser-son-retour-au-travail\\\/#breadcrumb\",\"itemListElement\":[{\"@type\":\"ListItem\",\"position\":1,\"name\":\"Accueil\",\"item\":\"https:\\\/\\\/www.lactissima.com\\\/a-tire-d-ailes\\\/\"},{\"@type\":\"ListItem\",\"position\":2,\"name\":\"Comment organiser son retour au travail ?\"}]},{\"@type\":\"WebSite\",\"@id\":\"https:\\\/\\\/www.lactissima.com\\\/a-tire-d-ailes\\\/#website\",\"url\":\"https:\\\/\\\/www.lactissima.com\\\/a-tire-d-ailes\\\/\",\"name\":\"A tire d&#039;Ailes\",\"description\":\"Le blog des femmes qui allaitent et travaillent.\",\"potentialAction\":[{\"@type\":\"SearchAction\",\"target\":{\"@type\":\"EntryPoint\",\"urlTemplate\":\"https:\\\/\\\/www.lactissima.com\\\/a-tire-d-ailes\\\/?s={search_term_string}\"},\"query-input\":{\"@type\":\"PropertyValueSpecification\",\"valueRequired\":true,\"valueName\":\"search_term_string\"}}],\"inLanguage\":\"fr-FR\"},{\"@type\":\"Person\",\"@id\":\"https:\\\/\\\/www.lactissima.com\\\/a-tire-d-ailes\\\/#\\\/schema\\\/person\\\/8f98d3a89530861bc1240e6d53d44eed\",\"name\":\"V\u00e9ronique Darmangeat\",\"image\":{\"@type\":\"ImageObject\",\"inLanguage\":\"fr-FR\",\"@id\":\"https:\\\/\\\/secure.gravatar.com\\\/avatar\\\/268c99344c89cebfe4f5df5fa8be43068a18884fc76a29f3206fae98465b9cab?s=96&d=identicon&r=g\",\"url\":\"https:\\\/\\\/secure.gravatar.com\\\/avatar\\\/268c99344c89cebfe4f5df5fa8be43068a18884fc76a29f3206fae98465b9cab?s=96&d=identicon&r=g\",\"contentUrl\":\"https:\\\/\\\/secure.gravatar.com\\\/avatar\\\/268c99344c89cebfe4f5df5fa8be43068a18884fc76a29f3206fae98465b9cab?s=96&d=identicon&r=g\",\"caption\":\"V\u00e9ronique Darmangeat\"},\"sameAs\":[\"https:\\\/\\\/www.lactissima.com\\\/a-tire-d-ailes\",\"www.facebook.com\\\/consultante.en.lactation\"]}]}<\/script>\n<!-- \/ Yoast SEO plugin. -->","yoast_head_json":{"title":"Comment organiser son retour au travail ?","description":"Voil\u00e0, vous connaissez la date de votre reprise de travail et vous avez choisi de poursuivre votre allaitement en tirant votre lait. Comment vous Organiser son retour au travail demande un peu de rigueur pour \u00e9viter les mauvaises surprises...","robots":{"index":"index","follow":"follow","max-snippet":"max-snippet:-1","max-image-preview":"max-image-preview:large","max-video-preview":"max-video-preview:-1"},"canonical":"https:\/\/www.lactissima.com\/a-tire-d-ailes\/comment-organiser-son-retour-au-travail\/","og_locale":"fr_FR","og_type":"article","og_title":"Comment organiser son retour au travail ?","og_description":"Voil\u00e0, vous connaissez la date de votre reprise de travail et vous avez choisi de poursuivre votre allaitement en tirant votre lait. Comment vous Organiser son retour au travail demande un peu de rigueur pour \u00e9viter les mauvaises surprises...","og_url":"https:\/\/www.lactissima.com\/a-tire-d-ailes\/comment-organiser-son-retour-au-travail\/","og_site_name":"A tire d&#039;Ailes","article_publisher":"https:\/\/www.facebook.com\/consultante.en.lactation","article_author":"www.facebook.com\/consultante.en.lactation","article_published_time":"2019-06-13T17:37:43+00:00","article_modified_time":"2020-06-19T08:25:35+00:00","author":"V\u00e9ronique Darmangeat","twitter_card":"summary_large_image","twitter_creator":"@VeroniqueIBCLC","twitter_site":"@VeroniqueIBCLC","twitter_misc":{"\u00c9crit par":"V\u00e9ronique Darmangeat","Dur\u00e9e de lecture estim\u00e9e":"1 minute"},"schema":{"@context":"https:\/\/schema.org","@graph":[{"@type":"Article","@id":"https:\/\/www.lactissima.com\/a-tire-d-ailes\/comment-organiser-son-retour-au-travail\/#article","isPartOf":{"@id":"https:\/\/www.lactissima.com\/a-tire-d-ailes\/comment-organiser-son-retour-au-travail\/"},"author":{"name":"V\u00e9ronique Darmangeat","@id":"https:\/\/www.lactissima.com\/a-tire-d-ailes\/#\/schema\/person\/8f98d3a89530861bc1240e6d53d44eed"},"headline":"Comment organiser son retour au travail ?","datePublished":"2019-06-13T17:37:43+00:00","dateModified":"2020-06-19T08:25:35+00:00","mainEntityOfPage":{"@id":"https:\/\/www.lactissima.com\/a-tire-d-ailes\/comment-organiser-son-retour-au-travail\/"},"wordCount":231,"commentCount":3,"articleSection":["Allaitement et Travail"],"inLanguage":"fr-FR","potentialAction":[{"@type":"CommentAction","name":"Comment","target":["https:\/\/www.lactissima.com\/a-tire-d-ailes\/comment-organiser-son-retour-au-travail\/#respond"]}]},{"@type":"WebPage","@id":"https:\/\/www.lactissima.com\/a-tire-d-ailes\/comment-organiser-son-retour-au-travail\/","url":"https:\/\/www.lactissima.com\/a-tire-d-ailes\/comment-organiser-son-retour-au-travail\/","name":"Comment organiser son retour au travail ?","isPartOf":{"@id":"https:\/\/www.lactissima.com\/a-tire-d-ailes\/#website"},"datePublished":"2019-06-13T17:37:43+00:00","dateModified":"2020-06-19T08:25:35+00:00","author":{"@id":"https:\/\/www.lactissima.com\/a-tire-d-ailes\/#\/schema\/person\/8f98d3a89530861bc1240e6d53d44eed"},"description":"Voil\u00e0, vous connaissez la date de votre reprise de travail et vous avez choisi de poursuivre votre allaitement en tirant votre lait. Comment vous Organiser son retour au travail demande un peu de rigueur pour \u00e9viter les mauvaises surprises...","breadcrumb":{"@id":"https:\/\/www.lactissima.com\/a-tire-d-ailes\/comment-organiser-son-retour-au-travail\/#breadcrumb"},"inLanguage":"fr-FR","potentialAction":[{"@type":"ReadAction","target":["https:\/\/www.lactissima.com\/a-tire-d-ailes\/comment-organiser-son-retour-au-travail\/"]}]},{"@type":"BreadcrumbList","@id":"https:\/\/www.lactissima.com\/a-tire-d-ailes\/comment-organiser-son-retour-au-travail\/#breadcrumb","itemListElement":[{"@type":"ListItem","position":1,"name":"Accueil","item":"https:\/\/www.lactissima.com\/a-tire-d-ailes\/"},{"@type":"ListItem","position":2,"name":"Comment organiser son retour au travail ?"}]},{"@type":"WebSite","@id":"https:\/\/www.lactissima.com\/a-tire-d-ailes\/#website","url":"https:\/\/www.lactissima.com\/a-tire-d-ailes\/","name":"A tire d&#039;Ailes","description":"Le blog des femmes qui allaitent et travaillent.","potentialAction":[{"@type":"SearchAction","target":{"@type":"EntryPoint","urlTemplate":"https:\/\/www.lactissima.com\/a-tire-d-ailes\/?s={search_term_string}"},"query-input":{"@type":"PropertyValueSpecification","valueRequired":true,"valueName":"search_term_string"}}],"inLanguage":"fr-FR"},{"@type":"Person","@id":"https:\/\/www.lactissima.com\/a-tire-d-ailes\/#\/schema\/person\/8f98d3a89530861bc1240e6d53d44eed","name":"V\u00e9ronique Darmangeat","image":{"@type":"ImageObject","inLanguage":"fr-FR","@id":"https:\/\/secure.gravatar.com\/avatar\/268c99344c89cebfe4f5df5fa8be43068a18884fc76a29f3206fae98465b9cab?s=96&d=identicon&r=g","url":"https:\/\/secure.gravatar.com\/avatar\/268c99344c89cebfe4f5df5fa8be43068a18884fc76a29f3206fae98465b9cab?s=96&d=identicon&r=g","contentUrl":"https:\/\/secure.gravatar.com\/avatar\/268c99344c89cebfe4f5df5fa8be43068a18884fc76a29f3206fae98465b9cab?s=96&d=identicon&r=g","caption":"V\u00e9ronique Darmangeat"},"sameAs":["https:\/\/www.lactissima.com\/a-tire-d-ailes","www.facebook.com\/consultante.en.lactation"]}]}},"_links":{"self":[{"href":"https:\/\/www.lactissima.com\/a-tire-d-ailes\/wp-json\/wp\/v2\/posts\/8204","targetHints":{"allow":["GET"]}}],"collection":[{"href":"https:\/\/www.lactissima.com\/a-tire-d-ailes\/wp-json\/wp\/v2\/posts"}],"about":[{"href":"https:\/\/www.lactissima.com\/a-tire-d-ailes\/wp-json\/wp\/v2\/types\/post"}],"author":[{"embeddable":true,"href":"https:\/\/www.lactissima.com\/a-tire-d-ailes\/wp-json\/wp\/v2\/users\/170"}],"replies":[{"embeddable":true,"href":"https:\/\/www.lactissima.com\/a-tire-d-ailes\/wp-json\/wp\/v2\/comments?post=8204"}],"version-history":[{"count":3,"href":"https:\/\/www.lactissima.com\/a-tire-d-ailes\/wp-json\/wp\/v2\/posts\/8204\/revisions"}],"predecessor-version":[{"id":8385,"href":"https:\/\/www.lactissima.com\/a-tire-d-ailes\/wp-json\/wp\/v2\/posts\/8204\/revisions\/8385"}],"wp:attachment":[{"href":"https:\/\/www.lactissima.com\/a-tire-d-ailes\/wp-json\/wp\/v2\/media?parent=8204"}],"wp:term":[{"taxonomy":"category","embeddable":true,"href":"https:\/\/www.lactissima.com\/a-tire-d-ailes\/wp-json\/wp\/v2\/categories?post=8204"},{"taxonomy":"post_tag","embeddable":true,"href":"https:\/\/www.lactissima.com\/a-tire-d-ailes\/wp-json\/wp\/v2\/tags?post=8204"}],"curies":[{"name":"wp","href":"https:\/\/api.w.org\/{rel}","templated":true}]}}