{"id":8154,"date":"2019-05-17T12:38:54","date_gmt":"2019-05-17T10:38:54","guid":{"rendered":"https:\/\/www.lactissima.com\/a-tire-d-ailes\/?p=8154"},"modified":"2019-05-17T18:52:50","modified_gmt":"2019-05-17T16:52:50","slug":"travailler-et-allaiter-le-temoignage-de-marion","status":"publish","type":"post","link":"https:\/\/www.lactissima.com\/a-tire-d-ailes\/travailler-et-allaiter-le-temoignage-de-marion\/","title":{"rendered":"Chaque allaitement est diff\u00e9rent : le t\u00e9moignage de Marion"},"content":{"rendered":"<p style=\"text-align: justify;\">J&rsquo;ai trois enfants:<\/p>\n<p style=\"text-align: justify;\">J&rsquo;ai allait\u00e9 la premi\u00e8re jusqu&rsquo;\u00e0 9 mois, la deuxi\u00e8me a peu pr\u00e8s la m\u00eame dur\u00e9e et le troisi\u00e8me vient d&rsquo;arriver.<img loading=\"lazy\" decoding=\"async\" class=\"alignright wp-image-4848\" src=\"https:\/\/www.lactissima.com\/a-tire-d-ailes\/wp-content\/uploads\/2013\/10\/interview-300x231.jpg\" alt=\"allaitement et travail\" width=\"321\" height=\"247\" srcset=\"https:\/\/www.lactissima.com\/a-tire-d-ailes\/wp-content\/uploads\/2013\/10\/interview-300x231.jpg 300w, https:\/\/www.lactissima.com\/a-tire-d-ailes\/wp-content\/uploads\/2013\/10\/interview.jpg 400w\" sizes=\"(max-width: 321px) 100vw, 321px\" \/><\/p>\n<p style=\"text-align: justify;\">Pour la premi\u00e8re, j&rsquo;avais oubli\u00e9 mais ces derni\u00e8res semaines m&rsquo;ont fait revenir les souvenirs. L&rsquo;accouchement a \u00e9t\u00e9 d\u00e9clench\u00e9 sans complications m\u00e9dicales, mais avec souffrance pour moi et je pense pour elle aussi, nous avions fait une t\u00e9t\u00e9e d\u2019accueil sur un seul sein sans trop de difficult\u00e9, mais elle avait trop \u00ab\u00a0bu la tasse\u00a0\u00bb, et les premiers jours \u00e0 la maternit\u00e9 ont \u00e9t\u00e9 ensuite compliqu\u00e9s.<\/p>\n<p style=\"text-align: justify;\">Je remercie une des sages femmes de m&rsquo;avoir pass\u00e9 des bouts de sein, qui ont permis de lancer la machine, je le mettais en d\u00e9but de t\u00e9t\u00e9e quand le mamelon n&rsquo;\u00e9tait pas sorti puis je l&rsquo;enlevais. Je dois surtout mon allaitement \u00e0 une <strong>copine<\/strong> qui a allait\u00e9 ses 2 enfants et \u00e0 sa s\u0153ur qui est \u00ab\u00a0\u00e9coutante\u00a0\u00bb dans une association de soutien \u00e0 la lactation et qui vous lit&#8230; Elles m&rsquo;ont vraiment encourag\u00e9e et permis de trouver confiance en moi.<\/p>\n<p style=\"text-align: justify;\">Ma fille par contre ne se r\u00e9veillait pas et perdait du poids, nous avons donc d\u00fb la r\u00e9veiller \u00e0 heure fixe, mais ces moments difficiles sont vite pass\u00e9s. Elle a fait une petite crise de croissance vers 2 semaines et demi, et apr\u00e8s l&rsquo;allaitement s&rsquo;est d\u00e9roul\u00e9 avec bonheur. J&rsquo;ai repris le travail quand elle avait 5 mois, comme c&rsquo;\u00e9tait un nouveau poste, j&rsquo;ai pr\u00e9f\u00e9r\u00e9<strong> ne pas tirer<\/strong>, et je l&rsquo;allaitais le soir en rentrant, vers minuit, et le matin avant de partir&#8230;.jusqu&rsquo;\u00e0 ses 9 mois, on a diminu\u00e9 progressivement.<\/p>\n<p style=\"text-align: justify;\">Pour ma deuxi\u00e8me tout s&rsquo;est pass\u00e9 comme sur des roulettes je dirais ! La lactation s&rsquo;est lanc\u00e9e tr\u00e8s vite, et le petit souci du d\u00e9marrage \u00e9tait plus que je surproduisais (j&rsquo;ai tir\u00e9 du surplus pour soulager mes seins tr\u00e8s vite), et que le d\u00e9bit \u00e9tait trop important pour elle&#8230;mais cela s&rsquo;est r\u00e9gl\u00e9 dans les premi\u00e8res semaines.<\/p>\n<p style=\"text-align: justify;\">J&rsquo;ai pens\u00e9 \u00e0 donner au <strong>lactarium<\/strong>, mais comme c&rsquo;est une petite fille qui avait beaucoup de mal \u00e0 dormir ( m\u00eame \u00e0 2 ans aujourd\u2019hui c&rsquo;est compliqu\u00e9, quand elle se r\u00e9veille, elle est r\u00e9veill\u00e9e jusqu&rsquo;au cycle suivant, ce qui fait maintenant 1h30&#8230;), j&rsquo;ai eu un zona qui rendait le don impossible&#8230;.<\/p>\n<p style=\"text-align: justify;\">C\u2019\u00e9tait un allaitement diff\u00e9rent, mon a\u00een\u00e9e me caressait le sein doucement, la deuxi\u00e8me avait des mouvement plus \u00ab\u00a0dynamiques\u00a0\u00bb avec le sein, et pour toutes les deux ce sont des moments magiques \u00e0 2.. Quand elle a eu 5 mois, j&rsquo;ai repris sur une mission \u00e0 20 min de la maison, et je me suis sentie de <strong>tirer mon lait<\/strong>, j&rsquo;ai commenc\u00e9 au manuel dans les toilettes jusqu&rsquo;\u00e0 ce qu&rsquo;on m&rsquo;indique une petite salle. J&rsquo;arrivais \u00e0 tirer en 2-3 pauses de quoi fournir \u00e0 la nounou&#8230;.<\/p>\n<p style=\"text-align: justify;\">Par contre, celle-ci ne m&rsquo;a pas indiqu\u00e9 \u00e0 quel point ma fille <strong>refusait de manger<\/strong>. Elle a vu que j&rsquo;\u00e9tais d\u00e9j\u00e0 angoiss\u00e9e de tirer, de retourner travailler,&#8230; Elle m&rsquo;a \u00e9voqu\u00e9 ses difficult\u00e9s mais je n&rsquo;ai pas su voir l&rsquo;ampleur jusqu&rsquo;\u00e0 ce qu&rsquo;on en discute 1 an\u00a0 apr\u00e8s !!!\u00a0 Ma fille a tr\u00e8s probablement fait la \u00ab\u00a0gr\u00e8ve de la faim\u00a0\u00bb au d\u00e9but. Je pense que cela a dur\u00e9 2 bonnes semaines et demand\u00e9 \u00e0 la nounou ( qui n&rsquo;est pas du tout pro-allaitement) beaucoup de ressources. Ma fille a accept\u00e9 le lait que je tirais la veille pour le lendemain (je le donnais \u00e0 la nounou le soir en allant la chercher), mais pas le lait congel\u00e9 de mon stock ( moi qui avait tout conserv\u00e9 pour la reprise !!). Au final on a tenu comme cela 3 mois, puis j&rsquo;ai chang\u00e9 de lieu de travail et nous sommes pass\u00e9es \u00e0 une t\u00e9t\u00e9e matin, soir, minuit, mais cela a moins bien fonctionn\u00e9 que pour l\u2019a\u00een\u00e9e&#8230; rapidement c&rsquo;est devenu des t\u00e9t\u00e9es c\u00e2lin&#8230;<\/p>\n<p style=\"text-align: justify;\">Mon troisi\u00e8me est arriv\u00e9 il y a 15 jours, t\u00e9t\u00e9e d\u2019accueil tr\u00e8s compliqu\u00e9e (un seul sein, il a fallu le guider, cela n&rsquo;a pas trop march\u00e9), la lactation s&rsquo;est lanc\u00e9e, il avait stabilis\u00e9 son poids en sortie de maternit\u00e9, puis lors des surveillances suivantes, son poids chutait&#8230; Nous avons donc d\u00fb passer \u00e0 du <strong>tire-allaitement<\/strong> avec DAL au doigt, ce que je trouve contraignant et d\u00e9stabilisant \u00e9motionnellement&#8230; J&rsquo;ai rendez-vous avec la sage femme \u00ab\u00a0allaitement\u00a0\u00bb de la maternit\u00e9 pour une consultation mercredi, nous verrons comment cela se passe (j&rsquo;ai l&rsquo;impression qu&rsquo;elle n&rsquo;est pas IBCLC puisqu&rsquo;elle n&rsquo;est pas dans l&rsquo;annuaire).<\/p>\n<p style=\"text-align: justify;\">Heureusement que c&rsquo;est un troisi\u00e8me car sinon cela serait difficile de s&rsquo;accrocher !!! Je suis persuad\u00e9e envers tout le monde ( mari, m\u00e9decin, sage femme,&#8230;) que c&rsquo;est un souci de <strong>frein<\/strong> (le mien a \u00e9t\u00e9 coup\u00e9e \u00e0 la maternit\u00e9 ma m\u00e8re m&rsquo;a racont\u00e9) et je suis un peu d\u00e9munie, je vois un ost\u00e9opathe demain (deux s\u0153urs sp\u00e9cialis\u00e9es en nourrisson, l&rsquo;une infirmi\u00e8re-pu\u00e9ricultrice-aide \u00e0 l&rsquo;allaitement, l&rsquo;autre ost\u00e9o sp\u00e9ciale nourrisson), car l&rsquo;autre piste propos\u00e9e est un menton trop en arri\u00e8re&#8230;<\/p>\n<p style=\"text-align: justify;\">Cot\u00e9 tire lait :<\/p>\n<p style=\"text-align: justify;\">* pour la premi\u00e8re j&rsquo;avais un <strong>lactaline<\/strong> avec des t\u00e9terelles medela car le loueur \u00e9tait en rupture&#8230;gal\u00e8re avec des remont\u00e9es dans le tuyau et j&rsquo;ai tr\u00e8s peu tir\u00e9<\/p>\n<p style=\"text-align: justify;\">*pour la deuxi\u00e8me j&rsquo;avais un lactaline avec des t\u00e9terelles lactaline, bien mieux, je tirais avec la reprise du travail a peu pr\u00e8s 250 ml dans ma journ\u00e9e 8h-18h&#8230;<\/p>\n<p style=\"text-align: justify;\">* l\u00e0 on m&rsquo; a pass\u00e9 un fisio pro de kitett en m&rsquo;indiquant qu&rsquo;il \u00e9tait plus puissant&#8230;j&rsquo;ai un peu gal\u00e9r\u00e9 mais le loueur de mat\u00e9riel vient \u00e0 domicile, et elle m&rsquo;a fait remarqu\u00e9 deux choses :<\/p>\n<ul>\n<li style=\"text-align: justify;\">il faut bien v\u00e9rifier l\u2019\u00e9tanch\u00e9it\u00e9, les t\u00e9terelles sont plus simples que les medela ou les lactaline, et on se fait pi\u00e9ger \u00e0 ne pas faire une bonne \u00e9tanch\u00e9it\u00e9 plus facilement (le serrage de la bouteille par exemple).<\/li>\n<li style=\"text-align: justify;\">cot\u00e9 vitesse et jeu de puissance, je faisais comme les vid\u00e9os sur internet, mais en m&rsquo;observant tirer avec mon avent manuel, elle m&rsquo;a indiqu\u00e9 que j&rsquo;utilisais un rythme plus rapide et moins de puissance&#8230;changement dans le tirage assez impressionnant&#8230;<\/li>\n<\/ul>\n<p style=\"text-align: justify;\">Par contre en lisant sur votre blog les commentaires je me demande si je devrais pas redemander un lactaline \ud83d\ude41 (je tire \u00e0 peu pr\u00e9s 350 ml sur les 500 que je fournis au b\u00e9b\u00e9 en compl\u00e9ment)&#8230;<\/p>\n<p>&nbsp;<\/p>\n<p style=\"text-align: justify;\"><strong>Articles en rapport :<\/strong><\/p>\n<ul style=\"text-align: justify;\">\n<li>Voir l\u2019onglet\u00a0<a href=\"https:\/\/www.lactissima.com\/a-tire-d-ailes\/temoignages-travail-et-allaitement\/\" target=\"_blank\" rel=\"noopener noreferrer\">t\u00e9moignages<\/a><\/li>\n<\/ul>\n<p>&nbsp;<\/p>\n<p style=\"text-align: justify;\"><div class='et-box et-shadow'>\n\t\t\t\t\t<div class='et-box-content'>Lire des articles ou poser des questions en commentaire ne suffit pas \u00e0 r\u00e9soudre votre probl\u00e8me ? Savez-vous que vous pouvez prendre RDV pour une consultation avec moi ? N&rsquo;h\u00e9sitez pas \u00e0 me contacter !<\/div><\/div><\/p>\n","protected":false},"excerpt":{"rendered":"<p>J&rsquo;ai trois enfants: J&rsquo;ai allait\u00e9 la premi\u00e8re jusqu&rsquo;\u00e0 9 mois, la deuxi\u00e8me a peu pr\u00e8s la m\u00eame dur\u00e9e et le troisi\u00e8me vient d&rsquo;arriver. Pour la premi\u00e8re, j&rsquo;avais oubli\u00e9 mais ces derni\u00e8res semaines m&rsquo;ont fait revenir les souvenirs. L&rsquo;accouchement a \u00e9t\u00e9 d\u00e9clench\u00e9 sans complications m\u00e9dicales, mais avec souffrance pour moi et je pense pour elle aussi, [&hellip;]<\/p>\n","protected":false},"author":170,"featured_media":4848,"comment_status":"open","ping_status":"open","sticky":false,"template":"","format":"standard","meta":{"_et_pb_use_builder":"","_et_pb_old_content":"","_et_gb_content_width":"","footnotes":""},"categories":[150],"tags":[],"class_list":["post-8154","post","type-post","status-publish","format-standard","has-post-thumbnail","hentry","category-temoignages"],"yoast_head":"<!-- This site is optimized with the Yoast SEO plugin v27.4 - https:\/\/yoast.com\/product\/yoast-seo-wordpress\/ -->\n<title>Chaque allaitement est diff\u00e9rent : le t\u00e9moignage de Marion<\/title>\n<meta name=\"description\" content=\"J&#039;ai trois enfants: J&#039;ai allait\u00e9 la premi\u00e8re jusqu&#039;\u00e0 9 mois, la deuxi\u00e8me a peu pr\u00e8s la m\u00eame dur\u00e9e et le troisi\u00e8me vient d&#039;arriver. Pour la premi\u00e8re, Marion revient sur ses 3 allaitements et les difficult\u00e9s rencontr\u00e9es.\" \/>\n<meta name=\"robots\" content=\"index, follow, max-snippet:-1, max-image-preview:large, max-video-preview:-1\" \/>\n<link rel=\"canonical\" href=\"https:\/\/www.lactissima.com\/a-tire-d-ailes\/travailler-et-allaiter-le-temoignage-de-marion\/\" \/>\n<meta property=\"og:locale\" content=\"fr_FR\" \/>\n<meta property=\"og:type\" content=\"article\" \/>\n<meta property=\"og:title\" content=\"Chaque allaitement est diff\u00e9rent : le t\u00e9moignage de Marion\" \/>\n<meta property=\"og:description\" content=\"J&#039;ai trois enfants: J&#039;ai allait\u00e9 la premi\u00e8re jusqu&#039;\u00e0 9 mois, la deuxi\u00e8me a peu pr\u00e8s la m\u00eame dur\u00e9e et le troisi\u00e8me vient d&#039;arriver. Pour la premi\u00e8re, Marion revient sur ses 3 allaitements et les difficult\u00e9s rencontr\u00e9es.\" \/>\n<meta property=\"og:url\" content=\"https:\/\/www.lactissima.com\/a-tire-d-ailes\/travailler-et-allaiter-le-temoignage-de-marion\/\" \/>\n<meta property=\"og:site_name\" content=\"A tire d&#039;Ailes\" \/>\n<meta property=\"article:publisher\" content=\"https:\/\/www.facebook.com\/consultante.en.lactation\" \/>\n<meta property=\"article:author\" content=\"www.facebook.com\/consultante.en.lactation\" \/>\n<meta property=\"article:published_time\" content=\"2019-05-17T10:38:54+00:00\" \/>\n<meta property=\"article:modified_time\" content=\"2019-05-17T16:52:50+00:00\" \/>\n<meta property=\"og:image\" content=\"https:\/\/www.lactissima.com\/a-tire-d-ailes\/wp-content\/uploads\/2013\/10\/interview.jpg\" \/>\n\t<meta property=\"og:image:width\" content=\"400\" \/>\n\t<meta property=\"og:image:height\" content=\"308\" \/>\n\t<meta property=\"og:image:type\" content=\"image\/jpeg\" \/>\n<meta name=\"author\" content=\"V\u00e9ronique Darmangeat\" \/>\n<meta name=\"twitter:card\" content=\"summary_large_image\" \/>\n<meta name=\"twitter:creator\" content=\"@VeroniqueIBCLC\" \/>\n<meta name=\"twitter:site\" content=\"@VeroniqueIBCLC\" \/>\n<meta name=\"twitter:label1\" content=\"\u00c9crit par\" \/>\n\t<meta name=\"twitter:data1\" content=\"V\u00e9ronique Darmangeat\" \/>\n\t<meta name=\"twitter:label2\" content=\"Dur\u00e9e de lecture estim\u00e9e\" \/>\n\t<meta name=\"twitter:data2\" content=\"6 minutes\" \/>\n<script type=\"application\/ld+json\" class=\"yoast-schema-graph\">{\"@context\":\"https:\\\/\\\/schema.org\",\"@graph\":[{\"@type\":\"Article\",\"@id\":\"https:\\\/\\\/www.lactissima.com\\\/a-tire-d-ailes\\\/travailler-et-allaiter-le-temoignage-de-marion\\\/#article\",\"isPartOf\":{\"@id\":\"https:\\\/\\\/www.lactissima.com\\\/a-tire-d-ailes\\\/travailler-et-allaiter-le-temoignage-de-marion\\\/\"},\"author\":{\"name\":\"V\u00e9ronique Darmangeat\",\"@id\":\"https:\\\/\\\/www.lactissima.com\\\/a-tire-d-ailes\\\/#\\\/schema\\\/person\\\/8f98d3a89530861bc1240e6d53d44eed\"},\"headline\":\"Chaque allaitement est diff\u00e9rent : le t\u00e9moignage de Marion\",\"datePublished\":\"2019-05-17T10:38:54+00:00\",\"dateModified\":\"2019-05-17T16:52:50+00:00\",\"mainEntityOfPage\":{\"@id\":\"https:\\\/\\\/www.lactissima.com\\\/a-tire-d-ailes\\\/travailler-et-allaiter-le-temoignage-de-marion\\\/\"},\"wordCount\":1185,\"commentCount\":0,\"image\":{\"@id\":\"https:\\\/\\\/www.lactissima.com\\\/a-tire-d-ailes\\\/travailler-et-allaiter-le-temoignage-de-marion\\\/#primaryimage\"},\"thumbnailUrl\":\"https:\\\/\\\/www.lactissima.com\\\/a-tire-d-ailes\\\/wp-content\\\/uploads\\\/2013\\\/10\\\/interview.jpg\",\"articleSection\":[\"t\u00e9moignages\"],\"inLanguage\":\"fr-FR\",\"potentialAction\":[{\"@type\":\"CommentAction\",\"name\":\"Comment\",\"target\":[\"https:\\\/\\\/www.lactissima.com\\\/a-tire-d-ailes\\\/travailler-et-allaiter-le-temoignage-de-marion\\\/#respond\"]}]},{\"@type\":\"WebPage\",\"@id\":\"https:\\\/\\\/www.lactissima.com\\\/a-tire-d-ailes\\\/travailler-et-allaiter-le-temoignage-de-marion\\\/\",\"url\":\"https:\\\/\\\/www.lactissima.com\\\/a-tire-d-ailes\\\/travailler-et-allaiter-le-temoignage-de-marion\\\/\",\"name\":\"Chaque allaitement est diff\u00e9rent : le t\u00e9moignage de Marion\",\"isPartOf\":{\"@id\":\"https:\\\/\\\/www.lactissima.com\\\/a-tire-d-ailes\\\/#website\"},\"primaryImageOfPage\":{\"@id\":\"https:\\\/\\\/www.lactissima.com\\\/a-tire-d-ailes\\\/travailler-et-allaiter-le-temoignage-de-marion\\\/#primaryimage\"},\"image\":{\"@id\":\"https:\\\/\\\/www.lactissima.com\\\/a-tire-d-ailes\\\/travailler-et-allaiter-le-temoignage-de-marion\\\/#primaryimage\"},\"thumbnailUrl\":\"https:\\\/\\\/www.lactissima.com\\\/a-tire-d-ailes\\\/wp-content\\\/uploads\\\/2013\\\/10\\\/interview.jpg\",\"datePublished\":\"2019-05-17T10:38:54+00:00\",\"dateModified\":\"2019-05-17T16:52:50+00:00\",\"author\":{\"@id\":\"https:\\\/\\\/www.lactissima.com\\\/a-tire-d-ailes\\\/#\\\/schema\\\/person\\\/8f98d3a89530861bc1240e6d53d44eed\"},\"description\":\"J'ai trois enfants: J'ai allait\u00e9 la premi\u00e8re jusqu'\u00e0 9 mois, la deuxi\u00e8me a peu pr\u00e8s la m\u00eame dur\u00e9e et le troisi\u00e8me vient d'arriver. Pour la premi\u00e8re, Marion revient sur ses 3 allaitements et les difficult\u00e9s rencontr\u00e9es.\",\"breadcrumb\":{\"@id\":\"https:\\\/\\\/www.lactissima.com\\\/a-tire-d-ailes\\\/travailler-et-allaiter-le-temoignage-de-marion\\\/#breadcrumb\"},\"inLanguage\":\"fr-FR\",\"potentialAction\":[{\"@type\":\"ReadAction\",\"target\":[\"https:\\\/\\\/www.lactissima.com\\\/a-tire-d-ailes\\\/travailler-et-allaiter-le-temoignage-de-marion\\\/\"]}]},{\"@type\":\"ImageObject\",\"inLanguage\":\"fr-FR\",\"@id\":\"https:\\\/\\\/www.lactissima.com\\\/a-tire-d-ailes\\\/travailler-et-allaiter-le-temoignage-de-marion\\\/#primaryimage\",\"url\":\"https:\\\/\\\/www.lactissima.com\\\/a-tire-d-ailes\\\/wp-content\\\/uploads\\\/2013\\\/10\\\/interview.jpg\",\"contentUrl\":\"https:\\\/\\\/www.lactissima.com\\\/a-tire-d-ailes\\\/wp-content\\\/uploads\\\/2013\\\/10\\\/interview.jpg\",\"width\":400,\"height\":308,\"caption\":\"allaitement et travail\"},{\"@type\":\"BreadcrumbList\",\"@id\":\"https:\\\/\\\/www.lactissima.com\\\/a-tire-d-ailes\\\/travailler-et-allaiter-le-temoignage-de-marion\\\/#breadcrumb\",\"itemListElement\":[{\"@type\":\"ListItem\",\"position\":1,\"name\":\"Accueil\",\"item\":\"https:\\\/\\\/www.lactissima.com\\\/a-tire-d-ailes\\\/\"},{\"@type\":\"ListItem\",\"position\":2,\"name\":\"Chaque allaitement est diff\u00e9rent : le t\u00e9moignage de Marion\"}]},{\"@type\":\"WebSite\",\"@id\":\"https:\\\/\\\/www.lactissima.com\\\/a-tire-d-ailes\\\/#website\",\"url\":\"https:\\\/\\\/www.lactissima.com\\\/a-tire-d-ailes\\\/\",\"name\":\"A tire d&#039;Ailes\",\"description\":\"Le blog des femmes qui allaitent et travaillent.\",\"potentialAction\":[{\"@type\":\"SearchAction\",\"target\":{\"@type\":\"EntryPoint\",\"urlTemplate\":\"https:\\\/\\\/www.lactissima.com\\\/a-tire-d-ailes\\\/?s={search_term_string}\"},\"query-input\":{\"@type\":\"PropertyValueSpecification\",\"valueRequired\":true,\"valueName\":\"search_term_string\"}}],\"inLanguage\":\"fr-FR\"},{\"@type\":\"Person\",\"@id\":\"https:\\\/\\\/www.lactissima.com\\\/a-tire-d-ailes\\\/#\\\/schema\\\/person\\\/8f98d3a89530861bc1240e6d53d44eed\",\"name\":\"V\u00e9ronique Darmangeat\",\"image\":{\"@type\":\"ImageObject\",\"inLanguage\":\"fr-FR\",\"@id\":\"https:\\\/\\\/secure.gravatar.com\\\/avatar\\\/268c99344c89cebfe4f5df5fa8be43068a18884fc76a29f3206fae98465b9cab?s=96&d=identicon&r=g\",\"url\":\"https:\\\/\\\/secure.gravatar.com\\\/avatar\\\/268c99344c89cebfe4f5df5fa8be43068a18884fc76a29f3206fae98465b9cab?s=96&d=identicon&r=g\",\"contentUrl\":\"https:\\\/\\\/secure.gravatar.com\\\/avatar\\\/268c99344c89cebfe4f5df5fa8be43068a18884fc76a29f3206fae98465b9cab?s=96&d=identicon&r=g\",\"caption\":\"V\u00e9ronique Darmangeat\"},\"sameAs\":[\"https:\\\/\\\/www.lactissima.com\\\/a-tire-d-ailes\",\"www.facebook.com\\\/consultante.en.lactation\"]}]}<\/script>\n<!-- \/ Yoast SEO plugin. -->","yoast_head_json":{"title":"Chaque allaitement est diff\u00e9rent : le t\u00e9moignage de Marion","description":"J'ai trois enfants: J'ai allait\u00e9 la premi\u00e8re jusqu'\u00e0 9 mois, la deuxi\u00e8me a peu pr\u00e8s la m\u00eame dur\u00e9e et le troisi\u00e8me vient d'arriver. Pour la premi\u00e8re, Marion revient sur ses 3 allaitements et les difficult\u00e9s rencontr\u00e9es.","robots":{"index":"index","follow":"follow","max-snippet":"max-snippet:-1","max-image-preview":"max-image-preview:large","max-video-preview":"max-video-preview:-1"},"canonical":"https:\/\/www.lactissima.com\/a-tire-d-ailes\/travailler-et-allaiter-le-temoignage-de-marion\/","og_locale":"fr_FR","og_type":"article","og_title":"Chaque allaitement est diff\u00e9rent : le t\u00e9moignage de Marion","og_description":"J'ai trois enfants: J'ai allait\u00e9 la premi\u00e8re jusqu'\u00e0 9 mois, la deuxi\u00e8me a peu pr\u00e8s la m\u00eame dur\u00e9e et le troisi\u00e8me vient d'arriver. Pour la premi\u00e8re, Marion revient sur ses 3 allaitements et les difficult\u00e9s rencontr\u00e9es.","og_url":"https:\/\/www.lactissima.com\/a-tire-d-ailes\/travailler-et-allaiter-le-temoignage-de-marion\/","og_site_name":"A tire d&#039;Ailes","article_publisher":"https:\/\/www.facebook.com\/consultante.en.lactation","article_author":"www.facebook.com\/consultante.en.lactation","article_published_time":"2019-05-17T10:38:54+00:00","article_modified_time":"2019-05-17T16:52:50+00:00","og_image":[{"width":400,"height":308,"url":"https:\/\/www.lactissima.com\/a-tire-d-ailes\/wp-content\/uploads\/2013\/10\/interview.jpg","type":"image\/jpeg"}],"author":"V\u00e9ronique Darmangeat","twitter_card":"summary_large_image","twitter_creator":"@VeroniqueIBCLC","twitter_site":"@VeroniqueIBCLC","twitter_misc":{"\u00c9crit par":"V\u00e9ronique Darmangeat","Dur\u00e9e de lecture estim\u00e9e":"6 minutes"},"schema":{"@context":"https:\/\/schema.org","@graph":[{"@type":"Article","@id":"https:\/\/www.lactissima.com\/a-tire-d-ailes\/travailler-et-allaiter-le-temoignage-de-marion\/#article","isPartOf":{"@id":"https:\/\/www.lactissima.com\/a-tire-d-ailes\/travailler-et-allaiter-le-temoignage-de-marion\/"},"author":{"name":"V\u00e9ronique Darmangeat","@id":"https:\/\/www.lactissima.com\/a-tire-d-ailes\/#\/schema\/person\/8f98d3a89530861bc1240e6d53d44eed"},"headline":"Chaque allaitement est diff\u00e9rent : le t\u00e9moignage de Marion","datePublished":"2019-05-17T10:38:54+00:00","dateModified":"2019-05-17T16:52:50+00:00","mainEntityOfPage":{"@id":"https:\/\/www.lactissima.com\/a-tire-d-ailes\/travailler-et-allaiter-le-temoignage-de-marion\/"},"wordCount":1185,"commentCount":0,"image":{"@id":"https:\/\/www.lactissima.com\/a-tire-d-ailes\/travailler-et-allaiter-le-temoignage-de-marion\/#primaryimage"},"thumbnailUrl":"https:\/\/www.lactissima.com\/a-tire-d-ailes\/wp-content\/uploads\/2013\/10\/interview.jpg","articleSection":["t\u00e9moignages"],"inLanguage":"fr-FR","potentialAction":[{"@type":"CommentAction","name":"Comment","target":["https:\/\/www.lactissima.com\/a-tire-d-ailes\/travailler-et-allaiter-le-temoignage-de-marion\/#respond"]}]},{"@type":"WebPage","@id":"https:\/\/www.lactissima.com\/a-tire-d-ailes\/travailler-et-allaiter-le-temoignage-de-marion\/","url":"https:\/\/www.lactissima.com\/a-tire-d-ailes\/travailler-et-allaiter-le-temoignage-de-marion\/","name":"Chaque allaitement est diff\u00e9rent : le t\u00e9moignage de Marion","isPartOf":{"@id":"https:\/\/www.lactissima.com\/a-tire-d-ailes\/#website"},"primaryImageOfPage":{"@id":"https:\/\/www.lactissima.com\/a-tire-d-ailes\/travailler-et-allaiter-le-temoignage-de-marion\/#primaryimage"},"image":{"@id":"https:\/\/www.lactissima.com\/a-tire-d-ailes\/travailler-et-allaiter-le-temoignage-de-marion\/#primaryimage"},"thumbnailUrl":"https:\/\/www.lactissima.com\/a-tire-d-ailes\/wp-content\/uploads\/2013\/10\/interview.jpg","datePublished":"2019-05-17T10:38:54+00:00","dateModified":"2019-05-17T16:52:50+00:00","author":{"@id":"https:\/\/www.lactissima.com\/a-tire-d-ailes\/#\/schema\/person\/8f98d3a89530861bc1240e6d53d44eed"},"description":"J'ai trois enfants: J'ai allait\u00e9 la premi\u00e8re jusqu'\u00e0 9 mois, la deuxi\u00e8me a peu pr\u00e8s la m\u00eame dur\u00e9e et le troisi\u00e8me vient d'arriver. Pour la premi\u00e8re, Marion revient sur ses 3 allaitements et les difficult\u00e9s rencontr\u00e9es.","breadcrumb":{"@id":"https:\/\/www.lactissima.com\/a-tire-d-ailes\/travailler-et-allaiter-le-temoignage-de-marion\/#breadcrumb"},"inLanguage":"fr-FR","potentialAction":[{"@type":"ReadAction","target":["https:\/\/www.lactissima.com\/a-tire-d-ailes\/travailler-et-allaiter-le-temoignage-de-marion\/"]}]},{"@type":"ImageObject","inLanguage":"fr-FR","@id":"https:\/\/www.lactissima.com\/a-tire-d-ailes\/travailler-et-allaiter-le-temoignage-de-marion\/#primaryimage","url":"https:\/\/www.lactissima.com\/a-tire-d-ailes\/wp-content\/uploads\/2013\/10\/interview.jpg","contentUrl":"https:\/\/www.lactissima.com\/a-tire-d-ailes\/wp-content\/uploads\/2013\/10\/interview.jpg","width":400,"height":308,"caption":"allaitement et travail"},{"@type":"BreadcrumbList","@id":"https:\/\/www.lactissima.com\/a-tire-d-ailes\/travailler-et-allaiter-le-temoignage-de-marion\/#breadcrumb","itemListElement":[{"@type":"ListItem","position":1,"name":"Accueil","item":"https:\/\/www.lactissima.com\/a-tire-d-ailes\/"},{"@type":"ListItem","position":2,"name":"Chaque allaitement est diff\u00e9rent : le t\u00e9moignage de Marion"}]},{"@type":"WebSite","@id":"https:\/\/www.lactissima.com\/a-tire-d-ailes\/#website","url":"https:\/\/www.lactissima.com\/a-tire-d-ailes\/","name":"A tire d&#039;Ailes","description":"Le blog des femmes qui allaitent et travaillent.","potentialAction":[{"@type":"SearchAction","target":{"@type":"EntryPoint","urlTemplate":"https:\/\/www.lactissima.com\/a-tire-d-ailes\/?s={search_term_string}"},"query-input":{"@type":"PropertyValueSpecification","valueRequired":true,"valueName":"search_term_string"}}],"inLanguage":"fr-FR"},{"@type":"Person","@id":"https:\/\/www.lactissima.com\/a-tire-d-ailes\/#\/schema\/person\/8f98d3a89530861bc1240e6d53d44eed","name":"V\u00e9ronique Darmangeat","image":{"@type":"ImageObject","inLanguage":"fr-FR","@id":"https:\/\/secure.gravatar.com\/avatar\/268c99344c89cebfe4f5df5fa8be43068a18884fc76a29f3206fae98465b9cab?s=96&d=identicon&r=g","url":"https:\/\/secure.gravatar.com\/avatar\/268c99344c89cebfe4f5df5fa8be43068a18884fc76a29f3206fae98465b9cab?s=96&d=identicon&r=g","contentUrl":"https:\/\/secure.gravatar.com\/avatar\/268c99344c89cebfe4f5df5fa8be43068a18884fc76a29f3206fae98465b9cab?s=96&d=identicon&r=g","caption":"V\u00e9ronique Darmangeat"},"sameAs":["https:\/\/www.lactissima.com\/a-tire-d-ailes","www.facebook.com\/consultante.en.lactation"]}]}},"_links":{"self":[{"href":"https:\/\/www.lactissima.com\/a-tire-d-ailes\/wp-json\/wp\/v2\/posts\/8154","targetHints":{"allow":["GET"]}}],"collection":[{"href":"https:\/\/www.lactissima.com\/a-tire-d-ailes\/wp-json\/wp\/v2\/posts"}],"about":[{"href":"https:\/\/www.lactissima.com\/a-tire-d-ailes\/wp-json\/wp\/v2\/types\/post"}],"author":[{"embeddable":true,"href":"https:\/\/www.lactissima.com\/a-tire-d-ailes\/wp-json\/wp\/v2\/users\/170"}],"replies":[{"embeddable":true,"href":"https:\/\/www.lactissima.com\/a-tire-d-ailes\/wp-json\/wp\/v2\/comments?post=8154"}],"version-history":[{"count":6,"href":"https:\/\/www.lactissima.com\/a-tire-d-ailes\/wp-json\/wp\/v2\/posts\/8154\/revisions"}],"predecessor-version":[{"id":8162,"href":"https:\/\/www.lactissima.com\/a-tire-d-ailes\/wp-json\/wp\/v2\/posts\/8154\/revisions\/8162"}],"wp:featuredmedia":[{"embeddable":true,"href":"https:\/\/www.lactissima.com\/a-tire-d-ailes\/wp-json\/wp\/v2\/media\/4848"}],"wp:attachment":[{"href":"https:\/\/www.lactissima.com\/a-tire-d-ailes\/wp-json\/wp\/v2\/media?parent=8154"}],"wp:term":[{"taxonomy":"category","embeddable":true,"href":"https:\/\/www.lactissima.com\/a-tire-d-ailes\/wp-json\/wp\/v2\/categories?post=8154"},{"taxonomy":"post_tag","embeddable":true,"href":"https:\/\/www.lactissima.com\/a-tire-d-ailes\/wp-json\/wp\/v2\/tags?post=8154"}],"curies":[{"name":"wp","href":"https:\/\/api.w.org\/{rel}","templated":true}]}}