{"id":8136,"date":"2019-04-25T15:11:22","date_gmt":"2019-04-25T13:11:22","guid":{"rendered":"https:\/\/www.lactissima.com\/a-tire-d-ailes\/?p=8136"},"modified":"2023-10-12T13:12:29","modified_gmt":"2023-10-12T11:12:29","slug":"la-revue-de-presse-da-tire-dailes-93","status":"publish","type":"post","link":"https:\/\/www.lactissima.com\/a-tire-d-ailes\/la-revue-de-presse-da-tire-dailes-93\/","title":{"rendered":"La revue de presse d\u2019A tire d\u2019Ailes (93)"},"content":{"rendered":"<p style=\"text-align: justify;\"><img loading=\"lazy\" decoding=\"async\" class=\"alignright size-full wp-image-3670\" src=\"https:\/\/www.lactissima.com\/a-tire-d-ailes\/wp-content\/uploads\/journal1.jpg\" alt=\"revues de presse allaitement\" width=\"231\" height=\"300\" \/>Voici l\u2019<strong>actualit\u00e9<\/strong>\u00a0que j\u2019ai rep\u00e9r\u00e9e pour vous depuis un mois :<\/p>\n<p style=\"text-align: justify;\">\u2013 Des\u00a0<strong>articles<\/strong>\u00a0:<\/p>\n<ul style=\"text-align: justify;\">\n<li>Suite \u00e0 la publication des articles remettant en cause les bienfaits de l&rsquo;allaitement maternel, qui ont fait couler beaucoup d&rsquo;encre, une centaine de m\u00e9decins a<span class=\"text_exposed_show\"> souhait\u00e9 cosigner<a href=\"https:\/\/www.dropbox.com\/s\/zzoceht96fh8l90\/courrier%20Marie%20Claire-converti%20%281%29.pdf?dl=0&amp;fbclid=IwAR2P2nntNXPohUJDnMwrLudEGGgVvTg4ayI96W8Afs_-Y37DoufUJtR1KUo\" target=\"_blank\" rel=\"noopener noreferrer\"> ce courrier<\/a> \u00e0 la r\u00e9daction de <a class=\"profileLink\" href=\"https:\/\/www.facebook.com\/pages\/Marieclairefr\/1553970538186578?__tn__=KH-R&amp;eid=ARBUiFAA4aNbqvULHz1NM1d2F8aAG1PHLPqjcgZycSQwEFsZlgA05FO-bzjFe3CntzVSh-PAQH83Ezs6&amp;fref=mentions&amp;__xts__%5B0%5D=68.ARAmDlL1n6ZQY-JFQ-1gga1yCQoBlgJcXlw4l7Rd34_NQKGQzv07glLmYqL37wjJ9OO9FeATEjEfuviIRani_Pl3RnTDDDX6-Lng79ozY2b67D1GUSAPFZIgsP0nZkOfGPR4dAU56FKBUXRe3OUhVdS91qHuT64e1_KNiKVyM8VAG8D7HyyaNl6hIWFypBwC2auwzHrNObXrAQfKtxLbGvx5qiaXJXg9-avNeOKQGP6lZ18nB_6xfWBJ9WOWfn_9rMvXVLZMsCIdrSVUf3Vb-jji1RlInSfRNzpPeDGCi3WfDH_GfJzsLV_SdgxgOlDozjQpFz5lGfJRpZFQ5iEPQNSgLslcVBuEr49zO7zJG386n2BflZMNRfowpsiLmWMUsELks3CzoN2jj-y6UVbDjyTnXafFX95FO0DKUgdU2FCPiwVWXFNc9sEuySBQdKpYVkBhtgoKsAKL9oJ93G2wNjdE5rc8PLg0OMAx4nw80sB8zs4\" data-hovercard=\"\/ajax\/hovercard\/page.php?id=1553970538186578&amp;extragetparams=%7B%22__tn__%22%3A%22%2CdKH-R-R%22%2C%22eid%22%3A%22ARBUiFAA4aNbqvULHz1NM1d2F8aAG1PHLPqjcgZycSQwEFsZlgA05FO-bzjFe3CntzVSh-PAQH83Ezs6%22%2C%22fref%22%3A%22mentions%22%7D\" data-hovercard-prefer-more-content-show=\"1\">Marieclaire.fr<\/a>\u00a0afin de r\u00e9tablir la v\u00e9rit\u00e9 du point de vue des professionnels.<\/span><\/li>\n<li><a href=\"https:\/\/www.mothering.com\/articles\/dysphoric-milk-ejection-reflex-letdown-anxiety-is-real\/?fbclid=IwAR1Vsl5dGj41jQmJHi-41kmMf-Yd1YU5iOr3E9FowtZi0Bm-SopAXjf4Ahw\" target=\"_blank\" rel=\"noopener noreferrer\">R\u00e9flexe d&rsquo;\u00e9jection de lait dysphorique<\/a> : l&rsquo;inqui\u00e9tude est r\u00e9elle.<\/li>\n<li>\u00ab\u00a0En <a href=\"http:\/\/www.drmomma.org\/2009\/07\/breastfeeding-in-land-of-genghis-khan.html?fbclid=IwAR0AARsXVaIaZZsiLVTnkWlpz-5AifiEfiIqk1fYleKzXmlsWUXSTQWEYoc\" target=\"_blank\" rel=\"noopener noreferrer\">Mongolie<\/a>, il y a un dicton souvent cit\u00e9 qui dit que les meilleurs lutteurs sont allait\u00e9s depuis au moins six ans &#8211; un soutien s\u00e9rieux dans un pays o\u00f9 la lutte est le sport national.\u00a0\u00bb<\/li>\n<li>L&rsquo;allaitement apr\u00e8s une <a href=\"https:\/\/ibconline.ca\/breast-surgery1-fr\/?fbclid=IwAR3qSpnBDnvY6JbDtGWlzICqVV7Cr4eoFVrQLgC7Xebxv_Siqab7dvSHBi0\" target=\"_blank\" rel=\"noopener noreferrer\">chirurgie mammaire<\/a>.<\/li>\n<li>Mati\u00e8re \u00e0 r\u00e9flexion sur l&rsquo;allaitement par les hommes.<\/li>\n<li>Inauguration de la premi\u00e8re <a href=\"https:\/\/fr.vietnamplus.vn\/inauguration-de-la-premiere-banque-de-lait-maternel-au-sud\/119379.vnp\" target=\"_blank\" rel=\"noopener noreferrer\">banque de lait maternel<\/a> au Sud Vietnam.<\/li>\n<\/ul>\n<p style=\"text-align: justify;\">&#8211; Des <strong>\u00e9tudes<\/strong> :<\/p>\n<ul style=\"text-align: justify;\">\n<li>Allaitement et <a href=\"https:\/\/www.lapresse.ca\/sciences\/medecine\/201902\/27\/01-5216355-lallaitement-reduirait-le-risque-deczema-selon-une-etude.php?fbclid=IwAR2wtxY_XSW9Hbq6QL57N-26yUCN77Pdn1PzEefuOfo4RWBW1n2Gq401abc\" target=\"_blank\" rel=\"noopener noreferrer\">ecz\u00e9ma<\/a>.<\/li>\n<li>Une \u00e9tude pilote sur le lait maternel destin\u00e9 \u00e0 r\u00e9duire l&rsquo;inflammation intestinale apr\u00e8s <a href=\"https:\/\/www.ncbi.nlm.nih.gov\/pubmed\/30916575?fbclid=IwAR1iYRcOjlWuAAXeDUJlgr4_zqAtHjKKhtAGAfR5HeJt3d9rDzVJP7JII38\" target=\"_blank\" rel=\"noopener noreferrer\">greffe de moelle osseuse<\/a>.<\/li>\n<li>Allaitement et <a href=\"https:\/\/www.ncbi.nlm.nih.gov\/pubmed\/30931717?fbclid=IwAR1bDfZab-dJ9g0ODCH9hM407IxGx9Hr-EPN-B65mqFd3mQpG-FcEkRtxkg\" target=\"_blank\" rel=\"noopener noreferrer\">caries<\/a>.<\/li>\n<li>Les effets <a href=\"https:\/\/www.ncbi.nlm.nih.gov\/pubmed\/29733222?fbclid=IwAR293sOV70vDAonmUdG3-9O9i_-fXCjcRzAFYQ7AJHN5H3uisq8Us7x6aok\" target=\"_blank\" rel=\"noopener noreferrer\">analg\u00e9siques<\/a> de l&rsquo;odeur de lait maternel sur les nouveau-n\u00e9s.<\/li>\n<li>Les taux d&rsquo;<a href=\"https:\/\/twin-cities.umn.edu\/news-events\/research-brief-appetite-regulating-hormone-levels-breast-milk-vary-mothers-weight?fbclid=IwAR3X90Zg_6rLIOkiNo1DH5N8EEpyi-K-hk-V4DzuUf1thOQ3kOQQcoGv9-w\" target=\"_blank\" rel=\"noopener noreferrer\">hormones r\u00e9gulant l&rsquo;app\u00e9tit<\/a> pr\u00e9sentes dans le lait maternel varient en fonction du poids de la m\u00e8re.<\/li>\n<\/ul>\n<p style=\"text-align: justify;\">&#8211; Des <strong>vid\u00e9os<\/strong> :<\/p>\n<ul style=\"text-align: justify;\">\n<li>La Maison des Maternelles a consacr\u00e9 une \u00e9mission au <a href=\"https:\/\/www.youtube.com\/watch?v=NNPyba7FtRk&amp;fbclid=IwAR3EHVjBb9FzRDPSBL8r72-j118u-9BeVJs069rsHrOhpvXkR4T6EmXj5P8\" target=\"_blank\" rel=\"noopener noreferrer\">choix sein ou biberon<\/a>, suivi d&rsquo;un <a href=\"https:\/\/www.facebook.com\/LaMaisonDesMaternelles\/videos\/2129812817136638\/?__xts__[0]=68.ARAUTsYuNjZyYn2XRzDaRwLbZPYEt5JTwSf_VlMS1wHtWMmDAHGAqTLilaiYuXHXUS7p6ja-fQ-L6UCSnqZbMMbFABlpaZA4S9Ka8m7mYRp2Ar13GgoHxwv6dZtxOWHJyJ0cjfKgJzLSq6Ss7yZ6h3d9OanX1ar65uiIr55KRRAPnhIh0U6CQlbN5VWV7wkSEjKu3zt86HRpU781jWsl3nVbY1xIqX1SGAKI4PrP-8XK33V_5Yr3xzK2OyGTaxuHE6JMd4yKcQlyNORwWr-3xZHms_SPQqLK2kkXpCuuaIZwULxVnGroc9P-yUFyHDXX0WbVLc7gsLDyu8Gq6PTMcvAVCpSlm6Yk7n0tdzBkPhGTweZoY1tTs8IEm7-Th4U4YBwP_FrO4SMwqlJNs906zxyLUsXIV5DEUdzs-Jq8rF-ptXSXYTbiAU4QXv_XIlUDOFmLubUse-RJg7KUfssqOUl7o_76jUnb3Xe_nnCJxp2tJlQHyuuN0HSZ&amp;__tn__=FFHHH-R\" target=\"_blank\" rel=\"noopener noreferrer\">Facebook Live<\/a>.<\/li>\n<li>Une super vid\u00e9o de la cha\u00eene Et tout le monde s&rsquo;en fout, consacr\u00e9e aux <a href=\"https:\/\/www.facebook.com\/watch\/?v=309821526581981\" target=\"_blank\" rel=\"noopener noreferrer\">seins<\/a>.<\/li>\n<li>Une jolie <a href=\"https:\/\/www.instagram.com\/p\/Bwj0hSPATC2\/?utm_source=ig_embed&amp;utm_campaign=embed_video_watch_again&amp;fbclid=IwAR34u8SSJAl6MKlm4wRAOqVQXfqy2eLXaS7f5etJcW0sQ_EJqqkxplEYBro\" target=\"_blank\" rel=\"noopener noreferrer\">t\u00e9t\u00e9e<\/a>.<\/li>\n<\/ul>\n<p style=\"text-align: justify;\">&#8211; Le D\u00e9fenseur des droits recommande au l\u00e9gislateur de faire \u00e9voluer l\u2019\u00e9tat du droit afin de garantir aux femmes agents publics des <span class=\"text_exposed_show\">am\u00e9nagements de service leur permettant de poursuivre l\u2019allaitement de leur enfant apr\u00e8s leur reprise d\u2019activit\u00e9, si cela correspond \u00e0 leur<br \/>\nchoix.<\/span><\/p>\n<p style=\"text-align: justify;\">&#8211; Une tr\u00e8s bonne nouvelle : le Centre Allaitement V\u00e9ronique Darmangeat est heureux d&rsquo;accueillir dans son \u00e9quipe le Dr Wojcieszko, m\u00e9decin g\u00e9n\u00e9raliste, \u00a0pour une prise en charge bienveillante et respectueuse de l&rsquo;allaitement des probl\u00e8mes m\u00e9dicaux rencontr\u00e9s par les m\u00e8res et les b\u00e9b\u00e9s !<\/p>\n<p style=\"text-align: justify;\"><strong>Rappel<\/strong>\u00a0: vous pouvez traduire toutes les publications en anglais gr\u00e2ce \u00e0 Google et donc les lire \u00e0 peu pr\u00e8s correctement en fran\u00e7ais !<\/p>\n<p style=\"text-align: justify;\">Bonne\u00a0<strong>lecture<\/strong>\u00a0! Et surtout, n\u2019h\u00e9sitez pas \u00e0 nous faire\u00a0<strong>partager<\/strong> vos d\u00e9couvertes !<\/p>\n<p style=\"text-align: justify;\">\n<p style=\"text-align: justify;\"><strong>Articles en rapport :\u00a0<\/strong>voir l\u2019onglet\u00a0<a title=\"Revues de presse\" href=\"https:\/\/www.lactissima.com\/a-tire-d-ailes\/revues-de-presse\/\" target=\"_blank\" rel=\"noopener noreferrer\">Revues de presse<\/a>.<\/p>\n<p>&nbsp;<\/p>\n<div class='et-box et-shadow'>\n\t\t\t\t\t<div class='et-box-content'>Lire des articles ou poser des questions en commentaire ne suffit pas \u00e0 r\u00e9soudre votre probl\u00e8me ? Savez-vous que vous pouvez prendre RDV pour une consultation avec moi ? N&rsquo;h\u00e9sitez pas \u00e0 me contacter !<\/div><\/div>\n","protected":false},"excerpt":{"rendered":"<p>Voici l\u2019actualit\u00e9\u00a0que j\u2019ai rep\u00e9r\u00e9e pour vous depuis un mois : \u2013 Des\u00a0articles\u00a0: Suite \u00e0 la publication des articles remettant en cause les bienfaits de l&rsquo;allaitement maternel, qui ont fait couler beaucoup d&rsquo;encre, une centaine de m\u00e9decins a souhait\u00e9 cosigner ce courrier \u00e0 la r\u00e9daction de Marieclaire.fr\u00a0afin de r\u00e9tablir la v\u00e9rit\u00e9 du point de vue des [&hellip;]<\/p>\n","protected":false},"author":170,"featured_media":3670,"comment_status":"open","ping_status":"open","sticky":false,"template":"","format":"standard","meta":{"_et_pb_use_builder":"","_et_pb_old_content":"","_et_gb_content_width":"","footnotes":""},"categories":[242],"tags":[],"class_list":["post-8136","post","type-post","status-publish","format-standard","has-post-thumbnail","hentry","category-revue-de-presse"],"yoast_head":"<!-- This site is optimized with the Yoast SEO plugin v27.4 - https:\/\/yoast.com\/product\/yoast-seo-wordpress\/ -->\n<title>La revue de presse d\u2019A tire d\u2019Ailes (93)<\/title>\n<meta name=\"description\" content=\"Voici l\u2019actualit\u00e9\u00a0que j\u2019ai rep\u00e9r\u00e9e pour vous depuis un mois : \u2013 Des\u00a0articles\u00a0: Suite \u00e0 la publication des articles remettant en cause les bienfaits de R\u00e9galez-vous avec toutes les nouvelles sur l&#039;allaitement du mois d&#039;avril.\" \/>\n<meta name=\"robots\" content=\"index, follow, max-snippet:-1, max-image-preview:large, max-video-preview:-1\" \/>\n<link rel=\"canonical\" href=\"https:\/\/www.lactissima.com\/a-tire-d-ailes\/la-revue-de-presse-da-tire-dailes-93\/\" \/>\n<meta property=\"og:locale\" content=\"fr_FR\" \/>\n<meta property=\"og:type\" content=\"article\" \/>\n<meta property=\"og:title\" content=\"La revue de presse d\u2019A tire d\u2019Ailes (93)\" \/>\n<meta property=\"og:description\" content=\"Voici l\u2019actualit\u00e9\u00a0que j\u2019ai rep\u00e9r\u00e9e pour vous depuis un mois : \u2013 Des\u00a0articles\u00a0: Suite \u00e0 la publication des articles remettant en cause les bienfaits de R\u00e9galez-vous avec toutes les nouvelles sur l&#039;allaitement du mois d&#039;avril.\" \/>\n<meta property=\"og:url\" content=\"https:\/\/www.lactissima.com\/a-tire-d-ailes\/la-revue-de-presse-da-tire-dailes-93\/\" \/>\n<meta property=\"og:site_name\" content=\"A tire d&#039;Ailes\" \/>\n<meta property=\"article:publisher\" content=\"https:\/\/www.facebook.com\/consultante.en.lactation\" \/>\n<meta property=\"article:author\" content=\"www.facebook.com\/consultante.en.lactation\" \/>\n<meta property=\"article:published_time\" content=\"2019-04-25T13:11:22+00:00\" \/>\n<meta property=\"article:modified_time\" content=\"2023-10-12T11:12:29+00:00\" \/>\n<meta property=\"og:image\" content=\"https:\/\/www.lactissima.com\/a-tire-d-ailes\/wp-content\/uploads\/journal1.jpg\" \/>\n\t<meta property=\"og:image:width\" content=\"231\" \/>\n\t<meta property=\"og:image:height\" content=\"300\" \/>\n\t<meta property=\"og:image:type\" content=\"image\/jpeg\" \/>\n<meta name=\"author\" content=\"V\u00e9ronique Darmangeat\" \/>\n<meta name=\"twitter:card\" content=\"summary_large_image\" \/>\n<meta name=\"twitter:creator\" content=\"@VeroniqueIBCLC\" \/>\n<meta name=\"twitter:site\" content=\"@VeroniqueIBCLC\" \/>\n<meta name=\"twitter:label1\" content=\"\u00c9crit par\" \/>\n\t<meta name=\"twitter:data1\" content=\"V\u00e9ronique Darmangeat\" \/>\n\t<meta name=\"twitter:label2\" content=\"Dur\u00e9e de lecture estim\u00e9e\" \/>\n\t<meta name=\"twitter:data2\" content=\"2 minutes\" \/>\n<script type=\"application\/ld+json\" class=\"yoast-schema-graph\">{\"@context\":\"https:\\\/\\\/schema.org\",\"@graph\":[{\"@type\":\"Article\",\"@id\":\"https:\\\/\\\/www.lactissima.com\\\/a-tire-d-ailes\\\/la-revue-de-presse-da-tire-dailes-93\\\/#article\",\"isPartOf\":{\"@id\":\"https:\\\/\\\/www.lactissima.com\\\/a-tire-d-ailes\\\/la-revue-de-presse-da-tire-dailes-93\\\/\"},\"author\":{\"name\":\"V\u00e9ronique Darmangeat\",\"@id\":\"https:\\\/\\\/www.lactissima.com\\\/a-tire-d-ailes\\\/#\\\/schema\\\/person\\\/8f98d3a89530861bc1240e6d53d44eed\"},\"headline\":\"La revue de presse d\u2019A tire d\u2019Ailes (93)\",\"datePublished\":\"2019-04-25T13:11:22+00:00\",\"dateModified\":\"2023-10-12T11:12:29+00:00\",\"mainEntityOfPage\":{\"@id\":\"https:\\\/\\\/www.lactissima.com\\\/a-tire-d-ailes\\\/la-revue-de-presse-da-tire-dailes-93\\\/\"},\"wordCount\":454,\"commentCount\":0,\"image\":{\"@id\":\"https:\\\/\\\/www.lactissima.com\\\/a-tire-d-ailes\\\/la-revue-de-presse-da-tire-dailes-93\\\/#primaryimage\"},\"thumbnailUrl\":\"https:\\\/\\\/www.lactissima.com\\\/a-tire-d-ailes\\\/wp-content\\\/uploads\\\/journal1.jpg\",\"articleSection\":[\"Revue de presse\"],\"inLanguage\":\"fr-FR\",\"potentialAction\":[{\"@type\":\"CommentAction\",\"name\":\"Comment\",\"target\":[\"https:\\\/\\\/www.lactissima.com\\\/a-tire-d-ailes\\\/la-revue-de-presse-da-tire-dailes-93\\\/#respond\"]}]},{\"@type\":\"WebPage\",\"@id\":\"https:\\\/\\\/www.lactissima.com\\\/a-tire-d-ailes\\\/la-revue-de-presse-da-tire-dailes-93\\\/\",\"url\":\"https:\\\/\\\/www.lactissima.com\\\/a-tire-d-ailes\\\/la-revue-de-presse-da-tire-dailes-93\\\/\",\"name\":\"La revue de presse d\u2019A tire d\u2019Ailes (93)\",\"isPartOf\":{\"@id\":\"https:\\\/\\\/www.lactissima.com\\\/a-tire-d-ailes\\\/#website\"},\"primaryImageOfPage\":{\"@id\":\"https:\\\/\\\/www.lactissima.com\\\/a-tire-d-ailes\\\/la-revue-de-presse-da-tire-dailes-93\\\/#primaryimage\"},\"image\":{\"@id\":\"https:\\\/\\\/www.lactissima.com\\\/a-tire-d-ailes\\\/la-revue-de-presse-da-tire-dailes-93\\\/#primaryimage\"},\"thumbnailUrl\":\"https:\\\/\\\/www.lactissima.com\\\/a-tire-d-ailes\\\/wp-content\\\/uploads\\\/journal1.jpg\",\"datePublished\":\"2019-04-25T13:11:22+00:00\",\"dateModified\":\"2023-10-12T11:12:29+00:00\",\"author\":{\"@id\":\"https:\\\/\\\/www.lactissima.com\\\/a-tire-d-ailes\\\/#\\\/schema\\\/person\\\/8f98d3a89530861bc1240e6d53d44eed\"},\"description\":\"Voici l\u2019actualit\u00e9\u00a0que j\u2019ai rep\u00e9r\u00e9e pour vous depuis un mois : \u2013 Des\u00a0articles\u00a0: Suite \u00e0 la publication des articles remettant en cause les bienfaits de R\u00e9galez-vous avec toutes les nouvelles sur l'allaitement du mois d'avril.\",\"breadcrumb\":{\"@id\":\"https:\\\/\\\/www.lactissima.com\\\/a-tire-d-ailes\\\/la-revue-de-presse-da-tire-dailes-93\\\/#breadcrumb\"},\"inLanguage\":\"fr-FR\",\"potentialAction\":[{\"@type\":\"ReadAction\",\"target\":[\"https:\\\/\\\/www.lactissima.com\\\/a-tire-d-ailes\\\/la-revue-de-presse-da-tire-dailes-93\\\/\"]}]},{\"@type\":\"ImageObject\",\"inLanguage\":\"fr-FR\",\"@id\":\"https:\\\/\\\/www.lactissima.com\\\/a-tire-d-ailes\\\/la-revue-de-presse-da-tire-dailes-93\\\/#primaryimage\",\"url\":\"https:\\\/\\\/www.lactissima.com\\\/a-tire-d-ailes\\\/wp-content\\\/uploads\\\/journal1.jpg\",\"contentUrl\":\"https:\\\/\\\/www.lactissima.com\\\/a-tire-d-ailes\\\/wp-content\\\/uploads\\\/journal1.jpg\",\"width\":\"231\",\"height\":\"300\",\"caption\":\"revues de presse allaitement\"},{\"@type\":\"BreadcrumbList\",\"@id\":\"https:\\\/\\\/www.lactissima.com\\\/a-tire-d-ailes\\\/la-revue-de-presse-da-tire-dailes-93\\\/#breadcrumb\",\"itemListElement\":[{\"@type\":\"ListItem\",\"position\":1,\"name\":\"Accueil\",\"item\":\"https:\\\/\\\/www.lactissima.com\\\/a-tire-d-ailes\\\/\"},{\"@type\":\"ListItem\",\"position\":2,\"name\":\"La revue de presse d\u2019A tire d\u2019Ailes (93)\"}]},{\"@type\":\"WebSite\",\"@id\":\"https:\\\/\\\/www.lactissima.com\\\/a-tire-d-ailes\\\/#website\",\"url\":\"https:\\\/\\\/www.lactissima.com\\\/a-tire-d-ailes\\\/\",\"name\":\"A tire d&#039;Ailes\",\"description\":\"Le blog des femmes qui allaitent et travaillent.\",\"potentialAction\":[{\"@type\":\"SearchAction\",\"target\":{\"@type\":\"EntryPoint\",\"urlTemplate\":\"https:\\\/\\\/www.lactissima.com\\\/a-tire-d-ailes\\\/?s={search_term_string}\"},\"query-input\":{\"@type\":\"PropertyValueSpecification\",\"valueRequired\":true,\"valueName\":\"search_term_string\"}}],\"inLanguage\":\"fr-FR\"},{\"@type\":\"Person\",\"@id\":\"https:\\\/\\\/www.lactissima.com\\\/a-tire-d-ailes\\\/#\\\/schema\\\/person\\\/8f98d3a89530861bc1240e6d53d44eed\",\"name\":\"V\u00e9ronique Darmangeat\",\"image\":{\"@type\":\"ImageObject\",\"inLanguage\":\"fr-FR\",\"@id\":\"https:\\\/\\\/secure.gravatar.com\\\/avatar\\\/268c99344c89cebfe4f5df5fa8be43068a18884fc76a29f3206fae98465b9cab?s=96&d=identicon&r=g\",\"url\":\"https:\\\/\\\/secure.gravatar.com\\\/avatar\\\/268c99344c89cebfe4f5df5fa8be43068a18884fc76a29f3206fae98465b9cab?s=96&d=identicon&r=g\",\"contentUrl\":\"https:\\\/\\\/secure.gravatar.com\\\/avatar\\\/268c99344c89cebfe4f5df5fa8be43068a18884fc76a29f3206fae98465b9cab?s=96&d=identicon&r=g\",\"caption\":\"V\u00e9ronique Darmangeat\"},\"sameAs\":[\"https:\\\/\\\/www.lactissima.com\\\/a-tire-d-ailes\",\"www.facebook.com\\\/consultante.en.lactation\"]}]}<\/script>\n<!-- \/ Yoast SEO plugin. -->","yoast_head_json":{"title":"La revue de presse d\u2019A tire d\u2019Ailes (93)","description":"Voici l\u2019actualit\u00e9\u00a0que j\u2019ai rep\u00e9r\u00e9e pour vous depuis un mois : \u2013 Des\u00a0articles\u00a0: Suite \u00e0 la publication des articles remettant en cause les bienfaits de R\u00e9galez-vous avec toutes les nouvelles sur l'allaitement du mois d'avril.","robots":{"index":"index","follow":"follow","max-snippet":"max-snippet:-1","max-image-preview":"max-image-preview:large","max-video-preview":"max-video-preview:-1"},"canonical":"https:\/\/www.lactissima.com\/a-tire-d-ailes\/la-revue-de-presse-da-tire-dailes-93\/","og_locale":"fr_FR","og_type":"article","og_title":"La revue de presse d\u2019A tire d\u2019Ailes (93)","og_description":"Voici l\u2019actualit\u00e9\u00a0que j\u2019ai rep\u00e9r\u00e9e pour vous depuis un mois : \u2013 Des\u00a0articles\u00a0: Suite \u00e0 la publication des articles remettant en cause les bienfaits de R\u00e9galez-vous avec toutes les nouvelles sur l'allaitement du mois d'avril.","og_url":"https:\/\/www.lactissima.com\/a-tire-d-ailes\/la-revue-de-presse-da-tire-dailes-93\/","og_site_name":"A tire d&#039;Ailes","article_publisher":"https:\/\/www.facebook.com\/consultante.en.lactation","article_author":"www.facebook.com\/consultante.en.lactation","article_published_time":"2019-04-25T13:11:22+00:00","article_modified_time":"2023-10-12T11:12:29+00:00","og_image":[{"width":231,"height":300,"url":"https:\/\/www.lactissima.com\/a-tire-d-ailes\/wp-content\/uploads\/journal1.jpg","type":"image\/jpeg"}],"author":"V\u00e9ronique Darmangeat","twitter_card":"summary_large_image","twitter_creator":"@VeroniqueIBCLC","twitter_site":"@VeroniqueIBCLC","twitter_misc":{"\u00c9crit par":"V\u00e9ronique Darmangeat","Dur\u00e9e de lecture estim\u00e9e":"2 minutes"},"schema":{"@context":"https:\/\/schema.org","@graph":[{"@type":"Article","@id":"https:\/\/www.lactissima.com\/a-tire-d-ailes\/la-revue-de-presse-da-tire-dailes-93\/#article","isPartOf":{"@id":"https:\/\/www.lactissima.com\/a-tire-d-ailes\/la-revue-de-presse-da-tire-dailes-93\/"},"author":{"name":"V\u00e9ronique Darmangeat","@id":"https:\/\/www.lactissima.com\/a-tire-d-ailes\/#\/schema\/person\/8f98d3a89530861bc1240e6d53d44eed"},"headline":"La revue de presse d\u2019A tire d\u2019Ailes (93)","datePublished":"2019-04-25T13:11:22+00:00","dateModified":"2023-10-12T11:12:29+00:00","mainEntityOfPage":{"@id":"https:\/\/www.lactissima.com\/a-tire-d-ailes\/la-revue-de-presse-da-tire-dailes-93\/"},"wordCount":454,"commentCount":0,"image":{"@id":"https:\/\/www.lactissima.com\/a-tire-d-ailes\/la-revue-de-presse-da-tire-dailes-93\/#primaryimage"},"thumbnailUrl":"https:\/\/www.lactissima.com\/a-tire-d-ailes\/wp-content\/uploads\/journal1.jpg","articleSection":["Revue de presse"],"inLanguage":"fr-FR","potentialAction":[{"@type":"CommentAction","name":"Comment","target":["https:\/\/www.lactissima.com\/a-tire-d-ailes\/la-revue-de-presse-da-tire-dailes-93\/#respond"]}]},{"@type":"WebPage","@id":"https:\/\/www.lactissima.com\/a-tire-d-ailes\/la-revue-de-presse-da-tire-dailes-93\/","url":"https:\/\/www.lactissima.com\/a-tire-d-ailes\/la-revue-de-presse-da-tire-dailes-93\/","name":"La revue de presse d\u2019A tire d\u2019Ailes (93)","isPartOf":{"@id":"https:\/\/www.lactissima.com\/a-tire-d-ailes\/#website"},"primaryImageOfPage":{"@id":"https:\/\/www.lactissima.com\/a-tire-d-ailes\/la-revue-de-presse-da-tire-dailes-93\/#primaryimage"},"image":{"@id":"https:\/\/www.lactissima.com\/a-tire-d-ailes\/la-revue-de-presse-da-tire-dailes-93\/#primaryimage"},"thumbnailUrl":"https:\/\/www.lactissima.com\/a-tire-d-ailes\/wp-content\/uploads\/journal1.jpg","datePublished":"2019-04-25T13:11:22+00:00","dateModified":"2023-10-12T11:12:29+00:00","author":{"@id":"https:\/\/www.lactissima.com\/a-tire-d-ailes\/#\/schema\/person\/8f98d3a89530861bc1240e6d53d44eed"},"description":"Voici l\u2019actualit\u00e9\u00a0que j\u2019ai rep\u00e9r\u00e9e pour vous depuis un mois : \u2013 Des\u00a0articles\u00a0: Suite \u00e0 la publication des articles remettant en cause les bienfaits de R\u00e9galez-vous avec toutes les nouvelles sur l'allaitement du mois d'avril.","breadcrumb":{"@id":"https:\/\/www.lactissima.com\/a-tire-d-ailes\/la-revue-de-presse-da-tire-dailes-93\/#breadcrumb"},"inLanguage":"fr-FR","potentialAction":[{"@type":"ReadAction","target":["https:\/\/www.lactissima.com\/a-tire-d-ailes\/la-revue-de-presse-da-tire-dailes-93\/"]}]},{"@type":"ImageObject","inLanguage":"fr-FR","@id":"https:\/\/www.lactissima.com\/a-tire-d-ailes\/la-revue-de-presse-da-tire-dailes-93\/#primaryimage","url":"https:\/\/www.lactissima.com\/a-tire-d-ailes\/wp-content\/uploads\/journal1.jpg","contentUrl":"https:\/\/www.lactissima.com\/a-tire-d-ailes\/wp-content\/uploads\/journal1.jpg","width":"231","height":"300","caption":"revues de presse allaitement"},{"@type":"BreadcrumbList","@id":"https:\/\/www.lactissima.com\/a-tire-d-ailes\/la-revue-de-presse-da-tire-dailes-93\/#breadcrumb","itemListElement":[{"@type":"ListItem","position":1,"name":"Accueil","item":"https:\/\/www.lactissima.com\/a-tire-d-ailes\/"},{"@type":"ListItem","position":2,"name":"La revue de presse d\u2019A tire d\u2019Ailes (93)"}]},{"@type":"WebSite","@id":"https:\/\/www.lactissima.com\/a-tire-d-ailes\/#website","url":"https:\/\/www.lactissima.com\/a-tire-d-ailes\/","name":"A tire d&#039;Ailes","description":"Le blog des femmes qui allaitent et travaillent.","potentialAction":[{"@type":"SearchAction","target":{"@type":"EntryPoint","urlTemplate":"https:\/\/www.lactissima.com\/a-tire-d-ailes\/?s={search_term_string}"},"query-input":{"@type":"PropertyValueSpecification","valueRequired":true,"valueName":"search_term_string"}}],"inLanguage":"fr-FR"},{"@type":"Person","@id":"https:\/\/www.lactissima.com\/a-tire-d-ailes\/#\/schema\/person\/8f98d3a89530861bc1240e6d53d44eed","name":"V\u00e9ronique Darmangeat","image":{"@type":"ImageObject","inLanguage":"fr-FR","@id":"https:\/\/secure.gravatar.com\/avatar\/268c99344c89cebfe4f5df5fa8be43068a18884fc76a29f3206fae98465b9cab?s=96&d=identicon&r=g","url":"https:\/\/secure.gravatar.com\/avatar\/268c99344c89cebfe4f5df5fa8be43068a18884fc76a29f3206fae98465b9cab?s=96&d=identicon&r=g","contentUrl":"https:\/\/secure.gravatar.com\/avatar\/268c99344c89cebfe4f5df5fa8be43068a18884fc76a29f3206fae98465b9cab?s=96&d=identicon&r=g","caption":"V\u00e9ronique Darmangeat"},"sameAs":["https:\/\/www.lactissima.com\/a-tire-d-ailes","www.facebook.com\/consultante.en.lactation"]}]}},"_links":{"self":[{"href":"https:\/\/www.lactissima.com\/a-tire-d-ailes\/wp-json\/wp\/v2\/posts\/8136","targetHints":{"allow":["GET"]}}],"collection":[{"href":"https:\/\/www.lactissima.com\/a-tire-d-ailes\/wp-json\/wp\/v2\/posts"}],"about":[{"href":"https:\/\/www.lactissima.com\/a-tire-d-ailes\/wp-json\/wp\/v2\/types\/post"}],"author":[{"embeddable":true,"href":"https:\/\/www.lactissima.com\/a-tire-d-ailes\/wp-json\/wp\/v2\/users\/170"}],"replies":[{"embeddable":true,"href":"https:\/\/www.lactissima.com\/a-tire-d-ailes\/wp-json\/wp\/v2\/comments?post=8136"}],"version-history":[{"count":4,"href":"https:\/\/www.lactissima.com\/a-tire-d-ailes\/wp-json\/wp\/v2\/posts\/8136\/revisions"}],"predecessor-version":[{"id":9428,"href":"https:\/\/www.lactissima.com\/a-tire-d-ailes\/wp-json\/wp\/v2\/posts\/8136\/revisions\/9428"}],"wp:featuredmedia":[{"embeddable":true,"href":"https:\/\/www.lactissima.com\/a-tire-d-ailes\/wp-json\/wp\/v2\/media\/3670"}],"wp:attachment":[{"href":"https:\/\/www.lactissima.com\/a-tire-d-ailes\/wp-json\/wp\/v2\/media?parent=8136"}],"wp:term":[{"taxonomy":"category","embeddable":true,"href":"https:\/\/www.lactissima.com\/a-tire-d-ailes\/wp-json\/wp\/v2\/categories?post=8136"},{"taxonomy":"post_tag","embeddable":true,"href":"https:\/\/www.lactissima.com\/a-tire-d-ailes\/wp-json\/wp\/v2\/tags?post=8136"}],"curies":[{"name":"wp","href":"https:\/\/api.w.org\/{rel}","templated":true}]}}