{"id":813,"date":"2009-10-24T19:20:51","date_gmt":"2009-10-24T17:20:51","guid":{"rendered":"https:\/\/www.lactissima.com\/a-tire-d-ailes\/?p=813"},"modified":"2014-03-15T17:11:14","modified_gmt":"2014-03-15T15:11:14","slug":"parution-dun-livre-sur-lallaitement-et-le-travail","status":"publish","type":"post","link":"https:\/\/www.lactissima.com\/a-tire-d-ailes\/parution-dun-livre-sur-lallaitement-et-le-travail\/","title":{"rendered":"Parution d&rsquo;un livre sur l&rsquo;allaitement et le travail"},"content":{"rendered":"<p style=\"text-align: justify;\"><a href=\"https:\/\/www.lactissima.com\/a-tire-d-ailes\/wp-content\/uploads\/2009\/10\/livre-Claude.jpg\"><img loading=\"lazy\" decoding=\"async\" class=\"alignright size-full wp-image-4562\" alt=\"livre-Claude\" src=\"https:\/\/www.lactissima.com\/a-tire-d-ailes\/wp-content\/uploads\/2009\/10\/livre-Claude.jpg\" width=\"240\" height=\"240\" srcset=\"https:\/\/www.lactissima.com\/a-tire-d-ailes\/wp-content\/uploads\/2009\/10\/livre-Claude.jpg 240w, https:\/\/www.lactissima.com\/a-tire-d-ailes\/wp-content\/uploads\/2009\/10\/livre-Claude-150x150.jpg 150w\" sizes=\"(max-width: 240px) 100vw, 240px\" \/><\/a>Vient de <strong>para\u00eetre <\/strong>aux \u00e9ditions Jouvence ce<strong> <em>Petit <a href=\"http:\/\/www.amazon.fr\/Petit-guide-lallaitement-pour-travaille\/dp\/2883537895\/ref=sr_1_1?ie=UTF8&amp;s=books&amp;qid=1256404240&amp;sr=8-1\">guide<\/a> de l&rsquo;allaitement pour la m\u00e8re qui travaille<\/em>.<\/strong><\/p>\n<p style=\"text-align: justify;\">C&rsquo;est le <strong>premier <\/strong>livre fran\u00e7ais enti\u00e8rement consacr\u00e9 \u00e0 mon sujet de pr\u00e9dilection \ud83d\ude09 .<\/p>\n<p style=\"text-align: justify;\">Ce que j&rsquo;en ai <strong>pens\u00e9 <\/strong>: c&rsquo;est un bon petit pr\u00e9cis de <strong>d\u00e9marrage<\/strong>, qui peut aider \u00e0 faire un <strong>choix <\/strong>au moment de reprendre le travail.<br \/>\nL&rsquo;auteur pr\u00e9sente un <strong>historique <\/strong>du sujet tr\u00e8s int\u00e9ressant.<br \/>\nIl est illustr\u00e9 de nombreux <strong>t\u00e9moignages <\/strong>qui le rendent vivant.<\/p>\n<p style=\"text-align: justify;\">Cependant, je le trouve <strong>trop court<\/strong>, il ne permet pas de r\u00e9pondre \u00e0 toutes les questions qu&rsquo;une m\u00e8re se pose pendant cette p\u00e9riode.<br \/>\nEt surtout, il n&rsquo;aborde pas du tout la question du <strong>sevrage <\/strong>qui est pourtant une question que se posent de nombreuses mamans au moment de la reprise du travail.<\/p>\n<p style=\"text-align: justify;\">Le petit plus, l&rsquo;auteur <strong>cite <\/strong>mon cabinet <a href=\"https:\/\/www.lactissima.com\/\">Lactissima<\/a> et je l&rsquo;en remercie \ud83d\ude42 .<\/p>\n<p style=\"text-align: justify;\">En <strong>conclusion<\/strong>, un bon livre \u00e0 proposer aux mamans qui se demandent si elles vont poursuivre l&rsquo;allaitement \u00e0 la reprise du travail, il peut <strong>les aider \u00e0 faire un choix<\/strong>, pas vraiment plus&#8230;<\/p>\n<p style=\"text-align: justify;\">Et <strong>vous<\/strong>, si vous l&rsquo;avez lu, qu&rsquo;en avez-vous <strong>pens\u00e9 <\/strong>?<\/p>\n<p>&nbsp;<\/p>\n","protected":false},"excerpt":{"rendered":"<p>En conclusion, un bon livre \u00e0 proposer aux mamans qui se demandent si elles vont poursuivre l&rsquo;allaitement \u00e0 la reprise du travail, il peut les aider \u00e0 faire un choix, pas vraiment plus&#8230;<\/p>\n","protected":false},"author":170,"featured_media":4562,"comment_status":"open","ping_status":"open","sticky":false,"template":"","format":"standard","meta":{"_et_pb_use_builder":"","_et_pb_old_content":"","_et_gb_content_width":"","footnotes":""},"categories":[34,36],"tags":[681,130,160],"class_list":["post-813","post","type-post","status-publish","format-standard","has-post-thumbnail","hentry","category-actualites","category-allaitement-et-travail","tag-allaitement-et-travail","tag-choix","tag-livre"],"yoast_head":"<!-- This site is optimized with the Yoast SEO plugin v27.4 - https:\/\/yoast.com\/product\/yoast-seo-wordpress\/ -->\n<title>Parution d&#039;un livre sur l&#039;allaitement et le travail<\/title>\n<meta name=\"description\" content=\"En conclusion, un bon livre \u00e0 proposer aux mamans qui se demandent si elles vont poursuivre l&#039;allaitement \u00e0 la reprise du travail, il peut les aider \u00e0 faire un choix, pas vraiment plus...\" \/>\n<meta name=\"robots\" content=\"index, follow, max-snippet:-1, max-image-preview:large, max-video-preview:-1\" \/>\n<link rel=\"canonical\" href=\"https:\/\/www.lactissima.com\/a-tire-d-ailes\/parution-dun-livre-sur-lallaitement-et-le-travail\/\" \/>\n<meta property=\"og:locale\" content=\"fr_FR\" \/>\n<meta property=\"og:type\" content=\"article\" \/>\n<meta property=\"og:title\" content=\"Parution d&#039;un livre sur l&#039;allaitement et le travail\" \/>\n<meta property=\"og:description\" content=\"En conclusion, un bon livre \u00e0 proposer aux mamans qui se demandent si elles vont poursuivre l&#039;allaitement \u00e0 la reprise du travail, il peut les aider \u00e0 faire un choix, pas vraiment plus...\" \/>\n<meta property=\"og:url\" content=\"https:\/\/www.lactissima.com\/a-tire-d-ailes\/parution-dun-livre-sur-lallaitement-et-le-travail\/\" \/>\n<meta property=\"og:site_name\" content=\"A tire d&#039;Ailes\" \/>\n<meta property=\"article:publisher\" content=\"https:\/\/www.facebook.com\/consultante.en.lactation\" \/>\n<meta property=\"article:author\" content=\"www.facebook.com\/consultante.en.lactation\" \/>\n<meta property=\"article:published_time\" content=\"2009-10-24T17:20:51+00:00\" \/>\n<meta property=\"article:modified_time\" content=\"2014-03-15T15:11:14+00:00\" \/>\n<meta property=\"og:image\" content=\"https:\/\/www.lactissima.com\/a-tire-d-ailes\/wp-content\/uploads\/2009\/10\/livre-Claude.jpg\" \/>\n\t<meta property=\"og:image:width\" content=\"240\" \/>\n\t<meta property=\"og:image:height\" content=\"240\" \/>\n\t<meta property=\"og:image:type\" content=\"image\/jpeg\" \/>\n<meta name=\"author\" content=\"V\u00e9ronique Darmangeat\" \/>\n<meta name=\"twitter:card\" content=\"summary_large_image\" \/>\n<meta name=\"twitter:creator\" content=\"@VeroniqueIBCLC\" \/>\n<meta name=\"twitter:site\" content=\"@VeroniqueIBCLC\" \/>\n<meta name=\"twitter:label1\" content=\"\u00c9crit par\" \/>\n\t<meta name=\"twitter:data1\" content=\"V\u00e9ronique Darmangeat\" \/>\n\t<meta name=\"twitter:label2\" content=\"Dur\u00e9e de lecture estim\u00e9e\" \/>\n\t<meta name=\"twitter:data2\" content=\"1 minute\" \/>\n<script type=\"application\/ld+json\" class=\"yoast-schema-graph\">{\"@context\":\"https:\\\/\\\/schema.org\",\"@graph\":[{\"@type\":\"Article\",\"@id\":\"https:\\\/\\\/www.lactissima.com\\\/a-tire-d-ailes\\\/parution-dun-livre-sur-lallaitement-et-le-travail\\\/#article\",\"isPartOf\":{\"@id\":\"https:\\\/\\\/www.lactissima.com\\\/a-tire-d-ailes\\\/parution-dun-livre-sur-lallaitement-et-le-travail\\\/\"},\"author\":{\"name\":\"V\u00e9ronique Darmangeat\",\"@id\":\"https:\\\/\\\/www.lactissima.com\\\/a-tire-d-ailes\\\/#\\\/schema\\\/person\\\/8f98d3a89530861bc1240e6d53d44eed\"},\"headline\":\"Parution d&rsquo;un livre sur l&rsquo;allaitement et le travail\",\"datePublished\":\"2009-10-24T17:20:51+00:00\",\"dateModified\":\"2014-03-15T15:11:14+00:00\",\"mainEntityOfPage\":{\"@id\":\"https:\\\/\\\/www.lactissima.com\\\/a-tire-d-ailes\\\/parution-dun-livre-sur-lallaitement-et-le-travail\\\/\"},\"wordCount\":210,\"commentCount\":0,\"image\":{\"@id\":\"https:\\\/\\\/www.lactissima.com\\\/a-tire-d-ailes\\\/parution-dun-livre-sur-lallaitement-et-le-travail\\\/#primaryimage\"},\"thumbnailUrl\":\"https:\\\/\\\/www.lactissima.com\\\/a-tire-d-ailes\\\/wp-content\\\/uploads\\\/2009\\\/10\\\/livre-Claude.jpg\",\"keywords\":[\"Allaitement et Travail\",\"choix\",\"livre\"],\"articleSection\":[\"Actualit\u00e9s\",\"Allaitement et Travail\"],\"inLanguage\":\"fr-FR\",\"potentialAction\":[{\"@type\":\"CommentAction\",\"name\":\"Comment\",\"target\":[\"https:\\\/\\\/www.lactissima.com\\\/a-tire-d-ailes\\\/parution-dun-livre-sur-lallaitement-et-le-travail\\\/#respond\"]}]},{\"@type\":\"WebPage\",\"@id\":\"https:\\\/\\\/www.lactissima.com\\\/a-tire-d-ailes\\\/parution-dun-livre-sur-lallaitement-et-le-travail\\\/\",\"url\":\"https:\\\/\\\/www.lactissima.com\\\/a-tire-d-ailes\\\/parution-dun-livre-sur-lallaitement-et-le-travail\\\/\",\"name\":\"Parution d'un livre sur l'allaitement et le travail\",\"isPartOf\":{\"@id\":\"https:\\\/\\\/www.lactissima.com\\\/a-tire-d-ailes\\\/#website\"},\"primaryImageOfPage\":{\"@id\":\"https:\\\/\\\/www.lactissima.com\\\/a-tire-d-ailes\\\/parution-dun-livre-sur-lallaitement-et-le-travail\\\/#primaryimage\"},\"image\":{\"@id\":\"https:\\\/\\\/www.lactissima.com\\\/a-tire-d-ailes\\\/parution-dun-livre-sur-lallaitement-et-le-travail\\\/#primaryimage\"},\"thumbnailUrl\":\"https:\\\/\\\/www.lactissima.com\\\/a-tire-d-ailes\\\/wp-content\\\/uploads\\\/2009\\\/10\\\/livre-Claude.jpg\",\"datePublished\":\"2009-10-24T17:20:51+00:00\",\"dateModified\":\"2014-03-15T15:11:14+00:00\",\"author\":{\"@id\":\"https:\\\/\\\/www.lactissima.com\\\/a-tire-d-ailes\\\/#\\\/schema\\\/person\\\/8f98d3a89530861bc1240e6d53d44eed\"},\"description\":\"En conclusion, un bon livre \u00e0 proposer aux mamans qui se demandent si elles vont poursuivre l'allaitement \u00e0 la reprise du travail, il peut les aider \u00e0 faire un choix, pas vraiment plus...\",\"breadcrumb\":{\"@id\":\"https:\\\/\\\/www.lactissima.com\\\/a-tire-d-ailes\\\/parution-dun-livre-sur-lallaitement-et-le-travail\\\/#breadcrumb\"},\"inLanguage\":\"fr-FR\",\"potentialAction\":[{\"@type\":\"ReadAction\",\"target\":[\"https:\\\/\\\/www.lactissima.com\\\/a-tire-d-ailes\\\/parution-dun-livre-sur-lallaitement-et-le-travail\\\/\"]}]},{\"@type\":\"ImageObject\",\"inLanguage\":\"fr-FR\",\"@id\":\"https:\\\/\\\/www.lactissima.com\\\/a-tire-d-ailes\\\/parution-dun-livre-sur-lallaitement-et-le-travail\\\/#primaryimage\",\"url\":\"https:\\\/\\\/www.lactissima.com\\\/a-tire-d-ailes\\\/wp-content\\\/uploads\\\/2009\\\/10\\\/livre-Claude.jpg\",\"contentUrl\":\"https:\\\/\\\/www.lactissima.com\\\/a-tire-d-ailes\\\/wp-content\\\/uploads\\\/2009\\\/10\\\/livre-Claude.jpg\",\"width\":240,\"height\":240},{\"@type\":\"BreadcrumbList\",\"@id\":\"https:\\\/\\\/www.lactissima.com\\\/a-tire-d-ailes\\\/parution-dun-livre-sur-lallaitement-et-le-travail\\\/#breadcrumb\",\"itemListElement\":[{\"@type\":\"ListItem\",\"position\":1,\"name\":\"Accueil\",\"item\":\"https:\\\/\\\/www.lactissima.com\\\/a-tire-d-ailes\\\/\"},{\"@type\":\"ListItem\",\"position\":2,\"name\":\"Parution d&rsquo;un livre sur l&rsquo;allaitement et le travail\"}]},{\"@type\":\"WebSite\",\"@id\":\"https:\\\/\\\/www.lactissima.com\\\/a-tire-d-ailes\\\/#website\",\"url\":\"https:\\\/\\\/www.lactissima.com\\\/a-tire-d-ailes\\\/\",\"name\":\"A tire d&#039;Ailes\",\"description\":\"Le blog des femmes qui allaitent et travaillent.\",\"potentialAction\":[{\"@type\":\"SearchAction\",\"target\":{\"@type\":\"EntryPoint\",\"urlTemplate\":\"https:\\\/\\\/www.lactissima.com\\\/a-tire-d-ailes\\\/?s={search_term_string}\"},\"query-input\":{\"@type\":\"PropertyValueSpecification\",\"valueRequired\":true,\"valueName\":\"search_term_string\"}}],\"inLanguage\":\"fr-FR\"},{\"@type\":\"Person\",\"@id\":\"https:\\\/\\\/www.lactissima.com\\\/a-tire-d-ailes\\\/#\\\/schema\\\/person\\\/8f98d3a89530861bc1240e6d53d44eed\",\"name\":\"V\u00e9ronique Darmangeat\",\"image\":{\"@type\":\"ImageObject\",\"inLanguage\":\"fr-FR\",\"@id\":\"https:\\\/\\\/secure.gravatar.com\\\/avatar\\\/268c99344c89cebfe4f5df5fa8be43068a18884fc76a29f3206fae98465b9cab?s=96&d=identicon&r=g\",\"url\":\"https:\\\/\\\/secure.gravatar.com\\\/avatar\\\/268c99344c89cebfe4f5df5fa8be43068a18884fc76a29f3206fae98465b9cab?s=96&d=identicon&r=g\",\"contentUrl\":\"https:\\\/\\\/secure.gravatar.com\\\/avatar\\\/268c99344c89cebfe4f5df5fa8be43068a18884fc76a29f3206fae98465b9cab?s=96&d=identicon&r=g\",\"caption\":\"V\u00e9ronique Darmangeat\"},\"sameAs\":[\"https:\\\/\\\/www.lactissima.com\\\/a-tire-d-ailes\",\"www.facebook.com\\\/consultante.en.lactation\"]}]}<\/script>\n<!-- \/ Yoast SEO plugin. -->","yoast_head_json":{"title":"Parution d'un livre sur l'allaitement et le travail","description":"En conclusion, un bon livre \u00e0 proposer aux mamans qui se demandent si elles vont poursuivre l'allaitement \u00e0 la reprise du travail, il peut les aider \u00e0 faire un choix, pas vraiment plus...","robots":{"index":"index","follow":"follow","max-snippet":"max-snippet:-1","max-image-preview":"max-image-preview:large","max-video-preview":"max-video-preview:-1"},"canonical":"https:\/\/www.lactissima.com\/a-tire-d-ailes\/parution-dun-livre-sur-lallaitement-et-le-travail\/","og_locale":"fr_FR","og_type":"article","og_title":"Parution d'un livre sur l'allaitement et le travail","og_description":"En conclusion, un bon livre \u00e0 proposer aux mamans qui se demandent si elles vont poursuivre l'allaitement \u00e0 la reprise du travail, il peut les aider \u00e0 faire un choix, pas vraiment plus...","og_url":"https:\/\/www.lactissima.com\/a-tire-d-ailes\/parution-dun-livre-sur-lallaitement-et-le-travail\/","og_site_name":"A tire d&#039;Ailes","article_publisher":"https:\/\/www.facebook.com\/consultante.en.lactation","article_author":"www.facebook.com\/consultante.en.lactation","article_published_time":"2009-10-24T17:20:51+00:00","article_modified_time":"2014-03-15T15:11:14+00:00","og_image":[{"width":240,"height":240,"url":"https:\/\/www.lactissima.com\/a-tire-d-ailes\/wp-content\/uploads\/2009\/10\/livre-Claude.jpg","type":"image\/jpeg"}],"author":"V\u00e9ronique Darmangeat","twitter_card":"summary_large_image","twitter_creator":"@VeroniqueIBCLC","twitter_site":"@VeroniqueIBCLC","twitter_misc":{"\u00c9crit par":"V\u00e9ronique Darmangeat","Dur\u00e9e de lecture estim\u00e9e":"1 minute"},"schema":{"@context":"https:\/\/schema.org","@graph":[{"@type":"Article","@id":"https:\/\/www.lactissima.com\/a-tire-d-ailes\/parution-dun-livre-sur-lallaitement-et-le-travail\/#article","isPartOf":{"@id":"https:\/\/www.lactissima.com\/a-tire-d-ailes\/parution-dun-livre-sur-lallaitement-et-le-travail\/"},"author":{"name":"V\u00e9ronique Darmangeat","@id":"https:\/\/www.lactissima.com\/a-tire-d-ailes\/#\/schema\/person\/8f98d3a89530861bc1240e6d53d44eed"},"headline":"Parution d&rsquo;un livre sur l&rsquo;allaitement et le travail","datePublished":"2009-10-24T17:20:51+00:00","dateModified":"2014-03-15T15:11:14+00:00","mainEntityOfPage":{"@id":"https:\/\/www.lactissima.com\/a-tire-d-ailes\/parution-dun-livre-sur-lallaitement-et-le-travail\/"},"wordCount":210,"commentCount":0,"image":{"@id":"https:\/\/www.lactissima.com\/a-tire-d-ailes\/parution-dun-livre-sur-lallaitement-et-le-travail\/#primaryimage"},"thumbnailUrl":"https:\/\/www.lactissima.com\/a-tire-d-ailes\/wp-content\/uploads\/2009\/10\/livre-Claude.jpg","keywords":["Allaitement et Travail","choix","livre"],"articleSection":["Actualit\u00e9s","Allaitement et Travail"],"inLanguage":"fr-FR","potentialAction":[{"@type":"CommentAction","name":"Comment","target":["https:\/\/www.lactissima.com\/a-tire-d-ailes\/parution-dun-livre-sur-lallaitement-et-le-travail\/#respond"]}]},{"@type":"WebPage","@id":"https:\/\/www.lactissima.com\/a-tire-d-ailes\/parution-dun-livre-sur-lallaitement-et-le-travail\/","url":"https:\/\/www.lactissima.com\/a-tire-d-ailes\/parution-dun-livre-sur-lallaitement-et-le-travail\/","name":"Parution d'un livre sur l'allaitement et le travail","isPartOf":{"@id":"https:\/\/www.lactissima.com\/a-tire-d-ailes\/#website"},"primaryImageOfPage":{"@id":"https:\/\/www.lactissima.com\/a-tire-d-ailes\/parution-dun-livre-sur-lallaitement-et-le-travail\/#primaryimage"},"image":{"@id":"https:\/\/www.lactissima.com\/a-tire-d-ailes\/parution-dun-livre-sur-lallaitement-et-le-travail\/#primaryimage"},"thumbnailUrl":"https:\/\/www.lactissima.com\/a-tire-d-ailes\/wp-content\/uploads\/2009\/10\/livre-Claude.jpg","datePublished":"2009-10-24T17:20:51+00:00","dateModified":"2014-03-15T15:11:14+00:00","author":{"@id":"https:\/\/www.lactissima.com\/a-tire-d-ailes\/#\/schema\/person\/8f98d3a89530861bc1240e6d53d44eed"},"description":"En conclusion, un bon livre \u00e0 proposer aux mamans qui se demandent si elles vont poursuivre l'allaitement \u00e0 la reprise du travail, il peut les aider \u00e0 faire un choix, pas vraiment plus...","breadcrumb":{"@id":"https:\/\/www.lactissima.com\/a-tire-d-ailes\/parution-dun-livre-sur-lallaitement-et-le-travail\/#breadcrumb"},"inLanguage":"fr-FR","potentialAction":[{"@type":"ReadAction","target":["https:\/\/www.lactissima.com\/a-tire-d-ailes\/parution-dun-livre-sur-lallaitement-et-le-travail\/"]}]},{"@type":"ImageObject","inLanguage":"fr-FR","@id":"https:\/\/www.lactissima.com\/a-tire-d-ailes\/parution-dun-livre-sur-lallaitement-et-le-travail\/#primaryimage","url":"https:\/\/www.lactissima.com\/a-tire-d-ailes\/wp-content\/uploads\/2009\/10\/livre-Claude.jpg","contentUrl":"https:\/\/www.lactissima.com\/a-tire-d-ailes\/wp-content\/uploads\/2009\/10\/livre-Claude.jpg","width":240,"height":240},{"@type":"BreadcrumbList","@id":"https:\/\/www.lactissima.com\/a-tire-d-ailes\/parution-dun-livre-sur-lallaitement-et-le-travail\/#breadcrumb","itemListElement":[{"@type":"ListItem","position":1,"name":"Accueil","item":"https:\/\/www.lactissima.com\/a-tire-d-ailes\/"},{"@type":"ListItem","position":2,"name":"Parution d&rsquo;un livre sur l&rsquo;allaitement et le travail"}]},{"@type":"WebSite","@id":"https:\/\/www.lactissima.com\/a-tire-d-ailes\/#website","url":"https:\/\/www.lactissima.com\/a-tire-d-ailes\/","name":"A tire d&#039;Ailes","description":"Le blog des femmes qui allaitent et travaillent.","potentialAction":[{"@type":"SearchAction","target":{"@type":"EntryPoint","urlTemplate":"https:\/\/www.lactissima.com\/a-tire-d-ailes\/?s={search_term_string}"},"query-input":{"@type":"PropertyValueSpecification","valueRequired":true,"valueName":"search_term_string"}}],"inLanguage":"fr-FR"},{"@type":"Person","@id":"https:\/\/www.lactissima.com\/a-tire-d-ailes\/#\/schema\/person\/8f98d3a89530861bc1240e6d53d44eed","name":"V\u00e9ronique Darmangeat","image":{"@type":"ImageObject","inLanguage":"fr-FR","@id":"https:\/\/secure.gravatar.com\/avatar\/268c99344c89cebfe4f5df5fa8be43068a18884fc76a29f3206fae98465b9cab?s=96&d=identicon&r=g","url":"https:\/\/secure.gravatar.com\/avatar\/268c99344c89cebfe4f5df5fa8be43068a18884fc76a29f3206fae98465b9cab?s=96&d=identicon&r=g","contentUrl":"https:\/\/secure.gravatar.com\/avatar\/268c99344c89cebfe4f5df5fa8be43068a18884fc76a29f3206fae98465b9cab?s=96&d=identicon&r=g","caption":"V\u00e9ronique Darmangeat"},"sameAs":["https:\/\/www.lactissima.com\/a-tire-d-ailes","www.facebook.com\/consultante.en.lactation"]}]}},"_links":{"self":[{"href":"https:\/\/www.lactissima.com\/a-tire-d-ailes\/wp-json\/wp\/v2\/posts\/813","targetHints":{"allow":["GET"]}}],"collection":[{"href":"https:\/\/www.lactissima.com\/a-tire-d-ailes\/wp-json\/wp\/v2\/posts"}],"about":[{"href":"https:\/\/www.lactissima.com\/a-tire-d-ailes\/wp-json\/wp\/v2\/types\/post"}],"author":[{"embeddable":true,"href":"https:\/\/www.lactissima.com\/a-tire-d-ailes\/wp-json\/wp\/v2\/users\/170"}],"replies":[{"embeddable":true,"href":"https:\/\/www.lactissima.com\/a-tire-d-ailes\/wp-json\/wp\/v2\/comments?post=813"}],"version-history":[{"count":15,"href":"https:\/\/www.lactissima.com\/a-tire-d-ailes\/wp-json\/wp\/v2\/posts\/813\/revisions"}],"predecessor-version":[{"id":5541,"href":"https:\/\/www.lactissima.com\/a-tire-d-ailes\/wp-json\/wp\/v2\/posts\/813\/revisions\/5541"}],"wp:featuredmedia":[{"embeddable":true,"href":"https:\/\/www.lactissima.com\/a-tire-d-ailes\/wp-json\/wp\/v2\/media\/4562"}],"wp:attachment":[{"href":"https:\/\/www.lactissima.com\/a-tire-d-ailes\/wp-json\/wp\/v2\/media?parent=813"}],"wp:term":[{"taxonomy":"category","embeddable":true,"href":"https:\/\/www.lactissima.com\/a-tire-d-ailes\/wp-json\/wp\/v2\/categories?post=813"},{"taxonomy":"post_tag","embeddable":true,"href":"https:\/\/www.lactissima.com\/a-tire-d-ailes\/wp-json\/wp\/v2\/tags?post=813"}],"curies":[{"name":"wp","href":"https:\/\/api.w.org\/{rel}","templated":true}]}}