{"id":8090,"date":"2019-03-28T11:13:58","date_gmt":"2019-03-28T10:13:58","guid":{"rendered":"https:\/\/www.lactissima.com\/a-tire-d-ailes\/?p=8090"},"modified":"2021-12-03T09:23:53","modified_gmt":"2021-12-03T08:23:53","slug":"la-revue-de-presse-da-tire-dailes-92","status":"publish","type":"post","link":"https:\/\/www.lactissima.com\/a-tire-d-ailes\/la-revue-de-presse-da-tire-dailes-92\/","title":{"rendered":"La revue de presse d\u2019A tire d\u2019Ailes (92)"},"content":{"rendered":"<p style=\"text-align: justify;\"><img loading=\"lazy\" decoding=\"async\" class=\"alignright size-full wp-image-3670\" src=\"https:\/\/www.lactissima.com\/a-tire-d-ailes\/wp-content\/uploads\/journal1.jpg\" alt=\"revues de presse allaitement\" width=\"231\" height=\"300\" \/>Voici l\u2019<strong>actualit\u00e9<\/strong>\u00a0que j\u2019ai rep\u00e9r\u00e9e pour vous depuis un mois :<\/p>\n<p style=\"text-align: justify;\">&#8211; Des <strong>articles<\/strong> :<\/p>\n<ul style=\"text-align: justify;\">\n<li>Parents allaitants, parce que les papas sont n\u00e9cessaires \u00e0 des allaitements r\u00e9ussis.<\/li>\n<li>Allaitement : et si le <a href=\"https:\/\/supersparents.fr\/allaitement-et-si-le-frein-de-langue-pouvait-le-compromettre\/?fbclid=IwAR3VJSYaXQ6ZAAQ5BCfvyzwOH15C3dM7iEu9KLbwrAleyvANriQvuuYFng0\" target=\"_blank\" rel=\"noopener noreferrer\">frein de langue<\/a> pouvait le compromettre ?<\/li>\n<li>Comment<a href=\"https:\/\/www.bioalaune.com\/fr\/actualite-bio\/36621\/conserver-lait-maternel?fbclid=IwAR2Ex91FmM-M0T3cLE1731AnJGZCz02Ba0gSTB5VkwEJtiFjJZzOsBT0rPU\" target=\"_blank\" rel=\"noopener noreferrer\"> conserver<\/a> son lait maternel ?<\/li>\n<li>L\u2019universit\u00e9 de Gand ouvre des <a href=\"https:\/\/parismatch.be\/actualites\/societe\/245091\/luniversite-de-gand-ouvre-des-espaces-pour-lallaitement?fbclid=IwAR1vjcMQfYT20vvYQLqpJyWrYvJWLCV-Xa7QGlGsKJzu1qK9ePcIWvX21P8\" target=\"_blank\" rel=\"noopener noreferrer\">espaces pour l\u2019allaitement<\/a>.<\/li>\n<li>Ces scientifiques veulent cr\u00e9er des <a href=\"https:\/\/cen.acs.org\/pharmaceuticals\/drug-delivery\/scientists-ambitious-plan-Engineer-breast\/97\/i9?fbclid=IwAR0cDVLUFqsOsn86I0fEPCLO3f_Mp2pk8NiC_f5iwtgc9JsBdXyGAx9OYyw\" target=\"_blank\" rel=\"noopener noreferrer\">cellules de lait maternel<\/a> pour administrer des m\u00e9dicaments aux b\u00e9b\u00e9s. Voici comment.<\/li>\n<li>O\u00f9 seras-tu quand (pas si) tu <a href=\"https:\/\/bfmed.wordpress.com\/2019\/03\/14\/where-will-you-be-when-not-if-you-fall-asleep-while-feeding-your-baby\/?fbclid=IwAR2QcccjHNCnFBkYQ77XG_YjfggqCJMBneyr4LCkvtLcvK-v5hVlAVcYeas\" target=\"_blank\" rel=\"noopener noreferrer\">t&rsquo;endors<\/a> tout en nourrissant ton b\u00e9b\u00e9 ?<\/li>\n<\/ul>\n<p style=\"text-align: justify;\">&#8211; Des <strong>images<\/strong> :<\/p>\n<ul style=\"text-align: justify;\">\n<li>Le <a href=\"https:\/\/www.facebook.com\/SeinplementPourMoi\/photos\/a.222473681129944\/2372258989484725\/?type=3&amp;theater\" target=\"_blank\" rel=\"noopener noreferrer\">quotidien<\/a> avec un b\u00e9b\u00e9\u00a0<span class=\"_47e3 _5mfr\" title=\"\u00e9motic\u00f4ne smile\"><img loading=\"lazy\" decoding=\"async\" class=\"img\" role=\"presentation\" src=\"https:\/\/static.xx.fbcdn.net\/images\/emoji.php\/v9\/ta5\/1.5\/16\/1f642.png?_nc_eui2=AeENWmAmWV4JHluzcwkA8lnV1kzQS-VlB_xgRSoAy2KMBtfrAZzyeCED9CDpniIrjdWeA70v6Nxh-JrqyyU8-5h6zs1hzL5rnw9EIN_Q19qTlQ\" alt=\"\" width=\"16\" height=\"16\" \/><\/span><\/li>\n<li>Une tr\u00e8s belle photo d&rsquo;allaitement de bambins <a href=\"https:\/\/www.facebook.com\/PublicBreastfeedingAwarenessProject\/photos\/a.1003829536317074\/2483583665008313\/?type=3&amp;theater\" target=\"_blank\" rel=\"noopener noreferrer\">jumeaux<\/a>.<\/li>\n<li>L&rsquo;<a href=\"https:\/\/www.facebook.com\/BreastIsBestWithoutFear\/photos\/a.256578304487101\/1728857733925810\/?type=3&amp;theater\" target=\"_blank\" rel=\"noopener noreferrer\">allaitement long<\/a> est-il vraiment un acte d&rsquo;\u00e9go\u00efsme ?<\/li>\n<\/ul>\n<p style=\"text-align: justify;\">&#8211; Des <strong>vid\u00e9os<\/strong> :<\/p>\n<ul style=\"text-align: justify;\">\n<li>La maison des Maternelles a consacr\u00e9 un tuto \u00e0 <a href=\"https:\/\/www.youtube.com\/watch?v=jKoRB0yxqsY&amp;fbclid=IwAR0Tz03izcIF0bS9x3HvMKDKEndudlCFXsBk7ulIAePh6GprzDcObOrAfHY\" target=\"_blank\" rel=\"noopener noreferrer\">l&rsquo;engorgement et la mont\u00e9e de lait<\/a>, suivi d&rsquo;un <a href=\"https:\/\/www.facebook.com\/LaMaisonDesMaternelles\/videos\/2283963958540451\/?__xts__[0]=68.ARAP_0ZA1NJ5k61AXt7--bwLOId0p8ryBpen-wZ6EnPT1Q7BZ2Xy13X-q-MzHO2h-yWQ5pORXcrMlmojQfV5dQENchvIHGGCRrkoTN4qRLqkRa-NRkqQMpDC-oXiKzvKIpCdPaSabAFKOMV4qlaWcTORdvwaB8MEh7V6RQNidT4ucHs-KImjUfNEgulXWw8GJCs2gw_ksZPFceQ3Od9CcIGLp817-_iLziXVlXmBYAXHeCx86WPzVrbyK-zm-QANiDCiOYNqRNdsO-_edW14MHVeqW8Cvq01nXl1GdlS789fxYaIbAY7KrTE38twOQpYUNlUk7LJ7nnKOcwfA1C6-iTcWrrbUenTzO2YHJLQ2EMTD1E8p1T1toOBZE_DKGqzXwjcVzl_BDomn_DnpaTRMvMk5X5xubWDAUPNID7rpQOriHdj9QVuJ7owzacAgEyzJpLa_2_URXaTuqwKFPq8LC_58uJE15UgYrYDEQi7u4g_XFwGQkwltgKs&amp;__tn__=FFHHH-R\" target=\"_blank\" rel=\"noopener noreferrer\">FB live<\/a>.<\/li>\n<\/ul>\n<p style=\"text-align: justify;\">&#8211; Des <strong>\u00e9tudes<\/strong> :<\/p>\n<ul style=\"text-align: justify;\">\n<li>Allaitement des <a href=\"https:\/\/info-allaitement.org\/ressources-en-ligne\/epipage-2-allaitement-grands-prematures-a-la-sortie-maternite-hopital-politique-service-france\/?fbclid=IwAR21RRod2YgfBusvThUgmhMcJ1zPmfTMYce33KNJcclb4bGQXbJF3F5yVf0\" target=\"_blank\" rel=\"noopener noreferrer\">grands pr\u00e9matur\u00e9s<\/a> \u00e0 la sortie de l\u2019h\u00f4pital et politiques de service en France.<\/li>\n<li>Du lait de m\u00e8re dans le nez pour les pr\u00e9matur\u00e9s victimes d\u2019une <a href=\"http:\/\/www.jim.fr\/medecin\/actualites\/medicale\/e-docs\/du_lait_de_mere_dans_le_nez_pour_les_prematures_victimes_dune_hiv__176683\/document_actu_med.phtml?fbclid=IwAR1KlbfQKIFoK8a53J4hs1mXf3VOjJEa-853NDvnDnfjxut-ZEnG1PAbu1U\" target=\"_blank\" rel=\"noopener noreferrer\">h\u00e9morragie intra-ventriculaire<\/a>.<\/li>\n<\/ul>\n<p style=\"text-align: justify;\"><strong>Rappel<\/strong>\u00a0: vous pouvez traduire toutes les publications en anglais gr\u00e2ce \u00e0 Google et donc les lire \u00e0 peu pr\u00e8s correctement en fran\u00e7ais !<\/p>\n<p style=\"text-align: justify;\">Bonne\u00a0<strong>lecture<\/strong>\u00a0! Et surtout, n\u2019h\u00e9sitez pas \u00e0 nous faire\u00a0<strong>partager<\/strong>\u00a0vos d\u00e9couvertes<\/p>\n<p style=\"text-align: justify;\"><strong>Articles en rapport :\u00a0<\/strong>voir l\u2019onglet\u00a0<a title=\"Revues de presse\" href=\"https:\/\/www.lactissima.com\/a-tire-d-ailes\/revues-de-presse\/\" target=\"_blank\" rel=\"noopener noreferrer\">Revues de presse<\/a>.<\/p>\n<p>&nbsp;<\/p>\n<div class='et-box et-shadow'>\n\t\t\t\t\t<div class='et-box-content'>Lire des articles ou poser des questions en commentaire ne suffit pas \u00e0 r\u00e9soudre votre probl\u00e8me ? Savez-vous que vous pouvez prendre RDV pour une consultation avec moi ? N&rsquo;h\u00e9sitez pas \u00e0 me contacter !<\/div><\/div>\n","protected":false},"excerpt":{"rendered":"<p>Voici l\u2019actualit\u00e9\u00a0que j\u2019ai rep\u00e9r\u00e9e pour vous depuis un mois : &#8211; Des articles : Parents allaitants, parce que les papas sont n\u00e9cessaires \u00e0 des allaitements r\u00e9ussis. Allaitement : et si le frein de langue pouvait le compromettre ? Comment conserver son lait maternel ? L\u2019universit\u00e9 de Gand ouvre des espaces pour l\u2019allaitement. Ces scientifiques veulent [&hellip;]<\/p>\n","protected":false},"author":170,"featured_media":3670,"comment_status":"open","ping_status":"open","sticky":false,"template":"","format":"standard","meta":{"_et_pb_use_builder":"","_et_pb_old_content":"","_et_gb_content_width":"","footnotes":""},"categories":[242],"tags":[],"class_list":["post-8090","post","type-post","status-publish","format-standard","has-post-thumbnail","hentry","category-revue-de-presse"],"yoast_head":"<!-- This site is optimized with the Yoast SEO plugin v27.4 - https:\/\/yoast.com\/product\/yoast-seo-wordpress\/ -->\n<title>La revue de presse d\u2019A tire d\u2019Ailes (92)<\/title>\n<meta name=\"description\" content=\"Voici l\u2019actualit\u00e9\u00a0que j\u2019ai rep\u00e9r\u00e9e pour vous depuis un mois : - Des articles : Parents allaitants, parce que les papas sont n\u00e9cessaires \u00e0 des allaitements Une revue de presse un peu all\u00e9g\u00e9e mais toujours int\u00e9ressante.\" \/>\n<meta name=\"robots\" content=\"index, follow, max-snippet:-1, max-image-preview:large, max-video-preview:-1\" \/>\n<link rel=\"canonical\" href=\"https:\/\/www.lactissima.com\/a-tire-d-ailes\/la-revue-de-presse-da-tire-dailes-92\/\" \/>\n<meta property=\"og:locale\" content=\"fr_FR\" \/>\n<meta property=\"og:type\" content=\"article\" \/>\n<meta property=\"og:title\" content=\"La revue de presse d\u2019A tire d\u2019Ailes (92)\" \/>\n<meta property=\"og:description\" content=\"Voici l\u2019actualit\u00e9\u00a0que j\u2019ai rep\u00e9r\u00e9e pour vous depuis un mois : - Des articles : Parents allaitants, parce que les papas sont n\u00e9cessaires \u00e0 des allaitements Une revue de presse un peu all\u00e9g\u00e9e mais toujours int\u00e9ressante.\" \/>\n<meta property=\"og:url\" content=\"https:\/\/www.lactissima.com\/a-tire-d-ailes\/la-revue-de-presse-da-tire-dailes-92\/\" \/>\n<meta property=\"og:site_name\" content=\"A tire d&#039;Ailes\" \/>\n<meta property=\"article:publisher\" content=\"https:\/\/www.facebook.com\/consultante.en.lactation\" \/>\n<meta property=\"article:author\" content=\"www.facebook.com\/consultante.en.lactation\" \/>\n<meta property=\"article:published_time\" content=\"2019-03-28T10:13:58+00:00\" \/>\n<meta property=\"article:modified_time\" content=\"2021-12-03T08:23:53+00:00\" \/>\n<meta property=\"og:image\" content=\"https:\/\/www.lactissima.com\/a-tire-d-ailes\/wp-content\/uploads\/journal1.jpg\" \/>\n\t<meta property=\"og:image:width\" content=\"231\" \/>\n\t<meta property=\"og:image:height\" content=\"300\" \/>\n\t<meta property=\"og:image:type\" content=\"image\/jpeg\" \/>\n<meta name=\"author\" content=\"V\u00e9ronique Darmangeat\" \/>\n<meta name=\"twitter:card\" content=\"summary_large_image\" \/>\n<meta name=\"twitter:creator\" content=\"@VeroniqueIBCLC\" \/>\n<meta name=\"twitter:site\" content=\"@VeroniqueIBCLC\" \/>\n<meta name=\"twitter:label1\" content=\"\u00c9crit par\" \/>\n\t<meta name=\"twitter:data1\" content=\"V\u00e9ronique Darmangeat\" \/>\n\t<meta name=\"twitter:label2\" content=\"Dur\u00e9e de lecture estim\u00e9e\" \/>\n\t<meta name=\"twitter:data2\" content=\"1 minute\" \/>\n<script type=\"application\/ld+json\" class=\"yoast-schema-graph\">{\"@context\":\"https:\\\/\\\/schema.org\",\"@graph\":[{\"@type\":\"Article\",\"@id\":\"https:\\\/\\\/www.lactissima.com\\\/a-tire-d-ailes\\\/la-revue-de-presse-da-tire-dailes-92\\\/#article\",\"isPartOf\":{\"@id\":\"https:\\\/\\\/www.lactissima.com\\\/a-tire-d-ailes\\\/la-revue-de-presse-da-tire-dailes-92\\\/\"},\"author\":{\"name\":\"V\u00e9ronique Darmangeat\",\"@id\":\"https:\\\/\\\/www.lactissima.com\\\/a-tire-d-ailes\\\/#\\\/schema\\\/person\\\/8f98d3a89530861bc1240e6d53d44eed\"},\"headline\":\"La revue de presse d\u2019A tire d\u2019Ailes (92)\",\"datePublished\":\"2019-03-28T10:13:58+00:00\",\"dateModified\":\"2021-12-03T08:23:53+00:00\",\"mainEntityOfPage\":{\"@id\":\"https:\\\/\\\/www.lactissima.com\\\/a-tire-d-ailes\\\/la-revue-de-presse-da-tire-dailes-92\\\/\"},\"wordCount\":276,\"commentCount\":0,\"image\":{\"@id\":\"https:\\\/\\\/www.lactissima.com\\\/a-tire-d-ailes\\\/la-revue-de-presse-da-tire-dailes-92\\\/#primaryimage\"},\"thumbnailUrl\":\"https:\\\/\\\/www.lactissima.com\\\/a-tire-d-ailes\\\/wp-content\\\/uploads\\\/journal1.jpg\",\"articleSection\":[\"Revue de presse\"],\"inLanguage\":\"fr-FR\",\"potentialAction\":[{\"@type\":\"CommentAction\",\"name\":\"Comment\",\"target\":[\"https:\\\/\\\/www.lactissima.com\\\/a-tire-d-ailes\\\/la-revue-de-presse-da-tire-dailes-92\\\/#respond\"]}]},{\"@type\":\"WebPage\",\"@id\":\"https:\\\/\\\/www.lactissima.com\\\/a-tire-d-ailes\\\/la-revue-de-presse-da-tire-dailes-92\\\/\",\"url\":\"https:\\\/\\\/www.lactissima.com\\\/a-tire-d-ailes\\\/la-revue-de-presse-da-tire-dailes-92\\\/\",\"name\":\"La revue de presse d\u2019A tire d\u2019Ailes (92)\",\"isPartOf\":{\"@id\":\"https:\\\/\\\/www.lactissima.com\\\/a-tire-d-ailes\\\/#website\"},\"primaryImageOfPage\":{\"@id\":\"https:\\\/\\\/www.lactissima.com\\\/a-tire-d-ailes\\\/la-revue-de-presse-da-tire-dailes-92\\\/#primaryimage\"},\"image\":{\"@id\":\"https:\\\/\\\/www.lactissima.com\\\/a-tire-d-ailes\\\/la-revue-de-presse-da-tire-dailes-92\\\/#primaryimage\"},\"thumbnailUrl\":\"https:\\\/\\\/www.lactissima.com\\\/a-tire-d-ailes\\\/wp-content\\\/uploads\\\/journal1.jpg\",\"datePublished\":\"2019-03-28T10:13:58+00:00\",\"dateModified\":\"2021-12-03T08:23:53+00:00\",\"author\":{\"@id\":\"https:\\\/\\\/www.lactissima.com\\\/a-tire-d-ailes\\\/#\\\/schema\\\/person\\\/8f98d3a89530861bc1240e6d53d44eed\"},\"description\":\"Voici l\u2019actualit\u00e9\u00a0que j\u2019ai rep\u00e9r\u00e9e pour vous depuis un mois : - Des articles : Parents allaitants, parce que les papas sont n\u00e9cessaires \u00e0 des allaitements Une revue de presse un peu all\u00e9g\u00e9e mais toujours int\u00e9ressante.\",\"breadcrumb\":{\"@id\":\"https:\\\/\\\/www.lactissima.com\\\/a-tire-d-ailes\\\/la-revue-de-presse-da-tire-dailes-92\\\/#breadcrumb\"},\"inLanguage\":\"fr-FR\",\"potentialAction\":[{\"@type\":\"ReadAction\",\"target\":[\"https:\\\/\\\/www.lactissima.com\\\/a-tire-d-ailes\\\/la-revue-de-presse-da-tire-dailes-92\\\/\"]}]},{\"@type\":\"ImageObject\",\"inLanguage\":\"fr-FR\",\"@id\":\"https:\\\/\\\/www.lactissima.com\\\/a-tire-d-ailes\\\/la-revue-de-presse-da-tire-dailes-92\\\/#primaryimage\",\"url\":\"https:\\\/\\\/www.lactissima.com\\\/a-tire-d-ailes\\\/wp-content\\\/uploads\\\/journal1.jpg\",\"contentUrl\":\"https:\\\/\\\/www.lactissima.com\\\/a-tire-d-ailes\\\/wp-content\\\/uploads\\\/journal1.jpg\",\"width\":\"231\",\"height\":\"300\",\"caption\":\"revues de presse allaitement\"},{\"@type\":\"BreadcrumbList\",\"@id\":\"https:\\\/\\\/www.lactissima.com\\\/a-tire-d-ailes\\\/la-revue-de-presse-da-tire-dailes-92\\\/#breadcrumb\",\"itemListElement\":[{\"@type\":\"ListItem\",\"position\":1,\"name\":\"Accueil\",\"item\":\"https:\\\/\\\/www.lactissima.com\\\/a-tire-d-ailes\\\/\"},{\"@type\":\"ListItem\",\"position\":2,\"name\":\"La revue de presse d\u2019A tire d\u2019Ailes (92)\"}]},{\"@type\":\"WebSite\",\"@id\":\"https:\\\/\\\/www.lactissima.com\\\/a-tire-d-ailes\\\/#website\",\"url\":\"https:\\\/\\\/www.lactissima.com\\\/a-tire-d-ailes\\\/\",\"name\":\"A tire d&#039;Ailes\",\"description\":\"Le blog des femmes qui allaitent et travaillent.\",\"potentialAction\":[{\"@type\":\"SearchAction\",\"target\":{\"@type\":\"EntryPoint\",\"urlTemplate\":\"https:\\\/\\\/www.lactissima.com\\\/a-tire-d-ailes\\\/?s={search_term_string}\"},\"query-input\":{\"@type\":\"PropertyValueSpecification\",\"valueRequired\":true,\"valueName\":\"search_term_string\"}}],\"inLanguage\":\"fr-FR\"},{\"@type\":\"Person\",\"@id\":\"https:\\\/\\\/www.lactissima.com\\\/a-tire-d-ailes\\\/#\\\/schema\\\/person\\\/8f98d3a89530861bc1240e6d53d44eed\",\"name\":\"V\u00e9ronique Darmangeat\",\"image\":{\"@type\":\"ImageObject\",\"inLanguage\":\"fr-FR\",\"@id\":\"https:\\\/\\\/secure.gravatar.com\\\/avatar\\\/268c99344c89cebfe4f5df5fa8be43068a18884fc76a29f3206fae98465b9cab?s=96&d=identicon&r=g\",\"url\":\"https:\\\/\\\/secure.gravatar.com\\\/avatar\\\/268c99344c89cebfe4f5df5fa8be43068a18884fc76a29f3206fae98465b9cab?s=96&d=identicon&r=g\",\"contentUrl\":\"https:\\\/\\\/secure.gravatar.com\\\/avatar\\\/268c99344c89cebfe4f5df5fa8be43068a18884fc76a29f3206fae98465b9cab?s=96&d=identicon&r=g\",\"caption\":\"V\u00e9ronique Darmangeat\"},\"sameAs\":[\"https:\\\/\\\/www.lactissima.com\\\/a-tire-d-ailes\",\"www.facebook.com\\\/consultante.en.lactation\"]}]}<\/script>\n<!-- \/ Yoast SEO plugin. -->","yoast_head_json":{"title":"La revue de presse d\u2019A tire d\u2019Ailes (92)","description":"Voici l\u2019actualit\u00e9\u00a0que j\u2019ai rep\u00e9r\u00e9e pour vous depuis un mois : - Des articles : Parents allaitants, parce que les papas sont n\u00e9cessaires \u00e0 des allaitements Une revue de presse un peu all\u00e9g\u00e9e mais toujours int\u00e9ressante.","robots":{"index":"index","follow":"follow","max-snippet":"max-snippet:-1","max-image-preview":"max-image-preview:large","max-video-preview":"max-video-preview:-1"},"canonical":"https:\/\/www.lactissima.com\/a-tire-d-ailes\/la-revue-de-presse-da-tire-dailes-92\/","og_locale":"fr_FR","og_type":"article","og_title":"La revue de presse d\u2019A tire d\u2019Ailes (92)","og_description":"Voici l\u2019actualit\u00e9\u00a0que j\u2019ai rep\u00e9r\u00e9e pour vous depuis un mois : - Des articles : Parents allaitants, parce que les papas sont n\u00e9cessaires \u00e0 des allaitements Une revue de presse un peu all\u00e9g\u00e9e mais toujours int\u00e9ressante.","og_url":"https:\/\/www.lactissima.com\/a-tire-d-ailes\/la-revue-de-presse-da-tire-dailes-92\/","og_site_name":"A tire d&#039;Ailes","article_publisher":"https:\/\/www.facebook.com\/consultante.en.lactation","article_author":"www.facebook.com\/consultante.en.lactation","article_published_time":"2019-03-28T10:13:58+00:00","article_modified_time":"2021-12-03T08:23:53+00:00","og_image":[{"width":231,"height":300,"url":"https:\/\/www.lactissima.com\/a-tire-d-ailes\/wp-content\/uploads\/journal1.jpg","type":"image\/jpeg"}],"author":"V\u00e9ronique Darmangeat","twitter_card":"summary_large_image","twitter_creator":"@VeroniqueIBCLC","twitter_site":"@VeroniqueIBCLC","twitter_misc":{"\u00c9crit par":"V\u00e9ronique Darmangeat","Dur\u00e9e de lecture estim\u00e9e":"1 minute"},"schema":{"@context":"https:\/\/schema.org","@graph":[{"@type":"Article","@id":"https:\/\/www.lactissima.com\/a-tire-d-ailes\/la-revue-de-presse-da-tire-dailes-92\/#article","isPartOf":{"@id":"https:\/\/www.lactissima.com\/a-tire-d-ailes\/la-revue-de-presse-da-tire-dailes-92\/"},"author":{"name":"V\u00e9ronique Darmangeat","@id":"https:\/\/www.lactissima.com\/a-tire-d-ailes\/#\/schema\/person\/8f98d3a89530861bc1240e6d53d44eed"},"headline":"La revue de presse d\u2019A tire d\u2019Ailes (92)","datePublished":"2019-03-28T10:13:58+00:00","dateModified":"2021-12-03T08:23:53+00:00","mainEntityOfPage":{"@id":"https:\/\/www.lactissima.com\/a-tire-d-ailes\/la-revue-de-presse-da-tire-dailes-92\/"},"wordCount":276,"commentCount":0,"image":{"@id":"https:\/\/www.lactissima.com\/a-tire-d-ailes\/la-revue-de-presse-da-tire-dailes-92\/#primaryimage"},"thumbnailUrl":"https:\/\/www.lactissima.com\/a-tire-d-ailes\/wp-content\/uploads\/journal1.jpg","articleSection":["Revue de presse"],"inLanguage":"fr-FR","potentialAction":[{"@type":"CommentAction","name":"Comment","target":["https:\/\/www.lactissima.com\/a-tire-d-ailes\/la-revue-de-presse-da-tire-dailes-92\/#respond"]}]},{"@type":"WebPage","@id":"https:\/\/www.lactissima.com\/a-tire-d-ailes\/la-revue-de-presse-da-tire-dailes-92\/","url":"https:\/\/www.lactissima.com\/a-tire-d-ailes\/la-revue-de-presse-da-tire-dailes-92\/","name":"La revue de presse d\u2019A tire d\u2019Ailes (92)","isPartOf":{"@id":"https:\/\/www.lactissima.com\/a-tire-d-ailes\/#website"},"primaryImageOfPage":{"@id":"https:\/\/www.lactissima.com\/a-tire-d-ailes\/la-revue-de-presse-da-tire-dailes-92\/#primaryimage"},"image":{"@id":"https:\/\/www.lactissima.com\/a-tire-d-ailes\/la-revue-de-presse-da-tire-dailes-92\/#primaryimage"},"thumbnailUrl":"https:\/\/www.lactissima.com\/a-tire-d-ailes\/wp-content\/uploads\/journal1.jpg","datePublished":"2019-03-28T10:13:58+00:00","dateModified":"2021-12-03T08:23:53+00:00","author":{"@id":"https:\/\/www.lactissima.com\/a-tire-d-ailes\/#\/schema\/person\/8f98d3a89530861bc1240e6d53d44eed"},"description":"Voici l\u2019actualit\u00e9\u00a0que j\u2019ai rep\u00e9r\u00e9e pour vous depuis un mois : - Des articles : Parents allaitants, parce que les papas sont n\u00e9cessaires \u00e0 des allaitements Une revue de presse un peu all\u00e9g\u00e9e mais toujours int\u00e9ressante.","breadcrumb":{"@id":"https:\/\/www.lactissima.com\/a-tire-d-ailes\/la-revue-de-presse-da-tire-dailes-92\/#breadcrumb"},"inLanguage":"fr-FR","potentialAction":[{"@type":"ReadAction","target":["https:\/\/www.lactissima.com\/a-tire-d-ailes\/la-revue-de-presse-da-tire-dailes-92\/"]}]},{"@type":"ImageObject","inLanguage":"fr-FR","@id":"https:\/\/www.lactissima.com\/a-tire-d-ailes\/la-revue-de-presse-da-tire-dailes-92\/#primaryimage","url":"https:\/\/www.lactissima.com\/a-tire-d-ailes\/wp-content\/uploads\/journal1.jpg","contentUrl":"https:\/\/www.lactissima.com\/a-tire-d-ailes\/wp-content\/uploads\/journal1.jpg","width":"231","height":"300","caption":"revues de presse allaitement"},{"@type":"BreadcrumbList","@id":"https:\/\/www.lactissima.com\/a-tire-d-ailes\/la-revue-de-presse-da-tire-dailes-92\/#breadcrumb","itemListElement":[{"@type":"ListItem","position":1,"name":"Accueil","item":"https:\/\/www.lactissima.com\/a-tire-d-ailes\/"},{"@type":"ListItem","position":2,"name":"La revue de presse d\u2019A tire d\u2019Ailes (92)"}]},{"@type":"WebSite","@id":"https:\/\/www.lactissima.com\/a-tire-d-ailes\/#website","url":"https:\/\/www.lactissima.com\/a-tire-d-ailes\/","name":"A tire d&#039;Ailes","description":"Le blog des femmes qui allaitent et travaillent.","potentialAction":[{"@type":"SearchAction","target":{"@type":"EntryPoint","urlTemplate":"https:\/\/www.lactissima.com\/a-tire-d-ailes\/?s={search_term_string}"},"query-input":{"@type":"PropertyValueSpecification","valueRequired":true,"valueName":"search_term_string"}}],"inLanguage":"fr-FR"},{"@type":"Person","@id":"https:\/\/www.lactissima.com\/a-tire-d-ailes\/#\/schema\/person\/8f98d3a89530861bc1240e6d53d44eed","name":"V\u00e9ronique Darmangeat","image":{"@type":"ImageObject","inLanguage":"fr-FR","@id":"https:\/\/secure.gravatar.com\/avatar\/268c99344c89cebfe4f5df5fa8be43068a18884fc76a29f3206fae98465b9cab?s=96&d=identicon&r=g","url":"https:\/\/secure.gravatar.com\/avatar\/268c99344c89cebfe4f5df5fa8be43068a18884fc76a29f3206fae98465b9cab?s=96&d=identicon&r=g","contentUrl":"https:\/\/secure.gravatar.com\/avatar\/268c99344c89cebfe4f5df5fa8be43068a18884fc76a29f3206fae98465b9cab?s=96&d=identicon&r=g","caption":"V\u00e9ronique Darmangeat"},"sameAs":["https:\/\/www.lactissima.com\/a-tire-d-ailes","www.facebook.com\/consultante.en.lactation"]}]}},"_links":{"self":[{"href":"https:\/\/www.lactissima.com\/a-tire-d-ailes\/wp-json\/wp\/v2\/posts\/8090","targetHints":{"allow":["GET"]}}],"collection":[{"href":"https:\/\/www.lactissima.com\/a-tire-d-ailes\/wp-json\/wp\/v2\/posts"}],"about":[{"href":"https:\/\/www.lactissima.com\/a-tire-d-ailes\/wp-json\/wp\/v2\/types\/post"}],"author":[{"embeddable":true,"href":"https:\/\/www.lactissima.com\/a-tire-d-ailes\/wp-json\/wp\/v2\/users\/170"}],"replies":[{"embeddable":true,"href":"https:\/\/www.lactissima.com\/a-tire-d-ailes\/wp-json\/wp\/v2\/comments?post=8090"}],"version-history":[{"count":3,"href":"https:\/\/www.lactissima.com\/a-tire-d-ailes\/wp-json\/wp\/v2\/posts\/8090\/revisions"}],"predecessor-version":[{"id":8610,"href":"https:\/\/www.lactissima.com\/a-tire-d-ailes\/wp-json\/wp\/v2\/posts\/8090\/revisions\/8610"}],"wp:featuredmedia":[{"embeddable":true,"href":"https:\/\/www.lactissima.com\/a-tire-d-ailes\/wp-json\/wp\/v2\/media\/3670"}],"wp:attachment":[{"href":"https:\/\/www.lactissima.com\/a-tire-d-ailes\/wp-json\/wp\/v2\/media?parent=8090"}],"wp:term":[{"taxonomy":"category","embeddable":true,"href":"https:\/\/www.lactissima.com\/a-tire-d-ailes\/wp-json\/wp\/v2\/categories?post=8090"},{"taxonomy":"post_tag","embeddable":true,"href":"https:\/\/www.lactissima.com\/a-tire-d-ailes\/wp-json\/wp\/v2\/tags?post=8090"}],"curies":[{"name":"wp","href":"https:\/\/api.w.org\/{rel}","templated":true}]}}