{"id":8050,"date":"2019-02-28T11:03:16","date_gmt":"2019-02-28T10:03:16","guid":{"rendered":"https:\/\/www.lactissima.com\/a-tire-d-ailes\/?p=8050"},"modified":"2021-09-29T10:50:37","modified_gmt":"2021-09-29T08:50:37","slug":"la-revue-de-presse-da-tire-dailes-91","status":"publish","type":"post","link":"https:\/\/www.lactissima.com\/a-tire-d-ailes\/la-revue-de-presse-da-tire-dailes-91\/","title":{"rendered":"La revue de presse d\u2019A tire d\u2019Ailes (91)"},"content":{"rendered":"<p style=\"text-align: justify;\"><img loading=\"lazy\" decoding=\"async\" class=\"alignright size-full wp-image-3670\" src=\"https:\/\/www.lactissima.com\/a-tire-d-ailes\/wp-content\/uploads\/journal1.jpg\" alt=\"revues de presse allaitement\" width=\"231\" height=\"300\" \/>Voici l\u2019<strong>actualit\u00e9<\/strong>\u00a0que j\u2019ai rep\u00e9r\u00e9e pour vous depuis un mois :<\/p>\n<p style=\"text-align: justify;\">&#8211; Des <strong>articles<\/strong> :<\/p>\n<ul style=\"text-align: justify;\">\n<li>Un bon article sur la diff\u00e9rence entre le <span style=\"text-decoration: underline;\"><a href=\"https:\/\/breastfeeding.support\/is-there-a-difference-between-breast-milk-and-formula\/?fbclid=IwAR12L_bu6EdEvQBELQEoCrhHow1mf13ukTfup_okBo93JQ6CYFA6RSkn-9A\" target=\"_blank\" rel=\"noopener noreferrer\">lait maternel<\/a><\/span> et une pr\u00e9paration pour nourrisson.<\/li>\n<li>Marche pour le <span style=\"text-decoration: underline;\"><a href=\"https:\/\/www.dhnet.be\/actu\/belgique\/marche-pour-le-climat-a-bruxelles-des-meres-allaitent-leur-bebe-assises-par-terre-en-signe-de-protestation-5c4dadc5d8ad5878f03ac1fd?fbclid=IwAR2bwXe9bZa8OrhbSpizkeJ3wZb73ipNG70DxoTMtPG_fFmAi1pNFES38_4\" target=\"_blank\" rel=\"noopener noreferrer\">climat<\/a><\/span> \u00e0 Bruxelles: des m\u00e8res allaitent leur b\u00e9b\u00e9 assises par terre en signe de protestation.<\/li>\n<li>L&rsquo;histoire de <span style=\"text-decoration: underline;\"><a href=\"http:\/\/www.racontemoilhistoire.com\/2018\/02\/sainte-agathe\/?fbclid=IwAR1Cew5PWiG-spRmGbH0G9K3fHnFuchvozqUQlw0lhTOXFTXpviFPCHDcCk\" target=\"_blank\" rel=\"noopener noreferrer\">Sainte Agathe<\/a><\/span>.<\/li>\n<li>Cher coll\u00e8gue&#8230;, le Dr Carlos Gonz\u00e1lez r\u00e9pond \u00e0 un <span style=\"text-decoration: underline;\"><a href=\"https:\/\/www.lllfrance.org\/vous-informer\/fonds-documentaire\/autres-textes-lll\/2028-cher-collegue-le-dr-carlos-gonzalez-repond-a-un-medecin?fbclid=IwAR3VsKMF5E58B8fNcloDI7WHRLhjfJXfLyCZJRcju-a1h6xfjt2T4MXjf6U\" target=\"_blank\" rel=\"noopener noreferrer\">m\u00e9decin<\/a><\/span>.<\/li>\n<li><span style=\"text-decoration: underline;\"><a href=\"https:\/\/www.magicmaman.com\/tirer-son-lait-au-travail-quand-comment-et-ou-le-faire,3495579.asp?fbclid=IwAR093J7FHKptoVYBB7em4RbzApsDr5m6ymnplrhF8MMRbY7NF5ET5GLqjqE\" target=\"_blank\" rel=\"noopener noreferrer\">Tirer son lait au travail<\/a><\/span> : quand, comment et o\u00f9 le faire ?<\/li>\n<li>4 conseils pour <span style=\"text-decoration: underline;\">continuer \u00e0 allaiter<\/span> quand on reprend le travail.<\/li>\n<li>Nouveau conseil sur l&rsquo;allaitement et la <span style=\"text-decoration: underline;\"><a href=\"https:\/\/www.nature.com\/articles\/s41415-019-0056-6?fbclid=IwAR1vtt40EqhdXsZfWyV1EFyYoEVSFIyqXv9AjP8yvic8lcw6O9YRLQ7P7k8\" target=\"_blank\" rel=\"noopener noreferrer\">carie dentaire<\/a><\/span> en Angleterre.<\/li>\n<li>5 raisons pour avoir recours \u00e0 une consultante en lactation certifi\u00e9e <span style=\"text-decoration: underline;\">IBCLC<\/span>.<\/li>\n<\/ul>\n<p style=\"text-align: justify;\">&#8211; Des <strong>vid\u00e9os<\/strong> :<\/p>\n<ul style=\"text-align: justify;\">\n<li>Quand un b\u00e9b\u00e9 veut <span style=\"text-decoration: underline;\"><a href=\"https:\/\/www.facebook.com\/watch\/?v=785580351840535\" target=\"_blank\" rel=\"noopener noreferrer\">stimuler la lactation<\/a><\/span>&#8230;<\/li>\n<li>Les <span style=\"text-decoration: underline;\"><a href=\"https:\/\/www.youtube.com\/watch?v=qU3xcs0sjRo&amp;fbclid=IwAR27DFn4Q0Gob3ODsL_Tr0DjjDDAGrXSstmoUJiZTVoQWkdgqMhsmd-y1CA\" target=\"_blank\" rel=\"noopener noreferrer\">positions d&rsquo;allaitement<\/a><\/span> dans La Maison des Maternelles.<\/li>\n<li>Une id\u00e9e pour les m\u00e8res en <span style=\"text-decoration: underline;\"><a href=\"https:\/\/vimeo.com\/208802371?ref=fb-share&amp;fbclid=IwAR3vtNjNJxhh5woxGyqsUAGpeWp16ur533aPPUveAiD_TO0ooFsCkgGnCBw\" target=\"_blank\" rel=\"noopener noreferrer\">d\u00e9placement professionnel<\/a><\/span>. Connaissez-vous un \u00e9quivalent utilisable en France ?<\/li>\n<li>Allaitement \u00e0 la <span style=\"text-decoration: underline;\"><a href=\"https:\/\/www.facebook.com\/watch\/?v=405464476940621\" target=\"_blank\" rel=\"noopener noreferrer\">demande<\/a><\/span>\u00a0<span class=\"_47e3 _5mfr\" title=\"\u00e9motic\u00f4ne grin\"><img loading=\"lazy\" decoding=\"async\" class=\"img\" role=\"presentation\" src=\"https:\/\/static.xx.fbcdn.net\/images\/emoji.php\/v9\/taa\/1.5\/16\/1f603.png\" alt=\"\" width=\"16\" height=\"16\" \/><\/span><\/li>\n<\/ul>\n<p style=\"text-align: justify;\">&#8211; Des <strong>\u00e9tudes<\/strong> :<\/p>\n<ul style=\"text-align: justify;\">\n<li>L&rsquo;allaitement r\u00e9duit le <span style=\"text-decoration: underline;\"><a href=\"https:\/\/www.ncbi.nlm.nih.gov\/pubmed\/30708102?fbclid=IwAR24rl9xDgNUdKeeMN_3WUetxKwppK3bcCT1_xyZjk8zaSzUqfpGRwlO4h8\" target=\"_blank\" rel=\"noopener noreferrer\">risque de d\u00e9pression<\/a><\/span> plus tard dans la vie apr\u00e8s la m\u00e9nopause.<\/li>\n<li>Retarder le moment du <span style=\"text-decoration: underline;\"><a href=\"https:\/\/www.ladepeche.fr\/2019\/01\/23\/retarder-le-moment-du-premier-bain-peut-il-favoriser-lallaitement,7970716.php?fbclid=IwAR2zvg5RGxe46l76pT3hR4b4qMMcgjmQ7YNqbMFM6xWc8ETvi5FkEqCDbkg\" target=\"_blank\" rel=\"noopener noreferrer\">premier bain<\/a><\/span> peut-il favoriser l&rsquo;allaitement ?<\/li>\n<li>L\u2019allaitement maternel, une <span style=\"text-decoration: underline;\"><a href=\"http:\/\/www.jim.fr\/medecin\/actualites\/medicale\/21_gyneco\/e-docs\/lallaitement_maternel_une_transmission_intergenerationnelle_176292\/document_actu_med.phtml?fbclid=IwAR0ZpwncmvK_VvtasoonL_DlwJrnFYUyKv1nCxDAWjFtBtdxOb-rJtU95eM\" target=\"_blank\" rel=\"noopener noreferrer\">transmission<\/a><\/span> interg\u00e9n\u00e9rationnelle.<\/li>\n<\/ul>\n<p style=\"text-align: justify;\">&#8211; Des <strong>photos<\/strong> :<\/p>\n<ul style=\"text-align: justify;\">\n<li>L&rsquo;allaitement de <span style=\"text-decoration: underline;\"><a href=\"https:\/\/www.facebook.com\/photo.php?fbid=10161754326615221&amp;set=pcb.10161754346300221&amp;type=3&amp;theater\" target=\"_blank\" rel=\"noopener noreferrer\">h\u00e9rissons<\/a><\/span>.<\/li>\n<li>L&rsquo;inqui\u00e9tude suscit\u00e9e par <span style=\"text-decoration: underline;\"><a href=\"https:\/\/www.positive.news\/uk\/photo-series-challenges-breastfeeding-taboo\/?fbclid=IwAR13NnxZno64sTY-NuMWjUaaSWArAEgSdxb9rcxi3_f5Xgk6zIqiQI-cHbA#.XG7vaRmFgRA.facebook\" target=\"_blank\" rel=\"noopener noreferrer\">l&rsquo;allaitement en public<\/a><\/span> peut amener les m\u00e8res \u00e0 se sentir vuln\u00e9rables et expos\u00e9es. Une nouvelle s\u00e9rie de photos vise \u00e0 montrer l&rsquo;allaitement au public sous un jour positif.<\/li>\n<\/ul>\n<p style=\"text-align: justify;\"><strong>Rappel<\/strong>\u00a0: vous pouvez traduire toutes les publications en anglais gr\u00e2ce \u00e0 Google et donc les lire \u00e0 peu pr\u00e8s correctement en fran\u00e7ais !<\/p>\n<p style=\"text-align: justify;\">Bonne\u00a0<strong>lecture<\/strong>\u00a0! Et surtout, n\u2019h\u00e9sitez pas \u00e0 nous faire\u00a0<strong>partager<\/strong>\u00a0vos d\u00e9couvertes<\/p>\n<p style=\"text-align: justify;\"><strong>Articles en rapport :\u00a0<\/strong>voir l\u2019onglet\u00a0<a title=\"Revues de presse\" href=\"https:\/\/www.lactissima.com\/a-tire-d-ailes\/revues-de-presse\/\" target=\"_blank\" rel=\"noopener noreferrer\">Revues de presse<\/a>.<\/p>\n<p>&nbsp;<\/p>\n<div class='et-box et-shadow'>\n\t\t\t\t\t<div class='et-box-content'>Lire des articles ou poser des questions en commentaire ne suffit pas \u00e0 r\u00e9soudre votre probl\u00e8me ? Savez-vous que vous pouvez prendre RDV pour une consultation avec moi ? N&rsquo;h\u00e9sitez pas \u00e0 me contacter !<\/div><\/div>\n","protected":false},"excerpt":{"rendered":"<p>Voici l\u2019actualit\u00e9\u00a0que j\u2019ai rep\u00e9r\u00e9e pour vous depuis un mois : &#8211; Des articles : Un bon article sur la diff\u00e9rence entre le lait maternel et une pr\u00e9paration pour nourrisson. Marche pour le climat \u00e0 Bruxelles: des m\u00e8res allaitent leur b\u00e9b\u00e9 assises par terre en signe de protestation. L&rsquo;histoire de Sainte Agathe. Cher coll\u00e8gue&#8230;, le Dr [&hellip;]<\/p>\n","protected":false},"author":170,"featured_media":3670,"comment_status":"open","ping_status":"open","sticky":false,"template":"","format":"standard","meta":{"_et_pb_use_builder":"","_et_pb_old_content":"","_et_gb_content_width":"","footnotes":""},"categories":[242],"tags":[],"class_list":["post-8050","post","type-post","status-publish","format-standard","has-post-thumbnail","hentry","category-revue-de-presse"],"yoast_head":"<!-- This site is optimized with the Yoast SEO plugin v27.4 - https:\/\/yoast.com\/product\/yoast-seo-wordpress\/ -->\n<title>La revue de presse d\u2019A tire d\u2019Ailes (91)<\/title>\n<meta name=\"description\" content=\"Voici l\u2019actualit\u00e9\u00a0que j\u2019ai rep\u00e9r\u00e9e pour vous depuis un mois : - Des articles : Un bon article sur la diff\u00e9rence entre le lait maternel et une pr\u00e9paration Tout savoir sur l&#039;actualit\u00e9 de l&#039;allaitement du mois de f\u00e9vrier ? C&#039;est par ici !\" \/>\n<meta name=\"robots\" content=\"index, follow, max-snippet:-1, max-image-preview:large, max-video-preview:-1\" \/>\n<link rel=\"canonical\" href=\"https:\/\/www.lactissima.com\/a-tire-d-ailes\/la-revue-de-presse-da-tire-dailes-91\/\" \/>\n<meta property=\"og:locale\" content=\"fr_FR\" \/>\n<meta property=\"og:type\" content=\"article\" \/>\n<meta property=\"og:title\" content=\"La revue de presse d\u2019A tire d\u2019Ailes (91)\" \/>\n<meta property=\"og:description\" content=\"Voici l\u2019actualit\u00e9\u00a0que j\u2019ai rep\u00e9r\u00e9e pour vous depuis un mois : - Des articles : Un bon article sur la diff\u00e9rence entre le lait maternel et une pr\u00e9paration Tout savoir sur l&#039;actualit\u00e9 de l&#039;allaitement du mois de f\u00e9vrier ? C&#039;est par ici !\" \/>\n<meta property=\"og:url\" content=\"https:\/\/www.lactissima.com\/a-tire-d-ailes\/la-revue-de-presse-da-tire-dailes-91\/\" \/>\n<meta property=\"og:site_name\" content=\"A tire d&#039;Ailes\" \/>\n<meta property=\"article:publisher\" content=\"https:\/\/www.facebook.com\/consultante.en.lactation\" \/>\n<meta property=\"article:author\" content=\"www.facebook.com\/consultante.en.lactation\" \/>\n<meta property=\"article:published_time\" content=\"2019-02-28T10:03:16+00:00\" \/>\n<meta property=\"article:modified_time\" content=\"2021-09-29T08:50:37+00:00\" \/>\n<meta property=\"og:image\" content=\"https:\/\/www.lactissima.com\/a-tire-d-ailes\/wp-content\/uploads\/journal1.jpg\" \/>\n\t<meta property=\"og:image:width\" content=\"231\" \/>\n\t<meta property=\"og:image:height\" content=\"300\" \/>\n\t<meta property=\"og:image:type\" content=\"image\/jpeg\" \/>\n<meta name=\"author\" content=\"V\u00e9ronique Darmangeat\" \/>\n<meta name=\"twitter:card\" content=\"summary_large_image\" \/>\n<meta name=\"twitter:creator\" content=\"@VeroniqueIBCLC\" \/>\n<meta name=\"twitter:site\" content=\"@VeroniqueIBCLC\" \/>\n<meta name=\"twitter:label1\" content=\"\u00c9crit par\" \/>\n\t<meta name=\"twitter:data1\" content=\"V\u00e9ronique Darmangeat\" \/>\n\t<meta name=\"twitter:label2\" content=\"Dur\u00e9e de lecture estim\u00e9e\" \/>\n\t<meta name=\"twitter:data2\" content=\"2 minutes\" \/>\n<script type=\"application\/ld+json\" class=\"yoast-schema-graph\">{\"@context\":\"https:\\\/\\\/schema.org\",\"@graph\":[{\"@type\":\"Article\",\"@id\":\"https:\\\/\\\/www.lactissima.com\\\/a-tire-d-ailes\\\/la-revue-de-presse-da-tire-dailes-91\\\/#article\",\"isPartOf\":{\"@id\":\"https:\\\/\\\/www.lactissima.com\\\/a-tire-d-ailes\\\/la-revue-de-presse-da-tire-dailes-91\\\/\"},\"author\":{\"name\":\"V\u00e9ronique Darmangeat\",\"@id\":\"https:\\\/\\\/www.lactissima.com\\\/a-tire-d-ailes\\\/#\\\/schema\\\/person\\\/8f98d3a89530861bc1240e6d53d44eed\"},\"headline\":\"La revue de presse d\u2019A tire d\u2019Ailes (91)\",\"datePublished\":\"2019-02-28T10:03:16+00:00\",\"dateModified\":\"2021-09-29T08:50:37+00:00\",\"mainEntityOfPage\":{\"@id\":\"https:\\\/\\\/www.lactissima.com\\\/a-tire-d-ailes\\\/la-revue-de-presse-da-tire-dailes-91\\\/\"},\"wordCount\":332,\"commentCount\":0,\"image\":{\"@id\":\"https:\\\/\\\/www.lactissima.com\\\/a-tire-d-ailes\\\/la-revue-de-presse-da-tire-dailes-91\\\/#primaryimage\"},\"thumbnailUrl\":\"https:\\\/\\\/www.lactissima.com\\\/a-tire-d-ailes\\\/wp-content\\\/uploads\\\/journal1.jpg\",\"articleSection\":[\"Revue de presse\"],\"inLanguage\":\"fr-FR\",\"potentialAction\":[{\"@type\":\"CommentAction\",\"name\":\"Comment\",\"target\":[\"https:\\\/\\\/www.lactissima.com\\\/a-tire-d-ailes\\\/la-revue-de-presse-da-tire-dailes-91\\\/#respond\"]}]},{\"@type\":\"WebPage\",\"@id\":\"https:\\\/\\\/www.lactissima.com\\\/a-tire-d-ailes\\\/la-revue-de-presse-da-tire-dailes-91\\\/\",\"url\":\"https:\\\/\\\/www.lactissima.com\\\/a-tire-d-ailes\\\/la-revue-de-presse-da-tire-dailes-91\\\/\",\"name\":\"La revue de presse d\u2019A tire d\u2019Ailes (91)\",\"isPartOf\":{\"@id\":\"https:\\\/\\\/www.lactissima.com\\\/a-tire-d-ailes\\\/#website\"},\"primaryImageOfPage\":{\"@id\":\"https:\\\/\\\/www.lactissima.com\\\/a-tire-d-ailes\\\/la-revue-de-presse-da-tire-dailes-91\\\/#primaryimage\"},\"image\":{\"@id\":\"https:\\\/\\\/www.lactissima.com\\\/a-tire-d-ailes\\\/la-revue-de-presse-da-tire-dailes-91\\\/#primaryimage\"},\"thumbnailUrl\":\"https:\\\/\\\/www.lactissima.com\\\/a-tire-d-ailes\\\/wp-content\\\/uploads\\\/journal1.jpg\",\"datePublished\":\"2019-02-28T10:03:16+00:00\",\"dateModified\":\"2021-09-29T08:50:37+00:00\",\"author\":{\"@id\":\"https:\\\/\\\/www.lactissima.com\\\/a-tire-d-ailes\\\/#\\\/schema\\\/person\\\/8f98d3a89530861bc1240e6d53d44eed\"},\"description\":\"Voici l\u2019actualit\u00e9\u00a0que j\u2019ai rep\u00e9r\u00e9e pour vous depuis un mois : - Des articles : Un bon article sur la diff\u00e9rence entre le lait maternel et une pr\u00e9paration Tout savoir sur l'actualit\u00e9 de l'allaitement du mois de f\u00e9vrier ? C'est par ici !\",\"breadcrumb\":{\"@id\":\"https:\\\/\\\/www.lactissima.com\\\/a-tire-d-ailes\\\/la-revue-de-presse-da-tire-dailes-91\\\/#breadcrumb\"},\"inLanguage\":\"fr-FR\",\"potentialAction\":[{\"@type\":\"ReadAction\",\"target\":[\"https:\\\/\\\/www.lactissima.com\\\/a-tire-d-ailes\\\/la-revue-de-presse-da-tire-dailes-91\\\/\"]}]},{\"@type\":\"ImageObject\",\"inLanguage\":\"fr-FR\",\"@id\":\"https:\\\/\\\/www.lactissima.com\\\/a-tire-d-ailes\\\/la-revue-de-presse-da-tire-dailes-91\\\/#primaryimage\",\"url\":\"https:\\\/\\\/www.lactissima.com\\\/a-tire-d-ailes\\\/wp-content\\\/uploads\\\/journal1.jpg\",\"contentUrl\":\"https:\\\/\\\/www.lactissima.com\\\/a-tire-d-ailes\\\/wp-content\\\/uploads\\\/journal1.jpg\",\"width\":\"231\",\"height\":\"300\",\"caption\":\"revues de presse allaitement\"},{\"@type\":\"BreadcrumbList\",\"@id\":\"https:\\\/\\\/www.lactissima.com\\\/a-tire-d-ailes\\\/la-revue-de-presse-da-tire-dailes-91\\\/#breadcrumb\",\"itemListElement\":[{\"@type\":\"ListItem\",\"position\":1,\"name\":\"Accueil\",\"item\":\"https:\\\/\\\/www.lactissima.com\\\/a-tire-d-ailes\\\/\"},{\"@type\":\"ListItem\",\"position\":2,\"name\":\"La revue de presse d\u2019A tire d\u2019Ailes (91)\"}]},{\"@type\":\"WebSite\",\"@id\":\"https:\\\/\\\/www.lactissima.com\\\/a-tire-d-ailes\\\/#website\",\"url\":\"https:\\\/\\\/www.lactissima.com\\\/a-tire-d-ailes\\\/\",\"name\":\"A tire d&#039;Ailes\",\"description\":\"Le blog des femmes qui allaitent et travaillent.\",\"potentialAction\":[{\"@type\":\"SearchAction\",\"target\":{\"@type\":\"EntryPoint\",\"urlTemplate\":\"https:\\\/\\\/www.lactissima.com\\\/a-tire-d-ailes\\\/?s={search_term_string}\"},\"query-input\":{\"@type\":\"PropertyValueSpecification\",\"valueRequired\":true,\"valueName\":\"search_term_string\"}}],\"inLanguage\":\"fr-FR\"},{\"@type\":\"Person\",\"@id\":\"https:\\\/\\\/www.lactissima.com\\\/a-tire-d-ailes\\\/#\\\/schema\\\/person\\\/8f98d3a89530861bc1240e6d53d44eed\",\"name\":\"V\u00e9ronique Darmangeat\",\"image\":{\"@type\":\"ImageObject\",\"inLanguage\":\"fr-FR\",\"@id\":\"https:\\\/\\\/secure.gravatar.com\\\/avatar\\\/268c99344c89cebfe4f5df5fa8be43068a18884fc76a29f3206fae98465b9cab?s=96&d=identicon&r=g\",\"url\":\"https:\\\/\\\/secure.gravatar.com\\\/avatar\\\/268c99344c89cebfe4f5df5fa8be43068a18884fc76a29f3206fae98465b9cab?s=96&d=identicon&r=g\",\"contentUrl\":\"https:\\\/\\\/secure.gravatar.com\\\/avatar\\\/268c99344c89cebfe4f5df5fa8be43068a18884fc76a29f3206fae98465b9cab?s=96&d=identicon&r=g\",\"caption\":\"V\u00e9ronique Darmangeat\"},\"sameAs\":[\"https:\\\/\\\/www.lactissima.com\\\/a-tire-d-ailes\",\"www.facebook.com\\\/consultante.en.lactation\"]}]}<\/script>\n<!-- \/ Yoast SEO plugin. -->","yoast_head_json":{"title":"La revue de presse d\u2019A tire d\u2019Ailes (91)","description":"Voici l\u2019actualit\u00e9\u00a0que j\u2019ai rep\u00e9r\u00e9e pour vous depuis un mois : - Des articles : Un bon article sur la diff\u00e9rence entre le lait maternel et une pr\u00e9paration Tout savoir sur l'actualit\u00e9 de l'allaitement du mois de f\u00e9vrier ? C'est par ici !","robots":{"index":"index","follow":"follow","max-snippet":"max-snippet:-1","max-image-preview":"max-image-preview:large","max-video-preview":"max-video-preview:-1"},"canonical":"https:\/\/www.lactissima.com\/a-tire-d-ailes\/la-revue-de-presse-da-tire-dailes-91\/","og_locale":"fr_FR","og_type":"article","og_title":"La revue de presse d\u2019A tire d\u2019Ailes (91)","og_description":"Voici l\u2019actualit\u00e9\u00a0que j\u2019ai rep\u00e9r\u00e9e pour vous depuis un mois : - Des articles : Un bon article sur la diff\u00e9rence entre le lait maternel et une pr\u00e9paration Tout savoir sur l'actualit\u00e9 de l'allaitement du mois de f\u00e9vrier ? C'est par ici !","og_url":"https:\/\/www.lactissima.com\/a-tire-d-ailes\/la-revue-de-presse-da-tire-dailes-91\/","og_site_name":"A tire d&#039;Ailes","article_publisher":"https:\/\/www.facebook.com\/consultante.en.lactation","article_author":"www.facebook.com\/consultante.en.lactation","article_published_time":"2019-02-28T10:03:16+00:00","article_modified_time":"2021-09-29T08:50:37+00:00","og_image":[{"width":231,"height":300,"url":"https:\/\/www.lactissima.com\/a-tire-d-ailes\/wp-content\/uploads\/journal1.jpg","type":"image\/jpeg"}],"author":"V\u00e9ronique Darmangeat","twitter_card":"summary_large_image","twitter_creator":"@VeroniqueIBCLC","twitter_site":"@VeroniqueIBCLC","twitter_misc":{"\u00c9crit par":"V\u00e9ronique Darmangeat","Dur\u00e9e de lecture estim\u00e9e":"2 minutes"},"schema":{"@context":"https:\/\/schema.org","@graph":[{"@type":"Article","@id":"https:\/\/www.lactissima.com\/a-tire-d-ailes\/la-revue-de-presse-da-tire-dailes-91\/#article","isPartOf":{"@id":"https:\/\/www.lactissima.com\/a-tire-d-ailes\/la-revue-de-presse-da-tire-dailes-91\/"},"author":{"name":"V\u00e9ronique Darmangeat","@id":"https:\/\/www.lactissima.com\/a-tire-d-ailes\/#\/schema\/person\/8f98d3a89530861bc1240e6d53d44eed"},"headline":"La revue de presse d\u2019A tire d\u2019Ailes (91)","datePublished":"2019-02-28T10:03:16+00:00","dateModified":"2021-09-29T08:50:37+00:00","mainEntityOfPage":{"@id":"https:\/\/www.lactissima.com\/a-tire-d-ailes\/la-revue-de-presse-da-tire-dailes-91\/"},"wordCount":332,"commentCount":0,"image":{"@id":"https:\/\/www.lactissima.com\/a-tire-d-ailes\/la-revue-de-presse-da-tire-dailes-91\/#primaryimage"},"thumbnailUrl":"https:\/\/www.lactissima.com\/a-tire-d-ailes\/wp-content\/uploads\/journal1.jpg","articleSection":["Revue de presse"],"inLanguage":"fr-FR","potentialAction":[{"@type":"CommentAction","name":"Comment","target":["https:\/\/www.lactissima.com\/a-tire-d-ailes\/la-revue-de-presse-da-tire-dailes-91\/#respond"]}]},{"@type":"WebPage","@id":"https:\/\/www.lactissima.com\/a-tire-d-ailes\/la-revue-de-presse-da-tire-dailes-91\/","url":"https:\/\/www.lactissima.com\/a-tire-d-ailes\/la-revue-de-presse-da-tire-dailes-91\/","name":"La revue de presse d\u2019A tire d\u2019Ailes (91)","isPartOf":{"@id":"https:\/\/www.lactissima.com\/a-tire-d-ailes\/#website"},"primaryImageOfPage":{"@id":"https:\/\/www.lactissima.com\/a-tire-d-ailes\/la-revue-de-presse-da-tire-dailes-91\/#primaryimage"},"image":{"@id":"https:\/\/www.lactissima.com\/a-tire-d-ailes\/la-revue-de-presse-da-tire-dailes-91\/#primaryimage"},"thumbnailUrl":"https:\/\/www.lactissima.com\/a-tire-d-ailes\/wp-content\/uploads\/journal1.jpg","datePublished":"2019-02-28T10:03:16+00:00","dateModified":"2021-09-29T08:50:37+00:00","author":{"@id":"https:\/\/www.lactissima.com\/a-tire-d-ailes\/#\/schema\/person\/8f98d3a89530861bc1240e6d53d44eed"},"description":"Voici l\u2019actualit\u00e9\u00a0que j\u2019ai rep\u00e9r\u00e9e pour vous depuis un mois : - Des articles : Un bon article sur la diff\u00e9rence entre le lait maternel et une pr\u00e9paration Tout savoir sur l'actualit\u00e9 de l'allaitement du mois de f\u00e9vrier ? C'est par ici !","breadcrumb":{"@id":"https:\/\/www.lactissima.com\/a-tire-d-ailes\/la-revue-de-presse-da-tire-dailes-91\/#breadcrumb"},"inLanguage":"fr-FR","potentialAction":[{"@type":"ReadAction","target":["https:\/\/www.lactissima.com\/a-tire-d-ailes\/la-revue-de-presse-da-tire-dailes-91\/"]}]},{"@type":"ImageObject","inLanguage":"fr-FR","@id":"https:\/\/www.lactissima.com\/a-tire-d-ailes\/la-revue-de-presse-da-tire-dailes-91\/#primaryimage","url":"https:\/\/www.lactissima.com\/a-tire-d-ailes\/wp-content\/uploads\/journal1.jpg","contentUrl":"https:\/\/www.lactissima.com\/a-tire-d-ailes\/wp-content\/uploads\/journal1.jpg","width":"231","height":"300","caption":"revues de presse allaitement"},{"@type":"BreadcrumbList","@id":"https:\/\/www.lactissima.com\/a-tire-d-ailes\/la-revue-de-presse-da-tire-dailes-91\/#breadcrumb","itemListElement":[{"@type":"ListItem","position":1,"name":"Accueil","item":"https:\/\/www.lactissima.com\/a-tire-d-ailes\/"},{"@type":"ListItem","position":2,"name":"La revue de presse d\u2019A tire d\u2019Ailes (91)"}]},{"@type":"WebSite","@id":"https:\/\/www.lactissima.com\/a-tire-d-ailes\/#website","url":"https:\/\/www.lactissima.com\/a-tire-d-ailes\/","name":"A tire d&#039;Ailes","description":"Le blog des femmes qui allaitent et travaillent.","potentialAction":[{"@type":"SearchAction","target":{"@type":"EntryPoint","urlTemplate":"https:\/\/www.lactissima.com\/a-tire-d-ailes\/?s={search_term_string}"},"query-input":{"@type":"PropertyValueSpecification","valueRequired":true,"valueName":"search_term_string"}}],"inLanguage":"fr-FR"},{"@type":"Person","@id":"https:\/\/www.lactissima.com\/a-tire-d-ailes\/#\/schema\/person\/8f98d3a89530861bc1240e6d53d44eed","name":"V\u00e9ronique Darmangeat","image":{"@type":"ImageObject","inLanguage":"fr-FR","@id":"https:\/\/secure.gravatar.com\/avatar\/268c99344c89cebfe4f5df5fa8be43068a18884fc76a29f3206fae98465b9cab?s=96&d=identicon&r=g","url":"https:\/\/secure.gravatar.com\/avatar\/268c99344c89cebfe4f5df5fa8be43068a18884fc76a29f3206fae98465b9cab?s=96&d=identicon&r=g","contentUrl":"https:\/\/secure.gravatar.com\/avatar\/268c99344c89cebfe4f5df5fa8be43068a18884fc76a29f3206fae98465b9cab?s=96&d=identicon&r=g","caption":"V\u00e9ronique Darmangeat"},"sameAs":["https:\/\/www.lactissima.com\/a-tire-d-ailes","www.facebook.com\/consultante.en.lactation"]}]}},"_links":{"self":[{"href":"https:\/\/www.lactissima.com\/a-tire-d-ailes\/wp-json\/wp\/v2\/posts\/8050","targetHints":{"allow":["GET"]}}],"collection":[{"href":"https:\/\/www.lactissima.com\/a-tire-d-ailes\/wp-json\/wp\/v2\/posts"}],"about":[{"href":"https:\/\/www.lactissima.com\/a-tire-d-ailes\/wp-json\/wp\/v2\/types\/post"}],"author":[{"embeddable":true,"href":"https:\/\/www.lactissima.com\/a-tire-d-ailes\/wp-json\/wp\/v2\/users\/170"}],"replies":[{"embeddable":true,"href":"https:\/\/www.lactissima.com\/a-tire-d-ailes\/wp-json\/wp\/v2\/comments?post=8050"}],"version-history":[{"count":4,"href":"https:\/\/www.lactissima.com\/a-tire-d-ailes\/wp-json\/wp\/v2\/posts\/8050\/revisions"}],"predecessor-version":[{"id":8594,"href":"https:\/\/www.lactissima.com\/a-tire-d-ailes\/wp-json\/wp\/v2\/posts\/8050\/revisions\/8594"}],"wp:featuredmedia":[{"embeddable":true,"href":"https:\/\/www.lactissima.com\/a-tire-d-ailes\/wp-json\/wp\/v2\/media\/3670"}],"wp:attachment":[{"href":"https:\/\/www.lactissima.com\/a-tire-d-ailes\/wp-json\/wp\/v2\/media?parent=8050"}],"wp:term":[{"taxonomy":"category","embeddable":true,"href":"https:\/\/www.lactissima.com\/a-tire-d-ailes\/wp-json\/wp\/v2\/categories?post=8050"},{"taxonomy":"post_tag","embeddable":true,"href":"https:\/\/www.lactissima.com\/a-tire-d-ailes\/wp-json\/wp\/v2\/tags?post=8050"}],"curies":[{"name":"wp","href":"https:\/\/api.w.org\/{rel}","templated":true}]}}