{"id":8018,"date":"2019-02-07T18:32:13","date_gmt":"2019-02-07T17:32:13","guid":{"rendered":"https:\/\/www.lactissima.com\/a-tire-d-ailes\/?p=8018"},"modified":"2019-02-14T14:35:21","modified_gmt":"2019-02-14T13:35:21","slug":"travailler-et-allaiter-le-temoignage-de-delphine","status":"publish","type":"post","link":"https:\/\/www.lactissima.com\/a-tire-d-ailes\/travailler-et-allaiter-le-temoignage-de-delphine\/","title":{"rendered":"Travailler et allaiter : le t\u00e9moignage de Delphine"},"content":{"rendered":"<p><strong><u><img loading=\"lazy\" decoding=\"async\" class=\"alignright wp-image-8019 size-full\" src=\"https:\/\/www.lactissima.com\/a-tire-d-ailes\/wp-content\/uploads\/2019\/02\/Delphine.jpeg\" alt=\"\" width=\"336\" height=\"409\" srcset=\"https:\/\/www.lactissima.com\/a-tire-d-ailes\/wp-content\/uploads\/2019\/02\/Delphine.jpeg 336w, https:\/\/www.lactissima.com\/a-tire-d-ailes\/wp-content\/uploads\/2019\/02\/Delphine-246x300.jpeg 246w, https:\/\/www.lactissima.com\/a-tire-d-ailes\/wp-content\/uploads\/2019\/02\/Delphine-260x315.jpeg 260w, https:\/\/www.lactissima.com\/a-tire-d-ailes\/wp-content\/uploads\/2019\/02\/Delphine-140x170.jpeg 140w\" sizes=\"(max-width: 336px) 100vw, 336px\" \/><\/u><\/strong><\/p>\n<p style=\"text-align: justify;\"><strong><u>Gen\u00e8se<\/u><\/strong><\/p>\n<p style=\"text-align: justify;\">Nous avions avec mon conjoint plac\u00e9 ma grossesse, mon accouchement et le d\u00e9veloppement de notre petit (et premier\u00a0!) gar\u00e7on sous le signe de la physiologie et du naturel. Apr\u00e8s un accouchement merveilleux et en douceur en salle nature \u00e0 l\u2019h\u00f4pital, un peau \u00e0 peau et une premi\u00e8re t\u00e9t\u00e9e \u00e0 quelques minutes de vie, je ne m\u2019\u00e9tais jamais vraiment pos\u00e9 la question de la longueur de mon allaitement. Dans notre cercle familial et amical, nous entendions ici et l\u00e0 combien l\u2019allaitement \u00e9tait laborieux, douloureux, fatiguant pour la maman\u2026 Et pourtant, apr\u00e8s les quelques jours o\u00f9 il faut tout apprendre aussi bien pour la maman que pour le b\u00e9b\u00e9, l\u2019allaitement s\u2019est tout doucement mis en place. Avec son lot de douleurs, de fatigue, d\u2019engorgement certes mais bien loin du tableau qui m\u2019avais \u00e9t\u00e9 dress\u00e9\u00a0et avec le soutien ind\u00e9fectible du papa indispensable en cas de d\u00e9couragement ! Ce qu\u2019on oublie souvent de pr\u00e9ciser aux jeunes mamans, c\u2019est qu\u2019une fois que l\u2019allaitement fonctionne bien, ces petits moments maman-b\u00e9b\u00e9 sont synonymes de tendresse, douceur et n\u2019ont tout simplement pas de prix.<\/p>\n<p style=\"text-align: justify;\"><strong><u>La fausse conviction de la n\u00e9cessit\u00e9 d\u2019un sevrage<\/u><\/strong><\/p>\n<p style=\"text-align: justify;\">Au bout de trois mois et quelques de cong\u00e9s maternit\u00e9, un allaitement bien en place et un d\u00e9placement de 10 jours aux Etats-Unis en vue, il \u00e9tait pour moi certain que je ne pouvais, m\u00eame si cela me chagrinait \u00e9norm\u00e9ment, continuer \u00e0 allaiter mon petit. Nous avons donc commenc\u00e9 \u00e0 lui donner mon lait tir\u00e9 au biberon pour l\u2019y habituer petit \u00e0 petit. Puis, nous avons introduit (\u00e0 mon grand d\u00e9sespoir) un biberon de lait artificiel. Apr\u00e8s 3 mois d\u2019allaitement exclusif, le biberon de lait tir\u00e9 a \u00e9t\u00e9 accept\u00e9 sans probl\u00e8me mais pour le lait artificiel, c\u2019\u00e9tait une autre histoire \u2013 rejet complet\u00a0! M\u00eame si dans le fond, je n\u2019\u00e9tais pas m\u00e9contente qu\u2019il refuse le lait artificiel, je comprenais l\u2019angoisse de mon conjoint de se retrouver seul avec un stock de lait certes important mais pas suffisant pour couvrir les besoins de notre petit pendant 10 jours. Apr\u00e8s un changement de marque de lait, il a finalement accept\u00e9 le lait de vache avant mon d\u00e9part. Cet \u00e9pisode de refus m\u2019a pourtant permis de repenser mon allaitement car je n\u2019\u00e9tais vraiment pas pr\u00eate \u00e0 le sevrer, j\u2019ai donc congel\u00e9 un maximum de lait tir\u00e9. Nous avons d\u00e9cid\u00e9 ensemble de continuer l\u2019aventure allaitement et de compl\u00e9ter avec un minimum de lait en poudre pendant mes d\u00e9placements.<\/p>\n<p style=\"text-align: justify;\"><strong><u>Le premier d\u00e9placement lointain et long<\/u><\/strong><\/p>\n<p style=\"text-align: justify;\">Apr\u00e8s des au revoirs difficiles, c\u2019est parti pour la reprise et me voil\u00e0 en route pour les Etats-Unis avec un cong\u00e9lateur bien achaland\u00e9 en lait maternel \u00e0 la maison et un tire-lait manuel dans mon sac, objectif\u00a0: maintenir ma lactation\u00a0! \u00c7a peut para\u00eetre b\u00eate mais l\u2019allaitement \u00e9tait pour moi le lien qui m\u2019unissait \u00e0 mon b\u00e9b\u00e9 et me permettait de moins culpabiliser de partir loin de lui. C\u2019est, aujourd\u2019hui encore, toujours le cas \u00e0 chacun de mes d\u00e9placements, comme un petit fil rouge, qui nous lie tout au long de la journ\u00e9e. Je vous avoue qu\u2019avec un long courrier, un d\u00e9calage horaire de 10h, contr\u00f4ler mes mont\u00e9es de lait et maintenir ma lactation n\u2019a pas \u00e9t\u00e9 une mince affaire, loin de l\u00e0\u00a0! J\u2019ai \u00e9t\u00e9 chanceuse \u00e0 l\u2019aller de pouvoir tirer mon lait \u00e0 ma place (car personne \u00e0 c\u00f4t\u00e9 de moi), ce fut un peu plus difficile au retour avec deux voisins de si\u00e8ge et des toilettes que je ne me voyais pas bloquer pendant quinze minutes.<\/p>\n<p style=\"text-align: justify;\">Une fois sur place, je travaillais sur un salon et j\u2019ai expliqu\u00e9 \u00e0 mes coll\u00e8gues proches que je devrais m\u2019absenter plusieurs fois pendant la journ\u00e9e, ils ont tous compris et cela a m\u00eame aiguis\u00e9 la curiosit\u00e9 de certains hommes sans enfant qui m\u2019ont pos\u00e9 tout un tas de questions sur les m\u00e9canismes de l\u2019allaitement\u00a0!<\/p>\n<p style=\"text-align: justify;\">A mon retour, quel bonheur cela a \u00e9t\u00e9 de pouvoir allaiter mon b\u00e9b\u00e9 et de retrouver cette proximit\u00e9 et douceur qui m\u2019ont tant manqu\u00e9es pendant mes dix jours d\u2019absence. Il a fallu certes relancer la lactation et mettre mon b\u00e9b\u00e9 au sein plus souvent, reprendre les t\u00e9t\u00e9s nocturnes, faire une cure de fenugrec (merci V\u00e9ronique\u00a0!!) mais tout est revenu dans l\u2019ordre au bout de quelques semaines.<\/p>\n<p style=\"text-align: justify;\"><strong><u>Epilogue <\/u><\/strong><\/p>\n<p style=\"text-align: justify;\"><img loading=\"lazy\" decoding=\"async\" class=\"alignright size-full wp-image-8020\" src=\"https:\/\/www.lactissima.com\/a-tire-d-ailes\/wp-content\/uploads\/2019\/02\/Delphine2.jpeg\" alt=\"\" width=\"300\" height=\"400\" srcset=\"https:\/\/www.lactissima.com\/a-tire-d-ailes\/wp-content\/uploads\/2019\/02\/Delphine2.jpeg 300w, https:\/\/www.lactissima.com\/a-tire-d-ailes\/wp-content\/uploads\/2019\/02\/Delphine2-225x300.jpeg 225w\" sizes=\"(max-width: 300px) 100vw, 300px\" \/>Je suis maintenant devenue une professionnelle du tirage de lait en toutes circonstances avec mon tire-lait \u00e9lectrique de poche\u00a0! Pendant ces dix jours aux Etats-Unis et mes quelques d\u00e9placements europ\u00e9ens depuis, j\u2019ai tir\u00e9 mon lait dans tellement d\u2019endroits, des toilettes d\u2019a\u00e9roport, d\u2019h\u00f4tels mais aussi d\u00e9couvert que certains pays proposent des \u2018lactation suites\u2019 dans les gares et a\u00e9roports, tr\u00e8s appr\u00e9ciables, et qui permettent de tirer son lait\/allaiter dans de biens meilleurs conditions\u00a0! Quand je ne suis pas en d\u00e9placement, je tire deux biberons de lait pour la journ\u00e9e chez la nourrice, le reste du temps, c\u2019est allaitement\u00a0! J\u2019arrive \u00e0 appr\u00e9cier mes d\u00e9placements car je sais qu\u2019\u00e0 mon retour la t\u00e9t\u00e9e des retrouvailles sera merveilleuse.<\/p>\n<p style=\"text-align: justify;\">J\u2019aurais des milliers d\u2019autres choses \u00e0 vous raconter sur cette magnifique aventure qu\u2019est l\u2019allaitement mais mon texte est d\u00e9j\u00e0 bien long\u2026 Je vous confesse toutefois que \u00e7a m\u2019est tomb\u00e9 dessus, je ne pensais pas trouver cette exp\u00e9rience si enrichissante, gratifiante, pourtant il n\u2019y a rien de plus naturel au monde.\u00a0 Aujourd\u2019hui, apr\u00e8s 6 mois et quelques semaines d\u2019allaitement, je me dis que finalement, \u00e7a n\u2019\u00e9tait pas si compliqu\u00e9 et que si on le souhaite, tout est faisable\u2026.<\/p>\n<p style=\"text-align: justify;\">Enfin, si c\u2019\u00e9tait \u00e0 refaire, j\u2019aurais tir\u00e9 plus de lait pendant mon cong\u00e9 maternit\u00e9 pour ne pas avoir \u00e0 introduire de lait artificiel et \u00eatre en allaitement exclusif\u00a0!<\/p>\n<p style=\"text-align: justify;\">PS\u00a0: c\u2019est une aventure collective que je n\u2019aurais pas r\u00e9ussi sans le soutien de mon conjoint, la Leche League, et les mamans et conseill\u00e8res en lactation sur Facebook\u00a0!<\/p>\n<p>&nbsp;<\/p>\n<p><strong>Articles en rapport :<\/strong><\/p>\n<ul>\n<li>Voir l\u2019onglet\u00a0<a href=\"https:\/\/www.lactissima.com\/a-tire-d-ailes\/temoignages-travail-et-allaitement\/\" target=\"_blank\" rel=\"noopener noreferrer\">t\u00e9moignages<\/a><\/li>\n<\/ul>\n<p>&nbsp;<\/p>\n<div class='et-box et-shadow'>\n\t\t\t\t\t<div class='et-box-content'>Lire des articles ou poser des questions en commentaire ne suffit pas \u00e0 r\u00e9soudre votre probl\u00e8me ? Savez-vous que vous pouvez prendre RDV pour une consultation avec moi ? N&rsquo;h\u00e9sitez pas \u00e0 me contacter !<\/div><\/div>\n","protected":false},"excerpt":{"rendered":"<p>Gen\u00e8se Nous avions avec mon conjoint plac\u00e9 ma grossesse, mon accouchement et le d\u00e9veloppement de notre petit (et premier\u00a0!) gar\u00e7on sous le signe de la physiologie et du naturel. Apr\u00e8s un accouchement merveilleux et en douceur en salle nature \u00e0 l\u2019h\u00f4pital, un peau \u00e0 peau et une premi\u00e8re t\u00e9t\u00e9e \u00e0 quelques minutes de vie, je [&hellip;]<\/p>\n","protected":false},"author":170,"featured_media":8019,"comment_status":"open","ping_status":"open","sticky":false,"template":"","format":"standard","meta":{"_et_pb_use_builder":"","_et_pb_old_content":"","_et_gb_content_width":"","footnotes":""},"categories":[150],"tags":[],"class_list":["post-8018","post","type-post","status-publish","format-standard","has-post-thumbnail","hentry","category-temoignages"],"yoast_head":"<!-- This site is optimized with the Yoast SEO plugin v27.4 - https:\/\/yoast.com\/product\/yoast-seo-wordpress\/ -->\n<title>Travailler et allaiter : le t\u00e9moignage de Delphine<\/title>\n<meta name=\"description\" content=\"Gen\u00e8se Nous avions avec mon conjoint plac\u00e9 ma grossesse, mon accouchement et le d\u00e9veloppement de notre petit (et premier\u00a0!) gar\u00e7on sous le signe de la Delphine a tir\u00e9 son lait en toutes circonstances lors de ses d\u00e9placements professionnels y compris en avion et dans les a\u00e9roports.\" \/>\n<meta name=\"robots\" content=\"index, follow, max-snippet:-1, max-image-preview:large, max-video-preview:-1\" \/>\n<link rel=\"canonical\" href=\"https:\/\/www.lactissima.com\/a-tire-d-ailes\/travailler-et-allaiter-le-temoignage-de-delphine\/\" \/>\n<meta property=\"og:locale\" content=\"fr_FR\" \/>\n<meta property=\"og:type\" content=\"article\" \/>\n<meta property=\"og:title\" content=\"Travailler et allaiter : le t\u00e9moignage de Delphine\" \/>\n<meta property=\"og:description\" content=\"Gen\u00e8se Nous avions avec mon conjoint plac\u00e9 ma grossesse, mon accouchement et le d\u00e9veloppement de notre petit (et premier\u00a0!) gar\u00e7on sous le signe de la Delphine a tir\u00e9 son lait en toutes circonstances lors de ses d\u00e9placements professionnels y compris en avion et dans les a\u00e9roports.\" \/>\n<meta property=\"og:url\" content=\"https:\/\/www.lactissima.com\/a-tire-d-ailes\/travailler-et-allaiter-le-temoignage-de-delphine\/\" \/>\n<meta property=\"og:site_name\" content=\"A tire d&#039;Ailes\" \/>\n<meta property=\"article:publisher\" content=\"https:\/\/www.facebook.com\/consultante.en.lactation\" \/>\n<meta property=\"article:author\" content=\"www.facebook.com\/consultante.en.lactation\" \/>\n<meta property=\"article:published_time\" content=\"2019-02-07T17:32:13+00:00\" \/>\n<meta property=\"article:modified_time\" content=\"2019-02-14T13:35:21+00:00\" \/>\n<meta property=\"og:image\" content=\"https:\/\/www.lactissima.com\/a-tire-d-ailes\/wp-content\/uploads\/2019\/02\/Delphine.jpeg\" \/>\n\t<meta property=\"og:image:width\" content=\"336\" \/>\n\t<meta property=\"og:image:height\" content=\"409\" \/>\n\t<meta property=\"og:image:type\" content=\"image\/jpeg\" \/>\n<meta name=\"author\" content=\"V\u00e9ronique Darmangeat\" \/>\n<meta name=\"twitter:card\" content=\"summary_large_image\" \/>\n<meta name=\"twitter:creator\" content=\"@VeroniqueIBCLC\" \/>\n<meta name=\"twitter:site\" content=\"@VeroniqueIBCLC\" \/>\n<meta name=\"twitter:label1\" content=\"\u00c9crit par\" \/>\n\t<meta name=\"twitter:data1\" content=\"V\u00e9ronique Darmangeat\" \/>\n\t<meta name=\"twitter:label2\" content=\"Dur\u00e9e de lecture estim\u00e9e\" \/>\n\t<meta name=\"twitter:data2\" content=\"5 minutes\" \/>\n<script type=\"application\/ld+json\" class=\"yoast-schema-graph\">{\"@context\":\"https:\\\/\\\/schema.org\",\"@graph\":[{\"@type\":\"Article\",\"@id\":\"https:\\\/\\\/www.lactissima.com\\\/a-tire-d-ailes\\\/travailler-et-allaiter-le-temoignage-de-delphine\\\/#article\",\"isPartOf\":{\"@id\":\"https:\\\/\\\/www.lactissima.com\\\/a-tire-d-ailes\\\/travailler-et-allaiter-le-temoignage-de-delphine\\\/\"},\"author\":{\"name\":\"V\u00e9ronique Darmangeat\",\"@id\":\"https:\\\/\\\/www.lactissima.com\\\/a-tire-d-ailes\\\/#\\\/schema\\\/person\\\/8f98d3a89530861bc1240e6d53d44eed\"},\"headline\":\"Travailler et allaiter : le t\u00e9moignage de Delphine\",\"datePublished\":\"2019-02-07T17:32:13+00:00\",\"dateModified\":\"2019-02-14T13:35:21+00:00\",\"mainEntityOfPage\":{\"@id\":\"https:\\\/\\\/www.lactissima.com\\\/a-tire-d-ailes\\\/travailler-et-allaiter-le-temoignage-de-delphine\\\/\"},\"wordCount\":1100,\"commentCount\":6,\"image\":{\"@id\":\"https:\\\/\\\/www.lactissima.com\\\/a-tire-d-ailes\\\/travailler-et-allaiter-le-temoignage-de-delphine\\\/#primaryimage\"},\"thumbnailUrl\":\"https:\\\/\\\/www.lactissima.com\\\/a-tire-d-ailes\\\/wp-content\\\/uploads\\\/2019\\\/02\\\/Delphine.jpeg\",\"articleSection\":[\"t\u00e9moignages\"],\"inLanguage\":\"fr-FR\",\"potentialAction\":[{\"@type\":\"CommentAction\",\"name\":\"Comment\",\"target\":[\"https:\\\/\\\/www.lactissima.com\\\/a-tire-d-ailes\\\/travailler-et-allaiter-le-temoignage-de-delphine\\\/#respond\"]}]},{\"@type\":\"WebPage\",\"@id\":\"https:\\\/\\\/www.lactissima.com\\\/a-tire-d-ailes\\\/travailler-et-allaiter-le-temoignage-de-delphine\\\/\",\"url\":\"https:\\\/\\\/www.lactissima.com\\\/a-tire-d-ailes\\\/travailler-et-allaiter-le-temoignage-de-delphine\\\/\",\"name\":\"Travailler et allaiter : le t\u00e9moignage de Delphine\",\"isPartOf\":{\"@id\":\"https:\\\/\\\/www.lactissima.com\\\/a-tire-d-ailes\\\/#website\"},\"primaryImageOfPage\":{\"@id\":\"https:\\\/\\\/www.lactissima.com\\\/a-tire-d-ailes\\\/travailler-et-allaiter-le-temoignage-de-delphine\\\/#primaryimage\"},\"image\":{\"@id\":\"https:\\\/\\\/www.lactissima.com\\\/a-tire-d-ailes\\\/travailler-et-allaiter-le-temoignage-de-delphine\\\/#primaryimage\"},\"thumbnailUrl\":\"https:\\\/\\\/www.lactissima.com\\\/a-tire-d-ailes\\\/wp-content\\\/uploads\\\/2019\\\/02\\\/Delphine.jpeg\",\"datePublished\":\"2019-02-07T17:32:13+00:00\",\"dateModified\":\"2019-02-14T13:35:21+00:00\",\"author\":{\"@id\":\"https:\\\/\\\/www.lactissima.com\\\/a-tire-d-ailes\\\/#\\\/schema\\\/person\\\/8f98d3a89530861bc1240e6d53d44eed\"},\"description\":\"Gen\u00e8se Nous avions avec mon conjoint plac\u00e9 ma grossesse, mon accouchement et le d\u00e9veloppement de notre petit (et premier\u00a0!) gar\u00e7on sous le signe de la Delphine a tir\u00e9 son lait en toutes circonstances lors de ses d\u00e9placements professionnels y compris en avion et dans les a\u00e9roports.\",\"breadcrumb\":{\"@id\":\"https:\\\/\\\/www.lactissima.com\\\/a-tire-d-ailes\\\/travailler-et-allaiter-le-temoignage-de-delphine\\\/#breadcrumb\"},\"inLanguage\":\"fr-FR\",\"potentialAction\":[{\"@type\":\"ReadAction\",\"target\":[\"https:\\\/\\\/www.lactissima.com\\\/a-tire-d-ailes\\\/travailler-et-allaiter-le-temoignage-de-delphine\\\/\"]}]},{\"@type\":\"ImageObject\",\"inLanguage\":\"fr-FR\",\"@id\":\"https:\\\/\\\/www.lactissima.com\\\/a-tire-d-ailes\\\/travailler-et-allaiter-le-temoignage-de-delphine\\\/#primaryimage\",\"url\":\"https:\\\/\\\/www.lactissima.com\\\/a-tire-d-ailes\\\/wp-content\\\/uploads\\\/2019\\\/02\\\/Delphine.jpeg\",\"contentUrl\":\"https:\\\/\\\/www.lactissima.com\\\/a-tire-d-ailes\\\/wp-content\\\/uploads\\\/2019\\\/02\\\/Delphine.jpeg\",\"width\":336,\"height\":409},{\"@type\":\"BreadcrumbList\",\"@id\":\"https:\\\/\\\/www.lactissima.com\\\/a-tire-d-ailes\\\/travailler-et-allaiter-le-temoignage-de-delphine\\\/#breadcrumb\",\"itemListElement\":[{\"@type\":\"ListItem\",\"position\":1,\"name\":\"Accueil\",\"item\":\"https:\\\/\\\/www.lactissima.com\\\/a-tire-d-ailes\\\/\"},{\"@type\":\"ListItem\",\"position\":2,\"name\":\"Travailler et allaiter : le t\u00e9moignage de Delphine\"}]},{\"@type\":\"WebSite\",\"@id\":\"https:\\\/\\\/www.lactissima.com\\\/a-tire-d-ailes\\\/#website\",\"url\":\"https:\\\/\\\/www.lactissima.com\\\/a-tire-d-ailes\\\/\",\"name\":\"A tire d&#039;Ailes\",\"description\":\"Le blog des femmes qui allaitent et travaillent.\",\"potentialAction\":[{\"@type\":\"SearchAction\",\"target\":{\"@type\":\"EntryPoint\",\"urlTemplate\":\"https:\\\/\\\/www.lactissima.com\\\/a-tire-d-ailes\\\/?s={search_term_string}\"},\"query-input\":{\"@type\":\"PropertyValueSpecification\",\"valueRequired\":true,\"valueName\":\"search_term_string\"}}],\"inLanguage\":\"fr-FR\"},{\"@type\":\"Person\",\"@id\":\"https:\\\/\\\/www.lactissima.com\\\/a-tire-d-ailes\\\/#\\\/schema\\\/person\\\/8f98d3a89530861bc1240e6d53d44eed\",\"name\":\"V\u00e9ronique Darmangeat\",\"image\":{\"@type\":\"ImageObject\",\"inLanguage\":\"fr-FR\",\"@id\":\"https:\\\/\\\/secure.gravatar.com\\\/avatar\\\/268c99344c89cebfe4f5df5fa8be43068a18884fc76a29f3206fae98465b9cab?s=96&d=identicon&r=g\",\"url\":\"https:\\\/\\\/secure.gravatar.com\\\/avatar\\\/268c99344c89cebfe4f5df5fa8be43068a18884fc76a29f3206fae98465b9cab?s=96&d=identicon&r=g\",\"contentUrl\":\"https:\\\/\\\/secure.gravatar.com\\\/avatar\\\/268c99344c89cebfe4f5df5fa8be43068a18884fc76a29f3206fae98465b9cab?s=96&d=identicon&r=g\",\"caption\":\"V\u00e9ronique Darmangeat\"},\"sameAs\":[\"https:\\\/\\\/www.lactissima.com\\\/a-tire-d-ailes\",\"www.facebook.com\\\/consultante.en.lactation\"]}]}<\/script>\n<!-- \/ Yoast SEO plugin. -->","yoast_head_json":{"title":"Travailler et allaiter : le t\u00e9moignage de Delphine","description":"Gen\u00e8se Nous avions avec mon conjoint plac\u00e9 ma grossesse, mon accouchement et le d\u00e9veloppement de notre petit (et premier\u00a0!) gar\u00e7on sous le signe de la Delphine a tir\u00e9 son lait en toutes circonstances lors de ses d\u00e9placements professionnels y compris en avion et dans les a\u00e9roports.","robots":{"index":"index","follow":"follow","max-snippet":"max-snippet:-1","max-image-preview":"max-image-preview:large","max-video-preview":"max-video-preview:-1"},"canonical":"https:\/\/www.lactissima.com\/a-tire-d-ailes\/travailler-et-allaiter-le-temoignage-de-delphine\/","og_locale":"fr_FR","og_type":"article","og_title":"Travailler et allaiter : le t\u00e9moignage de Delphine","og_description":"Gen\u00e8se Nous avions avec mon conjoint plac\u00e9 ma grossesse, mon accouchement et le d\u00e9veloppement de notre petit (et premier\u00a0!) gar\u00e7on sous le signe de la Delphine a tir\u00e9 son lait en toutes circonstances lors de ses d\u00e9placements professionnels y compris en avion et dans les a\u00e9roports.","og_url":"https:\/\/www.lactissima.com\/a-tire-d-ailes\/travailler-et-allaiter-le-temoignage-de-delphine\/","og_site_name":"A tire d&#039;Ailes","article_publisher":"https:\/\/www.facebook.com\/consultante.en.lactation","article_author":"www.facebook.com\/consultante.en.lactation","article_published_time":"2019-02-07T17:32:13+00:00","article_modified_time":"2019-02-14T13:35:21+00:00","og_image":[{"width":336,"height":409,"url":"https:\/\/www.lactissima.com\/a-tire-d-ailes\/wp-content\/uploads\/2019\/02\/Delphine.jpeg","type":"image\/jpeg"}],"author":"V\u00e9ronique Darmangeat","twitter_card":"summary_large_image","twitter_creator":"@VeroniqueIBCLC","twitter_site":"@VeroniqueIBCLC","twitter_misc":{"\u00c9crit par":"V\u00e9ronique Darmangeat","Dur\u00e9e de lecture estim\u00e9e":"5 minutes"},"schema":{"@context":"https:\/\/schema.org","@graph":[{"@type":"Article","@id":"https:\/\/www.lactissima.com\/a-tire-d-ailes\/travailler-et-allaiter-le-temoignage-de-delphine\/#article","isPartOf":{"@id":"https:\/\/www.lactissima.com\/a-tire-d-ailes\/travailler-et-allaiter-le-temoignage-de-delphine\/"},"author":{"name":"V\u00e9ronique Darmangeat","@id":"https:\/\/www.lactissima.com\/a-tire-d-ailes\/#\/schema\/person\/8f98d3a89530861bc1240e6d53d44eed"},"headline":"Travailler et allaiter : le t\u00e9moignage de Delphine","datePublished":"2019-02-07T17:32:13+00:00","dateModified":"2019-02-14T13:35:21+00:00","mainEntityOfPage":{"@id":"https:\/\/www.lactissima.com\/a-tire-d-ailes\/travailler-et-allaiter-le-temoignage-de-delphine\/"},"wordCount":1100,"commentCount":6,"image":{"@id":"https:\/\/www.lactissima.com\/a-tire-d-ailes\/travailler-et-allaiter-le-temoignage-de-delphine\/#primaryimage"},"thumbnailUrl":"https:\/\/www.lactissima.com\/a-tire-d-ailes\/wp-content\/uploads\/2019\/02\/Delphine.jpeg","articleSection":["t\u00e9moignages"],"inLanguage":"fr-FR","potentialAction":[{"@type":"CommentAction","name":"Comment","target":["https:\/\/www.lactissima.com\/a-tire-d-ailes\/travailler-et-allaiter-le-temoignage-de-delphine\/#respond"]}]},{"@type":"WebPage","@id":"https:\/\/www.lactissima.com\/a-tire-d-ailes\/travailler-et-allaiter-le-temoignage-de-delphine\/","url":"https:\/\/www.lactissima.com\/a-tire-d-ailes\/travailler-et-allaiter-le-temoignage-de-delphine\/","name":"Travailler et allaiter : le t\u00e9moignage de Delphine","isPartOf":{"@id":"https:\/\/www.lactissima.com\/a-tire-d-ailes\/#website"},"primaryImageOfPage":{"@id":"https:\/\/www.lactissima.com\/a-tire-d-ailes\/travailler-et-allaiter-le-temoignage-de-delphine\/#primaryimage"},"image":{"@id":"https:\/\/www.lactissima.com\/a-tire-d-ailes\/travailler-et-allaiter-le-temoignage-de-delphine\/#primaryimage"},"thumbnailUrl":"https:\/\/www.lactissima.com\/a-tire-d-ailes\/wp-content\/uploads\/2019\/02\/Delphine.jpeg","datePublished":"2019-02-07T17:32:13+00:00","dateModified":"2019-02-14T13:35:21+00:00","author":{"@id":"https:\/\/www.lactissima.com\/a-tire-d-ailes\/#\/schema\/person\/8f98d3a89530861bc1240e6d53d44eed"},"description":"Gen\u00e8se Nous avions avec mon conjoint plac\u00e9 ma grossesse, mon accouchement et le d\u00e9veloppement de notre petit (et premier\u00a0!) gar\u00e7on sous le signe de la Delphine a tir\u00e9 son lait en toutes circonstances lors de ses d\u00e9placements professionnels y compris en avion et dans les a\u00e9roports.","breadcrumb":{"@id":"https:\/\/www.lactissima.com\/a-tire-d-ailes\/travailler-et-allaiter-le-temoignage-de-delphine\/#breadcrumb"},"inLanguage":"fr-FR","potentialAction":[{"@type":"ReadAction","target":["https:\/\/www.lactissima.com\/a-tire-d-ailes\/travailler-et-allaiter-le-temoignage-de-delphine\/"]}]},{"@type":"ImageObject","inLanguage":"fr-FR","@id":"https:\/\/www.lactissima.com\/a-tire-d-ailes\/travailler-et-allaiter-le-temoignage-de-delphine\/#primaryimage","url":"https:\/\/www.lactissima.com\/a-tire-d-ailes\/wp-content\/uploads\/2019\/02\/Delphine.jpeg","contentUrl":"https:\/\/www.lactissima.com\/a-tire-d-ailes\/wp-content\/uploads\/2019\/02\/Delphine.jpeg","width":336,"height":409},{"@type":"BreadcrumbList","@id":"https:\/\/www.lactissima.com\/a-tire-d-ailes\/travailler-et-allaiter-le-temoignage-de-delphine\/#breadcrumb","itemListElement":[{"@type":"ListItem","position":1,"name":"Accueil","item":"https:\/\/www.lactissima.com\/a-tire-d-ailes\/"},{"@type":"ListItem","position":2,"name":"Travailler et allaiter : le t\u00e9moignage de Delphine"}]},{"@type":"WebSite","@id":"https:\/\/www.lactissima.com\/a-tire-d-ailes\/#website","url":"https:\/\/www.lactissima.com\/a-tire-d-ailes\/","name":"A tire d&#039;Ailes","description":"Le blog des femmes qui allaitent et travaillent.","potentialAction":[{"@type":"SearchAction","target":{"@type":"EntryPoint","urlTemplate":"https:\/\/www.lactissima.com\/a-tire-d-ailes\/?s={search_term_string}"},"query-input":{"@type":"PropertyValueSpecification","valueRequired":true,"valueName":"search_term_string"}}],"inLanguage":"fr-FR"},{"@type":"Person","@id":"https:\/\/www.lactissima.com\/a-tire-d-ailes\/#\/schema\/person\/8f98d3a89530861bc1240e6d53d44eed","name":"V\u00e9ronique Darmangeat","image":{"@type":"ImageObject","inLanguage":"fr-FR","@id":"https:\/\/secure.gravatar.com\/avatar\/268c99344c89cebfe4f5df5fa8be43068a18884fc76a29f3206fae98465b9cab?s=96&d=identicon&r=g","url":"https:\/\/secure.gravatar.com\/avatar\/268c99344c89cebfe4f5df5fa8be43068a18884fc76a29f3206fae98465b9cab?s=96&d=identicon&r=g","contentUrl":"https:\/\/secure.gravatar.com\/avatar\/268c99344c89cebfe4f5df5fa8be43068a18884fc76a29f3206fae98465b9cab?s=96&d=identicon&r=g","caption":"V\u00e9ronique Darmangeat"},"sameAs":["https:\/\/www.lactissima.com\/a-tire-d-ailes","www.facebook.com\/consultante.en.lactation"]}]}},"_links":{"self":[{"href":"https:\/\/www.lactissima.com\/a-tire-d-ailes\/wp-json\/wp\/v2\/posts\/8018","targetHints":{"allow":["GET"]}}],"collection":[{"href":"https:\/\/www.lactissima.com\/a-tire-d-ailes\/wp-json\/wp\/v2\/posts"}],"about":[{"href":"https:\/\/www.lactissima.com\/a-tire-d-ailes\/wp-json\/wp\/v2\/types\/post"}],"author":[{"embeddable":true,"href":"https:\/\/www.lactissima.com\/a-tire-d-ailes\/wp-json\/wp\/v2\/users\/170"}],"replies":[{"embeddable":true,"href":"https:\/\/www.lactissima.com\/a-tire-d-ailes\/wp-json\/wp\/v2\/comments?post=8018"}],"version-history":[{"count":2,"href":"https:\/\/www.lactissima.com\/a-tire-d-ailes\/wp-json\/wp\/v2\/posts\/8018\/revisions"}],"predecessor-version":[{"id":8022,"href":"https:\/\/www.lactissima.com\/a-tire-d-ailes\/wp-json\/wp\/v2\/posts\/8018\/revisions\/8022"}],"wp:featuredmedia":[{"embeddable":true,"href":"https:\/\/www.lactissima.com\/a-tire-d-ailes\/wp-json\/wp\/v2\/media\/8019"}],"wp:attachment":[{"href":"https:\/\/www.lactissima.com\/a-tire-d-ailes\/wp-json\/wp\/v2\/media?parent=8018"}],"wp:term":[{"taxonomy":"category","embeddable":true,"href":"https:\/\/www.lactissima.com\/a-tire-d-ailes\/wp-json\/wp\/v2\/categories?post=8018"},{"taxonomy":"post_tag","embeddable":true,"href":"https:\/\/www.lactissima.com\/a-tire-d-ailes\/wp-json\/wp\/v2\/tags?post=8018"}],"curies":[{"name":"wp","href":"https:\/\/api.w.org\/{rel}","templated":true}]}}