{"id":7961,"date":"2019-01-04T15:16:05","date_gmt":"2019-01-04T14:16:05","guid":{"rendered":"https:\/\/www.lactissima.com\/a-tire-d-ailes\/?p=7961"},"modified":"2019-01-04T15:35:54","modified_gmt":"2019-01-04T14:35:54","slug":"ce-blog-a-10-ans","status":"publish","type":"post","link":"https:\/\/www.lactissima.com\/a-tire-d-ailes\/ce-blog-a-10-ans\/","title":{"rendered":"Ce blog a 10 ans !"},"content":{"rendered":"<p style=\"text-align: justify;\"><img loading=\"lazy\" decoding=\"async\" class=\"alignright wp-image-7962 size-medium\" src=\"https:\/\/www.lactissima.com\/a-tire-d-ailes\/wp-content\/uploads\/2019\/01\/anniversaire-10-ans-300x201.jpg\" alt=\"\" width=\"300\" height=\"201\" srcset=\"https:\/\/www.lactissima.com\/a-tire-d-ailes\/wp-content\/uploads\/2019\/01\/anniversaire-10-ans-300x201.jpg 300w, https:\/\/www.lactissima.com\/a-tire-d-ailes\/wp-content\/uploads\/2019\/01\/anniversaire-10-ans-140x94.jpg 140w, https:\/\/www.lactissima.com\/a-tire-d-ailes\/wp-content\/uploads\/2019\/01\/anniversaire-10-ans.jpg 474w\" sizes=\"(max-width: 300px) 100vw, 300px\" \/>Et oui, tout est dans le titre&#8230;<\/p>\n<p style=\"text-align: justify;\"><strong>10 ans<\/strong> pour ce blog autour de l&rsquo;allaitement \u00e0 la reprise du travail, cela repr\u00e9sente :<\/p>\n<ul style=\"text-align: justify;\">\n<li><strong>2 495 293 lectrices !!!<\/strong><\/li>\n<li>15 184 commentaires<\/li>\n<li>1 000 lectrices par jour en moyenne<\/li>\n<li><strong>494 articles<\/strong><\/li>\n<\/ul>\n<p>10 ans que je vous accompagne au quotidien dans ce challenge qu&rsquo;est la reprise du travail quand on allaite. 10 ans de belles rencontres et de t\u00e9moignages. 10 ans d&rsquo;\u00e9motions.<\/p>\n<p>Ces 10 ann\u00e9es n&rsquo;auraient pas exist\u00e9 sans vous, je vous dois donc un immense merci !<\/p>\n<p style=\"text-align: justify;\">Pour f\u00eater cet anniversaire, je vous propose de <strong>vous inviter<\/strong>, vous les lectrices de ce blog, \u00e0 vous rencontrer au <a href=\"http:\/\/www.allaiteraparis.fr\/\" target=\"_blank\" rel=\"noopener\">Centre Allaitement V\u00e9ronique Darmangeat<\/a> le samedi <strong>26 janvier<\/strong> \u00e0 midi autour d&rsquo;un buffet compos\u00e9 de ce que chacune apportera. Les b\u00e9b\u00e9s sont bien s\u00fbr les bienvenus !<\/p>\n<p style=\"text-align: justify;\">Une bonne occasion de faire connaissance et d&rsquo;\u00e9changer sur vos <strong>exp\u00e9riences<\/strong> allaitement et travail.<\/p>\n<p style=\"text-align: justify;\">Pour participer, rien de plus facile : il suffit de m&rsquo;envoyer un mail avec votre nom, votre num\u00e9ro de t\u00e9l\u00e9phone et le plat que vous apporterez \u00e0 contact@lactissima.com. Le nombre de places est limit\u00e9 \u00e0 20 donc inscrivez-vous vite !<\/p>\n<p style=\"text-align: justify;\">Je vous dis donc <strong>\u00e0 tr\u00e8s bient\u00f4t !<\/strong><\/p>\n<p><strong>Articles en rapport :<\/strong><\/p>\n<ul>\n<li><a href=\"https:\/\/www.lactissima.com\/a-tire-d-ailes\/joyeux-anniversaire\/\" target=\"_blank\" rel=\"noopener\">Joyeux anniversaire !<\/a><\/li>\n<li><a href=\"https:\/\/www.lactissima.com\/a-tire-d-ailes\/deuxieme-anniversaire\/\" target=\"_blank\" rel=\"noopener\">Deuxi\u00e8me anniversaire !<\/a><\/li>\n<li><a href=\"https:\/\/www.lactissima.com\/a-tire-d-ailes\/joyeux-anniversaire-2\/\" target=\"_blank\" rel=\"noopener\">Joyeux anniversaire !<\/a><\/li>\n<\/ul>\n<div class='et-box et-shadow'>\n\t\t\t\t\t<div class='et-box-content'>Lire des articles ou poser des questions en commentaire ne suffit pas \u00e0 r\u00e9soudre votre probl\u00e8me ? Savez-vous que vous pouvez prendre RDV pour une consultation avec moi ? N&rsquo;h\u00e9sitez pas \u00e0 me contacter !<\/div><\/div>\n","protected":false},"excerpt":{"rendered":"<p>Et oui, tout est dans le titre&#8230; 10 ans pour ce blog autour de l&rsquo;allaitement \u00e0 la reprise du travail, cela repr\u00e9sente : 2 495 293 lectrices !!! 15 184 commentaires 1 000 lectrices par jour en moyenne 494 articles 10 ans que je vous accompagne au quotidien dans ce challenge qu&rsquo;est la reprise du [&hellip;]<\/p>\n","protected":false},"author":170,"featured_media":7962,"comment_status":"open","ping_status":"open","sticky":false,"template":"","format":"standard","meta":{"_et_pb_use_builder":"","_et_pb_old_content":"","_et_gb_content_width":"","footnotes":""},"categories":[67],"tags":[],"class_list":["post-7961","post","type-post","status-publish","format-standard","has-post-thumbnail","hentry","category-vie-du-blog"],"yoast_head":"<!-- This site is optimized with the Yoast SEO plugin v27.4 - https:\/\/yoast.com\/product\/yoast-seo-wordpress\/ -->\n<title>Ce blog a 10 ans !<\/title>\n<meta name=\"description\" content=\"Et oui, tout est dans le titre... 10 ans pour ce blog autour de l&#039;allaitement \u00e0 la reprise du travail, cela repr\u00e9sente : 2 495 293 lectrices !!! 15 184 Pour f\u00eater les 10 ans d&#039;A tire d&#039;Ailes, je vous invite au Centre allaitement V\u00e9ronique Darmangeat.\" \/>\n<meta name=\"robots\" content=\"index, follow, max-snippet:-1, max-image-preview:large, max-video-preview:-1\" \/>\n<link rel=\"canonical\" href=\"https:\/\/www.lactissima.com\/a-tire-d-ailes\/ce-blog-a-10-ans\/\" \/>\n<meta property=\"og:locale\" content=\"fr_FR\" \/>\n<meta property=\"og:type\" content=\"article\" \/>\n<meta property=\"og:title\" content=\"Ce blog a 10 ans !\" \/>\n<meta property=\"og:description\" content=\"Et oui, tout est dans le titre... 10 ans pour ce blog autour de l&#039;allaitement \u00e0 la reprise du travail, cela repr\u00e9sente : 2 495 293 lectrices !!! 15 184 Pour f\u00eater les 10 ans d&#039;A tire d&#039;Ailes, je vous invite au Centre allaitement V\u00e9ronique Darmangeat.\" \/>\n<meta property=\"og:url\" content=\"https:\/\/www.lactissima.com\/a-tire-d-ailes\/ce-blog-a-10-ans\/\" \/>\n<meta property=\"og:site_name\" content=\"A tire d&#039;Ailes\" \/>\n<meta property=\"article:publisher\" content=\"https:\/\/www.facebook.com\/consultante.en.lactation\" \/>\n<meta property=\"article:author\" content=\"www.facebook.com\/consultante.en.lactation\" \/>\n<meta property=\"article:published_time\" content=\"2019-01-04T14:16:05+00:00\" \/>\n<meta property=\"article:modified_time\" content=\"2019-01-04T14:35:54+00:00\" \/>\n<meta property=\"og:image\" content=\"https:\/\/www.lactissima.com\/a-tire-d-ailes\/wp-content\/uploads\/2019\/01\/anniversaire-10-ans.jpg\" \/>\n\t<meta property=\"og:image:width\" content=\"474\" \/>\n\t<meta property=\"og:image:height\" content=\"318\" \/>\n\t<meta property=\"og:image:type\" content=\"image\/jpeg\" \/>\n<meta name=\"author\" content=\"V\u00e9ronique Darmangeat\" \/>\n<meta name=\"twitter:card\" content=\"summary_large_image\" \/>\n<meta name=\"twitter:creator\" content=\"@VeroniqueIBCLC\" \/>\n<meta name=\"twitter:site\" content=\"@VeroniqueIBCLC\" \/>\n<meta name=\"twitter:label1\" content=\"\u00c9crit par\" \/>\n\t<meta name=\"twitter:data1\" content=\"V\u00e9ronique Darmangeat\" \/>\n\t<meta name=\"twitter:label2\" content=\"Dur\u00e9e de lecture estim\u00e9e\" \/>\n\t<meta name=\"twitter:data2\" content=\"1 minute\" \/>\n<script type=\"application\/ld+json\" class=\"yoast-schema-graph\">{\"@context\":\"https:\\\/\\\/schema.org\",\"@graph\":[{\"@type\":\"Article\",\"@id\":\"https:\\\/\\\/www.lactissima.com\\\/a-tire-d-ailes\\\/ce-blog-a-10-ans\\\/#article\",\"isPartOf\":{\"@id\":\"https:\\\/\\\/www.lactissima.com\\\/a-tire-d-ailes\\\/ce-blog-a-10-ans\\\/\"},\"author\":{\"name\":\"V\u00e9ronique Darmangeat\",\"@id\":\"https:\\\/\\\/www.lactissima.com\\\/a-tire-d-ailes\\\/#\\\/schema\\\/person\\\/8f98d3a89530861bc1240e6d53d44eed\"},\"headline\":\"Ce blog a 10 ans !\",\"datePublished\":\"2019-01-04T14:16:05+00:00\",\"dateModified\":\"2019-01-04T14:35:54+00:00\",\"mainEntityOfPage\":{\"@id\":\"https:\\\/\\\/www.lactissima.com\\\/a-tire-d-ailes\\\/ce-blog-a-10-ans\\\/\"},\"wordCount\":240,\"commentCount\":6,\"image\":{\"@id\":\"https:\\\/\\\/www.lactissima.com\\\/a-tire-d-ailes\\\/ce-blog-a-10-ans\\\/#primaryimage\"},\"thumbnailUrl\":\"https:\\\/\\\/www.lactissima.com\\\/a-tire-d-ailes\\\/wp-content\\\/uploads\\\/2019\\\/01\\\/anniversaire-10-ans.jpg\",\"articleSection\":[\"Vie du blog\"],\"inLanguage\":\"fr-FR\",\"potentialAction\":[{\"@type\":\"CommentAction\",\"name\":\"Comment\",\"target\":[\"https:\\\/\\\/www.lactissima.com\\\/a-tire-d-ailes\\\/ce-blog-a-10-ans\\\/#respond\"]}]},{\"@type\":\"WebPage\",\"@id\":\"https:\\\/\\\/www.lactissima.com\\\/a-tire-d-ailes\\\/ce-blog-a-10-ans\\\/\",\"url\":\"https:\\\/\\\/www.lactissima.com\\\/a-tire-d-ailes\\\/ce-blog-a-10-ans\\\/\",\"name\":\"Ce blog a 10 ans !\",\"isPartOf\":{\"@id\":\"https:\\\/\\\/www.lactissima.com\\\/a-tire-d-ailes\\\/#website\"},\"primaryImageOfPage\":{\"@id\":\"https:\\\/\\\/www.lactissima.com\\\/a-tire-d-ailes\\\/ce-blog-a-10-ans\\\/#primaryimage\"},\"image\":{\"@id\":\"https:\\\/\\\/www.lactissima.com\\\/a-tire-d-ailes\\\/ce-blog-a-10-ans\\\/#primaryimage\"},\"thumbnailUrl\":\"https:\\\/\\\/www.lactissima.com\\\/a-tire-d-ailes\\\/wp-content\\\/uploads\\\/2019\\\/01\\\/anniversaire-10-ans.jpg\",\"datePublished\":\"2019-01-04T14:16:05+00:00\",\"dateModified\":\"2019-01-04T14:35:54+00:00\",\"author\":{\"@id\":\"https:\\\/\\\/www.lactissima.com\\\/a-tire-d-ailes\\\/#\\\/schema\\\/person\\\/8f98d3a89530861bc1240e6d53d44eed\"},\"description\":\"Et oui, tout est dans le titre... 10 ans pour ce blog autour de l'allaitement \u00e0 la reprise du travail, cela repr\u00e9sente : 2 495 293 lectrices !!! 15 184 Pour f\u00eater les 10 ans d'A tire d'Ailes, je vous invite au Centre allaitement V\u00e9ronique Darmangeat.\",\"breadcrumb\":{\"@id\":\"https:\\\/\\\/www.lactissima.com\\\/a-tire-d-ailes\\\/ce-blog-a-10-ans\\\/#breadcrumb\"},\"inLanguage\":\"fr-FR\",\"potentialAction\":[{\"@type\":\"ReadAction\",\"target\":[\"https:\\\/\\\/www.lactissima.com\\\/a-tire-d-ailes\\\/ce-blog-a-10-ans\\\/\"]}]},{\"@type\":\"ImageObject\",\"inLanguage\":\"fr-FR\",\"@id\":\"https:\\\/\\\/www.lactissima.com\\\/a-tire-d-ailes\\\/ce-blog-a-10-ans\\\/#primaryimage\",\"url\":\"https:\\\/\\\/www.lactissima.com\\\/a-tire-d-ailes\\\/wp-content\\\/uploads\\\/2019\\\/01\\\/anniversaire-10-ans.jpg\",\"contentUrl\":\"https:\\\/\\\/www.lactissima.com\\\/a-tire-d-ailes\\\/wp-content\\\/uploads\\\/2019\\\/01\\\/anniversaire-10-ans.jpg\",\"width\":474,\"height\":318},{\"@type\":\"BreadcrumbList\",\"@id\":\"https:\\\/\\\/www.lactissima.com\\\/a-tire-d-ailes\\\/ce-blog-a-10-ans\\\/#breadcrumb\",\"itemListElement\":[{\"@type\":\"ListItem\",\"position\":1,\"name\":\"Accueil\",\"item\":\"https:\\\/\\\/www.lactissima.com\\\/a-tire-d-ailes\\\/\"},{\"@type\":\"ListItem\",\"position\":2,\"name\":\"Ce blog a 10 ans !\"}]},{\"@type\":\"WebSite\",\"@id\":\"https:\\\/\\\/www.lactissima.com\\\/a-tire-d-ailes\\\/#website\",\"url\":\"https:\\\/\\\/www.lactissima.com\\\/a-tire-d-ailes\\\/\",\"name\":\"A tire d&#039;Ailes\",\"description\":\"Le blog des femmes qui allaitent et travaillent.\",\"potentialAction\":[{\"@type\":\"SearchAction\",\"target\":{\"@type\":\"EntryPoint\",\"urlTemplate\":\"https:\\\/\\\/www.lactissima.com\\\/a-tire-d-ailes\\\/?s={search_term_string}\"},\"query-input\":{\"@type\":\"PropertyValueSpecification\",\"valueRequired\":true,\"valueName\":\"search_term_string\"}}],\"inLanguage\":\"fr-FR\"},{\"@type\":\"Person\",\"@id\":\"https:\\\/\\\/www.lactissima.com\\\/a-tire-d-ailes\\\/#\\\/schema\\\/person\\\/8f98d3a89530861bc1240e6d53d44eed\",\"name\":\"V\u00e9ronique Darmangeat\",\"image\":{\"@type\":\"ImageObject\",\"inLanguage\":\"fr-FR\",\"@id\":\"https:\\\/\\\/secure.gravatar.com\\\/avatar\\\/268c99344c89cebfe4f5df5fa8be43068a18884fc76a29f3206fae98465b9cab?s=96&d=identicon&r=g\",\"url\":\"https:\\\/\\\/secure.gravatar.com\\\/avatar\\\/268c99344c89cebfe4f5df5fa8be43068a18884fc76a29f3206fae98465b9cab?s=96&d=identicon&r=g\",\"contentUrl\":\"https:\\\/\\\/secure.gravatar.com\\\/avatar\\\/268c99344c89cebfe4f5df5fa8be43068a18884fc76a29f3206fae98465b9cab?s=96&d=identicon&r=g\",\"caption\":\"V\u00e9ronique Darmangeat\"},\"sameAs\":[\"https:\\\/\\\/www.lactissima.com\\\/a-tire-d-ailes\",\"www.facebook.com\\\/consultante.en.lactation\"]}]}<\/script>\n<!-- \/ Yoast SEO plugin. -->","yoast_head_json":{"title":"Ce blog a 10 ans !","description":"Et oui, tout est dans le titre... 10 ans pour ce blog autour de l'allaitement \u00e0 la reprise du travail, cela repr\u00e9sente : 2 495 293 lectrices !!! 15 184 Pour f\u00eater les 10 ans d'A tire d'Ailes, je vous invite au Centre allaitement V\u00e9ronique Darmangeat.","robots":{"index":"index","follow":"follow","max-snippet":"max-snippet:-1","max-image-preview":"max-image-preview:large","max-video-preview":"max-video-preview:-1"},"canonical":"https:\/\/www.lactissima.com\/a-tire-d-ailes\/ce-blog-a-10-ans\/","og_locale":"fr_FR","og_type":"article","og_title":"Ce blog a 10 ans !","og_description":"Et oui, tout est dans le titre... 10 ans pour ce blog autour de l'allaitement \u00e0 la reprise du travail, cela repr\u00e9sente : 2 495 293 lectrices !!! 15 184 Pour f\u00eater les 10 ans d'A tire d'Ailes, je vous invite au Centre allaitement V\u00e9ronique Darmangeat.","og_url":"https:\/\/www.lactissima.com\/a-tire-d-ailes\/ce-blog-a-10-ans\/","og_site_name":"A tire d&#039;Ailes","article_publisher":"https:\/\/www.facebook.com\/consultante.en.lactation","article_author":"www.facebook.com\/consultante.en.lactation","article_published_time":"2019-01-04T14:16:05+00:00","article_modified_time":"2019-01-04T14:35:54+00:00","og_image":[{"width":474,"height":318,"url":"https:\/\/www.lactissima.com\/a-tire-d-ailes\/wp-content\/uploads\/2019\/01\/anniversaire-10-ans.jpg","type":"image\/jpeg"}],"author":"V\u00e9ronique Darmangeat","twitter_card":"summary_large_image","twitter_creator":"@VeroniqueIBCLC","twitter_site":"@VeroniqueIBCLC","twitter_misc":{"\u00c9crit par":"V\u00e9ronique Darmangeat","Dur\u00e9e de lecture estim\u00e9e":"1 minute"},"schema":{"@context":"https:\/\/schema.org","@graph":[{"@type":"Article","@id":"https:\/\/www.lactissima.com\/a-tire-d-ailes\/ce-blog-a-10-ans\/#article","isPartOf":{"@id":"https:\/\/www.lactissima.com\/a-tire-d-ailes\/ce-blog-a-10-ans\/"},"author":{"name":"V\u00e9ronique Darmangeat","@id":"https:\/\/www.lactissima.com\/a-tire-d-ailes\/#\/schema\/person\/8f98d3a89530861bc1240e6d53d44eed"},"headline":"Ce blog a 10 ans !","datePublished":"2019-01-04T14:16:05+00:00","dateModified":"2019-01-04T14:35:54+00:00","mainEntityOfPage":{"@id":"https:\/\/www.lactissima.com\/a-tire-d-ailes\/ce-blog-a-10-ans\/"},"wordCount":240,"commentCount":6,"image":{"@id":"https:\/\/www.lactissima.com\/a-tire-d-ailes\/ce-blog-a-10-ans\/#primaryimage"},"thumbnailUrl":"https:\/\/www.lactissima.com\/a-tire-d-ailes\/wp-content\/uploads\/2019\/01\/anniversaire-10-ans.jpg","articleSection":["Vie du blog"],"inLanguage":"fr-FR","potentialAction":[{"@type":"CommentAction","name":"Comment","target":["https:\/\/www.lactissima.com\/a-tire-d-ailes\/ce-blog-a-10-ans\/#respond"]}]},{"@type":"WebPage","@id":"https:\/\/www.lactissima.com\/a-tire-d-ailes\/ce-blog-a-10-ans\/","url":"https:\/\/www.lactissima.com\/a-tire-d-ailes\/ce-blog-a-10-ans\/","name":"Ce blog a 10 ans !","isPartOf":{"@id":"https:\/\/www.lactissima.com\/a-tire-d-ailes\/#website"},"primaryImageOfPage":{"@id":"https:\/\/www.lactissima.com\/a-tire-d-ailes\/ce-blog-a-10-ans\/#primaryimage"},"image":{"@id":"https:\/\/www.lactissima.com\/a-tire-d-ailes\/ce-blog-a-10-ans\/#primaryimage"},"thumbnailUrl":"https:\/\/www.lactissima.com\/a-tire-d-ailes\/wp-content\/uploads\/2019\/01\/anniversaire-10-ans.jpg","datePublished":"2019-01-04T14:16:05+00:00","dateModified":"2019-01-04T14:35:54+00:00","author":{"@id":"https:\/\/www.lactissima.com\/a-tire-d-ailes\/#\/schema\/person\/8f98d3a89530861bc1240e6d53d44eed"},"description":"Et oui, tout est dans le titre... 10 ans pour ce blog autour de l'allaitement \u00e0 la reprise du travail, cela repr\u00e9sente : 2 495 293 lectrices !!! 15 184 Pour f\u00eater les 10 ans d'A tire d'Ailes, je vous invite au Centre allaitement V\u00e9ronique Darmangeat.","breadcrumb":{"@id":"https:\/\/www.lactissima.com\/a-tire-d-ailes\/ce-blog-a-10-ans\/#breadcrumb"},"inLanguage":"fr-FR","potentialAction":[{"@type":"ReadAction","target":["https:\/\/www.lactissima.com\/a-tire-d-ailes\/ce-blog-a-10-ans\/"]}]},{"@type":"ImageObject","inLanguage":"fr-FR","@id":"https:\/\/www.lactissima.com\/a-tire-d-ailes\/ce-blog-a-10-ans\/#primaryimage","url":"https:\/\/www.lactissima.com\/a-tire-d-ailes\/wp-content\/uploads\/2019\/01\/anniversaire-10-ans.jpg","contentUrl":"https:\/\/www.lactissima.com\/a-tire-d-ailes\/wp-content\/uploads\/2019\/01\/anniversaire-10-ans.jpg","width":474,"height":318},{"@type":"BreadcrumbList","@id":"https:\/\/www.lactissima.com\/a-tire-d-ailes\/ce-blog-a-10-ans\/#breadcrumb","itemListElement":[{"@type":"ListItem","position":1,"name":"Accueil","item":"https:\/\/www.lactissima.com\/a-tire-d-ailes\/"},{"@type":"ListItem","position":2,"name":"Ce blog a 10 ans !"}]},{"@type":"WebSite","@id":"https:\/\/www.lactissima.com\/a-tire-d-ailes\/#website","url":"https:\/\/www.lactissima.com\/a-tire-d-ailes\/","name":"A tire d&#039;Ailes","description":"Le blog des femmes qui allaitent et travaillent.","potentialAction":[{"@type":"SearchAction","target":{"@type":"EntryPoint","urlTemplate":"https:\/\/www.lactissima.com\/a-tire-d-ailes\/?s={search_term_string}"},"query-input":{"@type":"PropertyValueSpecification","valueRequired":true,"valueName":"search_term_string"}}],"inLanguage":"fr-FR"},{"@type":"Person","@id":"https:\/\/www.lactissima.com\/a-tire-d-ailes\/#\/schema\/person\/8f98d3a89530861bc1240e6d53d44eed","name":"V\u00e9ronique Darmangeat","image":{"@type":"ImageObject","inLanguage":"fr-FR","@id":"https:\/\/secure.gravatar.com\/avatar\/268c99344c89cebfe4f5df5fa8be43068a18884fc76a29f3206fae98465b9cab?s=96&d=identicon&r=g","url":"https:\/\/secure.gravatar.com\/avatar\/268c99344c89cebfe4f5df5fa8be43068a18884fc76a29f3206fae98465b9cab?s=96&d=identicon&r=g","contentUrl":"https:\/\/secure.gravatar.com\/avatar\/268c99344c89cebfe4f5df5fa8be43068a18884fc76a29f3206fae98465b9cab?s=96&d=identicon&r=g","caption":"V\u00e9ronique Darmangeat"},"sameAs":["https:\/\/www.lactissima.com\/a-tire-d-ailes","www.facebook.com\/consultante.en.lactation"]}]}},"_links":{"self":[{"href":"https:\/\/www.lactissima.com\/a-tire-d-ailes\/wp-json\/wp\/v2\/posts\/7961","targetHints":{"allow":["GET"]}}],"collection":[{"href":"https:\/\/www.lactissima.com\/a-tire-d-ailes\/wp-json\/wp\/v2\/posts"}],"about":[{"href":"https:\/\/www.lactissima.com\/a-tire-d-ailes\/wp-json\/wp\/v2\/types\/post"}],"author":[{"embeddable":true,"href":"https:\/\/www.lactissima.com\/a-tire-d-ailes\/wp-json\/wp\/v2\/users\/170"}],"replies":[{"embeddable":true,"href":"https:\/\/www.lactissima.com\/a-tire-d-ailes\/wp-json\/wp\/v2\/comments?post=7961"}],"version-history":[{"count":7,"href":"https:\/\/www.lactissima.com\/a-tire-d-ailes\/wp-json\/wp\/v2\/posts\/7961\/revisions"}],"predecessor-version":[{"id":7972,"href":"https:\/\/www.lactissima.com\/a-tire-d-ailes\/wp-json\/wp\/v2\/posts\/7961\/revisions\/7972"}],"wp:featuredmedia":[{"embeddable":true,"href":"https:\/\/www.lactissima.com\/a-tire-d-ailes\/wp-json\/wp\/v2\/media\/7962"}],"wp:attachment":[{"href":"https:\/\/www.lactissima.com\/a-tire-d-ailes\/wp-json\/wp\/v2\/media?parent=7961"}],"wp:term":[{"taxonomy":"category","embeddable":true,"href":"https:\/\/www.lactissima.com\/a-tire-d-ailes\/wp-json\/wp\/v2\/categories?post=7961"},{"taxonomy":"post_tag","embeddable":true,"href":"https:\/\/www.lactissima.com\/a-tire-d-ailes\/wp-json\/wp\/v2\/tags?post=7961"}],"curies":[{"name":"wp","href":"https:\/\/api.w.org\/{rel}","templated":true}]}}