{"id":7939,"date":"2018-12-06T16:55:18","date_gmt":"2018-12-06T15:55:18","guid":{"rendered":"https:\/\/www.lactissima.com\/a-tire-d-ailes\/?p=7939"},"modified":"2018-12-06T16:55:18","modified_gmt":"2018-12-06T15:55:18","slug":"le-sevrage-dun-bambin-sonia","status":"publish","type":"post","link":"https:\/\/www.lactissima.com\/a-tire-d-ailes\/le-sevrage-dun-bambin-sonia\/","title":{"rendered":"Le sevrage d&rsquo;un bambin : Sonia"},"content":{"rendered":"<p style=\"text-align: justify;\"><img loading=\"lazy\" decoding=\"async\" class=\"alignright size-full wp-image-7940\" src=\"https:\/\/www.lactissima.com\/a-tire-d-ailes\/wp-content\/uploads\/2018\/12\/Sonia.jpeg\" alt=\"sevrage bambin\" width=\"346\" height=\"461\" srcset=\"https:\/\/www.lactissima.com\/a-tire-d-ailes\/wp-content\/uploads\/2018\/12\/Sonia.jpeg 346w, https:\/\/www.lactissima.com\/a-tire-d-ailes\/wp-content\/uploads\/2018\/12\/Sonia-225x300.jpeg 225w\" sizes=\"(max-width: 346px) 100vw, 346px\" \/>Quand ma petite Z\u00e9lie est n\u00e9e, le 23 juillet 2015, je savais que je voulais l\u2019allaiter et le faire longtemps. J\u2019avais allait\u00e9 son a\u00een\u00e9 13 mois et l\u00e0 je me disais que l\u2019allaitement durerait 18 mois\/ 2 ans.<br \/>\nJ\u2019avais la chance de <strong>pouvoir l\u2019allaiter sur mon lieu de travail<\/strong> et de ne pas travailler le mercredi. La cr\u00e8che \u00e9tait stricte sur les horaires de t\u00e9t\u00e9es et je n\u2019ai jamais pu imposer l\u2019allaitement \u00e0 la demande mais je l\u2019allaitais le matin en la d\u00e9posant, en fin de matin\u00e9e, milieu d\u2019apr\u00e8s-midi puis en la r\u00e9cup\u00e9rant le soir et \u00e0 la demande \u00e0 la maison. J\u2019ai fait \u00e7a jusqu\u2019\u00e0 ses un an. Quand elle est entr\u00e9e chez les moyens, elle \u00e9tait bien diversifi\u00e9e donc c\u2019\u00e9tait plus facile et j\u2019avais supprim\u00e9 la t\u00e9t\u00e9e de quand on arrivait \u00e0 la cr\u00e8che. Pour sa derni\u00e8re ann\u00e9e de cr\u00e8che, j\u2019ai supprim\u00e9 toute t\u00e9t\u00e9e \u00e0 la cr\u00e8che.<\/p>\n<p style=\"text-align: justify;\">Notre allaitement se passait bien mais quand elle a eu deux ans et quelques mois \u00e7a a commenc\u00e9 \u00e0 <strong>me peser<\/strong>. Elle \u00e9tait toujours allait\u00e9e \u00e0 la demande et ne se privait jamais : dans le m\u00e9tro, \u00e0 chaque fois qu\u2019elle s\u2019ennuyait&#8230;j\u2019ai mis le \u00ab hol\u00e0 \u00bb pour ne plus allaiter dans les lieux publics. Elle a parfois hurl\u00e9 fort mais les circonstances faisaient qu\u2019il m\u2019\u00e9tait facile de tenir bon (heure de pointe dans le m\u00e9tro&#8230;.).<\/p>\n<p style=\"text-align: justify;\">Elle continuait n\u00e9anmoins de s\u2019endormir en t\u00e9tant, de t\u00e9ter jusqu\u2019\u00e0 5 fois par nuit, le matin et souvent \u00e0 la maison&#8230;.\u00e0 deux ans et demi j\u2019en avais un peu marre (et parfois vraiment marre), ne pouvait pas boire de vin ne sachant jamais quand elle voudrait t\u00e9ter et le plaisir de l\u2019allaitement devenait contrainte. <strong>Le papa \u00e9tait pour que je continue<\/strong> mais moi je voulais mon corps pour moi. J\u2019ai donc, l\u00e0 encore, rajout\u00e9 des r\u00e8gles: si maman boit du vin, il y a du \u00ab caca dans son lait \u00bb et tu ne peux pas t\u00e9ter. \u00c7a ne lui a pas toujours plu mais c\u2019est vite devenu un jeu : \u00ab maman a du caca dans le lait je peux pas t\u00e9ter \u00bb. Apr\u00e8s j\u2019ai parfois eu honte quand \u00e0 10h du matin en public elle me demande: \u00ab- tu as du caca dans le lait maman, tu as bu du champagne? \u00bb \u00ab -euh&#8230;non ma ch\u00e9rie maman ne boit pas \u00e0 10h du matin! \u00bb.<\/p>\n<p style=\"text-align: justify;\">Toutes ces nouvelles r\u00e8gles rendaient l\u2019allaitement plus supportable mais <strong>les couchers en 1 h au sein<\/strong> me pesaient. Je ne pouvais pas coucher mon fils&#8230;.alors j\u2019ai d\u00e9cid\u00e9 que c\u2019\u00e9tait fini, j\u2019en avais marre. Il fallait que \u00e7a s\u2019arr\u00eate. J\u2019ai pris RDV avec V\u00e9ronique le 18 avril 2017. On a parl\u00e9 avec Z\u00e9lie et V\u00e9ronique m\u2019a expliqu\u00e9 que m\u00eame si elle ne voulait pas, elle pouvait \u00eatre sevr\u00e9e, qu\u2019elle \u00e9tait arm\u00e9e pour, et on a mis en place un \u00ab plan \u00bb: d\u2019abord supprimer les t\u00e9t\u00e9es de la nuit, puis celle du matin puis celle du coucher.<\/p>\n<p style=\"text-align: justify;\">Z\u00e9lie a <strong>pr\u00e9f\u00e9r\u00e9<\/strong>, moyennant l\u2019achat d\u2019un biberon et d\u2019une t\u00e9tine dont elle ne se sert pas, supprimer la t\u00e9t\u00e9e du coucher en premier&#8230;.et sans cri elle a arr\u00eat\u00e9 de t\u00e9ter pour le coucher. Nous avons donc mis en place un nouveau rituel : lecture de deux livres, petit c\u00e2lin. Les endormissements ont parfois \u00e9t\u00e9 tr\u00e8s difficiles mais elle n\u2019a jamais demand\u00e9 le sein et je ne le lui ai jamais propos\u00e9&#8230;<\/p>\n<p style=\"text-align: justify;\">Et puis nous n\u2019avons pas pu aller plus loin dans la poursuite du plan.<strong> Je n\u2019\u00e9tais peut \u00eatre pas pr\u00eate<\/strong>. Je ne voulais pas la brusquer. J\u2019avais envie d\u2019un sevrage naturel mais c\u2019\u00e9tait tellement long&#8230;.et finalement toutes les t\u00e9t\u00e9es qui me pesaient avaient \u00e9t\u00e9 supprim\u00e9es (celles dans le m\u00e9tro et l\u2019interminable du coucher).<\/p>\n<p style=\"text-align: justify;\">Si bien que l\u2019arr\u00eat des t\u00e9t\u00e9es la journ\u00e9e, la possibilit\u00e9 de lui dire non la nuit parce que j\u2019avais bu de l\u2019alcool et le fait qu\u2019elle s\u2019endorme sans le sein nous avait emmen\u00e9 \u00e0 un allaitement acceptable pour toutes les deux (il lui restait la nuit et le matin)&#8230;et nous a emmen\u00e9 jusqu\u2019aux vacances d\u2019\u00e9t\u00e9 o\u00f9 elle n\u2019a pas demand\u00e9 pendant 15 jours&#8230;j\u2019ai cru que nous y \u00e9tions mais \u00e0 peine arriv\u00e9es au bord de la mer c\u2019\u00e9tait reparti&#8230;<\/p>\n<p style=\"text-align: justify;\">Et puis nous avons pass\u00e9 la rentr\u00e9e scolaire et je lui ai dit qu\u2019\u00e0 No\u00ebl on arr\u00eatait, m\u00eame si au fond ce n\u2019\u00e9tait plus un besoin (c\u2019\u00e9tait un probl\u00e8me de pilule. La seule pilule compatible avec l\u2019allaitement ne me convient pas et j\u2019ai besoin d\u2019en changer pour mon confort).<\/p>\n<p style=\"text-align: justify;\">Et pendant ces vacances de la Toussaint pour ses 3 ans et 3 mois exactement elle m\u2019a \u00e0 nouveau <strong>r\u00e9clam\u00e9 l\u2019achat d\u2019un biberon<\/strong>. J\u2019ai dit ok mais uniquement si elle arr\u00eatait de t\u00e9ter pour toujours. Elle a accept\u00e9 apr\u00e8s que je lui ai bien pos\u00e9 plusieurs fois la question pour qu\u2019elle soit s\u00fbre de son choix&#8230; J\u2019ai achet\u00e9 le biberon qui ne sert pas plus que le premier et voil\u00e0 l\u2019allaitement est termin\u00e9. \u00c7a fait 10 jours&#8230;<br \/>\nJe ne suis pas all\u00e9e au sevrage naturel mais elle l\u2019a bien v\u00e9cu quand m\u00eame je crois. On a mis du temps mais je crois qu\u2019elle \u00e9tait pr\u00eate&#8230;.et aujourd\u2019hui je regrette de ne pas avoir eu, moi, la force d\u2019aller plus loin mais je suis heureuse de notre <strong>bel allaitement<\/strong>.<\/p>\n<p><strong>Articles en rapport :<\/strong><\/p>\n<ul>\n<li>Voir l\u2019onglet\u00a0<a href=\"https:\/\/www.lactissima.com\/a-tire-d-ailes\/temoignages-travail-et-allaitement\/\" target=\"_blank\" rel=\"noopener noreferrer\">t\u00e9moignages<\/a><\/li>\n<\/ul>\n<p>&nbsp;<\/p>\n<div class='et-box et-shadow'>\n\t\t\t\t\t<div class='et-box-content'>Lire des articles ou poser des questions en commentaire ne suffit pas \u00e0 r\u00e9soudre votre probl\u00e8me ? Savez-vous que vous pouvez prendre RDV pour une consultation avec moi ? N&rsquo;h\u00e9sitez pas \u00e0 me contacter !<\/div><\/div>\n","protected":false},"excerpt":{"rendered":"<p>Quand ma petite Z\u00e9lie est n\u00e9e, le 23 juillet 2015, je savais que je voulais l\u2019allaiter et le faire longtemps. J\u2019avais allait\u00e9 son a\u00een\u00e9 13 mois et l\u00e0 je me disais que l\u2019allaitement durerait 18 mois\/ 2 ans. J\u2019avais la chance de pouvoir l\u2019allaiter sur mon lieu de travail et de ne pas travailler le [&hellip;]<\/p>\n","protected":false},"author":170,"featured_media":7940,"comment_status":"open","ping_status":"open","sticky":false,"template":"","format":"standard","meta":{"_et_pb_use_builder":"","_et_pb_old_content":"","_et_gb_content_width":"","footnotes":""},"categories":[35],"tags":[],"class_list":["post-7939","post","type-post","status-publish","format-standard","has-post-thumbnail","hentry","category-allaitement"],"yoast_head":"<!-- This site is optimized with the Yoast SEO plugin v27.4 - https:\/\/yoast.com\/product\/yoast-seo-wordpress\/ -->\n<title>Le sevrage d&#039;un bambin : Sonia<\/title>\n<meta name=\"description\" content=\"Quand ma petite Z\u00e9lie est n\u00e9e, le 23 juillet 2015, je savais que je voulais l\u2019allaiter et le faire longtemps. J\u2019avais allait\u00e9 son a\u00een\u00e9 13 mois et l\u00e0 je me Sonia a allait\u00e9 sa fille jusqu&#039;\u00e0 plus de 3 ans et l&#039;a sevr\u00e9e par \u00e9tapes.\" \/>\n<meta name=\"robots\" content=\"index, follow, max-snippet:-1, max-image-preview:large, max-video-preview:-1\" \/>\n<link rel=\"canonical\" href=\"https:\/\/www.lactissima.com\/a-tire-d-ailes\/le-sevrage-dun-bambin-sonia\/\" \/>\n<meta property=\"og:locale\" content=\"fr_FR\" \/>\n<meta property=\"og:type\" content=\"article\" \/>\n<meta property=\"og:title\" content=\"Le sevrage d&#039;un bambin : Sonia\" \/>\n<meta property=\"og:description\" content=\"Quand ma petite Z\u00e9lie est n\u00e9e, le 23 juillet 2015, je savais que je voulais l\u2019allaiter et le faire longtemps. J\u2019avais allait\u00e9 son a\u00een\u00e9 13 mois et l\u00e0 je me Sonia a allait\u00e9 sa fille jusqu&#039;\u00e0 plus de 3 ans et l&#039;a sevr\u00e9e par \u00e9tapes.\" \/>\n<meta property=\"og:url\" content=\"https:\/\/www.lactissima.com\/a-tire-d-ailes\/le-sevrage-dun-bambin-sonia\/\" \/>\n<meta property=\"og:site_name\" content=\"A tire d&#039;Ailes\" \/>\n<meta property=\"article:publisher\" content=\"https:\/\/www.facebook.com\/consultante.en.lactation\" \/>\n<meta property=\"article:author\" content=\"www.facebook.com\/consultante.en.lactation\" \/>\n<meta property=\"article:published_time\" content=\"2018-12-06T15:55:18+00:00\" \/>\n<meta property=\"og:image\" content=\"https:\/\/www.lactissima.com\/a-tire-d-ailes\/wp-content\/uploads\/2018\/12\/Sonia.jpeg\" \/>\n\t<meta property=\"og:image:width\" content=\"346\" \/>\n\t<meta property=\"og:image:height\" content=\"461\" \/>\n\t<meta property=\"og:image:type\" content=\"image\/jpeg\" \/>\n<meta name=\"author\" content=\"V\u00e9ronique Darmangeat\" \/>\n<meta name=\"twitter:card\" content=\"summary_large_image\" \/>\n<meta name=\"twitter:creator\" content=\"@VeroniqueIBCLC\" \/>\n<meta name=\"twitter:site\" content=\"@VeroniqueIBCLC\" \/>\n<meta name=\"twitter:label1\" content=\"\u00c9crit par\" \/>\n\t<meta name=\"twitter:data1\" content=\"V\u00e9ronique Darmangeat\" \/>\n\t<meta name=\"twitter:label2\" content=\"Dur\u00e9e de lecture estim\u00e9e\" \/>\n\t<meta name=\"twitter:data2\" content=\"5 minutes\" \/>\n<script type=\"application\/ld+json\" class=\"yoast-schema-graph\">{\"@context\":\"https:\\\/\\\/schema.org\",\"@graph\":[{\"@type\":\"Article\",\"@id\":\"https:\\\/\\\/www.lactissima.com\\\/a-tire-d-ailes\\\/le-sevrage-dun-bambin-sonia\\\/#article\",\"isPartOf\":{\"@id\":\"https:\\\/\\\/www.lactissima.com\\\/a-tire-d-ailes\\\/le-sevrage-dun-bambin-sonia\\\/\"},\"author\":{\"name\":\"V\u00e9ronique Darmangeat\",\"@id\":\"https:\\\/\\\/www.lactissima.com\\\/a-tire-d-ailes\\\/#\\\/schema\\\/person\\\/8f98d3a89530861bc1240e6d53d44eed\"},\"headline\":\"Le sevrage d&rsquo;un bambin : Sonia\",\"datePublished\":\"2018-12-06T15:55:18+00:00\",\"mainEntityOfPage\":{\"@id\":\"https:\\\/\\\/www.lactissima.com\\\/a-tire-d-ailes\\\/le-sevrage-dun-bambin-sonia\\\/\"},\"wordCount\":1033,\"commentCount\":8,\"image\":{\"@id\":\"https:\\\/\\\/www.lactissima.com\\\/a-tire-d-ailes\\\/le-sevrage-dun-bambin-sonia\\\/#primaryimage\"},\"thumbnailUrl\":\"https:\\\/\\\/www.lactissima.com\\\/a-tire-d-ailes\\\/wp-content\\\/uploads\\\/2018\\\/12\\\/Sonia.jpeg\",\"articleSection\":[\"Allaitement\"],\"inLanguage\":\"fr-FR\",\"potentialAction\":[{\"@type\":\"CommentAction\",\"name\":\"Comment\",\"target\":[\"https:\\\/\\\/www.lactissima.com\\\/a-tire-d-ailes\\\/le-sevrage-dun-bambin-sonia\\\/#respond\"]}]},{\"@type\":\"WebPage\",\"@id\":\"https:\\\/\\\/www.lactissima.com\\\/a-tire-d-ailes\\\/le-sevrage-dun-bambin-sonia\\\/\",\"url\":\"https:\\\/\\\/www.lactissima.com\\\/a-tire-d-ailes\\\/le-sevrage-dun-bambin-sonia\\\/\",\"name\":\"Le sevrage d'un bambin : Sonia\",\"isPartOf\":{\"@id\":\"https:\\\/\\\/www.lactissima.com\\\/a-tire-d-ailes\\\/#website\"},\"primaryImageOfPage\":{\"@id\":\"https:\\\/\\\/www.lactissima.com\\\/a-tire-d-ailes\\\/le-sevrage-dun-bambin-sonia\\\/#primaryimage\"},\"image\":{\"@id\":\"https:\\\/\\\/www.lactissima.com\\\/a-tire-d-ailes\\\/le-sevrage-dun-bambin-sonia\\\/#primaryimage\"},\"thumbnailUrl\":\"https:\\\/\\\/www.lactissima.com\\\/a-tire-d-ailes\\\/wp-content\\\/uploads\\\/2018\\\/12\\\/Sonia.jpeg\",\"datePublished\":\"2018-12-06T15:55:18+00:00\",\"author\":{\"@id\":\"https:\\\/\\\/www.lactissima.com\\\/a-tire-d-ailes\\\/#\\\/schema\\\/person\\\/8f98d3a89530861bc1240e6d53d44eed\"},\"description\":\"Quand ma petite Z\u00e9lie est n\u00e9e, le 23 juillet 2015, je savais que je voulais l\u2019allaiter et le faire longtemps. J\u2019avais allait\u00e9 son a\u00een\u00e9 13 mois et l\u00e0 je me Sonia a allait\u00e9 sa fille jusqu'\u00e0 plus de 3 ans et l'a sevr\u00e9e par \u00e9tapes.\",\"breadcrumb\":{\"@id\":\"https:\\\/\\\/www.lactissima.com\\\/a-tire-d-ailes\\\/le-sevrage-dun-bambin-sonia\\\/#breadcrumb\"},\"inLanguage\":\"fr-FR\",\"potentialAction\":[{\"@type\":\"ReadAction\",\"target\":[\"https:\\\/\\\/www.lactissima.com\\\/a-tire-d-ailes\\\/le-sevrage-dun-bambin-sonia\\\/\"]}]},{\"@type\":\"ImageObject\",\"inLanguage\":\"fr-FR\",\"@id\":\"https:\\\/\\\/www.lactissima.com\\\/a-tire-d-ailes\\\/le-sevrage-dun-bambin-sonia\\\/#primaryimage\",\"url\":\"https:\\\/\\\/www.lactissima.com\\\/a-tire-d-ailes\\\/wp-content\\\/uploads\\\/2018\\\/12\\\/Sonia.jpeg\",\"contentUrl\":\"https:\\\/\\\/www.lactissima.com\\\/a-tire-d-ailes\\\/wp-content\\\/uploads\\\/2018\\\/12\\\/Sonia.jpeg\",\"width\":346,\"height\":461,\"caption\":\"sevrage bambin\"},{\"@type\":\"BreadcrumbList\",\"@id\":\"https:\\\/\\\/www.lactissima.com\\\/a-tire-d-ailes\\\/le-sevrage-dun-bambin-sonia\\\/#breadcrumb\",\"itemListElement\":[{\"@type\":\"ListItem\",\"position\":1,\"name\":\"Accueil\",\"item\":\"https:\\\/\\\/www.lactissima.com\\\/a-tire-d-ailes\\\/\"},{\"@type\":\"ListItem\",\"position\":2,\"name\":\"Le sevrage d&rsquo;un bambin : Sonia\"}]},{\"@type\":\"WebSite\",\"@id\":\"https:\\\/\\\/www.lactissima.com\\\/a-tire-d-ailes\\\/#website\",\"url\":\"https:\\\/\\\/www.lactissima.com\\\/a-tire-d-ailes\\\/\",\"name\":\"A tire d&#039;Ailes\",\"description\":\"Le blog des femmes qui allaitent et travaillent.\",\"potentialAction\":[{\"@type\":\"SearchAction\",\"target\":{\"@type\":\"EntryPoint\",\"urlTemplate\":\"https:\\\/\\\/www.lactissima.com\\\/a-tire-d-ailes\\\/?s={search_term_string}\"},\"query-input\":{\"@type\":\"PropertyValueSpecification\",\"valueRequired\":true,\"valueName\":\"search_term_string\"}}],\"inLanguage\":\"fr-FR\"},{\"@type\":\"Person\",\"@id\":\"https:\\\/\\\/www.lactissima.com\\\/a-tire-d-ailes\\\/#\\\/schema\\\/person\\\/8f98d3a89530861bc1240e6d53d44eed\",\"name\":\"V\u00e9ronique Darmangeat\",\"image\":{\"@type\":\"ImageObject\",\"inLanguage\":\"fr-FR\",\"@id\":\"https:\\\/\\\/secure.gravatar.com\\\/avatar\\\/268c99344c89cebfe4f5df5fa8be43068a18884fc76a29f3206fae98465b9cab?s=96&d=identicon&r=g\",\"url\":\"https:\\\/\\\/secure.gravatar.com\\\/avatar\\\/268c99344c89cebfe4f5df5fa8be43068a18884fc76a29f3206fae98465b9cab?s=96&d=identicon&r=g\",\"contentUrl\":\"https:\\\/\\\/secure.gravatar.com\\\/avatar\\\/268c99344c89cebfe4f5df5fa8be43068a18884fc76a29f3206fae98465b9cab?s=96&d=identicon&r=g\",\"caption\":\"V\u00e9ronique Darmangeat\"},\"sameAs\":[\"https:\\\/\\\/www.lactissima.com\\\/a-tire-d-ailes\",\"www.facebook.com\\\/consultante.en.lactation\"]}]}<\/script>\n<!-- \/ Yoast SEO plugin. -->","yoast_head_json":{"title":"Le sevrage d'un bambin : Sonia","description":"Quand ma petite Z\u00e9lie est n\u00e9e, le 23 juillet 2015, je savais que je voulais l\u2019allaiter et le faire longtemps. J\u2019avais allait\u00e9 son a\u00een\u00e9 13 mois et l\u00e0 je me Sonia a allait\u00e9 sa fille jusqu'\u00e0 plus de 3 ans et l'a sevr\u00e9e par \u00e9tapes.","robots":{"index":"index","follow":"follow","max-snippet":"max-snippet:-1","max-image-preview":"max-image-preview:large","max-video-preview":"max-video-preview:-1"},"canonical":"https:\/\/www.lactissima.com\/a-tire-d-ailes\/le-sevrage-dun-bambin-sonia\/","og_locale":"fr_FR","og_type":"article","og_title":"Le sevrage d'un bambin : Sonia","og_description":"Quand ma petite Z\u00e9lie est n\u00e9e, le 23 juillet 2015, je savais que je voulais l\u2019allaiter et le faire longtemps. J\u2019avais allait\u00e9 son a\u00een\u00e9 13 mois et l\u00e0 je me Sonia a allait\u00e9 sa fille jusqu'\u00e0 plus de 3 ans et l'a sevr\u00e9e par \u00e9tapes.","og_url":"https:\/\/www.lactissima.com\/a-tire-d-ailes\/le-sevrage-dun-bambin-sonia\/","og_site_name":"A tire d&#039;Ailes","article_publisher":"https:\/\/www.facebook.com\/consultante.en.lactation","article_author":"www.facebook.com\/consultante.en.lactation","article_published_time":"2018-12-06T15:55:18+00:00","og_image":[{"width":346,"height":461,"url":"https:\/\/www.lactissima.com\/a-tire-d-ailes\/wp-content\/uploads\/2018\/12\/Sonia.jpeg","type":"image\/jpeg"}],"author":"V\u00e9ronique Darmangeat","twitter_card":"summary_large_image","twitter_creator":"@VeroniqueIBCLC","twitter_site":"@VeroniqueIBCLC","twitter_misc":{"\u00c9crit par":"V\u00e9ronique Darmangeat","Dur\u00e9e de lecture estim\u00e9e":"5 minutes"},"schema":{"@context":"https:\/\/schema.org","@graph":[{"@type":"Article","@id":"https:\/\/www.lactissima.com\/a-tire-d-ailes\/le-sevrage-dun-bambin-sonia\/#article","isPartOf":{"@id":"https:\/\/www.lactissima.com\/a-tire-d-ailes\/le-sevrage-dun-bambin-sonia\/"},"author":{"name":"V\u00e9ronique Darmangeat","@id":"https:\/\/www.lactissima.com\/a-tire-d-ailes\/#\/schema\/person\/8f98d3a89530861bc1240e6d53d44eed"},"headline":"Le sevrage d&rsquo;un bambin : Sonia","datePublished":"2018-12-06T15:55:18+00:00","mainEntityOfPage":{"@id":"https:\/\/www.lactissima.com\/a-tire-d-ailes\/le-sevrage-dun-bambin-sonia\/"},"wordCount":1033,"commentCount":8,"image":{"@id":"https:\/\/www.lactissima.com\/a-tire-d-ailes\/le-sevrage-dun-bambin-sonia\/#primaryimage"},"thumbnailUrl":"https:\/\/www.lactissima.com\/a-tire-d-ailes\/wp-content\/uploads\/2018\/12\/Sonia.jpeg","articleSection":["Allaitement"],"inLanguage":"fr-FR","potentialAction":[{"@type":"CommentAction","name":"Comment","target":["https:\/\/www.lactissima.com\/a-tire-d-ailes\/le-sevrage-dun-bambin-sonia\/#respond"]}]},{"@type":"WebPage","@id":"https:\/\/www.lactissima.com\/a-tire-d-ailes\/le-sevrage-dun-bambin-sonia\/","url":"https:\/\/www.lactissima.com\/a-tire-d-ailes\/le-sevrage-dun-bambin-sonia\/","name":"Le sevrage d'un bambin : Sonia","isPartOf":{"@id":"https:\/\/www.lactissima.com\/a-tire-d-ailes\/#website"},"primaryImageOfPage":{"@id":"https:\/\/www.lactissima.com\/a-tire-d-ailes\/le-sevrage-dun-bambin-sonia\/#primaryimage"},"image":{"@id":"https:\/\/www.lactissima.com\/a-tire-d-ailes\/le-sevrage-dun-bambin-sonia\/#primaryimage"},"thumbnailUrl":"https:\/\/www.lactissima.com\/a-tire-d-ailes\/wp-content\/uploads\/2018\/12\/Sonia.jpeg","datePublished":"2018-12-06T15:55:18+00:00","author":{"@id":"https:\/\/www.lactissima.com\/a-tire-d-ailes\/#\/schema\/person\/8f98d3a89530861bc1240e6d53d44eed"},"description":"Quand ma petite Z\u00e9lie est n\u00e9e, le 23 juillet 2015, je savais que je voulais l\u2019allaiter et le faire longtemps. J\u2019avais allait\u00e9 son a\u00een\u00e9 13 mois et l\u00e0 je me Sonia a allait\u00e9 sa fille jusqu'\u00e0 plus de 3 ans et l'a sevr\u00e9e par \u00e9tapes.","breadcrumb":{"@id":"https:\/\/www.lactissima.com\/a-tire-d-ailes\/le-sevrage-dun-bambin-sonia\/#breadcrumb"},"inLanguage":"fr-FR","potentialAction":[{"@type":"ReadAction","target":["https:\/\/www.lactissima.com\/a-tire-d-ailes\/le-sevrage-dun-bambin-sonia\/"]}]},{"@type":"ImageObject","inLanguage":"fr-FR","@id":"https:\/\/www.lactissima.com\/a-tire-d-ailes\/le-sevrage-dun-bambin-sonia\/#primaryimage","url":"https:\/\/www.lactissima.com\/a-tire-d-ailes\/wp-content\/uploads\/2018\/12\/Sonia.jpeg","contentUrl":"https:\/\/www.lactissima.com\/a-tire-d-ailes\/wp-content\/uploads\/2018\/12\/Sonia.jpeg","width":346,"height":461,"caption":"sevrage bambin"},{"@type":"BreadcrumbList","@id":"https:\/\/www.lactissima.com\/a-tire-d-ailes\/le-sevrage-dun-bambin-sonia\/#breadcrumb","itemListElement":[{"@type":"ListItem","position":1,"name":"Accueil","item":"https:\/\/www.lactissima.com\/a-tire-d-ailes\/"},{"@type":"ListItem","position":2,"name":"Le sevrage d&rsquo;un bambin : Sonia"}]},{"@type":"WebSite","@id":"https:\/\/www.lactissima.com\/a-tire-d-ailes\/#website","url":"https:\/\/www.lactissima.com\/a-tire-d-ailes\/","name":"A tire d&#039;Ailes","description":"Le blog des femmes qui allaitent et travaillent.","potentialAction":[{"@type":"SearchAction","target":{"@type":"EntryPoint","urlTemplate":"https:\/\/www.lactissima.com\/a-tire-d-ailes\/?s={search_term_string}"},"query-input":{"@type":"PropertyValueSpecification","valueRequired":true,"valueName":"search_term_string"}}],"inLanguage":"fr-FR"},{"@type":"Person","@id":"https:\/\/www.lactissima.com\/a-tire-d-ailes\/#\/schema\/person\/8f98d3a89530861bc1240e6d53d44eed","name":"V\u00e9ronique Darmangeat","image":{"@type":"ImageObject","inLanguage":"fr-FR","@id":"https:\/\/secure.gravatar.com\/avatar\/268c99344c89cebfe4f5df5fa8be43068a18884fc76a29f3206fae98465b9cab?s=96&d=identicon&r=g","url":"https:\/\/secure.gravatar.com\/avatar\/268c99344c89cebfe4f5df5fa8be43068a18884fc76a29f3206fae98465b9cab?s=96&d=identicon&r=g","contentUrl":"https:\/\/secure.gravatar.com\/avatar\/268c99344c89cebfe4f5df5fa8be43068a18884fc76a29f3206fae98465b9cab?s=96&d=identicon&r=g","caption":"V\u00e9ronique Darmangeat"},"sameAs":["https:\/\/www.lactissima.com\/a-tire-d-ailes","www.facebook.com\/consultante.en.lactation"]}]}},"_links":{"self":[{"href":"https:\/\/www.lactissima.com\/a-tire-d-ailes\/wp-json\/wp\/v2\/posts\/7939","targetHints":{"allow":["GET"]}}],"collection":[{"href":"https:\/\/www.lactissima.com\/a-tire-d-ailes\/wp-json\/wp\/v2\/posts"}],"about":[{"href":"https:\/\/www.lactissima.com\/a-tire-d-ailes\/wp-json\/wp\/v2\/types\/post"}],"author":[{"embeddable":true,"href":"https:\/\/www.lactissima.com\/a-tire-d-ailes\/wp-json\/wp\/v2\/users\/170"}],"replies":[{"embeddable":true,"href":"https:\/\/www.lactissima.com\/a-tire-d-ailes\/wp-json\/wp\/v2\/comments?post=7939"}],"version-history":[{"count":3,"href":"https:\/\/www.lactissima.com\/a-tire-d-ailes\/wp-json\/wp\/v2\/posts\/7939\/revisions"}],"predecessor-version":[{"id":7943,"href":"https:\/\/www.lactissima.com\/a-tire-d-ailes\/wp-json\/wp\/v2\/posts\/7939\/revisions\/7943"}],"wp:featuredmedia":[{"embeddable":true,"href":"https:\/\/www.lactissima.com\/a-tire-d-ailes\/wp-json\/wp\/v2\/media\/7940"}],"wp:attachment":[{"href":"https:\/\/www.lactissima.com\/a-tire-d-ailes\/wp-json\/wp\/v2\/media?parent=7939"}],"wp:term":[{"taxonomy":"category","embeddable":true,"href":"https:\/\/www.lactissima.com\/a-tire-d-ailes\/wp-json\/wp\/v2\/categories?post=7939"},{"taxonomy":"post_tag","embeddable":true,"href":"https:\/\/www.lactissima.com\/a-tire-d-ailes\/wp-json\/wp\/v2\/tags?post=7939"}],"curies":[{"name":"wp","href":"https:\/\/api.w.org\/{rel}","templated":true}]}}