{"id":7933,"date":"2018-12-01T14:23:09","date_gmt":"2018-12-01T13:23:09","guid":{"rendered":"https:\/\/www.lactissima.com\/a-tire-d-ailes\/?p=7933"},"modified":"2018-12-01T14:24:23","modified_gmt":"2018-12-01T13:24:23","slug":"allaiter-et-travailler-le-temoignage-de-florence-3","status":"publish","type":"post","link":"https:\/\/www.lactissima.com\/a-tire-d-ailes\/allaiter-et-travailler-le-temoignage-de-florence-3\/","title":{"rendered":"Allaiter et travailler : le t\u00e9moignage de Florence"},"content":{"rendered":"<p style=\"text-align: justify;\"><img loading=\"lazy\" decoding=\"async\" class=\"alignright wp-image-4848 size-medium\" src=\"https:\/\/www.lactissima.com\/a-tire-d-ailes\/wp-content\/uploads\/2013\/10\/interview-300x231.jpg\" alt=\"allaitement et travail\" width=\"300\" height=\"231\" srcset=\"https:\/\/www.lactissima.com\/a-tire-d-ailes\/wp-content\/uploads\/2013\/10\/interview-300x231.jpg 300w, https:\/\/www.lactissima.com\/a-tire-d-ailes\/wp-content\/uploads\/2013\/10\/interview.jpg 400w\" sizes=\"(max-width: 300px) 100vw, 300px\" \/>Je me pr\u00e9sente, je m&rsquo;appelle Flo j&rsquo;ai 34 ans et je suis maman de deux gar\u00e7ons de 6,5 et 2,5 ans.<\/p>\n<p style=\"text-align: justify;\">Ma m\u00e8re m&rsquo;a allait\u00e9e 9 mois alors j&rsquo;ai toujours consid\u00e9r\u00e9 l&rsquo;allaitement comme quelque chose de simple et naturel. Mais j&rsquo;avoue que j&rsquo;avais du mal a croire qu&rsquo;on pouvait toujours avoir du lait pass\u00e9 un an &#8230; L&rsquo;allaitement long ou non raccourci n&rsquo;\u00e9tait pas une \u00e9vidence de d\u00e9part et encore moins une volont\u00e9. Mais avec les probl\u00e9matiques de sant\u00e9 RGO fort, intol\u00e9rances aux prot\u00e9ines de lait de vache, ecz\u00e9ma&#8230;. J&rsquo;ai poursuivi pour lui pour sa sant\u00e9.<br \/>\nApres 3 ans nous avons d\u00e9cid\u00e9 de commencer les essais b\u00e9b\u00e9 2. Essai tr\u00e8s concluant car il en aura fallu un seul. J\u2019avais souvent lu que les enfants se sevraient, ou alors que le lait se tarissait pendant la grossesse. Puis l&rsquo;envie du co-allaitement est venue. Une envie de faire partager ce moments de tendresse entre 2 fr\u00e8res alors j&rsquo;ai d\u00e9cid\u00e9 de ne pas lui imposer un sevrage.<\/p>\n<p style=\"text-align: justify;\">J\u2019ai eu quelques douleurs au premier trimestre puis c\u2019est pass\u00e9. Plus la grossesse avan\u00e7ait plus il pompait longtemps pour avoir quelques gouttes du pr\u00e9cieux breuvage.<\/p>\n<p style=\"text-align: justify;\">A la naissance de son fr\u00e8re, j\u2019ai d\u00e9couvert qu\u2019un b\u00e9b\u00e9 \u00e7a pouvait aussi dormir plusieurs heures d\u2019affil\u00e9e voir la nuit presque compl\u00e8te. J\u2019avoue j\u2019\u00e9tais ravie que le grand t\u00eate encore pour soulager mes seins devenus des obus de lait.<\/p>\n<p style=\"text-align: justify;\">Rapidement j\u2019ai interdit les t\u00e9t\u00e9es le soir au grand pour laisser la priorit\u00e9 au petit. Apr\u00e8s un an de co-allaitement quotidien, j\u2019ai commenc\u00e9 a vraiment limiter les t\u00e9t\u00e9es du grand. Il s\u2019est progress\u00e9 sevr\u00e9 tout seul. Il a pris sa derni\u00e8re t\u00e9t\u00e9e \u00e0 l\u2019aube de ses 6 ans.<\/p>\n<p style=\"text-align: justify;\">Le petit de 2,5 ans t\u00eate toujours \u00e0 volont\u00e9 ou presque. Et oui \u00ab presque \u00bb parce que je travaille !<\/p>\n<ul style=\"text-align: justify;\">\n<li><strong>Comment vous \u00eates-vous organis\u00e9e ?<\/strong><\/li>\n<\/ul>\n<p style=\"text-align: justify;\">J\u2019ai repris quand mon premier avait 2,5 mois et le deuxi\u00e8me 4 mois. J\u2019ai fait un stock sous forme de gla\u00e7ons majoritairement. J\u2019avais aussi quelques poches et pots de 100 ml environ chacun. Je tirais chaque jour du lait dans les toilettes de mon travail. Le lait frais \u00e9tait donn\u00e9 le lendemain par la cr\u00e8che au biberon avec une t\u00e9tine bas d\u00e9bit. Le vendredi soir je congelais ma traite. Le lundi matin je d\u00e9congelais mes plus anciens gla\u00e7ons. Ainsi j\u2019entretenais mon stock.<\/p>\n<ul style=\"text-align: justify;\">\n<li><strong>Quelles ont \u00e9t\u00e9 vos principales difficult\u00e9s ?<\/strong><\/li>\n<\/ul>\n<p style=\"text-align: justify;\">Des difficult\u00e9s ? Je n\u2019en ai pas eu li\u00e9es \u00e0 l\u2019allaitement. Le premier \u00e9tait un b\u00e9b\u00e9 aux besoins intenses et t\u00e9tait chaque demi heure. Cela a \u00e9t\u00e9 fatigant. Mais les BABI sont \u00e9puisants allait\u00e9s ou non.<\/p>\n<p style=\"text-align: justify;\">Des difficult\u00e9s par rapport au travail ? J\u2019ai v\u00e9cu mes allaitements dans deux entreprises diff\u00e9rentes. J\u2019ai toujours pu tirer mon lait sans probl\u00e8me. En revanche, j\u2019ai eu des d\u00e9placements professionnels sur plusieurs jours avec d\u00e9couchage. Donc plusieurs nuits loin de mon b\u00e9b\u00e9. Je n\u2019\u00e9tais pas ravie mais je n\u2019avais pas le choix. Papa a toujours pris le relais en lui donnant mon stock de lait au biberon. B\u00e9b\u00e9 a toujours repris le sein sans probl\u00e8me \u00e0 chacun de mes retours.<\/p>\n<ul style=\"text-align: justify;\">\n<li><strong>Ce serait \u00e0 refaire, vous referiez le m\u00eame choix ? Que changeriez-vous ?<\/strong><\/li>\n<\/ul>\n<p style=\"text-align: justify;\">Si c\u2019\u00e9tait \u00e0 refaire ? Je refais pareil sans h\u00e9siter. Je suis s\u00fbr que l\u2019allaitement a contribu\u00e9 \u00e0 cr\u00e9er cette relation si fusionnelle que j\u2019ai avec mes enfants.<\/p>\n<p style=\"text-align: justify;\">Ce qui m\u2019a vraiment aid\u00e9 dans cette r\u00e9ussite c\u2019est d\u2019avoir un super mari qui cuisine et qui participe aux t\u00e2ches m\u00e9nag\u00e8res.<\/p>\n<ul style=\"text-align: justify;\">\n<li><strong>Qu\u2019est-ce que vous souhaiteriez dire aux mamans qui doivent faire un choix dans les semaines \u00e0 venir ?<\/strong><\/li>\n<\/ul>\n<p style=\"text-align: justify;\">A toutes les mamans je vous souhaite de vivre ces moments l\u00e0. A celles qui h\u00e9sitent je vous recommande d\u2019essayer. Vous pourrez toujours arr\u00eater si cela ne vous convient pas. L\u2019inverse est moins \u00e9vident.<\/p>\n<p>&nbsp;<\/p>\n<p><strong>Articles en rapport :<\/strong><\/p>\n<ul>\n<li>Voir l\u2019onglet\u00a0<a href=\"https:\/\/www.lactissima.com\/a-tire-d-ailes\/temoignages-travail-et-allaitement\/\" target=\"_blank\" rel=\"noopener noreferrer\">t\u00e9moignages<\/a><\/li>\n<\/ul>\n<p>&nbsp;<\/p>\n<div class='et-box et-shadow'>\n\t\t\t\t\t<div class='et-box-content'>Lire des articles ou poser des questions en commentaire ne suffit pas \u00e0 r\u00e9soudre votre probl\u00e8me ? Savez-vous que vous pouvez prendre RDV pour une consultation avec moi ? N&rsquo;h\u00e9sitez pas \u00e0 me contacter !<\/div><\/div>\n","protected":false},"excerpt":{"rendered":"<p>Je me pr\u00e9sente, je m&rsquo;appelle Flo j&rsquo;ai 34 ans et je suis maman de deux gar\u00e7ons de 6,5 et 2,5 ans. Ma m\u00e8re m&rsquo;a allait\u00e9e 9 mois alors j&rsquo;ai toujours consid\u00e9r\u00e9 l&rsquo;allaitement comme quelque chose de simple et naturel. Mais j&rsquo;avoue que j&rsquo;avais du mal a croire qu&rsquo;on pouvait toujours avoir du lait pass\u00e9 un [&hellip;]<\/p>\n","protected":false},"author":170,"featured_media":4848,"comment_status":"open","ping_status":"open","sticky":false,"template":"","format":"standard","meta":{"_et_pb_use_builder":"","_et_pb_old_content":"","_et_gb_content_width":"","footnotes":""},"categories":[150],"tags":[],"class_list":["post-7933","post","type-post","status-publish","format-standard","has-post-thumbnail","hentry","category-temoignages"],"yoast_head":"<!-- This site is optimized with the Yoast SEO plugin v27.4 - https:\/\/yoast.com\/product\/yoast-seo-wordpress\/ -->\n<title>Allaiter et travailler : le t\u00e9moignage de Florence<\/title>\n<meta name=\"description\" content=\"Je me pr\u00e9sente, je m&#039;appelle Flo j&#039;ai 34 ans et je suis maman de deux gar\u00e7ons de 6,5 et 2,5 ans. Ma m\u00e8re m&#039;a allait\u00e9e 9 mois alors j&#039;ai toujours consid\u00e9r\u00e9 Florence a stock\u00e9 son lait sous forme de gla\u00e7ons...\" \/>\n<meta name=\"robots\" content=\"index, follow, max-snippet:-1, max-image-preview:large, max-video-preview:-1\" \/>\n<link rel=\"canonical\" href=\"https:\/\/www.lactissima.com\/a-tire-d-ailes\/allaiter-et-travailler-le-temoignage-de-florence-3\/\" \/>\n<meta property=\"og:locale\" content=\"fr_FR\" \/>\n<meta property=\"og:type\" content=\"article\" \/>\n<meta property=\"og:title\" content=\"Allaiter et travailler : le t\u00e9moignage de Florence\" \/>\n<meta property=\"og:description\" content=\"Je me pr\u00e9sente, je m&#039;appelle Flo j&#039;ai 34 ans et je suis maman de deux gar\u00e7ons de 6,5 et 2,5 ans. Ma m\u00e8re m&#039;a allait\u00e9e 9 mois alors j&#039;ai toujours consid\u00e9r\u00e9 Florence a stock\u00e9 son lait sous forme de gla\u00e7ons...\" \/>\n<meta property=\"og:url\" content=\"https:\/\/www.lactissima.com\/a-tire-d-ailes\/allaiter-et-travailler-le-temoignage-de-florence-3\/\" \/>\n<meta property=\"og:site_name\" content=\"A tire d&#039;Ailes\" \/>\n<meta property=\"article:publisher\" content=\"https:\/\/www.facebook.com\/consultante.en.lactation\" \/>\n<meta property=\"article:author\" content=\"www.facebook.com\/consultante.en.lactation\" \/>\n<meta property=\"article:published_time\" content=\"2018-12-01T13:23:09+00:00\" \/>\n<meta property=\"article:modified_time\" content=\"2018-12-01T13:24:23+00:00\" \/>\n<meta property=\"og:image\" content=\"https:\/\/www.lactissima.com\/a-tire-d-ailes\/wp-content\/uploads\/2013\/10\/interview.jpg\" \/>\n\t<meta property=\"og:image:width\" content=\"400\" \/>\n\t<meta property=\"og:image:height\" content=\"308\" \/>\n\t<meta property=\"og:image:type\" content=\"image\/jpeg\" \/>\n<meta name=\"author\" content=\"V\u00e9ronique Darmangeat\" \/>\n<meta name=\"twitter:card\" content=\"summary_large_image\" \/>\n<meta name=\"twitter:creator\" content=\"@VeroniqueIBCLC\" \/>\n<meta name=\"twitter:site\" content=\"@VeroniqueIBCLC\" \/>\n<meta name=\"twitter:label1\" content=\"\u00c9crit par\" \/>\n\t<meta name=\"twitter:data1\" content=\"V\u00e9ronique Darmangeat\" \/>\n\t<meta name=\"twitter:label2\" content=\"Dur\u00e9e de lecture estim\u00e9e\" \/>\n\t<meta name=\"twitter:data2\" content=\"4 minutes\" \/>\n<script type=\"application\/ld+json\" class=\"yoast-schema-graph\">{\"@context\":\"https:\\\/\\\/schema.org\",\"@graph\":[{\"@type\":\"Article\",\"@id\":\"https:\\\/\\\/www.lactissima.com\\\/a-tire-d-ailes\\\/allaiter-et-travailler-le-temoignage-de-florence-3\\\/#article\",\"isPartOf\":{\"@id\":\"https:\\\/\\\/www.lactissima.com\\\/a-tire-d-ailes\\\/allaiter-et-travailler-le-temoignage-de-florence-3\\\/\"},\"author\":{\"name\":\"V\u00e9ronique Darmangeat\",\"@id\":\"https:\\\/\\\/www.lactissima.com\\\/a-tire-d-ailes\\\/#\\\/schema\\\/person\\\/8f98d3a89530861bc1240e6d53d44eed\"},\"headline\":\"Allaiter et travailler : le t\u00e9moignage de Florence\",\"datePublished\":\"2018-12-01T13:23:09+00:00\",\"dateModified\":\"2018-12-01T13:24:23+00:00\",\"mainEntityOfPage\":{\"@id\":\"https:\\\/\\\/www.lactissima.com\\\/a-tire-d-ailes\\\/allaiter-et-travailler-le-temoignage-de-florence-3\\\/\"},\"wordCount\":753,\"commentCount\":0,\"image\":{\"@id\":\"https:\\\/\\\/www.lactissima.com\\\/a-tire-d-ailes\\\/allaiter-et-travailler-le-temoignage-de-florence-3\\\/#primaryimage\"},\"thumbnailUrl\":\"https:\\\/\\\/www.lactissima.com\\\/a-tire-d-ailes\\\/wp-content\\\/uploads\\\/2013\\\/10\\\/interview.jpg\",\"articleSection\":[\"t\u00e9moignages\"],\"inLanguage\":\"fr-FR\",\"potentialAction\":[{\"@type\":\"CommentAction\",\"name\":\"Comment\",\"target\":[\"https:\\\/\\\/www.lactissima.com\\\/a-tire-d-ailes\\\/allaiter-et-travailler-le-temoignage-de-florence-3\\\/#respond\"]}]},{\"@type\":\"WebPage\",\"@id\":\"https:\\\/\\\/www.lactissima.com\\\/a-tire-d-ailes\\\/allaiter-et-travailler-le-temoignage-de-florence-3\\\/\",\"url\":\"https:\\\/\\\/www.lactissima.com\\\/a-tire-d-ailes\\\/allaiter-et-travailler-le-temoignage-de-florence-3\\\/\",\"name\":\"Allaiter et travailler : le t\u00e9moignage de Florence\",\"isPartOf\":{\"@id\":\"https:\\\/\\\/www.lactissima.com\\\/a-tire-d-ailes\\\/#website\"},\"primaryImageOfPage\":{\"@id\":\"https:\\\/\\\/www.lactissima.com\\\/a-tire-d-ailes\\\/allaiter-et-travailler-le-temoignage-de-florence-3\\\/#primaryimage\"},\"image\":{\"@id\":\"https:\\\/\\\/www.lactissima.com\\\/a-tire-d-ailes\\\/allaiter-et-travailler-le-temoignage-de-florence-3\\\/#primaryimage\"},\"thumbnailUrl\":\"https:\\\/\\\/www.lactissima.com\\\/a-tire-d-ailes\\\/wp-content\\\/uploads\\\/2013\\\/10\\\/interview.jpg\",\"datePublished\":\"2018-12-01T13:23:09+00:00\",\"dateModified\":\"2018-12-01T13:24:23+00:00\",\"author\":{\"@id\":\"https:\\\/\\\/www.lactissima.com\\\/a-tire-d-ailes\\\/#\\\/schema\\\/person\\\/8f98d3a89530861bc1240e6d53d44eed\"},\"description\":\"Je me pr\u00e9sente, je m'appelle Flo j'ai 34 ans et je suis maman de deux gar\u00e7ons de 6,5 et 2,5 ans. Ma m\u00e8re m'a allait\u00e9e 9 mois alors j'ai toujours consid\u00e9r\u00e9 Florence a stock\u00e9 son lait sous forme de gla\u00e7ons...\",\"breadcrumb\":{\"@id\":\"https:\\\/\\\/www.lactissima.com\\\/a-tire-d-ailes\\\/allaiter-et-travailler-le-temoignage-de-florence-3\\\/#breadcrumb\"},\"inLanguage\":\"fr-FR\",\"potentialAction\":[{\"@type\":\"ReadAction\",\"target\":[\"https:\\\/\\\/www.lactissima.com\\\/a-tire-d-ailes\\\/allaiter-et-travailler-le-temoignage-de-florence-3\\\/\"]}]},{\"@type\":\"ImageObject\",\"inLanguage\":\"fr-FR\",\"@id\":\"https:\\\/\\\/www.lactissima.com\\\/a-tire-d-ailes\\\/allaiter-et-travailler-le-temoignage-de-florence-3\\\/#primaryimage\",\"url\":\"https:\\\/\\\/www.lactissima.com\\\/a-tire-d-ailes\\\/wp-content\\\/uploads\\\/2013\\\/10\\\/interview.jpg\",\"contentUrl\":\"https:\\\/\\\/www.lactissima.com\\\/a-tire-d-ailes\\\/wp-content\\\/uploads\\\/2013\\\/10\\\/interview.jpg\",\"width\":400,\"height\":308,\"caption\":\"allaitement et travail\"},{\"@type\":\"BreadcrumbList\",\"@id\":\"https:\\\/\\\/www.lactissima.com\\\/a-tire-d-ailes\\\/allaiter-et-travailler-le-temoignage-de-florence-3\\\/#breadcrumb\",\"itemListElement\":[{\"@type\":\"ListItem\",\"position\":1,\"name\":\"Accueil\",\"item\":\"https:\\\/\\\/www.lactissima.com\\\/a-tire-d-ailes\\\/\"},{\"@type\":\"ListItem\",\"position\":2,\"name\":\"Allaiter et travailler : le t\u00e9moignage de Florence\"}]},{\"@type\":\"WebSite\",\"@id\":\"https:\\\/\\\/www.lactissima.com\\\/a-tire-d-ailes\\\/#website\",\"url\":\"https:\\\/\\\/www.lactissima.com\\\/a-tire-d-ailes\\\/\",\"name\":\"A tire d&#039;Ailes\",\"description\":\"Le blog des femmes qui allaitent et travaillent.\",\"potentialAction\":[{\"@type\":\"SearchAction\",\"target\":{\"@type\":\"EntryPoint\",\"urlTemplate\":\"https:\\\/\\\/www.lactissima.com\\\/a-tire-d-ailes\\\/?s={search_term_string}\"},\"query-input\":{\"@type\":\"PropertyValueSpecification\",\"valueRequired\":true,\"valueName\":\"search_term_string\"}}],\"inLanguage\":\"fr-FR\"},{\"@type\":\"Person\",\"@id\":\"https:\\\/\\\/www.lactissima.com\\\/a-tire-d-ailes\\\/#\\\/schema\\\/person\\\/8f98d3a89530861bc1240e6d53d44eed\",\"name\":\"V\u00e9ronique Darmangeat\",\"image\":{\"@type\":\"ImageObject\",\"inLanguage\":\"fr-FR\",\"@id\":\"https:\\\/\\\/secure.gravatar.com\\\/avatar\\\/268c99344c89cebfe4f5df5fa8be43068a18884fc76a29f3206fae98465b9cab?s=96&d=identicon&r=g\",\"url\":\"https:\\\/\\\/secure.gravatar.com\\\/avatar\\\/268c99344c89cebfe4f5df5fa8be43068a18884fc76a29f3206fae98465b9cab?s=96&d=identicon&r=g\",\"contentUrl\":\"https:\\\/\\\/secure.gravatar.com\\\/avatar\\\/268c99344c89cebfe4f5df5fa8be43068a18884fc76a29f3206fae98465b9cab?s=96&d=identicon&r=g\",\"caption\":\"V\u00e9ronique Darmangeat\"},\"sameAs\":[\"https:\\\/\\\/www.lactissima.com\\\/a-tire-d-ailes\",\"www.facebook.com\\\/consultante.en.lactation\"]}]}<\/script>\n<!-- \/ Yoast SEO plugin. -->","yoast_head_json":{"title":"Allaiter et travailler : le t\u00e9moignage de Florence","description":"Je me pr\u00e9sente, je m'appelle Flo j'ai 34 ans et je suis maman de deux gar\u00e7ons de 6,5 et 2,5 ans. Ma m\u00e8re m'a allait\u00e9e 9 mois alors j'ai toujours consid\u00e9r\u00e9 Florence a stock\u00e9 son lait sous forme de gla\u00e7ons...","robots":{"index":"index","follow":"follow","max-snippet":"max-snippet:-1","max-image-preview":"max-image-preview:large","max-video-preview":"max-video-preview:-1"},"canonical":"https:\/\/www.lactissima.com\/a-tire-d-ailes\/allaiter-et-travailler-le-temoignage-de-florence-3\/","og_locale":"fr_FR","og_type":"article","og_title":"Allaiter et travailler : le t\u00e9moignage de Florence","og_description":"Je me pr\u00e9sente, je m'appelle Flo j'ai 34 ans et je suis maman de deux gar\u00e7ons de 6,5 et 2,5 ans. Ma m\u00e8re m'a allait\u00e9e 9 mois alors j'ai toujours consid\u00e9r\u00e9 Florence a stock\u00e9 son lait sous forme de gla\u00e7ons...","og_url":"https:\/\/www.lactissima.com\/a-tire-d-ailes\/allaiter-et-travailler-le-temoignage-de-florence-3\/","og_site_name":"A tire d&#039;Ailes","article_publisher":"https:\/\/www.facebook.com\/consultante.en.lactation","article_author":"www.facebook.com\/consultante.en.lactation","article_published_time":"2018-12-01T13:23:09+00:00","article_modified_time":"2018-12-01T13:24:23+00:00","og_image":[{"width":400,"height":308,"url":"https:\/\/www.lactissima.com\/a-tire-d-ailes\/wp-content\/uploads\/2013\/10\/interview.jpg","type":"image\/jpeg"}],"author":"V\u00e9ronique Darmangeat","twitter_card":"summary_large_image","twitter_creator":"@VeroniqueIBCLC","twitter_site":"@VeroniqueIBCLC","twitter_misc":{"\u00c9crit par":"V\u00e9ronique Darmangeat","Dur\u00e9e de lecture estim\u00e9e":"4 minutes"},"schema":{"@context":"https:\/\/schema.org","@graph":[{"@type":"Article","@id":"https:\/\/www.lactissima.com\/a-tire-d-ailes\/allaiter-et-travailler-le-temoignage-de-florence-3\/#article","isPartOf":{"@id":"https:\/\/www.lactissima.com\/a-tire-d-ailes\/allaiter-et-travailler-le-temoignage-de-florence-3\/"},"author":{"name":"V\u00e9ronique Darmangeat","@id":"https:\/\/www.lactissima.com\/a-tire-d-ailes\/#\/schema\/person\/8f98d3a89530861bc1240e6d53d44eed"},"headline":"Allaiter et travailler : le t\u00e9moignage de Florence","datePublished":"2018-12-01T13:23:09+00:00","dateModified":"2018-12-01T13:24:23+00:00","mainEntityOfPage":{"@id":"https:\/\/www.lactissima.com\/a-tire-d-ailes\/allaiter-et-travailler-le-temoignage-de-florence-3\/"},"wordCount":753,"commentCount":0,"image":{"@id":"https:\/\/www.lactissima.com\/a-tire-d-ailes\/allaiter-et-travailler-le-temoignage-de-florence-3\/#primaryimage"},"thumbnailUrl":"https:\/\/www.lactissima.com\/a-tire-d-ailes\/wp-content\/uploads\/2013\/10\/interview.jpg","articleSection":["t\u00e9moignages"],"inLanguage":"fr-FR","potentialAction":[{"@type":"CommentAction","name":"Comment","target":["https:\/\/www.lactissima.com\/a-tire-d-ailes\/allaiter-et-travailler-le-temoignage-de-florence-3\/#respond"]}]},{"@type":"WebPage","@id":"https:\/\/www.lactissima.com\/a-tire-d-ailes\/allaiter-et-travailler-le-temoignage-de-florence-3\/","url":"https:\/\/www.lactissima.com\/a-tire-d-ailes\/allaiter-et-travailler-le-temoignage-de-florence-3\/","name":"Allaiter et travailler : le t\u00e9moignage de Florence","isPartOf":{"@id":"https:\/\/www.lactissima.com\/a-tire-d-ailes\/#website"},"primaryImageOfPage":{"@id":"https:\/\/www.lactissima.com\/a-tire-d-ailes\/allaiter-et-travailler-le-temoignage-de-florence-3\/#primaryimage"},"image":{"@id":"https:\/\/www.lactissima.com\/a-tire-d-ailes\/allaiter-et-travailler-le-temoignage-de-florence-3\/#primaryimage"},"thumbnailUrl":"https:\/\/www.lactissima.com\/a-tire-d-ailes\/wp-content\/uploads\/2013\/10\/interview.jpg","datePublished":"2018-12-01T13:23:09+00:00","dateModified":"2018-12-01T13:24:23+00:00","author":{"@id":"https:\/\/www.lactissima.com\/a-tire-d-ailes\/#\/schema\/person\/8f98d3a89530861bc1240e6d53d44eed"},"description":"Je me pr\u00e9sente, je m'appelle Flo j'ai 34 ans et je suis maman de deux gar\u00e7ons de 6,5 et 2,5 ans. Ma m\u00e8re m'a allait\u00e9e 9 mois alors j'ai toujours consid\u00e9r\u00e9 Florence a stock\u00e9 son lait sous forme de gla\u00e7ons...","breadcrumb":{"@id":"https:\/\/www.lactissima.com\/a-tire-d-ailes\/allaiter-et-travailler-le-temoignage-de-florence-3\/#breadcrumb"},"inLanguage":"fr-FR","potentialAction":[{"@type":"ReadAction","target":["https:\/\/www.lactissima.com\/a-tire-d-ailes\/allaiter-et-travailler-le-temoignage-de-florence-3\/"]}]},{"@type":"ImageObject","inLanguage":"fr-FR","@id":"https:\/\/www.lactissima.com\/a-tire-d-ailes\/allaiter-et-travailler-le-temoignage-de-florence-3\/#primaryimage","url":"https:\/\/www.lactissima.com\/a-tire-d-ailes\/wp-content\/uploads\/2013\/10\/interview.jpg","contentUrl":"https:\/\/www.lactissima.com\/a-tire-d-ailes\/wp-content\/uploads\/2013\/10\/interview.jpg","width":400,"height":308,"caption":"allaitement et travail"},{"@type":"BreadcrumbList","@id":"https:\/\/www.lactissima.com\/a-tire-d-ailes\/allaiter-et-travailler-le-temoignage-de-florence-3\/#breadcrumb","itemListElement":[{"@type":"ListItem","position":1,"name":"Accueil","item":"https:\/\/www.lactissima.com\/a-tire-d-ailes\/"},{"@type":"ListItem","position":2,"name":"Allaiter et travailler : le t\u00e9moignage de Florence"}]},{"@type":"WebSite","@id":"https:\/\/www.lactissima.com\/a-tire-d-ailes\/#website","url":"https:\/\/www.lactissima.com\/a-tire-d-ailes\/","name":"A tire d&#039;Ailes","description":"Le blog des femmes qui allaitent et travaillent.","potentialAction":[{"@type":"SearchAction","target":{"@type":"EntryPoint","urlTemplate":"https:\/\/www.lactissima.com\/a-tire-d-ailes\/?s={search_term_string}"},"query-input":{"@type":"PropertyValueSpecification","valueRequired":true,"valueName":"search_term_string"}}],"inLanguage":"fr-FR"},{"@type":"Person","@id":"https:\/\/www.lactissima.com\/a-tire-d-ailes\/#\/schema\/person\/8f98d3a89530861bc1240e6d53d44eed","name":"V\u00e9ronique Darmangeat","image":{"@type":"ImageObject","inLanguage":"fr-FR","@id":"https:\/\/secure.gravatar.com\/avatar\/268c99344c89cebfe4f5df5fa8be43068a18884fc76a29f3206fae98465b9cab?s=96&d=identicon&r=g","url":"https:\/\/secure.gravatar.com\/avatar\/268c99344c89cebfe4f5df5fa8be43068a18884fc76a29f3206fae98465b9cab?s=96&d=identicon&r=g","contentUrl":"https:\/\/secure.gravatar.com\/avatar\/268c99344c89cebfe4f5df5fa8be43068a18884fc76a29f3206fae98465b9cab?s=96&d=identicon&r=g","caption":"V\u00e9ronique Darmangeat"},"sameAs":["https:\/\/www.lactissima.com\/a-tire-d-ailes","www.facebook.com\/consultante.en.lactation"]}]}},"_links":{"self":[{"href":"https:\/\/www.lactissima.com\/a-tire-d-ailes\/wp-json\/wp\/v2\/posts\/7933","targetHints":{"allow":["GET"]}}],"collection":[{"href":"https:\/\/www.lactissima.com\/a-tire-d-ailes\/wp-json\/wp\/v2\/posts"}],"about":[{"href":"https:\/\/www.lactissima.com\/a-tire-d-ailes\/wp-json\/wp\/v2\/types\/post"}],"author":[{"embeddable":true,"href":"https:\/\/www.lactissima.com\/a-tire-d-ailes\/wp-json\/wp\/v2\/users\/170"}],"replies":[{"embeddable":true,"href":"https:\/\/www.lactissima.com\/a-tire-d-ailes\/wp-json\/wp\/v2\/comments?post=7933"}],"version-history":[{"count":3,"href":"https:\/\/www.lactissima.com\/a-tire-d-ailes\/wp-json\/wp\/v2\/posts\/7933\/revisions"}],"predecessor-version":[{"id":7937,"href":"https:\/\/www.lactissima.com\/a-tire-d-ailes\/wp-json\/wp\/v2\/posts\/7933\/revisions\/7937"}],"wp:featuredmedia":[{"embeddable":true,"href":"https:\/\/www.lactissima.com\/a-tire-d-ailes\/wp-json\/wp\/v2\/media\/4848"}],"wp:attachment":[{"href":"https:\/\/www.lactissima.com\/a-tire-d-ailes\/wp-json\/wp\/v2\/media?parent=7933"}],"wp:term":[{"taxonomy":"category","embeddable":true,"href":"https:\/\/www.lactissima.com\/a-tire-d-ailes\/wp-json\/wp\/v2\/categories?post=7933"},{"taxonomy":"post_tag","embeddable":true,"href":"https:\/\/www.lactissima.com\/a-tire-d-ailes\/wp-json\/wp\/v2\/tags?post=7933"}],"curies":[{"name":"wp","href":"https:\/\/api.w.org\/{rel}","templated":true}]}}