{"id":792,"date":"2009-10-19T18:51:17","date_gmt":"2009-10-19T16:51:17","guid":{"rendered":"https:\/\/www.lactissima.com\/a-tire-d-ailes\/?p=792"},"modified":"2014-03-15T17:11:35","modified_gmt":"2014-03-15T15:11:35","slug":"rencontre-avec-lequipe-du-pr-hartmann-le-retour","status":"publish","type":"post","link":"https:\/\/www.lactissima.com\/a-tire-d-ailes\/rencontre-avec-lequipe-du-pr-hartmann-le-retour\/","title":{"rendered":"Rencontre avec l&rsquo;\u00e9quipe du Pr Hartmann, le retour&#8230;"},"content":{"rendered":"<p style=\"text-align: justify;\"><img loading=\"lazy\" decoding=\"async\" class=\"alignleft size-full wp-image-794\" title=\"Pr Hartmann\" alt=\"tribune 2\" src=\"https:\/\/www.lactissima.com\/a-tire-d-ailes\/wp-content\/uploads\/tribune-21.jpg\" width=\"480\" height=\"240\" srcset=\"https:\/\/www.lactissima.com\/a-tire-d-ailes\/wp-content\/uploads\/tribune-21.jpg 448w, https:\/\/www.lactissima.com\/a-tire-d-ailes\/wp-content\/uploads\/tribune-21-300x150.jpg 300w\" sizes=\"(max-width: 480px) 100vw, 480px\" \/>Je vous avais promis un retour sur le <strong>symposium <\/strong>organis\u00e9 par Medela avec l&rsquo;\u00e9quipe du<strong> Pr Hartmann<\/strong>, m&rsquo;y voici.<\/p>\n<p style=\"text-align: justify;\">Les interventions propos\u00e9es \u00e9taient <strong>passionnantes<\/strong>, la conf\u00e9rence de presse \u00e9tait <strong>une premi\u00e8re<\/strong> pour moi, j&rsquo;en ai profit\u00e9 pour poser les questions pouvant <strong>vous <\/strong>\u00eatre utiles.<\/p>\n<p style=\"text-align: justify;\"><strong>A tire d&rsquo;Ailes : Est-ce qu&rsquo;un bon tire-lait peut stimuler la lactation aussi efficacement qu&rsquo;un b\u00e9b\u00e9 ?<\/strong><\/p>\n<p style=\"text-align: justify;\"><strong>Pr Hartmann <\/strong>: Oui, c&rsquo;est \u00e0 peu pr\u00e8s la m\u00eame chose. Dans certains cas le b\u00e9b\u00e9 est plus efficace mais pour stimuler une production de lait d\u00e9faillante, le tire-lait peut \u00eatre indispensable car il continue \u00e0 stimuler le sein alors qu&rsquo;un b\u00e9b\u00e9 s&rsquo;arr\u00eate quand il n&rsquo;a plus faim. Du coup, une s\u00e9ance d&rsquo;expression au tire-lait peut durer un quart d&rsquo;heure alors qu&rsquo;un b\u00e9b\u00e9 efficace va t\u00e9ter en moyenne 8 minutes (selon l&rsquo;app\u00e9tit du b\u00e9b\u00e9).<br \/>\nLes reflexes d&rsquo;\u00e9jection se produisent de la m\u00eame fa\u00e7on avec un tire-lait ou avec un b\u00e9b\u00e9 au sein, nous en avons eu la confirmation gr\u00e2ce \u00e0 l&rsquo;\u00e9chographie.<\/p>\n<p style=\"text-align: justify;\"><strong>A tire d&rsquo;Ailes : A la reprise du travail, une m\u00e8re qui ne tire pas son lait la journ\u00e9e et allaite son b\u00e9b\u00e9 \u00e0 la demande quand elle est avec lui peut-elle maintenir sa lactation ?<\/strong><\/p>\n<p style=\"text-align: justify;\"><strong>Pr Hartmann<\/strong> : Cela d\u00e9pend des femmes et de leur anatomie. Si le sein peut stocker suffisamment de lait, on peut espacer les t\u00e9t\u00e9es mais pas si la capacit\u00e9 de stockage est limit\u00e9e. Pour certaines femmes, on ne peut pas espacer les t\u00e9t\u00e9es ou les tirages de plus de trois heures alors que d&rsquo;autres pourront espacer de douze heures si le b\u00e9b\u00e9 t\u00e8te \u00e0 la demande \u00e0 la maison.<br \/>\nD&rsquo;autre part, un sein non drain\u00e9 risque plus de voir se d\u00e9velopper une bact\u00e9rie (qui stagne alors dans le lait et peut s&rsquo;y d\u00e9velopper) qu&rsquo;un sein drain\u00e9 bien r\u00e9guli\u00e8rement.<br \/>\nIl vaut donc mieux pr\u00e9voir au moins une pause par jour pour tirer son lait, l&rsquo;id\u00e9al \u00e9tant de pr\u00e9voir trois pauses par jour.<\/p>\n<p style=\"text-align: justify;\"><strong>A tire d&rsquo;Ailes : Vous avez expliqu\u00e9 lors de votre intervention que pendant la p\u00e9riode d&rsquo;allaitement, le sein n\u00e9cessite une proportion plus grande de consommation d&rsquo;\u00e9nergie quotidienne que le cerveau, repr\u00e9sentant 30% de la prise \u00e9nerg\u00e9tique quotidienne. Cela veut-il dire que l&rsquo;allaitement fatigue ?<\/strong><\/p>\n<p style=\"text-align: justify;\"><strong>Pr Hartmann<\/strong> : Non, car le corps n&rsquo;a pas besoin d&rsquo;un apport calorique suppl\u00e9mentaire en p\u00e9riode d&rsquo;allaitement (sauf pour des jumeaux). Simplement cet apport calorique est distribu\u00e9 diff\u00e9remment. Du point de vue de l&rsquo;\u00e9volution de l&rsquo;esp\u00e8ce, ce serait anormal que l&rsquo;allaitement soit fatigant.<\/p>\n<p style=\"text-align: justify;\"><strong>A tire d&rsquo;ailes : Si le cerveau consomme moins d&rsquo;\u00e9nergie pendant l&rsquo;allaitement, cela veut-il dire que l&rsquo;on pense ou r\u00e9fl\u00e9chit moins bien  pendant cette p\u00e9riode ? \ud83d\ude42<br \/>\n<\/strong><\/p>\n<p style=\"text-align: justify;\"><strong>Pr Hartmann <\/strong>: Non, car il a \u00e9t\u00e9 prouv\u00e9, notamment gr\u00e2ce \u00e0 des exp\u00e9riences sur des souris, que le QI de la femme augmente en p\u00e9riode d&rsquo;allaitement. Les entreprises devraient donc tout faire pour que leurs salari\u00e9es poursuivent leur allaitement le plus longtemps possible \ud83d\ude42 .<\/p>\n<p>&nbsp;<\/p>\n","protected":false},"excerpt":{"rendered":"<p>Je vous avais promis un retour sur le symposium organis\u00e9 par Medela avec l&rsquo;\u00e9quipe du Pr Hartmann, m&rsquo;y voici. Les interventions propos\u00e9es \u00e9taient passionnantes, la conf\u00e9rence de presse \u00e9tait une premi\u00e8re pour moi, j&rsquo;en ai profit\u00e9 pour poser les questions pouvant vous \u00eatre utiles.<\/p>\n","protected":false},"author":170,"featured_media":794,"comment_status":"open","ping_status":"open","sticky":false,"template":"","format":"standard","meta":{"_et_pb_use_builder":"","_et_pb_old_content":"","_et_gb_content_width":"","footnotes":""},"categories":[34,35,36],"tags":[680,157,51,159,158,57],"class_list":["post-792","post","type-post","status-publish","format-standard","has-post-thumbnail","hentry","category-actualites","category-allaitement","category-allaitement-et-travail","tag-allaitement","tag-anatomie-du-sein","tag-fatigue","tag-qi","tag-reflexe-dejection","tag-tire-lait"],"yoast_head":"<!-- This site is optimized with the Yoast SEO plugin v27.4 - https:\/\/yoast.com\/product\/yoast-seo-wordpress\/ -->\n<title>Rencontre avec l&#039;\u00e9quipe du Pr Hartmann, le retour...<\/title>\n<meta name=\"description\" content=\"Je vous avais promis un retour sur le symposium organis\u00e9 par Medela avec l&#039;\u00e9quipe du Pr Hartmann, m&#039;y voici. Les interventions propos\u00e9es \u00e9taient passionnantes, la conf\u00e9rence de presse \u00e9tait une premi\u00e8re pour moi, j&#039;en ai profit\u00e9 pour poser les questions pouvant vous \u00eatre utiles.\" \/>\n<meta name=\"robots\" content=\"index, follow, max-snippet:-1, max-image-preview:large, max-video-preview:-1\" \/>\n<link rel=\"canonical\" href=\"https:\/\/www.lactissima.com\/a-tire-d-ailes\/rencontre-avec-lequipe-du-pr-hartmann-le-retour\/\" \/>\n<meta property=\"og:locale\" content=\"fr_FR\" \/>\n<meta property=\"og:type\" content=\"article\" \/>\n<meta property=\"og:title\" content=\"Rencontre avec l&#039;\u00e9quipe du Pr Hartmann, le retour...\" \/>\n<meta property=\"og:description\" content=\"Je vous avais promis un retour sur le symposium organis\u00e9 par Medela avec l&#039;\u00e9quipe du Pr Hartmann, m&#039;y voici. Les interventions propos\u00e9es \u00e9taient passionnantes, la conf\u00e9rence de presse \u00e9tait une premi\u00e8re pour moi, j&#039;en ai profit\u00e9 pour poser les questions pouvant vous \u00eatre utiles.\" \/>\n<meta property=\"og:url\" content=\"https:\/\/www.lactissima.com\/a-tire-d-ailes\/rencontre-avec-lequipe-du-pr-hartmann-le-retour\/\" \/>\n<meta property=\"og:site_name\" content=\"A tire d&#039;Ailes\" \/>\n<meta property=\"article:publisher\" content=\"https:\/\/www.facebook.com\/consultante.en.lactation\" \/>\n<meta property=\"article:author\" content=\"www.facebook.com\/consultante.en.lactation\" \/>\n<meta property=\"article:published_time\" content=\"2009-10-19T16:51:17+00:00\" \/>\n<meta property=\"article:modified_time\" content=\"2014-03-15T15:11:35+00:00\" \/>\n<meta property=\"og:image\" content=\"https:\/\/www.lactissima.com\/a-tire-d-ailes\/wp-content\/uploads\/tribune-21.jpg\" \/>\n\t<meta property=\"og:image:width\" content=\"448\" \/>\n\t<meta property=\"og:image:height\" content=\"224\" \/>\n\t<meta property=\"og:image:type\" content=\"image\/jpeg\" \/>\n<meta name=\"author\" content=\"V\u00e9ronique Darmangeat\" \/>\n<meta name=\"twitter:card\" content=\"summary_large_image\" \/>\n<meta name=\"twitter:creator\" content=\"@VeroniqueIBCLC\" \/>\n<meta name=\"twitter:site\" content=\"@VeroniqueIBCLC\" \/>\n<meta name=\"twitter:label1\" content=\"\u00c9crit par\" \/>\n\t<meta name=\"twitter:data1\" content=\"V\u00e9ronique Darmangeat\" \/>\n\t<meta name=\"twitter:label2\" content=\"Dur\u00e9e de lecture estim\u00e9e\" \/>\n\t<meta name=\"twitter:data2\" content=\"3 minutes\" \/>\n<script type=\"application\/ld+json\" class=\"yoast-schema-graph\">{\"@context\":\"https:\\\/\\\/schema.org\",\"@graph\":[{\"@type\":\"Article\",\"@id\":\"https:\\\/\\\/www.lactissima.com\\\/a-tire-d-ailes\\\/rencontre-avec-lequipe-du-pr-hartmann-le-retour\\\/#article\",\"isPartOf\":{\"@id\":\"https:\\\/\\\/www.lactissima.com\\\/a-tire-d-ailes\\\/rencontre-avec-lequipe-du-pr-hartmann-le-retour\\\/\"},\"author\":{\"name\":\"V\u00e9ronique Darmangeat\",\"@id\":\"https:\\\/\\\/www.lactissima.com\\\/a-tire-d-ailes\\\/#\\\/schema\\\/person\\\/8f98d3a89530861bc1240e6d53d44eed\"},\"headline\":\"Rencontre avec l&rsquo;\u00e9quipe du Pr Hartmann, le retour&#8230;\",\"datePublished\":\"2009-10-19T16:51:17+00:00\",\"dateModified\":\"2014-03-15T15:11:35+00:00\",\"mainEntityOfPage\":{\"@id\":\"https:\\\/\\\/www.lactissima.com\\\/a-tire-d-ailes\\\/rencontre-avec-lequipe-du-pr-hartmann-le-retour\\\/\"},\"wordCount\":557,\"commentCount\":4,\"image\":{\"@id\":\"https:\\\/\\\/www.lactissima.com\\\/a-tire-d-ailes\\\/rencontre-avec-lequipe-du-pr-hartmann-le-retour\\\/#primaryimage\"},\"thumbnailUrl\":\"https:\\\/\\\/www.lactissima.com\\\/a-tire-d-ailes\\\/wp-content\\\/uploads\\\/tribune-21.jpg\",\"keywords\":[\"Allaitement\",\"anatomie du sein\",\"fatigue\",\"QI\",\"reflexe d'\u00e9jection\",\"tire-lait\"],\"articleSection\":[\"Actualit\u00e9s\",\"Allaitement\",\"Allaitement et Travail\"],\"inLanguage\":\"fr-FR\",\"potentialAction\":[{\"@type\":\"CommentAction\",\"name\":\"Comment\",\"target\":[\"https:\\\/\\\/www.lactissima.com\\\/a-tire-d-ailes\\\/rencontre-avec-lequipe-du-pr-hartmann-le-retour\\\/#respond\"]}]},{\"@type\":\"WebPage\",\"@id\":\"https:\\\/\\\/www.lactissima.com\\\/a-tire-d-ailes\\\/rencontre-avec-lequipe-du-pr-hartmann-le-retour\\\/\",\"url\":\"https:\\\/\\\/www.lactissima.com\\\/a-tire-d-ailes\\\/rencontre-avec-lequipe-du-pr-hartmann-le-retour\\\/\",\"name\":\"Rencontre avec l'\u00e9quipe du Pr Hartmann, le retour...\",\"isPartOf\":{\"@id\":\"https:\\\/\\\/www.lactissima.com\\\/a-tire-d-ailes\\\/#website\"},\"primaryImageOfPage\":{\"@id\":\"https:\\\/\\\/www.lactissima.com\\\/a-tire-d-ailes\\\/rencontre-avec-lequipe-du-pr-hartmann-le-retour\\\/#primaryimage\"},\"image\":{\"@id\":\"https:\\\/\\\/www.lactissima.com\\\/a-tire-d-ailes\\\/rencontre-avec-lequipe-du-pr-hartmann-le-retour\\\/#primaryimage\"},\"thumbnailUrl\":\"https:\\\/\\\/www.lactissima.com\\\/a-tire-d-ailes\\\/wp-content\\\/uploads\\\/tribune-21.jpg\",\"datePublished\":\"2009-10-19T16:51:17+00:00\",\"dateModified\":\"2014-03-15T15:11:35+00:00\",\"author\":{\"@id\":\"https:\\\/\\\/www.lactissima.com\\\/a-tire-d-ailes\\\/#\\\/schema\\\/person\\\/8f98d3a89530861bc1240e6d53d44eed\"},\"description\":\"Je vous avais promis un retour sur le symposium organis\u00e9 par Medela avec l'\u00e9quipe du Pr Hartmann, m'y voici. Les interventions propos\u00e9es \u00e9taient passionnantes, la conf\u00e9rence de presse \u00e9tait une premi\u00e8re pour moi, j'en ai profit\u00e9 pour poser les questions pouvant vous \u00eatre utiles.\",\"breadcrumb\":{\"@id\":\"https:\\\/\\\/www.lactissima.com\\\/a-tire-d-ailes\\\/rencontre-avec-lequipe-du-pr-hartmann-le-retour\\\/#breadcrumb\"},\"inLanguage\":\"fr-FR\",\"potentialAction\":[{\"@type\":\"ReadAction\",\"target\":[\"https:\\\/\\\/www.lactissima.com\\\/a-tire-d-ailes\\\/rencontre-avec-lequipe-du-pr-hartmann-le-retour\\\/\"]}]},{\"@type\":\"ImageObject\",\"inLanguage\":\"fr-FR\",\"@id\":\"https:\\\/\\\/www.lactissima.com\\\/a-tire-d-ailes\\\/rencontre-avec-lequipe-du-pr-hartmann-le-retour\\\/#primaryimage\",\"url\":\"https:\\\/\\\/www.lactissima.com\\\/a-tire-d-ailes\\\/wp-content\\\/uploads\\\/tribune-21.jpg\",\"contentUrl\":\"https:\\\/\\\/www.lactissima.com\\\/a-tire-d-ailes\\\/wp-content\\\/uploads\\\/tribune-21.jpg\",\"width\":\"448\",\"height\":\"224\"},{\"@type\":\"BreadcrumbList\",\"@id\":\"https:\\\/\\\/www.lactissima.com\\\/a-tire-d-ailes\\\/rencontre-avec-lequipe-du-pr-hartmann-le-retour\\\/#breadcrumb\",\"itemListElement\":[{\"@type\":\"ListItem\",\"position\":1,\"name\":\"Accueil\",\"item\":\"https:\\\/\\\/www.lactissima.com\\\/a-tire-d-ailes\\\/\"},{\"@type\":\"ListItem\",\"position\":2,\"name\":\"Rencontre avec l&rsquo;\u00e9quipe du Pr Hartmann, le retour&#8230;\"}]},{\"@type\":\"WebSite\",\"@id\":\"https:\\\/\\\/www.lactissima.com\\\/a-tire-d-ailes\\\/#website\",\"url\":\"https:\\\/\\\/www.lactissima.com\\\/a-tire-d-ailes\\\/\",\"name\":\"A tire d&#039;Ailes\",\"description\":\"Le blog des femmes qui allaitent et travaillent.\",\"potentialAction\":[{\"@type\":\"SearchAction\",\"target\":{\"@type\":\"EntryPoint\",\"urlTemplate\":\"https:\\\/\\\/www.lactissima.com\\\/a-tire-d-ailes\\\/?s={search_term_string}\"},\"query-input\":{\"@type\":\"PropertyValueSpecification\",\"valueRequired\":true,\"valueName\":\"search_term_string\"}}],\"inLanguage\":\"fr-FR\"},{\"@type\":\"Person\",\"@id\":\"https:\\\/\\\/www.lactissima.com\\\/a-tire-d-ailes\\\/#\\\/schema\\\/person\\\/8f98d3a89530861bc1240e6d53d44eed\",\"name\":\"V\u00e9ronique Darmangeat\",\"image\":{\"@type\":\"ImageObject\",\"inLanguage\":\"fr-FR\",\"@id\":\"https:\\\/\\\/secure.gravatar.com\\\/avatar\\\/268c99344c89cebfe4f5df5fa8be43068a18884fc76a29f3206fae98465b9cab?s=96&d=identicon&r=g\",\"url\":\"https:\\\/\\\/secure.gravatar.com\\\/avatar\\\/268c99344c89cebfe4f5df5fa8be43068a18884fc76a29f3206fae98465b9cab?s=96&d=identicon&r=g\",\"contentUrl\":\"https:\\\/\\\/secure.gravatar.com\\\/avatar\\\/268c99344c89cebfe4f5df5fa8be43068a18884fc76a29f3206fae98465b9cab?s=96&d=identicon&r=g\",\"caption\":\"V\u00e9ronique Darmangeat\"},\"sameAs\":[\"https:\\\/\\\/www.lactissima.com\\\/a-tire-d-ailes\",\"www.facebook.com\\\/consultante.en.lactation\"]}]}<\/script>\n<!-- \/ Yoast SEO plugin. -->","yoast_head_json":{"title":"Rencontre avec l'\u00e9quipe du Pr Hartmann, le retour...","description":"Je vous avais promis un retour sur le symposium organis\u00e9 par Medela avec l'\u00e9quipe du Pr Hartmann, m'y voici. Les interventions propos\u00e9es \u00e9taient passionnantes, la conf\u00e9rence de presse \u00e9tait une premi\u00e8re pour moi, j'en ai profit\u00e9 pour poser les questions pouvant vous \u00eatre utiles.","robots":{"index":"index","follow":"follow","max-snippet":"max-snippet:-1","max-image-preview":"max-image-preview:large","max-video-preview":"max-video-preview:-1"},"canonical":"https:\/\/www.lactissima.com\/a-tire-d-ailes\/rencontre-avec-lequipe-du-pr-hartmann-le-retour\/","og_locale":"fr_FR","og_type":"article","og_title":"Rencontre avec l'\u00e9quipe du Pr Hartmann, le retour...","og_description":"Je vous avais promis un retour sur le symposium organis\u00e9 par Medela avec l'\u00e9quipe du Pr Hartmann, m'y voici. Les interventions propos\u00e9es \u00e9taient passionnantes, la conf\u00e9rence de presse \u00e9tait une premi\u00e8re pour moi, j'en ai profit\u00e9 pour poser les questions pouvant vous \u00eatre utiles.","og_url":"https:\/\/www.lactissima.com\/a-tire-d-ailes\/rencontre-avec-lequipe-du-pr-hartmann-le-retour\/","og_site_name":"A tire d&#039;Ailes","article_publisher":"https:\/\/www.facebook.com\/consultante.en.lactation","article_author":"www.facebook.com\/consultante.en.lactation","article_published_time":"2009-10-19T16:51:17+00:00","article_modified_time":"2014-03-15T15:11:35+00:00","og_image":[{"width":448,"height":224,"url":"https:\/\/www.lactissima.com\/a-tire-d-ailes\/wp-content\/uploads\/tribune-21.jpg","type":"image\/jpeg"}],"author":"V\u00e9ronique Darmangeat","twitter_card":"summary_large_image","twitter_creator":"@VeroniqueIBCLC","twitter_site":"@VeroniqueIBCLC","twitter_misc":{"\u00c9crit par":"V\u00e9ronique Darmangeat","Dur\u00e9e de lecture estim\u00e9e":"3 minutes"},"schema":{"@context":"https:\/\/schema.org","@graph":[{"@type":"Article","@id":"https:\/\/www.lactissima.com\/a-tire-d-ailes\/rencontre-avec-lequipe-du-pr-hartmann-le-retour\/#article","isPartOf":{"@id":"https:\/\/www.lactissima.com\/a-tire-d-ailes\/rencontre-avec-lequipe-du-pr-hartmann-le-retour\/"},"author":{"name":"V\u00e9ronique Darmangeat","@id":"https:\/\/www.lactissima.com\/a-tire-d-ailes\/#\/schema\/person\/8f98d3a89530861bc1240e6d53d44eed"},"headline":"Rencontre avec l&rsquo;\u00e9quipe du Pr Hartmann, le retour&#8230;","datePublished":"2009-10-19T16:51:17+00:00","dateModified":"2014-03-15T15:11:35+00:00","mainEntityOfPage":{"@id":"https:\/\/www.lactissima.com\/a-tire-d-ailes\/rencontre-avec-lequipe-du-pr-hartmann-le-retour\/"},"wordCount":557,"commentCount":4,"image":{"@id":"https:\/\/www.lactissima.com\/a-tire-d-ailes\/rencontre-avec-lequipe-du-pr-hartmann-le-retour\/#primaryimage"},"thumbnailUrl":"https:\/\/www.lactissima.com\/a-tire-d-ailes\/wp-content\/uploads\/tribune-21.jpg","keywords":["Allaitement","anatomie du sein","fatigue","QI","reflexe d'\u00e9jection","tire-lait"],"articleSection":["Actualit\u00e9s","Allaitement","Allaitement et Travail"],"inLanguage":"fr-FR","potentialAction":[{"@type":"CommentAction","name":"Comment","target":["https:\/\/www.lactissima.com\/a-tire-d-ailes\/rencontre-avec-lequipe-du-pr-hartmann-le-retour\/#respond"]}]},{"@type":"WebPage","@id":"https:\/\/www.lactissima.com\/a-tire-d-ailes\/rencontre-avec-lequipe-du-pr-hartmann-le-retour\/","url":"https:\/\/www.lactissima.com\/a-tire-d-ailes\/rencontre-avec-lequipe-du-pr-hartmann-le-retour\/","name":"Rencontre avec l'\u00e9quipe du Pr Hartmann, le retour...","isPartOf":{"@id":"https:\/\/www.lactissima.com\/a-tire-d-ailes\/#website"},"primaryImageOfPage":{"@id":"https:\/\/www.lactissima.com\/a-tire-d-ailes\/rencontre-avec-lequipe-du-pr-hartmann-le-retour\/#primaryimage"},"image":{"@id":"https:\/\/www.lactissima.com\/a-tire-d-ailes\/rencontre-avec-lequipe-du-pr-hartmann-le-retour\/#primaryimage"},"thumbnailUrl":"https:\/\/www.lactissima.com\/a-tire-d-ailes\/wp-content\/uploads\/tribune-21.jpg","datePublished":"2009-10-19T16:51:17+00:00","dateModified":"2014-03-15T15:11:35+00:00","author":{"@id":"https:\/\/www.lactissima.com\/a-tire-d-ailes\/#\/schema\/person\/8f98d3a89530861bc1240e6d53d44eed"},"description":"Je vous avais promis un retour sur le symposium organis\u00e9 par Medela avec l'\u00e9quipe du Pr Hartmann, m'y voici. Les interventions propos\u00e9es \u00e9taient passionnantes, la conf\u00e9rence de presse \u00e9tait une premi\u00e8re pour moi, j'en ai profit\u00e9 pour poser les questions pouvant vous \u00eatre utiles.","breadcrumb":{"@id":"https:\/\/www.lactissima.com\/a-tire-d-ailes\/rencontre-avec-lequipe-du-pr-hartmann-le-retour\/#breadcrumb"},"inLanguage":"fr-FR","potentialAction":[{"@type":"ReadAction","target":["https:\/\/www.lactissima.com\/a-tire-d-ailes\/rencontre-avec-lequipe-du-pr-hartmann-le-retour\/"]}]},{"@type":"ImageObject","inLanguage":"fr-FR","@id":"https:\/\/www.lactissima.com\/a-tire-d-ailes\/rencontre-avec-lequipe-du-pr-hartmann-le-retour\/#primaryimage","url":"https:\/\/www.lactissima.com\/a-tire-d-ailes\/wp-content\/uploads\/tribune-21.jpg","contentUrl":"https:\/\/www.lactissima.com\/a-tire-d-ailes\/wp-content\/uploads\/tribune-21.jpg","width":"448","height":"224"},{"@type":"BreadcrumbList","@id":"https:\/\/www.lactissima.com\/a-tire-d-ailes\/rencontre-avec-lequipe-du-pr-hartmann-le-retour\/#breadcrumb","itemListElement":[{"@type":"ListItem","position":1,"name":"Accueil","item":"https:\/\/www.lactissima.com\/a-tire-d-ailes\/"},{"@type":"ListItem","position":2,"name":"Rencontre avec l&rsquo;\u00e9quipe du Pr Hartmann, le retour&#8230;"}]},{"@type":"WebSite","@id":"https:\/\/www.lactissima.com\/a-tire-d-ailes\/#website","url":"https:\/\/www.lactissima.com\/a-tire-d-ailes\/","name":"A tire d&#039;Ailes","description":"Le blog des femmes qui allaitent et travaillent.","potentialAction":[{"@type":"SearchAction","target":{"@type":"EntryPoint","urlTemplate":"https:\/\/www.lactissima.com\/a-tire-d-ailes\/?s={search_term_string}"},"query-input":{"@type":"PropertyValueSpecification","valueRequired":true,"valueName":"search_term_string"}}],"inLanguage":"fr-FR"},{"@type":"Person","@id":"https:\/\/www.lactissima.com\/a-tire-d-ailes\/#\/schema\/person\/8f98d3a89530861bc1240e6d53d44eed","name":"V\u00e9ronique Darmangeat","image":{"@type":"ImageObject","inLanguage":"fr-FR","@id":"https:\/\/secure.gravatar.com\/avatar\/268c99344c89cebfe4f5df5fa8be43068a18884fc76a29f3206fae98465b9cab?s=96&d=identicon&r=g","url":"https:\/\/secure.gravatar.com\/avatar\/268c99344c89cebfe4f5df5fa8be43068a18884fc76a29f3206fae98465b9cab?s=96&d=identicon&r=g","contentUrl":"https:\/\/secure.gravatar.com\/avatar\/268c99344c89cebfe4f5df5fa8be43068a18884fc76a29f3206fae98465b9cab?s=96&d=identicon&r=g","caption":"V\u00e9ronique Darmangeat"},"sameAs":["https:\/\/www.lactissima.com\/a-tire-d-ailes","www.facebook.com\/consultante.en.lactation"]}]}},"_links":{"self":[{"href":"https:\/\/www.lactissima.com\/a-tire-d-ailes\/wp-json\/wp\/v2\/posts\/792","targetHints":{"allow":["GET"]}}],"collection":[{"href":"https:\/\/www.lactissima.com\/a-tire-d-ailes\/wp-json\/wp\/v2\/posts"}],"about":[{"href":"https:\/\/www.lactissima.com\/a-tire-d-ailes\/wp-json\/wp\/v2\/types\/post"}],"author":[{"embeddable":true,"href":"https:\/\/www.lactissima.com\/a-tire-d-ailes\/wp-json\/wp\/v2\/users\/170"}],"replies":[{"embeddable":true,"href":"https:\/\/www.lactissima.com\/a-tire-d-ailes\/wp-json\/wp\/v2\/comments?post=792"}],"version-history":[{"count":16,"href":"https:\/\/www.lactissima.com\/a-tire-d-ailes\/wp-json\/wp\/v2\/posts\/792\/revisions"}],"predecessor-version":[{"id":5545,"href":"https:\/\/www.lactissima.com\/a-tire-d-ailes\/wp-json\/wp\/v2\/posts\/792\/revisions\/5545"}],"wp:featuredmedia":[{"embeddable":true,"href":"https:\/\/www.lactissima.com\/a-tire-d-ailes\/wp-json\/wp\/v2\/media\/794"}],"wp:attachment":[{"href":"https:\/\/www.lactissima.com\/a-tire-d-ailes\/wp-json\/wp\/v2\/media?parent=792"}],"wp:term":[{"taxonomy":"category","embeddable":true,"href":"https:\/\/www.lactissima.com\/a-tire-d-ailes\/wp-json\/wp\/v2\/categories?post=792"},{"taxonomy":"post_tag","embeddable":true,"href":"https:\/\/www.lactissima.com\/a-tire-d-ailes\/wp-json\/wp\/v2\/tags?post=792"}],"curies":[{"name":"wp","href":"https:\/\/api.w.org\/{rel}","templated":true}]}}