{"id":7838,"date":"2018-09-13T12:07:06","date_gmt":"2018-09-13T10:07:06","guid":{"rendered":"https:\/\/www.lactissima.com\/a-tire-d-ailes\/?p=7838"},"modified":"2018-09-13T12:07:06","modified_gmt":"2018-09-13T10:07:06","slug":"allaiter-et-travailler-le-temoignage-de-sophie-3","status":"publish","type":"post","link":"https:\/\/www.lactissima.com\/a-tire-d-ailes\/allaiter-et-travailler-le-temoignage-de-sophie-3\/","title":{"rendered":"Allaiter et travailler : le t\u00e9moignage de Sophie"},"content":{"rendered":"<p><strong><img loading=\"lazy\" decoding=\"async\" class=\"alignright size-full wp-image-7840\" src=\"https:\/\/www.lactissima.com\/a-tire-d-ailes\/wp-content\/uploads\/2018\/09\/sophie5.jpg\" alt=\"\" width=\"199\" height=\"410\" srcset=\"https:\/\/www.lactissima.com\/a-tire-d-ailes\/wp-content\/uploads\/2018\/09\/sophie5.jpg 199w, https:\/\/www.lactissima.com\/a-tire-d-ailes\/wp-content\/uploads\/2018\/09\/sophie5-146x300.jpg 146w\" sizes=\"(max-width: 199px) 100vw, 199px\" \/><\/strong><\/p>\n<p style=\"text-align: justify;\">Sophie est\u00a0anesth\u00e9siste en lib\u00e9ral et fait des gardes hospitali\u00e8res.<\/p>\n<ul style=\"text-align: justify;\">\n<li><strong>Quel choix avez-vous fait au moment de la reprise du travail : sevrage ou poursuite de l\u2019allaitement ? Pourquoi ?<\/strong><\/li>\n<\/ul>\n<p style=\"text-align: justify;\">j&rsquo;ai repris \u00e0 plein temps aux 4 mois et demi de mon b\u00e9b\u00e9. C&rsquo;est parce que je changeais de lieu d&rsquo;exercice que j&rsquo;ai pu reprendre aussi tard. C&rsquo;\u00e9tait \u00e0 la fois une chance mais \u00e9galement stressant parce que nouvel endroit.<br \/>\nAutant pr\u00e9vu d&rsquo;allaiter environ 6 mois la case tire-lait \u00e9tait incontournable, avant m\u00eame d&rsquo;accoucher j&rsquo;avais rempli la demande de tire-lait \u00e0 grandir nature pour avoir le Medela Symphony et j&rsquo;avais rencontr\u00e9 une consultante en lactation.<\/p>\n<ul style=\"text-align: justify;\">\n<li><strong>Comment vous \u00eates-vous organis\u00e9e ?<\/strong><\/li>\n<\/ul>\n<p style=\"text-align: justify;\">Je prends ma nourrice 55 h par semaine et je fais par mois 2 gardes de 24 h.<br \/>\nJ&rsquo;avais donc besoin d&rsquo;avoir du stock.<br \/>\nJ&rsquo;ai commenc\u00e9 \u00e0 tirer vers 4 semaines au d\u00e9but pas longtemps et pas tous les jours. \u00c7a ma permis de voir le temps que \u00e7a me prenait le temps de vaisselle et quel moment de la journ\u00e9e \u00e9tait le plus adapt\u00e9 (le matin pour moi).<br \/>\nJusqu&rsquo;\u00e0 2 mois et demi j&rsquo;ai donn\u00e9 mon lait au lactarium.<br \/>\nJe pensais reprendre le travail plus t\u00f4t et j&rsquo;avais une nourrice \u00e0 partir de ses 3 mois date o\u00f9 j&rsquo;ai commenc\u00e9 \u00e0 le mettre quelques heures par ci par l\u00e0 en augmentant progressivement.<br \/>\nJ&rsquo;ai commenc\u00e9 \u00e0 \u00eatre r\u00e9guli\u00e8re sur les tirages \u00e0 ce moment l\u00e0.<br \/>\nJ&rsquo;ai test\u00e9 diff\u00e9rentes forme de stockage (petits gla\u00e7ons, b\u00e2tonnets et enfin sachets) pour choisir finalement les sachets \u00e0 plat pour gagner de la place.. J&rsquo;ai aussi v\u00e9rifi\u00e9 avant de stocker une grande quantit\u00e9 que mon lait ne lipasait pas.<br \/>\nAyant un b\u00e9b\u00e9 glouton il a toujours accept\u00e9 mon lait donc j&rsquo;ai stock\u00e9 de 120 jusqu&rsquo;\u00e0 180 ml par sac.<br \/>\nLe choix du contenant a \u00e9t\u00e9 source de stress et d&rsquo;interrogations.<br \/>\nOn lit partout qu&rsquo;il ne faut pas utiliser de biberon pour \u00e9viter la confusion mais les alternatives ne me paraissaient pas adapt\u00e9es \u00e0 la fois pour mon b\u00e9b\u00e9 comme pour ma nourrice qui garde 4 jeunes b\u00e9b\u00e9s.<br \/>\nJ&rsquo;ai donc pris le \u00ab\u00a0risque\u00a0\u00bb et il n&rsquo;y a pas eu de probl\u00e8me.<br \/>\nC&rsquo;\u00e9tait son premier b\u00e9b\u00e9 allait\u00e9 je lui ai donc expliqu\u00e9 de ne pas lui donner trop vite, s&rsquo;il avait l&rsquo;air d&rsquo;avoir faim \u00e0 la fin de lui faire un c\u00e2lin.. Au final j&rsquo;avais peur qu&rsquo;elle d\u00e9cong\u00e8le mais elle ne m&rsquo;a jamais jet\u00e9 de poche.<br \/>\nJe lui laissais 2 poches par journ\u00e9e gard\u00e9e mais elle avait toujours les 2 poches du lendemain + un stock au cong\u00e9lateur.<br \/>\nLe soir elle essayait de le faire patienter si elle savait que j&rsquo;allais arriver.<\/p>\n<p style=\"text-align: justify;\">Pour les tirages j&rsquo;ai tir\u00e9 tous les matins avant qu&rsquo;il t\u00e8te, WE compris jusqu&rsquo;\u00e0 ses 6 mois+ 1 fois \u00e0 midi +en partant du travail.<br \/>\nJ&rsquo;ai eu la chance de d\u00e9couvrir une salle de tirage en n\u00e9onatologie avec tire-lait et kit \u00e0 disposition ce qui m&rsquo;a grandement chang\u00e9 la vie.<br \/>\nJ&rsquo;avais plusieurs mini glaci\u00e8res souples un peu bariol\u00e9es pour ranger ma brassiere et mes biberons.<\/p>\n<p style=\"text-align: justify;\">Quand je le r\u00e9cup\u00e9rais c&rsquo;\u00e9tait t\u00e9t\u00e9es \u00e0 volont\u00e9.<\/p>\n<ul style=\"text-align: justify;\">\n<li><strong>Quelles ont \u00e9t\u00e9 vos principales difficult\u00e9s ?<\/strong><\/li>\n<\/ul>\n<p style=\"text-align: justify;\">Retour de couche la premi\u00e8re semaine de l&rsquo;adaptation je ne tirais pas assez, heureusement que j&rsquo;avais du stock. Idem avant de reprendre le travail je n&rsquo;ai pas tir\u00e9 pendant les vacances de no\u00ebl, il a fallu \u00e0 nouveau 15 jours pour r\u00e9cup\u00e9rer mes quantit\u00e9s.<br \/>\nSe lever plus t\u00f4t tous les jours est fatiguant \u00e0 la longue. Devoir calculer chaque jour quel est le moment le plus opportun pour ne pas g\u00eaner le travail (m\u00eame si mes coll\u00e8gues ont \u00e9t\u00e9 tr\u00e8s arrangeants).<\/p>\n<ul style=\"text-align: justify;\">\n<li><strong>Quels ont \u00e9t\u00e9 vos meilleurs moments ?<\/strong><\/li>\n<\/ul>\n<p style=\"text-align: justify;\">Les meilleurs moments sont clairement les retrouvailles, les sourires et pouvoir aller partout avec son b\u00e9b\u00e9 sans presque rien prendre.<\/p>\n<ul style=\"text-align: justify;\">\n<li><strong>Qu\u2019est-ce que vous souhaiteriez dire aux mamans qui doivent faire un choix dans les semaines \u00e0 venir ?<\/strong><\/li>\n<\/ul>\n<p style=\"text-align: justify;\">Choisir le bon tire-lait, se faire accompagner par une conseill\u00e8re (les forums ne sont pas tr\u00e8s adapt\u00e9s lorsqu&rsquo;on travaille beaucoup\/ culpabilisant etc).<br \/>\nAvoir du stock ma permis de reprendre sereinement, de pas faire un drame si un tirage saute. Cela ma permis d&rsquo;avoir du lait 3 mois apr\u00e8s l&rsquo;arr\u00eat des tirages.<br \/>\nAssumer devant ses coll\u00e8gues mais ne pas attendre des fleurs ou des f\u00e9licitations c&rsquo;est un choix personnel. Idem \u00eatre inflexible sur les horaires quelle que soit la charge de travail&#8230;se mettre \u00e0 dos ses coll\u00e8gues est \u00e0 mon avis n\u00e9faste sur le long terme.<br \/>\nChercher personnellement l&rsquo;endroit le plus adapt\u00e9 pour tirer.<\/p>\n<ul style=\"text-align: justify;\">\n<li><strong>Ce serait \u00e0 refaire, vous referiez le m\u00eame choix ? Que changeriez-vous ?<\/strong><\/li>\n<\/ul>\n<p style=\"text-align: justify;\">Si c&rsquo;\u00e9tait \u00e0 refaire je referais pareil mais en stressant beaucoup moins.<\/p>\n<p style=\"text-align: justify;\">Lait maternel exclusif 9 mois.. Allaitement mixte quand je suis au travail 9 mois -1 an, exclusif si non.<\/p>\n<p>&nbsp;<\/p>\n<p><strong>Articles en rapport :<\/strong><\/p>\n<ul>\n<li>Voir l\u2019onglet\u00a0<a href=\"https:\/\/www.lactissima.com\/a-tire-d-ailes\/temoignages-travail-et-allaitement\/\" target=\"_blank\" rel=\"noopener noreferrer\">t\u00e9moignages<\/a><\/li>\n<\/ul>\n<p>&nbsp;<\/p>\n<div class='et-box et-shadow'>\n\t\t\t\t\t<div class='et-box-content'>Lire des articles ou poser des questions en commentaire ne suffit pas \u00e0 r\u00e9soudre votre probl\u00e8me ? Savez-vous que vous pouvez prendre RDV pour une consultation avec moi ? N&rsquo;h\u00e9sitez pas \u00e0 me contacter !<\/div><\/div>\n","protected":false},"excerpt":{"rendered":"<p>Sophie est\u00a0anesth\u00e9siste en lib\u00e9ral et fait des gardes hospitali\u00e8res. Quel choix avez-vous fait au moment de la reprise du travail : sevrage ou poursuite de l\u2019allaitement ? Pourquoi ? j&rsquo;ai repris \u00e0 plein temps aux 4 mois et demi de mon b\u00e9b\u00e9. C&rsquo;est parce que je changeais de lieu d&rsquo;exercice que j&rsquo;ai pu reprendre aussi [&hellip;]<\/p>\n","protected":false},"author":170,"featured_media":7840,"comment_status":"open","ping_status":"open","sticky":false,"template":"","format":"standard","meta":{"_et_pb_use_builder":"","_et_pb_old_content":"","_et_gb_content_width":"","footnotes":""},"categories":[150],"tags":[],"class_list":["post-7838","post","type-post","status-publish","format-standard","has-post-thumbnail","hentry","category-temoignages"],"yoast_head":"<!-- This site is optimized with the Yoast SEO plugin v27.4 - https:\/\/yoast.com\/product\/yoast-seo-wordpress\/ -->\n<title>Allaiter et travailler : le t\u00e9moignage de Sophie<\/title>\n<meta name=\"description\" content=\"Sophie est\u00a0anesth\u00e9siste en lib\u00e9ral et fait des gardes hospitali\u00e8res. Quel choix avez-vous fait au moment de la reprise du travail : sevrage ou poursuite Sophie est m\u00e9decin anesth\u00e9siste est a tir\u00e9 son lait au travail.\" \/>\n<meta name=\"robots\" content=\"index, follow, max-snippet:-1, max-image-preview:large, max-video-preview:-1\" \/>\n<link rel=\"canonical\" href=\"https:\/\/www.lactissima.com\/a-tire-d-ailes\/allaiter-et-travailler-le-temoignage-de-sophie-3\/\" \/>\n<meta property=\"og:locale\" content=\"fr_FR\" \/>\n<meta property=\"og:type\" content=\"article\" \/>\n<meta property=\"og:title\" content=\"Allaiter et travailler : le t\u00e9moignage de Sophie\" \/>\n<meta property=\"og:description\" content=\"Sophie est\u00a0anesth\u00e9siste en lib\u00e9ral et fait des gardes hospitali\u00e8res. Quel choix avez-vous fait au moment de la reprise du travail : sevrage ou poursuite Sophie est m\u00e9decin anesth\u00e9siste est a tir\u00e9 son lait au travail.\" \/>\n<meta property=\"og:url\" content=\"https:\/\/www.lactissima.com\/a-tire-d-ailes\/allaiter-et-travailler-le-temoignage-de-sophie-3\/\" \/>\n<meta property=\"og:site_name\" content=\"A tire d&#039;Ailes\" \/>\n<meta property=\"article:publisher\" content=\"https:\/\/www.facebook.com\/consultante.en.lactation\" \/>\n<meta property=\"article:author\" content=\"www.facebook.com\/consultante.en.lactation\" \/>\n<meta property=\"article:published_time\" content=\"2018-09-13T10:07:06+00:00\" \/>\n<meta property=\"og:image\" content=\"https:\/\/www.lactissima.com\/a-tire-d-ailes\/wp-content\/uploads\/2018\/09\/sophie5.jpg\" \/>\n\t<meta property=\"og:image:width\" content=\"199\" \/>\n\t<meta property=\"og:image:height\" content=\"410\" \/>\n\t<meta property=\"og:image:type\" content=\"image\/jpeg\" \/>\n<meta name=\"author\" content=\"V\u00e9ronique Darmangeat\" \/>\n<meta name=\"twitter:card\" content=\"summary_large_image\" \/>\n<meta name=\"twitter:creator\" content=\"@VeroniqueIBCLC\" \/>\n<meta name=\"twitter:site\" content=\"@VeroniqueIBCLC\" \/>\n<meta name=\"twitter:label1\" content=\"\u00c9crit par\" \/>\n\t<meta name=\"twitter:data1\" content=\"V\u00e9ronique Darmangeat\" \/>\n\t<meta name=\"twitter:label2\" content=\"Dur\u00e9e de lecture estim\u00e9e\" \/>\n\t<meta name=\"twitter:data2\" content=\"4 minutes\" \/>\n<script type=\"application\/ld+json\" class=\"yoast-schema-graph\">{\"@context\":\"https:\\\/\\\/schema.org\",\"@graph\":[{\"@type\":\"Article\",\"@id\":\"https:\\\/\\\/www.lactissima.com\\\/a-tire-d-ailes\\\/allaiter-et-travailler-le-temoignage-de-sophie-3\\\/#article\",\"isPartOf\":{\"@id\":\"https:\\\/\\\/www.lactissima.com\\\/a-tire-d-ailes\\\/allaiter-et-travailler-le-temoignage-de-sophie-3\\\/\"},\"author\":{\"name\":\"V\u00e9ronique Darmangeat\",\"@id\":\"https:\\\/\\\/www.lactissima.com\\\/a-tire-d-ailes\\\/#\\\/schema\\\/person\\\/8f98d3a89530861bc1240e6d53d44eed\"},\"headline\":\"Allaiter et travailler : le t\u00e9moignage de Sophie\",\"datePublished\":\"2018-09-13T10:07:06+00:00\",\"mainEntityOfPage\":{\"@id\":\"https:\\\/\\\/www.lactissima.com\\\/a-tire-d-ailes\\\/allaiter-et-travailler-le-temoignage-de-sophie-3\\\/\"},\"wordCount\":901,\"commentCount\":0,\"image\":{\"@id\":\"https:\\\/\\\/www.lactissima.com\\\/a-tire-d-ailes\\\/allaiter-et-travailler-le-temoignage-de-sophie-3\\\/#primaryimage\"},\"thumbnailUrl\":\"https:\\\/\\\/www.lactissima.com\\\/a-tire-d-ailes\\\/wp-content\\\/uploads\\\/2018\\\/09\\\/sophie5.jpg\",\"articleSection\":[\"t\u00e9moignages\"],\"inLanguage\":\"fr-FR\",\"potentialAction\":[{\"@type\":\"CommentAction\",\"name\":\"Comment\",\"target\":[\"https:\\\/\\\/www.lactissima.com\\\/a-tire-d-ailes\\\/allaiter-et-travailler-le-temoignage-de-sophie-3\\\/#respond\"]}]},{\"@type\":\"WebPage\",\"@id\":\"https:\\\/\\\/www.lactissima.com\\\/a-tire-d-ailes\\\/allaiter-et-travailler-le-temoignage-de-sophie-3\\\/\",\"url\":\"https:\\\/\\\/www.lactissima.com\\\/a-tire-d-ailes\\\/allaiter-et-travailler-le-temoignage-de-sophie-3\\\/\",\"name\":\"Allaiter et travailler : le t\u00e9moignage de Sophie\",\"isPartOf\":{\"@id\":\"https:\\\/\\\/www.lactissima.com\\\/a-tire-d-ailes\\\/#website\"},\"primaryImageOfPage\":{\"@id\":\"https:\\\/\\\/www.lactissima.com\\\/a-tire-d-ailes\\\/allaiter-et-travailler-le-temoignage-de-sophie-3\\\/#primaryimage\"},\"image\":{\"@id\":\"https:\\\/\\\/www.lactissima.com\\\/a-tire-d-ailes\\\/allaiter-et-travailler-le-temoignage-de-sophie-3\\\/#primaryimage\"},\"thumbnailUrl\":\"https:\\\/\\\/www.lactissima.com\\\/a-tire-d-ailes\\\/wp-content\\\/uploads\\\/2018\\\/09\\\/sophie5.jpg\",\"datePublished\":\"2018-09-13T10:07:06+00:00\",\"author\":{\"@id\":\"https:\\\/\\\/www.lactissima.com\\\/a-tire-d-ailes\\\/#\\\/schema\\\/person\\\/8f98d3a89530861bc1240e6d53d44eed\"},\"description\":\"Sophie est\u00a0anesth\u00e9siste en lib\u00e9ral et fait des gardes hospitali\u00e8res. Quel choix avez-vous fait au moment de la reprise du travail : sevrage ou poursuite Sophie est m\u00e9decin anesth\u00e9siste est a tir\u00e9 son lait au travail.\",\"breadcrumb\":{\"@id\":\"https:\\\/\\\/www.lactissima.com\\\/a-tire-d-ailes\\\/allaiter-et-travailler-le-temoignage-de-sophie-3\\\/#breadcrumb\"},\"inLanguage\":\"fr-FR\",\"potentialAction\":[{\"@type\":\"ReadAction\",\"target\":[\"https:\\\/\\\/www.lactissima.com\\\/a-tire-d-ailes\\\/allaiter-et-travailler-le-temoignage-de-sophie-3\\\/\"]}]},{\"@type\":\"ImageObject\",\"inLanguage\":\"fr-FR\",\"@id\":\"https:\\\/\\\/www.lactissima.com\\\/a-tire-d-ailes\\\/allaiter-et-travailler-le-temoignage-de-sophie-3\\\/#primaryimage\",\"url\":\"https:\\\/\\\/www.lactissima.com\\\/a-tire-d-ailes\\\/wp-content\\\/uploads\\\/2018\\\/09\\\/sophie5.jpg\",\"contentUrl\":\"https:\\\/\\\/www.lactissima.com\\\/a-tire-d-ailes\\\/wp-content\\\/uploads\\\/2018\\\/09\\\/sophie5.jpg\",\"width\":199,\"height\":410},{\"@type\":\"BreadcrumbList\",\"@id\":\"https:\\\/\\\/www.lactissima.com\\\/a-tire-d-ailes\\\/allaiter-et-travailler-le-temoignage-de-sophie-3\\\/#breadcrumb\",\"itemListElement\":[{\"@type\":\"ListItem\",\"position\":1,\"name\":\"Accueil\",\"item\":\"https:\\\/\\\/www.lactissima.com\\\/a-tire-d-ailes\\\/\"},{\"@type\":\"ListItem\",\"position\":2,\"name\":\"Allaiter et travailler : le t\u00e9moignage de Sophie\"}]},{\"@type\":\"WebSite\",\"@id\":\"https:\\\/\\\/www.lactissima.com\\\/a-tire-d-ailes\\\/#website\",\"url\":\"https:\\\/\\\/www.lactissima.com\\\/a-tire-d-ailes\\\/\",\"name\":\"A tire d&#039;Ailes\",\"description\":\"Le blog des femmes qui allaitent et travaillent.\",\"potentialAction\":[{\"@type\":\"SearchAction\",\"target\":{\"@type\":\"EntryPoint\",\"urlTemplate\":\"https:\\\/\\\/www.lactissima.com\\\/a-tire-d-ailes\\\/?s={search_term_string}\"},\"query-input\":{\"@type\":\"PropertyValueSpecification\",\"valueRequired\":true,\"valueName\":\"search_term_string\"}}],\"inLanguage\":\"fr-FR\"},{\"@type\":\"Person\",\"@id\":\"https:\\\/\\\/www.lactissima.com\\\/a-tire-d-ailes\\\/#\\\/schema\\\/person\\\/8f98d3a89530861bc1240e6d53d44eed\",\"name\":\"V\u00e9ronique Darmangeat\",\"image\":{\"@type\":\"ImageObject\",\"inLanguage\":\"fr-FR\",\"@id\":\"https:\\\/\\\/secure.gravatar.com\\\/avatar\\\/268c99344c89cebfe4f5df5fa8be43068a18884fc76a29f3206fae98465b9cab?s=96&d=identicon&r=g\",\"url\":\"https:\\\/\\\/secure.gravatar.com\\\/avatar\\\/268c99344c89cebfe4f5df5fa8be43068a18884fc76a29f3206fae98465b9cab?s=96&d=identicon&r=g\",\"contentUrl\":\"https:\\\/\\\/secure.gravatar.com\\\/avatar\\\/268c99344c89cebfe4f5df5fa8be43068a18884fc76a29f3206fae98465b9cab?s=96&d=identicon&r=g\",\"caption\":\"V\u00e9ronique Darmangeat\"},\"sameAs\":[\"https:\\\/\\\/www.lactissima.com\\\/a-tire-d-ailes\",\"www.facebook.com\\\/consultante.en.lactation\"]}]}<\/script>\n<!-- \/ Yoast SEO plugin. -->","yoast_head_json":{"title":"Allaiter et travailler : le t\u00e9moignage de Sophie","description":"Sophie est\u00a0anesth\u00e9siste en lib\u00e9ral et fait des gardes hospitali\u00e8res. Quel choix avez-vous fait au moment de la reprise du travail : sevrage ou poursuite Sophie est m\u00e9decin anesth\u00e9siste est a tir\u00e9 son lait au travail.","robots":{"index":"index","follow":"follow","max-snippet":"max-snippet:-1","max-image-preview":"max-image-preview:large","max-video-preview":"max-video-preview:-1"},"canonical":"https:\/\/www.lactissima.com\/a-tire-d-ailes\/allaiter-et-travailler-le-temoignage-de-sophie-3\/","og_locale":"fr_FR","og_type":"article","og_title":"Allaiter et travailler : le t\u00e9moignage de Sophie","og_description":"Sophie est\u00a0anesth\u00e9siste en lib\u00e9ral et fait des gardes hospitali\u00e8res. Quel choix avez-vous fait au moment de la reprise du travail : sevrage ou poursuite Sophie est m\u00e9decin anesth\u00e9siste est a tir\u00e9 son lait au travail.","og_url":"https:\/\/www.lactissima.com\/a-tire-d-ailes\/allaiter-et-travailler-le-temoignage-de-sophie-3\/","og_site_name":"A tire d&#039;Ailes","article_publisher":"https:\/\/www.facebook.com\/consultante.en.lactation","article_author":"www.facebook.com\/consultante.en.lactation","article_published_time":"2018-09-13T10:07:06+00:00","og_image":[{"width":199,"height":410,"url":"https:\/\/www.lactissima.com\/a-tire-d-ailes\/wp-content\/uploads\/2018\/09\/sophie5.jpg","type":"image\/jpeg"}],"author":"V\u00e9ronique Darmangeat","twitter_card":"summary_large_image","twitter_creator":"@VeroniqueIBCLC","twitter_site":"@VeroniqueIBCLC","twitter_misc":{"\u00c9crit par":"V\u00e9ronique Darmangeat","Dur\u00e9e de lecture estim\u00e9e":"4 minutes"},"schema":{"@context":"https:\/\/schema.org","@graph":[{"@type":"Article","@id":"https:\/\/www.lactissima.com\/a-tire-d-ailes\/allaiter-et-travailler-le-temoignage-de-sophie-3\/#article","isPartOf":{"@id":"https:\/\/www.lactissima.com\/a-tire-d-ailes\/allaiter-et-travailler-le-temoignage-de-sophie-3\/"},"author":{"name":"V\u00e9ronique Darmangeat","@id":"https:\/\/www.lactissima.com\/a-tire-d-ailes\/#\/schema\/person\/8f98d3a89530861bc1240e6d53d44eed"},"headline":"Allaiter et travailler : le t\u00e9moignage de Sophie","datePublished":"2018-09-13T10:07:06+00:00","mainEntityOfPage":{"@id":"https:\/\/www.lactissima.com\/a-tire-d-ailes\/allaiter-et-travailler-le-temoignage-de-sophie-3\/"},"wordCount":901,"commentCount":0,"image":{"@id":"https:\/\/www.lactissima.com\/a-tire-d-ailes\/allaiter-et-travailler-le-temoignage-de-sophie-3\/#primaryimage"},"thumbnailUrl":"https:\/\/www.lactissima.com\/a-tire-d-ailes\/wp-content\/uploads\/2018\/09\/sophie5.jpg","articleSection":["t\u00e9moignages"],"inLanguage":"fr-FR","potentialAction":[{"@type":"CommentAction","name":"Comment","target":["https:\/\/www.lactissima.com\/a-tire-d-ailes\/allaiter-et-travailler-le-temoignage-de-sophie-3\/#respond"]}]},{"@type":"WebPage","@id":"https:\/\/www.lactissima.com\/a-tire-d-ailes\/allaiter-et-travailler-le-temoignage-de-sophie-3\/","url":"https:\/\/www.lactissima.com\/a-tire-d-ailes\/allaiter-et-travailler-le-temoignage-de-sophie-3\/","name":"Allaiter et travailler : le t\u00e9moignage de Sophie","isPartOf":{"@id":"https:\/\/www.lactissima.com\/a-tire-d-ailes\/#website"},"primaryImageOfPage":{"@id":"https:\/\/www.lactissima.com\/a-tire-d-ailes\/allaiter-et-travailler-le-temoignage-de-sophie-3\/#primaryimage"},"image":{"@id":"https:\/\/www.lactissima.com\/a-tire-d-ailes\/allaiter-et-travailler-le-temoignage-de-sophie-3\/#primaryimage"},"thumbnailUrl":"https:\/\/www.lactissima.com\/a-tire-d-ailes\/wp-content\/uploads\/2018\/09\/sophie5.jpg","datePublished":"2018-09-13T10:07:06+00:00","author":{"@id":"https:\/\/www.lactissima.com\/a-tire-d-ailes\/#\/schema\/person\/8f98d3a89530861bc1240e6d53d44eed"},"description":"Sophie est\u00a0anesth\u00e9siste en lib\u00e9ral et fait des gardes hospitali\u00e8res. Quel choix avez-vous fait au moment de la reprise du travail : sevrage ou poursuite Sophie est m\u00e9decin anesth\u00e9siste est a tir\u00e9 son lait au travail.","breadcrumb":{"@id":"https:\/\/www.lactissima.com\/a-tire-d-ailes\/allaiter-et-travailler-le-temoignage-de-sophie-3\/#breadcrumb"},"inLanguage":"fr-FR","potentialAction":[{"@type":"ReadAction","target":["https:\/\/www.lactissima.com\/a-tire-d-ailes\/allaiter-et-travailler-le-temoignage-de-sophie-3\/"]}]},{"@type":"ImageObject","inLanguage":"fr-FR","@id":"https:\/\/www.lactissima.com\/a-tire-d-ailes\/allaiter-et-travailler-le-temoignage-de-sophie-3\/#primaryimage","url":"https:\/\/www.lactissima.com\/a-tire-d-ailes\/wp-content\/uploads\/2018\/09\/sophie5.jpg","contentUrl":"https:\/\/www.lactissima.com\/a-tire-d-ailes\/wp-content\/uploads\/2018\/09\/sophie5.jpg","width":199,"height":410},{"@type":"BreadcrumbList","@id":"https:\/\/www.lactissima.com\/a-tire-d-ailes\/allaiter-et-travailler-le-temoignage-de-sophie-3\/#breadcrumb","itemListElement":[{"@type":"ListItem","position":1,"name":"Accueil","item":"https:\/\/www.lactissima.com\/a-tire-d-ailes\/"},{"@type":"ListItem","position":2,"name":"Allaiter et travailler : le t\u00e9moignage de Sophie"}]},{"@type":"WebSite","@id":"https:\/\/www.lactissima.com\/a-tire-d-ailes\/#website","url":"https:\/\/www.lactissima.com\/a-tire-d-ailes\/","name":"A tire d&#039;Ailes","description":"Le blog des femmes qui allaitent et travaillent.","potentialAction":[{"@type":"SearchAction","target":{"@type":"EntryPoint","urlTemplate":"https:\/\/www.lactissima.com\/a-tire-d-ailes\/?s={search_term_string}"},"query-input":{"@type":"PropertyValueSpecification","valueRequired":true,"valueName":"search_term_string"}}],"inLanguage":"fr-FR"},{"@type":"Person","@id":"https:\/\/www.lactissima.com\/a-tire-d-ailes\/#\/schema\/person\/8f98d3a89530861bc1240e6d53d44eed","name":"V\u00e9ronique Darmangeat","image":{"@type":"ImageObject","inLanguage":"fr-FR","@id":"https:\/\/secure.gravatar.com\/avatar\/268c99344c89cebfe4f5df5fa8be43068a18884fc76a29f3206fae98465b9cab?s=96&d=identicon&r=g","url":"https:\/\/secure.gravatar.com\/avatar\/268c99344c89cebfe4f5df5fa8be43068a18884fc76a29f3206fae98465b9cab?s=96&d=identicon&r=g","contentUrl":"https:\/\/secure.gravatar.com\/avatar\/268c99344c89cebfe4f5df5fa8be43068a18884fc76a29f3206fae98465b9cab?s=96&d=identicon&r=g","caption":"V\u00e9ronique Darmangeat"},"sameAs":["https:\/\/www.lactissima.com\/a-tire-d-ailes","www.facebook.com\/consultante.en.lactation"]}]}},"_links":{"self":[{"href":"https:\/\/www.lactissima.com\/a-tire-d-ailes\/wp-json\/wp\/v2\/posts\/7838","targetHints":{"allow":["GET"]}}],"collection":[{"href":"https:\/\/www.lactissima.com\/a-tire-d-ailes\/wp-json\/wp\/v2\/posts"}],"about":[{"href":"https:\/\/www.lactissima.com\/a-tire-d-ailes\/wp-json\/wp\/v2\/types\/post"}],"author":[{"embeddable":true,"href":"https:\/\/www.lactissima.com\/a-tire-d-ailes\/wp-json\/wp\/v2\/users\/170"}],"replies":[{"embeddable":true,"href":"https:\/\/www.lactissima.com\/a-tire-d-ailes\/wp-json\/wp\/v2\/comments?post=7838"}],"version-history":[{"count":2,"href":"https:\/\/www.lactissima.com\/a-tire-d-ailes\/wp-json\/wp\/v2\/posts\/7838\/revisions"}],"predecessor-version":[{"id":7841,"href":"https:\/\/www.lactissima.com\/a-tire-d-ailes\/wp-json\/wp\/v2\/posts\/7838\/revisions\/7841"}],"wp:featuredmedia":[{"embeddable":true,"href":"https:\/\/www.lactissima.com\/a-tire-d-ailes\/wp-json\/wp\/v2\/media\/7840"}],"wp:attachment":[{"href":"https:\/\/www.lactissima.com\/a-tire-d-ailes\/wp-json\/wp\/v2\/media?parent=7838"}],"wp:term":[{"taxonomy":"category","embeddable":true,"href":"https:\/\/www.lactissima.com\/a-tire-d-ailes\/wp-json\/wp\/v2\/categories?post=7838"},{"taxonomy":"post_tag","embeddable":true,"href":"https:\/\/www.lactissima.com\/a-tire-d-ailes\/wp-json\/wp\/v2\/tags?post=7838"}],"curies":[{"name":"wp","href":"https:\/\/api.w.org\/{rel}","templated":true}]}}