{"id":782,"date":"2009-11-21T15:44:29","date_gmt":"2009-11-21T13:44:29","guid":{"rendered":"https:\/\/www.lactissima.com\/a-tire-d-ailes\/?p=782"},"modified":"2014-03-15T17:10:29","modified_gmt":"2014-03-15T15:10:29","slug":"allaiter-et-travailler-le-temoignage-de-sophie","status":"publish","type":"post","link":"https:\/\/www.lactissima.com\/a-tire-d-ailes\/allaiter-et-travailler-le-temoignage-de-sophie\/","title":{"rendered":"Allaiter et travailler : le t\u00e9moignage de Sophie"},"content":{"rendered":"<ul>\n<li style=\"text-align: justify;\"><strong><a href=\"https:\/\/www.lactissima.com\/a-tire-d-ailes\/wp-content\/uploads\/2009\/11\/biberon-seule-2.jpg\"><img loading=\"lazy\" decoding=\"async\" class=\"alignright size-full wp-image-4557\" alt=\"biberon seule 2\" src=\"https:\/\/www.lactissima.com\/a-tire-d-ailes\/wp-content\/uploads\/2009\/11\/biberon-seule-2.jpg\" width=\"320\" height=\"240\" srcset=\"https:\/\/www.lactissima.com\/a-tire-d-ailes\/wp-content\/uploads\/2009\/11\/biberon-seule-2.jpg 320w, https:\/\/www.lactissima.com\/a-tire-d-ailes\/wp-content\/uploads\/2009\/11\/biberon-seule-2-300x225.jpg 300w\" sizes=\"(max-width: 320px) 100vw, 320px\" \/><\/a>Quel choix avez-vous fait au moment de la reprise du travail : sevrage ou poursuite de l&rsquo;allaitement ? Pourquoi ?<\/strong><\/li>\n<\/ul>\n<p style=\"text-align: justify;\">J&rsquo;ai choisi d&rsquo;allaiter mes enfants avant m\u00eame d&rsquo;\u00eatre enceinte. Ce choix \u00e9tait \u00e9vident pour moi, parce que le lait maternel est ce qu&rsquo;on peut donner de mieux \u00e0 son enfant. Peut-\u00eatre aussi que je voulais, en quelque sorte, \u00c2\u00ab prolonger la grossesse \u00c2\u00bb et le rapport privil\u00e9gi\u00e9 qu&rsquo;on a avec son b\u00e9b\u00e9 lorsqu&rsquo;on lui donne le sein, pour se souvenir du temps o\u00f9 il grandissait en soi&#8230;<\/p>\n<p style=\"text-align: justify;\">Pour ma fille (n\u00e9e en juin 2007), j&rsquo;avais choisi de la sevrer avant la reprise du travail. Je m&rsquo;y suis prise de bonne heure, parce que je voulais que \u00e7a se fasse en douceur. Je travaillais en d\u00e9cal\u00e9 \u00e0 l&rsquo;\u00e9poque et garder une ou deux t\u00e9t\u00e9es par jour \u00e9tait impossible car j&rsquo;avais un rythme tr\u00e8s irr\u00e9gulier. De plus, tirer mon lait sur mon lieu de travail me semblait trop contraignant : pas de local \u00c2\u00ab tranquille \u00c2\u00bb, et j&rsquo;avais d\u00e9j\u00e0 beaucoup de mal \u00e0 le tirer \u00e0 la maison (en une heure je ne sais pas si j&rsquo;aurais r\u00e9ussi \u00e0 tirer un biberon)&#8230;<\/p>\n<p style=\"text-align: justify;\">Pour mon fils (qui a presque 5 mois), j&rsquo;ai voulu faire autrement et j&rsquo;ai fait en sorte de changer de travail (au sein m\u00eame de mon entreprise) pour travailler en horaires administratifs, afin de pouvoir continuer le plus longtemps possible un allaitement mixte. Ca n&rsquo;aura malheureusement pas dur\u00e9 tr\u00e8s longtemps.<\/p>\n<ul style=\"text-align: justify;\">\n<li><strong>Comment vous \u00eates-vous organis\u00e9e ?<\/strong><\/li>\n<\/ul>\n<p style=\"text-align: justify;\">Pour ma fille, j&rsquo;ai commenc\u00e9 vers 2 mois \u00e0 retirer une t\u00e9t\u00e9e par semaine. Elle en prenait 5 par jour, je pensais que \u00e7a prendrait un bon mois&#8230; Comme je devais commencer l&rsquo;adaptation \u00e0 la cr\u00e8che vers 3 mois, c&rsquo;\u00e9tait parfait. Un biberon, super. Deux biberons, \u00e7a va encore&#8230; Au troisi\u00e8me biberon, elle n&rsquo;a plus voulu du sein. Ca a \u00e9t\u00e9 un sacr\u00e9 choc pour moi de voir ma fille me repousser, je n&rsquo;\u00e9tais pas pr\u00eate \u00e0 \u00e7a. Et en plus, j&rsquo;ai d\u00fb arr\u00eater trop brusquement la lactation, ce qui a \u00e9t\u00e9 fort douloureux.<\/p>\n<p style=\"text-align: justify;\">Pour mon fils, je ne voulais pas revivre la m\u00eame chose. J&rsquo;ai donc commenc\u00e9 le sevrage plus tard, et fait en sorte de garder les t\u00e9t\u00e9es du matin et du soir. Il a \u00e9t\u00e9 allait\u00e9 3 mois pleins (4 t\u00e9t\u00e9es par jour depuis ses 2 mois), j&rsquo;ai commenc\u00e9 \u00e0 introduire un biberon, puis deux sans probl\u00e8me. Quand j&rsquo;ai repris le travail, il avait 3 mois \u00c2\u00bd et j&rsquo;ai supprim\u00e9 la t\u00e9t\u00e9e du matin (parce que je n&rsquo;avais pas le temps de l&rsquo;allaiter le matin, il fallait s&rsquo;occuper de lui, de ma fille, de moi&#8230;). J&rsquo;ai continu\u00e9 la t\u00e9t\u00e9e du soir pendant un bon mois, il n&rsquo;a jamais fait de diff\u00e9rence entre le sein et la t\u00e9tine du biberon !<\/p>\n<p style=\"text-align: justify;\">Mais j&rsquo;ai petit \u00e0 petit d\u00fb compl\u00e9ter avec un biberon, parce que je n&rsquo;avais plus assez de lait, et mon fils s&rsquo;\u00e9nervait&#8230; De toute fa\u00e7on, ce nouveau rythme m&rsquo;a fatigu\u00e9e, et puis j&rsquo;ai voulu reprendre le sport, donc le soir, une fois par semaine, je devais tirer mon lait. Moi qui r\u00e9ussissais fi\u00e8rement \u00e0 tirer au moins 160 ml (contre 20 ml maxi pour ma fille !!), je n&rsquo;arrivais plus \u00e0 tirer plus de 80 ml, donc il fallait compl\u00e9ter aussi avec du lait artificiel.<\/p>\n<p style=\"text-align: justify;\">Bref, je me suis r\u00e9sign\u00e9e \u00e0 arr\u00eater, mais comme \u00e7a s&rsquo;est fait r\u00e9ellement en douceur, \u00e7a n&rsquo;a pas \u00e9t\u00e9 difficile. Et puis c&rsquo;\u00e9tait devenu plus contraignant qu&rsquo;agr\u00e9able parce que mon fils se mettait \u00e0 pleurer au bout de 2 minutes&#8230;<\/p>\n<p style=\"text-align: justify;\">Ca fait une semaine \u00c2\u00bd qu&rsquo;il est sevr\u00e9 aujourd&rsquo;hui et tout va bien ! Et j&rsquo;avoue que j&rsquo;ai toujours au moins autant de plaisir \u00e0 lui faire un c\u00e2lin en lui donnant son biberon !<\/p>\n<ul style=\"text-align: justify;\">\n<li><strong> <\/strong> <strong>Quelles ont \u00e9t\u00e9 vos principales difficult\u00e9s ?<\/strong><\/li>\n<\/ul>\n<p style=\"text-align: justify;\">La mise en place de l&rsquo;allaitement pour ma fille. Elle \u00e9tait toute petite \u00e0 la naissance (46 cm pour 2,700 kg), et elle avait du mal \u00e0 bien prendre le sein (peut-\u00eatre parce qu&rsquo;elle avait une toute petite bouche ?)&#8230; Et du coup j&rsquo;ai eu des crevasses pendant 3 semaines ! C&rsquo;est l\u00e0 que j&rsquo;ai test\u00e9 ma volont\u00e9&#8230; Et j&rsquo;ai tenu bon. Je me disais que je devais nourrir ma fille (j&rsquo;ai du croire qu&rsquo;elle mourrait de faim sinon !), m\u00eame si je devais souffrir \u00e0 chacune des t\u00e9t\u00e9es quotidiennes (7 ou 8, voire plus au d\u00e9but), et essayer de garder le sourire (devant mon beau-p\u00e8re par exemple qui \u00e9tait ravi de filmer sa petite fille au sein de sa maman&#8230; Je n&rsquo;en ai jamais vu le film d&rsquo;ailleurs !).<\/p>\n<p style=\"text-align: justify;\">Et puis un jour, en en discutant avec une amie, elle m&rsquo;a conseill\u00e9 la seule cr\u00e8me que je n&rsquo;avais pas encore essay\u00e9e (\u00e0 base de lanoline pure), et qui ma gu\u00e9rie du jour au lendemain ! J&rsquo;ai pu continuer \u00e0 lui donner le sein, sereinement&#8230;<\/p>\n<p style=\"text-align: justify;\">Et puis j&rsquo;ai eu un petit engorgement au d\u00e9but du sevrage, mais \u00e7a n&rsquo;a heureusement pas dur\u00e9 longtemps.<\/p>\n<p style=\"text-align: justify;\">Et surtout le sevrage trop brusque a \u00e9t\u00e9 vraiment difficile, surtout psychologiquement, apr\u00e8s tout ce que j&rsquo;avais endur\u00e9 pour r\u00e9ussir \u00e0 allaiter ma fille&#8230;<\/p>\n<p style=\"text-align: justify;\">Pour mon fils c&rsquo;est pass\u00e9 comme une lettre \u00e0 la poste ! Tout a \u00e9t\u00e9 facile, m\u00eame si les premi\u00e8res semaines, la mise au sein \u00e9tait l\u00e9g\u00e8rement douloureuse.<\/p>\n<ul style=\"text-align: justify;\">\n<li><strong>Quels ont \u00e9t\u00e9 vos meilleurs moments ?<\/strong><\/li>\n<\/ul>\n<p style=\"text-align: justify;\">Il y a eu de nombreux moments magiques&#8230; Les regards de ma fille, yeux dans les yeux&#8230; Les endormissements au sein&#8230;<\/p>\n<p style=\"text-align: justify;\">Il y a eu aussi la toute premi\u00e8re mise au sein de mon fils. C&rsquo;\u00e9tait comme si je ne m&rsquo;\u00e9tais jamais arr\u00eat\u00e9e d&rsquo;allaiter&#8230; Il est rest\u00e9 10 minutes \u00e0 chaque sein comme s&rsquo;il avait fait \u00e7a depuis des mois&#8230; Et moi j&rsquo;\u00e9tais aux anges. Ca pr\u00e9sageait bien un super allaitement !<\/p>\n<ul style=\"text-align: justify;\">\n<li><strong> <\/strong> <strong>Qu&rsquo;est-ce que vous souhaiteriez dire aux mamans qui doivent faire un choix dans les semaines \u00e0 venir ?<\/strong><\/li>\n<\/ul>\n<p style=\"text-align: justify;\">Prenez le temps de la r\u00e9flexion&#8230;<\/p>\n<p style=\"text-align: justify;\">Et parlez-en avec votre employeur. Vous avez des droits (1h par jour pour tirer son lait sur son lieu de travail) mais parfois l&rsquo;entreprise n&rsquo;a pas de local convenable pour \u00e7a, et si vous le demandez, elle doit pouvoir le mettre en place.<\/p>\n<p style=\"text-align: justify;\">Si vous ne souhaitez pas sevrer votre enfant, ce n&rsquo;est (en th\u00e9orie) pas compliqu\u00e9 de continuer un allaitement total, encore faut-il pouvoir suivre le rythme (ne pas \u00eatre trop fatigu\u00e9e, pouvoir tirer son lait en quantit\u00e9 suffisante) et avoir un mari compr\u00e9hensif !<\/p>\n<p style=\"text-align: justify;\">Si \u00e7a vous semble trop compliqu\u00e9, ne culpabilisez pas&#8230; On a autant de moments de tendresse avec son b\u00e9b\u00e9 en lui donnant le biberon&#8230; Je vous assure !<\/p>\n<ul style=\"text-align: justify;\">\n<li><strong>Ce serait \u00e0 refaire, vous referiez le m\u00eame choix ? Que changeriez-vous ?<\/strong><\/li>\n<\/ul>\n<p style=\"text-align: justify;\">L&rsquo;exp\u00e9rience de mon premier allaitement m&rsquo;a donn\u00e9 des am\u00e9liorations \u00e0 apporter \u00e0 mon deuxi\u00e8me allaitement&#8230; S&rsquo;il devait y avoir un troisi\u00e8me b\u00e9b\u00e9 (oh pas tout de suite !!)&#8230; Je ferais au moins comme pour mon deuxi\u00e8me, mais si possible encore plus longtemps ! Mais je pense qu&rsquo;avec un 3<sup>e<\/sup> enfant je prendrais un cong\u00e9 parental d&rsquo;au moins 6 mois (pour mon fils, financi\u00e8rement c&rsquo;\u00e9tait compliqu\u00e9, mais j&rsquo;aurais aim\u00e9&#8230;) pour pouvoir continuer sereinement a allaiter mon b\u00e9b\u00e9&#8230;<\/p>\n<p style=\"text-align: justify;\">Parce qu&rsquo;il faut se le dire, malgr\u00e9 les droits qu&rsquo;on nous a donn\u00e9s pour concilier allaitement et travail, c&rsquo;est tout de m\u00eame plus que contraignant. Le cong\u00e9 de maternit\u00e9 devrait durer jusqu&rsquo;aux 6 mois de l&rsquo;enfant s&rsquo;il est allait\u00e9 (pourquoi pas en \u00e9change de don de lait maternel aux lactariums ? Ca profiterait \u00e0 tout le monde !)<\/p>\n<p style=\"text-align: justify;\"><strong>Articles en rapports<\/strong><\/p>\n<ul>\n<li style=\"text-align: justify;\"><a href=\"https:\/\/www.lactissima.com\/a-tire-d-ailes\/?p=778\">Allaiter et travailler : le t\u00e9moignage d&rsquo;Alexia<\/a><\/li>\n<li style=\"text-align: justify;\"><a href=\"https:\/\/www.lactissima.com\/a-tire-d-ailes\/?p=730\">Allaiter et travailler : le t\u00e9moignage de Sibylle<\/a><\/li>\n<li style=\"text-align: justify;\"><a href=\"https:\/\/www.lactissima.com\/a-tire-d-ailes\/?p=715\">Allaiter et travailler : le t\u00e9moignage de Clara<\/a><\/li>\n<li style=\"text-align: justify;\"><a href=\"https:\/\/www.lactissima.com\/a-tire-d-ailes\/?p=648\">Allaiter et travailler : le t\u00e9moignage de Florence<\/a><\/li>\n<li style=\"text-align: justify;\"><a href=\"https:\/\/www.lactissima.com\/a-tire-d-ailes\/?p=735\">Allaiter et travailler : le t\u00e9moignage de Virginie<\/a><\/li>\n<li style=\"text-align: justify;\"><a href=\"https:\/\/www.lactissima.com\/a-tire-d-ailes\/?p=771\">Allaiter et travailler : le t\u00e9moignage de B\u00e9atrice<\/a><\/li>\n<\/ul>\n<p>&nbsp;<\/p>\n","protected":false},"excerpt":{"rendered":"<p>L&rsquo;exp\u00e9rience de mon premier allaitement m&rsquo;a donn\u00e9 des am\u00e9liorations \u00e0 apporter \u00e0 mon deuxi\u00e8me allaitement&#8230; S&rsquo;il devait y avoir un troisi\u00e8me b\u00e9b\u00e9 (oh pas tout de suite !!)&#8230; Je ferais au moins comme pour mon deuxi\u00e8me, mais si possible encore plus longtemps !<\/p>\n","protected":false},"author":170,"featured_media":4557,"comment_status":"open","ping_status":"open","sticky":false,"template":"","format":"standard","meta":{"_et_pb_use_builder":"","_et_pb_old_content":"","_et_gb_content_width":"","footnotes":""},"categories":[36,150],"tags":[680,681,148,57],"class_list":["post-782","post","type-post","status-publish","format-standard","has-post-thumbnail","hentry","category-allaitement-et-travail","category-temoignages","tag-allaitement","tag-allaitement-et-travail","tag-temoignage","tag-tire-lait"],"yoast_head":"<!-- This site is optimized with the Yoast SEO plugin v27.4 - https:\/\/yoast.com\/product\/yoast-seo-wordpress\/ -->\n<title>Allaiter et travailler : le t\u00e9moignage de Sophie<\/title>\n<meta name=\"description\" content=\"L&#039;exp\u00e9rience de mon premier allaitement m&#039;a donn\u00e9 des am\u00e9liorations \u00e0 apporter \u00e0 mon deuxi\u00e8me allaitement... S&#039;il devait y avoir un troisi\u00e8me b\u00e9b\u00e9 (oh pas tout de suite !!)... Je ferais au moins comme pour mon deuxi\u00e8me, mais si possible encore plus longtemps !\" \/>\n<meta name=\"robots\" content=\"index, follow, max-snippet:-1, max-image-preview:large, max-video-preview:-1\" \/>\n<link rel=\"canonical\" href=\"https:\/\/www.lactissima.com\/a-tire-d-ailes\/allaiter-et-travailler-le-temoignage-de-sophie\/\" \/>\n<meta property=\"og:locale\" content=\"fr_FR\" \/>\n<meta property=\"og:type\" content=\"article\" \/>\n<meta property=\"og:title\" content=\"Allaiter et travailler : le t\u00e9moignage de Sophie\" \/>\n<meta property=\"og:description\" content=\"L&#039;exp\u00e9rience de mon premier allaitement m&#039;a donn\u00e9 des am\u00e9liorations \u00e0 apporter \u00e0 mon deuxi\u00e8me allaitement... S&#039;il devait y avoir un troisi\u00e8me b\u00e9b\u00e9 (oh pas tout de suite !!)... Je ferais au moins comme pour mon deuxi\u00e8me, mais si possible encore plus longtemps !\" \/>\n<meta property=\"og:url\" content=\"https:\/\/www.lactissima.com\/a-tire-d-ailes\/allaiter-et-travailler-le-temoignage-de-sophie\/\" \/>\n<meta property=\"og:site_name\" content=\"A tire d&#039;Ailes\" \/>\n<meta property=\"article:publisher\" content=\"https:\/\/www.facebook.com\/consultante.en.lactation\" \/>\n<meta property=\"article:author\" content=\"www.facebook.com\/consultante.en.lactation\" \/>\n<meta property=\"article:published_time\" content=\"2009-11-21T13:44:29+00:00\" \/>\n<meta property=\"article:modified_time\" content=\"2014-03-15T15:10:29+00:00\" \/>\n<meta property=\"og:image\" content=\"https:\/\/www.lactissima.com\/a-tire-d-ailes\/wp-content\/uploads\/2009\/11\/biberon-seule-2.jpg\" \/>\n\t<meta property=\"og:image:width\" content=\"320\" \/>\n\t<meta property=\"og:image:height\" content=\"240\" \/>\n\t<meta property=\"og:image:type\" content=\"image\/jpeg\" \/>\n<meta name=\"author\" content=\"V\u00e9ronique Darmangeat\" \/>\n<meta name=\"twitter:card\" content=\"summary_large_image\" \/>\n<meta name=\"twitter:creator\" content=\"@VeroniqueIBCLC\" \/>\n<meta name=\"twitter:site\" content=\"@VeroniqueIBCLC\" \/>\n<meta name=\"twitter:label1\" content=\"\u00c9crit par\" \/>\n\t<meta name=\"twitter:data1\" content=\"V\u00e9ronique Darmangeat\" \/>\n\t<meta name=\"twitter:label2\" content=\"Dur\u00e9e de lecture estim\u00e9e\" \/>\n\t<meta name=\"twitter:data2\" content=\"6 minutes\" \/>\n<script type=\"application\/ld+json\" class=\"yoast-schema-graph\">{\"@context\":\"https:\\\/\\\/schema.org\",\"@graph\":[{\"@type\":\"Article\",\"@id\":\"https:\\\/\\\/www.lactissima.com\\\/a-tire-d-ailes\\\/allaiter-et-travailler-le-temoignage-de-sophie\\\/#article\",\"isPartOf\":{\"@id\":\"https:\\\/\\\/www.lactissima.com\\\/a-tire-d-ailes\\\/allaiter-et-travailler-le-temoignage-de-sophie\\\/\"},\"author\":{\"name\":\"V\u00e9ronique Darmangeat\",\"@id\":\"https:\\\/\\\/www.lactissima.com\\\/a-tire-d-ailes\\\/#\\\/schema\\\/person\\\/8f98d3a89530861bc1240e6d53d44eed\"},\"headline\":\"Allaiter et travailler : le t\u00e9moignage de Sophie\",\"datePublished\":\"2009-11-21T13:44:29+00:00\",\"dateModified\":\"2014-03-15T15:10:29+00:00\",\"mainEntityOfPage\":{\"@id\":\"https:\\\/\\\/www.lactissima.com\\\/a-tire-d-ailes\\\/allaiter-et-travailler-le-temoignage-de-sophie\\\/\"},\"wordCount\":1379,\"commentCount\":1,\"image\":{\"@id\":\"https:\\\/\\\/www.lactissima.com\\\/a-tire-d-ailes\\\/allaiter-et-travailler-le-temoignage-de-sophie\\\/#primaryimage\"},\"thumbnailUrl\":\"https:\\\/\\\/www.lactissima.com\\\/a-tire-d-ailes\\\/wp-content\\\/uploads\\\/2009\\\/11\\\/biberon-seule-2.jpg\",\"keywords\":[\"Allaitement\",\"Allaitement et Travail\",\"t\u00e9moignage\",\"tire-lait\"],\"articleSection\":[\"Allaitement et Travail\",\"t\u00e9moignages\"],\"inLanguage\":\"fr-FR\",\"potentialAction\":[{\"@type\":\"CommentAction\",\"name\":\"Comment\",\"target\":[\"https:\\\/\\\/www.lactissima.com\\\/a-tire-d-ailes\\\/allaiter-et-travailler-le-temoignage-de-sophie\\\/#respond\"]}]},{\"@type\":\"WebPage\",\"@id\":\"https:\\\/\\\/www.lactissima.com\\\/a-tire-d-ailes\\\/allaiter-et-travailler-le-temoignage-de-sophie\\\/\",\"url\":\"https:\\\/\\\/www.lactissima.com\\\/a-tire-d-ailes\\\/allaiter-et-travailler-le-temoignage-de-sophie\\\/\",\"name\":\"Allaiter et travailler : le t\u00e9moignage de Sophie\",\"isPartOf\":{\"@id\":\"https:\\\/\\\/www.lactissima.com\\\/a-tire-d-ailes\\\/#website\"},\"primaryImageOfPage\":{\"@id\":\"https:\\\/\\\/www.lactissima.com\\\/a-tire-d-ailes\\\/allaiter-et-travailler-le-temoignage-de-sophie\\\/#primaryimage\"},\"image\":{\"@id\":\"https:\\\/\\\/www.lactissima.com\\\/a-tire-d-ailes\\\/allaiter-et-travailler-le-temoignage-de-sophie\\\/#primaryimage\"},\"thumbnailUrl\":\"https:\\\/\\\/www.lactissima.com\\\/a-tire-d-ailes\\\/wp-content\\\/uploads\\\/2009\\\/11\\\/biberon-seule-2.jpg\",\"datePublished\":\"2009-11-21T13:44:29+00:00\",\"dateModified\":\"2014-03-15T15:10:29+00:00\",\"author\":{\"@id\":\"https:\\\/\\\/www.lactissima.com\\\/a-tire-d-ailes\\\/#\\\/schema\\\/person\\\/8f98d3a89530861bc1240e6d53d44eed\"},\"description\":\"L'exp\u00e9rience de mon premier allaitement m'a donn\u00e9 des am\u00e9liorations \u00e0 apporter \u00e0 mon deuxi\u00e8me allaitement... S'il devait y avoir un troisi\u00e8me b\u00e9b\u00e9 (oh pas tout de suite !!)... Je ferais au moins comme pour mon deuxi\u00e8me, mais si possible encore plus longtemps !\",\"breadcrumb\":{\"@id\":\"https:\\\/\\\/www.lactissima.com\\\/a-tire-d-ailes\\\/allaiter-et-travailler-le-temoignage-de-sophie\\\/#breadcrumb\"},\"inLanguage\":\"fr-FR\",\"potentialAction\":[{\"@type\":\"ReadAction\",\"target\":[\"https:\\\/\\\/www.lactissima.com\\\/a-tire-d-ailes\\\/allaiter-et-travailler-le-temoignage-de-sophie\\\/\"]}]},{\"@type\":\"ImageObject\",\"inLanguage\":\"fr-FR\",\"@id\":\"https:\\\/\\\/www.lactissima.com\\\/a-tire-d-ailes\\\/allaiter-et-travailler-le-temoignage-de-sophie\\\/#primaryimage\",\"url\":\"https:\\\/\\\/www.lactissima.com\\\/a-tire-d-ailes\\\/wp-content\\\/uploads\\\/2009\\\/11\\\/biberon-seule-2.jpg\",\"contentUrl\":\"https:\\\/\\\/www.lactissima.com\\\/a-tire-d-ailes\\\/wp-content\\\/uploads\\\/2009\\\/11\\\/biberon-seule-2.jpg\",\"width\":320,\"height\":240,\"caption\":\"quantit\u00e9 de lait\"},{\"@type\":\"BreadcrumbList\",\"@id\":\"https:\\\/\\\/www.lactissima.com\\\/a-tire-d-ailes\\\/allaiter-et-travailler-le-temoignage-de-sophie\\\/#breadcrumb\",\"itemListElement\":[{\"@type\":\"ListItem\",\"position\":1,\"name\":\"Accueil\",\"item\":\"https:\\\/\\\/www.lactissima.com\\\/a-tire-d-ailes\\\/\"},{\"@type\":\"ListItem\",\"position\":2,\"name\":\"Allaiter et travailler : le t\u00e9moignage de Sophie\"}]},{\"@type\":\"WebSite\",\"@id\":\"https:\\\/\\\/www.lactissima.com\\\/a-tire-d-ailes\\\/#website\",\"url\":\"https:\\\/\\\/www.lactissima.com\\\/a-tire-d-ailes\\\/\",\"name\":\"A tire d&#039;Ailes\",\"description\":\"Le blog des femmes qui allaitent et travaillent.\",\"potentialAction\":[{\"@type\":\"SearchAction\",\"target\":{\"@type\":\"EntryPoint\",\"urlTemplate\":\"https:\\\/\\\/www.lactissima.com\\\/a-tire-d-ailes\\\/?s={search_term_string}\"},\"query-input\":{\"@type\":\"PropertyValueSpecification\",\"valueRequired\":true,\"valueName\":\"search_term_string\"}}],\"inLanguage\":\"fr-FR\"},{\"@type\":\"Person\",\"@id\":\"https:\\\/\\\/www.lactissima.com\\\/a-tire-d-ailes\\\/#\\\/schema\\\/person\\\/8f98d3a89530861bc1240e6d53d44eed\",\"name\":\"V\u00e9ronique Darmangeat\",\"image\":{\"@type\":\"ImageObject\",\"inLanguage\":\"fr-FR\",\"@id\":\"https:\\\/\\\/secure.gravatar.com\\\/avatar\\\/268c99344c89cebfe4f5df5fa8be43068a18884fc76a29f3206fae98465b9cab?s=96&d=identicon&r=g\",\"url\":\"https:\\\/\\\/secure.gravatar.com\\\/avatar\\\/268c99344c89cebfe4f5df5fa8be43068a18884fc76a29f3206fae98465b9cab?s=96&d=identicon&r=g\",\"contentUrl\":\"https:\\\/\\\/secure.gravatar.com\\\/avatar\\\/268c99344c89cebfe4f5df5fa8be43068a18884fc76a29f3206fae98465b9cab?s=96&d=identicon&r=g\",\"caption\":\"V\u00e9ronique Darmangeat\"},\"sameAs\":[\"https:\\\/\\\/www.lactissima.com\\\/a-tire-d-ailes\",\"www.facebook.com\\\/consultante.en.lactation\"]}]}<\/script>\n<!-- \/ Yoast SEO plugin. -->","yoast_head_json":{"title":"Allaiter et travailler : le t\u00e9moignage de Sophie","description":"L'exp\u00e9rience de mon premier allaitement m'a donn\u00e9 des am\u00e9liorations \u00e0 apporter \u00e0 mon deuxi\u00e8me allaitement... S'il devait y avoir un troisi\u00e8me b\u00e9b\u00e9 (oh pas tout de suite !!)... Je ferais au moins comme pour mon deuxi\u00e8me, mais si possible encore plus longtemps !","robots":{"index":"index","follow":"follow","max-snippet":"max-snippet:-1","max-image-preview":"max-image-preview:large","max-video-preview":"max-video-preview:-1"},"canonical":"https:\/\/www.lactissima.com\/a-tire-d-ailes\/allaiter-et-travailler-le-temoignage-de-sophie\/","og_locale":"fr_FR","og_type":"article","og_title":"Allaiter et travailler : le t\u00e9moignage de Sophie","og_description":"L'exp\u00e9rience de mon premier allaitement m'a donn\u00e9 des am\u00e9liorations \u00e0 apporter \u00e0 mon deuxi\u00e8me allaitement... S'il devait y avoir un troisi\u00e8me b\u00e9b\u00e9 (oh pas tout de suite !!)... Je ferais au moins comme pour mon deuxi\u00e8me, mais si possible encore plus longtemps !","og_url":"https:\/\/www.lactissima.com\/a-tire-d-ailes\/allaiter-et-travailler-le-temoignage-de-sophie\/","og_site_name":"A tire d&#039;Ailes","article_publisher":"https:\/\/www.facebook.com\/consultante.en.lactation","article_author":"www.facebook.com\/consultante.en.lactation","article_published_time":"2009-11-21T13:44:29+00:00","article_modified_time":"2014-03-15T15:10:29+00:00","og_image":[{"width":320,"height":240,"url":"https:\/\/www.lactissima.com\/a-tire-d-ailes\/wp-content\/uploads\/2009\/11\/biberon-seule-2.jpg","type":"image\/jpeg"}],"author":"V\u00e9ronique Darmangeat","twitter_card":"summary_large_image","twitter_creator":"@VeroniqueIBCLC","twitter_site":"@VeroniqueIBCLC","twitter_misc":{"\u00c9crit par":"V\u00e9ronique Darmangeat","Dur\u00e9e de lecture estim\u00e9e":"6 minutes"},"schema":{"@context":"https:\/\/schema.org","@graph":[{"@type":"Article","@id":"https:\/\/www.lactissima.com\/a-tire-d-ailes\/allaiter-et-travailler-le-temoignage-de-sophie\/#article","isPartOf":{"@id":"https:\/\/www.lactissima.com\/a-tire-d-ailes\/allaiter-et-travailler-le-temoignage-de-sophie\/"},"author":{"name":"V\u00e9ronique Darmangeat","@id":"https:\/\/www.lactissima.com\/a-tire-d-ailes\/#\/schema\/person\/8f98d3a89530861bc1240e6d53d44eed"},"headline":"Allaiter et travailler : le t\u00e9moignage de Sophie","datePublished":"2009-11-21T13:44:29+00:00","dateModified":"2014-03-15T15:10:29+00:00","mainEntityOfPage":{"@id":"https:\/\/www.lactissima.com\/a-tire-d-ailes\/allaiter-et-travailler-le-temoignage-de-sophie\/"},"wordCount":1379,"commentCount":1,"image":{"@id":"https:\/\/www.lactissima.com\/a-tire-d-ailes\/allaiter-et-travailler-le-temoignage-de-sophie\/#primaryimage"},"thumbnailUrl":"https:\/\/www.lactissima.com\/a-tire-d-ailes\/wp-content\/uploads\/2009\/11\/biberon-seule-2.jpg","keywords":["Allaitement","Allaitement et Travail","t\u00e9moignage","tire-lait"],"articleSection":["Allaitement et Travail","t\u00e9moignages"],"inLanguage":"fr-FR","potentialAction":[{"@type":"CommentAction","name":"Comment","target":["https:\/\/www.lactissima.com\/a-tire-d-ailes\/allaiter-et-travailler-le-temoignage-de-sophie\/#respond"]}]},{"@type":"WebPage","@id":"https:\/\/www.lactissima.com\/a-tire-d-ailes\/allaiter-et-travailler-le-temoignage-de-sophie\/","url":"https:\/\/www.lactissima.com\/a-tire-d-ailes\/allaiter-et-travailler-le-temoignage-de-sophie\/","name":"Allaiter et travailler : le t\u00e9moignage de Sophie","isPartOf":{"@id":"https:\/\/www.lactissima.com\/a-tire-d-ailes\/#website"},"primaryImageOfPage":{"@id":"https:\/\/www.lactissima.com\/a-tire-d-ailes\/allaiter-et-travailler-le-temoignage-de-sophie\/#primaryimage"},"image":{"@id":"https:\/\/www.lactissima.com\/a-tire-d-ailes\/allaiter-et-travailler-le-temoignage-de-sophie\/#primaryimage"},"thumbnailUrl":"https:\/\/www.lactissima.com\/a-tire-d-ailes\/wp-content\/uploads\/2009\/11\/biberon-seule-2.jpg","datePublished":"2009-11-21T13:44:29+00:00","dateModified":"2014-03-15T15:10:29+00:00","author":{"@id":"https:\/\/www.lactissima.com\/a-tire-d-ailes\/#\/schema\/person\/8f98d3a89530861bc1240e6d53d44eed"},"description":"L'exp\u00e9rience de mon premier allaitement m'a donn\u00e9 des am\u00e9liorations \u00e0 apporter \u00e0 mon deuxi\u00e8me allaitement... S'il devait y avoir un troisi\u00e8me b\u00e9b\u00e9 (oh pas tout de suite !!)... Je ferais au moins comme pour mon deuxi\u00e8me, mais si possible encore plus longtemps !","breadcrumb":{"@id":"https:\/\/www.lactissima.com\/a-tire-d-ailes\/allaiter-et-travailler-le-temoignage-de-sophie\/#breadcrumb"},"inLanguage":"fr-FR","potentialAction":[{"@type":"ReadAction","target":["https:\/\/www.lactissima.com\/a-tire-d-ailes\/allaiter-et-travailler-le-temoignage-de-sophie\/"]}]},{"@type":"ImageObject","inLanguage":"fr-FR","@id":"https:\/\/www.lactissima.com\/a-tire-d-ailes\/allaiter-et-travailler-le-temoignage-de-sophie\/#primaryimage","url":"https:\/\/www.lactissima.com\/a-tire-d-ailes\/wp-content\/uploads\/2009\/11\/biberon-seule-2.jpg","contentUrl":"https:\/\/www.lactissima.com\/a-tire-d-ailes\/wp-content\/uploads\/2009\/11\/biberon-seule-2.jpg","width":320,"height":240,"caption":"quantit\u00e9 de lait"},{"@type":"BreadcrumbList","@id":"https:\/\/www.lactissima.com\/a-tire-d-ailes\/allaiter-et-travailler-le-temoignage-de-sophie\/#breadcrumb","itemListElement":[{"@type":"ListItem","position":1,"name":"Accueil","item":"https:\/\/www.lactissima.com\/a-tire-d-ailes\/"},{"@type":"ListItem","position":2,"name":"Allaiter et travailler : le t\u00e9moignage de Sophie"}]},{"@type":"WebSite","@id":"https:\/\/www.lactissima.com\/a-tire-d-ailes\/#website","url":"https:\/\/www.lactissima.com\/a-tire-d-ailes\/","name":"A tire d&#039;Ailes","description":"Le blog des femmes qui allaitent et travaillent.","potentialAction":[{"@type":"SearchAction","target":{"@type":"EntryPoint","urlTemplate":"https:\/\/www.lactissima.com\/a-tire-d-ailes\/?s={search_term_string}"},"query-input":{"@type":"PropertyValueSpecification","valueRequired":true,"valueName":"search_term_string"}}],"inLanguage":"fr-FR"},{"@type":"Person","@id":"https:\/\/www.lactissima.com\/a-tire-d-ailes\/#\/schema\/person\/8f98d3a89530861bc1240e6d53d44eed","name":"V\u00e9ronique Darmangeat","image":{"@type":"ImageObject","inLanguage":"fr-FR","@id":"https:\/\/secure.gravatar.com\/avatar\/268c99344c89cebfe4f5df5fa8be43068a18884fc76a29f3206fae98465b9cab?s=96&d=identicon&r=g","url":"https:\/\/secure.gravatar.com\/avatar\/268c99344c89cebfe4f5df5fa8be43068a18884fc76a29f3206fae98465b9cab?s=96&d=identicon&r=g","contentUrl":"https:\/\/secure.gravatar.com\/avatar\/268c99344c89cebfe4f5df5fa8be43068a18884fc76a29f3206fae98465b9cab?s=96&d=identicon&r=g","caption":"V\u00e9ronique Darmangeat"},"sameAs":["https:\/\/www.lactissima.com\/a-tire-d-ailes","www.facebook.com\/consultante.en.lactation"]}]}},"_links":{"self":[{"href":"https:\/\/www.lactissima.com\/a-tire-d-ailes\/wp-json\/wp\/v2\/posts\/782","targetHints":{"allow":["GET"]}}],"collection":[{"href":"https:\/\/www.lactissima.com\/a-tire-d-ailes\/wp-json\/wp\/v2\/posts"}],"about":[{"href":"https:\/\/www.lactissima.com\/a-tire-d-ailes\/wp-json\/wp\/v2\/types\/post"}],"author":[{"embeddable":true,"href":"https:\/\/www.lactissima.com\/a-tire-d-ailes\/wp-json\/wp\/v2\/users\/170"}],"replies":[{"embeddable":true,"href":"https:\/\/www.lactissima.com\/a-tire-d-ailes\/wp-json\/wp\/v2\/comments?post=782"}],"version-history":[{"count":17,"href":"https:\/\/www.lactissima.com\/a-tire-d-ailes\/wp-json\/wp\/v2\/posts\/782\/revisions"}],"predecessor-version":[{"id":5533,"href":"https:\/\/www.lactissima.com\/a-tire-d-ailes\/wp-json\/wp\/v2\/posts\/782\/revisions\/5533"}],"wp:featuredmedia":[{"embeddable":true,"href":"https:\/\/www.lactissima.com\/a-tire-d-ailes\/wp-json\/wp\/v2\/media\/4557"}],"wp:attachment":[{"href":"https:\/\/www.lactissima.com\/a-tire-d-ailes\/wp-json\/wp\/v2\/media?parent=782"}],"wp:term":[{"taxonomy":"category","embeddable":true,"href":"https:\/\/www.lactissima.com\/a-tire-d-ailes\/wp-json\/wp\/v2\/categories?post=782"},{"taxonomy":"post_tag","embeddable":true,"href":"https:\/\/www.lactissima.com\/a-tire-d-ailes\/wp-json\/wp\/v2\/tags?post=782"}],"curies":[{"name":"wp","href":"https:\/\/api.w.org\/{rel}","templated":true}]}}