{"id":778,"date":"2009-11-07T13:07:16","date_gmt":"2009-11-07T11:07:16","guid":{"rendered":"https:\/\/www.lactissima.com\/a-tire-d-ailes\/?p=778"},"modified":"2014-03-15T17:10:49","modified_gmt":"2014-03-15T15:10:49","slug":"allaiter-et-travailler-le-temoignage-dalexia","status":"publish","type":"post","link":"https:\/\/www.lactissima.com\/a-tire-d-ailes\/allaiter-et-travailler-le-temoignage-dalexia\/","title":{"rendered":"Allaiter et travailler : le t\u00e9moignage d&rsquo;Alexia"},"content":{"rendered":"<ul>\n<li style=\"text-align: justify;\"><strong><a href=\"https:\/\/www.lactissima.com\/a-tire-d-ailes\/wp-content\/uploads\/2009\/11\/eddie1.jpg\"><img loading=\"lazy\" decoding=\"async\" class=\"alignright size-full wp-image-4559\" alt=\"eddie1\" src=\"https:\/\/www.lactissima.com\/a-tire-d-ailes\/wp-content\/uploads\/2009\/11\/eddie1.jpg\" width=\"307\" height=\"230\" srcset=\"https:\/\/www.lactissima.com\/a-tire-d-ailes\/wp-content\/uploads\/2009\/11\/eddie1.jpg 307w, https:\/\/www.lactissima.com\/a-tire-d-ailes\/wp-content\/uploads\/2009\/11\/eddie1-300x224.jpg 300w\" sizes=\"(max-width: 307px) 100vw, 307px\" \/><\/a>Quel choix avez-vous fait au moment de la reprise du travail : sevrage ou poursuite de l&rsquo;allaitement ? Pourquoi ?<\/strong><\/li>\n<\/ul>\n<p style=\"text-align: justify;\">Je ne condamne pas les m\u00e8res qui le font car financi\u00e8rement tout le monde ne peut pas arr\u00eater de travailler mais en ce qui me concerne il \u00e9tait impensable que mon b\u00e9b\u00e9 parte en cr\u00e8che \u00e0 2 mois avec un biberon de lait en poudre j&rsquo;ai donc pris un cong\u00e9 parental de 6 mois. J&rsquo;avais d\u00e9j\u00e0 pr\u00e9vu d\u00e8s le d\u00e9part de l&rsquo;allaiter plus de 6 mois et lorsque l&rsquo;\u00e9ch\u00e9ance est arriv\u00e9e j&rsquo;ai choisi naturellement de poursuivre l&rsquo;allaitement parce qu&rsquo;il \u00e9tait primordial pour moi que mon fils ait droit \u00e0 ce qu&rsquo;il y a de meilleur et c&rsquo;est un moment tellement agr\u00e9able que je ne me voyais pas faire autrement. C&rsquo;est d\u00e9j\u00e0 un choc pour lui de ne plus \u00eatre toute la journ\u00e9e avec sa maman alors si en plus il fallait arr\u00eater l&rsquo;allaitement je crois qu&rsquo;on en aurait \u00e9t\u00e9 malade tous les deux.<\/p>\n<p style=\"text-align: justify;\">En plus il a une suspicion d&rsquo;allergie alimentaire (certainement au lait de vache mais peut \u00eatre aussi \u00e0  autre chose) et ma p\u00e9diatre ainsi que l&rsquo;allergologue m&rsquo;ont fortement conseill\u00e9 d&rsquo;allaiter le plus longtemps possible pour \u00ab\u00a0soigner\u00a0\u00bb ses allergies. Et lorsqu&rsquo;il part chez la nounou avec un biberon de lait maternel c&rsquo;est un peu comme s&rsquo;il emmenait avec lui une partie de moi, c&rsquo;est quelque chose que seule la maman peut lui apporter.<\/p>\n<ul style=\"text-align: justify;\">\n<li><strong>Comment vous \u00eates-vous organis\u00e9e ?<\/strong><\/li>\n<\/ul>\n<p style=\"text-align: justify;\">Mon fils t\u00e8te le matin avant d&rsquo;aller chez la nounou et le soir lorsque je le r\u00e9cup\u00e8re. Je tire mon lait une fois par jour le midi pendant ma pause, je travaille et j&rsquo;habite dans le m\u00eame immeuble donc c&rsquo;est tr\u00e8s pratique, j&rsquo;ai un tire-lait que je loue \u00e0 la pharmacie, j&rsquo;ai r\u00e9cup\u00e9r\u00e9 des mini bouteilles en verre (200ml pour jus de fruit) et je m&rsquo;en sers pour stocker mon lait au frigo ou au cong\u00e9lateur. J&rsquo;arrive pour l&rsquo;instant \u00e0 remplir une bouteille voir une bouteille et demie par jour. Heureusement que j&rsquo;habite et travaille sur place car \u00e0 mon ancien travail le bureau \u00e9tait enti\u00e8rement vitr\u00e9, il n&rsquo;y avait pas de salle de pause, ni de vestiaire et l\u00e0 j&rsquo;aurais d\u00fb tirer mon lait assise sur la cuvette des toilettes le tout manuellement car il n&rsquo;y a pas de prise \u00e9lectrique dans les toilettes et bonjour l&rsquo;hygi\u00e8ne ! En d\u00e9placement (je parcours la France enti\u00e8re presque tous les week-end pour participer \u00e0 des foires) j&rsquo;ai investi dans un mini-frigo que je branche sur l&rsquo;allume-cigare ou \u00e0 l&rsquo;h\u00f4tel \u00e7a me permet de stocker mes bouteilles de lait ou la nourriture du petit lorsqu&rsquo;il vient avec moi, c&rsquo;est tr\u00e8s pratique, c&rsquo;est plus petit qu&rsquo;une glaci\u00e8re et j&rsquo;en ai eu pour 40 ou 50&#8230; en l&rsquo;achetant d&rsquo;occasion.<\/p>\n<ul style=\"text-align: justify;\">\n<li><strong>Quelles ont \u00e9t\u00e9 vos principales difficult\u00e9s ?<\/strong><\/li>\n<\/ul>\n<p style=\"text-align: justify;\">Trouver le bon moment pour tirer mon lait car trop tard je suis \u00e0 la limite de l&rsquo;engorgement et trop t\u00f4t la lactation est un peu plus longue \u00e0 d\u00e9marrer. Or, mon temps de pause est assez court et j&rsquo;en profite \u00e9galement pour faire plein d&rsquo;autres choses en m\u00eame temps (j&rsquo;en profite pour faire le m\u00e9nage, les lessives des couches lavables, pr\u00e9parer des petits pots maison&#8230;.) donc il ne faut pas que \u00e7a traine&#8230; Si je ne tire pas mon lait pendant quelques jours c&rsquo;est dur de s&rsquo;y remettre, il faut vraiment garder le rythme.<\/p>\n<ul style=\"text-align: justify;\">\n<li><strong>Quels ont \u00e9t\u00e9 vos meilleurs moments ?<\/strong><\/li>\n<\/ul>\n<p style=\"text-align: justify;\">Au bout de 3 semaines d&rsquo;allaitement lorsque j&rsquo;ai r\u00e9ussi \u00e0 me passer des embouts de sein et que j&rsquo;arrivais \u00e0 l&rsquo;allaiter correctement, je me suis dit \u00ab\u00a0\u00e7a y est ! j&rsquo;y arrive enfin malgr\u00e9 les commentaires blessants qu&rsquo;on m&rsquo;a dit\u00a0\u00bb. Les meilleures t\u00e9t\u00e9es ont \u00e9t\u00e9 celles qu&rsquo;on faisait pendant la sieste ou le soir lorsqu&rsquo;on s&rsquo;endormait ensemble l&rsquo;un contre l&rsquo;autre. L&rsquo;allaitement m&rsquo;a aussi permis de perdre 20kg en 6 mois sans aucun r\u00e9gime ni effort, c&rsquo;est pas le but mais non seulement mon fils profite bien de l&rsquo;allaitement (il est dans le haut de la courbe pour la croissance et le poids) mais au passage je retrouve la ligne&#8230;<\/p>\n<ul style=\"text-align: justify;\">\n<li><strong>Qu&rsquo;est-ce que vous souhaiteriez dire aux mamans qui doivent faire un choix dans les semaines \u00e0 venir ?<\/strong><\/li>\n<\/ul>\n<p style=\"text-align: justify;\">Qu&rsquo;il est possible de continuer l&rsquo;allaitement et que ce n&rsquo;est qu&rsquo;une question de volont\u00e9 \u00e0 condition d&rsquo;\u00eatre bien conseill\u00e9e et bien organis\u00e9e. On ne peut pas faire de meilleur cadeau \u00e0 nos enfants et c&rsquo;est \u00e0 cet \u00e2ge l\u00e0 qu&rsquo;on peut en profiter le plus alors pourquoi arr\u00eater quand il existe des solutions ?<\/p>\n<ul style=\"text-align: justify;\">\n<li><strong>Ce serait \u00e0 refaire, vous referiez le m\u00eame choix ? Que changeriez-vous ?<\/strong><\/li>\n<\/ul>\n<p style=\"text-align: justify;\">Oui oui et ouiiiiiiiiiii! Si j&rsquo;avais su je me serais pr\u00e9par\u00e9e avant l&rsquo;accouchement en participant \u00e0 des r\u00e9unions avec la leche league par exemple et en lisant des livres sur l&rsquo;allaitement afin d&rsquo;avoir d\u00e8s le d\u00e9part des bons conseils au lieu d&rsquo;\u00e9couter tout et n&rsquo;importe quoi de la part de personnes qui ne s&rsquo;y connaissent pas en mati\u00e8re d&rsquo;allaitement.<\/p>\n<p style=\"text-align: justify;\"><strong>Articles en rapport :<\/strong><\/p>\n<ul>\n<li style=\"text-align: justify;\"><a href=\"https:\/\/www.lactissima.com\/a-tire-d-ailes\/?p=730\">Allaiter et travailler : le t\u00e9moignage de Sibylle<\/a><\/li>\n<li style=\"text-align: justify;\"><a href=\"https:\/\/www.lactissima.com\/a-tire-d-ailes\/?p=715\">Allaiter et travailler : le t\u00e9moignage de Clara<\/a><\/li>\n<li style=\"text-align: justify;\"><a href=\"https:\/\/www.lactissima.com\/a-tire-d-ailes\/?p=648\">Allaiter et travailler : le t\u00e9moignage de Florence<\/a><\/li>\n<li style=\"text-align: justify;\"><a href=\"https:\/\/www.lactissima.com\/a-tire-d-ailes\/?p=735\">Allaiter et travailler : le t\u00e9moignage de Virginie<\/a><\/li>\n<li style=\"text-align: justify;\"><a href=\"https:\/\/www.lactissima.com\/a-tire-d-ailes\/?p=771\">Allaiter et travailler : le t\u00e9moignage de B\u00e9atrice<\/a><\/li>\n<\/ul>\n<p>&nbsp;<\/p>\n","protected":false},"excerpt":{"rendered":"<p>Oui oui et ouiiiiiiiiiii! Si j&rsquo;avais su je me serais pr\u00e9par\u00e9e avant l&rsquo;accouchement en participant \u00e0 des r\u00e9unions avec la leche league par exemple et en lisant des livres sur l&rsquo;allaitement afin d&rsquo;avoir d\u00e8s le d\u00e9part des bons conseils au lieu d&rsquo;\u00e9couter tout et n&rsquo;importe quoi de la part de personnes qui ne s&rsquo;y connaissent pas en mati\u00e8re d&rsquo;allaitement.<\/p>\n","protected":false},"author":170,"featured_media":4559,"comment_status":"open","ping_status":"open","sticky":false,"template":"","format":"standard","meta":{"_et_pb_use_builder":"","_et_pb_old_content":"","_et_gb_content_width":"","footnotes":""},"categories":[36,150],"tags":[680,681,148,57],"class_list":["post-778","post","type-post","status-publish","format-standard","has-post-thumbnail","hentry","category-allaitement-et-travail","category-temoignages","tag-allaitement","tag-allaitement-et-travail","tag-temoignage","tag-tire-lait"],"yoast_head":"<!-- This site is optimized with the Yoast SEO plugin v27.4 - https:\/\/yoast.com\/product\/yoast-seo-wordpress\/ -->\n<title>Allaiter et travailler : le t\u00e9moignage d&#039;Alexia<\/title>\n<meta name=\"description\" content=\"Oui oui et ouiiiiiiiiiii! Si j&#039;avais su je me serais pr\u00e9par\u00e9e avant l&#039;accouchement en participant \u00e0 des r\u00e9unions avec la leche league par exemple et en lisant des livres sur l&#039;allaitement afin d&#039;avoir d\u00e8s le d\u00e9part des bons conseils au lieu d&#039;\u00e9couter tout et n&#039;importe quoi de la part de personnes qui ne s&#039;y connaissent pas en mati\u00e8re d&#039;allaitement.\" \/>\n<meta name=\"robots\" content=\"index, follow, max-snippet:-1, max-image-preview:large, max-video-preview:-1\" \/>\n<link rel=\"canonical\" href=\"https:\/\/www.lactissima.com\/a-tire-d-ailes\/allaiter-et-travailler-le-temoignage-dalexia\/\" \/>\n<meta property=\"og:locale\" content=\"fr_FR\" \/>\n<meta property=\"og:type\" content=\"article\" \/>\n<meta property=\"og:title\" content=\"Allaiter et travailler : le t\u00e9moignage d&#039;Alexia\" \/>\n<meta property=\"og:description\" content=\"Oui oui et ouiiiiiiiiiii! Si j&#039;avais su je me serais pr\u00e9par\u00e9e avant l&#039;accouchement en participant \u00e0 des r\u00e9unions avec la leche league par exemple et en lisant des livres sur l&#039;allaitement afin d&#039;avoir d\u00e8s le d\u00e9part des bons conseils au lieu d&#039;\u00e9couter tout et n&#039;importe quoi de la part de personnes qui ne s&#039;y connaissent pas en mati\u00e8re d&#039;allaitement.\" \/>\n<meta property=\"og:url\" content=\"https:\/\/www.lactissima.com\/a-tire-d-ailes\/allaiter-et-travailler-le-temoignage-dalexia\/\" \/>\n<meta property=\"og:site_name\" content=\"A tire d&#039;Ailes\" \/>\n<meta property=\"article:publisher\" content=\"https:\/\/www.facebook.com\/consultante.en.lactation\" \/>\n<meta property=\"article:author\" content=\"www.facebook.com\/consultante.en.lactation\" \/>\n<meta property=\"article:published_time\" content=\"2009-11-07T11:07:16+00:00\" \/>\n<meta property=\"article:modified_time\" content=\"2014-03-15T15:10:49+00:00\" \/>\n<meta property=\"og:image\" content=\"https:\/\/www.lactissima.com\/a-tire-d-ailes\/wp-content\/uploads\/2009\/11\/eddie1.jpg\" \/>\n\t<meta property=\"og:image:width\" content=\"307\" \/>\n\t<meta property=\"og:image:height\" content=\"230\" \/>\n\t<meta property=\"og:image:type\" content=\"image\/jpeg\" \/>\n<meta name=\"author\" content=\"V\u00e9ronique Darmangeat\" \/>\n<meta name=\"twitter:card\" content=\"summary_large_image\" \/>\n<meta name=\"twitter:creator\" content=\"@VeroniqueIBCLC\" \/>\n<meta name=\"twitter:site\" content=\"@VeroniqueIBCLC\" \/>\n<meta name=\"twitter:label1\" content=\"\u00c9crit par\" \/>\n\t<meta name=\"twitter:data1\" content=\"V\u00e9ronique Darmangeat\" \/>\n\t<meta name=\"twitter:label2\" content=\"Dur\u00e9e de lecture estim\u00e9e\" \/>\n\t<meta name=\"twitter:data2\" content=\"4 minutes\" \/>\n<script type=\"application\/ld+json\" class=\"yoast-schema-graph\">{\"@context\":\"https:\\\/\\\/schema.org\",\"@graph\":[{\"@type\":\"Article\",\"@id\":\"https:\\\/\\\/www.lactissima.com\\\/a-tire-d-ailes\\\/allaiter-et-travailler-le-temoignage-dalexia\\\/#article\",\"isPartOf\":{\"@id\":\"https:\\\/\\\/www.lactissima.com\\\/a-tire-d-ailes\\\/allaiter-et-travailler-le-temoignage-dalexia\\\/\"},\"author\":{\"name\":\"V\u00e9ronique Darmangeat\",\"@id\":\"https:\\\/\\\/www.lactissima.com\\\/a-tire-d-ailes\\\/#\\\/schema\\\/person\\\/8f98d3a89530861bc1240e6d53d44eed\"},\"headline\":\"Allaiter et travailler : le t\u00e9moignage d&rsquo;Alexia\",\"datePublished\":\"2009-11-07T11:07:16+00:00\",\"dateModified\":\"2014-03-15T15:10:49+00:00\",\"mainEntityOfPage\":{\"@id\":\"https:\\\/\\\/www.lactissima.com\\\/a-tire-d-ailes\\\/allaiter-et-travailler-le-temoignage-dalexia\\\/\"},\"wordCount\":967,\"commentCount\":1,\"image\":{\"@id\":\"https:\\\/\\\/www.lactissima.com\\\/a-tire-d-ailes\\\/allaiter-et-travailler-le-temoignage-dalexia\\\/#primaryimage\"},\"thumbnailUrl\":\"https:\\\/\\\/www.lactissima.com\\\/a-tire-d-ailes\\\/wp-content\\\/uploads\\\/2009\\\/11\\\/eddie1.jpg\",\"keywords\":[\"Allaitement\",\"Allaitement et Travail\",\"t\u00e9moignage\",\"tire-lait\"],\"articleSection\":[\"Allaitement et Travail\",\"t\u00e9moignages\"],\"inLanguage\":\"fr-FR\",\"potentialAction\":[{\"@type\":\"CommentAction\",\"name\":\"Comment\",\"target\":[\"https:\\\/\\\/www.lactissima.com\\\/a-tire-d-ailes\\\/allaiter-et-travailler-le-temoignage-dalexia\\\/#respond\"]}]},{\"@type\":\"WebPage\",\"@id\":\"https:\\\/\\\/www.lactissima.com\\\/a-tire-d-ailes\\\/allaiter-et-travailler-le-temoignage-dalexia\\\/\",\"url\":\"https:\\\/\\\/www.lactissima.com\\\/a-tire-d-ailes\\\/allaiter-et-travailler-le-temoignage-dalexia\\\/\",\"name\":\"Allaiter et travailler : le t\u00e9moignage d'Alexia\",\"isPartOf\":{\"@id\":\"https:\\\/\\\/www.lactissima.com\\\/a-tire-d-ailes\\\/#website\"},\"primaryImageOfPage\":{\"@id\":\"https:\\\/\\\/www.lactissima.com\\\/a-tire-d-ailes\\\/allaiter-et-travailler-le-temoignage-dalexia\\\/#primaryimage\"},\"image\":{\"@id\":\"https:\\\/\\\/www.lactissima.com\\\/a-tire-d-ailes\\\/allaiter-et-travailler-le-temoignage-dalexia\\\/#primaryimage\"},\"thumbnailUrl\":\"https:\\\/\\\/www.lactissima.com\\\/a-tire-d-ailes\\\/wp-content\\\/uploads\\\/2009\\\/11\\\/eddie1.jpg\",\"datePublished\":\"2009-11-07T11:07:16+00:00\",\"dateModified\":\"2014-03-15T15:10:49+00:00\",\"author\":{\"@id\":\"https:\\\/\\\/www.lactissima.com\\\/a-tire-d-ailes\\\/#\\\/schema\\\/person\\\/8f98d3a89530861bc1240e6d53d44eed\"},\"description\":\"Oui oui et ouiiiiiiiiiii! Si j'avais su je me serais pr\u00e9par\u00e9e avant l'accouchement en participant \u00e0 des r\u00e9unions avec la leche league par exemple et en lisant des livres sur l'allaitement afin d'avoir d\u00e8s le d\u00e9part des bons conseils au lieu d'\u00e9couter tout et n'importe quoi de la part de personnes qui ne s'y connaissent pas en mati\u00e8re d'allaitement.\",\"breadcrumb\":{\"@id\":\"https:\\\/\\\/www.lactissima.com\\\/a-tire-d-ailes\\\/allaiter-et-travailler-le-temoignage-dalexia\\\/#breadcrumb\"},\"inLanguage\":\"fr-FR\",\"potentialAction\":[{\"@type\":\"ReadAction\",\"target\":[\"https:\\\/\\\/www.lactissima.com\\\/a-tire-d-ailes\\\/allaiter-et-travailler-le-temoignage-dalexia\\\/\"]}]},{\"@type\":\"ImageObject\",\"inLanguage\":\"fr-FR\",\"@id\":\"https:\\\/\\\/www.lactissima.com\\\/a-tire-d-ailes\\\/allaiter-et-travailler-le-temoignage-dalexia\\\/#primaryimage\",\"url\":\"https:\\\/\\\/www.lactissima.com\\\/a-tire-d-ailes\\\/wp-content\\\/uploads\\\/2009\\\/11\\\/eddie1.jpg\",\"contentUrl\":\"https:\\\/\\\/www.lactissima.com\\\/a-tire-d-ailes\\\/wp-content\\\/uploads\\\/2009\\\/11\\\/eddie1.jpg\",\"width\":307,\"height\":230},{\"@type\":\"BreadcrumbList\",\"@id\":\"https:\\\/\\\/www.lactissima.com\\\/a-tire-d-ailes\\\/allaiter-et-travailler-le-temoignage-dalexia\\\/#breadcrumb\",\"itemListElement\":[{\"@type\":\"ListItem\",\"position\":1,\"name\":\"Accueil\",\"item\":\"https:\\\/\\\/www.lactissima.com\\\/a-tire-d-ailes\\\/\"},{\"@type\":\"ListItem\",\"position\":2,\"name\":\"Allaiter et travailler : le t\u00e9moignage d&rsquo;Alexia\"}]},{\"@type\":\"WebSite\",\"@id\":\"https:\\\/\\\/www.lactissima.com\\\/a-tire-d-ailes\\\/#website\",\"url\":\"https:\\\/\\\/www.lactissima.com\\\/a-tire-d-ailes\\\/\",\"name\":\"A tire d&#039;Ailes\",\"description\":\"Le blog des femmes qui allaitent et travaillent.\",\"potentialAction\":[{\"@type\":\"SearchAction\",\"target\":{\"@type\":\"EntryPoint\",\"urlTemplate\":\"https:\\\/\\\/www.lactissima.com\\\/a-tire-d-ailes\\\/?s={search_term_string}\"},\"query-input\":{\"@type\":\"PropertyValueSpecification\",\"valueRequired\":true,\"valueName\":\"search_term_string\"}}],\"inLanguage\":\"fr-FR\"},{\"@type\":\"Person\",\"@id\":\"https:\\\/\\\/www.lactissima.com\\\/a-tire-d-ailes\\\/#\\\/schema\\\/person\\\/8f98d3a89530861bc1240e6d53d44eed\",\"name\":\"V\u00e9ronique Darmangeat\",\"image\":{\"@type\":\"ImageObject\",\"inLanguage\":\"fr-FR\",\"@id\":\"https:\\\/\\\/secure.gravatar.com\\\/avatar\\\/268c99344c89cebfe4f5df5fa8be43068a18884fc76a29f3206fae98465b9cab?s=96&d=identicon&r=g\",\"url\":\"https:\\\/\\\/secure.gravatar.com\\\/avatar\\\/268c99344c89cebfe4f5df5fa8be43068a18884fc76a29f3206fae98465b9cab?s=96&d=identicon&r=g\",\"contentUrl\":\"https:\\\/\\\/secure.gravatar.com\\\/avatar\\\/268c99344c89cebfe4f5df5fa8be43068a18884fc76a29f3206fae98465b9cab?s=96&d=identicon&r=g\",\"caption\":\"V\u00e9ronique Darmangeat\"},\"sameAs\":[\"https:\\\/\\\/www.lactissima.com\\\/a-tire-d-ailes\",\"www.facebook.com\\\/consultante.en.lactation\"]}]}<\/script>\n<!-- \/ Yoast SEO plugin. -->","yoast_head_json":{"title":"Allaiter et travailler : le t\u00e9moignage d'Alexia","description":"Oui oui et ouiiiiiiiiiii! Si j'avais su je me serais pr\u00e9par\u00e9e avant l'accouchement en participant \u00e0 des r\u00e9unions avec la leche league par exemple et en lisant des livres sur l'allaitement afin d'avoir d\u00e8s le d\u00e9part des bons conseils au lieu d'\u00e9couter tout et n'importe quoi de la part de personnes qui ne s'y connaissent pas en mati\u00e8re d'allaitement.","robots":{"index":"index","follow":"follow","max-snippet":"max-snippet:-1","max-image-preview":"max-image-preview:large","max-video-preview":"max-video-preview:-1"},"canonical":"https:\/\/www.lactissima.com\/a-tire-d-ailes\/allaiter-et-travailler-le-temoignage-dalexia\/","og_locale":"fr_FR","og_type":"article","og_title":"Allaiter et travailler : le t\u00e9moignage d'Alexia","og_description":"Oui oui et ouiiiiiiiiiii! Si j'avais su je me serais pr\u00e9par\u00e9e avant l'accouchement en participant \u00e0 des r\u00e9unions avec la leche league par exemple et en lisant des livres sur l'allaitement afin d'avoir d\u00e8s le d\u00e9part des bons conseils au lieu d'\u00e9couter tout et n'importe quoi de la part de personnes qui ne s'y connaissent pas en mati\u00e8re d'allaitement.","og_url":"https:\/\/www.lactissima.com\/a-tire-d-ailes\/allaiter-et-travailler-le-temoignage-dalexia\/","og_site_name":"A tire d&#039;Ailes","article_publisher":"https:\/\/www.facebook.com\/consultante.en.lactation","article_author":"www.facebook.com\/consultante.en.lactation","article_published_time":"2009-11-07T11:07:16+00:00","article_modified_time":"2014-03-15T15:10:49+00:00","og_image":[{"width":307,"height":230,"url":"https:\/\/www.lactissima.com\/a-tire-d-ailes\/wp-content\/uploads\/2009\/11\/eddie1.jpg","type":"image\/jpeg"}],"author":"V\u00e9ronique Darmangeat","twitter_card":"summary_large_image","twitter_creator":"@VeroniqueIBCLC","twitter_site":"@VeroniqueIBCLC","twitter_misc":{"\u00c9crit par":"V\u00e9ronique Darmangeat","Dur\u00e9e de lecture estim\u00e9e":"4 minutes"},"schema":{"@context":"https:\/\/schema.org","@graph":[{"@type":"Article","@id":"https:\/\/www.lactissima.com\/a-tire-d-ailes\/allaiter-et-travailler-le-temoignage-dalexia\/#article","isPartOf":{"@id":"https:\/\/www.lactissima.com\/a-tire-d-ailes\/allaiter-et-travailler-le-temoignage-dalexia\/"},"author":{"name":"V\u00e9ronique Darmangeat","@id":"https:\/\/www.lactissima.com\/a-tire-d-ailes\/#\/schema\/person\/8f98d3a89530861bc1240e6d53d44eed"},"headline":"Allaiter et travailler : le t\u00e9moignage d&rsquo;Alexia","datePublished":"2009-11-07T11:07:16+00:00","dateModified":"2014-03-15T15:10:49+00:00","mainEntityOfPage":{"@id":"https:\/\/www.lactissima.com\/a-tire-d-ailes\/allaiter-et-travailler-le-temoignage-dalexia\/"},"wordCount":967,"commentCount":1,"image":{"@id":"https:\/\/www.lactissima.com\/a-tire-d-ailes\/allaiter-et-travailler-le-temoignage-dalexia\/#primaryimage"},"thumbnailUrl":"https:\/\/www.lactissima.com\/a-tire-d-ailes\/wp-content\/uploads\/2009\/11\/eddie1.jpg","keywords":["Allaitement","Allaitement et Travail","t\u00e9moignage","tire-lait"],"articleSection":["Allaitement et Travail","t\u00e9moignages"],"inLanguage":"fr-FR","potentialAction":[{"@type":"CommentAction","name":"Comment","target":["https:\/\/www.lactissima.com\/a-tire-d-ailes\/allaiter-et-travailler-le-temoignage-dalexia\/#respond"]}]},{"@type":"WebPage","@id":"https:\/\/www.lactissima.com\/a-tire-d-ailes\/allaiter-et-travailler-le-temoignage-dalexia\/","url":"https:\/\/www.lactissima.com\/a-tire-d-ailes\/allaiter-et-travailler-le-temoignage-dalexia\/","name":"Allaiter et travailler : le t\u00e9moignage d'Alexia","isPartOf":{"@id":"https:\/\/www.lactissima.com\/a-tire-d-ailes\/#website"},"primaryImageOfPage":{"@id":"https:\/\/www.lactissima.com\/a-tire-d-ailes\/allaiter-et-travailler-le-temoignage-dalexia\/#primaryimage"},"image":{"@id":"https:\/\/www.lactissima.com\/a-tire-d-ailes\/allaiter-et-travailler-le-temoignage-dalexia\/#primaryimage"},"thumbnailUrl":"https:\/\/www.lactissima.com\/a-tire-d-ailes\/wp-content\/uploads\/2009\/11\/eddie1.jpg","datePublished":"2009-11-07T11:07:16+00:00","dateModified":"2014-03-15T15:10:49+00:00","author":{"@id":"https:\/\/www.lactissima.com\/a-tire-d-ailes\/#\/schema\/person\/8f98d3a89530861bc1240e6d53d44eed"},"description":"Oui oui et ouiiiiiiiiiii! Si j'avais su je me serais pr\u00e9par\u00e9e avant l'accouchement en participant \u00e0 des r\u00e9unions avec la leche league par exemple et en lisant des livres sur l'allaitement afin d'avoir d\u00e8s le d\u00e9part des bons conseils au lieu d'\u00e9couter tout et n'importe quoi de la part de personnes qui ne s'y connaissent pas en mati\u00e8re d'allaitement.","breadcrumb":{"@id":"https:\/\/www.lactissima.com\/a-tire-d-ailes\/allaiter-et-travailler-le-temoignage-dalexia\/#breadcrumb"},"inLanguage":"fr-FR","potentialAction":[{"@type":"ReadAction","target":["https:\/\/www.lactissima.com\/a-tire-d-ailes\/allaiter-et-travailler-le-temoignage-dalexia\/"]}]},{"@type":"ImageObject","inLanguage":"fr-FR","@id":"https:\/\/www.lactissima.com\/a-tire-d-ailes\/allaiter-et-travailler-le-temoignage-dalexia\/#primaryimage","url":"https:\/\/www.lactissima.com\/a-tire-d-ailes\/wp-content\/uploads\/2009\/11\/eddie1.jpg","contentUrl":"https:\/\/www.lactissima.com\/a-tire-d-ailes\/wp-content\/uploads\/2009\/11\/eddie1.jpg","width":307,"height":230},{"@type":"BreadcrumbList","@id":"https:\/\/www.lactissima.com\/a-tire-d-ailes\/allaiter-et-travailler-le-temoignage-dalexia\/#breadcrumb","itemListElement":[{"@type":"ListItem","position":1,"name":"Accueil","item":"https:\/\/www.lactissima.com\/a-tire-d-ailes\/"},{"@type":"ListItem","position":2,"name":"Allaiter et travailler : le t\u00e9moignage d&rsquo;Alexia"}]},{"@type":"WebSite","@id":"https:\/\/www.lactissima.com\/a-tire-d-ailes\/#website","url":"https:\/\/www.lactissima.com\/a-tire-d-ailes\/","name":"A tire d&#039;Ailes","description":"Le blog des femmes qui allaitent et travaillent.","potentialAction":[{"@type":"SearchAction","target":{"@type":"EntryPoint","urlTemplate":"https:\/\/www.lactissima.com\/a-tire-d-ailes\/?s={search_term_string}"},"query-input":{"@type":"PropertyValueSpecification","valueRequired":true,"valueName":"search_term_string"}}],"inLanguage":"fr-FR"},{"@type":"Person","@id":"https:\/\/www.lactissima.com\/a-tire-d-ailes\/#\/schema\/person\/8f98d3a89530861bc1240e6d53d44eed","name":"V\u00e9ronique Darmangeat","image":{"@type":"ImageObject","inLanguage":"fr-FR","@id":"https:\/\/secure.gravatar.com\/avatar\/268c99344c89cebfe4f5df5fa8be43068a18884fc76a29f3206fae98465b9cab?s=96&d=identicon&r=g","url":"https:\/\/secure.gravatar.com\/avatar\/268c99344c89cebfe4f5df5fa8be43068a18884fc76a29f3206fae98465b9cab?s=96&d=identicon&r=g","contentUrl":"https:\/\/secure.gravatar.com\/avatar\/268c99344c89cebfe4f5df5fa8be43068a18884fc76a29f3206fae98465b9cab?s=96&d=identicon&r=g","caption":"V\u00e9ronique Darmangeat"},"sameAs":["https:\/\/www.lactissima.com\/a-tire-d-ailes","www.facebook.com\/consultante.en.lactation"]}]}},"_links":{"self":[{"href":"https:\/\/www.lactissima.com\/a-tire-d-ailes\/wp-json\/wp\/v2\/posts\/778","targetHints":{"allow":["GET"]}}],"collection":[{"href":"https:\/\/www.lactissima.com\/a-tire-d-ailes\/wp-json\/wp\/v2\/posts"}],"about":[{"href":"https:\/\/www.lactissima.com\/a-tire-d-ailes\/wp-json\/wp\/v2\/types\/post"}],"author":[{"embeddable":true,"href":"https:\/\/www.lactissima.com\/a-tire-d-ailes\/wp-json\/wp\/v2\/users\/170"}],"replies":[{"embeddable":true,"href":"https:\/\/www.lactissima.com\/a-tire-d-ailes\/wp-json\/wp\/v2\/comments?post=778"}],"version-history":[{"count":15,"href":"https:\/\/www.lactissima.com\/a-tire-d-ailes\/wp-json\/wp\/v2\/posts\/778\/revisions"}],"predecessor-version":[{"id":5537,"href":"https:\/\/www.lactissima.com\/a-tire-d-ailes\/wp-json\/wp\/v2\/posts\/778\/revisions\/5537"}],"wp:featuredmedia":[{"embeddable":true,"href":"https:\/\/www.lactissima.com\/a-tire-d-ailes\/wp-json\/wp\/v2\/media\/4559"}],"wp:attachment":[{"href":"https:\/\/www.lactissima.com\/a-tire-d-ailes\/wp-json\/wp\/v2\/media?parent=778"}],"wp:term":[{"taxonomy":"category","embeddable":true,"href":"https:\/\/www.lactissima.com\/a-tire-d-ailes\/wp-json\/wp\/v2\/categories?post=778"},{"taxonomy":"post_tag","embeddable":true,"href":"https:\/\/www.lactissima.com\/a-tire-d-ailes\/wp-json\/wp\/v2\/tags?post=778"}],"curies":[{"name":"wp","href":"https:\/\/api.w.org\/{rel}","templated":true}]}}