{"id":7765,"date":"2018-06-28T16:11:18","date_gmt":"2018-06-28T14:11:18","guid":{"rendered":"https:\/\/www.lactissima.com\/a-tire-d-ailes\/?p=7765"},"modified":"2018-06-28T16:11:18","modified_gmt":"2018-06-28T14:11:18","slug":"repousser-la-reprise-du-travail-vos-reponses","status":"publish","type":"post","link":"https:\/\/www.lactissima.com\/a-tire-d-ailes\/repousser-la-reprise-du-travail-vos-reponses\/","title":{"rendered":"Repousser la reprise du travail : vos r\u00e9ponses"},"content":{"rendered":"<p style=\"text-align: justify;\">Vous avez \u00e9t\u00e9 presque 300 \u00e0 r\u00e9pondre \u00e0 mon questionnaire de la semaine derni\u00e8re ! (297 exactement)<\/p>\n<p style=\"text-align: justify;\">Un grand merci \u00e0 vous !<\/p>\n<p style=\"text-align: justify;\">Je vous livre les <strong>r\u00e9sultats<\/strong> de ce sondage :<\/p>\n<p style=\"text-align: justify;\"><img loading=\"lazy\" decoding=\"async\" class=\"aligncenter size-full wp-image-7766\" src=\"https:\/\/www.lactissima.com\/a-tire-d-ailes\/wp-content\/uploads\/2018\/06\/Q1.png\" alt=\"\" width=\"517\" height=\"286\" srcset=\"https:\/\/www.lactissima.com\/a-tire-d-ailes\/wp-content\/uploads\/2018\/06\/Q1.png 517w, https:\/\/www.lactissima.com\/a-tire-d-ailes\/wp-content\/uploads\/2018\/06\/Q1-300x166.png 300w\" sizes=\"(max-width: 517px) 100vw, 517px\" \/><\/p>\n<p style=\"text-align: justify;\"><img loading=\"lazy\" decoding=\"async\" class=\"aligncenter size-full wp-image-7768\" src=\"https:\/\/www.lactissima.com\/a-tire-d-ailes\/wp-content\/uploads\/2018\/06\/Q2-1.png\" alt=\"\" width=\"539\" height=\"311\" srcset=\"https:\/\/www.lactissima.com\/a-tire-d-ailes\/wp-content\/uploads\/2018\/06\/Q2-1.png 539w, https:\/\/www.lactissima.com\/a-tire-d-ailes\/wp-content\/uploads\/2018\/06\/Q2-1-300x173.png 300w\" sizes=\"(max-width: 539px) 100vw, 539px\" \/><\/p>\n<p style=\"text-align: justify;\"><img loading=\"lazy\" decoding=\"async\" class=\"aligncenter size-full wp-image-7769\" src=\"https:\/\/www.lactissima.com\/a-tire-d-ailes\/wp-content\/uploads\/2018\/06\/Q3.png\" alt=\"\" width=\"580\" height=\"285\" srcset=\"https:\/\/www.lactissima.com\/a-tire-d-ailes\/wp-content\/uploads\/2018\/06\/Q3.png 580w, https:\/\/www.lactissima.com\/a-tire-d-ailes\/wp-content\/uploads\/2018\/06\/Q3-300x147.png 300w\" sizes=\"(max-width: 580px) 100vw, 580px\" \/><\/p>\n<p style=\"text-align: justify;\">Sur les r\u00e9ponses \u00e0 cette question, j&rsquo;ai pu mesurer toute l&rsquo;inventivit\u00e9 dont vous faites preuve. Les r\u00e9ponses les plus courantes sont :<\/p>\n<ul style=\"text-align: justify;\">\n<li>obtention d&rsquo;un cong\u00e9 pathologique<\/li>\n<li>cong\u00e9 parental<\/li>\n<li>d\u00e9mission de votre emploi<\/li>\n<li>reprise d&rsquo;activit\u00e9 plus tardive<\/li>\n<li>Cong\u00e9s sans solde<\/li>\n<li>Passage en temps partiel.<\/li>\n<li>report des semaines de cong\u00e9s de grossesse apr\u00e8s la naissance<\/li>\n<li>Baisse d&rsquo;activit\u00e9<\/li>\n<li>Rupture conventionnelle<\/li>\n<li>Convention collective pr\u00e9voyant un \u00ab\u00a0cong\u00e9 allaitement\u00a0\u00bb<\/li>\n<\/ul>\n<p style=\"text-align: justify;\">\n<p style=\"text-align: justify;\"><img loading=\"lazy\" decoding=\"async\" class=\"aligncenter size-full wp-image-7770\" src=\"https:\/\/www.lactissima.com\/a-tire-d-ailes\/wp-content\/uploads\/2018\/06\/Q4.png\" alt=\"\" width=\"536\" height=\"314\" srcset=\"https:\/\/www.lactissima.com\/a-tire-d-ailes\/wp-content\/uploads\/2018\/06\/Q4.png 536w, https:\/\/www.lactissima.com\/a-tire-d-ailes\/wp-content\/uploads\/2018\/06\/Q4-300x176.png 300w\" sizes=\"(max-width: 536px) 100vw, 536px\" \/><\/p>\n<p style=\"text-align: justify;\">Pour plus de 60% d&rsquo;entre vous, vous avez pris plus de 6 semaines suppl\u00e9mentaires pour l&rsquo;allaitement et pour 44.4%, c&rsquo;est m\u00eame plus de 3 mois.<br \/>\nC&rsquo;est avec ces r\u00e9ponses que l&rsquo;on mesure bien \u00e0 quel point le cong\u00e9 maternit\u00e9 est trop court aujourd&rsquo;hui.<\/p>\n<p style=\"text-align: justify;\">\n<p style=\"text-align: justify;\"><img loading=\"lazy\" decoding=\"async\" class=\"aligncenter size-full wp-image-7771\" src=\"https:\/\/www.lactissima.com\/a-tire-d-ailes\/wp-content\/uploads\/2018\/06\/Q5.png\" alt=\"\" width=\"538\" height=\"314\" srcset=\"https:\/\/www.lactissima.com\/a-tire-d-ailes\/wp-content\/uploads\/2018\/06\/Q5.png 538w, https:\/\/www.lactissima.com\/a-tire-d-ailes\/wp-content\/uploads\/2018\/06\/Q5-300x175.png 300w\" sizes=\"(max-width: 538px) 100vw, 538px\" \/><\/p>\n<p style=\"text-align: justify;\">Le fait de disposer d&rsquo;une salle d&rsquo;allaitement sur son lieu de travail ne ferait changer d&rsquo;avis que 25% d&rsquo;entre vous. Pour les 3\/4 d&rsquo;entre vous, vous repousseriez de toute fa\u00e7on la reprise du travail.<\/p>\n<p style=\"text-align: justify;\">\n<p style=\"text-align: justify;\"><img loading=\"lazy\" decoding=\"async\" class=\"aligncenter size-full wp-image-7772\" src=\"https:\/\/www.lactissima.com\/a-tire-d-ailes\/wp-content\/uploads\/2018\/06\/Q6.png\" alt=\"\" width=\"521\" height=\"269\" srcset=\"https:\/\/www.lactissima.com\/a-tire-d-ailes\/wp-content\/uploads\/2018\/06\/Q6.png 521w, https:\/\/www.lactissima.com\/a-tire-d-ailes\/wp-content\/uploads\/2018\/06\/Q6-300x155.png 300w\" sizes=\"(max-width: 521px) 100vw, 521px\" \/><\/p>\n<p style=\"text-align: justify;\">Et vous ne regrettez pas votre choix !<\/p>\n<p style=\"text-align: justify;\">\n<div class='et-box et-shadow'>\n\t\t\t\t\t<div class='et-box-content'>Lire des articles ou poser des questions en commentaire ne suffit pas \u00e0 r\u00e9soudre votre probl\u00e8me ? Savez-vous que vous pouvez prendre RDV pour une consultation avec moi ? N&rsquo;h\u00e9sitez pas \u00e0 me contacter !<\/div><\/div>\n","protected":false},"excerpt":{"rendered":"<p>Vous avez \u00e9t\u00e9 presque 300 \u00e0 r\u00e9pondre \u00e0 mon questionnaire de la semaine derni\u00e8re ! (297 exactement) Un grand merci \u00e0 vous ! Je vous livre les r\u00e9sultats de ce sondage : Sur les r\u00e9ponses \u00e0 cette question, j&rsquo;ai pu mesurer toute l&rsquo;inventivit\u00e9 dont vous faites preuve. Les r\u00e9ponses les plus courantes sont : obtention [&hellip;]<\/p>\n","protected":false},"author":170,"featured_media":7766,"comment_status":"open","ping_status":"open","sticky":false,"template":"","format":"standard","meta":{"_et_pb_use_builder":"","_et_pb_old_content":"","_et_gb_content_width":"","footnotes":""},"categories":[150],"tags":[],"class_list":["post-7765","post","type-post","status-publish","format-standard","has-post-thumbnail","hentry","category-temoignages"],"yoast_head":"<!-- This site is optimized with the Yoast SEO plugin v27.4 - https:\/\/yoast.com\/product\/yoast-seo-wordpress\/ -->\n<title>Repousser la reprise du travail : vos r\u00e9ponses<\/title>\n<meta name=\"description\" content=\"Vous avez \u00e9t\u00e9 presque 300 \u00e0 r\u00e9pondre \u00e0 mon questionnaire de la semaine derni\u00e8re ! (297 exactement) Un grand merci \u00e0 vous ! Je vous livre les r\u00e9sultats de Pr\u00e8s de 90% des femmes ayant r\u00e9pondu \u00e0 mon questionnaire ont repouss\u00e9 leur retour au travail pour l&#039;allaitement. De quoi se poser des questions !\" \/>\n<meta name=\"robots\" content=\"index, follow, max-snippet:-1, max-image-preview:large, max-video-preview:-1\" \/>\n<link rel=\"canonical\" href=\"https:\/\/www.lactissima.com\/a-tire-d-ailes\/repousser-la-reprise-du-travail-vos-reponses\/\" \/>\n<meta property=\"og:locale\" content=\"fr_FR\" \/>\n<meta property=\"og:type\" content=\"article\" \/>\n<meta property=\"og:title\" content=\"Repousser la reprise du travail : vos r\u00e9ponses\" \/>\n<meta property=\"og:description\" content=\"Vous avez \u00e9t\u00e9 presque 300 \u00e0 r\u00e9pondre \u00e0 mon questionnaire de la semaine derni\u00e8re ! (297 exactement) Un grand merci \u00e0 vous ! Je vous livre les r\u00e9sultats de Pr\u00e8s de 90% des femmes ayant r\u00e9pondu \u00e0 mon questionnaire ont repouss\u00e9 leur retour au travail pour l&#039;allaitement. De quoi se poser des questions !\" \/>\n<meta property=\"og:url\" content=\"https:\/\/www.lactissima.com\/a-tire-d-ailes\/repousser-la-reprise-du-travail-vos-reponses\/\" \/>\n<meta property=\"og:site_name\" content=\"A tire d&#039;Ailes\" \/>\n<meta property=\"article:publisher\" content=\"https:\/\/www.facebook.com\/consultante.en.lactation\" \/>\n<meta property=\"article:author\" content=\"www.facebook.com\/consultante.en.lactation\" \/>\n<meta property=\"article:published_time\" content=\"2018-06-28T14:11:18+00:00\" \/>\n<meta property=\"og:image\" content=\"https:\/\/www.lactissima.com\/a-tire-d-ailes\/wp-content\/uploads\/2018\/06\/Q1.png\" \/>\n\t<meta property=\"og:image:width\" content=\"517\" \/>\n\t<meta property=\"og:image:height\" content=\"286\" \/>\n\t<meta property=\"og:image:type\" content=\"image\/png\" \/>\n<meta name=\"author\" content=\"V\u00e9ronique Darmangeat\" \/>\n<meta name=\"twitter:card\" content=\"summary_large_image\" \/>\n<meta name=\"twitter:creator\" content=\"@VeroniqueIBCLC\" \/>\n<meta name=\"twitter:site\" content=\"@VeroniqueIBCLC\" \/>\n<meta name=\"twitter:label1\" content=\"\u00c9crit par\" \/>\n\t<meta name=\"twitter:data1\" content=\"V\u00e9ronique Darmangeat\" \/>\n\t<meta name=\"twitter:label2\" content=\"Dur\u00e9e de lecture estim\u00e9e\" \/>\n\t<meta name=\"twitter:data2\" content=\"1 minute\" \/>\n<script type=\"application\/ld+json\" class=\"yoast-schema-graph\">{\"@context\":\"https:\\\/\\\/schema.org\",\"@graph\":[{\"@type\":\"Article\",\"@id\":\"https:\\\/\\\/www.lactissima.com\\\/a-tire-d-ailes\\\/repousser-la-reprise-du-travail-vos-reponses\\\/#article\",\"isPartOf\":{\"@id\":\"https:\\\/\\\/www.lactissima.com\\\/a-tire-d-ailes\\\/repousser-la-reprise-du-travail-vos-reponses\\\/\"},\"author\":{\"name\":\"V\u00e9ronique Darmangeat\",\"@id\":\"https:\\\/\\\/www.lactissima.com\\\/a-tire-d-ailes\\\/#\\\/schema\\\/person\\\/8f98d3a89530861bc1240e6d53d44eed\"},\"headline\":\"Repousser la reprise du travail : vos r\u00e9ponses\",\"datePublished\":\"2018-06-28T14:11:18+00:00\",\"mainEntityOfPage\":{\"@id\":\"https:\\\/\\\/www.lactissima.com\\\/a-tire-d-ailes\\\/repousser-la-reprise-du-travail-vos-reponses\\\/\"},\"wordCount\":236,\"commentCount\":0,\"image\":{\"@id\":\"https:\\\/\\\/www.lactissima.com\\\/a-tire-d-ailes\\\/repousser-la-reprise-du-travail-vos-reponses\\\/#primaryimage\"},\"thumbnailUrl\":\"https:\\\/\\\/www.lactissima.com\\\/a-tire-d-ailes\\\/wp-content\\\/uploads\\\/2018\\\/06\\\/Q1.png\",\"articleSection\":[\"t\u00e9moignages\"],\"inLanguage\":\"fr-FR\",\"potentialAction\":[{\"@type\":\"CommentAction\",\"name\":\"Comment\",\"target\":[\"https:\\\/\\\/www.lactissima.com\\\/a-tire-d-ailes\\\/repousser-la-reprise-du-travail-vos-reponses\\\/#respond\"]}]},{\"@type\":\"WebPage\",\"@id\":\"https:\\\/\\\/www.lactissima.com\\\/a-tire-d-ailes\\\/repousser-la-reprise-du-travail-vos-reponses\\\/\",\"url\":\"https:\\\/\\\/www.lactissima.com\\\/a-tire-d-ailes\\\/repousser-la-reprise-du-travail-vos-reponses\\\/\",\"name\":\"Repousser la reprise du travail : vos r\u00e9ponses\",\"isPartOf\":{\"@id\":\"https:\\\/\\\/www.lactissima.com\\\/a-tire-d-ailes\\\/#website\"},\"primaryImageOfPage\":{\"@id\":\"https:\\\/\\\/www.lactissima.com\\\/a-tire-d-ailes\\\/repousser-la-reprise-du-travail-vos-reponses\\\/#primaryimage\"},\"image\":{\"@id\":\"https:\\\/\\\/www.lactissima.com\\\/a-tire-d-ailes\\\/repousser-la-reprise-du-travail-vos-reponses\\\/#primaryimage\"},\"thumbnailUrl\":\"https:\\\/\\\/www.lactissima.com\\\/a-tire-d-ailes\\\/wp-content\\\/uploads\\\/2018\\\/06\\\/Q1.png\",\"datePublished\":\"2018-06-28T14:11:18+00:00\",\"author\":{\"@id\":\"https:\\\/\\\/www.lactissima.com\\\/a-tire-d-ailes\\\/#\\\/schema\\\/person\\\/8f98d3a89530861bc1240e6d53d44eed\"},\"description\":\"Vous avez \u00e9t\u00e9 presque 300 \u00e0 r\u00e9pondre \u00e0 mon questionnaire de la semaine derni\u00e8re ! (297 exactement) Un grand merci \u00e0 vous ! Je vous livre les r\u00e9sultats de Pr\u00e8s de 90% des femmes ayant r\u00e9pondu \u00e0 mon questionnaire ont repouss\u00e9 leur retour au travail pour l'allaitement. De quoi se poser des questions !\",\"breadcrumb\":{\"@id\":\"https:\\\/\\\/www.lactissima.com\\\/a-tire-d-ailes\\\/repousser-la-reprise-du-travail-vos-reponses\\\/#breadcrumb\"},\"inLanguage\":\"fr-FR\",\"potentialAction\":[{\"@type\":\"ReadAction\",\"target\":[\"https:\\\/\\\/www.lactissima.com\\\/a-tire-d-ailes\\\/repousser-la-reprise-du-travail-vos-reponses\\\/\"]}]},{\"@type\":\"ImageObject\",\"inLanguage\":\"fr-FR\",\"@id\":\"https:\\\/\\\/www.lactissima.com\\\/a-tire-d-ailes\\\/repousser-la-reprise-du-travail-vos-reponses\\\/#primaryimage\",\"url\":\"https:\\\/\\\/www.lactissima.com\\\/a-tire-d-ailes\\\/wp-content\\\/uploads\\\/2018\\\/06\\\/Q1.png\",\"contentUrl\":\"https:\\\/\\\/www.lactissima.com\\\/a-tire-d-ailes\\\/wp-content\\\/uploads\\\/2018\\\/06\\\/Q1.png\",\"width\":517,\"height\":286},{\"@type\":\"BreadcrumbList\",\"@id\":\"https:\\\/\\\/www.lactissima.com\\\/a-tire-d-ailes\\\/repousser-la-reprise-du-travail-vos-reponses\\\/#breadcrumb\",\"itemListElement\":[{\"@type\":\"ListItem\",\"position\":1,\"name\":\"Accueil\",\"item\":\"https:\\\/\\\/www.lactissima.com\\\/a-tire-d-ailes\\\/\"},{\"@type\":\"ListItem\",\"position\":2,\"name\":\"Repousser la reprise du travail : vos r\u00e9ponses\"}]},{\"@type\":\"WebSite\",\"@id\":\"https:\\\/\\\/www.lactissima.com\\\/a-tire-d-ailes\\\/#website\",\"url\":\"https:\\\/\\\/www.lactissima.com\\\/a-tire-d-ailes\\\/\",\"name\":\"A tire d&#039;Ailes\",\"description\":\"Le blog des femmes qui allaitent et travaillent.\",\"potentialAction\":[{\"@type\":\"SearchAction\",\"target\":{\"@type\":\"EntryPoint\",\"urlTemplate\":\"https:\\\/\\\/www.lactissima.com\\\/a-tire-d-ailes\\\/?s={search_term_string}\"},\"query-input\":{\"@type\":\"PropertyValueSpecification\",\"valueRequired\":true,\"valueName\":\"search_term_string\"}}],\"inLanguage\":\"fr-FR\"},{\"@type\":\"Person\",\"@id\":\"https:\\\/\\\/www.lactissima.com\\\/a-tire-d-ailes\\\/#\\\/schema\\\/person\\\/8f98d3a89530861bc1240e6d53d44eed\",\"name\":\"V\u00e9ronique Darmangeat\",\"image\":{\"@type\":\"ImageObject\",\"inLanguage\":\"fr-FR\",\"@id\":\"https:\\\/\\\/secure.gravatar.com\\\/avatar\\\/268c99344c89cebfe4f5df5fa8be43068a18884fc76a29f3206fae98465b9cab?s=96&d=identicon&r=g\",\"url\":\"https:\\\/\\\/secure.gravatar.com\\\/avatar\\\/268c99344c89cebfe4f5df5fa8be43068a18884fc76a29f3206fae98465b9cab?s=96&d=identicon&r=g\",\"contentUrl\":\"https:\\\/\\\/secure.gravatar.com\\\/avatar\\\/268c99344c89cebfe4f5df5fa8be43068a18884fc76a29f3206fae98465b9cab?s=96&d=identicon&r=g\",\"caption\":\"V\u00e9ronique Darmangeat\"},\"sameAs\":[\"https:\\\/\\\/www.lactissima.com\\\/a-tire-d-ailes\",\"www.facebook.com\\\/consultante.en.lactation\"]}]}<\/script>\n<!-- \/ Yoast SEO plugin. -->","yoast_head_json":{"title":"Repousser la reprise du travail : vos r\u00e9ponses","description":"Vous avez \u00e9t\u00e9 presque 300 \u00e0 r\u00e9pondre \u00e0 mon questionnaire de la semaine derni\u00e8re ! (297 exactement) Un grand merci \u00e0 vous ! Je vous livre les r\u00e9sultats de Pr\u00e8s de 90% des femmes ayant r\u00e9pondu \u00e0 mon questionnaire ont repouss\u00e9 leur retour au travail pour l'allaitement. De quoi se poser des questions !","robots":{"index":"index","follow":"follow","max-snippet":"max-snippet:-1","max-image-preview":"max-image-preview:large","max-video-preview":"max-video-preview:-1"},"canonical":"https:\/\/www.lactissima.com\/a-tire-d-ailes\/repousser-la-reprise-du-travail-vos-reponses\/","og_locale":"fr_FR","og_type":"article","og_title":"Repousser la reprise du travail : vos r\u00e9ponses","og_description":"Vous avez \u00e9t\u00e9 presque 300 \u00e0 r\u00e9pondre \u00e0 mon questionnaire de la semaine derni\u00e8re ! (297 exactement) Un grand merci \u00e0 vous ! Je vous livre les r\u00e9sultats de Pr\u00e8s de 90% des femmes ayant r\u00e9pondu \u00e0 mon questionnaire ont repouss\u00e9 leur retour au travail pour l'allaitement. De quoi se poser des questions !","og_url":"https:\/\/www.lactissima.com\/a-tire-d-ailes\/repousser-la-reprise-du-travail-vos-reponses\/","og_site_name":"A tire d&#039;Ailes","article_publisher":"https:\/\/www.facebook.com\/consultante.en.lactation","article_author":"www.facebook.com\/consultante.en.lactation","article_published_time":"2018-06-28T14:11:18+00:00","og_image":[{"width":517,"height":286,"url":"https:\/\/www.lactissima.com\/a-tire-d-ailes\/wp-content\/uploads\/2018\/06\/Q1.png","type":"image\/png"}],"author":"V\u00e9ronique Darmangeat","twitter_card":"summary_large_image","twitter_creator":"@VeroniqueIBCLC","twitter_site":"@VeroniqueIBCLC","twitter_misc":{"\u00c9crit par":"V\u00e9ronique Darmangeat","Dur\u00e9e de lecture estim\u00e9e":"1 minute"},"schema":{"@context":"https:\/\/schema.org","@graph":[{"@type":"Article","@id":"https:\/\/www.lactissima.com\/a-tire-d-ailes\/repousser-la-reprise-du-travail-vos-reponses\/#article","isPartOf":{"@id":"https:\/\/www.lactissima.com\/a-tire-d-ailes\/repousser-la-reprise-du-travail-vos-reponses\/"},"author":{"name":"V\u00e9ronique Darmangeat","@id":"https:\/\/www.lactissima.com\/a-tire-d-ailes\/#\/schema\/person\/8f98d3a89530861bc1240e6d53d44eed"},"headline":"Repousser la reprise du travail : vos r\u00e9ponses","datePublished":"2018-06-28T14:11:18+00:00","mainEntityOfPage":{"@id":"https:\/\/www.lactissima.com\/a-tire-d-ailes\/repousser-la-reprise-du-travail-vos-reponses\/"},"wordCount":236,"commentCount":0,"image":{"@id":"https:\/\/www.lactissima.com\/a-tire-d-ailes\/repousser-la-reprise-du-travail-vos-reponses\/#primaryimage"},"thumbnailUrl":"https:\/\/www.lactissima.com\/a-tire-d-ailes\/wp-content\/uploads\/2018\/06\/Q1.png","articleSection":["t\u00e9moignages"],"inLanguage":"fr-FR","potentialAction":[{"@type":"CommentAction","name":"Comment","target":["https:\/\/www.lactissima.com\/a-tire-d-ailes\/repousser-la-reprise-du-travail-vos-reponses\/#respond"]}]},{"@type":"WebPage","@id":"https:\/\/www.lactissima.com\/a-tire-d-ailes\/repousser-la-reprise-du-travail-vos-reponses\/","url":"https:\/\/www.lactissima.com\/a-tire-d-ailes\/repousser-la-reprise-du-travail-vos-reponses\/","name":"Repousser la reprise du travail : vos r\u00e9ponses","isPartOf":{"@id":"https:\/\/www.lactissima.com\/a-tire-d-ailes\/#website"},"primaryImageOfPage":{"@id":"https:\/\/www.lactissima.com\/a-tire-d-ailes\/repousser-la-reprise-du-travail-vos-reponses\/#primaryimage"},"image":{"@id":"https:\/\/www.lactissima.com\/a-tire-d-ailes\/repousser-la-reprise-du-travail-vos-reponses\/#primaryimage"},"thumbnailUrl":"https:\/\/www.lactissima.com\/a-tire-d-ailes\/wp-content\/uploads\/2018\/06\/Q1.png","datePublished":"2018-06-28T14:11:18+00:00","author":{"@id":"https:\/\/www.lactissima.com\/a-tire-d-ailes\/#\/schema\/person\/8f98d3a89530861bc1240e6d53d44eed"},"description":"Vous avez \u00e9t\u00e9 presque 300 \u00e0 r\u00e9pondre \u00e0 mon questionnaire de la semaine derni\u00e8re ! (297 exactement) Un grand merci \u00e0 vous ! Je vous livre les r\u00e9sultats de Pr\u00e8s de 90% des femmes ayant r\u00e9pondu \u00e0 mon questionnaire ont repouss\u00e9 leur retour au travail pour l'allaitement. De quoi se poser des questions !","breadcrumb":{"@id":"https:\/\/www.lactissima.com\/a-tire-d-ailes\/repousser-la-reprise-du-travail-vos-reponses\/#breadcrumb"},"inLanguage":"fr-FR","potentialAction":[{"@type":"ReadAction","target":["https:\/\/www.lactissima.com\/a-tire-d-ailes\/repousser-la-reprise-du-travail-vos-reponses\/"]}]},{"@type":"ImageObject","inLanguage":"fr-FR","@id":"https:\/\/www.lactissima.com\/a-tire-d-ailes\/repousser-la-reprise-du-travail-vos-reponses\/#primaryimage","url":"https:\/\/www.lactissima.com\/a-tire-d-ailes\/wp-content\/uploads\/2018\/06\/Q1.png","contentUrl":"https:\/\/www.lactissima.com\/a-tire-d-ailes\/wp-content\/uploads\/2018\/06\/Q1.png","width":517,"height":286},{"@type":"BreadcrumbList","@id":"https:\/\/www.lactissima.com\/a-tire-d-ailes\/repousser-la-reprise-du-travail-vos-reponses\/#breadcrumb","itemListElement":[{"@type":"ListItem","position":1,"name":"Accueil","item":"https:\/\/www.lactissima.com\/a-tire-d-ailes\/"},{"@type":"ListItem","position":2,"name":"Repousser la reprise du travail : vos r\u00e9ponses"}]},{"@type":"WebSite","@id":"https:\/\/www.lactissima.com\/a-tire-d-ailes\/#website","url":"https:\/\/www.lactissima.com\/a-tire-d-ailes\/","name":"A tire d&#039;Ailes","description":"Le blog des femmes qui allaitent et travaillent.","potentialAction":[{"@type":"SearchAction","target":{"@type":"EntryPoint","urlTemplate":"https:\/\/www.lactissima.com\/a-tire-d-ailes\/?s={search_term_string}"},"query-input":{"@type":"PropertyValueSpecification","valueRequired":true,"valueName":"search_term_string"}}],"inLanguage":"fr-FR"},{"@type":"Person","@id":"https:\/\/www.lactissima.com\/a-tire-d-ailes\/#\/schema\/person\/8f98d3a89530861bc1240e6d53d44eed","name":"V\u00e9ronique Darmangeat","image":{"@type":"ImageObject","inLanguage":"fr-FR","@id":"https:\/\/secure.gravatar.com\/avatar\/268c99344c89cebfe4f5df5fa8be43068a18884fc76a29f3206fae98465b9cab?s=96&d=identicon&r=g","url":"https:\/\/secure.gravatar.com\/avatar\/268c99344c89cebfe4f5df5fa8be43068a18884fc76a29f3206fae98465b9cab?s=96&d=identicon&r=g","contentUrl":"https:\/\/secure.gravatar.com\/avatar\/268c99344c89cebfe4f5df5fa8be43068a18884fc76a29f3206fae98465b9cab?s=96&d=identicon&r=g","caption":"V\u00e9ronique Darmangeat"},"sameAs":["https:\/\/www.lactissima.com\/a-tire-d-ailes","www.facebook.com\/consultante.en.lactation"]}]}},"_links":{"self":[{"href":"https:\/\/www.lactissima.com\/a-tire-d-ailes\/wp-json\/wp\/v2\/posts\/7765","targetHints":{"allow":["GET"]}}],"collection":[{"href":"https:\/\/www.lactissima.com\/a-tire-d-ailes\/wp-json\/wp\/v2\/posts"}],"about":[{"href":"https:\/\/www.lactissima.com\/a-tire-d-ailes\/wp-json\/wp\/v2\/types\/post"}],"author":[{"embeddable":true,"href":"https:\/\/www.lactissima.com\/a-tire-d-ailes\/wp-json\/wp\/v2\/users\/170"}],"replies":[{"embeddable":true,"href":"https:\/\/www.lactissima.com\/a-tire-d-ailes\/wp-json\/wp\/v2\/comments?post=7765"}],"version-history":[{"count":2,"href":"https:\/\/www.lactissima.com\/a-tire-d-ailes\/wp-json\/wp\/v2\/posts\/7765\/revisions"}],"predecessor-version":[{"id":7774,"href":"https:\/\/www.lactissima.com\/a-tire-d-ailes\/wp-json\/wp\/v2\/posts\/7765\/revisions\/7774"}],"wp:featuredmedia":[{"embeddable":true,"href":"https:\/\/www.lactissima.com\/a-tire-d-ailes\/wp-json\/wp\/v2\/media\/7766"}],"wp:attachment":[{"href":"https:\/\/www.lactissima.com\/a-tire-d-ailes\/wp-json\/wp\/v2\/media?parent=7765"}],"wp:term":[{"taxonomy":"category","embeddable":true,"href":"https:\/\/www.lactissima.com\/a-tire-d-ailes\/wp-json\/wp\/v2\/categories?post=7765"},{"taxonomy":"post_tag","embeddable":true,"href":"https:\/\/www.lactissima.com\/a-tire-d-ailes\/wp-json\/wp\/v2\/tags?post=7765"}],"curies":[{"name":"wp","href":"https:\/\/api.w.org\/{rel}","templated":true}]}}