{"id":771,"date":"2009-10-31T15:36:50","date_gmt":"2009-10-31T13:36:50","guid":{"rendered":"https:\/\/www.lactissima.com\/a-tire-d-ailes\/?p=771"},"modified":"2014-03-15T17:11:00","modified_gmt":"2014-03-15T15:11:00","slug":"allaiter-et-travailler-le-temoignage-de-beatrice","status":"publish","type":"post","link":"https:\/\/www.lactissima.com\/a-tire-d-ailes\/allaiter-et-travailler-le-temoignage-de-beatrice\/","title":{"rendered":"Allaiter et travailler : le t\u00e9moignage de B\u00e9atrice"},"content":{"rendered":"<ul>\n<li style=\"text-align: justify;\"><strong><a href=\"https:\/\/www.lactissima.com\/a-tire-d-ailes\/wp-content\/uploads\/interview1.jpg\"><img loading=\"lazy\" decoding=\"async\" class=\"alignright size-full wp-image-3523\" alt=\"interview\" src=\"https:\/\/www.lactissima.com\/a-tire-d-ailes\/wp-content\/uploads\/interview1.jpg\" width=\"305\" height=\"235\" srcset=\"https:\/\/www.lactissima.com\/a-tire-d-ailes\/wp-content\/uploads\/interview1.jpg 305w, https:\/\/www.lactissima.com\/a-tire-d-ailes\/wp-content\/uploads\/interview1-300x231.jpg 300w\" sizes=\"(max-width: 305px) 100vw, 305px\" \/><\/a>Quel choix avez-vous fait au moment de la reprise du travail : sevrage ou poursuite de l&rsquo;allaitement ? Pourquoi ?<\/strong><\/li>\n<\/ul>\n<p style=\"text-align: justify;\">J&rsquo;ai repris le travail pour trois de mes quatre enfants. Pour le deuxi\u00e8me, j&rsquo;ai pris quelques mois de cong\u00e9 parental.<br \/>\nLa poursuite de l&rsquo;allaitement me semblait naturelle, je n&rsquo;envisageais pas du tout de passer aux bibs de lait \u00ab\u00a0en boite\u00a0\u00bb.<br \/>\nIl me semblait que mon lait \u00e9tait ce qu&rsquo;il y avait de mieux.<\/p>\n<p style=\"text-align: justify;\">Pour le petit quatri\u00e8me (9 mois) qui a 9 ans de diff\u00e9rence avec le troisi\u00e8me, je ne me sentais pas le courage de tirer du lait sur mon lieu de travail (je suis enseignante, j&rsquo;ai repris en septembre dernier). Pour la premi\u00e8re fois, j&rsquo;ai achet\u00e9 une boite de lait (bio &#8230;) ; il prend un tout petit bib (90ml) vers 9h les jours o\u00f9 je travaille. J&rsquo;ai la chance de pouvoir le faire manger \u00e0 midi (avec une petite t\u00e9t\u00e9e comme dessert).<\/p>\n<ul style=\"text-align: justify;\">\n<li><strong>Comment vous \u00eates-vous organis\u00e9e ?<\/strong><\/li>\n<\/ul>\n<p style=\"text-align: justify;\">Pour les trois premiers, j&rsquo;ai tir\u00e9 du lait pour le lactarium \u00e0 partir de leur premier mois. J&rsquo;\u00e9tais donc habitu\u00e9e au tire lait. J&rsquo;ai fait quelques r\u00e9serves au cong\u00e9lateur avant la reprise du travail.<\/p>\n<p style=\"text-align: justify;\">J&#8217;emmenais une glaci\u00e8re, des blocs gel\u00e9s et le tire-lait st\u00e9rilis\u00e9 dans une boite. Pour l&rsquo;ain\u00e9, je tirais le lait entre midi et 13h30. Pour le troisi\u00e8me, je tirais du lait pendant la r\u00e9cr\u00e9ation du matin, \u00e0 la main, sans tire lait (<em>m\u00e9thode d&rsquo;expression Marmet je crois ).<\/em><\/p>\n<p style=\"text-align: justify;\">Je n&rsquo;ai jamais donn\u00e9 de biberon moi m\u00eame : je donnais le sein, la nounou le biberon de lait maternel. L&rsquo;ain\u00e9 a eu un peu de mal \u00e0 s&rsquo;y mettre, la nounou a donc essay\u00e9 la cuill\u00e8re, la tasse jusqu&rsquo;\u00e0 ce qu&rsquo;il prenne enfin le biberon. Elle n&rsquo;avait pas allait\u00e9 ses propres enfants et ne connaissait pas ce genre de difficult\u00e9s. Elle a malgr\u00e9 tout accept\u00e9 de me suivre dans l&rsquo;aventure et je l&rsquo;en remercie !<\/p>\n<p style=\"text-align: justify;\">Mes enfants prennaient donc un repas de midi et un go\u00fbt\u00e9 \u00ab\u00a0solide\u00a0\u00bb et pour le reste des petites faims, il y avait les bibs de lait maternel \u00e0 la demande. Le matin et \u00e0 mon retour, c&rsquo;\u00e9tait le sein, \u00e0 la demande (y compris la nuit). Pour le petit dernier, c&rsquo;est un peu la m\u00eame chose, avec juste un biberon de lait \u00ab\u00a0en boite\u00a0\u00bb en milieu de matin\u00e9e.<\/p>\n<ul style=\"text-align: justify;\">\n<li><strong>Quelles ont \u00e9t\u00e9 vos principales difficult\u00e9s ?<\/strong><\/li>\n<\/ul>\n<p style=\"text-align: justify;\">Pas vraiment de difficult\u00e9s, sauf peut \u00eatre le jour de la reprise du travail pour l&rsquo;ain\u00e9 : le ressort du tire-lait s&rsquo;est cass\u00e9 juste au moment o\u00f9 je voulais commencer \u00e0 tirer, les seins \u00e0 la limite de l&rsquo;engorgement &#8230; J&rsquo;ai pass\u00e9 toute la pause de midi \u00e0 tirer le lait \u00e0 la main, en larmes, je n&rsquo;ai pas eu le temps de manger et j&rsquo;\u00e9tais soulag\u00e9e de rentrer chez moi \u00e0 16h30.<\/p>\n<ul style=\"text-align: justify;\">\n<li><strong>Quels ont \u00e9t\u00e9 vos meilleurs moments ?<\/strong><\/li>\n<\/ul>\n<p style=\"text-align: justify;\">Les meilleurs moments, ce sont toutes les t\u00e9t\u00e9es \u00ab\u00a0de retrouvailles\u00a0\u00bb, allong\u00e9s au chaud dans le grand lit !<\/p>\n<ul style=\"text-align: justify;\">\n<li><strong>Qu&rsquo;est-ce que vous souhaiteriez dire aux mamans qui doivent faire un choix dans les semaines \u00e0 venir ?<\/strong><\/li>\n<\/ul>\n<p style=\"text-align: justify;\">De s&rsquo;\u00e9couter et de faire ce qu&rsquo;elles ont vraiment envie de faire.<\/p>\n<p style=\"text-align: justify;\">Ce n&rsquo;est pas toujours facile d&rsquo;allaiter et de travailler en m\u00eame temps, la fatigue est l\u00e0 . Ce n&rsquo;est pas toujours facile ni \u00e9vident de tirer son lait sur son lieu de travail.<br \/>\nMais si c&rsquo;est cel\u00e0 qui fait envie, il faut foncer. J&rsquo;ai toujours ador\u00e9 voir mes enfants me faire de grands sourires d\u00e9goulinants de lait au moment des t\u00e9t\u00e9es \u00ab\u00a0de retrouvaillles\u00a0\u00bb.<\/p>\n<p style=\"text-align: justify;\">A l&rsquo;inverse, si on est plus \u00e0 l&rsquo;aise avec l&rsquo;id\u00e9e de passer au biberon de lait artificiel parce que tirer son lait semble trop compliqu\u00e9, trop stressant, trop al\u00e9atoire, et bien il faut le faire aussi.<\/p>\n<p style=\"text-align: justify;\">C&rsquo;est un choix qui concerne la maman, le papa &#8230; et le b\u00e9b\u00e9 (certains sont tr\u00e8s dou\u00e9s pour imposer leur choix \u00e0 eux !!)<\/p>\n<ul style=\"text-align: justify;\">\n<li><strong>Ce serait \u00e0 refaire, vous referiez le m\u00eame choix ? Que changeriez-vous ?<\/strong><\/li>\n<\/ul>\n<p style=\"text-align: justify;\">Quatre b\u00e9b\u00e9s, quatre situations diff\u00e9rentes, mais toujours ce m\u00eame plaisir \u00e0 allaiter. Je referais les m\u00eames choix sans h\u00e9siter et j&rsquo;esp\u00e8re bien que l&rsquo;allaitement en cours, et qui sera le dernier, durera encore longtemps (record \u00e0 battre, 13 mois !!).<\/p>\n<p style=\"text-align: justify;\"><strong>Articles en rapport :<\/strong><\/p>\n<ul>\n<li style=\"text-align: justify;\"><a href=\"https:\/\/www.lactissima.com\/a-tire-d-ailes\/?p=730\">Allaiter et travailler : le t\u00e9moignage de Sibylle<\/a><\/li>\n<li style=\"text-align: justify;\"><a href=\"https:\/\/www.lactissima.com\/a-tire-d-ailes\/?p=715\">Allaiter et travailler : le t\u00e9moignage de Clara<\/a><\/li>\n<li style=\"text-align: justify;\"><a href=\"https:\/\/www.lactissima.com\/a-tire-d-ailes\/?p=648\">Allaiter et travailler : le t\u00e9moignage de Florence<\/a><\/li>\n<li style=\"text-align: justify;\"><a href=\"https:\/\/www.lactissima.com\/a-tire-d-ailes\/?p=735\">Allaiter et travailler : le t\u00e9moignage de Virginie<\/a><\/li>\n<\/ul>\n<p>&nbsp;<\/p>\n","protected":false},"excerpt":{"rendered":"<p>Quatre b\u00e9b\u00e9s, quatre situations diff\u00e9rentes, mais toujours ce m\u00eame plaisir \u00e0 allaiter. Je referais les m\u00eames choix sans h\u00e9siter et j&rsquo;esp\u00e8re bien que l&rsquo;allaitement en cours, et qui sera le dernier, durera encore longtemps.<\/p>\n","protected":false},"author":170,"featured_media":3523,"comment_status":"open","ping_status":"open","sticky":false,"template":"","format":"standard","meta":{"_et_pb_use_builder":"","_et_pb_old_content":"","_et_gb_content_width":"","footnotes":""},"categories":[36,150],"tags":[681,148,57],"class_list":["post-771","post","type-post","status-publish","format-standard","has-post-thumbnail","hentry","category-allaitement-et-travail","category-temoignages","tag-allaitement-et-travail","tag-temoignage","tag-tire-lait"],"yoast_head":"<!-- This site is optimized with the Yoast SEO plugin v27.4 - https:\/\/yoast.com\/product\/yoast-seo-wordpress\/ -->\n<title>Allaiter et travailler : le t\u00e9moignage de B\u00e9atrice<\/title>\n<meta name=\"description\" content=\"Quatre b\u00e9b\u00e9s, quatre situations diff\u00e9rentes, mais toujours ce m\u00eame plaisir \u00e0 allaiter. Je referais les m\u00eames choix sans h\u00e9siter et j&#039;esp\u00e8re bien que l&#039;allaitement en cours, et qui sera le dernier, durera encore longtemps.\" \/>\n<meta name=\"robots\" content=\"index, follow, max-snippet:-1, max-image-preview:large, max-video-preview:-1\" \/>\n<link rel=\"canonical\" href=\"https:\/\/www.lactissima.com\/a-tire-d-ailes\/allaiter-et-travailler-le-temoignage-de-beatrice\/\" \/>\n<meta property=\"og:locale\" content=\"fr_FR\" \/>\n<meta property=\"og:type\" content=\"article\" \/>\n<meta property=\"og:title\" content=\"Allaiter et travailler : le t\u00e9moignage de B\u00e9atrice\" \/>\n<meta property=\"og:description\" content=\"Quatre b\u00e9b\u00e9s, quatre situations diff\u00e9rentes, mais toujours ce m\u00eame plaisir \u00e0 allaiter. Je referais les m\u00eames choix sans h\u00e9siter et j&#039;esp\u00e8re bien que l&#039;allaitement en cours, et qui sera le dernier, durera encore longtemps.\" \/>\n<meta property=\"og:url\" content=\"https:\/\/www.lactissima.com\/a-tire-d-ailes\/allaiter-et-travailler-le-temoignage-de-beatrice\/\" \/>\n<meta property=\"og:site_name\" content=\"A tire d&#039;Ailes\" \/>\n<meta property=\"article:publisher\" content=\"https:\/\/www.facebook.com\/consultante.en.lactation\" \/>\n<meta property=\"article:author\" content=\"www.facebook.com\/consultante.en.lactation\" \/>\n<meta property=\"article:published_time\" content=\"2009-10-31T13:36:50+00:00\" \/>\n<meta property=\"article:modified_time\" content=\"2014-03-15T15:11:00+00:00\" \/>\n<meta property=\"og:image\" content=\"https:\/\/www.lactissima.com\/a-tire-d-ailes\/wp-content\/uploads\/interview1.jpg\" \/>\n\t<meta property=\"og:image:width\" content=\"305\" \/>\n\t<meta property=\"og:image:height\" content=\"235\" \/>\n\t<meta property=\"og:image:type\" content=\"image\/jpeg\" \/>\n<meta name=\"author\" content=\"V\u00e9ronique Darmangeat\" \/>\n<meta name=\"twitter:card\" content=\"summary_large_image\" \/>\n<meta name=\"twitter:creator\" content=\"@VeroniqueIBCLC\" \/>\n<meta name=\"twitter:site\" content=\"@VeroniqueIBCLC\" \/>\n<meta name=\"twitter:label1\" content=\"\u00c9crit par\" \/>\n\t<meta name=\"twitter:data1\" content=\"V\u00e9ronique Darmangeat\" \/>\n\t<meta name=\"twitter:label2\" content=\"Dur\u00e9e de lecture estim\u00e9e\" \/>\n\t<meta name=\"twitter:data2\" content=\"4 minutes\" \/>\n<script type=\"application\/ld+json\" class=\"yoast-schema-graph\">{\"@context\":\"https:\\\/\\\/schema.org\",\"@graph\":[{\"@type\":\"Article\",\"@id\":\"https:\\\/\\\/www.lactissima.com\\\/a-tire-d-ailes\\\/allaiter-et-travailler-le-temoignage-de-beatrice\\\/#article\",\"isPartOf\":{\"@id\":\"https:\\\/\\\/www.lactissima.com\\\/a-tire-d-ailes\\\/allaiter-et-travailler-le-temoignage-de-beatrice\\\/\"},\"author\":{\"name\":\"V\u00e9ronique Darmangeat\",\"@id\":\"https:\\\/\\\/www.lactissima.com\\\/a-tire-d-ailes\\\/#\\\/schema\\\/person\\\/8f98d3a89530861bc1240e6d53d44eed\"},\"headline\":\"Allaiter et travailler : le t\u00e9moignage de B\u00e9atrice\",\"datePublished\":\"2009-10-31T13:36:50+00:00\",\"dateModified\":\"2014-03-15T15:11:00+00:00\",\"mainEntityOfPage\":{\"@id\":\"https:\\\/\\\/www.lactissima.com\\\/a-tire-d-ailes\\\/allaiter-et-travailler-le-temoignage-de-beatrice\\\/\"},\"wordCount\":790,\"commentCount\":3,\"image\":{\"@id\":\"https:\\\/\\\/www.lactissima.com\\\/a-tire-d-ailes\\\/allaiter-et-travailler-le-temoignage-de-beatrice\\\/#primaryimage\"},\"thumbnailUrl\":\"https:\\\/\\\/www.lactissima.com\\\/a-tire-d-ailes\\\/wp-content\\\/uploads\\\/interview1.jpg\",\"keywords\":[\"Allaitement et Travail\",\"t\u00e9moignage\",\"tire-lait\"],\"articleSection\":[\"Allaitement et Travail\",\"t\u00e9moignages\"],\"inLanguage\":\"fr-FR\",\"potentialAction\":[{\"@type\":\"CommentAction\",\"name\":\"Comment\",\"target\":[\"https:\\\/\\\/www.lactissima.com\\\/a-tire-d-ailes\\\/allaiter-et-travailler-le-temoignage-de-beatrice\\\/#respond\"]}]},{\"@type\":\"WebPage\",\"@id\":\"https:\\\/\\\/www.lactissima.com\\\/a-tire-d-ailes\\\/allaiter-et-travailler-le-temoignage-de-beatrice\\\/\",\"url\":\"https:\\\/\\\/www.lactissima.com\\\/a-tire-d-ailes\\\/allaiter-et-travailler-le-temoignage-de-beatrice\\\/\",\"name\":\"Allaiter et travailler : le t\u00e9moignage de B\u00e9atrice\",\"isPartOf\":{\"@id\":\"https:\\\/\\\/www.lactissima.com\\\/a-tire-d-ailes\\\/#website\"},\"primaryImageOfPage\":{\"@id\":\"https:\\\/\\\/www.lactissima.com\\\/a-tire-d-ailes\\\/allaiter-et-travailler-le-temoignage-de-beatrice\\\/#primaryimage\"},\"image\":{\"@id\":\"https:\\\/\\\/www.lactissima.com\\\/a-tire-d-ailes\\\/allaiter-et-travailler-le-temoignage-de-beatrice\\\/#primaryimage\"},\"thumbnailUrl\":\"https:\\\/\\\/www.lactissima.com\\\/a-tire-d-ailes\\\/wp-content\\\/uploads\\\/interview1.jpg\",\"datePublished\":\"2009-10-31T13:36:50+00:00\",\"dateModified\":\"2014-03-15T15:11:00+00:00\",\"author\":{\"@id\":\"https:\\\/\\\/www.lactissima.com\\\/a-tire-d-ailes\\\/#\\\/schema\\\/person\\\/8f98d3a89530861bc1240e6d53d44eed\"},\"description\":\"Quatre b\u00e9b\u00e9s, quatre situations diff\u00e9rentes, mais toujours ce m\u00eame plaisir \u00e0 allaiter. Je referais les m\u00eames choix sans h\u00e9siter et j'esp\u00e8re bien que l'allaitement en cours, et qui sera le dernier, durera encore longtemps.\",\"breadcrumb\":{\"@id\":\"https:\\\/\\\/www.lactissima.com\\\/a-tire-d-ailes\\\/allaiter-et-travailler-le-temoignage-de-beatrice\\\/#breadcrumb\"},\"inLanguage\":\"fr-FR\",\"potentialAction\":[{\"@type\":\"ReadAction\",\"target\":[\"https:\\\/\\\/www.lactissima.com\\\/a-tire-d-ailes\\\/allaiter-et-travailler-le-temoignage-de-beatrice\\\/\"]}]},{\"@type\":\"ImageObject\",\"inLanguage\":\"fr-FR\",\"@id\":\"https:\\\/\\\/www.lactissima.com\\\/a-tire-d-ailes\\\/allaiter-et-travailler-le-temoignage-de-beatrice\\\/#primaryimage\",\"url\":\"https:\\\/\\\/www.lactissima.com\\\/a-tire-d-ailes\\\/wp-content\\\/uploads\\\/interview1.jpg\",\"contentUrl\":\"https:\\\/\\\/www.lactissima.com\\\/a-tire-d-ailes\\\/wp-content\\\/uploads\\\/interview1.jpg\",\"width\":\"305\",\"height\":\"235\"},{\"@type\":\"BreadcrumbList\",\"@id\":\"https:\\\/\\\/www.lactissima.com\\\/a-tire-d-ailes\\\/allaiter-et-travailler-le-temoignage-de-beatrice\\\/#breadcrumb\",\"itemListElement\":[{\"@type\":\"ListItem\",\"position\":1,\"name\":\"Accueil\",\"item\":\"https:\\\/\\\/www.lactissima.com\\\/a-tire-d-ailes\\\/\"},{\"@type\":\"ListItem\",\"position\":2,\"name\":\"Allaiter et travailler : le t\u00e9moignage de B\u00e9atrice\"}]},{\"@type\":\"WebSite\",\"@id\":\"https:\\\/\\\/www.lactissima.com\\\/a-tire-d-ailes\\\/#website\",\"url\":\"https:\\\/\\\/www.lactissima.com\\\/a-tire-d-ailes\\\/\",\"name\":\"A tire d&#039;Ailes\",\"description\":\"Le blog des femmes qui allaitent et travaillent.\",\"potentialAction\":[{\"@type\":\"SearchAction\",\"target\":{\"@type\":\"EntryPoint\",\"urlTemplate\":\"https:\\\/\\\/www.lactissima.com\\\/a-tire-d-ailes\\\/?s={search_term_string}\"},\"query-input\":{\"@type\":\"PropertyValueSpecification\",\"valueRequired\":true,\"valueName\":\"search_term_string\"}}],\"inLanguage\":\"fr-FR\"},{\"@type\":\"Person\",\"@id\":\"https:\\\/\\\/www.lactissima.com\\\/a-tire-d-ailes\\\/#\\\/schema\\\/person\\\/8f98d3a89530861bc1240e6d53d44eed\",\"name\":\"V\u00e9ronique Darmangeat\",\"image\":{\"@type\":\"ImageObject\",\"inLanguage\":\"fr-FR\",\"@id\":\"https:\\\/\\\/secure.gravatar.com\\\/avatar\\\/268c99344c89cebfe4f5df5fa8be43068a18884fc76a29f3206fae98465b9cab?s=96&d=identicon&r=g\",\"url\":\"https:\\\/\\\/secure.gravatar.com\\\/avatar\\\/268c99344c89cebfe4f5df5fa8be43068a18884fc76a29f3206fae98465b9cab?s=96&d=identicon&r=g\",\"contentUrl\":\"https:\\\/\\\/secure.gravatar.com\\\/avatar\\\/268c99344c89cebfe4f5df5fa8be43068a18884fc76a29f3206fae98465b9cab?s=96&d=identicon&r=g\",\"caption\":\"V\u00e9ronique Darmangeat\"},\"sameAs\":[\"https:\\\/\\\/www.lactissima.com\\\/a-tire-d-ailes\",\"www.facebook.com\\\/consultante.en.lactation\"]}]}<\/script>\n<!-- \/ Yoast SEO plugin. -->","yoast_head_json":{"title":"Allaiter et travailler : le t\u00e9moignage de B\u00e9atrice","description":"Quatre b\u00e9b\u00e9s, quatre situations diff\u00e9rentes, mais toujours ce m\u00eame plaisir \u00e0 allaiter. Je referais les m\u00eames choix sans h\u00e9siter et j'esp\u00e8re bien que l'allaitement en cours, et qui sera le dernier, durera encore longtemps.","robots":{"index":"index","follow":"follow","max-snippet":"max-snippet:-1","max-image-preview":"max-image-preview:large","max-video-preview":"max-video-preview:-1"},"canonical":"https:\/\/www.lactissima.com\/a-tire-d-ailes\/allaiter-et-travailler-le-temoignage-de-beatrice\/","og_locale":"fr_FR","og_type":"article","og_title":"Allaiter et travailler : le t\u00e9moignage de B\u00e9atrice","og_description":"Quatre b\u00e9b\u00e9s, quatre situations diff\u00e9rentes, mais toujours ce m\u00eame plaisir \u00e0 allaiter. Je referais les m\u00eames choix sans h\u00e9siter et j'esp\u00e8re bien que l'allaitement en cours, et qui sera le dernier, durera encore longtemps.","og_url":"https:\/\/www.lactissima.com\/a-tire-d-ailes\/allaiter-et-travailler-le-temoignage-de-beatrice\/","og_site_name":"A tire d&#039;Ailes","article_publisher":"https:\/\/www.facebook.com\/consultante.en.lactation","article_author":"www.facebook.com\/consultante.en.lactation","article_published_time":"2009-10-31T13:36:50+00:00","article_modified_time":"2014-03-15T15:11:00+00:00","og_image":[{"width":305,"height":235,"url":"https:\/\/www.lactissima.com\/a-tire-d-ailes\/wp-content\/uploads\/interview1.jpg","type":"image\/jpeg"}],"author":"V\u00e9ronique Darmangeat","twitter_card":"summary_large_image","twitter_creator":"@VeroniqueIBCLC","twitter_site":"@VeroniqueIBCLC","twitter_misc":{"\u00c9crit par":"V\u00e9ronique Darmangeat","Dur\u00e9e de lecture estim\u00e9e":"4 minutes"},"schema":{"@context":"https:\/\/schema.org","@graph":[{"@type":"Article","@id":"https:\/\/www.lactissima.com\/a-tire-d-ailes\/allaiter-et-travailler-le-temoignage-de-beatrice\/#article","isPartOf":{"@id":"https:\/\/www.lactissima.com\/a-tire-d-ailes\/allaiter-et-travailler-le-temoignage-de-beatrice\/"},"author":{"name":"V\u00e9ronique Darmangeat","@id":"https:\/\/www.lactissima.com\/a-tire-d-ailes\/#\/schema\/person\/8f98d3a89530861bc1240e6d53d44eed"},"headline":"Allaiter et travailler : le t\u00e9moignage de B\u00e9atrice","datePublished":"2009-10-31T13:36:50+00:00","dateModified":"2014-03-15T15:11:00+00:00","mainEntityOfPage":{"@id":"https:\/\/www.lactissima.com\/a-tire-d-ailes\/allaiter-et-travailler-le-temoignage-de-beatrice\/"},"wordCount":790,"commentCount":3,"image":{"@id":"https:\/\/www.lactissima.com\/a-tire-d-ailes\/allaiter-et-travailler-le-temoignage-de-beatrice\/#primaryimage"},"thumbnailUrl":"https:\/\/www.lactissima.com\/a-tire-d-ailes\/wp-content\/uploads\/interview1.jpg","keywords":["Allaitement et Travail","t\u00e9moignage","tire-lait"],"articleSection":["Allaitement et Travail","t\u00e9moignages"],"inLanguage":"fr-FR","potentialAction":[{"@type":"CommentAction","name":"Comment","target":["https:\/\/www.lactissima.com\/a-tire-d-ailes\/allaiter-et-travailler-le-temoignage-de-beatrice\/#respond"]}]},{"@type":"WebPage","@id":"https:\/\/www.lactissima.com\/a-tire-d-ailes\/allaiter-et-travailler-le-temoignage-de-beatrice\/","url":"https:\/\/www.lactissima.com\/a-tire-d-ailes\/allaiter-et-travailler-le-temoignage-de-beatrice\/","name":"Allaiter et travailler : le t\u00e9moignage de B\u00e9atrice","isPartOf":{"@id":"https:\/\/www.lactissima.com\/a-tire-d-ailes\/#website"},"primaryImageOfPage":{"@id":"https:\/\/www.lactissima.com\/a-tire-d-ailes\/allaiter-et-travailler-le-temoignage-de-beatrice\/#primaryimage"},"image":{"@id":"https:\/\/www.lactissima.com\/a-tire-d-ailes\/allaiter-et-travailler-le-temoignage-de-beatrice\/#primaryimage"},"thumbnailUrl":"https:\/\/www.lactissima.com\/a-tire-d-ailes\/wp-content\/uploads\/interview1.jpg","datePublished":"2009-10-31T13:36:50+00:00","dateModified":"2014-03-15T15:11:00+00:00","author":{"@id":"https:\/\/www.lactissima.com\/a-tire-d-ailes\/#\/schema\/person\/8f98d3a89530861bc1240e6d53d44eed"},"description":"Quatre b\u00e9b\u00e9s, quatre situations diff\u00e9rentes, mais toujours ce m\u00eame plaisir \u00e0 allaiter. Je referais les m\u00eames choix sans h\u00e9siter et j'esp\u00e8re bien que l'allaitement en cours, et qui sera le dernier, durera encore longtemps.","breadcrumb":{"@id":"https:\/\/www.lactissima.com\/a-tire-d-ailes\/allaiter-et-travailler-le-temoignage-de-beatrice\/#breadcrumb"},"inLanguage":"fr-FR","potentialAction":[{"@type":"ReadAction","target":["https:\/\/www.lactissima.com\/a-tire-d-ailes\/allaiter-et-travailler-le-temoignage-de-beatrice\/"]}]},{"@type":"ImageObject","inLanguage":"fr-FR","@id":"https:\/\/www.lactissima.com\/a-tire-d-ailes\/allaiter-et-travailler-le-temoignage-de-beatrice\/#primaryimage","url":"https:\/\/www.lactissima.com\/a-tire-d-ailes\/wp-content\/uploads\/interview1.jpg","contentUrl":"https:\/\/www.lactissima.com\/a-tire-d-ailes\/wp-content\/uploads\/interview1.jpg","width":"305","height":"235"},{"@type":"BreadcrumbList","@id":"https:\/\/www.lactissima.com\/a-tire-d-ailes\/allaiter-et-travailler-le-temoignage-de-beatrice\/#breadcrumb","itemListElement":[{"@type":"ListItem","position":1,"name":"Accueil","item":"https:\/\/www.lactissima.com\/a-tire-d-ailes\/"},{"@type":"ListItem","position":2,"name":"Allaiter et travailler : le t\u00e9moignage de B\u00e9atrice"}]},{"@type":"WebSite","@id":"https:\/\/www.lactissima.com\/a-tire-d-ailes\/#website","url":"https:\/\/www.lactissima.com\/a-tire-d-ailes\/","name":"A tire d&#039;Ailes","description":"Le blog des femmes qui allaitent et travaillent.","potentialAction":[{"@type":"SearchAction","target":{"@type":"EntryPoint","urlTemplate":"https:\/\/www.lactissima.com\/a-tire-d-ailes\/?s={search_term_string}"},"query-input":{"@type":"PropertyValueSpecification","valueRequired":true,"valueName":"search_term_string"}}],"inLanguage":"fr-FR"},{"@type":"Person","@id":"https:\/\/www.lactissima.com\/a-tire-d-ailes\/#\/schema\/person\/8f98d3a89530861bc1240e6d53d44eed","name":"V\u00e9ronique Darmangeat","image":{"@type":"ImageObject","inLanguage":"fr-FR","@id":"https:\/\/secure.gravatar.com\/avatar\/268c99344c89cebfe4f5df5fa8be43068a18884fc76a29f3206fae98465b9cab?s=96&d=identicon&r=g","url":"https:\/\/secure.gravatar.com\/avatar\/268c99344c89cebfe4f5df5fa8be43068a18884fc76a29f3206fae98465b9cab?s=96&d=identicon&r=g","contentUrl":"https:\/\/secure.gravatar.com\/avatar\/268c99344c89cebfe4f5df5fa8be43068a18884fc76a29f3206fae98465b9cab?s=96&d=identicon&r=g","caption":"V\u00e9ronique Darmangeat"},"sameAs":["https:\/\/www.lactissima.com\/a-tire-d-ailes","www.facebook.com\/consultante.en.lactation"]}]}},"_links":{"self":[{"href":"https:\/\/www.lactissima.com\/a-tire-d-ailes\/wp-json\/wp\/v2\/posts\/771","targetHints":{"allow":["GET"]}}],"collection":[{"href":"https:\/\/www.lactissima.com\/a-tire-d-ailes\/wp-json\/wp\/v2\/posts"}],"about":[{"href":"https:\/\/www.lactissima.com\/a-tire-d-ailes\/wp-json\/wp\/v2\/types\/post"}],"author":[{"embeddable":true,"href":"https:\/\/www.lactissima.com\/a-tire-d-ailes\/wp-json\/wp\/v2\/users\/170"}],"replies":[{"embeddable":true,"href":"https:\/\/www.lactissima.com\/a-tire-d-ailes\/wp-json\/wp\/v2\/comments?post=771"}],"version-history":[{"count":15,"href":"https:\/\/www.lactissima.com\/a-tire-d-ailes\/wp-json\/wp\/v2\/posts\/771\/revisions"}],"predecessor-version":[{"id":5539,"href":"https:\/\/www.lactissima.com\/a-tire-d-ailes\/wp-json\/wp\/v2\/posts\/771\/revisions\/5539"}],"wp:featuredmedia":[{"embeddable":true,"href":"https:\/\/www.lactissima.com\/a-tire-d-ailes\/wp-json\/wp\/v2\/media\/3523"}],"wp:attachment":[{"href":"https:\/\/www.lactissima.com\/a-tire-d-ailes\/wp-json\/wp\/v2\/media?parent=771"}],"wp:term":[{"taxonomy":"category","embeddable":true,"href":"https:\/\/www.lactissima.com\/a-tire-d-ailes\/wp-json\/wp\/v2\/categories?post=771"},{"taxonomy":"post_tag","embeddable":true,"href":"https:\/\/www.lactissima.com\/a-tire-d-ailes\/wp-json\/wp\/v2\/tags?post=771"}],"curies":[{"name":"wp","href":"https:\/\/api.w.org\/{rel}","templated":true}]}}