{"id":7694,"date":"2018-05-17T10:59:18","date_gmt":"2018-05-17T08:59:18","guid":{"rendered":"https:\/\/www.lactissima.com\/a-tire-d-ailes\/?p=7694"},"modified":"2018-05-17T10:59:18","modified_gmt":"2018-05-17T08:59:18","slug":"le-temoignage-daudrey-son-allaitement-et-sa-reprise-du-travail","status":"publish","type":"post","link":"https:\/\/www.lactissima.com\/a-tire-d-ailes\/le-temoignage-daudrey-son-allaitement-et-sa-reprise-du-travail\/","title":{"rendered":"Le t\u00e9moignage d&rsquo;Audrey : son allaitement&#8230;et sa reprise du travail"},"content":{"rendered":"<p style=\"text-align: justify;\"><img loading=\"lazy\" decoding=\"async\" class=\"alignright size-medium wp-image-4848\" src=\"https:\/\/www.lactissima.com\/a-tire-d-ailes\/wp-content\/uploads\/2013\/10\/interview-300x231.jpg\" alt=\"allaitement et travail\" width=\"300\" height=\"231\" srcset=\"https:\/\/www.lactissima.com\/a-tire-d-ailes\/wp-content\/uploads\/2013\/10\/interview-300x231.jpg 300w, https:\/\/www.lactissima.com\/a-tire-d-ailes\/wp-content\/uploads\/2013\/10\/interview.jpg 400w\" sizes=\"(max-width: 300px) 100vw, 300px\" \/>Mon allaitement a \u00e9t\u00e9, \u00e0 ses d\u00e9buts, <strong>tr\u00e8s difficile<\/strong>. Je me rappelle tr\u00e8s distinctement allaiter dans la cuisine, alors que ma petite a environ deux mois et dire \u00e0 mon mari : je crois que c\u2019est la premi\u00e8re fois que j\u2019appr\u00e9cie r\u00e9ellement cet allaitement.<\/p>\n<p style=\"text-align: justify;\">Pourquoi ai-je pers\u00e9v\u00e9r\u00e9 ? A vrai dire, je n\u2019ai pas de raison. Lorsque j\u2019\u00e9tais enceinte, je ne faisais pas de l\u2019allaitement une obsession. Je disais, b\u00eatement, \u00ab j\u2019allaiterai si je peux, on verra. \u00bb L\u2019\u00e9quipe de la maternit\u00e9 \u00e9tait g\u00e9niale et respectueuse de mon choix sur l\u2019allaitement. J\u2019avais d\u2019ailleurs un suivi un peu privil\u00e9gi\u00e9 car une tr\u00e8s bonne amie \u00e9tait auxiliaire de pu\u00e9riculture dans la clinique. Mais, la naissance de ma pitchounette s\u2019est suivi d\u2019une dispute assez profonde avec ma famille qui m\u2019a beaucoup affect\u00e9e. Je pense que cela explique les difficult\u00e9s de mise en place de la lactation.<br \/>\nToujours est-il que le 3\u00e8me jour, ma pepette avait perdu beaucoup de poids. Pour moi, je ne voulais pas mettre en balance la sant\u00e9 de mon b\u00e9b\u00e9 et la r\u00e9ussite d\u2019un allaitement. Il y a donc bien eu par ci par l\u00e0 pendant deux premi\u00e8res semaines quelques petits compl\u00e9ments. Je passais plusieurs heures par jour avec le b\u00e9b\u00e9 au sein. Quand je lisais, \u00abun nourrisson t\u00eate 7 fois par jour et dort 18 heures \u00bb\u2026 la mienne t\u00e9tait 20 min toutes les 40 minutes et n\u2019acceptait de dormir que le sein dans la bouche, sur moi, jour et nuit. L\u00e0, c\u2019\u00e9tait dur.<\/p>\n<p style=\"text-align: justify;\">Si je m\u2019examine en conscience, j\u2019ai continu\u00e9 pour 3 motifs que je veux partager :<\/p>\n<ul style=\"text-align: justify;\">\n<li>La <strong>simplicit\u00e9<\/strong>. J\u2019ai l\u00e2ch\u00e9 prise. Tout a commenc\u00e9 \u00e0 aller mieux alors que j\u2019ai arr\u00eat\u00e9 de noter les heures de d\u00e9but, de fin, sein droit, sein gauche\u2026 Rien que de parler de cette feuille, pfff\u2026 et, j\u2019ai envoy\u00e9 balader soutien-gorge voire tee-shirt ! C\u2019\u00e9tait tellement plus simple. R\u00e9sonnent en moi, les mots l\u00e2ch\u00e9s par la sage-femme \u00e0 mon d\u00e9part (alors que je n\u2019arrivais pas \u00e0 faire t\u00e9ter \u00e0 droite) : \u00ab l\u2019allaitement, c\u2019est pour les mamans cools \u00bb.<\/li>\n<li>La <strong>conviction intime<\/strong> que \u00e7a ne serait pas plus facile avec un biberon. Et honn\u00eatement, l\u2019allaitement c\u2019est LA solution de facilit\u00e9. Je n\u2019imagine pas aujourd\u2019hui devoir me lever \u00e0 3 heures du matin pour pr\u00e9parer un biberon ! Ma fille est un b\u00e9b\u00e9 qui n\u2019a presque pas pleur\u00e9, que je pouvais amener partout : la solution simple \u00e0 tout \u00e9tait de la mettre au sein. C\u2019est ce qu\u2019elle voulait et rien d\u2019autre. Je suis son doudou, c\u2019est parfois contraignant mais c\u2019est un grand honneur et au fond, c\u2019est quand m\u00eame plus logique qu\u2019elle veuille sa maman plut\u00f4t qu\u2019un bout de plastique ou qu\u2019une poup\u00e9e (pas faute d\u2019avoir essay\u00e9).<br \/>\nOn a une image de l\u2019allaitement comme choix de maman plut\u00f4t casani\u00e8re, mais la r\u00e9alit\u00e9 c\u2019est qu\u2019allaiter est le mode d\u2019alimentation le plus rassurant et le plus pratique quand on est une maman nomade. Je pars dans la journ\u00e9e quand je veux, je peux la nourrir partout, sans pr\u00e9paratif. Je peux aller quelque part et d\u00e9cider de ne pas rentrer manger chez moi. Si ma p\u00e9pette a des selles liquides, rem\u00e8de : t\u00e9t\u00e9e ; si elle est constip\u00e9e : t\u00e9t\u00e9e ; si elle a de la fi\u00e8vre : t\u00e9t\u00e9e. C\u2019est pas magique ?<\/li>\n<li><strong>Mon mari est pro-allaitement.<\/strong> Ainsi que ma m\u00e8re. Aucun des deux ne m\u2019a pouss\u00e9 \u00e0 continuer. Ils m\u2019ont m\u00eame dit, \u00ab arr\u00eate, si c\u2019est pour mal le vivre \u00bb. Mais, je savais qu\u2019ils y \u00e9taient favorables. Je savais qu\u2019ils pensaient que c\u2019\u00e9tait le mieux pour pitchounette. A ceux qui pensent que le p\u00e8re est mis de c\u00f4t\u00e9 : il est vrai qu\u2019il n&rsquo;y avait que moi pour apaiser notre fille lorsqu\u2019elle \u00e9tait nourrisson. A quelques mois d\u00e9j\u00e0, ce n\u2019\u00e9tait plus le cas. Mon mari a pris un cong\u00e9s parental de 5 mois. Il a pris ma rel\u00e8ve lorsque j\u2019ai repris le travail, tout en allaitant.<\/li>\n<\/ul>\n<p style=\"text-align: justify;\"><strong>Comment s\u2019est pass\u00e9 ma reprise ? <\/strong><\/p>\n<p style=\"text-align: justify;\">Jamais je n\u2019aurais pens\u00e9 reprendre le travail et continuer \u00e0 allaiter. Pour moi, il \u00e9tait clair que le sevrage s\u2019imposerait avec la reprise.<\/p>\n<p style=\"text-align: justify;\">Nous sommes partis en vacances en Croatie juste avant ma reprise et pour moi, il \u00e9tait impensable de la sevrer \u00e0 8 mois, en pleine crise de la s\u00e9paration, pendant des vacances o\u00f9 l\u2019on est bien content de ne pas se tra\u00eener pack d\u2019eau, lait artificiel et biberon\u2026 C\u2019est votre site qui m\u2019a montr\u00e9 que c\u2019\u00e9tait possible.<\/p>\n<p style=\"text-align: justify;\">La p\u00e9diatre m\u2019a dit : un laitage en plus \u00e0 midi et un laitage au go\u00fbter. J\u2019avoue qu\u2019on ne le fait pas vraiment car elle n\u2019est pas fan (mais vu tout le fromage qu\u2019elle s\u2019engouffre je ne me fais pas de souci). Pas de biberon. Elle \u00e9tait diversifi\u00e9e depuis ses 6 mois. J\u2019ai donc continu\u00e9 l\u2019allaitement \u00e0 la demande quand j\u2019\u00e9tais l\u00e0, et les jours de travail \u00e0 minima une t\u00e9t\u00e9e le matin et le soir. Quand j\u2019ai repris le travail, j\u2019avais 7 poches de lait congel\u00e9 au cas o\u00f9 je partirais t\u00f4t ou rentrerais tard. Je n\u2019ai jamais tir\u00e9 mon lait au travail.<\/p>\n<p style=\"text-align: justify;\">Aujourd\u2019hui, Pitchounette a plus d\u2019un an (et quelques jours). Je l\u2019allaite encore. Je ne sais pas quand j\u2019arr\u00eaterai. Demain ? Dans 2 mois ? Dans 6 mois ? Plus ?<\/p>\n<p><strong>Articles en rapport :<\/strong><\/p>\n<ul>\n<li>Voir l\u2019onglet\u00a0<a href=\"https:\/\/www.lactissima.com\/a-tire-d-ailes\/temoignages-travail-et-allaitement\/\" target=\"_blank\" rel=\"noopener noreferrer\">t\u00e9moignages<\/a><\/li>\n<\/ul>\n<p>&nbsp;<\/p>\n<div class='et-box et-shadow'>\n\t\t\t\t\t<div class='et-box-content'>Lire des articles ou poser des questions en commentaire ne suffit pas \u00e0 r\u00e9soudre votre probl\u00e8me ? Savez-vous que vous pouvez prendre RDV pour une consultation avec moi ? N&rsquo;h\u00e9sitez pas \u00e0 me contacter !<\/div><\/div>\n","protected":false},"excerpt":{"rendered":"<p>Mon allaitement a \u00e9t\u00e9, \u00e0 ses d\u00e9buts, tr\u00e8s difficile. Je me rappelle tr\u00e8s distinctement allaiter dans la cuisine, alors que ma petite a environ deux mois et dire \u00e0 mon mari : je crois que c\u2019est la premi\u00e8re fois que j\u2019appr\u00e9cie r\u00e9ellement cet allaitement. Pourquoi ai-je pers\u00e9v\u00e9r\u00e9 ? A vrai dire, je n\u2019ai pas de [&hellip;]<\/p>\n","protected":false},"author":170,"featured_media":4848,"comment_status":"open","ping_status":"open","sticky":false,"template":"","format":"standard","meta":{"_et_pb_use_builder":"","_et_pb_old_content":"","_et_gb_content_width":"","footnotes":""},"categories":[150],"tags":[],"class_list":["post-7694","post","type-post","status-publish","format-standard","has-post-thumbnail","hentry","category-temoignages"],"yoast_head":"<!-- This site is optimized with the Yoast SEO plugin v27.4 - https:\/\/yoast.com\/product\/yoast-seo-wordpress\/ -->\n<title>Le t\u00e9moignage d&#039;Audrey : son allaitement...et sa reprise du travail<\/title>\n<meta name=\"description\" content=\"Audrey a d\u00e9marr\u00e9 un allaitement compliqu\u00e9. A la reprise du travail, elle a poursuivi l&#039;allaitement, sans tirer son lait.\" \/>\n<meta name=\"robots\" content=\"index, follow, max-snippet:-1, max-image-preview:large, max-video-preview:-1\" \/>\n<link rel=\"canonical\" href=\"https:\/\/www.lactissima.com\/a-tire-d-ailes\/le-temoignage-daudrey-son-allaitement-et-sa-reprise-du-travail\/\" \/>\n<meta property=\"og:locale\" content=\"fr_FR\" \/>\n<meta property=\"og:type\" content=\"article\" \/>\n<meta property=\"og:title\" content=\"Le t\u00e9moignage d&#039;Audrey : son allaitement...et sa reprise du travail\" \/>\n<meta property=\"og:description\" content=\"Audrey a d\u00e9marr\u00e9 un allaitement compliqu\u00e9. A la reprise du travail, elle a poursuivi l&#039;allaitement, sans tirer son lait.\" \/>\n<meta property=\"og:url\" content=\"https:\/\/www.lactissima.com\/a-tire-d-ailes\/le-temoignage-daudrey-son-allaitement-et-sa-reprise-du-travail\/\" \/>\n<meta property=\"og:site_name\" content=\"A tire d&#039;Ailes\" \/>\n<meta property=\"article:publisher\" content=\"https:\/\/www.facebook.com\/consultante.en.lactation\" \/>\n<meta property=\"article:author\" content=\"www.facebook.com\/consultante.en.lactation\" \/>\n<meta property=\"article:published_time\" content=\"2018-05-17T08:59:18+00:00\" \/>\n<meta property=\"og:image\" content=\"https:\/\/www.lactissima.com\/a-tire-d-ailes\/wp-content\/uploads\/2013\/10\/interview.jpg\" \/>\n\t<meta property=\"og:image:width\" content=\"400\" \/>\n\t<meta property=\"og:image:height\" content=\"308\" \/>\n\t<meta property=\"og:image:type\" content=\"image\/jpeg\" \/>\n<meta name=\"author\" content=\"V\u00e9ronique Darmangeat\" \/>\n<meta name=\"twitter:card\" content=\"summary_large_image\" \/>\n<meta name=\"twitter:creator\" content=\"@VeroniqueIBCLC\" \/>\n<meta name=\"twitter:site\" content=\"@VeroniqueIBCLC\" \/>\n<meta name=\"twitter:label1\" content=\"\u00c9crit par\" \/>\n\t<meta name=\"twitter:data1\" content=\"V\u00e9ronique Darmangeat\" \/>\n\t<meta name=\"twitter:label2\" content=\"Dur\u00e9e de lecture estim\u00e9e\" \/>\n\t<meta name=\"twitter:data2\" content=\"5 minutes\" \/>\n<script type=\"application\/ld+json\" class=\"yoast-schema-graph\">{\"@context\":\"https:\\\/\\\/schema.org\",\"@graph\":[{\"@type\":\"Article\",\"@id\":\"https:\\\/\\\/www.lactissima.com\\\/a-tire-d-ailes\\\/le-temoignage-daudrey-son-allaitement-et-sa-reprise-du-travail\\\/#article\",\"isPartOf\":{\"@id\":\"https:\\\/\\\/www.lactissima.com\\\/a-tire-d-ailes\\\/le-temoignage-daudrey-son-allaitement-et-sa-reprise-du-travail\\\/\"},\"author\":{\"name\":\"V\u00e9ronique Darmangeat\",\"@id\":\"https:\\\/\\\/www.lactissima.com\\\/a-tire-d-ailes\\\/#\\\/schema\\\/person\\\/8f98d3a89530861bc1240e6d53d44eed\"},\"headline\":\"Le t\u00e9moignage d&rsquo;Audrey : son allaitement&#8230;et sa reprise du travail\",\"datePublished\":\"2018-05-17T08:59:18+00:00\",\"mainEntityOfPage\":{\"@id\":\"https:\\\/\\\/www.lactissima.com\\\/a-tire-d-ailes\\\/le-temoignage-daudrey-son-allaitement-et-sa-reprise-du-travail\\\/\"},\"wordCount\":1017,\"commentCount\":4,\"image\":{\"@id\":\"https:\\\/\\\/www.lactissima.com\\\/a-tire-d-ailes\\\/le-temoignage-daudrey-son-allaitement-et-sa-reprise-du-travail\\\/#primaryimage\"},\"thumbnailUrl\":\"https:\\\/\\\/www.lactissima.com\\\/a-tire-d-ailes\\\/wp-content\\\/uploads\\\/2013\\\/10\\\/interview.jpg\",\"articleSection\":[\"t\u00e9moignages\"],\"inLanguage\":\"fr-FR\",\"potentialAction\":[{\"@type\":\"CommentAction\",\"name\":\"Comment\",\"target\":[\"https:\\\/\\\/www.lactissima.com\\\/a-tire-d-ailes\\\/le-temoignage-daudrey-son-allaitement-et-sa-reprise-du-travail\\\/#respond\"]}]},{\"@type\":\"WebPage\",\"@id\":\"https:\\\/\\\/www.lactissima.com\\\/a-tire-d-ailes\\\/le-temoignage-daudrey-son-allaitement-et-sa-reprise-du-travail\\\/\",\"url\":\"https:\\\/\\\/www.lactissima.com\\\/a-tire-d-ailes\\\/le-temoignage-daudrey-son-allaitement-et-sa-reprise-du-travail\\\/\",\"name\":\"Le t\u00e9moignage d'Audrey : son allaitement...et sa reprise du travail\",\"isPartOf\":{\"@id\":\"https:\\\/\\\/www.lactissima.com\\\/a-tire-d-ailes\\\/#website\"},\"primaryImageOfPage\":{\"@id\":\"https:\\\/\\\/www.lactissima.com\\\/a-tire-d-ailes\\\/le-temoignage-daudrey-son-allaitement-et-sa-reprise-du-travail\\\/#primaryimage\"},\"image\":{\"@id\":\"https:\\\/\\\/www.lactissima.com\\\/a-tire-d-ailes\\\/le-temoignage-daudrey-son-allaitement-et-sa-reprise-du-travail\\\/#primaryimage\"},\"thumbnailUrl\":\"https:\\\/\\\/www.lactissima.com\\\/a-tire-d-ailes\\\/wp-content\\\/uploads\\\/2013\\\/10\\\/interview.jpg\",\"datePublished\":\"2018-05-17T08:59:18+00:00\",\"author\":{\"@id\":\"https:\\\/\\\/www.lactissima.com\\\/a-tire-d-ailes\\\/#\\\/schema\\\/person\\\/8f98d3a89530861bc1240e6d53d44eed\"},\"description\":\"Audrey a d\u00e9marr\u00e9 un allaitement compliqu\u00e9. A la reprise du travail, elle a poursuivi l'allaitement, sans tirer son lait.\",\"breadcrumb\":{\"@id\":\"https:\\\/\\\/www.lactissima.com\\\/a-tire-d-ailes\\\/le-temoignage-daudrey-son-allaitement-et-sa-reprise-du-travail\\\/#breadcrumb\"},\"inLanguage\":\"fr-FR\",\"potentialAction\":[{\"@type\":\"ReadAction\",\"target\":[\"https:\\\/\\\/www.lactissima.com\\\/a-tire-d-ailes\\\/le-temoignage-daudrey-son-allaitement-et-sa-reprise-du-travail\\\/\"]}]},{\"@type\":\"ImageObject\",\"inLanguage\":\"fr-FR\",\"@id\":\"https:\\\/\\\/www.lactissima.com\\\/a-tire-d-ailes\\\/le-temoignage-daudrey-son-allaitement-et-sa-reprise-du-travail\\\/#primaryimage\",\"url\":\"https:\\\/\\\/www.lactissima.com\\\/a-tire-d-ailes\\\/wp-content\\\/uploads\\\/2013\\\/10\\\/interview.jpg\",\"contentUrl\":\"https:\\\/\\\/www.lactissima.com\\\/a-tire-d-ailes\\\/wp-content\\\/uploads\\\/2013\\\/10\\\/interview.jpg\",\"width\":400,\"height\":308,\"caption\":\"allaitement et travail\"},{\"@type\":\"BreadcrumbList\",\"@id\":\"https:\\\/\\\/www.lactissima.com\\\/a-tire-d-ailes\\\/le-temoignage-daudrey-son-allaitement-et-sa-reprise-du-travail\\\/#breadcrumb\",\"itemListElement\":[{\"@type\":\"ListItem\",\"position\":1,\"name\":\"Accueil\",\"item\":\"https:\\\/\\\/www.lactissima.com\\\/a-tire-d-ailes\\\/\"},{\"@type\":\"ListItem\",\"position\":2,\"name\":\"Le t\u00e9moignage d&rsquo;Audrey : son allaitement&#8230;et sa reprise du travail\"}]},{\"@type\":\"WebSite\",\"@id\":\"https:\\\/\\\/www.lactissima.com\\\/a-tire-d-ailes\\\/#website\",\"url\":\"https:\\\/\\\/www.lactissima.com\\\/a-tire-d-ailes\\\/\",\"name\":\"A tire d&#039;Ailes\",\"description\":\"Le blog des femmes qui allaitent et travaillent.\",\"potentialAction\":[{\"@type\":\"SearchAction\",\"target\":{\"@type\":\"EntryPoint\",\"urlTemplate\":\"https:\\\/\\\/www.lactissima.com\\\/a-tire-d-ailes\\\/?s={search_term_string}\"},\"query-input\":{\"@type\":\"PropertyValueSpecification\",\"valueRequired\":true,\"valueName\":\"search_term_string\"}}],\"inLanguage\":\"fr-FR\"},{\"@type\":\"Person\",\"@id\":\"https:\\\/\\\/www.lactissima.com\\\/a-tire-d-ailes\\\/#\\\/schema\\\/person\\\/8f98d3a89530861bc1240e6d53d44eed\",\"name\":\"V\u00e9ronique Darmangeat\",\"image\":{\"@type\":\"ImageObject\",\"inLanguage\":\"fr-FR\",\"@id\":\"https:\\\/\\\/secure.gravatar.com\\\/avatar\\\/268c99344c89cebfe4f5df5fa8be43068a18884fc76a29f3206fae98465b9cab?s=96&d=identicon&r=g\",\"url\":\"https:\\\/\\\/secure.gravatar.com\\\/avatar\\\/268c99344c89cebfe4f5df5fa8be43068a18884fc76a29f3206fae98465b9cab?s=96&d=identicon&r=g\",\"contentUrl\":\"https:\\\/\\\/secure.gravatar.com\\\/avatar\\\/268c99344c89cebfe4f5df5fa8be43068a18884fc76a29f3206fae98465b9cab?s=96&d=identicon&r=g\",\"caption\":\"V\u00e9ronique Darmangeat\"},\"sameAs\":[\"https:\\\/\\\/www.lactissima.com\\\/a-tire-d-ailes\",\"www.facebook.com\\\/consultante.en.lactation\"]}]}<\/script>\n<!-- \/ Yoast SEO plugin. -->","yoast_head_json":{"title":"Le t\u00e9moignage d'Audrey : son allaitement...et sa reprise du travail","description":"Audrey a d\u00e9marr\u00e9 un allaitement compliqu\u00e9. A la reprise du travail, elle a poursuivi l'allaitement, sans tirer son lait.","robots":{"index":"index","follow":"follow","max-snippet":"max-snippet:-1","max-image-preview":"max-image-preview:large","max-video-preview":"max-video-preview:-1"},"canonical":"https:\/\/www.lactissima.com\/a-tire-d-ailes\/le-temoignage-daudrey-son-allaitement-et-sa-reprise-du-travail\/","og_locale":"fr_FR","og_type":"article","og_title":"Le t\u00e9moignage d'Audrey : son allaitement...et sa reprise du travail","og_description":"Audrey a d\u00e9marr\u00e9 un allaitement compliqu\u00e9. A la reprise du travail, elle a poursuivi l'allaitement, sans tirer son lait.","og_url":"https:\/\/www.lactissima.com\/a-tire-d-ailes\/le-temoignage-daudrey-son-allaitement-et-sa-reprise-du-travail\/","og_site_name":"A tire d&#039;Ailes","article_publisher":"https:\/\/www.facebook.com\/consultante.en.lactation","article_author":"www.facebook.com\/consultante.en.lactation","article_published_time":"2018-05-17T08:59:18+00:00","og_image":[{"width":400,"height":308,"url":"https:\/\/www.lactissima.com\/a-tire-d-ailes\/wp-content\/uploads\/2013\/10\/interview.jpg","type":"image\/jpeg"}],"author":"V\u00e9ronique Darmangeat","twitter_card":"summary_large_image","twitter_creator":"@VeroniqueIBCLC","twitter_site":"@VeroniqueIBCLC","twitter_misc":{"\u00c9crit par":"V\u00e9ronique Darmangeat","Dur\u00e9e de lecture estim\u00e9e":"5 minutes"},"schema":{"@context":"https:\/\/schema.org","@graph":[{"@type":"Article","@id":"https:\/\/www.lactissima.com\/a-tire-d-ailes\/le-temoignage-daudrey-son-allaitement-et-sa-reprise-du-travail\/#article","isPartOf":{"@id":"https:\/\/www.lactissima.com\/a-tire-d-ailes\/le-temoignage-daudrey-son-allaitement-et-sa-reprise-du-travail\/"},"author":{"name":"V\u00e9ronique Darmangeat","@id":"https:\/\/www.lactissima.com\/a-tire-d-ailes\/#\/schema\/person\/8f98d3a89530861bc1240e6d53d44eed"},"headline":"Le t\u00e9moignage d&rsquo;Audrey : son allaitement&#8230;et sa reprise du travail","datePublished":"2018-05-17T08:59:18+00:00","mainEntityOfPage":{"@id":"https:\/\/www.lactissima.com\/a-tire-d-ailes\/le-temoignage-daudrey-son-allaitement-et-sa-reprise-du-travail\/"},"wordCount":1017,"commentCount":4,"image":{"@id":"https:\/\/www.lactissima.com\/a-tire-d-ailes\/le-temoignage-daudrey-son-allaitement-et-sa-reprise-du-travail\/#primaryimage"},"thumbnailUrl":"https:\/\/www.lactissima.com\/a-tire-d-ailes\/wp-content\/uploads\/2013\/10\/interview.jpg","articleSection":["t\u00e9moignages"],"inLanguage":"fr-FR","potentialAction":[{"@type":"CommentAction","name":"Comment","target":["https:\/\/www.lactissima.com\/a-tire-d-ailes\/le-temoignage-daudrey-son-allaitement-et-sa-reprise-du-travail\/#respond"]}]},{"@type":"WebPage","@id":"https:\/\/www.lactissima.com\/a-tire-d-ailes\/le-temoignage-daudrey-son-allaitement-et-sa-reprise-du-travail\/","url":"https:\/\/www.lactissima.com\/a-tire-d-ailes\/le-temoignage-daudrey-son-allaitement-et-sa-reprise-du-travail\/","name":"Le t\u00e9moignage d'Audrey : son allaitement...et sa reprise du travail","isPartOf":{"@id":"https:\/\/www.lactissima.com\/a-tire-d-ailes\/#website"},"primaryImageOfPage":{"@id":"https:\/\/www.lactissima.com\/a-tire-d-ailes\/le-temoignage-daudrey-son-allaitement-et-sa-reprise-du-travail\/#primaryimage"},"image":{"@id":"https:\/\/www.lactissima.com\/a-tire-d-ailes\/le-temoignage-daudrey-son-allaitement-et-sa-reprise-du-travail\/#primaryimage"},"thumbnailUrl":"https:\/\/www.lactissima.com\/a-tire-d-ailes\/wp-content\/uploads\/2013\/10\/interview.jpg","datePublished":"2018-05-17T08:59:18+00:00","author":{"@id":"https:\/\/www.lactissima.com\/a-tire-d-ailes\/#\/schema\/person\/8f98d3a89530861bc1240e6d53d44eed"},"description":"Audrey a d\u00e9marr\u00e9 un allaitement compliqu\u00e9. A la reprise du travail, elle a poursuivi l'allaitement, sans tirer son lait.","breadcrumb":{"@id":"https:\/\/www.lactissima.com\/a-tire-d-ailes\/le-temoignage-daudrey-son-allaitement-et-sa-reprise-du-travail\/#breadcrumb"},"inLanguage":"fr-FR","potentialAction":[{"@type":"ReadAction","target":["https:\/\/www.lactissima.com\/a-tire-d-ailes\/le-temoignage-daudrey-son-allaitement-et-sa-reprise-du-travail\/"]}]},{"@type":"ImageObject","inLanguage":"fr-FR","@id":"https:\/\/www.lactissima.com\/a-tire-d-ailes\/le-temoignage-daudrey-son-allaitement-et-sa-reprise-du-travail\/#primaryimage","url":"https:\/\/www.lactissima.com\/a-tire-d-ailes\/wp-content\/uploads\/2013\/10\/interview.jpg","contentUrl":"https:\/\/www.lactissima.com\/a-tire-d-ailes\/wp-content\/uploads\/2013\/10\/interview.jpg","width":400,"height":308,"caption":"allaitement et travail"},{"@type":"BreadcrumbList","@id":"https:\/\/www.lactissima.com\/a-tire-d-ailes\/le-temoignage-daudrey-son-allaitement-et-sa-reprise-du-travail\/#breadcrumb","itemListElement":[{"@type":"ListItem","position":1,"name":"Accueil","item":"https:\/\/www.lactissima.com\/a-tire-d-ailes\/"},{"@type":"ListItem","position":2,"name":"Le t\u00e9moignage d&rsquo;Audrey : son allaitement&#8230;et sa reprise du travail"}]},{"@type":"WebSite","@id":"https:\/\/www.lactissima.com\/a-tire-d-ailes\/#website","url":"https:\/\/www.lactissima.com\/a-tire-d-ailes\/","name":"A tire d&#039;Ailes","description":"Le blog des femmes qui allaitent et travaillent.","potentialAction":[{"@type":"SearchAction","target":{"@type":"EntryPoint","urlTemplate":"https:\/\/www.lactissima.com\/a-tire-d-ailes\/?s={search_term_string}"},"query-input":{"@type":"PropertyValueSpecification","valueRequired":true,"valueName":"search_term_string"}}],"inLanguage":"fr-FR"},{"@type":"Person","@id":"https:\/\/www.lactissima.com\/a-tire-d-ailes\/#\/schema\/person\/8f98d3a89530861bc1240e6d53d44eed","name":"V\u00e9ronique Darmangeat","image":{"@type":"ImageObject","inLanguage":"fr-FR","@id":"https:\/\/secure.gravatar.com\/avatar\/268c99344c89cebfe4f5df5fa8be43068a18884fc76a29f3206fae98465b9cab?s=96&d=identicon&r=g","url":"https:\/\/secure.gravatar.com\/avatar\/268c99344c89cebfe4f5df5fa8be43068a18884fc76a29f3206fae98465b9cab?s=96&d=identicon&r=g","contentUrl":"https:\/\/secure.gravatar.com\/avatar\/268c99344c89cebfe4f5df5fa8be43068a18884fc76a29f3206fae98465b9cab?s=96&d=identicon&r=g","caption":"V\u00e9ronique Darmangeat"},"sameAs":["https:\/\/www.lactissima.com\/a-tire-d-ailes","www.facebook.com\/consultante.en.lactation"]}]}},"_links":{"self":[{"href":"https:\/\/www.lactissima.com\/a-tire-d-ailes\/wp-json\/wp\/v2\/posts\/7694","targetHints":{"allow":["GET"]}}],"collection":[{"href":"https:\/\/www.lactissima.com\/a-tire-d-ailes\/wp-json\/wp\/v2\/posts"}],"about":[{"href":"https:\/\/www.lactissima.com\/a-tire-d-ailes\/wp-json\/wp\/v2\/types\/post"}],"author":[{"embeddable":true,"href":"https:\/\/www.lactissima.com\/a-tire-d-ailes\/wp-json\/wp\/v2\/users\/170"}],"replies":[{"embeddable":true,"href":"https:\/\/www.lactissima.com\/a-tire-d-ailes\/wp-json\/wp\/v2\/comments?post=7694"}],"version-history":[{"count":1,"href":"https:\/\/www.lactissima.com\/a-tire-d-ailes\/wp-json\/wp\/v2\/posts\/7694\/revisions"}],"predecessor-version":[{"id":7695,"href":"https:\/\/www.lactissima.com\/a-tire-d-ailes\/wp-json\/wp\/v2\/posts\/7694\/revisions\/7695"}],"wp:featuredmedia":[{"embeddable":true,"href":"https:\/\/www.lactissima.com\/a-tire-d-ailes\/wp-json\/wp\/v2\/media\/4848"}],"wp:attachment":[{"href":"https:\/\/www.lactissima.com\/a-tire-d-ailes\/wp-json\/wp\/v2\/media?parent=7694"}],"wp:term":[{"taxonomy":"category","embeddable":true,"href":"https:\/\/www.lactissima.com\/a-tire-d-ailes\/wp-json\/wp\/v2\/categories?post=7694"},{"taxonomy":"post_tag","embeddable":true,"href":"https:\/\/www.lactissima.com\/a-tire-d-ailes\/wp-json\/wp\/v2\/tags?post=7694"}],"curies":[{"name":"wp","href":"https:\/\/api.w.org\/{rel}","templated":true}]}}