{"id":764,"date":"2009-10-14T09:53:39","date_gmt":"2009-10-14T07:53:39","guid":{"rendered":"https:\/\/www.lactissima.com\/a-tire-d-ailes\/?p=764"},"modified":"2016-11-30T09:51:02","modified_gmt":"2016-11-30T08:51:02","slug":"rencontre-avec-le-pr-peter-hartmann","status":"publish","type":"post","link":"https:\/\/www.lactissima.com\/a-tire-d-ailes\/rencontre-avec-le-pr-peter-hartmann\/","title":{"rendered":"Rencontre avec le Pr Peter Hartmann"},"content":{"rendered":"<p style=\"text-align: justify;\"><img loading=\"lazy\" decoding=\"async\" class=\"alignleft size-full wp-image-765\" title=\"Pr Hartmann\" alt=\"professorhartmann\" src=\"https:\/\/www.lactissima.com\/a-tire-d-ailes\/wp-content\/uploads\/professorhartmann.jpeg\" width=\"121\" height=\"149\" \/>Ce <strong>vendredi<\/strong>, je me rends \u00e0 Angers \u00e0 un symposium sur l&rsquo;allaitement et la <strong>lactation<\/strong> humaine. L&rsquo;\u00e9quipe du professeur <strong>Hartmann <\/strong>est invit\u00e9e et mise \u00e0 l&rsquo;honneur.<\/p>\n<p style=\"text-align: justify;\">Le professeur Hartmann est certainement le <strong>meilleur sp\u00e9cialiste au monde<\/strong> du <strong>fonctionnement <\/strong>du sein pendant la p\u00e9riode de l&rsquo;allaitement.<\/p>\n<p style=\"text-align: justify;\">En tant que <strong>r\u00e9dactrice <\/strong>de ce blog, j&rsquo;ai \u00e9t\u00e9 invit\u00e9e comme <strong>journaliste <\/strong>\u00e0 participer \u00e0 la <strong>conf\u00e9rence de presse<\/strong> qui suit le symposium. Je vais donc avoir la possibilit\u00e9 de poser des <strong>questions <\/strong>au professeur Hartmann et \u00e0 son \u00e9quipe.<br \/>\nJe vous ferai bien s\u00fbr un <strong>compte-rendu<\/strong> ici ; mais je souhaiterais savoir si <strong>vous aussi<\/strong>, vous avez des <strong>questions <\/strong>\u00e0 lui poser, que je me chargerai de transmettre.<\/p>\n<p style=\"text-align: justify;\">Alors n&rsquo;h\u00e9sitez pas : <strong>\u00e0 vos questions <\/strong>&#8230;<\/p>\n<p>&nbsp;<\/p>\n","protected":false},"excerpt":{"rendered":"<p>Ce vendredi, je me rends \u00e0 Angers \u00e0 un symposium sur l&rsquo;allaitement et la lactation humaine. L&rsquo;\u00e9quipe du professeur Hartmann est invit\u00e9e et mise \u00e0 l&rsquo;honneur.<\/p>\n","protected":false},"author":170,"featured_media":765,"comment_status":"open","ping_status":"open","sticky":false,"template":"","format":"standard","meta":{"_et_pb_use_builder":"","_et_pb_old_content":"","_et_gb_content_width":"","footnotes":""},"categories":[34],"tags":[154,155,156],"class_list":["post-764","post","type-post","status-publish","format-standard","has-post-thumbnail","hentry","category-actualites","tag-hartmann","tag-lactation","tag-symposium"],"yoast_head":"<!-- This site is optimized with the Yoast SEO plugin v27.4 - https:\/\/yoast.com\/product\/yoast-seo-wordpress\/ -->\n<title>Rencontre avec le Pr Peter Hartmann<\/title>\n<meta name=\"description\" content=\"Ce vendredi, je me rends \u00e0 Angers \u00e0 un symposium sur l&#039;allaitement et la lactation humaine. L&#039;\u00e9quipe du professeur Hartmann est invit\u00e9e et mise \u00e0 l&#039;honneur.\" \/>\n<meta name=\"robots\" content=\"index, follow, max-snippet:-1, max-image-preview:large, max-video-preview:-1\" \/>\n<link rel=\"canonical\" href=\"https:\/\/www.lactissima.com\/a-tire-d-ailes\/rencontre-avec-le-pr-peter-hartmann\/\" \/>\n<meta property=\"og:locale\" content=\"fr_FR\" \/>\n<meta property=\"og:type\" content=\"article\" \/>\n<meta property=\"og:title\" content=\"Rencontre avec le Pr Peter Hartmann\" \/>\n<meta property=\"og:description\" content=\"Ce vendredi, je me rends \u00e0 Angers \u00e0 un symposium sur l&#039;allaitement et la lactation humaine. L&#039;\u00e9quipe du professeur Hartmann est invit\u00e9e et mise \u00e0 l&#039;honneur.\" \/>\n<meta property=\"og:url\" content=\"https:\/\/www.lactissima.com\/a-tire-d-ailes\/rencontre-avec-le-pr-peter-hartmann\/\" \/>\n<meta property=\"og:site_name\" content=\"A tire d&#039;Ailes\" \/>\n<meta property=\"article:publisher\" content=\"https:\/\/www.facebook.com\/consultante.en.lactation\" \/>\n<meta property=\"article:author\" content=\"www.facebook.com\/consultante.en.lactation\" \/>\n<meta property=\"article:published_time\" content=\"2009-10-14T07:53:39+00:00\" \/>\n<meta property=\"article:modified_time\" content=\"2016-11-30T08:51:02+00:00\" \/>\n<meta property=\"og:image\" content=\"https:\/\/www.lactissima.com\/a-tire-d-ailes\/wp-content\/uploads\/professorhartmann.jpeg\" \/>\n\t<meta property=\"og:image:width\" content=\"121\" \/>\n\t<meta property=\"og:image:height\" content=\"149\" \/>\n\t<meta property=\"og:image:type\" content=\"image\/jpeg\" \/>\n<meta name=\"author\" content=\"V\u00e9ronique Darmangeat\" \/>\n<meta name=\"twitter:card\" content=\"summary_large_image\" \/>\n<meta name=\"twitter:creator\" content=\"@VeroniqueIBCLC\" \/>\n<meta name=\"twitter:site\" content=\"@VeroniqueIBCLC\" \/>\n<meta name=\"twitter:label1\" content=\"\u00c9crit par\" \/>\n\t<meta name=\"twitter:data1\" content=\"V\u00e9ronique Darmangeat\" \/>\n\t<meta name=\"twitter:label2\" content=\"Dur\u00e9e de lecture estim\u00e9e\" \/>\n\t<meta name=\"twitter:data2\" content=\"1 minute\" \/>\n<script type=\"application\/ld+json\" class=\"yoast-schema-graph\">{\"@context\":\"https:\\\/\\\/schema.org\",\"@graph\":[{\"@type\":\"Article\",\"@id\":\"https:\\\/\\\/www.lactissima.com\\\/a-tire-d-ailes\\\/rencontre-avec-le-pr-peter-hartmann\\\/#article\",\"isPartOf\":{\"@id\":\"https:\\\/\\\/www.lactissima.com\\\/a-tire-d-ailes\\\/rencontre-avec-le-pr-peter-hartmann\\\/\"},\"author\":{\"name\":\"V\u00e9ronique Darmangeat\",\"@id\":\"https:\\\/\\\/www.lactissima.com\\\/a-tire-d-ailes\\\/#\\\/schema\\\/person\\\/8f98d3a89530861bc1240e6d53d44eed\"},\"headline\":\"Rencontre avec le Pr Peter Hartmann\",\"datePublished\":\"2009-10-14T07:53:39+00:00\",\"dateModified\":\"2016-11-30T08:51:02+00:00\",\"mainEntityOfPage\":{\"@id\":\"https:\\\/\\\/www.lactissima.com\\\/a-tire-d-ailes\\\/rencontre-avec-le-pr-peter-hartmann\\\/\"},\"wordCount\":132,\"commentCount\":5,\"image\":{\"@id\":\"https:\\\/\\\/www.lactissima.com\\\/a-tire-d-ailes\\\/rencontre-avec-le-pr-peter-hartmann\\\/#primaryimage\"},\"thumbnailUrl\":\"https:\\\/\\\/www.lactissima.com\\\/a-tire-d-ailes\\\/wp-content\\\/uploads\\\/professorhartmann.jpeg\",\"keywords\":[\"hartmann\",\"lactation\",\"symposium\"],\"articleSection\":[\"Actualit\u00e9s\"],\"inLanguage\":\"fr-FR\",\"potentialAction\":[{\"@type\":\"CommentAction\",\"name\":\"Comment\",\"target\":[\"https:\\\/\\\/www.lactissima.com\\\/a-tire-d-ailes\\\/rencontre-avec-le-pr-peter-hartmann\\\/#respond\"]}]},{\"@type\":\"WebPage\",\"@id\":\"https:\\\/\\\/www.lactissima.com\\\/a-tire-d-ailes\\\/rencontre-avec-le-pr-peter-hartmann\\\/\",\"url\":\"https:\\\/\\\/www.lactissima.com\\\/a-tire-d-ailes\\\/rencontre-avec-le-pr-peter-hartmann\\\/\",\"name\":\"Rencontre avec le Pr Peter Hartmann\",\"isPartOf\":{\"@id\":\"https:\\\/\\\/www.lactissima.com\\\/a-tire-d-ailes\\\/#website\"},\"primaryImageOfPage\":{\"@id\":\"https:\\\/\\\/www.lactissima.com\\\/a-tire-d-ailes\\\/rencontre-avec-le-pr-peter-hartmann\\\/#primaryimage\"},\"image\":{\"@id\":\"https:\\\/\\\/www.lactissima.com\\\/a-tire-d-ailes\\\/rencontre-avec-le-pr-peter-hartmann\\\/#primaryimage\"},\"thumbnailUrl\":\"https:\\\/\\\/www.lactissima.com\\\/a-tire-d-ailes\\\/wp-content\\\/uploads\\\/professorhartmann.jpeg\",\"datePublished\":\"2009-10-14T07:53:39+00:00\",\"dateModified\":\"2016-11-30T08:51:02+00:00\",\"author\":{\"@id\":\"https:\\\/\\\/www.lactissima.com\\\/a-tire-d-ailes\\\/#\\\/schema\\\/person\\\/8f98d3a89530861bc1240e6d53d44eed\"},\"description\":\"Ce vendredi, je me rends \u00e0 Angers \u00e0 un symposium sur l'allaitement et la lactation humaine. L'\u00e9quipe du professeur Hartmann est invit\u00e9e et mise \u00e0 l'honneur.\",\"breadcrumb\":{\"@id\":\"https:\\\/\\\/www.lactissima.com\\\/a-tire-d-ailes\\\/rencontre-avec-le-pr-peter-hartmann\\\/#breadcrumb\"},\"inLanguage\":\"fr-FR\",\"potentialAction\":[{\"@type\":\"ReadAction\",\"target\":[\"https:\\\/\\\/www.lactissima.com\\\/a-tire-d-ailes\\\/rencontre-avec-le-pr-peter-hartmann\\\/\"]}]},{\"@type\":\"ImageObject\",\"inLanguage\":\"fr-FR\",\"@id\":\"https:\\\/\\\/www.lactissima.com\\\/a-tire-d-ailes\\\/rencontre-avec-le-pr-peter-hartmann\\\/#primaryimage\",\"url\":\"https:\\\/\\\/www.lactissima.com\\\/a-tire-d-ailes\\\/wp-content\\\/uploads\\\/professorhartmann.jpeg\",\"contentUrl\":\"https:\\\/\\\/www.lactissima.com\\\/a-tire-d-ailes\\\/wp-content\\\/uploads\\\/professorhartmann.jpeg\",\"width\":\"121\",\"height\":\"149\"},{\"@type\":\"BreadcrumbList\",\"@id\":\"https:\\\/\\\/www.lactissima.com\\\/a-tire-d-ailes\\\/rencontre-avec-le-pr-peter-hartmann\\\/#breadcrumb\",\"itemListElement\":[{\"@type\":\"ListItem\",\"position\":1,\"name\":\"Accueil\",\"item\":\"https:\\\/\\\/www.lactissima.com\\\/a-tire-d-ailes\\\/\"},{\"@type\":\"ListItem\",\"position\":2,\"name\":\"Rencontre avec le Pr Peter Hartmann\"}]},{\"@type\":\"WebSite\",\"@id\":\"https:\\\/\\\/www.lactissima.com\\\/a-tire-d-ailes\\\/#website\",\"url\":\"https:\\\/\\\/www.lactissima.com\\\/a-tire-d-ailes\\\/\",\"name\":\"A tire d&#039;Ailes\",\"description\":\"Le blog des femmes qui allaitent et travaillent.\",\"potentialAction\":[{\"@type\":\"SearchAction\",\"target\":{\"@type\":\"EntryPoint\",\"urlTemplate\":\"https:\\\/\\\/www.lactissima.com\\\/a-tire-d-ailes\\\/?s={search_term_string}\"},\"query-input\":{\"@type\":\"PropertyValueSpecification\",\"valueRequired\":true,\"valueName\":\"search_term_string\"}}],\"inLanguage\":\"fr-FR\"},{\"@type\":\"Person\",\"@id\":\"https:\\\/\\\/www.lactissima.com\\\/a-tire-d-ailes\\\/#\\\/schema\\\/person\\\/8f98d3a89530861bc1240e6d53d44eed\",\"name\":\"V\u00e9ronique Darmangeat\",\"image\":{\"@type\":\"ImageObject\",\"inLanguage\":\"fr-FR\",\"@id\":\"https:\\\/\\\/secure.gravatar.com\\\/avatar\\\/268c99344c89cebfe4f5df5fa8be43068a18884fc76a29f3206fae98465b9cab?s=96&d=identicon&r=g\",\"url\":\"https:\\\/\\\/secure.gravatar.com\\\/avatar\\\/268c99344c89cebfe4f5df5fa8be43068a18884fc76a29f3206fae98465b9cab?s=96&d=identicon&r=g\",\"contentUrl\":\"https:\\\/\\\/secure.gravatar.com\\\/avatar\\\/268c99344c89cebfe4f5df5fa8be43068a18884fc76a29f3206fae98465b9cab?s=96&d=identicon&r=g\",\"caption\":\"V\u00e9ronique Darmangeat\"},\"sameAs\":[\"https:\\\/\\\/www.lactissima.com\\\/a-tire-d-ailes\",\"www.facebook.com\\\/consultante.en.lactation\"]}]}<\/script>\n<!-- \/ Yoast SEO plugin. -->","yoast_head_json":{"title":"Rencontre avec le Pr Peter Hartmann","description":"Ce vendredi, je me rends \u00e0 Angers \u00e0 un symposium sur l'allaitement et la lactation humaine. L'\u00e9quipe du professeur Hartmann est invit\u00e9e et mise \u00e0 l'honneur.","robots":{"index":"index","follow":"follow","max-snippet":"max-snippet:-1","max-image-preview":"max-image-preview:large","max-video-preview":"max-video-preview:-1"},"canonical":"https:\/\/www.lactissima.com\/a-tire-d-ailes\/rencontre-avec-le-pr-peter-hartmann\/","og_locale":"fr_FR","og_type":"article","og_title":"Rencontre avec le Pr Peter Hartmann","og_description":"Ce vendredi, je me rends \u00e0 Angers \u00e0 un symposium sur l'allaitement et la lactation humaine. L'\u00e9quipe du professeur Hartmann est invit\u00e9e et mise \u00e0 l'honneur.","og_url":"https:\/\/www.lactissima.com\/a-tire-d-ailes\/rencontre-avec-le-pr-peter-hartmann\/","og_site_name":"A tire d&#039;Ailes","article_publisher":"https:\/\/www.facebook.com\/consultante.en.lactation","article_author":"www.facebook.com\/consultante.en.lactation","article_published_time":"2009-10-14T07:53:39+00:00","article_modified_time":"2016-11-30T08:51:02+00:00","og_image":[{"width":121,"height":149,"url":"https:\/\/www.lactissima.com\/a-tire-d-ailes\/wp-content\/uploads\/professorhartmann.jpeg","type":"image\/jpeg"}],"author":"V\u00e9ronique Darmangeat","twitter_card":"summary_large_image","twitter_creator":"@VeroniqueIBCLC","twitter_site":"@VeroniqueIBCLC","twitter_misc":{"\u00c9crit par":"V\u00e9ronique Darmangeat","Dur\u00e9e de lecture estim\u00e9e":"1 minute"},"schema":{"@context":"https:\/\/schema.org","@graph":[{"@type":"Article","@id":"https:\/\/www.lactissima.com\/a-tire-d-ailes\/rencontre-avec-le-pr-peter-hartmann\/#article","isPartOf":{"@id":"https:\/\/www.lactissima.com\/a-tire-d-ailes\/rencontre-avec-le-pr-peter-hartmann\/"},"author":{"name":"V\u00e9ronique Darmangeat","@id":"https:\/\/www.lactissima.com\/a-tire-d-ailes\/#\/schema\/person\/8f98d3a89530861bc1240e6d53d44eed"},"headline":"Rencontre avec le Pr Peter Hartmann","datePublished":"2009-10-14T07:53:39+00:00","dateModified":"2016-11-30T08:51:02+00:00","mainEntityOfPage":{"@id":"https:\/\/www.lactissima.com\/a-tire-d-ailes\/rencontre-avec-le-pr-peter-hartmann\/"},"wordCount":132,"commentCount":5,"image":{"@id":"https:\/\/www.lactissima.com\/a-tire-d-ailes\/rencontre-avec-le-pr-peter-hartmann\/#primaryimage"},"thumbnailUrl":"https:\/\/www.lactissima.com\/a-tire-d-ailes\/wp-content\/uploads\/professorhartmann.jpeg","keywords":["hartmann","lactation","symposium"],"articleSection":["Actualit\u00e9s"],"inLanguage":"fr-FR","potentialAction":[{"@type":"CommentAction","name":"Comment","target":["https:\/\/www.lactissima.com\/a-tire-d-ailes\/rencontre-avec-le-pr-peter-hartmann\/#respond"]}]},{"@type":"WebPage","@id":"https:\/\/www.lactissima.com\/a-tire-d-ailes\/rencontre-avec-le-pr-peter-hartmann\/","url":"https:\/\/www.lactissima.com\/a-tire-d-ailes\/rencontre-avec-le-pr-peter-hartmann\/","name":"Rencontre avec le Pr Peter Hartmann","isPartOf":{"@id":"https:\/\/www.lactissima.com\/a-tire-d-ailes\/#website"},"primaryImageOfPage":{"@id":"https:\/\/www.lactissima.com\/a-tire-d-ailes\/rencontre-avec-le-pr-peter-hartmann\/#primaryimage"},"image":{"@id":"https:\/\/www.lactissima.com\/a-tire-d-ailes\/rencontre-avec-le-pr-peter-hartmann\/#primaryimage"},"thumbnailUrl":"https:\/\/www.lactissima.com\/a-tire-d-ailes\/wp-content\/uploads\/professorhartmann.jpeg","datePublished":"2009-10-14T07:53:39+00:00","dateModified":"2016-11-30T08:51:02+00:00","author":{"@id":"https:\/\/www.lactissima.com\/a-tire-d-ailes\/#\/schema\/person\/8f98d3a89530861bc1240e6d53d44eed"},"description":"Ce vendredi, je me rends \u00e0 Angers \u00e0 un symposium sur l'allaitement et la lactation humaine. L'\u00e9quipe du professeur Hartmann est invit\u00e9e et mise \u00e0 l'honneur.","breadcrumb":{"@id":"https:\/\/www.lactissima.com\/a-tire-d-ailes\/rencontre-avec-le-pr-peter-hartmann\/#breadcrumb"},"inLanguage":"fr-FR","potentialAction":[{"@type":"ReadAction","target":["https:\/\/www.lactissima.com\/a-tire-d-ailes\/rencontre-avec-le-pr-peter-hartmann\/"]}]},{"@type":"ImageObject","inLanguage":"fr-FR","@id":"https:\/\/www.lactissima.com\/a-tire-d-ailes\/rencontre-avec-le-pr-peter-hartmann\/#primaryimage","url":"https:\/\/www.lactissima.com\/a-tire-d-ailes\/wp-content\/uploads\/professorhartmann.jpeg","contentUrl":"https:\/\/www.lactissima.com\/a-tire-d-ailes\/wp-content\/uploads\/professorhartmann.jpeg","width":"121","height":"149"},{"@type":"BreadcrumbList","@id":"https:\/\/www.lactissima.com\/a-tire-d-ailes\/rencontre-avec-le-pr-peter-hartmann\/#breadcrumb","itemListElement":[{"@type":"ListItem","position":1,"name":"Accueil","item":"https:\/\/www.lactissima.com\/a-tire-d-ailes\/"},{"@type":"ListItem","position":2,"name":"Rencontre avec le Pr Peter Hartmann"}]},{"@type":"WebSite","@id":"https:\/\/www.lactissima.com\/a-tire-d-ailes\/#website","url":"https:\/\/www.lactissima.com\/a-tire-d-ailes\/","name":"A tire d&#039;Ailes","description":"Le blog des femmes qui allaitent et travaillent.","potentialAction":[{"@type":"SearchAction","target":{"@type":"EntryPoint","urlTemplate":"https:\/\/www.lactissima.com\/a-tire-d-ailes\/?s={search_term_string}"},"query-input":{"@type":"PropertyValueSpecification","valueRequired":true,"valueName":"search_term_string"}}],"inLanguage":"fr-FR"},{"@type":"Person","@id":"https:\/\/www.lactissima.com\/a-tire-d-ailes\/#\/schema\/person\/8f98d3a89530861bc1240e6d53d44eed","name":"V\u00e9ronique Darmangeat","image":{"@type":"ImageObject","inLanguage":"fr-FR","@id":"https:\/\/secure.gravatar.com\/avatar\/268c99344c89cebfe4f5df5fa8be43068a18884fc76a29f3206fae98465b9cab?s=96&d=identicon&r=g","url":"https:\/\/secure.gravatar.com\/avatar\/268c99344c89cebfe4f5df5fa8be43068a18884fc76a29f3206fae98465b9cab?s=96&d=identicon&r=g","contentUrl":"https:\/\/secure.gravatar.com\/avatar\/268c99344c89cebfe4f5df5fa8be43068a18884fc76a29f3206fae98465b9cab?s=96&d=identicon&r=g","caption":"V\u00e9ronique Darmangeat"},"sameAs":["https:\/\/www.lactissima.com\/a-tire-d-ailes","www.facebook.com\/consultante.en.lactation"]}]}},"_links":{"self":[{"href":"https:\/\/www.lactissima.com\/a-tire-d-ailes\/wp-json\/wp\/v2\/posts\/764","targetHints":{"allow":["GET"]}}],"collection":[{"href":"https:\/\/www.lactissima.com\/a-tire-d-ailes\/wp-json\/wp\/v2\/posts"}],"about":[{"href":"https:\/\/www.lactissima.com\/a-tire-d-ailes\/wp-json\/wp\/v2\/types\/post"}],"author":[{"embeddable":true,"href":"https:\/\/www.lactissima.com\/a-tire-d-ailes\/wp-json\/wp\/v2\/users\/170"}],"replies":[{"embeddable":true,"href":"https:\/\/www.lactissima.com\/a-tire-d-ailes\/wp-json\/wp\/v2\/comments?post=764"}],"version-history":[{"count":11,"href":"https:\/\/www.lactissima.com\/a-tire-d-ailes\/wp-json\/wp\/v2\/posts\/764\/revisions"}],"predecessor-version":[{"id":6965,"href":"https:\/\/www.lactissima.com\/a-tire-d-ailes\/wp-json\/wp\/v2\/posts\/764\/revisions\/6965"}],"wp:featuredmedia":[{"embeddable":true,"href":"https:\/\/www.lactissima.com\/a-tire-d-ailes\/wp-json\/wp\/v2\/media\/765"}],"wp:attachment":[{"href":"https:\/\/www.lactissima.com\/a-tire-d-ailes\/wp-json\/wp\/v2\/media?parent=764"}],"wp:term":[{"taxonomy":"category","embeddable":true,"href":"https:\/\/www.lactissima.com\/a-tire-d-ailes\/wp-json\/wp\/v2\/categories?post=764"},{"taxonomy":"post_tag","embeddable":true,"href":"https:\/\/www.lactissima.com\/a-tire-d-ailes\/wp-json\/wp\/v2\/tags?post=764"}],"curies":[{"name":"wp","href":"https:\/\/api.w.org\/{rel}","templated":true}]}}