{"id":7606,"date":"2018-04-12T08:45:22","date_gmt":"2018-04-12T06:45:22","guid":{"rendered":"https:\/\/www.lactissima.com\/a-tire-d-ailes\/?p=7606"},"modified":"2018-04-12T08:45:22","modified_gmt":"2018-04-12T06:45:22","slug":"le-temoignage-dhelene-son-allaitement-et-sa-reprise-du-travail","status":"publish","type":"post","link":"https:\/\/www.lactissima.com\/a-tire-d-ailes\/le-temoignage-dhelene-son-allaitement-et-sa-reprise-du-travail\/","title":{"rendered":"Le t\u00e9moignage d&rsquo;H\u00e9l\u00e8ne : son allaitement&#8230;et sa reprise du travail"},"content":{"rendered":"<div dir=\"ltr\" style=\"text-align: justify;\"><img loading=\"lazy\" decoding=\"async\" class=\"alignright size-full wp-image-7607\" src=\"https:\/\/www.lactissima.com\/a-tire-d-ailes\/wp-content\/uploads\/2018\/04\/h\u00e9l\u00e8ne.jpg\" alt=\"\" width=\"414\" height=\"276\" srcset=\"https:\/\/www.lactissima.com\/a-tire-d-ailes\/wp-content\/uploads\/2018\/04\/h\u00e9l\u00e8ne.jpg 414w, https:\/\/www.lactissima.com\/a-tire-d-ailes\/wp-content\/uploads\/2018\/04\/h\u00e9l\u00e8ne-300x200.jpg 300w, https:\/\/www.lactissima.com\/a-tire-d-ailes\/wp-content\/uploads\/2018\/04\/h\u00e9l\u00e8ne-140x94.jpg 140w\" sizes=\"(max-width: 414px) 100vw, 414px\" \/>Alice est n\u00e9e le 28 mai. <strong>Mon mari et moi<\/strong> souhaitions qu&rsquo;elle soit allait\u00e9e. Nous ne nous \u00e9tions que peu renseign\u00e9s pendant la grossesse sur l&rsquo;allaitement mais \u00e9tions vraiment motiv\u00e9s. Ma seule crainte \u00e9tait que \u00ab\u00a0\u00e7a ne marche pas\u00a0\u00bb et que je ne sache pas g\u00e9rer ma d\u00e9ception.<\/div>\n<div dir=\"ltr\" style=\"text-align: justify;\"><\/div>\n<div dir=\"ltr\" style=\"text-align: justify;\">Apr\u00e8s sa naissance nous avons \u00e9t\u00e9 un peu esseul\u00e9s car la maternit\u00e9 \u00e9tait surcharg\u00e9e. J&rsquo;ai essay\u00e9 de mettre Alice au sein pour une t\u00e9t\u00e9e d&rsquo;accueil mais ne savais pas bien comment m&rsquo;y prendre. Une sage femme me l&rsquo;a finalement mise au sein 3h apr\u00e8s sa naissance.<\/p>\n<div>Ensuite, durant les premiers jours, j&rsquo;ai connu quelques <strong>difficult\u00e9s<\/strong> pour bien la mettre. Les sage-femmes \u00e9taient d\u00e9bord\u00e9es et passaient en coup de vent, essayant de m&rsquo;aider comme elles le pouvaient. Finalement, le 3\u00e8 jour, une sage-femme m&rsquo;a remontr\u00e9 bien calmement et est rest\u00e9e plusieurs minutes pendant la t\u00e9t\u00e9e, j&rsquo;ai fini par prendre confiance, bien comprendre comment faire et mieux m&rsquo;y prendre. En parall\u00e8le, j&rsquo;ai aussi ressenti une grande pression de la part du personnel m\u00e9dical: si tu veux que ton allaitement marche il faut lui donner tr\u00e8s souvent pendant les premi\u00e8res semaines (toutes les 2-3h), y compris la nuit et il faut la r\u00e9veiller pour lui donner, \u00ab\u00a0merci de mettre votre r\u00e9veil \u00e0 sonner\u00a0\u00bb. Cela m&rsquo;a non seulement \u00e9puis\u00e9e mais compl\u00e8tement stress\u00e9e.<\/div>\n<div><\/div>\n<div>De retour \u00e0 la maison nous avons continu\u00e9 avec ce rythme effr\u00e9n\u00e9. Le probl\u00e8me c&rsquo;est que notre b\u00e9b\u00e9 <strong>pleurait beaucoup<\/strong> et avait beaucoup de mal \u00e0 se rendormir. Quand elle finissait par dormir c&rsquo;\u00e9tait d\u00e9j\u00e0 presque l&rsquo;heure de la r\u00e9veiller pour la t\u00e9t\u00e9e suivante! Au bout d&rsquo;une semaine environ elle avait repris son poids de naissance et pour notre survie nous avons d\u00e9cid\u00e9 d&rsquo;allonger les p\u00e9riodes de sommeil la nuit. Si elle dormait 4 ou 5h alors nous aussi!<\/div>\n<div><\/div>\n<div>D\u00e8s le 3\u00e8 jour d&rsquo;Alice j&rsquo;avais ressenti des <strong>douleurs<\/strong> \u00e0 un t\u00e9ton mais les sage-femmes disaient qu&rsquo;il n&rsquo;y avait pas de crevasse et rien de visible, que \u00e7a passerait. Plus le temps passait et plus j&rsquo;avais mal, y compris au deuxi\u00e8me. Les d\u00e9buts de t\u00e9t\u00e9e devenaient vraiment difficiles. J&rsquo;en ai parl\u00e9 \u00e0 la sage-femme qui venait \u00e0 domicile. Elle a h\u00e9sit\u00e9 entre une infection ou une <strong>candidose<\/strong> et m&rsquo;a trait\u00e9e pour les deux: cr\u00e8me antibiotique, cr\u00e8me antifongique sur les t\u00e9tons et huile de coco dans la bouche de b\u00e9b\u00e9 apr\u00e8s chaque t\u00e9t\u00e9e. Alice n&rsquo;avait pas de muguet (et n&rsquo;en a jamais eu). Les sympt\u00f4mes ont un peu r\u00e9gress\u00e9 mais revenaient. Nous avons donc attaqu\u00e9 le deuxi\u00e8me traitement quans Alice a eu 3 semaines: la gentiane violette. Que ce fut difficile pour moi de voir mon b\u00e9b\u00e9 avec le tour de la bouche tout violet, comme un petit clown. Comme je culpabilisais de lui infliger \u00e7a! J&rsquo;interdisais \u00e0 tout le monde de prendre des photos. De nouveau les sympt\u00f4mes ont \u00e9t\u00e9 tr\u00e8s attenu\u00e9s mais sont revenus en puissance. Finalement, j&rsquo;ai pris un troisi\u00e8me traitement: antifongique oral. L\u00e0 les sympt\u00f4mes sont pass\u00e9s. Et revenus 2 semaines plus tard&#8230; J&rsquo;en ai parl\u00e9 \u00e0 ma gyn\u00e9cologue qui m&rsquo;a dit que je portais surement le champignon sur moi en permanence et que je ne pourrai pas l&rsquo;\u00e9radiquer. Elle m&rsquo;a prescrit plusieurs cures d&rsquo;antifongique oral et m&rsquo;a dit d&rsquo;en prendre quand les sympt\u00f4mes \u00e9taient trop forts. D&rsquo;apprendre que je pouvais arr\u00eater de lutter, que je ne pourrai pas gagner, m&rsquo;a beaucoup aid\u00e9e psychologiquement. J&rsquo;ai m\u00eame eu un r\u00e9pit de plusieurs semaines. Apr\u00e8s quelques cures, les comprim\u00e9s ne m&rsquo;ont plus fait d&rsquo;effet, je pense que j&rsquo;ai d\u00e9velopp\u00e9 une r\u00e9sistance. Par contre, j&rsquo;ai appris \u00e0 ma\u00eetriser la douleur et le champignon: cure intensive de tisane de gingembre, huile de coco sur les seins et sommeil encourag\u00e9 (en \u00e9pisode douloureux je ne me l\u00e8ve plus la nuit, c&rsquo;est mon mari qui g\u00e8re tout et m&rsquo;am\u00e8ne le b\u00e9b\u00e9 dans le lit si besoin de t\u00e9t\u00e9e), si douleur insupportable je tire mon lait et ne donne plus le sein pendant 24h. C&rsquo;est mon rem\u00e8de et c&rsquo;est ce qui marche le mieux pour moi et m&rsquo;a permis de continuer l&rsquo;allaitement malgr\u00e9 cette candidose chronique.<\/div>\n<div><\/div>\n<div>J&rsquo;ai voulu continuer \u00e0 allaiter en <strong>reprenant le travail<\/strong>. J&rsquo;ai repris quand Alice a eu 4 mois. La cr\u00e8che acceptait de donner du lait maternel. Nous avons d\u00e9cid\u00e9 d&rsquo;introduire les pur\u00e9es de l\u00e9gumes \u00e0 ses 4 mois :\u00a0elle a beaucoup souffert de coliques et de reflux, on esp\u00e9rait que le solide l&rsquo;aide et cela me permettait aussi d&rsquo;avoir moins de lait \u00e0 apporter \u00e0 la cr\u00e8che et \u00e7a me rassurait. <strong>Mon entreprise encourage l&rsquo;allaitement<\/strong> en offrant l&rsquo;acc\u00e8s \u00e0 une salle pour tirer son lait : fauteuil confortable, r\u00e9frig\u00e9rateur, magazines, \u00e9vier, calendrier de r\u00e9servation etc. Ce fut un fiasco total pour moi: 7 minutes de marche pour aller \u00e0 la salle, 50 minutes pour tirer une quantit\u00e9 plut\u00f4t faible de lait&#8230; J&rsquo;\u00e9tais hyper <strong>stress\u00e9e<\/strong> et m\u00eame si j&rsquo;avais le droit de prendre jusqu&rsquo;\u00e0 2h par jour pour le faire \u00e7a ne me convenait pas et je culpabilisais. J&rsquo;ai ensuite trouv\u00e9 la solution qu&rsquo;il me fallait : trouv\u00e9 la cl\u00e9 de mon <strong>bureau<\/strong>, tir\u00e9 tout en travaillant (pas de culpabilit\u00e9=pas de stress=production en tr\u00e8s nette hausse), stock\u00e9 mon lait dans des pots opaques dans le frigo commun du groupe et fait tout le nettoyage aux toilettes. Je tirais 2 fois par jour.<\/div>\n<div>Je l&rsquo;ai fait jusqu&rsquo;aux 7 mois d&rsquo;Alice o\u00f9 nous avons profit\u00e9 d&rsquo;une semaine de vacances pour introduire un deuxi\u00e8me repas solide dans la journ\u00e9e. D\u00e8s lors je n&rsquo;ai plus eu besoin de fournir de lait \u00e0 la cr\u00e8che et ai arr\u00eat\u00e9 de tirer mon lait au travail (ce qui m&rsquo;a quand m\u00eame bien soulag\u00e9e). Je me disais que si la lactation s&rsquo;arr\u00eatait ce n&rsquo;\u00e9tait pas grave, que j&rsquo;avais d\u00e9j\u00e0 fait 7 mois et j&rsquo;en \u00e9tais heureuse.<\/div>\n<div>Finalement <strong>ma lactation a continu\u00e9<\/strong> et nous avons toujours une t\u00e9t\u00e9e matin et soir. Parfois j&rsquo;ai l&rsquo;impression que j&rsquo;ai moins de lait et qu&rsquo;elle a toujours faim, nous compl\u00e9tons donc, soit par un biberon de lait maternel (il reste encore un peu de stock au congel), soit par du lait en poudre. Quand les \u00e9pisodes de candidose sont trop fr\u00e9quents ou douloureux il m&rsquo;arrive de penser que nous allons nous sevrer prochainement mais pour l&rsquo;instant Alice a 10 mois et nous profitons de chaque jour l&rsquo;un apr\u00e8s l&rsquo;autre.<\/div>\n<div><\/div>\n<div>Ce que je retiens en vrac :<\/div>\n<ul>\n<li>Il faut une <strong>motivation<\/strong> vraiment forte pour un allaitement r\u00e9ussi.<\/li>\n<li>Mon <strong>mari<\/strong> a \u00e9t\u00e9 d&rsquo;un soutien inconditionnel et fondamental. Quand autour de moi tout le monde me conseillait d&rsquo;arr\u00eater car j&rsquo;\u00e9tais \u00e9puis\u00e9e ou que j&rsquo;avais tr\u00e8s mal, il m&rsquo;a toujours soutenue et encourag\u00e9e. Il a toujours \u00e9t\u00e9 le seul \u00e0 comprendre qu&rsquo;arr\u00eater me ferait plus de mal psychologiquement que de bien physiquement. Je lui en serai reconnaissante pour toujours.<\/li>\n<li>Je suis d&rsquo;un caract\u00e8re temp\u00e9r\u00e9 et n&rsquo;aime pas les affirmations extr\u00e9mistes ou jugement sur le choix des autres, par crainte de cela je ne me suis pas rapproch\u00e9e de forum ou associations pour aider \u00e0 l&rsquo;allaitement et ce fut une erreur. J&rsquo;ai \u00e9crit un mail une fois \u00e0 <strong>la leche league<\/strong> et la r\u00e9ponse que j&rsquo;ai re\u00e7ue m&rsquo;a beaucoup aid\u00e9e et m&rsquo;a fait sentir \u00ab\u00a0normale\u00a0\u00bb. Je pense qu&rsquo;il suffit de rencontrer les bonnes personnes et que l&rsquo;aide que l&rsquo;on peut recevoir est vraiment b\u00e9n\u00e9fique.<\/li>\n<li>Pendant mon cong\u00e9 maternit\u00e9 tous les matins c&rsquo;est mon mari qui donnait le premier biberon (vers 6h). Ca me permettait de <strong>dormir une heure de plus<\/strong> (sommeil de plomb sans guetter les petits bruits de b\u00e9b\u00e9) puis de tirer mon lait (qui serait donn\u00e9 le lendemain matin) et de les retrouver tous les deux qui venaient de passer un moment privil\u00e9gi\u00e9 ensemble. Ce mode de fonctionnement m&rsquo;a \u00e9t\u00e9 d&rsquo;une grande d&rsquo;aide.<\/li>\n<li>En dehors de la candidose j&rsquo;ai eu des conditions id\u00e9ales d&rsquo;allaitement, tout a toujours tr\u00e8s bien march\u00e9 et je connais ma chance.<\/li>\n<li>Alice n&rsquo;a jamais pos\u00e9 de probl\u00e8me pour prendre le biberon (t\u00e9tine calma de medela pour les 3-4 premiers mois et le biberon du matin avec papa), ni ensuite pour les repas soit au biberon soit au sein, avec du lait maternel ou en poudre&#8230; tout passe!<\/li>\n<li>Si c&rsquo;\u00e9tait \u00e0 refaire : <strong>je le referai<\/strong> \ud83d\ude42<\/li>\n<\/ul>\n<\/div>\n<p style=\"text-align: justify;\">\n<p style=\"text-align: justify;\"><strong>Articles en rapport :<\/strong><\/p>\n<ul>\n<li style=\"text-align: justify;\">Voir l\u2019onglet\u00a0<a href=\"https:\/\/www.lactissima.com\/a-tire-d-ailes\/temoignages-travail-et-allaitement\/\" target=\"_blank\" rel=\"noopener noreferrer\">t\u00e9moignages<\/a><\/li>\n<\/ul>\n<p>&nbsp;<\/p>\n<div class='et-box et-shadow'>\n\t\t\t\t\t<div class='et-box-content'>Lire des articles ou poser des questions en commentaire ne suffit pas \u00e0 r\u00e9soudre votre probl\u00e8me ? Savez-vous que vous pouvez prendre RDV pour une consultation avec moi ? N&rsquo;h\u00e9sitez pas \u00e0 me contacter !<\/div><\/div>\n","protected":false},"excerpt":{"rendered":"<p>Alice est n\u00e9e le 28 mai. Mon mari et moi souhaitions qu&rsquo;elle soit allait\u00e9e. Nous ne nous \u00e9tions que peu renseign\u00e9s pendant la grossesse sur l&rsquo;allaitement mais \u00e9tions vraiment motiv\u00e9s. Ma seule crainte \u00e9tait que \u00ab\u00a0\u00e7a ne marche pas\u00a0\u00bb et que je ne sache pas g\u00e9rer ma d\u00e9ception. Apr\u00e8s sa naissance nous avons \u00e9t\u00e9 un [&hellip;]<\/p>\n","protected":false},"author":170,"featured_media":7607,"comment_status":"open","ping_status":"open","sticky":false,"template":"","format":"standard","meta":{"_et_pb_use_builder":"","_et_pb_old_content":"","_et_gb_content_width":"","footnotes":""},"categories":[150],"tags":[],"class_list":["post-7606","post","type-post","status-publish","format-standard","has-post-thumbnail","hentry","category-temoignages"],"yoast_head":"<!-- This site is optimized with the Yoast SEO plugin v27.4 - https:\/\/yoast.com\/product\/yoast-seo-wordpress\/ -->\n<title>Le t\u00e9moignage d&#039;H\u00e9l\u00e8ne : son allaitement...et sa reprise du travail<\/title>\n<meta name=\"description\" content=\"H\u00e9l\u00e8ne allaite depuis 10 mois, tout en travaillant et surtout en souffrant d&#039;une candidose chronique...\" \/>\n<meta name=\"robots\" content=\"index, follow, max-snippet:-1, max-image-preview:large, max-video-preview:-1\" \/>\n<link rel=\"canonical\" href=\"https:\/\/www.lactissima.com\/a-tire-d-ailes\/le-temoignage-dhelene-son-allaitement-et-sa-reprise-du-travail\/\" \/>\n<meta property=\"og:locale\" content=\"fr_FR\" \/>\n<meta property=\"og:type\" content=\"article\" \/>\n<meta property=\"og:title\" content=\"Le t\u00e9moignage d&#039;H\u00e9l\u00e8ne : son allaitement...et sa reprise du travail\" \/>\n<meta property=\"og:description\" content=\"H\u00e9l\u00e8ne allaite depuis 10 mois, tout en travaillant et surtout en souffrant d&#039;une candidose chronique...\" \/>\n<meta property=\"og:url\" content=\"https:\/\/www.lactissima.com\/a-tire-d-ailes\/le-temoignage-dhelene-son-allaitement-et-sa-reprise-du-travail\/\" \/>\n<meta property=\"og:site_name\" content=\"A tire d&#039;Ailes\" \/>\n<meta property=\"article:publisher\" content=\"https:\/\/www.facebook.com\/consultante.en.lactation\" \/>\n<meta property=\"article:author\" content=\"www.facebook.com\/consultante.en.lactation\" \/>\n<meta property=\"article:published_time\" content=\"2018-04-12T06:45:22+00:00\" \/>\n<meta property=\"og:image\" content=\"https:\/\/www.lactissima.com\/a-tire-d-ailes\/wp-content\/uploads\/2018\/04\/h\u00e9l\u00e8ne.jpg\" \/>\n\t<meta property=\"og:image:width\" content=\"414\" \/>\n\t<meta property=\"og:image:height\" content=\"276\" \/>\n\t<meta property=\"og:image:type\" content=\"image\/jpeg\" \/>\n<meta name=\"author\" content=\"V\u00e9ronique Darmangeat\" \/>\n<meta name=\"twitter:card\" content=\"summary_large_image\" \/>\n<meta name=\"twitter:creator\" content=\"@VeroniqueIBCLC\" \/>\n<meta name=\"twitter:site\" content=\"@VeroniqueIBCLC\" \/>\n<meta name=\"twitter:label1\" content=\"\u00c9crit par\" \/>\n\t<meta name=\"twitter:data1\" content=\"V\u00e9ronique Darmangeat\" \/>\n\t<meta name=\"twitter:label2\" content=\"Dur\u00e9e de lecture estim\u00e9e\" \/>\n\t<meta name=\"twitter:data2\" content=\"7 minutes\" \/>\n<script type=\"application\/ld+json\" class=\"yoast-schema-graph\">{\"@context\":\"https:\\\/\\\/schema.org\",\"@graph\":[{\"@type\":\"Article\",\"@id\":\"https:\\\/\\\/www.lactissima.com\\\/a-tire-d-ailes\\\/le-temoignage-dhelene-son-allaitement-et-sa-reprise-du-travail\\\/#article\",\"isPartOf\":{\"@id\":\"https:\\\/\\\/www.lactissima.com\\\/a-tire-d-ailes\\\/le-temoignage-dhelene-son-allaitement-et-sa-reprise-du-travail\\\/\"},\"author\":{\"name\":\"V\u00e9ronique Darmangeat\",\"@id\":\"https:\\\/\\\/www.lactissima.com\\\/a-tire-d-ailes\\\/#\\\/schema\\\/person\\\/8f98d3a89530861bc1240e6d53d44eed\"},\"headline\":\"Le t\u00e9moignage d&rsquo;H\u00e9l\u00e8ne : son allaitement&#8230;et sa reprise du travail\",\"datePublished\":\"2018-04-12T06:45:22+00:00\",\"mainEntityOfPage\":{\"@id\":\"https:\\\/\\\/www.lactissima.com\\\/a-tire-d-ailes\\\/le-temoignage-dhelene-son-allaitement-et-sa-reprise-du-travail\\\/\"},\"wordCount\":1593,\"commentCount\":0,\"image\":{\"@id\":\"https:\\\/\\\/www.lactissima.com\\\/a-tire-d-ailes\\\/le-temoignage-dhelene-son-allaitement-et-sa-reprise-du-travail\\\/#primaryimage\"},\"thumbnailUrl\":\"https:\\\/\\\/www.lactissima.com\\\/a-tire-d-ailes\\\/wp-content\\\/uploads\\\/2018\\\/04\\\/h\u00e9l\u00e8ne.jpg\",\"articleSection\":[\"t\u00e9moignages\"],\"inLanguage\":\"fr-FR\",\"potentialAction\":[{\"@type\":\"CommentAction\",\"name\":\"Comment\",\"target\":[\"https:\\\/\\\/www.lactissima.com\\\/a-tire-d-ailes\\\/le-temoignage-dhelene-son-allaitement-et-sa-reprise-du-travail\\\/#respond\"]}]},{\"@type\":\"WebPage\",\"@id\":\"https:\\\/\\\/www.lactissima.com\\\/a-tire-d-ailes\\\/le-temoignage-dhelene-son-allaitement-et-sa-reprise-du-travail\\\/\",\"url\":\"https:\\\/\\\/www.lactissima.com\\\/a-tire-d-ailes\\\/le-temoignage-dhelene-son-allaitement-et-sa-reprise-du-travail\\\/\",\"name\":\"Le t\u00e9moignage d'H\u00e9l\u00e8ne : son allaitement...et sa reprise du travail\",\"isPartOf\":{\"@id\":\"https:\\\/\\\/www.lactissima.com\\\/a-tire-d-ailes\\\/#website\"},\"primaryImageOfPage\":{\"@id\":\"https:\\\/\\\/www.lactissima.com\\\/a-tire-d-ailes\\\/le-temoignage-dhelene-son-allaitement-et-sa-reprise-du-travail\\\/#primaryimage\"},\"image\":{\"@id\":\"https:\\\/\\\/www.lactissima.com\\\/a-tire-d-ailes\\\/le-temoignage-dhelene-son-allaitement-et-sa-reprise-du-travail\\\/#primaryimage\"},\"thumbnailUrl\":\"https:\\\/\\\/www.lactissima.com\\\/a-tire-d-ailes\\\/wp-content\\\/uploads\\\/2018\\\/04\\\/h\u00e9l\u00e8ne.jpg\",\"datePublished\":\"2018-04-12T06:45:22+00:00\",\"author\":{\"@id\":\"https:\\\/\\\/www.lactissima.com\\\/a-tire-d-ailes\\\/#\\\/schema\\\/person\\\/8f98d3a89530861bc1240e6d53d44eed\"},\"description\":\"H\u00e9l\u00e8ne allaite depuis 10 mois, tout en travaillant et surtout en souffrant d'une candidose chronique...\",\"breadcrumb\":{\"@id\":\"https:\\\/\\\/www.lactissima.com\\\/a-tire-d-ailes\\\/le-temoignage-dhelene-son-allaitement-et-sa-reprise-du-travail\\\/#breadcrumb\"},\"inLanguage\":\"fr-FR\",\"potentialAction\":[{\"@type\":\"ReadAction\",\"target\":[\"https:\\\/\\\/www.lactissima.com\\\/a-tire-d-ailes\\\/le-temoignage-dhelene-son-allaitement-et-sa-reprise-du-travail\\\/\"]}]},{\"@type\":\"ImageObject\",\"inLanguage\":\"fr-FR\",\"@id\":\"https:\\\/\\\/www.lactissima.com\\\/a-tire-d-ailes\\\/le-temoignage-dhelene-son-allaitement-et-sa-reprise-du-travail\\\/#primaryimage\",\"url\":\"https:\\\/\\\/www.lactissima.com\\\/a-tire-d-ailes\\\/wp-content\\\/uploads\\\/2018\\\/04\\\/h\u00e9l\u00e8ne.jpg\",\"contentUrl\":\"https:\\\/\\\/www.lactissima.com\\\/a-tire-d-ailes\\\/wp-content\\\/uploads\\\/2018\\\/04\\\/h\u00e9l\u00e8ne.jpg\",\"width\":414,\"height\":276},{\"@type\":\"BreadcrumbList\",\"@id\":\"https:\\\/\\\/www.lactissima.com\\\/a-tire-d-ailes\\\/le-temoignage-dhelene-son-allaitement-et-sa-reprise-du-travail\\\/#breadcrumb\",\"itemListElement\":[{\"@type\":\"ListItem\",\"position\":1,\"name\":\"Accueil\",\"item\":\"https:\\\/\\\/www.lactissima.com\\\/a-tire-d-ailes\\\/\"},{\"@type\":\"ListItem\",\"position\":2,\"name\":\"Le t\u00e9moignage d&rsquo;H\u00e9l\u00e8ne : son allaitement&#8230;et sa reprise du travail\"}]},{\"@type\":\"WebSite\",\"@id\":\"https:\\\/\\\/www.lactissima.com\\\/a-tire-d-ailes\\\/#website\",\"url\":\"https:\\\/\\\/www.lactissima.com\\\/a-tire-d-ailes\\\/\",\"name\":\"A tire d&#039;Ailes\",\"description\":\"Le blog des femmes qui allaitent et travaillent.\",\"potentialAction\":[{\"@type\":\"SearchAction\",\"target\":{\"@type\":\"EntryPoint\",\"urlTemplate\":\"https:\\\/\\\/www.lactissima.com\\\/a-tire-d-ailes\\\/?s={search_term_string}\"},\"query-input\":{\"@type\":\"PropertyValueSpecification\",\"valueRequired\":true,\"valueName\":\"search_term_string\"}}],\"inLanguage\":\"fr-FR\"},{\"@type\":\"Person\",\"@id\":\"https:\\\/\\\/www.lactissima.com\\\/a-tire-d-ailes\\\/#\\\/schema\\\/person\\\/8f98d3a89530861bc1240e6d53d44eed\",\"name\":\"V\u00e9ronique Darmangeat\",\"image\":{\"@type\":\"ImageObject\",\"inLanguage\":\"fr-FR\",\"@id\":\"https:\\\/\\\/secure.gravatar.com\\\/avatar\\\/268c99344c89cebfe4f5df5fa8be43068a18884fc76a29f3206fae98465b9cab?s=96&d=identicon&r=g\",\"url\":\"https:\\\/\\\/secure.gravatar.com\\\/avatar\\\/268c99344c89cebfe4f5df5fa8be43068a18884fc76a29f3206fae98465b9cab?s=96&d=identicon&r=g\",\"contentUrl\":\"https:\\\/\\\/secure.gravatar.com\\\/avatar\\\/268c99344c89cebfe4f5df5fa8be43068a18884fc76a29f3206fae98465b9cab?s=96&d=identicon&r=g\",\"caption\":\"V\u00e9ronique Darmangeat\"},\"sameAs\":[\"https:\\\/\\\/www.lactissima.com\\\/a-tire-d-ailes\",\"www.facebook.com\\\/consultante.en.lactation\"]}]}<\/script>\n<!-- \/ Yoast SEO plugin. -->","yoast_head_json":{"title":"Le t\u00e9moignage d'H\u00e9l\u00e8ne : son allaitement...et sa reprise du travail","description":"H\u00e9l\u00e8ne allaite depuis 10 mois, tout en travaillant et surtout en souffrant d'une candidose chronique...","robots":{"index":"index","follow":"follow","max-snippet":"max-snippet:-1","max-image-preview":"max-image-preview:large","max-video-preview":"max-video-preview:-1"},"canonical":"https:\/\/www.lactissima.com\/a-tire-d-ailes\/le-temoignage-dhelene-son-allaitement-et-sa-reprise-du-travail\/","og_locale":"fr_FR","og_type":"article","og_title":"Le t\u00e9moignage d'H\u00e9l\u00e8ne : son allaitement...et sa reprise du travail","og_description":"H\u00e9l\u00e8ne allaite depuis 10 mois, tout en travaillant et surtout en souffrant d'une candidose chronique...","og_url":"https:\/\/www.lactissima.com\/a-tire-d-ailes\/le-temoignage-dhelene-son-allaitement-et-sa-reprise-du-travail\/","og_site_name":"A tire d&#039;Ailes","article_publisher":"https:\/\/www.facebook.com\/consultante.en.lactation","article_author":"www.facebook.com\/consultante.en.lactation","article_published_time":"2018-04-12T06:45:22+00:00","og_image":[{"width":414,"height":276,"url":"https:\/\/www.lactissima.com\/a-tire-d-ailes\/wp-content\/uploads\/2018\/04\/h\u00e9l\u00e8ne.jpg","type":"image\/jpeg"}],"author":"V\u00e9ronique Darmangeat","twitter_card":"summary_large_image","twitter_creator":"@VeroniqueIBCLC","twitter_site":"@VeroniqueIBCLC","twitter_misc":{"\u00c9crit par":"V\u00e9ronique Darmangeat","Dur\u00e9e de lecture estim\u00e9e":"7 minutes"},"schema":{"@context":"https:\/\/schema.org","@graph":[{"@type":"Article","@id":"https:\/\/www.lactissima.com\/a-tire-d-ailes\/le-temoignage-dhelene-son-allaitement-et-sa-reprise-du-travail\/#article","isPartOf":{"@id":"https:\/\/www.lactissima.com\/a-tire-d-ailes\/le-temoignage-dhelene-son-allaitement-et-sa-reprise-du-travail\/"},"author":{"name":"V\u00e9ronique Darmangeat","@id":"https:\/\/www.lactissima.com\/a-tire-d-ailes\/#\/schema\/person\/8f98d3a89530861bc1240e6d53d44eed"},"headline":"Le t\u00e9moignage d&rsquo;H\u00e9l\u00e8ne : son allaitement&#8230;et sa reprise du travail","datePublished":"2018-04-12T06:45:22+00:00","mainEntityOfPage":{"@id":"https:\/\/www.lactissima.com\/a-tire-d-ailes\/le-temoignage-dhelene-son-allaitement-et-sa-reprise-du-travail\/"},"wordCount":1593,"commentCount":0,"image":{"@id":"https:\/\/www.lactissima.com\/a-tire-d-ailes\/le-temoignage-dhelene-son-allaitement-et-sa-reprise-du-travail\/#primaryimage"},"thumbnailUrl":"https:\/\/www.lactissima.com\/a-tire-d-ailes\/wp-content\/uploads\/2018\/04\/h\u00e9l\u00e8ne.jpg","articleSection":["t\u00e9moignages"],"inLanguage":"fr-FR","potentialAction":[{"@type":"CommentAction","name":"Comment","target":["https:\/\/www.lactissima.com\/a-tire-d-ailes\/le-temoignage-dhelene-son-allaitement-et-sa-reprise-du-travail\/#respond"]}]},{"@type":"WebPage","@id":"https:\/\/www.lactissima.com\/a-tire-d-ailes\/le-temoignage-dhelene-son-allaitement-et-sa-reprise-du-travail\/","url":"https:\/\/www.lactissima.com\/a-tire-d-ailes\/le-temoignage-dhelene-son-allaitement-et-sa-reprise-du-travail\/","name":"Le t\u00e9moignage d'H\u00e9l\u00e8ne : son allaitement...et sa reprise du travail","isPartOf":{"@id":"https:\/\/www.lactissima.com\/a-tire-d-ailes\/#website"},"primaryImageOfPage":{"@id":"https:\/\/www.lactissima.com\/a-tire-d-ailes\/le-temoignage-dhelene-son-allaitement-et-sa-reprise-du-travail\/#primaryimage"},"image":{"@id":"https:\/\/www.lactissima.com\/a-tire-d-ailes\/le-temoignage-dhelene-son-allaitement-et-sa-reprise-du-travail\/#primaryimage"},"thumbnailUrl":"https:\/\/www.lactissima.com\/a-tire-d-ailes\/wp-content\/uploads\/2018\/04\/h\u00e9l\u00e8ne.jpg","datePublished":"2018-04-12T06:45:22+00:00","author":{"@id":"https:\/\/www.lactissima.com\/a-tire-d-ailes\/#\/schema\/person\/8f98d3a89530861bc1240e6d53d44eed"},"description":"H\u00e9l\u00e8ne allaite depuis 10 mois, tout en travaillant et surtout en souffrant d'une candidose chronique...","breadcrumb":{"@id":"https:\/\/www.lactissima.com\/a-tire-d-ailes\/le-temoignage-dhelene-son-allaitement-et-sa-reprise-du-travail\/#breadcrumb"},"inLanguage":"fr-FR","potentialAction":[{"@type":"ReadAction","target":["https:\/\/www.lactissima.com\/a-tire-d-ailes\/le-temoignage-dhelene-son-allaitement-et-sa-reprise-du-travail\/"]}]},{"@type":"ImageObject","inLanguage":"fr-FR","@id":"https:\/\/www.lactissima.com\/a-tire-d-ailes\/le-temoignage-dhelene-son-allaitement-et-sa-reprise-du-travail\/#primaryimage","url":"https:\/\/www.lactissima.com\/a-tire-d-ailes\/wp-content\/uploads\/2018\/04\/h\u00e9l\u00e8ne.jpg","contentUrl":"https:\/\/www.lactissima.com\/a-tire-d-ailes\/wp-content\/uploads\/2018\/04\/h\u00e9l\u00e8ne.jpg","width":414,"height":276},{"@type":"BreadcrumbList","@id":"https:\/\/www.lactissima.com\/a-tire-d-ailes\/le-temoignage-dhelene-son-allaitement-et-sa-reprise-du-travail\/#breadcrumb","itemListElement":[{"@type":"ListItem","position":1,"name":"Accueil","item":"https:\/\/www.lactissima.com\/a-tire-d-ailes\/"},{"@type":"ListItem","position":2,"name":"Le t\u00e9moignage d&rsquo;H\u00e9l\u00e8ne : son allaitement&#8230;et sa reprise du travail"}]},{"@type":"WebSite","@id":"https:\/\/www.lactissima.com\/a-tire-d-ailes\/#website","url":"https:\/\/www.lactissima.com\/a-tire-d-ailes\/","name":"A tire d&#039;Ailes","description":"Le blog des femmes qui allaitent et travaillent.","potentialAction":[{"@type":"SearchAction","target":{"@type":"EntryPoint","urlTemplate":"https:\/\/www.lactissima.com\/a-tire-d-ailes\/?s={search_term_string}"},"query-input":{"@type":"PropertyValueSpecification","valueRequired":true,"valueName":"search_term_string"}}],"inLanguage":"fr-FR"},{"@type":"Person","@id":"https:\/\/www.lactissima.com\/a-tire-d-ailes\/#\/schema\/person\/8f98d3a89530861bc1240e6d53d44eed","name":"V\u00e9ronique Darmangeat","image":{"@type":"ImageObject","inLanguage":"fr-FR","@id":"https:\/\/secure.gravatar.com\/avatar\/268c99344c89cebfe4f5df5fa8be43068a18884fc76a29f3206fae98465b9cab?s=96&d=identicon&r=g","url":"https:\/\/secure.gravatar.com\/avatar\/268c99344c89cebfe4f5df5fa8be43068a18884fc76a29f3206fae98465b9cab?s=96&d=identicon&r=g","contentUrl":"https:\/\/secure.gravatar.com\/avatar\/268c99344c89cebfe4f5df5fa8be43068a18884fc76a29f3206fae98465b9cab?s=96&d=identicon&r=g","caption":"V\u00e9ronique Darmangeat"},"sameAs":["https:\/\/www.lactissima.com\/a-tire-d-ailes","www.facebook.com\/consultante.en.lactation"]}]}},"_links":{"self":[{"href":"https:\/\/www.lactissima.com\/a-tire-d-ailes\/wp-json\/wp\/v2\/posts\/7606","targetHints":{"allow":["GET"]}}],"collection":[{"href":"https:\/\/www.lactissima.com\/a-tire-d-ailes\/wp-json\/wp\/v2\/posts"}],"about":[{"href":"https:\/\/www.lactissima.com\/a-tire-d-ailes\/wp-json\/wp\/v2\/types\/post"}],"author":[{"embeddable":true,"href":"https:\/\/www.lactissima.com\/a-tire-d-ailes\/wp-json\/wp\/v2\/users\/170"}],"replies":[{"embeddable":true,"href":"https:\/\/www.lactissima.com\/a-tire-d-ailes\/wp-json\/wp\/v2\/comments?post=7606"}],"version-history":[{"count":1,"href":"https:\/\/www.lactissima.com\/a-tire-d-ailes\/wp-json\/wp\/v2\/posts\/7606\/revisions"}],"predecessor-version":[{"id":7608,"href":"https:\/\/www.lactissima.com\/a-tire-d-ailes\/wp-json\/wp\/v2\/posts\/7606\/revisions\/7608"}],"wp:featuredmedia":[{"embeddable":true,"href":"https:\/\/www.lactissima.com\/a-tire-d-ailes\/wp-json\/wp\/v2\/media\/7607"}],"wp:attachment":[{"href":"https:\/\/www.lactissima.com\/a-tire-d-ailes\/wp-json\/wp\/v2\/media?parent=7606"}],"wp:term":[{"taxonomy":"category","embeddable":true,"href":"https:\/\/www.lactissima.com\/a-tire-d-ailes\/wp-json\/wp\/v2\/categories?post=7606"},{"taxonomy":"post_tag","embeddable":true,"href":"https:\/\/www.lactissima.com\/a-tire-d-ailes\/wp-json\/wp\/v2\/tags?post=7606"}],"curies":[{"name":"wp","href":"https:\/\/api.w.org\/{rel}","templated":true}]}}