{"id":7574,"date":"2018-03-29T17:12:46","date_gmt":"2018-03-29T15:12:46","guid":{"rendered":"https:\/\/www.lactissima.com\/a-tire-d-ailes\/?p=7574"},"modified":"2024-10-17T15:42:30","modified_gmt":"2024-10-17T13:42:30","slug":"la-revue-de-presse-da-tire-dailes-82","status":"publish","type":"post","link":"https:\/\/www.lactissima.com\/a-tire-d-ailes\/la-revue-de-presse-da-tire-dailes-82\/","title":{"rendered":"La revue de presse d\u2019A tire d\u2019Ailes (82)"},"content":{"rendered":"<p style=\"text-align: justify;\"><img loading=\"lazy\" decoding=\"async\" class=\"alignright size-full wp-image-3670\" src=\"https:\/\/www.lactissima.com\/a-tire-d-ailes\/wp-content\/uploads\/journal1.jpg\" alt=\"revues de presse allaitement\" width=\"231\" height=\"300\" \/>Voici l\u2019<strong>actualit\u00e9<\/strong>\u00a0que j\u2019ai rep\u00e9r\u00e9e pour vous depuis un mois :<\/p>\n<p style=\"text-align: justify;\">&#8211; Des <strong>articles<\/strong> :<\/p>\n<ul style=\"text-align: justify;\">\n<li>Un tr\u00e8s bon article sur la freinotomie aux ciseaux ou au laser.<\/li>\n<li>Qu\u2019est-ce que le tire-allaitement ?<\/li>\n<li>Une exp\u00e9rience de tire-allaitement.<\/li>\n<li>En <a href=\"https:\/\/lepetitjournal.com\/bucarest\/actualites\/projet-de-loi-limite-dage-pour-allaiter-dans-des-lieux-publics-225072\" target=\"_blank\" rel=\"noopener\">Roumanie<\/a> : Limite d\u2019\u00e2ge pour allaiter dans des lieux publics ?<\/li>\n<li>Le syst\u00e8me d\u2019allaitement actuel est inhumain et <a href=\"http:\/\/www.slate.fr\/story\/157732\/lait-maternel-allaitement-sein-enfant-cout\" target=\"_blank\" rel=\"noopener\">co\u00fbteux<\/a>.<\/li>\n<li>La place du lait dans l\u2019introduction des <a href=\"https:\/\/mamanmangebien.com\/place-lait-lintroduction-solides\/\" target=\"_blank\" rel=\"noopener\">solides<\/a>.<\/li>\n<li>Le <a href=\"https:\/\/www.huffingtonpost.fr\/2018\/03\/21\/le-lait-maternel-mauvais-a-partir-dun-certain-age-cette-maman-se-fait-un-plaisir-de-repondre_a_23391255\/\" target=\"_blank\" rel=\"noopener\">lait maternel<\/a>, mauvais \u00e0 partir d&rsquo;un certain \u00e2ge ?<\/li>\n<li>La curieuse histoire de la <a href=\"https:\/\/fr.aleteia.org\/2018\/03\/29\/la-curieuse-histoire-de-la-lactation-de-saint-bernard-de-clairvaux\/\" target=\"_blank\" rel=\"noopener\">lactation<\/a> de saint Bernard de Clairvaux.<\/li>\n<\/ul>\n<p style=\"text-align: justify;\">&#8211; Des <strong>\u00e9tudes<\/strong> :<\/p>\n<ul style=\"text-align: justify;\">\n<li>Les Om\u00e9ga-3 pendant l&rsquo;allaitement r\u00e9duisent le risque d&rsquo;<a href=\"https:\/\/www.topsante.com\/maman-et-enfant\/grossesse\/la-grossesse-au-quotidien\/les-omega-3-pendant-l-allaitement-reduisent-le-risque-d-allergie-624611\" target=\"_blank\" rel=\"noopener\">allergie<\/a>.<\/li>\n<li>Variations des compos\u00e9s <a href=\"https:\/\/www.ncbi.nlm.nih.gov\/pubmed\/29499686\" target=\"_blank\" rel=\"noopener\">rances<\/a> du lait maternel humain dans des conditions g\u00e9n\u00e9rales de cong\u00e9lation.<\/li>\n<li>Le co\u00fbt annuel du <a href=\"https:\/\/www.ncbi.nlm.nih.gov\/pubmed\/29507601\" target=\"_blank\" rel=\"noopener\">non allaitement<\/a> en Indon\u00e9sie.<\/li>\n<li>R\u00e9sum\u00e9 de plusieurs \u00e9tudes r\u00e9centes sur les b\u00e9n\u00e9fices de l&rsquo;Allaitement maternel sur la sant\u00e9 des m\u00e8res.<\/li>\n<li>Etude sur les bienfaits de l&rsquo;allaitement maternel <a href=\"https:\/\/ici.radio-canada.ca\/nouvelle\/1088273\/lait-maternel-allaitement-etude-child-nouveau-ne\" target=\"_blank\" rel=\"noopener\">exclusif<\/a> \u00e0 l&rsquo;h\u00f4pital.<\/li>\n<li>Des travaux pr\u00e9sent\u00e9s dans Nature Communications qui confirment la p\u00e9riode de l\u2019allaitement comme une fen\u00eatre critique pour le poids corporel plus tard dans la vie et, dans ce cas, pour la \u00ab d\u00e9programmation \u00bb <a href=\"https:\/\/www.santelog.com\/actualites\/obesite-lepigenetique-pour-supprimer-le-risque-des-le-debut-de-la-vie?utm_campaign=%5BPROD%5D+Sant%C3%A9+log+-+Newsletter+Flash+du+12%2F03%2F2018&amp;utm_source=Site+-+NL+Hebdo+et+flash&amp;utm_medium=email\" target=\"_blank\" rel=\"noopener\">\u00e9pig\u00e9n\u00e9tique<\/a> du risque d\u2019ob\u00e9sit\u00e9.<\/li>\n<li>Les biberons de compl\u00e9ment \u00e0 la maternit\u00e9 augmentent le <a href=\"https:\/\/www.jim.fr\/medecin\/actualites\/medicale\/e-docs\/les_biberons_de_complement_a_la_maternite_augmentent_le_risque_dallergie_aux_proteines_de_lait_de_vache_170723\/document_actu_med.phtml\" target=\"_blank\" rel=\"noopener\">risque d\u2019allergie<\/a> aux prot\u00e9ines de lait de vache.<\/li>\n<li>Allaitement maternel : une arme anti-ob\u00e9sit\u00e9 pour les b\u00e9b\u00e9s de poids \u00e9lev\u00e9.<\/li>\n<li>Les <a href=\"https:\/\/www.santelog.com\/actualites\/grossesse-et-depression-les-antidepresseurs-sont-ils-nefastes-lallaitement\" target=\"_blank\" rel=\"noopener\">antid\u00e9presseurs<\/a> sont-ils n\u00e9fastes \u00e0 l\u2019allaitement ?<\/li>\n<\/ul>\n<p style=\"text-align: justify;\">&#8211; Des <strong>photos<\/strong> :<\/p>\n<ul style=\"text-align: justify;\">\n<li>Les photos de cette joueuse de hockey canadienne prouvent qu&rsquo;on peut allaiter n&rsquo;importe o\u00f9.<\/li>\n<li>Une m\u00e8re partage des photos de son <a href=\"http:\/\/www.iflscience.com\/health-and-medicine\/mother-shares-photos-of-her-red-breast-milk-to-raise-awareness-about-common-conditon\/\" target=\"_blank\" rel=\"noopener\">lait maternel rouge<\/a> pour sensibiliser \u00e0 la mastite.<\/li>\n<\/ul>\n<p style=\"text-align: justify;\">&#8211; Une <a href=\"https:\/\/www.facebook.com\/163155964131661\/videos\/246485205798736\/\" target=\"_blank\" rel=\"noopener\">t\u00e9t\u00e9e<\/a> active !<\/p>\n<p><strong>Rappel<\/strong>\u00a0: vous pouvez traduire toutes les publications en anglais gr\u00e2ce \u00e0 Google et donc les lire \u00e0 peu pr\u00e8s correctement en fran\u00e7ais !<\/p>\n<p>Bonne\u00a0<strong>lecture<\/strong>\u00a0! Et surtout, n\u2019h\u00e9sitez pas \u00e0 nous faire\u00a0<strong>partager<\/strong>\u00a0vos d\u00e9couvertes<\/p>\n<p><strong>Articles en rapport :<\/strong><\/p>\n<p>Voir l\u2019onglet\u00a0<a title=\"Revues de presse\" href=\"https:\/\/www.lactissima.com\/a-tire-d-ailes\/revues-de-presse\/\" target=\"_blank\" rel=\"noopener noreferrer\">Revues de presse<\/a>.<\/p>\n<p>&nbsp;<\/p>\n<div class='et-box et-shadow'>\n\t\t\t\t\t<div class='et-box-content'>Lire des articles ou poser des questions en commentaire ne suffit pas \u00e0 r\u00e9soudre votre probl\u00e8me ? Savez-vous que vous pouvez prendre RDV pour une consultation avec moi ? N&rsquo;h\u00e9sitez pas \u00e0 me contacter !<\/div><\/div>\n","protected":false},"excerpt":{"rendered":"<p>Voici l\u2019actualit\u00e9\u00a0que j\u2019ai rep\u00e9r\u00e9e pour vous depuis un mois : &#8211; Des articles : Un tr\u00e8s bon article sur la freinotomie aux ciseaux ou au laser. Qu\u2019est-ce que le tire-allaitement ? Une exp\u00e9rience de tire-allaitement. En Roumanie : Limite d\u2019\u00e2ge pour allaiter dans des lieux publics ? Le syst\u00e8me d\u2019allaitement actuel est inhumain et co\u00fbteux. [&hellip;]<\/p>\n","protected":false},"author":170,"featured_media":3670,"comment_status":"open","ping_status":"open","sticky":false,"template":"","format":"standard","meta":{"_et_pb_use_builder":"","_et_pb_old_content":"","_et_gb_content_width":"","footnotes":""},"categories":[242],"tags":[],"class_list":["post-7574","post","type-post","status-publish","format-standard","has-post-thumbnail","hentry","category-revue-de-presse"],"yoast_head":"<!-- This site is optimized with the Yoast SEO plugin v27.4 - https:\/\/yoast.com\/product\/yoast-seo-wordpress\/ -->\n<title>La revue de presse d\u2019A tire d\u2019Ailes (82)<\/title>\n<meta name=\"description\" content=\"Beaucoup d&#039;\u00e9tudes sur l&#039;allaitement au mois de mars.\" \/>\n<meta name=\"robots\" content=\"index, follow, max-snippet:-1, max-image-preview:large, max-video-preview:-1\" \/>\n<link rel=\"canonical\" href=\"https:\/\/www.lactissima.com\/a-tire-d-ailes\/la-revue-de-presse-da-tire-dailes-82\/\" \/>\n<meta property=\"og:locale\" content=\"fr_FR\" \/>\n<meta property=\"og:type\" content=\"article\" \/>\n<meta property=\"og:title\" content=\"La revue de presse d\u2019A tire d\u2019Ailes (82)\" \/>\n<meta property=\"og:description\" content=\"Beaucoup d&#039;\u00e9tudes sur l&#039;allaitement au mois de mars.\" \/>\n<meta property=\"og:url\" content=\"https:\/\/www.lactissima.com\/a-tire-d-ailes\/la-revue-de-presse-da-tire-dailes-82\/\" \/>\n<meta property=\"og:site_name\" content=\"A tire d&#039;Ailes\" \/>\n<meta property=\"article:publisher\" content=\"https:\/\/www.facebook.com\/consultante.en.lactation\" \/>\n<meta property=\"article:author\" content=\"www.facebook.com\/consultante.en.lactation\" \/>\n<meta property=\"article:published_time\" content=\"2018-03-29T15:12:46+00:00\" \/>\n<meta property=\"article:modified_time\" content=\"2024-10-17T13:42:30+00:00\" \/>\n<meta property=\"og:image\" content=\"https:\/\/www.lactissima.com\/a-tire-d-ailes\/wp-content\/uploads\/journal1.jpg\" \/>\n\t<meta property=\"og:image:width\" content=\"231\" \/>\n\t<meta property=\"og:image:height\" content=\"300\" \/>\n\t<meta property=\"og:image:type\" content=\"image\/jpeg\" \/>\n<meta name=\"author\" content=\"V\u00e9ronique Darmangeat\" \/>\n<meta name=\"twitter:card\" content=\"summary_large_image\" \/>\n<meta name=\"twitter:creator\" content=\"@VeroniqueIBCLC\" \/>\n<meta name=\"twitter:site\" content=\"@VeroniqueIBCLC\" \/>\n<meta name=\"twitter:label1\" content=\"\u00c9crit par\" \/>\n\t<meta name=\"twitter:data1\" content=\"V\u00e9ronique Darmangeat\" \/>\n\t<meta name=\"twitter:label2\" content=\"Dur\u00e9e de lecture estim\u00e9e\" \/>\n\t<meta name=\"twitter:data2\" content=\"2 minutes\" \/>\n<script type=\"application\/ld+json\" class=\"yoast-schema-graph\">{\"@context\":\"https:\\\/\\\/schema.org\",\"@graph\":[{\"@type\":\"Article\",\"@id\":\"https:\\\/\\\/www.lactissima.com\\\/a-tire-d-ailes\\\/la-revue-de-presse-da-tire-dailes-82\\\/#article\",\"isPartOf\":{\"@id\":\"https:\\\/\\\/www.lactissima.com\\\/a-tire-d-ailes\\\/la-revue-de-presse-da-tire-dailes-82\\\/\"},\"author\":{\"name\":\"V\u00e9ronique Darmangeat\",\"@id\":\"https:\\\/\\\/www.lactissima.com\\\/a-tire-d-ailes\\\/#\\\/schema\\\/person\\\/8f98d3a89530861bc1240e6d53d44eed\"},\"headline\":\"La revue de presse d\u2019A tire d\u2019Ailes (82)\",\"datePublished\":\"2018-03-29T15:12:46+00:00\",\"dateModified\":\"2024-10-17T13:42:30+00:00\",\"mainEntityOfPage\":{\"@id\":\"https:\\\/\\\/www.lactissima.com\\\/a-tire-d-ailes\\\/la-revue-de-presse-da-tire-dailes-82\\\/\"},\"wordCount\":387,\"commentCount\":0,\"image\":{\"@id\":\"https:\\\/\\\/www.lactissima.com\\\/a-tire-d-ailes\\\/la-revue-de-presse-da-tire-dailes-82\\\/#primaryimage\"},\"thumbnailUrl\":\"https:\\\/\\\/www.lactissima.com\\\/a-tire-d-ailes\\\/wp-content\\\/uploads\\\/journal1.jpg\",\"articleSection\":[\"Revue de presse\"],\"inLanguage\":\"fr-FR\",\"potentialAction\":[{\"@type\":\"CommentAction\",\"name\":\"Comment\",\"target\":[\"https:\\\/\\\/www.lactissima.com\\\/a-tire-d-ailes\\\/la-revue-de-presse-da-tire-dailes-82\\\/#respond\"]}]},{\"@type\":\"WebPage\",\"@id\":\"https:\\\/\\\/www.lactissima.com\\\/a-tire-d-ailes\\\/la-revue-de-presse-da-tire-dailes-82\\\/\",\"url\":\"https:\\\/\\\/www.lactissima.com\\\/a-tire-d-ailes\\\/la-revue-de-presse-da-tire-dailes-82\\\/\",\"name\":\"La revue de presse d\u2019A tire d\u2019Ailes (82)\",\"isPartOf\":{\"@id\":\"https:\\\/\\\/www.lactissima.com\\\/a-tire-d-ailes\\\/#website\"},\"primaryImageOfPage\":{\"@id\":\"https:\\\/\\\/www.lactissima.com\\\/a-tire-d-ailes\\\/la-revue-de-presse-da-tire-dailes-82\\\/#primaryimage\"},\"image\":{\"@id\":\"https:\\\/\\\/www.lactissima.com\\\/a-tire-d-ailes\\\/la-revue-de-presse-da-tire-dailes-82\\\/#primaryimage\"},\"thumbnailUrl\":\"https:\\\/\\\/www.lactissima.com\\\/a-tire-d-ailes\\\/wp-content\\\/uploads\\\/journal1.jpg\",\"datePublished\":\"2018-03-29T15:12:46+00:00\",\"dateModified\":\"2024-10-17T13:42:30+00:00\",\"author\":{\"@id\":\"https:\\\/\\\/www.lactissima.com\\\/a-tire-d-ailes\\\/#\\\/schema\\\/person\\\/8f98d3a89530861bc1240e6d53d44eed\"},\"description\":\"Beaucoup d'\u00e9tudes sur l'allaitement au mois de mars.\",\"breadcrumb\":{\"@id\":\"https:\\\/\\\/www.lactissima.com\\\/a-tire-d-ailes\\\/la-revue-de-presse-da-tire-dailes-82\\\/#breadcrumb\"},\"inLanguage\":\"fr-FR\",\"potentialAction\":[{\"@type\":\"ReadAction\",\"target\":[\"https:\\\/\\\/www.lactissima.com\\\/a-tire-d-ailes\\\/la-revue-de-presse-da-tire-dailes-82\\\/\"]}]},{\"@type\":\"ImageObject\",\"inLanguage\":\"fr-FR\",\"@id\":\"https:\\\/\\\/www.lactissima.com\\\/a-tire-d-ailes\\\/la-revue-de-presse-da-tire-dailes-82\\\/#primaryimage\",\"url\":\"https:\\\/\\\/www.lactissima.com\\\/a-tire-d-ailes\\\/wp-content\\\/uploads\\\/journal1.jpg\",\"contentUrl\":\"https:\\\/\\\/www.lactissima.com\\\/a-tire-d-ailes\\\/wp-content\\\/uploads\\\/journal1.jpg\",\"width\":\"231\",\"height\":\"300\",\"caption\":\"revues de presse allaitement\"},{\"@type\":\"BreadcrumbList\",\"@id\":\"https:\\\/\\\/www.lactissima.com\\\/a-tire-d-ailes\\\/la-revue-de-presse-da-tire-dailes-82\\\/#breadcrumb\",\"itemListElement\":[{\"@type\":\"ListItem\",\"position\":1,\"name\":\"Accueil\",\"item\":\"https:\\\/\\\/www.lactissima.com\\\/a-tire-d-ailes\\\/\"},{\"@type\":\"ListItem\",\"position\":2,\"name\":\"La revue de presse d\u2019A tire d\u2019Ailes (82)\"}]},{\"@type\":\"WebSite\",\"@id\":\"https:\\\/\\\/www.lactissima.com\\\/a-tire-d-ailes\\\/#website\",\"url\":\"https:\\\/\\\/www.lactissima.com\\\/a-tire-d-ailes\\\/\",\"name\":\"A tire d&#039;Ailes\",\"description\":\"Le blog des femmes qui allaitent et travaillent.\",\"potentialAction\":[{\"@type\":\"SearchAction\",\"target\":{\"@type\":\"EntryPoint\",\"urlTemplate\":\"https:\\\/\\\/www.lactissima.com\\\/a-tire-d-ailes\\\/?s={search_term_string}\"},\"query-input\":{\"@type\":\"PropertyValueSpecification\",\"valueRequired\":true,\"valueName\":\"search_term_string\"}}],\"inLanguage\":\"fr-FR\"},{\"@type\":\"Person\",\"@id\":\"https:\\\/\\\/www.lactissima.com\\\/a-tire-d-ailes\\\/#\\\/schema\\\/person\\\/8f98d3a89530861bc1240e6d53d44eed\",\"name\":\"V\u00e9ronique Darmangeat\",\"image\":{\"@type\":\"ImageObject\",\"inLanguage\":\"fr-FR\",\"@id\":\"https:\\\/\\\/secure.gravatar.com\\\/avatar\\\/268c99344c89cebfe4f5df5fa8be43068a18884fc76a29f3206fae98465b9cab?s=96&d=identicon&r=g\",\"url\":\"https:\\\/\\\/secure.gravatar.com\\\/avatar\\\/268c99344c89cebfe4f5df5fa8be43068a18884fc76a29f3206fae98465b9cab?s=96&d=identicon&r=g\",\"contentUrl\":\"https:\\\/\\\/secure.gravatar.com\\\/avatar\\\/268c99344c89cebfe4f5df5fa8be43068a18884fc76a29f3206fae98465b9cab?s=96&d=identicon&r=g\",\"caption\":\"V\u00e9ronique Darmangeat\"},\"sameAs\":[\"https:\\\/\\\/www.lactissima.com\\\/a-tire-d-ailes\",\"www.facebook.com\\\/consultante.en.lactation\"]}]}<\/script>\n<!-- \/ Yoast SEO plugin. -->","yoast_head_json":{"title":"La revue de presse d\u2019A tire d\u2019Ailes (82)","description":"Beaucoup d'\u00e9tudes sur l'allaitement au mois de mars.","robots":{"index":"index","follow":"follow","max-snippet":"max-snippet:-1","max-image-preview":"max-image-preview:large","max-video-preview":"max-video-preview:-1"},"canonical":"https:\/\/www.lactissima.com\/a-tire-d-ailes\/la-revue-de-presse-da-tire-dailes-82\/","og_locale":"fr_FR","og_type":"article","og_title":"La revue de presse d\u2019A tire d\u2019Ailes (82)","og_description":"Beaucoup d'\u00e9tudes sur l'allaitement au mois de mars.","og_url":"https:\/\/www.lactissima.com\/a-tire-d-ailes\/la-revue-de-presse-da-tire-dailes-82\/","og_site_name":"A tire d&#039;Ailes","article_publisher":"https:\/\/www.facebook.com\/consultante.en.lactation","article_author":"www.facebook.com\/consultante.en.lactation","article_published_time":"2018-03-29T15:12:46+00:00","article_modified_time":"2024-10-17T13:42:30+00:00","og_image":[{"width":231,"height":300,"url":"https:\/\/www.lactissima.com\/a-tire-d-ailes\/wp-content\/uploads\/journal1.jpg","type":"image\/jpeg"}],"author":"V\u00e9ronique Darmangeat","twitter_card":"summary_large_image","twitter_creator":"@VeroniqueIBCLC","twitter_site":"@VeroniqueIBCLC","twitter_misc":{"\u00c9crit par":"V\u00e9ronique Darmangeat","Dur\u00e9e de lecture estim\u00e9e":"2 minutes"},"schema":{"@context":"https:\/\/schema.org","@graph":[{"@type":"Article","@id":"https:\/\/www.lactissima.com\/a-tire-d-ailes\/la-revue-de-presse-da-tire-dailes-82\/#article","isPartOf":{"@id":"https:\/\/www.lactissima.com\/a-tire-d-ailes\/la-revue-de-presse-da-tire-dailes-82\/"},"author":{"name":"V\u00e9ronique Darmangeat","@id":"https:\/\/www.lactissima.com\/a-tire-d-ailes\/#\/schema\/person\/8f98d3a89530861bc1240e6d53d44eed"},"headline":"La revue de presse d\u2019A tire d\u2019Ailes (82)","datePublished":"2018-03-29T15:12:46+00:00","dateModified":"2024-10-17T13:42:30+00:00","mainEntityOfPage":{"@id":"https:\/\/www.lactissima.com\/a-tire-d-ailes\/la-revue-de-presse-da-tire-dailes-82\/"},"wordCount":387,"commentCount":0,"image":{"@id":"https:\/\/www.lactissima.com\/a-tire-d-ailes\/la-revue-de-presse-da-tire-dailes-82\/#primaryimage"},"thumbnailUrl":"https:\/\/www.lactissima.com\/a-tire-d-ailes\/wp-content\/uploads\/journal1.jpg","articleSection":["Revue de presse"],"inLanguage":"fr-FR","potentialAction":[{"@type":"CommentAction","name":"Comment","target":["https:\/\/www.lactissima.com\/a-tire-d-ailes\/la-revue-de-presse-da-tire-dailes-82\/#respond"]}]},{"@type":"WebPage","@id":"https:\/\/www.lactissima.com\/a-tire-d-ailes\/la-revue-de-presse-da-tire-dailes-82\/","url":"https:\/\/www.lactissima.com\/a-tire-d-ailes\/la-revue-de-presse-da-tire-dailes-82\/","name":"La revue de presse d\u2019A tire d\u2019Ailes (82)","isPartOf":{"@id":"https:\/\/www.lactissima.com\/a-tire-d-ailes\/#website"},"primaryImageOfPage":{"@id":"https:\/\/www.lactissima.com\/a-tire-d-ailes\/la-revue-de-presse-da-tire-dailes-82\/#primaryimage"},"image":{"@id":"https:\/\/www.lactissima.com\/a-tire-d-ailes\/la-revue-de-presse-da-tire-dailes-82\/#primaryimage"},"thumbnailUrl":"https:\/\/www.lactissima.com\/a-tire-d-ailes\/wp-content\/uploads\/journal1.jpg","datePublished":"2018-03-29T15:12:46+00:00","dateModified":"2024-10-17T13:42:30+00:00","author":{"@id":"https:\/\/www.lactissima.com\/a-tire-d-ailes\/#\/schema\/person\/8f98d3a89530861bc1240e6d53d44eed"},"description":"Beaucoup d'\u00e9tudes sur l'allaitement au mois de mars.","breadcrumb":{"@id":"https:\/\/www.lactissima.com\/a-tire-d-ailes\/la-revue-de-presse-da-tire-dailes-82\/#breadcrumb"},"inLanguage":"fr-FR","potentialAction":[{"@type":"ReadAction","target":["https:\/\/www.lactissima.com\/a-tire-d-ailes\/la-revue-de-presse-da-tire-dailes-82\/"]}]},{"@type":"ImageObject","inLanguage":"fr-FR","@id":"https:\/\/www.lactissima.com\/a-tire-d-ailes\/la-revue-de-presse-da-tire-dailes-82\/#primaryimage","url":"https:\/\/www.lactissima.com\/a-tire-d-ailes\/wp-content\/uploads\/journal1.jpg","contentUrl":"https:\/\/www.lactissima.com\/a-tire-d-ailes\/wp-content\/uploads\/journal1.jpg","width":"231","height":"300","caption":"revues de presse allaitement"},{"@type":"BreadcrumbList","@id":"https:\/\/www.lactissima.com\/a-tire-d-ailes\/la-revue-de-presse-da-tire-dailes-82\/#breadcrumb","itemListElement":[{"@type":"ListItem","position":1,"name":"Accueil","item":"https:\/\/www.lactissima.com\/a-tire-d-ailes\/"},{"@type":"ListItem","position":2,"name":"La revue de presse d\u2019A tire d\u2019Ailes (82)"}]},{"@type":"WebSite","@id":"https:\/\/www.lactissima.com\/a-tire-d-ailes\/#website","url":"https:\/\/www.lactissima.com\/a-tire-d-ailes\/","name":"A tire d&#039;Ailes","description":"Le blog des femmes qui allaitent et travaillent.","potentialAction":[{"@type":"SearchAction","target":{"@type":"EntryPoint","urlTemplate":"https:\/\/www.lactissima.com\/a-tire-d-ailes\/?s={search_term_string}"},"query-input":{"@type":"PropertyValueSpecification","valueRequired":true,"valueName":"search_term_string"}}],"inLanguage":"fr-FR"},{"@type":"Person","@id":"https:\/\/www.lactissima.com\/a-tire-d-ailes\/#\/schema\/person\/8f98d3a89530861bc1240e6d53d44eed","name":"V\u00e9ronique Darmangeat","image":{"@type":"ImageObject","inLanguage":"fr-FR","@id":"https:\/\/secure.gravatar.com\/avatar\/268c99344c89cebfe4f5df5fa8be43068a18884fc76a29f3206fae98465b9cab?s=96&d=identicon&r=g","url":"https:\/\/secure.gravatar.com\/avatar\/268c99344c89cebfe4f5df5fa8be43068a18884fc76a29f3206fae98465b9cab?s=96&d=identicon&r=g","contentUrl":"https:\/\/secure.gravatar.com\/avatar\/268c99344c89cebfe4f5df5fa8be43068a18884fc76a29f3206fae98465b9cab?s=96&d=identicon&r=g","caption":"V\u00e9ronique Darmangeat"},"sameAs":["https:\/\/www.lactissima.com\/a-tire-d-ailes","www.facebook.com\/consultante.en.lactation"]}]}},"_links":{"self":[{"href":"https:\/\/www.lactissima.com\/a-tire-d-ailes\/wp-json\/wp\/v2\/posts\/7574","targetHints":{"allow":["GET"]}}],"collection":[{"href":"https:\/\/www.lactissima.com\/a-tire-d-ailes\/wp-json\/wp\/v2\/posts"}],"about":[{"href":"https:\/\/www.lactissima.com\/a-tire-d-ailes\/wp-json\/wp\/v2\/types\/post"}],"author":[{"embeddable":true,"href":"https:\/\/www.lactissima.com\/a-tire-d-ailes\/wp-json\/wp\/v2\/users\/170"}],"replies":[{"embeddable":true,"href":"https:\/\/www.lactissima.com\/a-tire-d-ailes\/wp-json\/wp\/v2\/comments?post=7574"}],"version-history":[{"count":8,"href":"https:\/\/www.lactissima.com\/a-tire-d-ailes\/wp-json\/wp\/v2\/posts\/7574\/revisions"}],"predecessor-version":[{"id":9592,"href":"https:\/\/www.lactissima.com\/a-tire-d-ailes\/wp-json\/wp\/v2\/posts\/7574\/revisions\/9592"}],"wp:featuredmedia":[{"embeddable":true,"href":"https:\/\/www.lactissima.com\/a-tire-d-ailes\/wp-json\/wp\/v2\/media\/3670"}],"wp:attachment":[{"href":"https:\/\/www.lactissima.com\/a-tire-d-ailes\/wp-json\/wp\/v2\/media?parent=7574"}],"wp:term":[{"taxonomy":"category","embeddable":true,"href":"https:\/\/www.lactissima.com\/a-tire-d-ailes\/wp-json\/wp\/v2\/categories?post=7574"},{"taxonomy":"post_tag","embeddable":true,"href":"https:\/\/www.lactissima.com\/a-tire-d-ailes\/wp-json\/wp\/v2\/tags?post=7574"}],"curies":[{"name":"wp","href":"https:\/\/api.w.org\/{rel}","templated":true}]}}