{"id":7552,"date":"2018-03-08T08:22:04","date_gmt":"2018-03-08T07:22:04","guid":{"rendered":"https:\/\/www.lactissima.com\/a-tire-d-ailes\/?p=7552"},"modified":"2018-03-08T08:22:04","modified_gmt":"2018-03-08T07:22:04","slug":"lallaitement-de-jumelles-le-temoignage-de-ghislaine","status":"publish","type":"post","link":"https:\/\/www.lactissima.com\/a-tire-d-ailes\/lallaitement-de-jumelles-le-temoignage-de-ghislaine\/","title":{"rendered":"L&rsquo;allaitement de jumelles : le t\u00e9moignage de Ghislaine"},"content":{"rendered":"<p style=\"text-align: justify;\"><img loading=\"lazy\" decoding=\"async\" class=\"alignright size-full wp-image-7553\" src=\"https:\/\/www.lactissima.com\/a-tire-d-ailes\/wp-content\/uploads\/2018\/03\/ghis.jpg\" alt=\"allaitement jumeaux\" width=\"330\" height=\"248\" srcset=\"https:\/\/www.lactissima.com\/a-tire-d-ailes\/wp-content\/uploads\/2018\/03\/ghis.jpg 330w, https:\/\/www.lactissima.com\/a-tire-d-ailes\/wp-content\/uploads\/2018\/03\/ghis-300x225.jpg 300w\" sizes=\"(max-width: 330px) 100vw, 330px\" \/>J\u2019ai 28 ans et j\u2019ai l\u2019immense bonheur d\u2019\u00eatre maman allaitante de deux petites filles, Ad\u00e8le et Ambre. Elles sont n\u00e9es par voies basses apr\u00e8s d\u00e9clenchement 3 semaines avant terme, pesaient 2kg850 et 2kg630 et \u00e9taient en parfaite sant\u00e9.<\/p>\n<p style=\"text-align: justify;\">Depuis \u00ab toujours \u00bb la question ne se posait pas : j\u2019allaiterai !<br \/>\nEnceinte, j\u2019\u00e9tais d\u00e9termin\u00e9e et je me suis beaucoup document\u00e9e sur internet. La seule chose qui me hantait c\u2019\u00e9tait la r\u00e9ussite de l\u2019allaitement et plus j\u2019avais de connaissances sur ses bienfaits plus je me disais qu\u2019il \u00e9tait impossible qu\u2019il en soit autrement.<br \/>\n\u00c9videmment on trouve moins d\u2019informations pour l\u2019allaitement de deux enfants mais le peu que j\u2019ai trouv\u00e9 \u00e9tait rassurant : c\u2019est possible !! Et puis je faisais <strong>confiance<\/strong> \u00e0 mon instinct et ma d\u00e9termination&#8230; Je m\u2019\u00e9tais fix\u00e9e pour objectif 6 mois exclusifs.<\/p>\n<p style=\"text-align: justify;\">Le <strong>Papa<\/strong> \u00e9tait de tout c\u0153ur avec moi et mes choix, j\u2019ai voulu qu\u2019il assiste au cours de pr\u00e9paration \u00e0 l\u2019accouchement sur l\u2019allaitement pour \u00eatre autant inform\u00e9 que moi car je redoutais les moments durs et je voulais qu\u2019il m\u2019aide et me soutienne.<\/p>\n<p style=\"text-align: justify;\">En salle d\u2019accouchement nous avons pratiqu\u00e9 une petite t\u00e9t\u00e9e d\u2019accueil. Les premiers jours elles dormaient beaucoup, ont eu un ict\u00e8re physiologique ce qui n\u2019a pas aid\u00e9 car \u00e7a les fatiguait. Le papa et moi les stimulions lors des t\u00e9t\u00e9es en changeant leurs couches avant, en les d\u00e9couvrant, en les titillant pendant&#8230;<br \/>\nLors du 2\u00e8me jour, l\u2019\u00e9quipe m\u00e9dicale m\u2019a un peu fait paniquer par rapport \u00e0 la perte de poids de mes filles car elles avaient perdu 10% comme tous les b\u00e9b\u00e9s mais pour elles, petits poids, \u00e7a faisait beaucoup. Alors ils ont voulu que je leur donne des compl\u00e9ments apr\u00e8s les t\u00e9t\u00e9es, au biberon&#8230; quelle horreur pour moi ! Alors j\u2019ai mis les bouch\u00e9es doubles !! Je pr\u00e9levais manuellement mon <strong>colostrum<\/strong> pendant 45 min pour 10ml que je mettais dans une seringue pour le leur donner. Je pouvais le garder 4h en chambre.<br \/>\nEt j\u2019ai fini par donner, sous la pression des soignants, du lait artificiel. Je craignais la confusion sein\/t\u00e9tine. Au d\u00e9but nous avons donn\u00e9 goutte par goutte \u00e0 la seringue puis un ou deux biberons de 5\/10ml. \u00c7a n\u2019a dur\u00e9 que quelques heures&#8230; j\u2019ai vite dit qu\u2019elles ne voulaient pas du lait artificiel alors que je n\u2019essayais m\u00eame pas car je savais que le poids allait remonter et c\u2019est ce qu\u2019il s\u2019est pass\u00e9.<br \/>\nMais cette peur de la prise de poids et du \u00ab il faut qu\u2019elles t\u00e8tent, qu\u2019elles t\u00e8tent !! \u00bb m\u2019est rest\u00e9e de longues semaines. J\u2019\u00e9tais obnubil\u00e9e par l\u2019allaitement. J\u2019avais m\u00eame beaucoup de mal \u00e0 me concentrer sur autre chose, \u00e0 faire \u00e0 manger tout simplement. J\u2019\u00e9tais toujours sur le qui-vive et il fallait que je sois \u00e0 100% disponible pour mes filles \u00e0 la seconde o\u00f9 elles r\u00e9clamaient.<\/p>\n<p style=\"text-align: justify;\">Nous leur avons donn\u00e9 les <strong>t\u00e9tines<\/strong> \u00e0 une semaine, apr\u00e8s avoir pass\u00e9 de long moment \u00e0 la maternit\u00e9, la nuit, debout entre les deux berceaux avec les petits doigts dans la bouche pour calmer leur besoin de succion. Il y a eu une confusion\u2026 Au d\u00e9but de la t\u00e9t\u00e9e, elles t\u00e9taient mon sein comme leur t\u00e9tine.<br \/>\nDe plus, \u00e0 cause de l\u2019utilisation de la ventouse lors de l\u2019accouchement, Ad\u00e8le avait la m\u00e2choire qui n\u2019\u00e9tait pas sym\u00e9trique ce qui compliquait la t\u00e9t\u00e9e et me faisait un peu mal. Au bout de 2\/3 semaines j\u2019avais les t\u00e9tons rouge vif, irrit\u00e9s. J\u2019avais mal mais je me disais \u00ab accroche toi \u00e7a va passer \u00bb. J\u2019ai utilis\u00e9 les bouts de seins et c\u2019\u00e9tait tr\u00e8s pratique car elles prenaient le sein plus facilement surtout quand je les mettais ensemble en position ballon de rugby. Mais apr\u00e8s deux semaines d\u2019utilisation, Ambre ne pouvait plus s\u2019en passer alors je me suis dit qu\u2019il fallait vite les supprimer. Ajout\u00e9 \u00e0 l\u2019utilisation de la t\u00e9tine \u00e7a faisait beaucoup de confusions pour elle. J\u2019ai bataill\u00e9 une dizaine de jours pour qu\u2019elle ret\u00e8te correctement sans. Et je tiens \u00e0 pr\u00e9ciser que je n\u2019ai jamais eu de crevasses ou autres gr\u00e2ce \u00e0 la bonne compr\u00e9hension du positionnement des filles et en mettant de la lanoline apr\u00e8s chaque t\u00e9t\u00e9e !<\/p>\n<p style=\"text-align: justify;\">La prise de leur premier <strong>biberon<\/strong> ?! Un grand moment pour moi\u2026. Avec mon lait \u00e9videmment. Elles avaient 2 mois et demi. Enceinte je m\u2019\u00e9tais dit que je tirerais mon lait pour que le papa puisse avoir le plaisir de nourrir ses filles, sans me rendre compte que ce n\u2019est pas anodin et que c\u2019est toute une logistique. Pour le repas de No\u00ebl nous \u00e9tions invit\u00e9s et je pr\u00e9f\u00e9rais donner un biberon plut\u00f4t que de \u00ab d\u00e9baller le g\u00e9n\u00e9reux matos \u00bb en public (Allaiter 2 b\u00e9b\u00e9s en m\u00eame temps n\u2019est pas tr\u00e8s discret et j\u2019ai horreur que l\u2019on me scrute pendant ce moment). Alors nous nous sommes entra\u00een\u00e9s au calme tous les 4 la veille. Moi je ne pouvais pas le donner, il m\u2019a fallu deux semaines de pr\u00e9paration psychologique pour d\u00e9j\u00e0 accepter le fait qu\u2019elles prennent un biberon. J\u2019avais le sentiment de trahir mes filles et puis peut \u00eatre au fond la peur qu\u2019elles ne veuillent plus le sein\u2026 je me suis mise loin d\u2019eux et je regardais avec les larmes aux yeux le papa tr\u00e8s content de donner le premier biberon \u00e0 ses filles. Elles l\u2019ont englouti comme si elles avaient toujours fait \u00e7a ! En me fixant du regard !! Avec une t\u00e9tine lambda et il n\u2019y a eu aucune confusion ou refus de sein apr\u00e8s mais peut-\u00eatre un petit peu d\u2019impatience qu\u2019au sein \u00e7a ne coule pas aussi vite mais ce n\u2019est que mon interpr\u00e9tation.<\/p>\n<p style=\"text-align: justify;\">Les deux premiers mois ont \u00e9t\u00e9 extr\u00eamement \u00e9prouvant&#8230; je m\u2019en f\u00e9licite encore.<br \/>\nJe les faisais t\u00e9ter \u00e0 tour de r\u00f4le, rarement \u00e0 deux car je voulais respecter le rythme de chacune et puis c\u2019\u00e9tait aussi plus simple pour l\u2019apprentissage. <strong>La nuit je faisais jusqu\u2019\u00e0 12 t\u00e9t\u00e9es<\/strong>&#8230; je vous laisse imaginer les minutes de sommeil qu\u2019il restait pour moi&#8230; heureusement le papa \u00e9tait beaucoup pr\u00e9sent et je dormais en g\u00e9n\u00e9ral 1h30 l\u2019apr\u00e8s-midi. J\u2019ai atteint des niveaux de fatigue extr\u00eame&#8230;<\/p>\n<p style=\"text-align: justify;\">A leurs 3 semaines, j\u2019ai eu un <strong>engorgement<\/strong>. Tous les sympt\u00f4mes d\u2019une grippe et je croyais que s\u2019en \u00e9tait une ! J\u2019ai dit \u00e0 mon conjoint apr\u00e8s toute une matin\u00e9e \u00e0 pleurer toutes les larmes de mon corps \u00ab va acheter une bo\u00eete de lait, je suis \u00e0 bout, je peux plus! \u00bb. Et heureusement un ami dont la femme a allait\u00e9 prenait des nouvelles de moi \u00e0 ce moment-l\u00e0, je lui ai dit \u00ab je crois que j\u2019ai la grippe \u00e7a ne va pas du tout \u00bb et c\u2019est lui qui m\u2019a inform\u00e9 que l\u2019engorgement donnait ces sympt\u00f4mes. Bingo c\u2019\u00e9tait \u00e7a ! Je ne l\u2019aurais jamais devin\u00e9 ! J\u2019avais simplement une petite douleur en haut d\u2019un sein vers l\u2019aisselle. Et dans les semaines suivantes j\u2019ai fait 2 d\u00e9buts d\u2019engorgement que j\u2019ai imm\u00e9diatement reconnus et soulag\u00e9s par parac\u00e9tamol et t\u00e9t\u00e9es +++. Un \u00e0 cause de mon soutien-gorge trop serr\u00e9 et l\u2019autre \u00e0 cause d\u2019une tr\u00e8s grosse contrari\u00e9t\u00e9.<\/p>\n<p style=\"text-align: justify;\">J\u2019ai demand\u00e9 conseil et du <strong>soutien<\/strong> \u00e0 des amies qui ont eu une exp\u00e9rience d\u2019allaitement long et positif mais il y a eu aussi l\u2019entourage qui n\u2019a pas allait\u00e9 ou qui n\u2019a pas r\u00e9ussi \u00e0 mener \u00e0 bien son allaitement et qui commente sans arr\u00eat vos faits et gestes, veut vous donner de grosses b\u00eatises en guise de conseil. D\u2019o\u00f9 l\u2019int\u00e9r\u00eat d\u2019avoir de solides connaissances pour ne pas se laisser influencer. Ou dans les moments o\u00f9 vous avez besoin d\u2019encouragement, on vous conseille de passer au lait artificiel alors que c\u2019est la derni\u00e8re chose que vous souhaitez. Ce n\u2019est pas tant l\u2019allaitement qui fatigue, c\u2019est d\u2019avoir deux b\u00e9b\u00e9s tout simplement et surtout de ne pas dormir la nuit. Je ne me serais pas vu descendre plusieurs fois au rez-de-chauss\u00e9e pour pr\u00e9parer les biberons dans la cuisine, allumer toutes les lumi\u00e8res etc\u2026 Allaiter c\u2019est avoir toujours du lait pr\u00eat et \u00e0 temp\u00e9rature id\u00e9ale en toutes circonstances.<\/p>\n<p style=\"text-align: justify;\">Une fois nous avons m\u00eame eu une coupure d\u2019eau et d\u2019\u00e9lectricit\u00e9 pendant 12h \u00e0 la maison, j\u2019\u00e9tais ravie d\u2019allaiter.<br \/>\nElles ont souvent dormi avec moi les 2 premiers mois. Une de chaque c\u00f4t\u00e9 et je me tournais d\u2019un c\u00f4t\u00e9 puis de l\u2019autre. Alors quand je faisais t\u00e9ter une et que l\u2019autre voulait aussi et pleurait dans mon dos j\u2019avais la pression ! Mais \u00e0 un moment donn\u00e9 j\u2019avais l\u2019impression qu\u2019elles voulaient t\u00e9ter encore plus car en t\u00e9tant allong\u00e9 elles se rendormaient beaucoup plus vite et t\u00e9taient moins. Puis je pense que mon contact leur donnait envie aussi, mes mouvements les r\u00e9veillaient. Alors j\u2019ai essay\u00e9 plusieurs choses et le mieux a \u00e9t\u00e9 de les faire dormir chacune dans un berceau \u00e0 c\u00f4t\u00e9 de moi.<\/p>\n<p style=\"text-align: justify;\">A 1 mois et demi\/2 mois elles ont commenc\u00e9 \u00e0 dormir 4 \u00e0 6h d\u2019affil\u00e9es puis rapidement n&rsquo;ont t\u00e9t\u00e9 qu\u2019une fois dans la nuit. Le comble c\u2019est que c\u2019est moi \u00e0 la fin qui leur sautait dessus pour les faire t\u00e9ter car mes seins \u00e9taient deux grosses boules \u00e9normes et douloureuses et puis \u00e7a me rassurait de maintenir une t\u00e9t\u00e9e pour la lactation. Jusqu\u2019\u00e0 la derni\u00e8re nuit o\u00f9 \u00e0 peine r\u00e9veill\u00e9e je les ai fait t\u00e9ter et elles se sont rendormies sur mes seins en 30 secondes. Je me suis dit qu\u2019il \u00e9tait temps de <strong>les laisser dormir<\/strong>. Depuis elles dorment de 20H30 \u00e0 7h environ et ma lactation s\u2019est r\u00e9gl\u00e9e petit \u00e0 petit. Je ne produis plus la nuit ou du moins peu.<\/p>\n<p style=\"text-align: justify;\">Jusqu\u2019\u00e0 3 mois environ, les t\u00e9t\u00e9es duraient en moyenne 45 min et il se passait 2h entre deux d\u00e9buts de t\u00e9t\u00e9es. Les rares fois o\u00f9 elles n\u2019\u00e9taient pas synchros, je passais de longues heures sur le canap\u00e9 \u00e0 allaiter. Il m\u2019est arriv\u00e9 de rester 6h sans bouger lors d\u2019un pic de croissance certainement. Mais depuis, c\u2019est beaucoup plus rapide. En 5\/10min c\u2019est fait !<\/p>\n<p style=\"text-align: justify;\">En fait ce qu\u2019il faut se dire c\u2019est que chaque semaine qui arrive sera beaucoup <strong>plus facile<\/strong> que celle qui vient de passer et chaque petit probl\u00e8me va passer plus rapidement que l\u2019on croit.<br \/>\nJ\u2019ai plusieurs fois craqu\u00e9 d\u2019\u00e9puisement physique et psychologique car on ne peut d\u00e9l\u00e9guer cet acte \u00e0 personne et il faut toujours \u00eatre pr\u00e9sente et disponible mais l\u2019allaitement m\u2019apporte une<strong> relation unique<\/strong> avec mes filles que personne d\u2019autre ne peux vivre ! A chaque t\u00e9t\u00e9e elles se tiennent et se caressent les mains, se regardent\u2026 c\u2019est beau \u00e0 voir !<\/p>\n<p style=\"text-align: justify;\">Depuis leur 2 mois je les fais t\u00e9ter toutes les deux ensembles en ballon de rugby. Elles sont cal\u00e9es pareils au niveau dodo et t\u00e9t\u00e9es. Alors \u00e7a rend les sorties difficiles car \u00e0 l\u2019ext\u00e9rieur il est difficile de les allaiter de cette fa\u00e7on sur un banc public ! Mais ce n\u2019est pas grave, ce n\u2019est que pour quelques mois. Nous arrivons \u00e0 faire des petites promenades entre deux t\u00e9t\u00e9es. Qu\u2019elles aient le m\u00eame rythme est la cl\u00e9 de beaucoup de choses.<\/p>\n<p style=\"text-align: justify;\"><img loading=\"lazy\" decoding=\"async\" class=\"alignright size-full wp-image-7554\" src=\"https:\/\/www.lactissima.com\/a-tire-d-ailes\/wp-content\/uploads\/2018\/03\/ghis2.jpg\" alt=\"allaitement jumeaux\" width=\"274\" height=\"366\" srcset=\"https:\/\/www.lactissima.com\/a-tire-d-ailes\/wp-content\/uploads\/2018\/03\/ghis2.jpg 274w, https:\/\/www.lactissima.com\/a-tire-d-ailes\/wp-content\/uploads\/2018\/03\/ghis2-225x300.jpg 225w\" sizes=\"(max-width: 274px) 100vw, 274px\" \/>Il y a autre chose aussi dont je voulais parler, que je n\u2019ai lu nulle part, mais je n\u2019ai pas tout lu non plus\u2026. je crois que nous avons aussi une <strong>d\u00e9pendance<\/strong> physique et psychique \u00e0 l\u2019allaitement. Et que lorsque l\u2019on emploie le mot sevrage, il y a celui de l\u2019enfant mais aussi de la m\u00e8re. Alors surement est-ce d\u00fb \u00e0 la s\u00e9cr\u00e9tion d\u2019ocytocine et en s\u00e9cr\u00e9tant deux fois plus de cette hormone, peut \u00eatre que je le ressens deux fois plus fort ? Au bout d\u2019un mois et demi je disais \u00e0 mon conjoint que je ressentais de plus en plus de plaisir \u00e0 allaiter, que quand venait ce moment je ressentais presque une excitation, une grande joie ! Que j\u2019adorais de plus en plus la sensation. Et de plus en plus j\u2019ai ressenti la lib\u00e9ration d\u2019ocytocine dans mon corps. Tous les matins quand \u00e7a fait 10h ou plus qu\u2019elles n\u2019ont pas t\u00e9t\u00e9, je le ressens tr\u00e8s fort et je suis oblig\u00e9e de ne pas penser \u00e0 la t\u00e9t\u00e9e qui arrive car sinon je me provoque une \u00e9jection de lait avant. Je me suis m\u00eame \u00e9tonn\u00e9e un soir\u2026 je les ai laiss\u00e9es avec leur papa pour me rendre \u00e0 l\u2019anniversaire d\u2019une amie. A l\u2019heure de la derni\u00e8re t\u00e9t\u00e9e, il devait donner des biberons. Et bien \u00e0 partir de 20h30 j\u2019ai commenc\u00e9 \u00e0 \u00eatre prise d\u2019une angoisse incontr\u00f4lable, de pleurs. J\u2019ai d\u00fb rentrer, et ce n\u2019\u00e9tait pas le fait d\u2019\u00eatre loin de mes filles car j\u2019ai pleur\u00e9 jusqu\u2019\u00e0 m\u2019endormir\u2026<\/p>\n<p style=\"text-align: justify;\">Je crois que je suis tellement accro que j\u2019ai d\u00e9cid\u00e9 il y a un mois d\u2019aller au-del\u00e0 des 6 mois, de <strong>continuer en travaillant<\/strong> et j\u2019ai dit \u00e0 mon conjoint \u00ab Mais en fait je ne voudrais jamais arr\u00eater je crois ! \u00bb et donc je ne me donne plus de limite et souhaiterai m\u00eame aller jusqu\u2019au sevrage naturel\u2026 et l\u00e0 encore une fois les remarques fusent de tous les c\u00f4t\u00e9s\u2026 Mon conjoint me taquine en appelant \u00e7a \u00ab Ma Drogue !! \u00bb mais il me soutient et me d\u00e9fend aupr\u00e8s des personnes non tol\u00e9rantes.<\/p>\n<p style=\"text-align: justify;\">Aujourd\u2019hui elles ont 4 mois et demi et je suis tellement fi\u00e8re d\u2019avoir pass\u00e9 ces premi\u00e8res semaines difficiles, si <strong>fi\u00e8re<\/strong> de nourrir mes filles par moi-m\u00eame ! Elles ont une tr\u00e8s belle croissance ! De la naissance \u00e0 3 mois, Ad\u00e8le prenait 40 grammes par jour et Ambre 32 grammes alors qu\u2019on demande un minimum de 15\/20gr par jour\u2026 Elles n\u2019ont jamais \u00e9t\u00e9 malades malgr\u00e9 la p\u00e9riode hivernale en cours. Le papa et moi avons pourtant eu une rhinopharyngite tous les deux ! Vers 1 mois elles avaient eu une conjonctivite et le lait \u00e9tant entre autres antiseptique, je les ai soign\u00e9es avec des gouttes de mon lait dans les yeux.<\/p>\n<p style=\"text-align: justify;\">Je reprends mon m\u00e9tier d\u2019<strong>infirmi\u00e8re lib\u00e9rale<\/strong> dans 1 mois et demi, \u00e0 leur 6 mois et depuis 3 semaines je commence mes stocks. Lorsque je tire bien, c\u2019est ma petite victoire personnelle du jour ! Je tire le plus vite possible apr\u00e8s la premi\u00e8re t\u00e9t\u00e9e du matin. Au d\u00e9but, forte de ma motivation, je tirais 1h apr\u00e8s la derni\u00e8re t\u00e9t\u00e9e du soir mais tirant de moins en moins, je me suis d\u00e9motiv\u00e9e et ai gard\u00e9 que le tirage du matin. Je regrette presque de ne pas avoir tir\u00e9 plus t\u00f4t car quand elles avaient 3 mois je me souviens encore avoir tir\u00e9 400ml en 7 minutes et me dire : je m\u2019arr\u00eate l\u00e0 au cas o\u00f9 elles se r\u00e9veilleraient.<\/p>\n<p style=\"text-align: justify;\">J\u2019esp\u00e8re de tout mon c\u0153ur que je vais continuer \u00e0 allaiter le plus longtemps possible car je le vivrais comme un \u00e9chec si cette belle aventure s\u2019arr\u00eatait avant sans que une de nous trois ne l\u2019ai d\u00e9cid\u00e9. Au del\u00e0 d\u2019un \u00e9chec, ce serait un d\u00e9chirement&#8230;<\/p>\n<p style=\"text-align: justify;\">L\u2019allaitement me permet de passer des heures et des heures au contact de mes filles, de les regarder, de les observer, de les conna\u00eetre davantage mais aussi qu\u2019elles me <strong>connaissent<\/strong> encore plus, d\u2019\u00e9changer lors des pauses, de cr\u00e9er des liens encore plus forts. Nous vivons toutes les 3 des beaux moments privil\u00e9gi\u00e9s et je nous en souhaite encore.<\/p>\n<p style=\"text-align: justify;\">Je remercie V\u00e9ronique pour le d\u00e9vouement qu\u2019elle accorde \u00e0 cette cause. Bravo ! Et merci d\u2019avoir r\u00e9pondu \u00e0 mes questions quand j\u2019en ai eu besoin !<\/p>\n<p>&nbsp;<\/p>\n<div class='et-box et-shadow'>\n\t\t\t\t\t<div class='et-box-content'>Lire des articles ou poser des questions en commentaire ne suffit pas \u00e0 r\u00e9soudre votre probl\u00e8me ? Savez-vous que vous pouvez prendre RDV pour une consultation avec moi ? N&rsquo;h\u00e9sitez pas \u00e0 me contacter !<\/div><\/div>\n","protected":false},"excerpt":{"rendered":"<p>J\u2019ai 28 ans et j\u2019ai l\u2019immense bonheur d\u2019\u00eatre maman allaitante de deux petites filles, Ad\u00e8le et Ambre. Elles sont n\u00e9es par voies basses apr\u00e8s d\u00e9clenchement 3 semaines avant terme, pesaient 2kg850 et 2kg630 et \u00e9taient en parfaite sant\u00e9. Depuis \u00ab toujours \u00bb la question ne se posait pas : j\u2019allaiterai ! Enceinte, j\u2019\u00e9tais d\u00e9termin\u00e9e et [&hellip;]<\/p>\n","protected":false},"author":170,"featured_media":7553,"comment_status":"open","ping_status":"open","sticky":false,"template":"","format":"standard","meta":{"_et_pb_use_builder":"","_et_pb_old_content":"","_et_gb_content_width":"","footnotes":""},"categories":[150],"tags":[],"class_list":["post-7552","post","type-post","status-publish","format-standard","has-post-thumbnail","hentry","category-temoignages"],"yoast_head":"<!-- This site is optimized with the Yoast SEO plugin v27.4 - https:\/\/yoast.com\/product\/yoast-seo-wordpress\/ -->\n<title>L&#039;allaitement de jumelles : le t\u00e9moignage de Ghislaine<\/title>\n<meta name=\"description\" content=\"Allaiter des jumeaux est tr\u00e8s prenant. Mais Ghislaine est tr\u00e8s fi\u00e8re de l&#039;avoir r\u00e9ussi !\" \/>\n<meta name=\"robots\" content=\"index, follow, max-snippet:-1, max-image-preview:large, max-video-preview:-1\" \/>\n<link rel=\"canonical\" href=\"https:\/\/www.lactissima.com\/a-tire-d-ailes\/lallaitement-de-jumelles-le-temoignage-de-ghislaine\/\" \/>\n<meta property=\"og:locale\" content=\"fr_FR\" \/>\n<meta property=\"og:type\" content=\"article\" \/>\n<meta property=\"og:title\" content=\"L&#039;allaitement de jumelles : le t\u00e9moignage de Ghislaine\" \/>\n<meta property=\"og:description\" content=\"Allaiter des jumeaux est tr\u00e8s prenant. Mais Ghislaine est tr\u00e8s fi\u00e8re de l&#039;avoir r\u00e9ussi !\" \/>\n<meta property=\"og:url\" content=\"https:\/\/www.lactissima.com\/a-tire-d-ailes\/lallaitement-de-jumelles-le-temoignage-de-ghislaine\/\" \/>\n<meta property=\"og:site_name\" content=\"A tire d&#039;Ailes\" \/>\n<meta property=\"article:publisher\" content=\"https:\/\/www.facebook.com\/consultante.en.lactation\" \/>\n<meta property=\"article:author\" content=\"www.facebook.com\/consultante.en.lactation\" \/>\n<meta property=\"article:published_time\" content=\"2018-03-08T07:22:04+00:00\" \/>\n<meta property=\"og:image\" content=\"https:\/\/www.lactissima.com\/a-tire-d-ailes\/wp-content\/uploads\/2018\/03\/ghis.jpg\" \/>\n\t<meta property=\"og:image:width\" content=\"330\" \/>\n\t<meta property=\"og:image:height\" content=\"248\" \/>\n\t<meta property=\"og:image:type\" content=\"image\/jpeg\" \/>\n<meta name=\"author\" content=\"V\u00e9ronique Darmangeat\" \/>\n<meta name=\"twitter:card\" content=\"summary_large_image\" \/>\n<meta name=\"twitter:creator\" content=\"@VeroniqueIBCLC\" \/>\n<meta name=\"twitter:site\" content=\"@VeroniqueIBCLC\" \/>\n<meta name=\"twitter:label1\" content=\"\u00c9crit par\" \/>\n\t<meta name=\"twitter:data1\" content=\"V\u00e9ronique Darmangeat\" \/>\n\t<meta name=\"twitter:label2\" content=\"Dur\u00e9e de lecture estim\u00e9e\" \/>\n\t<meta name=\"twitter:data2\" content=\"14 minutes\" \/>\n<script type=\"application\/ld+json\" class=\"yoast-schema-graph\">{\"@context\":\"https:\\\/\\\/schema.org\",\"@graph\":[{\"@type\":\"Article\",\"@id\":\"https:\\\/\\\/www.lactissima.com\\\/a-tire-d-ailes\\\/lallaitement-de-jumelles-le-temoignage-de-ghislaine\\\/#article\",\"isPartOf\":{\"@id\":\"https:\\\/\\\/www.lactissima.com\\\/a-tire-d-ailes\\\/lallaitement-de-jumelles-le-temoignage-de-ghislaine\\\/\"},\"author\":{\"name\":\"V\u00e9ronique Darmangeat\",\"@id\":\"https:\\\/\\\/www.lactissima.com\\\/a-tire-d-ailes\\\/#\\\/schema\\\/person\\\/8f98d3a89530861bc1240e6d53d44eed\"},\"headline\":\"L&rsquo;allaitement de jumelles : le t\u00e9moignage de Ghislaine\",\"datePublished\":\"2018-03-08T07:22:04+00:00\",\"mainEntityOfPage\":{\"@id\":\"https:\\\/\\\/www.lactissima.com\\\/a-tire-d-ailes\\\/lallaitement-de-jumelles-le-temoignage-de-ghislaine\\\/\"},\"wordCount\":2821,\"commentCount\":33,\"image\":{\"@id\":\"https:\\\/\\\/www.lactissima.com\\\/a-tire-d-ailes\\\/lallaitement-de-jumelles-le-temoignage-de-ghislaine\\\/#primaryimage\"},\"thumbnailUrl\":\"https:\\\/\\\/www.lactissima.com\\\/a-tire-d-ailes\\\/wp-content\\\/uploads\\\/2018\\\/03\\\/ghis.jpg\",\"articleSection\":[\"t\u00e9moignages\"],\"inLanguage\":\"fr-FR\",\"potentialAction\":[{\"@type\":\"CommentAction\",\"name\":\"Comment\",\"target\":[\"https:\\\/\\\/www.lactissima.com\\\/a-tire-d-ailes\\\/lallaitement-de-jumelles-le-temoignage-de-ghislaine\\\/#respond\"]}]},{\"@type\":\"WebPage\",\"@id\":\"https:\\\/\\\/www.lactissima.com\\\/a-tire-d-ailes\\\/lallaitement-de-jumelles-le-temoignage-de-ghislaine\\\/\",\"url\":\"https:\\\/\\\/www.lactissima.com\\\/a-tire-d-ailes\\\/lallaitement-de-jumelles-le-temoignage-de-ghislaine\\\/\",\"name\":\"L'allaitement de jumelles : le t\u00e9moignage de Ghislaine\",\"isPartOf\":{\"@id\":\"https:\\\/\\\/www.lactissima.com\\\/a-tire-d-ailes\\\/#website\"},\"primaryImageOfPage\":{\"@id\":\"https:\\\/\\\/www.lactissima.com\\\/a-tire-d-ailes\\\/lallaitement-de-jumelles-le-temoignage-de-ghislaine\\\/#primaryimage\"},\"image\":{\"@id\":\"https:\\\/\\\/www.lactissima.com\\\/a-tire-d-ailes\\\/lallaitement-de-jumelles-le-temoignage-de-ghislaine\\\/#primaryimage\"},\"thumbnailUrl\":\"https:\\\/\\\/www.lactissima.com\\\/a-tire-d-ailes\\\/wp-content\\\/uploads\\\/2018\\\/03\\\/ghis.jpg\",\"datePublished\":\"2018-03-08T07:22:04+00:00\",\"author\":{\"@id\":\"https:\\\/\\\/www.lactissima.com\\\/a-tire-d-ailes\\\/#\\\/schema\\\/person\\\/8f98d3a89530861bc1240e6d53d44eed\"},\"description\":\"Allaiter des jumeaux est tr\u00e8s prenant. Mais Ghislaine est tr\u00e8s fi\u00e8re de l'avoir r\u00e9ussi !\",\"breadcrumb\":{\"@id\":\"https:\\\/\\\/www.lactissima.com\\\/a-tire-d-ailes\\\/lallaitement-de-jumelles-le-temoignage-de-ghislaine\\\/#breadcrumb\"},\"inLanguage\":\"fr-FR\",\"potentialAction\":[{\"@type\":\"ReadAction\",\"target\":[\"https:\\\/\\\/www.lactissima.com\\\/a-tire-d-ailes\\\/lallaitement-de-jumelles-le-temoignage-de-ghislaine\\\/\"]}]},{\"@type\":\"ImageObject\",\"inLanguage\":\"fr-FR\",\"@id\":\"https:\\\/\\\/www.lactissima.com\\\/a-tire-d-ailes\\\/lallaitement-de-jumelles-le-temoignage-de-ghislaine\\\/#primaryimage\",\"url\":\"https:\\\/\\\/www.lactissima.com\\\/a-tire-d-ailes\\\/wp-content\\\/uploads\\\/2018\\\/03\\\/ghis.jpg\",\"contentUrl\":\"https:\\\/\\\/www.lactissima.com\\\/a-tire-d-ailes\\\/wp-content\\\/uploads\\\/2018\\\/03\\\/ghis.jpg\",\"width\":330,\"height\":248,\"caption\":\"allaitement jumeaux\"},{\"@type\":\"BreadcrumbList\",\"@id\":\"https:\\\/\\\/www.lactissima.com\\\/a-tire-d-ailes\\\/lallaitement-de-jumelles-le-temoignage-de-ghislaine\\\/#breadcrumb\",\"itemListElement\":[{\"@type\":\"ListItem\",\"position\":1,\"name\":\"Accueil\",\"item\":\"https:\\\/\\\/www.lactissima.com\\\/a-tire-d-ailes\\\/\"},{\"@type\":\"ListItem\",\"position\":2,\"name\":\"L&rsquo;allaitement de jumelles : le t\u00e9moignage de Ghislaine\"}]},{\"@type\":\"WebSite\",\"@id\":\"https:\\\/\\\/www.lactissima.com\\\/a-tire-d-ailes\\\/#website\",\"url\":\"https:\\\/\\\/www.lactissima.com\\\/a-tire-d-ailes\\\/\",\"name\":\"A tire d&#039;Ailes\",\"description\":\"Le blog des femmes qui allaitent et travaillent.\",\"potentialAction\":[{\"@type\":\"SearchAction\",\"target\":{\"@type\":\"EntryPoint\",\"urlTemplate\":\"https:\\\/\\\/www.lactissima.com\\\/a-tire-d-ailes\\\/?s={search_term_string}\"},\"query-input\":{\"@type\":\"PropertyValueSpecification\",\"valueRequired\":true,\"valueName\":\"search_term_string\"}}],\"inLanguage\":\"fr-FR\"},{\"@type\":\"Person\",\"@id\":\"https:\\\/\\\/www.lactissima.com\\\/a-tire-d-ailes\\\/#\\\/schema\\\/person\\\/8f98d3a89530861bc1240e6d53d44eed\",\"name\":\"V\u00e9ronique Darmangeat\",\"image\":{\"@type\":\"ImageObject\",\"inLanguage\":\"fr-FR\",\"@id\":\"https:\\\/\\\/secure.gravatar.com\\\/avatar\\\/268c99344c89cebfe4f5df5fa8be43068a18884fc76a29f3206fae98465b9cab?s=96&d=identicon&r=g\",\"url\":\"https:\\\/\\\/secure.gravatar.com\\\/avatar\\\/268c99344c89cebfe4f5df5fa8be43068a18884fc76a29f3206fae98465b9cab?s=96&d=identicon&r=g\",\"contentUrl\":\"https:\\\/\\\/secure.gravatar.com\\\/avatar\\\/268c99344c89cebfe4f5df5fa8be43068a18884fc76a29f3206fae98465b9cab?s=96&d=identicon&r=g\",\"caption\":\"V\u00e9ronique Darmangeat\"},\"sameAs\":[\"https:\\\/\\\/www.lactissima.com\\\/a-tire-d-ailes\",\"www.facebook.com\\\/consultante.en.lactation\"]}]}<\/script>\n<!-- \/ Yoast SEO plugin. -->","yoast_head_json":{"title":"L'allaitement de jumelles : le t\u00e9moignage de Ghislaine","description":"Allaiter des jumeaux est tr\u00e8s prenant. Mais Ghislaine est tr\u00e8s fi\u00e8re de l'avoir r\u00e9ussi !","robots":{"index":"index","follow":"follow","max-snippet":"max-snippet:-1","max-image-preview":"max-image-preview:large","max-video-preview":"max-video-preview:-1"},"canonical":"https:\/\/www.lactissima.com\/a-tire-d-ailes\/lallaitement-de-jumelles-le-temoignage-de-ghislaine\/","og_locale":"fr_FR","og_type":"article","og_title":"L'allaitement de jumelles : le t\u00e9moignage de Ghislaine","og_description":"Allaiter des jumeaux est tr\u00e8s prenant. Mais Ghislaine est tr\u00e8s fi\u00e8re de l'avoir r\u00e9ussi !","og_url":"https:\/\/www.lactissima.com\/a-tire-d-ailes\/lallaitement-de-jumelles-le-temoignage-de-ghislaine\/","og_site_name":"A tire d&#039;Ailes","article_publisher":"https:\/\/www.facebook.com\/consultante.en.lactation","article_author":"www.facebook.com\/consultante.en.lactation","article_published_time":"2018-03-08T07:22:04+00:00","og_image":[{"width":330,"height":248,"url":"https:\/\/www.lactissima.com\/a-tire-d-ailes\/wp-content\/uploads\/2018\/03\/ghis.jpg","type":"image\/jpeg"}],"author":"V\u00e9ronique Darmangeat","twitter_card":"summary_large_image","twitter_creator":"@VeroniqueIBCLC","twitter_site":"@VeroniqueIBCLC","twitter_misc":{"\u00c9crit par":"V\u00e9ronique Darmangeat","Dur\u00e9e de lecture estim\u00e9e":"14 minutes"},"schema":{"@context":"https:\/\/schema.org","@graph":[{"@type":"Article","@id":"https:\/\/www.lactissima.com\/a-tire-d-ailes\/lallaitement-de-jumelles-le-temoignage-de-ghislaine\/#article","isPartOf":{"@id":"https:\/\/www.lactissima.com\/a-tire-d-ailes\/lallaitement-de-jumelles-le-temoignage-de-ghislaine\/"},"author":{"name":"V\u00e9ronique Darmangeat","@id":"https:\/\/www.lactissima.com\/a-tire-d-ailes\/#\/schema\/person\/8f98d3a89530861bc1240e6d53d44eed"},"headline":"L&rsquo;allaitement de jumelles : le t\u00e9moignage de Ghislaine","datePublished":"2018-03-08T07:22:04+00:00","mainEntityOfPage":{"@id":"https:\/\/www.lactissima.com\/a-tire-d-ailes\/lallaitement-de-jumelles-le-temoignage-de-ghislaine\/"},"wordCount":2821,"commentCount":33,"image":{"@id":"https:\/\/www.lactissima.com\/a-tire-d-ailes\/lallaitement-de-jumelles-le-temoignage-de-ghislaine\/#primaryimage"},"thumbnailUrl":"https:\/\/www.lactissima.com\/a-tire-d-ailes\/wp-content\/uploads\/2018\/03\/ghis.jpg","articleSection":["t\u00e9moignages"],"inLanguage":"fr-FR","potentialAction":[{"@type":"CommentAction","name":"Comment","target":["https:\/\/www.lactissima.com\/a-tire-d-ailes\/lallaitement-de-jumelles-le-temoignage-de-ghislaine\/#respond"]}]},{"@type":"WebPage","@id":"https:\/\/www.lactissima.com\/a-tire-d-ailes\/lallaitement-de-jumelles-le-temoignage-de-ghislaine\/","url":"https:\/\/www.lactissima.com\/a-tire-d-ailes\/lallaitement-de-jumelles-le-temoignage-de-ghislaine\/","name":"L'allaitement de jumelles : le t\u00e9moignage de Ghislaine","isPartOf":{"@id":"https:\/\/www.lactissima.com\/a-tire-d-ailes\/#website"},"primaryImageOfPage":{"@id":"https:\/\/www.lactissima.com\/a-tire-d-ailes\/lallaitement-de-jumelles-le-temoignage-de-ghislaine\/#primaryimage"},"image":{"@id":"https:\/\/www.lactissima.com\/a-tire-d-ailes\/lallaitement-de-jumelles-le-temoignage-de-ghislaine\/#primaryimage"},"thumbnailUrl":"https:\/\/www.lactissima.com\/a-tire-d-ailes\/wp-content\/uploads\/2018\/03\/ghis.jpg","datePublished":"2018-03-08T07:22:04+00:00","author":{"@id":"https:\/\/www.lactissima.com\/a-tire-d-ailes\/#\/schema\/person\/8f98d3a89530861bc1240e6d53d44eed"},"description":"Allaiter des jumeaux est tr\u00e8s prenant. Mais Ghislaine est tr\u00e8s fi\u00e8re de l'avoir r\u00e9ussi !","breadcrumb":{"@id":"https:\/\/www.lactissima.com\/a-tire-d-ailes\/lallaitement-de-jumelles-le-temoignage-de-ghislaine\/#breadcrumb"},"inLanguage":"fr-FR","potentialAction":[{"@type":"ReadAction","target":["https:\/\/www.lactissima.com\/a-tire-d-ailes\/lallaitement-de-jumelles-le-temoignage-de-ghislaine\/"]}]},{"@type":"ImageObject","inLanguage":"fr-FR","@id":"https:\/\/www.lactissima.com\/a-tire-d-ailes\/lallaitement-de-jumelles-le-temoignage-de-ghislaine\/#primaryimage","url":"https:\/\/www.lactissima.com\/a-tire-d-ailes\/wp-content\/uploads\/2018\/03\/ghis.jpg","contentUrl":"https:\/\/www.lactissima.com\/a-tire-d-ailes\/wp-content\/uploads\/2018\/03\/ghis.jpg","width":330,"height":248,"caption":"allaitement jumeaux"},{"@type":"BreadcrumbList","@id":"https:\/\/www.lactissima.com\/a-tire-d-ailes\/lallaitement-de-jumelles-le-temoignage-de-ghislaine\/#breadcrumb","itemListElement":[{"@type":"ListItem","position":1,"name":"Accueil","item":"https:\/\/www.lactissima.com\/a-tire-d-ailes\/"},{"@type":"ListItem","position":2,"name":"L&rsquo;allaitement de jumelles : le t\u00e9moignage de Ghislaine"}]},{"@type":"WebSite","@id":"https:\/\/www.lactissima.com\/a-tire-d-ailes\/#website","url":"https:\/\/www.lactissima.com\/a-tire-d-ailes\/","name":"A tire d&#039;Ailes","description":"Le blog des femmes qui allaitent et travaillent.","potentialAction":[{"@type":"SearchAction","target":{"@type":"EntryPoint","urlTemplate":"https:\/\/www.lactissima.com\/a-tire-d-ailes\/?s={search_term_string}"},"query-input":{"@type":"PropertyValueSpecification","valueRequired":true,"valueName":"search_term_string"}}],"inLanguage":"fr-FR"},{"@type":"Person","@id":"https:\/\/www.lactissima.com\/a-tire-d-ailes\/#\/schema\/person\/8f98d3a89530861bc1240e6d53d44eed","name":"V\u00e9ronique Darmangeat","image":{"@type":"ImageObject","inLanguage":"fr-FR","@id":"https:\/\/secure.gravatar.com\/avatar\/268c99344c89cebfe4f5df5fa8be43068a18884fc76a29f3206fae98465b9cab?s=96&d=identicon&r=g","url":"https:\/\/secure.gravatar.com\/avatar\/268c99344c89cebfe4f5df5fa8be43068a18884fc76a29f3206fae98465b9cab?s=96&d=identicon&r=g","contentUrl":"https:\/\/secure.gravatar.com\/avatar\/268c99344c89cebfe4f5df5fa8be43068a18884fc76a29f3206fae98465b9cab?s=96&d=identicon&r=g","caption":"V\u00e9ronique Darmangeat"},"sameAs":["https:\/\/www.lactissima.com\/a-tire-d-ailes","www.facebook.com\/consultante.en.lactation"]}]}},"_links":{"self":[{"href":"https:\/\/www.lactissima.com\/a-tire-d-ailes\/wp-json\/wp\/v2\/posts\/7552","targetHints":{"allow":["GET"]}}],"collection":[{"href":"https:\/\/www.lactissima.com\/a-tire-d-ailes\/wp-json\/wp\/v2\/posts"}],"about":[{"href":"https:\/\/www.lactissima.com\/a-tire-d-ailes\/wp-json\/wp\/v2\/types\/post"}],"author":[{"embeddable":true,"href":"https:\/\/www.lactissima.com\/a-tire-d-ailes\/wp-json\/wp\/v2\/users\/170"}],"replies":[{"embeddable":true,"href":"https:\/\/www.lactissima.com\/a-tire-d-ailes\/wp-json\/wp\/v2\/comments?post=7552"}],"version-history":[{"count":2,"href":"https:\/\/www.lactissima.com\/a-tire-d-ailes\/wp-json\/wp\/v2\/posts\/7552\/revisions"}],"predecessor-version":[{"id":7556,"href":"https:\/\/www.lactissima.com\/a-tire-d-ailes\/wp-json\/wp\/v2\/posts\/7552\/revisions\/7556"}],"wp:featuredmedia":[{"embeddable":true,"href":"https:\/\/www.lactissima.com\/a-tire-d-ailes\/wp-json\/wp\/v2\/media\/7553"}],"wp:attachment":[{"href":"https:\/\/www.lactissima.com\/a-tire-d-ailes\/wp-json\/wp\/v2\/media?parent=7552"}],"wp:term":[{"taxonomy":"category","embeddable":true,"href":"https:\/\/www.lactissima.com\/a-tire-d-ailes\/wp-json\/wp\/v2\/categories?post=7552"},{"taxonomy":"post_tag","embeddable":true,"href":"https:\/\/www.lactissima.com\/a-tire-d-ailes\/wp-json\/wp\/v2\/tags?post=7552"}],"curies":[{"name":"wp","href":"https:\/\/api.w.org\/{rel}","templated":true}]}}