{"id":7532,"date":"2018-02-15T10:46:28","date_gmt":"2018-02-15T09:46:28","guid":{"rendered":"https:\/\/www.lactissima.com\/a-tire-d-ailes\/?p=7532"},"modified":"2018-02-15T10:46:28","modified_gmt":"2018-02-15T09:46:28","slug":"vos-collegues-et-lallaitement","status":"publish","type":"post","link":"https:\/\/www.lactissima.com\/a-tire-d-ailes\/vos-collegues-et-lallaitement\/","title":{"rendered":"Vos r\u00e9ponses : vos coll\u00e8gues et l&rsquo;allaitement"},"content":{"rendered":"<p style=\"text-align: justify;\"><img loading=\"lazy\" decoding=\"async\" class=\"alignright size-full wp-image-7523\" src=\"https:\/\/www.lactissima.com\/a-tire-d-ailes\/wp-content\/uploads\/2018\/02\/coll\u00e8gues.jpg\" alt=\"\" width=\"342\" height=\"248\" srcset=\"https:\/\/www.lactissima.com\/a-tire-d-ailes\/wp-content\/uploads\/2018\/02\/coll\u00e8gues.jpg 342w, https:\/\/www.lactissima.com\/a-tire-d-ailes\/wp-content\/uploads\/2018\/02\/coll\u00e8gues-300x218.jpg 300w\" sizes=\"(max-width: 342px) 100vw, 342px\" \/>A la suite de ma demande de la semaine derni\u00e8re, voici ce que vous m&rsquo;avez r\u00e9pondu sur le blog et sur les r\u00e9seaux sociaux quand aux <strong>r\u00e9actions de vos coll\u00e8gues<\/strong> lorsque vous tirez votre lait au travail.<\/p>\n<p style=\"text-align: justify;\">Il y a les <strong>encourageants<\/strong> :<\/p>\n<ul style=\"text-align: justify;\">\n<li>\u00ab\u00a0Et puis, des coll\u00e8gues, plut\u00f4t des femmes, m\u2019ont pos\u00e9 des questions, pour savoir si j\u2019allaitais encore, et du coup, pour savoir comment je faisais\u2026 et elles ont \u00e9t\u00e9 plut\u00f4t admiratives. L\u2019accueil a \u00e9t\u00e9 tr\u00e8s positif.<br \/>\nMon chef avait remarqu\u00e9 mon petit man\u00e8ge aussi, et m\u2019a dit qu\u2019il comprenait fort bien, puisque sa femme avait allait\u00e9 sa fille pendant deux ans.\u00a0\u00bb<\/li>\n<li>\u00ab\u00a0Quand j\u2019ai annonc\u00e9 \u00e0 ma cadre que je comptait tirer mon lait, elle a tout de suite accept\u00e9 et m\u2019a encourag\u00e9e, m\u00eame r\u00e9action pour la cadre qui l\u2019a remplac\u00e9e peut de temps apr\u00e8s.<br \/>\nJ\u2019\u00e9tais la premi\u00e8re \u00e0 le faire dans mon \u00e9quipe.<br \/>\nMes coll\u00e8gues (hommes et femmes) ont vite vu mon sac suppl\u00e9mentaire et ma disparition pendant la pause. Ils ont tous accept\u00e9 le fait que je prenne du temps pour tirer mon lait, m\u2019ont soutenue et donn\u00e9 le temps qu\u2019il me fallait. \u00c7a m\u2019a aussi permis de d\u00e9couvrir le t\u00e9moignage d\u2019autre coll\u00e8gues par rapport \u00e0 leur allaitement.<br \/>\nApr\u00e8s 6 mois d\u2019allaitement, j\u2019ai entendu les in\u00e9vitables : \u00ab\u00a0encore!?\u00a0\u00bb mais sans jugement et avec parfois un peu d\u2019admiration.<br \/>\nUn jour, des jeunes coll\u00e8gues avec un \u00ab\u00a0projet b\u00e9b\u00e9\u00a0\u00bb sont venues me voir pour prendre des conseils pour l\u2019allaitement. Arriver sans le vouloir \u00e0 donner envie aux autres je trouve cela magnifique.\u00a0\u00bb<\/li>\n<\/ul>\n<p style=\"text-align: justify;\">Il y a les <strong>compr\u00e9hensifs<\/strong> :<\/p>\n<ul style=\"text-align: justify;\">\n<li>\u00ab\u00a0Mon chef a \u00e9t\u00e9 tr\u00e8s compr\u00e9hensif.\u00a0\u00bb<\/li>\n<\/ul>\n<p style=\"text-align: justify;\">Il y a ceux qui <strong>ne comprennent pas<\/strong> l&rsquo;int\u00e9r\u00eat de l&rsquo;allaitement :<\/p>\n<ul style=\"text-align: justify;\">\n<li>\u00ab\u00a0On me disait tu sais il y a le lait artificiel. Ton fils s\u2019y fera comme les autres.\u00a0\u00bb<\/li>\n<\/ul>\n<p style=\"text-align: justify;\">Il y a les <strong>moqueurs<\/strong> :<\/p>\n<ul style=\"text-align: justify;\">\n<li>\u00ab\u00a0Elles rigolaient en disant que j&rsquo;\u00e9tais une vache laiti\u00e8re, que j&rsquo;allais allaiter jusqu&rsquo;\u00e0 ses 10 ans.\u00a0\u00bb<\/li>\n<\/ul>\n<p style=\"text-align: justify;\">Il y a les <strong>d\u00e9go\u00fbt\u00e9s<\/strong> :<\/p>\n<ul style=\"text-align: justify;\">\n<li>\u00ab\u00a0Ha moi j&rsquo;allaiterai 6 mois pas plus, apr\u00e8s je trouve \u00e7a trop bizarre !\u00a0\u00bb<\/li>\n<li>\u00ab\u00a0\u00c7a cr\u00e9ait des interrogations. C&rsquo;\u00e9tait une aberration pour certains. J&rsquo;avais le droit \u00e0 des \u00ab\u00a0moi je pourrai pas !\u00a0\u00bb\u00a0\u00bb<\/li>\n<\/ul>\n<p style=\"text-align: justify;\">Il y a les <strong>admiratifs<\/strong> :<\/p>\n<ul style=\"text-align: justify;\">\n<li>\u00ab\u00a0\u00a0\u00bbT&rsquo;es courageuse !\u00a0\u00bb. Mais j&rsquo;entendais surtout au travers de \u00e7a : \u00ab\u00a0Elle est un peu folle de faire \u00e7a ! Faut couper le cordon !!\u00a0\u00bb\u00a0\u00bb<\/li>\n<li>\u00ab\u00a0Dans l\u2019ensemble les gens ne me disent plus rien, mais trouvent curieux que je veuille allaiter longtemps (16 mois pour ma fille, je trouve que c\u2019est pas si long), et me trouvent courageuse de faire \u00e7a.\u00a0\u00bb<\/li>\n<\/ul>\n<p style=\"text-align: justify;\">Il y a les <strong>discrets<\/strong> :<\/p>\n<ul style=\"text-align: justify;\">\n<li>\u00ab\u00a0Jamais de critiques.\u00a0\u00bb<\/li>\n<li>\u00ab\u00a0On en a un peu discut\u00e9 au d\u00e9but, maintenant plus personne ne fait attention.\u00a0\u00bb<\/li>\n<\/ul>\n<p style=\"text-align: justify;\">Il y a les franchement <strong>d\u00e9sagr\u00e9ables<\/strong> :<\/p>\n<ul>\n<li style=\"text-align: justify;\">\u00ab\u00a0Une coll\u00e8gue fait expr\u00e8s de faire des remarques d\u00e9sobligeantes et de prendre \u00e0 parti d&rsquo;autres femmes lorsque je tire mon lait aux wc&#8230; C est la seule, tous les autres sont top et trouvent \u00e7a normal.\u00a0\u00bb<\/li>\n<li style=\"text-align: justify;\">\u00ab\u00a0J\u2019avais inform\u00e9 mon chef avant la reprise. Il a \u00e9t\u00e9 assez mitig\u00e9 et a fait des remarques moyennes mais sans plus.<br \/>\nMais l\u2019information a circul\u00e9 au sein du cabinet. \u00c7a a manifestement beaucoup fait parl\u00e9 (o\u00f9 est-ce que j\u2019allais me mettre, qu\u2019est-ce que j\u2019allais faire du lait, etc\u2026). J\u2019ai eu le droit \u00e0 des remarques des coll\u00e8gues femmes et mamans\u2026 qui avaient allait\u00e9 mais seulement le temps du cong\u00e9 mat et qui m\u2019ont fait comprendre que c\u2019\u00e9tait pas compatible avec notre travail (je suis avocate), que \u00e7a n\u2019irait pas.<br \/>\nLes regards et sous entendus \u00e9taient tels que j\u2019ai fini par ne plus tirer au travail.\u00a0\u00bb<\/li>\n<li style=\"text-align: justify;\">\u00ab\u00a0Il faut que je mette mon lait dans le frigo commun, et consigne m\u2019a \u00e9t\u00e9 donn\u00e9e par un des dirigeants de \u00ab\u00a0cacher mon lait\u00a0\u00bb, \u00e7a le choque \u2026 J\u2019ai donc cr\u00e9\u00e9 des \u00ab\u00a0cache-pots\u00a0\u00bb\u2026\u00a0\u00bb<\/li>\n<\/ul>\n<p>&nbsp;<\/p>\n<div class='et-box et-shadow'>\n\t\t\t\t\t<div class='et-box-content'>Lire des articles ou poser des questions en commentaire ne suffit pas \u00e0 r\u00e9soudre votre probl\u00e8me ? Savez-vous que vous pouvez prendre RDV pour une consultation avec moi ? N&rsquo;h\u00e9sitez pas \u00e0 me contacter !<\/div><\/div>\n","protected":false},"excerpt":{"rendered":"<p>A la suite de ma demande de la semaine derni\u00e8re, voici ce que vous m&rsquo;avez r\u00e9pondu sur le blog et sur les r\u00e9seaux sociaux quand aux r\u00e9actions de vos coll\u00e8gues lorsque vous tirez votre lait au travail. Il y a les encourageants : \u00ab\u00a0Et puis, des coll\u00e8gues, plut\u00f4t des femmes, m\u2019ont pos\u00e9 des questions, pour [&hellip;]<\/p>\n","protected":false},"author":170,"featured_media":7523,"comment_status":"open","ping_status":"open","sticky":false,"template":"","format":"standard","meta":{"_et_pb_use_builder":"","_et_pb_old_content":"","_et_gb_content_width":"","footnotes":""},"categories":[40],"tags":[],"class_list":["post-7532","post","type-post","status-publish","format-standard","has-post-thumbnail","hentry","category-entreprises"],"yoast_head":"<!-- This site is optimized with the Yoast SEO plugin v27.4 - https:\/\/yoast.com\/product\/yoast-seo-wordpress\/ -->\n<title>Vos r\u00e9ponses : vos coll\u00e8gues et l&#039;allaitement<\/title>\n<meta name=\"description\" content=\"Les r\u00e9actions de vos coll\u00e8gues lorsque vous tirez le lait au travail sont tr\u00e8s contrast\u00e9es : de l&#039;encouragement au tr\u00e8s d\u00e9sagr\u00e9able.\" \/>\n<meta name=\"robots\" content=\"index, follow, max-snippet:-1, max-image-preview:large, max-video-preview:-1\" \/>\n<link rel=\"canonical\" href=\"https:\/\/www.lactissima.com\/a-tire-d-ailes\/vos-collegues-et-lallaitement\/\" \/>\n<meta property=\"og:locale\" content=\"fr_FR\" \/>\n<meta property=\"og:type\" content=\"article\" \/>\n<meta property=\"og:title\" content=\"Vos r\u00e9ponses : vos coll\u00e8gues et l&#039;allaitement\" \/>\n<meta property=\"og:description\" content=\"Les r\u00e9actions de vos coll\u00e8gues lorsque vous tirez le lait au travail sont tr\u00e8s contrast\u00e9es : de l&#039;encouragement au tr\u00e8s d\u00e9sagr\u00e9able.\" \/>\n<meta property=\"og:url\" content=\"https:\/\/www.lactissima.com\/a-tire-d-ailes\/vos-collegues-et-lallaitement\/\" \/>\n<meta property=\"og:site_name\" content=\"A tire d&#039;Ailes\" \/>\n<meta property=\"article:publisher\" content=\"https:\/\/www.facebook.com\/consultante.en.lactation\" \/>\n<meta property=\"article:author\" content=\"www.facebook.com\/consultante.en.lactation\" \/>\n<meta property=\"article:published_time\" content=\"2018-02-15T09:46:28+00:00\" \/>\n<meta property=\"og:image\" content=\"https:\/\/www.lactissima.com\/a-tire-d-ailes\/wp-content\/uploads\/2018\/02\/coll\u00e8gues.jpg\" \/>\n\t<meta property=\"og:image:width\" content=\"342\" \/>\n\t<meta property=\"og:image:height\" content=\"248\" \/>\n\t<meta property=\"og:image:type\" content=\"image\/jpeg\" \/>\n<meta name=\"author\" content=\"V\u00e9ronique Darmangeat\" \/>\n<meta name=\"twitter:card\" content=\"summary_large_image\" \/>\n<meta name=\"twitter:creator\" content=\"@VeroniqueIBCLC\" \/>\n<meta name=\"twitter:site\" content=\"@VeroniqueIBCLC\" \/>\n<meta name=\"twitter:label1\" content=\"\u00c9crit par\" \/>\n\t<meta name=\"twitter:data1\" content=\"V\u00e9ronique Darmangeat\" \/>\n\t<meta name=\"twitter:label2\" content=\"Dur\u00e9e de lecture estim\u00e9e\" \/>\n\t<meta name=\"twitter:data2\" content=\"4 minutes\" \/>\n<script type=\"application\/ld+json\" class=\"yoast-schema-graph\">{\"@context\":\"https:\\\/\\\/schema.org\",\"@graph\":[{\"@type\":\"Article\",\"@id\":\"https:\\\/\\\/www.lactissima.com\\\/a-tire-d-ailes\\\/vos-collegues-et-lallaitement\\\/#article\",\"isPartOf\":{\"@id\":\"https:\\\/\\\/www.lactissima.com\\\/a-tire-d-ailes\\\/vos-collegues-et-lallaitement\\\/\"},\"author\":{\"name\":\"V\u00e9ronique Darmangeat\",\"@id\":\"https:\\\/\\\/www.lactissima.com\\\/a-tire-d-ailes\\\/#\\\/schema\\\/person\\\/8f98d3a89530861bc1240e6d53d44eed\"},\"headline\":\"Vos r\u00e9ponses : vos coll\u00e8gues et l&rsquo;allaitement\",\"datePublished\":\"2018-02-15T09:46:28+00:00\",\"mainEntityOfPage\":{\"@id\":\"https:\\\/\\\/www.lactissima.com\\\/a-tire-d-ailes\\\/vos-collegues-et-lallaitement\\\/\"},\"wordCount\":732,\"commentCount\":0,\"image\":{\"@id\":\"https:\\\/\\\/www.lactissima.com\\\/a-tire-d-ailes\\\/vos-collegues-et-lallaitement\\\/#primaryimage\"},\"thumbnailUrl\":\"https:\\\/\\\/www.lactissima.com\\\/a-tire-d-ailes\\\/wp-content\\\/uploads\\\/2018\\\/02\\\/coll\u00e8gues.jpg\",\"articleSection\":[\"Entreprises\"],\"inLanguage\":\"fr-FR\",\"potentialAction\":[{\"@type\":\"CommentAction\",\"name\":\"Comment\",\"target\":[\"https:\\\/\\\/www.lactissima.com\\\/a-tire-d-ailes\\\/vos-collegues-et-lallaitement\\\/#respond\"]}]},{\"@type\":\"WebPage\",\"@id\":\"https:\\\/\\\/www.lactissima.com\\\/a-tire-d-ailes\\\/vos-collegues-et-lallaitement\\\/\",\"url\":\"https:\\\/\\\/www.lactissima.com\\\/a-tire-d-ailes\\\/vos-collegues-et-lallaitement\\\/\",\"name\":\"Vos r\u00e9ponses : vos coll\u00e8gues et l'allaitement\",\"isPartOf\":{\"@id\":\"https:\\\/\\\/www.lactissima.com\\\/a-tire-d-ailes\\\/#website\"},\"primaryImageOfPage\":{\"@id\":\"https:\\\/\\\/www.lactissima.com\\\/a-tire-d-ailes\\\/vos-collegues-et-lallaitement\\\/#primaryimage\"},\"image\":{\"@id\":\"https:\\\/\\\/www.lactissima.com\\\/a-tire-d-ailes\\\/vos-collegues-et-lallaitement\\\/#primaryimage\"},\"thumbnailUrl\":\"https:\\\/\\\/www.lactissima.com\\\/a-tire-d-ailes\\\/wp-content\\\/uploads\\\/2018\\\/02\\\/coll\u00e8gues.jpg\",\"datePublished\":\"2018-02-15T09:46:28+00:00\",\"author\":{\"@id\":\"https:\\\/\\\/www.lactissima.com\\\/a-tire-d-ailes\\\/#\\\/schema\\\/person\\\/8f98d3a89530861bc1240e6d53d44eed\"},\"description\":\"Les r\u00e9actions de vos coll\u00e8gues lorsque vous tirez le lait au travail sont tr\u00e8s contrast\u00e9es : de l'encouragement au tr\u00e8s d\u00e9sagr\u00e9able.\",\"breadcrumb\":{\"@id\":\"https:\\\/\\\/www.lactissima.com\\\/a-tire-d-ailes\\\/vos-collegues-et-lallaitement\\\/#breadcrumb\"},\"inLanguage\":\"fr-FR\",\"potentialAction\":[{\"@type\":\"ReadAction\",\"target\":[\"https:\\\/\\\/www.lactissima.com\\\/a-tire-d-ailes\\\/vos-collegues-et-lallaitement\\\/\"]}]},{\"@type\":\"ImageObject\",\"inLanguage\":\"fr-FR\",\"@id\":\"https:\\\/\\\/www.lactissima.com\\\/a-tire-d-ailes\\\/vos-collegues-et-lallaitement\\\/#primaryimage\",\"url\":\"https:\\\/\\\/www.lactissima.com\\\/a-tire-d-ailes\\\/wp-content\\\/uploads\\\/2018\\\/02\\\/coll\u00e8gues.jpg\",\"contentUrl\":\"https:\\\/\\\/www.lactissima.com\\\/a-tire-d-ailes\\\/wp-content\\\/uploads\\\/2018\\\/02\\\/coll\u00e8gues.jpg\",\"width\":342,\"height\":248},{\"@type\":\"BreadcrumbList\",\"@id\":\"https:\\\/\\\/www.lactissima.com\\\/a-tire-d-ailes\\\/vos-collegues-et-lallaitement\\\/#breadcrumb\",\"itemListElement\":[{\"@type\":\"ListItem\",\"position\":1,\"name\":\"Accueil\",\"item\":\"https:\\\/\\\/www.lactissima.com\\\/a-tire-d-ailes\\\/\"},{\"@type\":\"ListItem\",\"position\":2,\"name\":\"Vos r\u00e9ponses : vos coll\u00e8gues et l&rsquo;allaitement\"}]},{\"@type\":\"WebSite\",\"@id\":\"https:\\\/\\\/www.lactissima.com\\\/a-tire-d-ailes\\\/#website\",\"url\":\"https:\\\/\\\/www.lactissima.com\\\/a-tire-d-ailes\\\/\",\"name\":\"A tire d&#039;Ailes\",\"description\":\"Le blog des femmes qui allaitent et travaillent.\",\"potentialAction\":[{\"@type\":\"SearchAction\",\"target\":{\"@type\":\"EntryPoint\",\"urlTemplate\":\"https:\\\/\\\/www.lactissima.com\\\/a-tire-d-ailes\\\/?s={search_term_string}\"},\"query-input\":{\"@type\":\"PropertyValueSpecification\",\"valueRequired\":true,\"valueName\":\"search_term_string\"}}],\"inLanguage\":\"fr-FR\"},{\"@type\":\"Person\",\"@id\":\"https:\\\/\\\/www.lactissima.com\\\/a-tire-d-ailes\\\/#\\\/schema\\\/person\\\/8f98d3a89530861bc1240e6d53d44eed\",\"name\":\"V\u00e9ronique Darmangeat\",\"image\":{\"@type\":\"ImageObject\",\"inLanguage\":\"fr-FR\",\"@id\":\"https:\\\/\\\/secure.gravatar.com\\\/avatar\\\/268c99344c89cebfe4f5df5fa8be43068a18884fc76a29f3206fae98465b9cab?s=96&d=identicon&r=g\",\"url\":\"https:\\\/\\\/secure.gravatar.com\\\/avatar\\\/268c99344c89cebfe4f5df5fa8be43068a18884fc76a29f3206fae98465b9cab?s=96&d=identicon&r=g\",\"contentUrl\":\"https:\\\/\\\/secure.gravatar.com\\\/avatar\\\/268c99344c89cebfe4f5df5fa8be43068a18884fc76a29f3206fae98465b9cab?s=96&d=identicon&r=g\",\"caption\":\"V\u00e9ronique Darmangeat\"},\"sameAs\":[\"https:\\\/\\\/www.lactissima.com\\\/a-tire-d-ailes\",\"www.facebook.com\\\/consultante.en.lactation\"]}]}<\/script>\n<!-- \/ Yoast SEO plugin. -->","yoast_head_json":{"title":"Vos r\u00e9ponses : vos coll\u00e8gues et l'allaitement","description":"Les r\u00e9actions de vos coll\u00e8gues lorsque vous tirez le lait au travail sont tr\u00e8s contrast\u00e9es : de l'encouragement au tr\u00e8s d\u00e9sagr\u00e9able.","robots":{"index":"index","follow":"follow","max-snippet":"max-snippet:-1","max-image-preview":"max-image-preview:large","max-video-preview":"max-video-preview:-1"},"canonical":"https:\/\/www.lactissima.com\/a-tire-d-ailes\/vos-collegues-et-lallaitement\/","og_locale":"fr_FR","og_type":"article","og_title":"Vos r\u00e9ponses : vos coll\u00e8gues et l'allaitement","og_description":"Les r\u00e9actions de vos coll\u00e8gues lorsque vous tirez le lait au travail sont tr\u00e8s contrast\u00e9es : de l'encouragement au tr\u00e8s d\u00e9sagr\u00e9able.","og_url":"https:\/\/www.lactissima.com\/a-tire-d-ailes\/vos-collegues-et-lallaitement\/","og_site_name":"A tire d&#039;Ailes","article_publisher":"https:\/\/www.facebook.com\/consultante.en.lactation","article_author":"www.facebook.com\/consultante.en.lactation","article_published_time":"2018-02-15T09:46:28+00:00","og_image":[{"width":342,"height":248,"url":"https:\/\/www.lactissima.com\/a-tire-d-ailes\/wp-content\/uploads\/2018\/02\/coll\u00e8gues.jpg","type":"image\/jpeg"}],"author":"V\u00e9ronique Darmangeat","twitter_card":"summary_large_image","twitter_creator":"@VeroniqueIBCLC","twitter_site":"@VeroniqueIBCLC","twitter_misc":{"\u00c9crit par":"V\u00e9ronique Darmangeat","Dur\u00e9e de lecture estim\u00e9e":"4 minutes"},"schema":{"@context":"https:\/\/schema.org","@graph":[{"@type":"Article","@id":"https:\/\/www.lactissima.com\/a-tire-d-ailes\/vos-collegues-et-lallaitement\/#article","isPartOf":{"@id":"https:\/\/www.lactissima.com\/a-tire-d-ailes\/vos-collegues-et-lallaitement\/"},"author":{"name":"V\u00e9ronique Darmangeat","@id":"https:\/\/www.lactissima.com\/a-tire-d-ailes\/#\/schema\/person\/8f98d3a89530861bc1240e6d53d44eed"},"headline":"Vos r\u00e9ponses : vos coll\u00e8gues et l&rsquo;allaitement","datePublished":"2018-02-15T09:46:28+00:00","mainEntityOfPage":{"@id":"https:\/\/www.lactissima.com\/a-tire-d-ailes\/vos-collegues-et-lallaitement\/"},"wordCount":732,"commentCount":0,"image":{"@id":"https:\/\/www.lactissima.com\/a-tire-d-ailes\/vos-collegues-et-lallaitement\/#primaryimage"},"thumbnailUrl":"https:\/\/www.lactissima.com\/a-tire-d-ailes\/wp-content\/uploads\/2018\/02\/coll\u00e8gues.jpg","articleSection":["Entreprises"],"inLanguage":"fr-FR","potentialAction":[{"@type":"CommentAction","name":"Comment","target":["https:\/\/www.lactissima.com\/a-tire-d-ailes\/vos-collegues-et-lallaitement\/#respond"]}]},{"@type":"WebPage","@id":"https:\/\/www.lactissima.com\/a-tire-d-ailes\/vos-collegues-et-lallaitement\/","url":"https:\/\/www.lactissima.com\/a-tire-d-ailes\/vos-collegues-et-lallaitement\/","name":"Vos r\u00e9ponses : vos coll\u00e8gues et l'allaitement","isPartOf":{"@id":"https:\/\/www.lactissima.com\/a-tire-d-ailes\/#website"},"primaryImageOfPage":{"@id":"https:\/\/www.lactissima.com\/a-tire-d-ailes\/vos-collegues-et-lallaitement\/#primaryimage"},"image":{"@id":"https:\/\/www.lactissima.com\/a-tire-d-ailes\/vos-collegues-et-lallaitement\/#primaryimage"},"thumbnailUrl":"https:\/\/www.lactissima.com\/a-tire-d-ailes\/wp-content\/uploads\/2018\/02\/coll\u00e8gues.jpg","datePublished":"2018-02-15T09:46:28+00:00","author":{"@id":"https:\/\/www.lactissima.com\/a-tire-d-ailes\/#\/schema\/person\/8f98d3a89530861bc1240e6d53d44eed"},"description":"Les r\u00e9actions de vos coll\u00e8gues lorsque vous tirez le lait au travail sont tr\u00e8s contrast\u00e9es : de l'encouragement au tr\u00e8s d\u00e9sagr\u00e9able.","breadcrumb":{"@id":"https:\/\/www.lactissima.com\/a-tire-d-ailes\/vos-collegues-et-lallaitement\/#breadcrumb"},"inLanguage":"fr-FR","potentialAction":[{"@type":"ReadAction","target":["https:\/\/www.lactissima.com\/a-tire-d-ailes\/vos-collegues-et-lallaitement\/"]}]},{"@type":"ImageObject","inLanguage":"fr-FR","@id":"https:\/\/www.lactissima.com\/a-tire-d-ailes\/vos-collegues-et-lallaitement\/#primaryimage","url":"https:\/\/www.lactissima.com\/a-tire-d-ailes\/wp-content\/uploads\/2018\/02\/coll\u00e8gues.jpg","contentUrl":"https:\/\/www.lactissima.com\/a-tire-d-ailes\/wp-content\/uploads\/2018\/02\/coll\u00e8gues.jpg","width":342,"height":248},{"@type":"BreadcrumbList","@id":"https:\/\/www.lactissima.com\/a-tire-d-ailes\/vos-collegues-et-lallaitement\/#breadcrumb","itemListElement":[{"@type":"ListItem","position":1,"name":"Accueil","item":"https:\/\/www.lactissima.com\/a-tire-d-ailes\/"},{"@type":"ListItem","position":2,"name":"Vos r\u00e9ponses : vos coll\u00e8gues et l&rsquo;allaitement"}]},{"@type":"WebSite","@id":"https:\/\/www.lactissima.com\/a-tire-d-ailes\/#website","url":"https:\/\/www.lactissima.com\/a-tire-d-ailes\/","name":"A tire d&#039;Ailes","description":"Le blog des femmes qui allaitent et travaillent.","potentialAction":[{"@type":"SearchAction","target":{"@type":"EntryPoint","urlTemplate":"https:\/\/www.lactissima.com\/a-tire-d-ailes\/?s={search_term_string}"},"query-input":{"@type":"PropertyValueSpecification","valueRequired":true,"valueName":"search_term_string"}}],"inLanguage":"fr-FR"},{"@type":"Person","@id":"https:\/\/www.lactissima.com\/a-tire-d-ailes\/#\/schema\/person\/8f98d3a89530861bc1240e6d53d44eed","name":"V\u00e9ronique Darmangeat","image":{"@type":"ImageObject","inLanguage":"fr-FR","@id":"https:\/\/secure.gravatar.com\/avatar\/268c99344c89cebfe4f5df5fa8be43068a18884fc76a29f3206fae98465b9cab?s=96&d=identicon&r=g","url":"https:\/\/secure.gravatar.com\/avatar\/268c99344c89cebfe4f5df5fa8be43068a18884fc76a29f3206fae98465b9cab?s=96&d=identicon&r=g","contentUrl":"https:\/\/secure.gravatar.com\/avatar\/268c99344c89cebfe4f5df5fa8be43068a18884fc76a29f3206fae98465b9cab?s=96&d=identicon&r=g","caption":"V\u00e9ronique Darmangeat"},"sameAs":["https:\/\/www.lactissima.com\/a-tire-d-ailes","www.facebook.com\/consultante.en.lactation"]}]}},"_links":{"self":[{"href":"https:\/\/www.lactissima.com\/a-tire-d-ailes\/wp-json\/wp\/v2\/posts\/7532","targetHints":{"allow":["GET"]}}],"collection":[{"href":"https:\/\/www.lactissima.com\/a-tire-d-ailes\/wp-json\/wp\/v2\/posts"}],"about":[{"href":"https:\/\/www.lactissima.com\/a-tire-d-ailes\/wp-json\/wp\/v2\/types\/post"}],"author":[{"embeddable":true,"href":"https:\/\/www.lactissima.com\/a-tire-d-ailes\/wp-json\/wp\/v2\/users\/170"}],"replies":[{"embeddable":true,"href":"https:\/\/www.lactissima.com\/a-tire-d-ailes\/wp-json\/wp\/v2\/comments?post=7532"}],"version-history":[{"count":1,"href":"https:\/\/www.lactissima.com\/a-tire-d-ailes\/wp-json\/wp\/v2\/posts\/7532\/revisions"}],"predecessor-version":[{"id":7533,"href":"https:\/\/www.lactissima.com\/a-tire-d-ailes\/wp-json\/wp\/v2\/posts\/7532\/revisions\/7533"}],"wp:featuredmedia":[{"embeddable":true,"href":"https:\/\/www.lactissima.com\/a-tire-d-ailes\/wp-json\/wp\/v2\/media\/7523"}],"wp:attachment":[{"href":"https:\/\/www.lactissima.com\/a-tire-d-ailes\/wp-json\/wp\/v2\/media?parent=7532"}],"wp:term":[{"taxonomy":"category","embeddable":true,"href":"https:\/\/www.lactissima.com\/a-tire-d-ailes\/wp-json\/wp\/v2\/categories?post=7532"},{"taxonomy":"post_tag","embeddable":true,"href":"https:\/\/www.lactissima.com\/a-tire-d-ailes\/wp-json\/wp\/v2\/tags?post=7532"}],"curies":[{"name":"wp","href":"https:\/\/api.w.org\/{rel}","templated":true}]}}