{"id":7514,"date":"2018-02-01T11:35:09","date_gmt":"2018-02-01T10:35:09","guid":{"rendered":"https:\/\/www.lactissima.com\/a-tire-d-ailes\/?p=7514"},"modified":"2018-02-01T11:35:09","modified_gmt":"2018-02-01T10:35:09","slug":"pauses-dallaitement-fonctionnaires","status":"publish","type":"post","link":"https:\/\/www.lactissima.com\/a-tire-d-ailes\/pauses-dallaitement-fonctionnaires\/","title":{"rendered":"Pauses d&rsquo;allaitement pour les fonctionnaires"},"content":{"rendered":"<p style=\"text-align: justify;\"><img loading=\"lazy\" decoding=\"async\" class=\"alignright size-full wp-image-7516\" src=\"https:\/\/www.lactissima.com\/a-tire-d-ailes\/wp-content\/uploads\/2018\/02\/fonctionnaires.jpg\" alt=\"fonctionnaires\" width=\"330\" height=\"233\" srcset=\"https:\/\/www.lactissima.com\/a-tire-d-ailes\/wp-content\/uploads\/2018\/02\/fonctionnaires.jpg 330w, https:\/\/www.lactissima.com\/a-tire-d-ailes\/wp-content\/uploads\/2018\/02\/fonctionnaires-300x212.jpg 300w\" sizes=\"(max-width: 330px) 100vw, 330px\" \/>De nombreuses femmes travaillant dans la <strong>fonction publique<\/strong> se voient <strong>refuser<\/strong> leur heure d&rsquo;allaitement, pr\u00e9vue par le <a href=\"https:\/\/www.lactissima.com\/a-tire-d-ailes\/code-du-travail-et-allaitement\/\" target=\"_blank\" rel=\"noopener\">code du travail<\/a>.<\/p>\n<p style=\"text-align: justify;\">Pour cela, Les ressources humaines invoquent\u00a0une circulaire du 9 ao\u00fbt 1995 (<a href=\"http:\/\/circulaire.legifrance.gouv.fr\/pdf\/2009\/04\/cir_2723.pdf\" target=\"_blank\" rel=\"noopener\">FP\/4 n\u00b0 1864)<\/a> relative au cong\u00e9 de maternit\u00e9 ou d\u2019adoption et aux autorisations d\u2019absence li\u00e9es \u00e0 la naissance pour les fonctionnaires et agents de l\u2019Etat (NOR :FPPA9530027C).<\/p>\n<p style=\"text-align: justify;\">La juriste <a href=\"https:\/\/www.lactissima.com\/a-tire-d-ailes\/droit-et-allaitement\/\" target=\"_blank\" rel=\"noopener\">Martine Herzog Evans<\/a> nous dit ce qui suit dans son ouvrage <strong><em>Allaitement maternel et droit<\/em> <\/strong>:<br \/>\n\u00ab\u00a0Une lecture attentive montre toutefois qu\u2019elle ne traite nullement des pauses d\u2019allaitement. Elle renvoie en effet aux dispositions d\u2019une instruction plus ancienne du 23 mars 1950 (J.O. des 26 mars, 7 et 29 avril 1950), laquelle retient,<br \/>\n\u00e0 son tour, qu\u2019il \u00ab <em>n\u2019est pas possible, en l\u2019absence de dispositions particuli\u00e8res, d\u2019accorder d\u2019autorisations sp\u00e9ciales aux m\u00e8res allaitant leurs enfants, tant en raison de la dur\u00e9e de la p\u00e9riode d\u2019allaitement que de la fr\u00e9quence des absences n\u00e9cessaires<\/em> \u00bb. L\u2019instruction recommande cependant aux administrations, qui le peuvent mat\u00e9riellement, de permettre aux m\u00e8res d\u2019allaiter leur enfant, voire de b\u00e9n\u00e9ficier d\u2019autorisations d\u2019absence.<\/p>\n<p style=\"text-align: justify;\">Il convient donc de relever que l\u2019instruction de 1950 \u00e9voque, d\u2019une part, l\u2019absence de la m\u00e8re pour cause d\u2019allaitement et, d\u2019autre part, se fonde sur l\u2019absence de disposition particuli\u00e8re.<\/p>\n<p style=\"text-align: justify;\">Sur le premier point : l\u2019instruction de 1950 ne traite en r\u00e9alit\u00e9 tout simplement <strong>pas de la m\u00eame chose<\/strong> que le code du travail. Elle se r\u00e9f\u00e8re \u00e0 l\u2019autorisation d\u2019absence de la m\u00e8re, tandis que le code du travail \u00e9voque une pause<br \/>\nd\u2019allaitement prise sur le lieu du travail. En fait, l\u2019instruction de 1950 <strong>n\u2019interdit pas<\/strong> l\u2019heure d\u2019allaitement, mais l\u2019absence pour allaitement.<\/p>\n<p style=\"text-align: justify;\">Quant au second point, soit l\u2019absence de disposition particuli\u00e8re, il ne tient pas plus. Les textes de 1950 et de 1995 ne sauraient en tenir lieu, puisqu\u2019ils traitent d\u2019un autre sujet, comme il vient d\u2019\u00eatre dit. Au demeurant, ils ne constituent pas des normes, contrairement aux arr\u00eat\u00e9s, d\u00e9crets ou lois. En outre et surtout, en l\u2019absence de r\u00e8gles particuli\u00e8res concernant les fonctionnaires, le principe retenu par le Conseil d\u2019Etat, juridiction supr\u00eame en droit public, est que les <strong>r\u00e8gles du code du travail s\u2019appliquent<\/strong> (C.E., 8 juin 1973, Ass., Dame Peynet, Rec. Leb.,406 \u037e A.J.D.A 1973.587, JCP 1975.II.17957).<\/p>\n<p style=\"text-align: justify;\">En cons\u00e9quence, l\u2019absence de texte interdisant sp\u00e9cialement les pauses d\u2019allaitement et le vide juridique \u00e0 ce sujet<br \/>\nconduit \u00e0 rendre <strong>obligatoire<\/strong>, pour les fonctionnaires, les pauses d\u2019allaitement. Ce raisonnement, que nous avons propos\u00e9 ant\u00e9rieurement dans un article publi\u00e9 en 2001 (M. HerzogEvans, \u00ab Aspects juridiques de l\u2019allaitement maternel \u00bb, R. t. d.san. et soc., 2001, p. 223), a pu \u00eatre appliqu\u00e9 avec succ\u00e8s \u00e0 plusieurs reprises dans le contexte hospitalier. Les fonctionnaires de ce secteur ont ainsi pu b\u00e9n\u00e9ficier de pauses pour allaiter leur enfant ou tirer leur lait.\u00a0\u00bb<\/p>\n<p style=\"text-align: justify;\">Donc ne vous laissez pas <strong>d\u00e9monter<\/strong> par votre hi\u00e9rarchie et utilisez ces arguments !<\/p>\n<p>Et <strong>vous<\/strong>, avez-vous pu prendre votre heure d&rsquo;allaitement ?<\/p>\n<p><strong>Articles en rapport :<\/strong><\/p>\n<ul>\n<li><a href=\"https:\/\/www.lactissima.com\/a-tire-d-ailes\/code-du-travail-et-allaitement\/\" target=\"_blank\" rel=\"noopener\">Et la loi ?<\/a><\/li>\n<li><a href=\"https:\/\/www.lactissima.com\/a-tire-d-ailes\/droit-et-allaitement\/\" target=\"_blank\" rel=\"noopener\">Droit et allaitement avec Martine Herzog Evans<\/a><\/li>\n<\/ul>\n<p>&nbsp;<\/p>\n<div class='et-box et-shadow'>\n\t\t\t\t\t<div class='et-box-content'>Lire des articles ou poser des questions en commentaire ne suffit pas \u00e0 r\u00e9soudre votre probl\u00e8me ? Savez-vous que vous pouvez prendre RDV pour une consultation avec moi ? N&rsquo;h\u00e9sitez pas \u00e0 me contacter !<\/div><\/div>\n","protected":false},"excerpt":{"rendered":"<p>De nombreuses femmes travaillant dans la fonction publique se voient refuser leur heure d&rsquo;allaitement, pr\u00e9vue par le code du travail. Pour cela, Les ressources humaines invoquent\u00a0une circulaire du 9 ao\u00fbt 1995 (FP\/4 n\u00b0 1864) relative au cong\u00e9 de maternit\u00e9 ou d\u2019adoption et aux autorisations d\u2019absence li\u00e9es \u00e0 la naissance pour les fonctionnaires et agents de [&hellip;]<\/p>\n","protected":false},"author":170,"featured_media":7516,"comment_status":"open","ping_status":"open","sticky":false,"template":"","format":"standard","meta":{"_et_pb_use_builder":"","_et_pb_old_content":"","_et_gb_content_width":"","footnotes":""},"categories":[42],"tags":[],"class_list":["post-7514","post","type-post","status-publish","format-standard","has-post-thumbnail","hentry","category-legislation"],"yoast_head":"<!-- This site is optimized with the Yoast SEO plugin v27.4 - https:\/\/yoast.com\/product\/yoast-seo-wordpress\/ -->\n<title>Pauses d&#039;allaitement pour les fonctionnaires<\/title>\n<meta name=\"description\" content=\"Oui les fonctionnaires ont droit \u00e0 l&#039;heure d&#039;allaitement. Ne vous laissez pas faire !\" \/>\n<meta name=\"robots\" content=\"index, follow, max-snippet:-1, max-image-preview:large, max-video-preview:-1\" \/>\n<link rel=\"canonical\" href=\"https:\/\/www.lactissima.com\/a-tire-d-ailes\/pauses-dallaitement-fonctionnaires\/\" \/>\n<meta property=\"og:locale\" content=\"fr_FR\" \/>\n<meta property=\"og:type\" content=\"article\" \/>\n<meta property=\"og:title\" content=\"Pauses d&#039;allaitement pour les fonctionnaires\" \/>\n<meta property=\"og:description\" content=\"Oui les fonctionnaires ont droit \u00e0 l&#039;heure d&#039;allaitement. Ne vous laissez pas faire !\" \/>\n<meta property=\"og:url\" content=\"https:\/\/www.lactissima.com\/a-tire-d-ailes\/pauses-dallaitement-fonctionnaires\/\" \/>\n<meta property=\"og:site_name\" content=\"A tire d&#039;Ailes\" \/>\n<meta property=\"article:publisher\" content=\"https:\/\/www.facebook.com\/consultante.en.lactation\" \/>\n<meta property=\"article:author\" content=\"www.facebook.com\/consultante.en.lactation\" \/>\n<meta property=\"article:published_time\" content=\"2018-02-01T10:35:09+00:00\" \/>\n<meta property=\"og:image\" content=\"https:\/\/www.lactissima.com\/a-tire-d-ailes\/wp-content\/uploads\/2018\/02\/fonctionnaires.jpg\" \/>\n\t<meta property=\"og:image:width\" content=\"330\" \/>\n\t<meta property=\"og:image:height\" content=\"233\" \/>\n\t<meta property=\"og:image:type\" content=\"image\/jpeg\" \/>\n<meta name=\"author\" content=\"V\u00e9ronique Darmangeat\" \/>\n<meta name=\"twitter:card\" content=\"summary_large_image\" \/>\n<meta name=\"twitter:creator\" content=\"@VeroniqueIBCLC\" \/>\n<meta name=\"twitter:site\" content=\"@VeroniqueIBCLC\" \/>\n<meta name=\"twitter:label1\" content=\"\u00c9crit par\" \/>\n\t<meta name=\"twitter:data1\" content=\"V\u00e9ronique Darmangeat\" \/>\n\t<meta name=\"twitter:label2\" content=\"Dur\u00e9e de lecture estim\u00e9e\" \/>\n\t<meta name=\"twitter:data2\" content=\"3 minutes\" \/>\n<script type=\"application\/ld+json\" class=\"yoast-schema-graph\">{\"@context\":\"https:\\\/\\\/schema.org\",\"@graph\":[{\"@type\":\"Article\",\"@id\":\"https:\\\/\\\/www.lactissima.com\\\/a-tire-d-ailes\\\/pauses-dallaitement-fonctionnaires\\\/#article\",\"isPartOf\":{\"@id\":\"https:\\\/\\\/www.lactissima.com\\\/a-tire-d-ailes\\\/pauses-dallaitement-fonctionnaires\\\/\"},\"author\":{\"name\":\"V\u00e9ronique Darmangeat\",\"@id\":\"https:\\\/\\\/www.lactissima.com\\\/a-tire-d-ailes\\\/#\\\/schema\\\/person\\\/8f98d3a89530861bc1240e6d53d44eed\"},\"headline\":\"Pauses d&rsquo;allaitement pour les fonctionnaires\",\"datePublished\":\"2018-02-01T10:35:09+00:00\",\"mainEntityOfPage\":{\"@id\":\"https:\\\/\\\/www.lactissima.com\\\/a-tire-d-ailes\\\/pauses-dallaitement-fonctionnaires\\\/\"},\"wordCount\":583,\"commentCount\":13,\"image\":{\"@id\":\"https:\\\/\\\/www.lactissima.com\\\/a-tire-d-ailes\\\/pauses-dallaitement-fonctionnaires\\\/#primaryimage\"},\"thumbnailUrl\":\"https:\\\/\\\/www.lactissima.com\\\/a-tire-d-ailes\\\/wp-content\\\/uploads\\\/2018\\\/02\\\/fonctionnaires.jpg\",\"articleSection\":[\"L\u00e9gislation\"],\"inLanguage\":\"fr-FR\",\"potentialAction\":[{\"@type\":\"CommentAction\",\"name\":\"Comment\",\"target\":[\"https:\\\/\\\/www.lactissima.com\\\/a-tire-d-ailes\\\/pauses-dallaitement-fonctionnaires\\\/#respond\"]}]},{\"@type\":\"WebPage\",\"@id\":\"https:\\\/\\\/www.lactissima.com\\\/a-tire-d-ailes\\\/pauses-dallaitement-fonctionnaires\\\/\",\"url\":\"https:\\\/\\\/www.lactissima.com\\\/a-tire-d-ailes\\\/pauses-dallaitement-fonctionnaires\\\/\",\"name\":\"Pauses d'allaitement pour les fonctionnaires\",\"isPartOf\":{\"@id\":\"https:\\\/\\\/www.lactissima.com\\\/a-tire-d-ailes\\\/#website\"},\"primaryImageOfPage\":{\"@id\":\"https:\\\/\\\/www.lactissima.com\\\/a-tire-d-ailes\\\/pauses-dallaitement-fonctionnaires\\\/#primaryimage\"},\"image\":{\"@id\":\"https:\\\/\\\/www.lactissima.com\\\/a-tire-d-ailes\\\/pauses-dallaitement-fonctionnaires\\\/#primaryimage\"},\"thumbnailUrl\":\"https:\\\/\\\/www.lactissima.com\\\/a-tire-d-ailes\\\/wp-content\\\/uploads\\\/2018\\\/02\\\/fonctionnaires.jpg\",\"datePublished\":\"2018-02-01T10:35:09+00:00\",\"author\":{\"@id\":\"https:\\\/\\\/www.lactissima.com\\\/a-tire-d-ailes\\\/#\\\/schema\\\/person\\\/8f98d3a89530861bc1240e6d53d44eed\"},\"description\":\"Oui les fonctionnaires ont droit \u00e0 l'heure d'allaitement. Ne vous laissez pas faire !\",\"breadcrumb\":{\"@id\":\"https:\\\/\\\/www.lactissima.com\\\/a-tire-d-ailes\\\/pauses-dallaitement-fonctionnaires\\\/#breadcrumb\"},\"inLanguage\":\"fr-FR\",\"potentialAction\":[{\"@type\":\"ReadAction\",\"target\":[\"https:\\\/\\\/www.lactissima.com\\\/a-tire-d-ailes\\\/pauses-dallaitement-fonctionnaires\\\/\"]}]},{\"@type\":\"ImageObject\",\"inLanguage\":\"fr-FR\",\"@id\":\"https:\\\/\\\/www.lactissima.com\\\/a-tire-d-ailes\\\/pauses-dallaitement-fonctionnaires\\\/#primaryimage\",\"url\":\"https:\\\/\\\/www.lactissima.com\\\/a-tire-d-ailes\\\/wp-content\\\/uploads\\\/2018\\\/02\\\/fonctionnaires.jpg\",\"contentUrl\":\"https:\\\/\\\/www.lactissima.com\\\/a-tire-d-ailes\\\/wp-content\\\/uploads\\\/2018\\\/02\\\/fonctionnaires.jpg\",\"width\":330,\"height\":233,\"caption\":\"fonctionnaires\"},{\"@type\":\"BreadcrumbList\",\"@id\":\"https:\\\/\\\/www.lactissima.com\\\/a-tire-d-ailes\\\/pauses-dallaitement-fonctionnaires\\\/#breadcrumb\",\"itemListElement\":[{\"@type\":\"ListItem\",\"position\":1,\"name\":\"Accueil\",\"item\":\"https:\\\/\\\/www.lactissima.com\\\/a-tire-d-ailes\\\/\"},{\"@type\":\"ListItem\",\"position\":2,\"name\":\"Pauses d&rsquo;allaitement pour les fonctionnaires\"}]},{\"@type\":\"WebSite\",\"@id\":\"https:\\\/\\\/www.lactissima.com\\\/a-tire-d-ailes\\\/#website\",\"url\":\"https:\\\/\\\/www.lactissima.com\\\/a-tire-d-ailes\\\/\",\"name\":\"A tire d&#039;Ailes\",\"description\":\"Le blog des femmes qui allaitent et travaillent.\",\"potentialAction\":[{\"@type\":\"SearchAction\",\"target\":{\"@type\":\"EntryPoint\",\"urlTemplate\":\"https:\\\/\\\/www.lactissima.com\\\/a-tire-d-ailes\\\/?s={search_term_string}\"},\"query-input\":{\"@type\":\"PropertyValueSpecification\",\"valueRequired\":true,\"valueName\":\"search_term_string\"}}],\"inLanguage\":\"fr-FR\"},{\"@type\":\"Person\",\"@id\":\"https:\\\/\\\/www.lactissima.com\\\/a-tire-d-ailes\\\/#\\\/schema\\\/person\\\/8f98d3a89530861bc1240e6d53d44eed\",\"name\":\"V\u00e9ronique Darmangeat\",\"image\":{\"@type\":\"ImageObject\",\"inLanguage\":\"fr-FR\",\"@id\":\"https:\\\/\\\/secure.gravatar.com\\\/avatar\\\/268c99344c89cebfe4f5df5fa8be43068a18884fc76a29f3206fae98465b9cab?s=96&d=identicon&r=g\",\"url\":\"https:\\\/\\\/secure.gravatar.com\\\/avatar\\\/268c99344c89cebfe4f5df5fa8be43068a18884fc76a29f3206fae98465b9cab?s=96&d=identicon&r=g\",\"contentUrl\":\"https:\\\/\\\/secure.gravatar.com\\\/avatar\\\/268c99344c89cebfe4f5df5fa8be43068a18884fc76a29f3206fae98465b9cab?s=96&d=identicon&r=g\",\"caption\":\"V\u00e9ronique Darmangeat\"},\"sameAs\":[\"https:\\\/\\\/www.lactissima.com\\\/a-tire-d-ailes\",\"www.facebook.com\\\/consultante.en.lactation\"]}]}<\/script>\n<!-- \/ Yoast SEO plugin. -->","yoast_head_json":{"title":"Pauses d'allaitement pour les fonctionnaires","description":"Oui les fonctionnaires ont droit \u00e0 l'heure d'allaitement. Ne vous laissez pas faire !","robots":{"index":"index","follow":"follow","max-snippet":"max-snippet:-1","max-image-preview":"max-image-preview:large","max-video-preview":"max-video-preview:-1"},"canonical":"https:\/\/www.lactissima.com\/a-tire-d-ailes\/pauses-dallaitement-fonctionnaires\/","og_locale":"fr_FR","og_type":"article","og_title":"Pauses d'allaitement pour les fonctionnaires","og_description":"Oui les fonctionnaires ont droit \u00e0 l'heure d'allaitement. Ne vous laissez pas faire !","og_url":"https:\/\/www.lactissima.com\/a-tire-d-ailes\/pauses-dallaitement-fonctionnaires\/","og_site_name":"A tire d&#039;Ailes","article_publisher":"https:\/\/www.facebook.com\/consultante.en.lactation","article_author":"www.facebook.com\/consultante.en.lactation","article_published_time":"2018-02-01T10:35:09+00:00","og_image":[{"width":330,"height":233,"url":"https:\/\/www.lactissima.com\/a-tire-d-ailes\/wp-content\/uploads\/2018\/02\/fonctionnaires.jpg","type":"image\/jpeg"}],"author":"V\u00e9ronique Darmangeat","twitter_card":"summary_large_image","twitter_creator":"@VeroniqueIBCLC","twitter_site":"@VeroniqueIBCLC","twitter_misc":{"\u00c9crit par":"V\u00e9ronique Darmangeat","Dur\u00e9e de lecture estim\u00e9e":"3 minutes"},"schema":{"@context":"https:\/\/schema.org","@graph":[{"@type":"Article","@id":"https:\/\/www.lactissima.com\/a-tire-d-ailes\/pauses-dallaitement-fonctionnaires\/#article","isPartOf":{"@id":"https:\/\/www.lactissima.com\/a-tire-d-ailes\/pauses-dallaitement-fonctionnaires\/"},"author":{"name":"V\u00e9ronique Darmangeat","@id":"https:\/\/www.lactissima.com\/a-tire-d-ailes\/#\/schema\/person\/8f98d3a89530861bc1240e6d53d44eed"},"headline":"Pauses d&rsquo;allaitement pour les fonctionnaires","datePublished":"2018-02-01T10:35:09+00:00","mainEntityOfPage":{"@id":"https:\/\/www.lactissima.com\/a-tire-d-ailes\/pauses-dallaitement-fonctionnaires\/"},"wordCount":583,"commentCount":13,"image":{"@id":"https:\/\/www.lactissima.com\/a-tire-d-ailes\/pauses-dallaitement-fonctionnaires\/#primaryimage"},"thumbnailUrl":"https:\/\/www.lactissima.com\/a-tire-d-ailes\/wp-content\/uploads\/2018\/02\/fonctionnaires.jpg","articleSection":["L\u00e9gislation"],"inLanguage":"fr-FR","potentialAction":[{"@type":"CommentAction","name":"Comment","target":["https:\/\/www.lactissima.com\/a-tire-d-ailes\/pauses-dallaitement-fonctionnaires\/#respond"]}]},{"@type":"WebPage","@id":"https:\/\/www.lactissima.com\/a-tire-d-ailes\/pauses-dallaitement-fonctionnaires\/","url":"https:\/\/www.lactissima.com\/a-tire-d-ailes\/pauses-dallaitement-fonctionnaires\/","name":"Pauses d'allaitement pour les fonctionnaires","isPartOf":{"@id":"https:\/\/www.lactissima.com\/a-tire-d-ailes\/#website"},"primaryImageOfPage":{"@id":"https:\/\/www.lactissima.com\/a-tire-d-ailes\/pauses-dallaitement-fonctionnaires\/#primaryimage"},"image":{"@id":"https:\/\/www.lactissima.com\/a-tire-d-ailes\/pauses-dallaitement-fonctionnaires\/#primaryimage"},"thumbnailUrl":"https:\/\/www.lactissima.com\/a-tire-d-ailes\/wp-content\/uploads\/2018\/02\/fonctionnaires.jpg","datePublished":"2018-02-01T10:35:09+00:00","author":{"@id":"https:\/\/www.lactissima.com\/a-tire-d-ailes\/#\/schema\/person\/8f98d3a89530861bc1240e6d53d44eed"},"description":"Oui les fonctionnaires ont droit \u00e0 l'heure d'allaitement. Ne vous laissez pas faire !","breadcrumb":{"@id":"https:\/\/www.lactissima.com\/a-tire-d-ailes\/pauses-dallaitement-fonctionnaires\/#breadcrumb"},"inLanguage":"fr-FR","potentialAction":[{"@type":"ReadAction","target":["https:\/\/www.lactissima.com\/a-tire-d-ailes\/pauses-dallaitement-fonctionnaires\/"]}]},{"@type":"ImageObject","inLanguage":"fr-FR","@id":"https:\/\/www.lactissima.com\/a-tire-d-ailes\/pauses-dallaitement-fonctionnaires\/#primaryimage","url":"https:\/\/www.lactissima.com\/a-tire-d-ailes\/wp-content\/uploads\/2018\/02\/fonctionnaires.jpg","contentUrl":"https:\/\/www.lactissima.com\/a-tire-d-ailes\/wp-content\/uploads\/2018\/02\/fonctionnaires.jpg","width":330,"height":233,"caption":"fonctionnaires"},{"@type":"BreadcrumbList","@id":"https:\/\/www.lactissima.com\/a-tire-d-ailes\/pauses-dallaitement-fonctionnaires\/#breadcrumb","itemListElement":[{"@type":"ListItem","position":1,"name":"Accueil","item":"https:\/\/www.lactissima.com\/a-tire-d-ailes\/"},{"@type":"ListItem","position":2,"name":"Pauses d&rsquo;allaitement pour les fonctionnaires"}]},{"@type":"WebSite","@id":"https:\/\/www.lactissima.com\/a-tire-d-ailes\/#website","url":"https:\/\/www.lactissima.com\/a-tire-d-ailes\/","name":"A tire d&#039;Ailes","description":"Le blog des femmes qui allaitent et travaillent.","potentialAction":[{"@type":"SearchAction","target":{"@type":"EntryPoint","urlTemplate":"https:\/\/www.lactissima.com\/a-tire-d-ailes\/?s={search_term_string}"},"query-input":{"@type":"PropertyValueSpecification","valueRequired":true,"valueName":"search_term_string"}}],"inLanguage":"fr-FR"},{"@type":"Person","@id":"https:\/\/www.lactissima.com\/a-tire-d-ailes\/#\/schema\/person\/8f98d3a89530861bc1240e6d53d44eed","name":"V\u00e9ronique Darmangeat","image":{"@type":"ImageObject","inLanguage":"fr-FR","@id":"https:\/\/secure.gravatar.com\/avatar\/268c99344c89cebfe4f5df5fa8be43068a18884fc76a29f3206fae98465b9cab?s=96&d=identicon&r=g","url":"https:\/\/secure.gravatar.com\/avatar\/268c99344c89cebfe4f5df5fa8be43068a18884fc76a29f3206fae98465b9cab?s=96&d=identicon&r=g","contentUrl":"https:\/\/secure.gravatar.com\/avatar\/268c99344c89cebfe4f5df5fa8be43068a18884fc76a29f3206fae98465b9cab?s=96&d=identicon&r=g","caption":"V\u00e9ronique Darmangeat"},"sameAs":["https:\/\/www.lactissima.com\/a-tire-d-ailes","www.facebook.com\/consultante.en.lactation"]}]}},"_links":{"self":[{"href":"https:\/\/www.lactissima.com\/a-tire-d-ailes\/wp-json\/wp\/v2\/posts\/7514","targetHints":{"allow":["GET"]}}],"collection":[{"href":"https:\/\/www.lactissima.com\/a-tire-d-ailes\/wp-json\/wp\/v2\/posts"}],"about":[{"href":"https:\/\/www.lactissima.com\/a-tire-d-ailes\/wp-json\/wp\/v2\/types\/post"}],"author":[{"embeddable":true,"href":"https:\/\/www.lactissima.com\/a-tire-d-ailes\/wp-json\/wp\/v2\/users\/170"}],"replies":[{"embeddable":true,"href":"https:\/\/www.lactissima.com\/a-tire-d-ailes\/wp-json\/wp\/v2\/comments?post=7514"}],"version-history":[{"count":2,"href":"https:\/\/www.lactissima.com\/a-tire-d-ailes\/wp-json\/wp\/v2\/posts\/7514\/revisions"}],"predecessor-version":[{"id":7517,"href":"https:\/\/www.lactissima.com\/a-tire-d-ailes\/wp-json\/wp\/v2\/posts\/7514\/revisions\/7517"}],"wp:featuredmedia":[{"embeddable":true,"href":"https:\/\/www.lactissima.com\/a-tire-d-ailes\/wp-json\/wp\/v2\/media\/7516"}],"wp:attachment":[{"href":"https:\/\/www.lactissima.com\/a-tire-d-ailes\/wp-json\/wp\/v2\/media?parent=7514"}],"wp:term":[{"taxonomy":"category","embeddable":true,"href":"https:\/\/www.lactissima.com\/a-tire-d-ailes\/wp-json\/wp\/v2\/categories?post=7514"},{"taxonomy":"post_tag","embeddable":true,"href":"https:\/\/www.lactissima.com\/a-tire-d-ailes\/wp-json\/wp\/v2\/tags?post=7514"}],"curies":[{"name":"wp","href":"https:\/\/api.w.org\/{rel}","templated":true}]}}