{"id":7489,"date":"2018-01-11T11:16:01","date_gmt":"2018-01-11T10:16:01","guid":{"rendered":"https:\/\/www.lactissima.com\/a-tire-d-ailes\/?p=7489"},"modified":"2018-01-11T11:16:01","modified_gmt":"2018-01-11T10:16:01","slug":"questions-autour-lait-de-fin-de-tetee","status":"publish","type":"post","link":"https:\/\/www.lactissima.com\/a-tire-d-ailes\/questions-autour-lait-de-fin-de-tetee\/","title":{"rendered":"Questions autour du lait de fin de t\u00e9t\u00e9e"},"content":{"rendered":"<div id=\"attachment_7490\" style=\"width: 338px\" class=\"wp-caption alignright\"><img loading=\"lazy\" decoding=\"async\" aria-describedby=\"caption-attachment-7490\" class=\"size-full wp-image-7490\" src=\"https:\/\/www.lactissima.com\/a-tire-d-ailes\/wp-content\/uploads\/2018\/01\/lait-de-fin-de-t\u00e9t\u00e9e.jpg\" alt=\"lait de fin de t\u00e9t\u00e9e\" width=\"328\" height=\"246\" srcset=\"https:\/\/www.lactissima.com\/a-tire-d-ailes\/wp-content\/uploads\/2018\/01\/lait-de-fin-de-t\u00e9t\u00e9e.jpg 328w, https:\/\/www.lactissima.com\/a-tire-d-ailes\/wp-content\/uploads\/2018\/01\/lait-de-fin-de-t\u00e9t\u00e9e-300x225.jpg 300w\" sizes=\"(max-width: 328px) 100vw, 328px\" \/><p id=\"caption-attachment-7490\" class=\"wp-caption-text\">Photo : Daniel Lobo<\/p><\/div>\n<p style=\"text-align: justify;\">Beaucoup de mamans me posent des questions sur le temps pass\u00e9 sur un sein et la prise du <strong>lait de fin de t\u00e9t\u00e9e<\/strong> :<br \/>\n\u00ab\u00a0On m&rsquo;a dit de ne donner qu&rsquo;un sein pour qu&rsquo;il ait le lait de fin de t\u00e9t\u00e9e, plus gras.\u00a0\u00bb<br \/>\n\u00ab\u00a0Si je lui donne 2 seins, comment je sais qu&rsquo;il a eu le lait de fin de t\u00e9t\u00e9e ?\u00a0\u00bb<br \/>\n\u00ab\u00a0Si je tire mon lait, comment je sais qu&rsquo;il y a le lait gras ?\u00a0\u00bb<br \/>\n\u00ab\u00a0Si je ne donne \u00e0 mon b\u00e9b\u00e9 que du lait tir\u00e9 en d\u00e9but de t\u00e9t\u00e9e, il va avoir faim.\u00a0\u00bb<\/p>\n<p style=\"text-align: justify;\">Mettons les choses au point :<\/p>\n<ul style=\"text-align: justify;\">\n<li>Oui le lait <strong>varie<\/strong> en cours de t\u00e9t\u00e9e : il est plus riche en lactose en d\u00e9but de t\u00e9t\u00e9e et plus riche en gras en fin de t\u00e9t\u00e9e.<\/li>\n<li>Mais il y a d\u00e9j\u00e0 du gras dans le lait en d\u00e9but de t\u00e9t\u00e9e et il y a toujours du lactose dans le lait en fin de t\u00e9t\u00e9e.<\/li>\n<li>Le lait est <strong>toujours complet et nourrissant<\/strong>, quel que soit le moment de la t\u00e9t\u00e9e.<\/li>\n<li>D&rsquo;autre part, vous ne saurez jamais si vous \u00eates ou non sur la partie la plus grasse du lait sauf si vous tirez votre lait (car le lait est alors beaucoup plus opaque). En effet, la composition du lait en graisses varie en fonction de la fr\u00e9quence des t\u00e9t\u00e9es, du taux de drainage du sein, de l&rsquo;efficacit\u00e9 de votre b\u00e9b\u00e9 au sein,&#8230;<\/li>\n<\/ul>\n<p style=\"text-align: justify;\">Je vous propose donc de ne <strong>jamais vous occuper<\/strong> de la composition de votre lait, qui est toujours bon pour votre b\u00e9b\u00e9.<\/p>\n<p style=\"text-align: justify;\">Il y a seulement 2 exceptions \u00e0 cela :<\/p>\n<ul style=\"text-align: justify;\">\n<li>Le grand pr\u00e9matur\u00e9 \u00e0 qui on va syst\u00e9matiquement donner la partie la plus grasse du lait tir\u00e9 pour augmenter ses apports caloriques.<\/li>\n<li>Le b\u00e9b\u00e9 qui a tr\u00e8s mal au ventre, des selles liquides, explosives, mousseuses et vertes, sans aucun grumeaux. Celui-ci a peut-\u00eatre trop d&rsquo;apports de lactose et pas assez de lactase pour dig\u00e9rer tout ce lactose.<\/li>\n<\/ul>\n<p style=\"text-align: justify;\">Dans tous les autres cas, on ne se pr\u00e9occupe pas de la composition du lait. Un b\u00e9b\u00e9 qui se nourrit avec beaucoup de lait de d\u00e9but de t\u00e9t\u00e9e prend tr\u00e8s bien du poids. Le lait de d\u00e9but de t\u00e9t\u00e9e n&rsquo;est pas de l&rsquo;eau, il est <strong>calorique<\/strong> !<\/p>\n<p style=\"text-align: justify;\">Donc si vous tirez votre lait, ce n&rsquo;est pas la peine de l&rsquo;observer \u00e0 la loupe, il est bon et nourrissant pour votre b\u00e9b\u00e9.<\/p>\n<p>&nbsp;<\/p>\n<div class='et-box et-shadow'>\n\t\t\t\t\t<div class='et-box-content'>Lire des articles ou poser des questions en commentaire ne suffit pas \u00e0 r\u00e9soudre votre probl\u00e8me ?\nSavez-vous que vous pouvez prendre RDV pour une consultation avec moi ?\nN&rsquo;h\u00e9sitez pas \u00e0 me contacter !<\/div><\/div>\n","protected":false},"excerpt":{"rendered":"<p>Beaucoup de mamans me posent des questions sur le temps pass\u00e9 sur un sein et la prise du lait de fin de t\u00e9t\u00e9e : \u00ab\u00a0On m&rsquo;a dit de ne donner qu&rsquo;un sein pour qu&rsquo;il ait le lait de fin de t\u00e9t\u00e9e, plus gras.\u00a0\u00bb \u00ab\u00a0Si je lui donne 2 seins, comment je sais qu&rsquo;il a eu [&hellip;]<\/p>\n","protected":false},"author":170,"featured_media":7490,"comment_status":"open","ping_status":"open","sticky":false,"template":"","format":"standard","meta":{"_et_pb_use_builder":"","_et_pb_old_content":"","_et_gb_content_width":"","footnotes":""},"categories":[35],"tags":[],"class_list":["post-7489","post","type-post","status-publish","format-standard","has-post-thumbnail","hentry","category-allaitement"],"yoast_head":"<!-- This site is optimized with the Yoast SEO plugin v27.4 - https:\/\/yoast.com\/product\/yoast-seo-wordpress\/ -->\n<title>lait de fin de t\u00e9t\u00e9e<\/title>\n<meta name=\"description\" content=\"Votre lait varie en cours de t\u00e9t\u00e9e et le lait de fin de t\u00e9t\u00e9e est plus gras. Mais votre lait est toujours nourrissant pour votre b\u00e9b\u00e9, m\u00eame au d\u00e9but de la t\u00e9t\u00e9e !\" \/>\n<meta name=\"robots\" content=\"index, follow, max-snippet:-1, max-image-preview:large, max-video-preview:-1\" \/>\n<link rel=\"canonical\" href=\"https:\/\/www.lactissima.com\/a-tire-d-ailes\/questions-autour-lait-de-fin-de-tetee\/\" \/>\n<meta property=\"og:locale\" content=\"fr_FR\" \/>\n<meta property=\"og:type\" content=\"article\" \/>\n<meta property=\"og:title\" content=\"lait de fin de t\u00e9t\u00e9e\" \/>\n<meta property=\"og:description\" content=\"Votre lait varie en cours de t\u00e9t\u00e9e et le lait de fin de t\u00e9t\u00e9e est plus gras. Mais votre lait est toujours nourrissant pour votre b\u00e9b\u00e9, m\u00eame au d\u00e9but de la t\u00e9t\u00e9e !\" \/>\n<meta property=\"og:url\" content=\"https:\/\/www.lactissima.com\/a-tire-d-ailes\/questions-autour-lait-de-fin-de-tetee\/\" \/>\n<meta property=\"og:site_name\" content=\"A tire d&#039;Ailes\" \/>\n<meta property=\"article:publisher\" content=\"https:\/\/www.facebook.com\/consultante.en.lactation\" \/>\n<meta property=\"article:author\" content=\"www.facebook.com\/consultante.en.lactation\" \/>\n<meta property=\"article:published_time\" content=\"2018-01-11T10:16:01+00:00\" \/>\n<meta property=\"og:image\" content=\"https:\/\/www.lactissima.com\/a-tire-d-ailes\/wp-content\/uploads\/2018\/01\/lait-de-fin-de-t\u00e9t\u00e9e.jpg\" \/>\n\t<meta property=\"og:image:width\" content=\"328\" \/>\n\t<meta property=\"og:image:height\" content=\"246\" \/>\n\t<meta property=\"og:image:type\" content=\"image\/jpeg\" \/>\n<meta name=\"author\" content=\"V\u00e9ronique Darmangeat\" \/>\n<meta name=\"twitter:card\" content=\"summary_large_image\" \/>\n<meta name=\"twitter:creator\" content=\"@VeroniqueIBCLC\" \/>\n<meta name=\"twitter:site\" content=\"@VeroniqueIBCLC\" \/>\n<meta name=\"twitter:label1\" content=\"\u00c9crit par\" \/>\n\t<meta name=\"twitter:data1\" content=\"V\u00e9ronique Darmangeat\" \/>\n\t<meta name=\"twitter:label2\" content=\"Dur\u00e9e de lecture estim\u00e9e\" \/>\n\t<meta name=\"twitter:data2\" content=\"2 minutes\" \/>\n<script type=\"application\/ld+json\" class=\"yoast-schema-graph\">{\"@context\":\"https:\\\/\\\/schema.org\",\"@graph\":[{\"@type\":\"Article\",\"@id\":\"https:\\\/\\\/www.lactissima.com\\\/a-tire-d-ailes\\\/questions-autour-lait-de-fin-de-tetee\\\/#article\",\"isPartOf\":{\"@id\":\"https:\\\/\\\/www.lactissima.com\\\/a-tire-d-ailes\\\/questions-autour-lait-de-fin-de-tetee\\\/\"},\"author\":{\"name\":\"V\u00e9ronique Darmangeat\",\"@id\":\"https:\\\/\\\/www.lactissima.com\\\/a-tire-d-ailes\\\/#\\\/schema\\\/person\\\/8f98d3a89530861bc1240e6d53d44eed\"},\"headline\":\"Questions autour du lait de fin de t\u00e9t\u00e9e\",\"datePublished\":\"2018-01-11T10:16:01+00:00\",\"mainEntityOfPage\":{\"@id\":\"https:\\\/\\\/www.lactissima.com\\\/a-tire-d-ailes\\\/questions-autour-lait-de-fin-de-tetee\\\/\"},\"wordCount\":496,\"commentCount\":17,\"image\":{\"@id\":\"https:\\\/\\\/www.lactissima.com\\\/a-tire-d-ailes\\\/questions-autour-lait-de-fin-de-tetee\\\/#primaryimage\"},\"thumbnailUrl\":\"https:\\\/\\\/www.lactissima.com\\\/a-tire-d-ailes\\\/wp-content\\\/uploads\\\/2018\\\/01\\\/lait-de-fin-de-t\u00e9t\u00e9e.jpg\",\"articleSection\":[\"Allaitement\"],\"inLanguage\":\"fr-FR\",\"potentialAction\":[{\"@type\":\"CommentAction\",\"name\":\"Comment\",\"target\":[\"https:\\\/\\\/www.lactissima.com\\\/a-tire-d-ailes\\\/questions-autour-lait-de-fin-de-tetee\\\/#respond\"]}]},{\"@type\":\"WebPage\",\"@id\":\"https:\\\/\\\/www.lactissima.com\\\/a-tire-d-ailes\\\/questions-autour-lait-de-fin-de-tetee\\\/\",\"url\":\"https:\\\/\\\/www.lactissima.com\\\/a-tire-d-ailes\\\/questions-autour-lait-de-fin-de-tetee\\\/\",\"name\":\"lait de fin de t\u00e9t\u00e9e\",\"isPartOf\":{\"@id\":\"https:\\\/\\\/www.lactissima.com\\\/a-tire-d-ailes\\\/#website\"},\"primaryImageOfPage\":{\"@id\":\"https:\\\/\\\/www.lactissima.com\\\/a-tire-d-ailes\\\/questions-autour-lait-de-fin-de-tetee\\\/#primaryimage\"},\"image\":{\"@id\":\"https:\\\/\\\/www.lactissima.com\\\/a-tire-d-ailes\\\/questions-autour-lait-de-fin-de-tetee\\\/#primaryimage\"},\"thumbnailUrl\":\"https:\\\/\\\/www.lactissima.com\\\/a-tire-d-ailes\\\/wp-content\\\/uploads\\\/2018\\\/01\\\/lait-de-fin-de-t\u00e9t\u00e9e.jpg\",\"datePublished\":\"2018-01-11T10:16:01+00:00\",\"author\":{\"@id\":\"https:\\\/\\\/www.lactissima.com\\\/a-tire-d-ailes\\\/#\\\/schema\\\/person\\\/8f98d3a89530861bc1240e6d53d44eed\"},\"description\":\"Votre lait varie en cours de t\u00e9t\u00e9e et le lait de fin de t\u00e9t\u00e9e est plus gras. Mais votre lait est toujours nourrissant pour votre b\u00e9b\u00e9, m\u00eame au d\u00e9but de la t\u00e9t\u00e9e !\",\"breadcrumb\":{\"@id\":\"https:\\\/\\\/www.lactissima.com\\\/a-tire-d-ailes\\\/questions-autour-lait-de-fin-de-tetee\\\/#breadcrumb\"},\"inLanguage\":\"fr-FR\",\"potentialAction\":[{\"@type\":\"ReadAction\",\"target\":[\"https:\\\/\\\/www.lactissima.com\\\/a-tire-d-ailes\\\/questions-autour-lait-de-fin-de-tetee\\\/\"]}]},{\"@type\":\"ImageObject\",\"inLanguage\":\"fr-FR\",\"@id\":\"https:\\\/\\\/www.lactissima.com\\\/a-tire-d-ailes\\\/questions-autour-lait-de-fin-de-tetee\\\/#primaryimage\",\"url\":\"https:\\\/\\\/www.lactissima.com\\\/a-tire-d-ailes\\\/wp-content\\\/uploads\\\/2018\\\/01\\\/lait-de-fin-de-t\u00e9t\u00e9e.jpg\",\"contentUrl\":\"https:\\\/\\\/www.lactissima.com\\\/a-tire-d-ailes\\\/wp-content\\\/uploads\\\/2018\\\/01\\\/lait-de-fin-de-t\u00e9t\u00e9e.jpg\",\"width\":328,\"height\":246,\"caption\":\"Photo : Daniel Lobo\"},{\"@type\":\"BreadcrumbList\",\"@id\":\"https:\\\/\\\/www.lactissima.com\\\/a-tire-d-ailes\\\/questions-autour-lait-de-fin-de-tetee\\\/#breadcrumb\",\"itemListElement\":[{\"@type\":\"ListItem\",\"position\":1,\"name\":\"Accueil\",\"item\":\"https:\\\/\\\/www.lactissima.com\\\/a-tire-d-ailes\\\/\"},{\"@type\":\"ListItem\",\"position\":2,\"name\":\"Questions autour du lait de fin de t\u00e9t\u00e9e\"}]},{\"@type\":\"WebSite\",\"@id\":\"https:\\\/\\\/www.lactissima.com\\\/a-tire-d-ailes\\\/#website\",\"url\":\"https:\\\/\\\/www.lactissima.com\\\/a-tire-d-ailes\\\/\",\"name\":\"A tire d&#039;Ailes\",\"description\":\"Le blog des femmes qui allaitent et travaillent.\",\"potentialAction\":[{\"@type\":\"SearchAction\",\"target\":{\"@type\":\"EntryPoint\",\"urlTemplate\":\"https:\\\/\\\/www.lactissima.com\\\/a-tire-d-ailes\\\/?s={search_term_string}\"},\"query-input\":{\"@type\":\"PropertyValueSpecification\",\"valueRequired\":true,\"valueName\":\"search_term_string\"}}],\"inLanguage\":\"fr-FR\"},{\"@type\":\"Person\",\"@id\":\"https:\\\/\\\/www.lactissima.com\\\/a-tire-d-ailes\\\/#\\\/schema\\\/person\\\/8f98d3a89530861bc1240e6d53d44eed\",\"name\":\"V\u00e9ronique Darmangeat\",\"image\":{\"@type\":\"ImageObject\",\"inLanguage\":\"fr-FR\",\"@id\":\"https:\\\/\\\/secure.gravatar.com\\\/avatar\\\/268c99344c89cebfe4f5df5fa8be43068a18884fc76a29f3206fae98465b9cab?s=96&d=identicon&r=g\",\"url\":\"https:\\\/\\\/secure.gravatar.com\\\/avatar\\\/268c99344c89cebfe4f5df5fa8be43068a18884fc76a29f3206fae98465b9cab?s=96&d=identicon&r=g\",\"contentUrl\":\"https:\\\/\\\/secure.gravatar.com\\\/avatar\\\/268c99344c89cebfe4f5df5fa8be43068a18884fc76a29f3206fae98465b9cab?s=96&d=identicon&r=g\",\"caption\":\"V\u00e9ronique Darmangeat\"},\"sameAs\":[\"https:\\\/\\\/www.lactissima.com\\\/a-tire-d-ailes\",\"www.facebook.com\\\/consultante.en.lactation\"]}]}<\/script>\n<!-- \/ Yoast SEO plugin. -->","yoast_head_json":{"title":"lait de fin de t\u00e9t\u00e9e","description":"Votre lait varie en cours de t\u00e9t\u00e9e et le lait de fin de t\u00e9t\u00e9e est plus gras. Mais votre lait est toujours nourrissant pour votre b\u00e9b\u00e9, m\u00eame au d\u00e9but de la t\u00e9t\u00e9e !","robots":{"index":"index","follow":"follow","max-snippet":"max-snippet:-1","max-image-preview":"max-image-preview:large","max-video-preview":"max-video-preview:-1"},"canonical":"https:\/\/www.lactissima.com\/a-tire-d-ailes\/questions-autour-lait-de-fin-de-tetee\/","og_locale":"fr_FR","og_type":"article","og_title":"lait de fin de t\u00e9t\u00e9e","og_description":"Votre lait varie en cours de t\u00e9t\u00e9e et le lait de fin de t\u00e9t\u00e9e est plus gras. Mais votre lait est toujours nourrissant pour votre b\u00e9b\u00e9, m\u00eame au d\u00e9but de la t\u00e9t\u00e9e !","og_url":"https:\/\/www.lactissima.com\/a-tire-d-ailes\/questions-autour-lait-de-fin-de-tetee\/","og_site_name":"A tire d&#039;Ailes","article_publisher":"https:\/\/www.facebook.com\/consultante.en.lactation","article_author":"www.facebook.com\/consultante.en.lactation","article_published_time":"2018-01-11T10:16:01+00:00","og_image":[{"width":328,"height":246,"url":"https:\/\/www.lactissima.com\/a-tire-d-ailes\/wp-content\/uploads\/2018\/01\/lait-de-fin-de-t\u00e9t\u00e9e.jpg","type":"image\/jpeg"}],"author":"V\u00e9ronique Darmangeat","twitter_card":"summary_large_image","twitter_creator":"@VeroniqueIBCLC","twitter_site":"@VeroniqueIBCLC","twitter_misc":{"\u00c9crit par":"V\u00e9ronique Darmangeat","Dur\u00e9e de lecture estim\u00e9e":"2 minutes"},"schema":{"@context":"https:\/\/schema.org","@graph":[{"@type":"Article","@id":"https:\/\/www.lactissima.com\/a-tire-d-ailes\/questions-autour-lait-de-fin-de-tetee\/#article","isPartOf":{"@id":"https:\/\/www.lactissima.com\/a-tire-d-ailes\/questions-autour-lait-de-fin-de-tetee\/"},"author":{"name":"V\u00e9ronique Darmangeat","@id":"https:\/\/www.lactissima.com\/a-tire-d-ailes\/#\/schema\/person\/8f98d3a89530861bc1240e6d53d44eed"},"headline":"Questions autour du lait de fin de t\u00e9t\u00e9e","datePublished":"2018-01-11T10:16:01+00:00","mainEntityOfPage":{"@id":"https:\/\/www.lactissima.com\/a-tire-d-ailes\/questions-autour-lait-de-fin-de-tetee\/"},"wordCount":496,"commentCount":17,"image":{"@id":"https:\/\/www.lactissima.com\/a-tire-d-ailes\/questions-autour-lait-de-fin-de-tetee\/#primaryimage"},"thumbnailUrl":"https:\/\/www.lactissima.com\/a-tire-d-ailes\/wp-content\/uploads\/2018\/01\/lait-de-fin-de-t\u00e9t\u00e9e.jpg","articleSection":["Allaitement"],"inLanguage":"fr-FR","potentialAction":[{"@type":"CommentAction","name":"Comment","target":["https:\/\/www.lactissima.com\/a-tire-d-ailes\/questions-autour-lait-de-fin-de-tetee\/#respond"]}]},{"@type":"WebPage","@id":"https:\/\/www.lactissima.com\/a-tire-d-ailes\/questions-autour-lait-de-fin-de-tetee\/","url":"https:\/\/www.lactissima.com\/a-tire-d-ailes\/questions-autour-lait-de-fin-de-tetee\/","name":"lait de fin de t\u00e9t\u00e9e","isPartOf":{"@id":"https:\/\/www.lactissima.com\/a-tire-d-ailes\/#website"},"primaryImageOfPage":{"@id":"https:\/\/www.lactissima.com\/a-tire-d-ailes\/questions-autour-lait-de-fin-de-tetee\/#primaryimage"},"image":{"@id":"https:\/\/www.lactissima.com\/a-tire-d-ailes\/questions-autour-lait-de-fin-de-tetee\/#primaryimage"},"thumbnailUrl":"https:\/\/www.lactissima.com\/a-tire-d-ailes\/wp-content\/uploads\/2018\/01\/lait-de-fin-de-t\u00e9t\u00e9e.jpg","datePublished":"2018-01-11T10:16:01+00:00","author":{"@id":"https:\/\/www.lactissima.com\/a-tire-d-ailes\/#\/schema\/person\/8f98d3a89530861bc1240e6d53d44eed"},"description":"Votre lait varie en cours de t\u00e9t\u00e9e et le lait de fin de t\u00e9t\u00e9e est plus gras. Mais votre lait est toujours nourrissant pour votre b\u00e9b\u00e9, m\u00eame au d\u00e9but de la t\u00e9t\u00e9e !","breadcrumb":{"@id":"https:\/\/www.lactissima.com\/a-tire-d-ailes\/questions-autour-lait-de-fin-de-tetee\/#breadcrumb"},"inLanguage":"fr-FR","potentialAction":[{"@type":"ReadAction","target":["https:\/\/www.lactissima.com\/a-tire-d-ailes\/questions-autour-lait-de-fin-de-tetee\/"]}]},{"@type":"ImageObject","inLanguage":"fr-FR","@id":"https:\/\/www.lactissima.com\/a-tire-d-ailes\/questions-autour-lait-de-fin-de-tetee\/#primaryimage","url":"https:\/\/www.lactissima.com\/a-tire-d-ailes\/wp-content\/uploads\/2018\/01\/lait-de-fin-de-t\u00e9t\u00e9e.jpg","contentUrl":"https:\/\/www.lactissima.com\/a-tire-d-ailes\/wp-content\/uploads\/2018\/01\/lait-de-fin-de-t\u00e9t\u00e9e.jpg","width":328,"height":246,"caption":"Photo : Daniel Lobo"},{"@type":"BreadcrumbList","@id":"https:\/\/www.lactissima.com\/a-tire-d-ailes\/questions-autour-lait-de-fin-de-tetee\/#breadcrumb","itemListElement":[{"@type":"ListItem","position":1,"name":"Accueil","item":"https:\/\/www.lactissima.com\/a-tire-d-ailes\/"},{"@type":"ListItem","position":2,"name":"Questions autour du lait de fin de t\u00e9t\u00e9e"}]},{"@type":"WebSite","@id":"https:\/\/www.lactissima.com\/a-tire-d-ailes\/#website","url":"https:\/\/www.lactissima.com\/a-tire-d-ailes\/","name":"A tire d&#039;Ailes","description":"Le blog des femmes qui allaitent et travaillent.","potentialAction":[{"@type":"SearchAction","target":{"@type":"EntryPoint","urlTemplate":"https:\/\/www.lactissima.com\/a-tire-d-ailes\/?s={search_term_string}"},"query-input":{"@type":"PropertyValueSpecification","valueRequired":true,"valueName":"search_term_string"}}],"inLanguage":"fr-FR"},{"@type":"Person","@id":"https:\/\/www.lactissima.com\/a-tire-d-ailes\/#\/schema\/person\/8f98d3a89530861bc1240e6d53d44eed","name":"V\u00e9ronique Darmangeat","image":{"@type":"ImageObject","inLanguage":"fr-FR","@id":"https:\/\/secure.gravatar.com\/avatar\/268c99344c89cebfe4f5df5fa8be43068a18884fc76a29f3206fae98465b9cab?s=96&d=identicon&r=g","url":"https:\/\/secure.gravatar.com\/avatar\/268c99344c89cebfe4f5df5fa8be43068a18884fc76a29f3206fae98465b9cab?s=96&d=identicon&r=g","contentUrl":"https:\/\/secure.gravatar.com\/avatar\/268c99344c89cebfe4f5df5fa8be43068a18884fc76a29f3206fae98465b9cab?s=96&d=identicon&r=g","caption":"V\u00e9ronique Darmangeat"},"sameAs":["https:\/\/www.lactissima.com\/a-tire-d-ailes","www.facebook.com\/consultante.en.lactation"]}]}},"_links":{"self":[{"href":"https:\/\/www.lactissima.com\/a-tire-d-ailes\/wp-json\/wp\/v2\/posts\/7489","targetHints":{"allow":["GET"]}}],"collection":[{"href":"https:\/\/www.lactissima.com\/a-tire-d-ailes\/wp-json\/wp\/v2\/posts"}],"about":[{"href":"https:\/\/www.lactissima.com\/a-tire-d-ailes\/wp-json\/wp\/v2\/types\/post"}],"author":[{"embeddable":true,"href":"https:\/\/www.lactissima.com\/a-tire-d-ailes\/wp-json\/wp\/v2\/users\/170"}],"replies":[{"embeddable":true,"href":"https:\/\/www.lactissima.com\/a-tire-d-ailes\/wp-json\/wp\/v2\/comments?post=7489"}],"version-history":[{"count":3,"href":"https:\/\/www.lactissima.com\/a-tire-d-ailes\/wp-json\/wp\/v2\/posts\/7489\/revisions"}],"predecessor-version":[{"id":7493,"href":"https:\/\/www.lactissima.com\/a-tire-d-ailes\/wp-json\/wp\/v2\/posts\/7489\/revisions\/7493"}],"wp:featuredmedia":[{"embeddable":true,"href":"https:\/\/www.lactissima.com\/a-tire-d-ailes\/wp-json\/wp\/v2\/media\/7490"}],"wp:attachment":[{"href":"https:\/\/www.lactissima.com\/a-tire-d-ailes\/wp-json\/wp\/v2\/media?parent=7489"}],"wp:term":[{"taxonomy":"category","embeddable":true,"href":"https:\/\/www.lactissima.com\/a-tire-d-ailes\/wp-json\/wp\/v2\/categories?post=7489"},{"taxonomy":"post_tag","embeddable":true,"href":"https:\/\/www.lactissima.com\/a-tire-d-ailes\/wp-json\/wp\/v2\/tags?post=7489"}],"curies":[{"name":"wp","href":"https:\/\/api.w.org\/{rel}","templated":true}]}}