{"id":7440,"date":"2017-12-07T17:40:55","date_gmt":"2017-12-07T16:40:55","guid":{"rendered":"https:\/\/www.lactissima.com\/a-tire-d-ailes\/?p=7440"},"modified":"2017-12-07T17:41:24","modified_gmt":"2017-12-07T16:41:24","slug":"allaiter-et-travailler-le-temoignage-de-sandra","status":"publish","type":"post","link":"https:\/\/www.lactissima.com\/a-tire-d-ailes\/allaiter-et-travailler-le-temoignage-de-sandra\/","title":{"rendered":"Allaiter et travailler : le t\u00e9moignage de Sandra"},"content":{"rendered":"<p style=\"text-align: justify;\"><img loading=\"lazy\" decoding=\"async\" class=\"alignright size-full wp-image-7442\" src=\"https:\/\/www.lactissima.com\/a-tire-d-ailes\/wp-content\/uploads\/2017\/12\/sandra.jpeg\" alt=\"\" width=\"302\" height=\"403\" srcset=\"https:\/\/www.lactissima.com\/a-tire-d-ailes\/wp-content\/uploads\/2017\/12\/sandra.jpeg 302w, https:\/\/www.lactissima.com\/a-tire-d-ailes\/wp-content\/uploads\/2017\/12\/sandra-225x300.jpeg 225w\" sizes=\"(max-width: 302px) 100vw, 302px\" \/>Je suis la maman d\u2019un petit gar\u00e7on de 3,5 mois que j\u2019allaite exclusivement depuis sa naissance. Depuis 2 jours (oui c\u2019est tout frais) j\u2019ai repris le travail et j\u2019ai d\u00e9cid\u00e9 de donner mon lait \u00e0 la nourrice.<\/p>\n<p style=\"text-align: justify;\">A partir de 1 mois et demi j\u2019ai commenc\u00e9 \u00e0 tirer mon lait pour en faire un petit <strong>stock au cong\u00e9lateur<\/strong>. Mon fils t\u00e9tait et de l\u2019autre sein je tirais mon lait (tire-lait Kitett Fisio en location). J\u2019\u00e9tais assez dubitative parce que je tirais environ 200 ml par jour ce que je trouvais peu mais mon m\u00e9decin qui s\u2019y connait bien en allaitement puisqu\u2019elle a allait\u00e9 sa fille jusqu&rsquo;\u00e0 2 ans et demi m\u2019a dit que c\u2019\u00e9tait une tr\u00e8s bonne \u00ab consommation \u00bb puisque mon fils continuait \u00e0 t\u00e9ter toute la journ\u00e9e. J\u2019ai r\u00e9ussi \u00e0 me constituer un stock d\u2019un peu plus de 2 litres au cong\u00e9lateur (avec le recul et pour un second allaitement je pense que je m\u2019y prendrai plus t\u00f4t et de fa\u00e7on plus r\u00e9guli\u00e8re pour avoir un stock plus cons\u00e9quent).<\/p>\n<p style=\"text-align: justify;\">Comme je suis une maman assez stress\u00e9e et angoiss\u00e9e nous avons d\u00e9cid\u00e9 avec le papa d\u2019<strong>habituer notre fils au biberon<\/strong> environ un mois avant la reprise. Premier essai (avec papa, moi \u00e0 l\u2019\u00e9tage) avec une t\u00e9tine Calma de Medela, mon fils a bu 90 ml. Deuxi\u00e8me essai (toujours papa et m\u00eame t\u00e9tine) : refus (je n\u2019\u00e9tais pas tr\u00e8s loin et il \u00e9tait affam\u00e9\u2026). Troisi\u00e8me essai (avec la mamie et m\u00eame t\u00e9tine) : 60 ml mais beaucoup de mal \u00e0 prendre le biberon.<br \/>\nVoyant la reprise arriver \u00e0 grand pas nous avons donc d\u00e9cid\u00e9 de changer de t\u00e9tine : Biberon Mam avec t\u00e9tine d\u00e9bit 2. Mon fils a englouti le biberon et n\u2019a plus voulu le sein de toute la journ\u00e9e, \u00e7a coulait plus vite que le sein et c\u2019\u00e9tait plus facile. J\u2019en ai pleur\u00e9 toute la journ\u00e9e. Puis j\u2019ai tent\u00e9 de lui redonner la nuit quand il commen\u00e7ait \u00e0 peine \u00e0 se r\u00e9veiller et il a repris le sein. Par la suite nous avons d\u00e9cider que ce serait seulement la nounou qui lui donnerait le biberon et nous avons pris une t\u00e9tine nouveau n\u00e9 (d\u00e9bit 1).<\/p>\n<p style=\"text-align: justify;\">A la <strong>reprise du travail<\/strong> (soit au 3,5 mois de mon fils) et un peu avant pendant l\u2019adaptation, la nounou lui a donn\u00e9 le biberon pendant qu\u2019elle le gardait et il l\u2019a tr\u00e8s bien pris. Quand j\u2019allais le r\u00e9cup\u00e9rer il prenait volontiers le sein que je n\u2019avais pas \u00ab vid\u00e9 \u00bb en son absence pour qu\u2019il soit plein et qu\u2019il ne r\u00e2le pas parce que \u00e7a n\u2019allait pas assez vite.<\/p>\n<p style=\"text-align: justify;\">Aujourd\u2019hui apr\u00e8s deux jours de travail, voil\u00e0 comment \u00e7a se passe : la nuit et le matin avant de partir travailler, il t\u00e8te (environ 2-3 t\u00e9t\u00e9es), je tire mon lait \u00e0 la derni\u00e8re t\u00e9t\u00e9e avant de partir (mon fils sur un sein et tire-lait pour l\u2019autre) et je r\u00e9colte environ 80 ml.<br \/>\nLe midi, comme j\u2019ai la possibilit\u00e9 de rentrer chez moi, je tire mon lait (double pompage) et j\u2019obtiens environ 180 ml.<br \/>\nLe soir en rentrant (18h) soit il r\u00e9clame une t\u00e9t\u00e9e de retrouvaille (c\u2019\u00e9tait le cas hier) soit il dort (c\u2019est le cas aujourd\u2019hui) et du coup je tire mon lait sur le sein qu\u2019il ne prend pas (environ 80 ml). Le soir il prend 2 t\u00e9t\u00e9es soit 4 \u00e0 5 t\u00e9t\u00e9es par jour environ et un tirage de lait de 340 ml environ.<br \/>\nPour l\u2019instant je donne \u00e0 sa nourrice 400 ml de lait pour une garde de 9h \u00e0 18h mais sur les 2 jours il n\u2019a pris que 300-310 ml \u00e0 la journ\u00e9e, r\u00e9partis sur 4 biberons. Comme je tire un peu le week-end et que pour l\u2019instant je tire plus que ce qu\u2019il consomme, j\u2019ai toujours un peu d\u2019avance sur le jour d\u2019apr\u00e8s et je n\u2019ai pas besoin de piocher dans mes r\u00e9serves de surgel\u00e9.<\/p>\n<p style=\"text-align: justify;\">Je reviens apr\u00e8s presque trois semaines compl\u00e8tes de travail pour vous faire part de l\u2019\u00e9volution de ma situation. Pour l\u2019instant <strong>tout se passe \u00e0 merveille<\/strong>.<br \/>\nTr\u00e8s rapidement mon fils est pass\u00e9 d\u2019une consommation de 300-310 ml en 4 biberons \u00e0 une consommation de 300-310 ml en 3 biberons (vous aviez raison, sa consommation par jour ne varie quasiment pas de jours en jours, parfois 290, parfois 330 mais jamais au del\u00e0). Du coup alors qu\u2019au d\u00e9but je fournissais 400 ml \u00e0 la nounou, je commence petit \u00e0 petit \u00e0 diminuer mes doses donn\u00e9es pour maintenant lui donner 340 ml. Cela me permet de <strong>moins me stresser<\/strong> sur la quantit\u00e9 que je tire par jour et de moins me mettre la pression.<\/p>\n<p style=\"text-align: justify;\">Au d\u00e9but je lui fournissais un biberon de 150 ml et un autre biberon recharge de 250 ml qu\u2019elle versait au fur et \u00e0 mesure dans le premier biberon pour compl\u00e9ter sauf qu\u2019au bout d\u2019une semaine je me suis rendue compte que l\u2019odeur du premier biberon \u00e9tait tr\u00e8s forte, un <strong>go\u00fbt tr\u00e8s d\u00e9sagr\u00e9able<\/strong>\u2026 J\u2019ai pens\u00e9 de suite (gr\u00e2ce \u00e0 votre site) \u00e0 un probl\u00e8me de lait pr\u00e9dig\u00e9r\u00e9 mais apr\u00e8s avoir fait un test de laisser 20 ml au frigo pendant 5 jours et de le go\u00fbter tous les jours je me suis rendu compte que le probl\u00e8me ne venait pas de l\u00e0. Je pense (mais je n\u2019en suis pas certaine) que le probl\u00e8me venait peut \u00eatre du fait que le lait du premier biberon \u00e9tait r\u00e9chauff\u00e9 plus de 2 fois puisque je lui fournissais 150 ml, qu\u2019il buvait ce qu\u2019il voulait, que la nounou compl\u00e9tait avec la recharge et ainsi de suite tout au long de la journ\u00e9e. Du coup il y avait toujours un reste de lait qui \u00e9tait r\u00e9chauff\u00e9 plus de deux fois.<br \/>\nMaintenant je lui fourni 3 biberons num\u00e9rot\u00e9s. Le premier contient le lait qui reste de la veille (et qui a \u00e9t\u00e9 r\u00e9chauff\u00e9 1 fois) et les deux derniers du lait frais (s\u2019il en reste apr\u00e8s la journ\u00e9e dans ces deux biberons il serviront pour le lendemain et ainsi de suite). Niveau quantit\u00e9 des biberons pour l\u2019instant on t\u00e2tonne un peu puisque mon fils ne prends pas la m\u00eame quantit\u00e9 \u00e0 chaque fois. Souvent le biberon de 10 h il boit moins (donc actuellement je lui mets 100 ml), celui de 13 h un peu plus (donc je lui met 130 ml) et celui de 16 h est de 110 ml (sachant que je le r\u00e9cup\u00e8re 2 h apr\u00e8s il patiente sans soucis).<\/p>\n<p style=\"text-align: justify;\">Et toujours t\u00e9t\u00e9es \u00e0 volont\u00e9 \u00e0 la maison : deux t\u00e9t\u00e9es de nuit, une au matin, et le soir entre une \u00e0 deux t\u00e9t\u00e9es. Ici on n\u2019a pas souvent la <strong>t\u00e9t\u00e9e des retrouvailles<\/strong> parce que la plupart du temps il dort en rentrant de chez la nounou donc la t\u00e9t\u00e9e des retrouvailles se couple avec la t\u00e9t\u00e9e du soir.<br \/>\nSinon pour tirer le lait je le fais toujours en trois fois :<br \/>\n&#8211; le matin sur un sein pendant qu\u2019il t\u00e8te l\u2019autre.<br \/>\n&#8211; le midi sur les deux seins (le tirage le plus difficile parce que b\u00e9b\u00e9 n\u2019est pas l\u00e0 et qu\u2019il faut que je mange en m\u00eame temps le tout en 30 min :\/ ).<br \/>\n&#8211; le soir sur un sein pendant qu\u2019il t\u00e8te l\u2019autre.<br \/>\nPour l\u2019instant \u00e7a fonctionne bien, on croise les doigts pour que \u00e7a continue (et au pire j\u2019ai deux litres de lait au cong\u00e9lateur en cas de coup dur).<br \/>\nVoil\u00e0 j\u2019esp\u00e8re que \u00e7a pourra aider d\u2019autres personnes.<\/p>\n<p><strong>Articles en rapport :<\/strong><\/p>\n<ul>\n<li>Voir l\u2019onglet\u00a0<a href=\"https:\/\/www.lactissima.com\/a-tire-d-ailes\/temoignages-travail-et-allaitement\/\" target=\"_blank\" rel=\"noopener noreferrer\">t\u00e9moignages<\/a><\/li>\n<\/ul>\n<p>&nbsp;<\/p>\n<div class='et-box et-shadow'>\n\t\t\t\t\t<div class='et-box-content'>Lire des articles ou poser des questions en commentaire ne suffit pas \u00e0 r\u00e9soudre votre probl\u00e8me ?\nSavez-vous que vous pouvez prendre RDV pour une consultation avec moi ?\nN&rsquo;h\u00e9sitez pas \u00e0 me contacter !<\/div><\/div>\n","protected":false},"excerpt":{"rendered":"<p>Je suis la maman d\u2019un petit gar\u00e7on de 3,5 mois que j\u2019allaite exclusivement depuis sa naissance. Depuis 2 jours (oui c\u2019est tout frais) j\u2019ai repris le travail et j\u2019ai d\u00e9cid\u00e9 de donner mon lait \u00e0 la nourrice. A partir de 1 mois et demi j\u2019ai commenc\u00e9 \u00e0 tirer mon lait pour en faire un petit [&hellip;]<\/p>\n","protected":false},"author":170,"featured_media":7442,"comment_status":"open","ping_status":"open","sticky":false,"template":"","format":"standard","meta":{"_et_pb_use_builder":"","_et_pb_old_content":"","_et_gb_content_width":"","footnotes":""},"categories":[150],"tags":[],"class_list":["post-7440","post","type-post","status-publish","format-standard","has-post-thumbnail","hentry","category-temoignages"],"yoast_head":"<!-- This site is optimized with the Yoast SEO plugin v27.4 - https:\/\/yoast.com\/product\/yoast-seo-wordpress\/ -->\n<title>Allaiter et travailler : le t\u00e9moignage de Sandra<\/title>\n<meta name=\"description\" content=\"Sandra nous livre son exp\u00e9rience au fil des jours.\" \/>\n<meta name=\"robots\" content=\"index, follow, max-snippet:-1, max-image-preview:large, max-video-preview:-1\" \/>\n<link rel=\"canonical\" href=\"https:\/\/www.lactissima.com\/a-tire-d-ailes\/allaiter-et-travailler-le-temoignage-de-sandra\/\" \/>\n<meta property=\"og:locale\" content=\"fr_FR\" \/>\n<meta property=\"og:type\" content=\"article\" \/>\n<meta property=\"og:title\" content=\"Allaiter et travailler : le t\u00e9moignage de Sandra\" \/>\n<meta property=\"og:description\" content=\"Sandra nous livre son exp\u00e9rience au fil des jours.\" \/>\n<meta property=\"og:url\" content=\"https:\/\/www.lactissima.com\/a-tire-d-ailes\/allaiter-et-travailler-le-temoignage-de-sandra\/\" \/>\n<meta property=\"og:site_name\" content=\"A tire d&#039;Ailes\" \/>\n<meta property=\"article:publisher\" content=\"https:\/\/www.facebook.com\/consultante.en.lactation\" \/>\n<meta property=\"article:author\" content=\"www.facebook.com\/consultante.en.lactation\" \/>\n<meta property=\"article:published_time\" content=\"2017-12-07T16:40:55+00:00\" \/>\n<meta property=\"article:modified_time\" content=\"2017-12-07T16:41:24+00:00\" \/>\n<meta property=\"og:image\" content=\"https:\/\/www.lactissima.com\/a-tire-d-ailes\/wp-content\/uploads\/2017\/12\/sandra.jpeg\" \/>\n\t<meta property=\"og:image:width\" content=\"302\" \/>\n\t<meta property=\"og:image:height\" content=\"403\" \/>\n\t<meta property=\"og:image:type\" content=\"image\/jpeg\" \/>\n<meta name=\"author\" content=\"V\u00e9ronique Darmangeat\" \/>\n<meta name=\"twitter:card\" content=\"summary_large_image\" \/>\n<meta name=\"twitter:creator\" content=\"@VeroniqueIBCLC\" \/>\n<meta name=\"twitter:site\" content=\"@VeroniqueIBCLC\" \/>\n<meta name=\"twitter:label1\" content=\"\u00c9crit par\" \/>\n\t<meta name=\"twitter:data1\" content=\"V\u00e9ronique Darmangeat\" \/>\n\t<meta name=\"twitter:label2\" content=\"Dur\u00e9e de lecture estim\u00e9e\" \/>\n\t<meta name=\"twitter:data2\" content=\"7 minutes\" \/>\n<script type=\"application\/ld+json\" class=\"yoast-schema-graph\">{\"@context\":\"https:\\\/\\\/schema.org\",\"@graph\":[{\"@type\":\"Article\",\"@id\":\"https:\\\/\\\/www.lactissima.com\\\/a-tire-d-ailes\\\/allaiter-et-travailler-le-temoignage-de-sandra\\\/#article\",\"isPartOf\":{\"@id\":\"https:\\\/\\\/www.lactissima.com\\\/a-tire-d-ailes\\\/allaiter-et-travailler-le-temoignage-de-sandra\\\/\"},\"author\":{\"name\":\"V\u00e9ronique Darmangeat\",\"@id\":\"https:\\\/\\\/www.lactissima.com\\\/a-tire-d-ailes\\\/#\\\/schema\\\/person\\\/8f98d3a89530861bc1240e6d53d44eed\"},\"headline\":\"Allaiter et travailler : le t\u00e9moignage de Sandra\",\"datePublished\":\"2017-12-07T16:40:55+00:00\",\"dateModified\":\"2017-12-07T16:41:24+00:00\",\"mainEntityOfPage\":{\"@id\":\"https:\\\/\\\/www.lactissima.com\\\/a-tire-d-ailes\\\/allaiter-et-travailler-le-temoignage-de-sandra\\\/\"},\"wordCount\":1373,\"commentCount\":4,\"image\":{\"@id\":\"https:\\\/\\\/www.lactissima.com\\\/a-tire-d-ailes\\\/allaiter-et-travailler-le-temoignage-de-sandra\\\/#primaryimage\"},\"thumbnailUrl\":\"https:\\\/\\\/www.lactissima.com\\\/a-tire-d-ailes\\\/wp-content\\\/uploads\\\/2017\\\/12\\\/sandra.jpeg\",\"articleSection\":[\"t\u00e9moignages\"],\"inLanguage\":\"fr-FR\",\"potentialAction\":[{\"@type\":\"CommentAction\",\"name\":\"Comment\",\"target\":[\"https:\\\/\\\/www.lactissima.com\\\/a-tire-d-ailes\\\/allaiter-et-travailler-le-temoignage-de-sandra\\\/#respond\"]}]},{\"@type\":\"WebPage\",\"@id\":\"https:\\\/\\\/www.lactissima.com\\\/a-tire-d-ailes\\\/allaiter-et-travailler-le-temoignage-de-sandra\\\/\",\"url\":\"https:\\\/\\\/www.lactissima.com\\\/a-tire-d-ailes\\\/allaiter-et-travailler-le-temoignage-de-sandra\\\/\",\"name\":\"Allaiter et travailler : le t\u00e9moignage de Sandra\",\"isPartOf\":{\"@id\":\"https:\\\/\\\/www.lactissima.com\\\/a-tire-d-ailes\\\/#website\"},\"primaryImageOfPage\":{\"@id\":\"https:\\\/\\\/www.lactissima.com\\\/a-tire-d-ailes\\\/allaiter-et-travailler-le-temoignage-de-sandra\\\/#primaryimage\"},\"image\":{\"@id\":\"https:\\\/\\\/www.lactissima.com\\\/a-tire-d-ailes\\\/allaiter-et-travailler-le-temoignage-de-sandra\\\/#primaryimage\"},\"thumbnailUrl\":\"https:\\\/\\\/www.lactissima.com\\\/a-tire-d-ailes\\\/wp-content\\\/uploads\\\/2017\\\/12\\\/sandra.jpeg\",\"datePublished\":\"2017-12-07T16:40:55+00:00\",\"dateModified\":\"2017-12-07T16:41:24+00:00\",\"author\":{\"@id\":\"https:\\\/\\\/www.lactissima.com\\\/a-tire-d-ailes\\\/#\\\/schema\\\/person\\\/8f98d3a89530861bc1240e6d53d44eed\"},\"description\":\"Sandra nous livre son exp\u00e9rience au fil des jours.\",\"breadcrumb\":{\"@id\":\"https:\\\/\\\/www.lactissima.com\\\/a-tire-d-ailes\\\/allaiter-et-travailler-le-temoignage-de-sandra\\\/#breadcrumb\"},\"inLanguage\":\"fr-FR\",\"potentialAction\":[{\"@type\":\"ReadAction\",\"target\":[\"https:\\\/\\\/www.lactissima.com\\\/a-tire-d-ailes\\\/allaiter-et-travailler-le-temoignage-de-sandra\\\/\"]}]},{\"@type\":\"ImageObject\",\"inLanguage\":\"fr-FR\",\"@id\":\"https:\\\/\\\/www.lactissima.com\\\/a-tire-d-ailes\\\/allaiter-et-travailler-le-temoignage-de-sandra\\\/#primaryimage\",\"url\":\"https:\\\/\\\/www.lactissima.com\\\/a-tire-d-ailes\\\/wp-content\\\/uploads\\\/2017\\\/12\\\/sandra.jpeg\",\"contentUrl\":\"https:\\\/\\\/www.lactissima.com\\\/a-tire-d-ailes\\\/wp-content\\\/uploads\\\/2017\\\/12\\\/sandra.jpeg\",\"width\":302,\"height\":403},{\"@type\":\"BreadcrumbList\",\"@id\":\"https:\\\/\\\/www.lactissima.com\\\/a-tire-d-ailes\\\/allaiter-et-travailler-le-temoignage-de-sandra\\\/#breadcrumb\",\"itemListElement\":[{\"@type\":\"ListItem\",\"position\":1,\"name\":\"Accueil\",\"item\":\"https:\\\/\\\/www.lactissima.com\\\/a-tire-d-ailes\\\/\"},{\"@type\":\"ListItem\",\"position\":2,\"name\":\"Allaiter et travailler : le t\u00e9moignage de Sandra\"}]},{\"@type\":\"WebSite\",\"@id\":\"https:\\\/\\\/www.lactissima.com\\\/a-tire-d-ailes\\\/#website\",\"url\":\"https:\\\/\\\/www.lactissima.com\\\/a-tire-d-ailes\\\/\",\"name\":\"A tire d&#039;Ailes\",\"description\":\"Le blog des femmes qui allaitent et travaillent.\",\"potentialAction\":[{\"@type\":\"SearchAction\",\"target\":{\"@type\":\"EntryPoint\",\"urlTemplate\":\"https:\\\/\\\/www.lactissima.com\\\/a-tire-d-ailes\\\/?s={search_term_string}\"},\"query-input\":{\"@type\":\"PropertyValueSpecification\",\"valueRequired\":true,\"valueName\":\"search_term_string\"}}],\"inLanguage\":\"fr-FR\"},{\"@type\":\"Person\",\"@id\":\"https:\\\/\\\/www.lactissima.com\\\/a-tire-d-ailes\\\/#\\\/schema\\\/person\\\/8f98d3a89530861bc1240e6d53d44eed\",\"name\":\"V\u00e9ronique Darmangeat\",\"image\":{\"@type\":\"ImageObject\",\"inLanguage\":\"fr-FR\",\"@id\":\"https:\\\/\\\/secure.gravatar.com\\\/avatar\\\/268c99344c89cebfe4f5df5fa8be43068a18884fc76a29f3206fae98465b9cab?s=96&d=identicon&r=g\",\"url\":\"https:\\\/\\\/secure.gravatar.com\\\/avatar\\\/268c99344c89cebfe4f5df5fa8be43068a18884fc76a29f3206fae98465b9cab?s=96&d=identicon&r=g\",\"contentUrl\":\"https:\\\/\\\/secure.gravatar.com\\\/avatar\\\/268c99344c89cebfe4f5df5fa8be43068a18884fc76a29f3206fae98465b9cab?s=96&d=identicon&r=g\",\"caption\":\"V\u00e9ronique Darmangeat\"},\"sameAs\":[\"https:\\\/\\\/www.lactissima.com\\\/a-tire-d-ailes\",\"www.facebook.com\\\/consultante.en.lactation\"]}]}<\/script>\n<!-- \/ Yoast SEO plugin. -->","yoast_head_json":{"title":"Allaiter et travailler : le t\u00e9moignage de Sandra","description":"Sandra nous livre son exp\u00e9rience au fil des jours.","robots":{"index":"index","follow":"follow","max-snippet":"max-snippet:-1","max-image-preview":"max-image-preview:large","max-video-preview":"max-video-preview:-1"},"canonical":"https:\/\/www.lactissima.com\/a-tire-d-ailes\/allaiter-et-travailler-le-temoignage-de-sandra\/","og_locale":"fr_FR","og_type":"article","og_title":"Allaiter et travailler : le t\u00e9moignage de Sandra","og_description":"Sandra nous livre son exp\u00e9rience au fil des jours.","og_url":"https:\/\/www.lactissima.com\/a-tire-d-ailes\/allaiter-et-travailler-le-temoignage-de-sandra\/","og_site_name":"A tire d&#039;Ailes","article_publisher":"https:\/\/www.facebook.com\/consultante.en.lactation","article_author":"www.facebook.com\/consultante.en.lactation","article_published_time":"2017-12-07T16:40:55+00:00","article_modified_time":"2017-12-07T16:41:24+00:00","og_image":[{"width":302,"height":403,"url":"https:\/\/www.lactissima.com\/a-tire-d-ailes\/wp-content\/uploads\/2017\/12\/sandra.jpeg","type":"image\/jpeg"}],"author":"V\u00e9ronique Darmangeat","twitter_card":"summary_large_image","twitter_creator":"@VeroniqueIBCLC","twitter_site":"@VeroniqueIBCLC","twitter_misc":{"\u00c9crit par":"V\u00e9ronique Darmangeat","Dur\u00e9e de lecture estim\u00e9e":"7 minutes"},"schema":{"@context":"https:\/\/schema.org","@graph":[{"@type":"Article","@id":"https:\/\/www.lactissima.com\/a-tire-d-ailes\/allaiter-et-travailler-le-temoignage-de-sandra\/#article","isPartOf":{"@id":"https:\/\/www.lactissima.com\/a-tire-d-ailes\/allaiter-et-travailler-le-temoignage-de-sandra\/"},"author":{"name":"V\u00e9ronique Darmangeat","@id":"https:\/\/www.lactissima.com\/a-tire-d-ailes\/#\/schema\/person\/8f98d3a89530861bc1240e6d53d44eed"},"headline":"Allaiter et travailler : le t\u00e9moignage de Sandra","datePublished":"2017-12-07T16:40:55+00:00","dateModified":"2017-12-07T16:41:24+00:00","mainEntityOfPage":{"@id":"https:\/\/www.lactissima.com\/a-tire-d-ailes\/allaiter-et-travailler-le-temoignage-de-sandra\/"},"wordCount":1373,"commentCount":4,"image":{"@id":"https:\/\/www.lactissima.com\/a-tire-d-ailes\/allaiter-et-travailler-le-temoignage-de-sandra\/#primaryimage"},"thumbnailUrl":"https:\/\/www.lactissima.com\/a-tire-d-ailes\/wp-content\/uploads\/2017\/12\/sandra.jpeg","articleSection":["t\u00e9moignages"],"inLanguage":"fr-FR","potentialAction":[{"@type":"CommentAction","name":"Comment","target":["https:\/\/www.lactissima.com\/a-tire-d-ailes\/allaiter-et-travailler-le-temoignage-de-sandra\/#respond"]}]},{"@type":"WebPage","@id":"https:\/\/www.lactissima.com\/a-tire-d-ailes\/allaiter-et-travailler-le-temoignage-de-sandra\/","url":"https:\/\/www.lactissima.com\/a-tire-d-ailes\/allaiter-et-travailler-le-temoignage-de-sandra\/","name":"Allaiter et travailler : le t\u00e9moignage de Sandra","isPartOf":{"@id":"https:\/\/www.lactissima.com\/a-tire-d-ailes\/#website"},"primaryImageOfPage":{"@id":"https:\/\/www.lactissima.com\/a-tire-d-ailes\/allaiter-et-travailler-le-temoignage-de-sandra\/#primaryimage"},"image":{"@id":"https:\/\/www.lactissima.com\/a-tire-d-ailes\/allaiter-et-travailler-le-temoignage-de-sandra\/#primaryimage"},"thumbnailUrl":"https:\/\/www.lactissima.com\/a-tire-d-ailes\/wp-content\/uploads\/2017\/12\/sandra.jpeg","datePublished":"2017-12-07T16:40:55+00:00","dateModified":"2017-12-07T16:41:24+00:00","author":{"@id":"https:\/\/www.lactissima.com\/a-tire-d-ailes\/#\/schema\/person\/8f98d3a89530861bc1240e6d53d44eed"},"description":"Sandra nous livre son exp\u00e9rience au fil des jours.","breadcrumb":{"@id":"https:\/\/www.lactissima.com\/a-tire-d-ailes\/allaiter-et-travailler-le-temoignage-de-sandra\/#breadcrumb"},"inLanguage":"fr-FR","potentialAction":[{"@type":"ReadAction","target":["https:\/\/www.lactissima.com\/a-tire-d-ailes\/allaiter-et-travailler-le-temoignage-de-sandra\/"]}]},{"@type":"ImageObject","inLanguage":"fr-FR","@id":"https:\/\/www.lactissima.com\/a-tire-d-ailes\/allaiter-et-travailler-le-temoignage-de-sandra\/#primaryimage","url":"https:\/\/www.lactissima.com\/a-tire-d-ailes\/wp-content\/uploads\/2017\/12\/sandra.jpeg","contentUrl":"https:\/\/www.lactissima.com\/a-tire-d-ailes\/wp-content\/uploads\/2017\/12\/sandra.jpeg","width":302,"height":403},{"@type":"BreadcrumbList","@id":"https:\/\/www.lactissima.com\/a-tire-d-ailes\/allaiter-et-travailler-le-temoignage-de-sandra\/#breadcrumb","itemListElement":[{"@type":"ListItem","position":1,"name":"Accueil","item":"https:\/\/www.lactissima.com\/a-tire-d-ailes\/"},{"@type":"ListItem","position":2,"name":"Allaiter et travailler : le t\u00e9moignage de Sandra"}]},{"@type":"WebSite","@id":"https:\/\/www.lactissima.com\/a-tire-d-ailes\/#website","url":"https:\/\/www.lactissima.com\/a-tire-d-ailes\/","name":"A tire d&#039;Ailes","description":"Le blog des femmes qui allaitent et travaillent.","potentialAction":[{"@type":"SearchAction","target":{"@type":"EntryPoint","urlTemplate":"https:\/\/www.lactissima.com\/a-tire-d-ailes\/?s={search_term_string}"},"query-input":{"@type":"PropertyValueSpecification","valueRequired":true,"valueName":"search_term_string"}}],"inLanguage":"fr-FR"},{"@type":"Person","@id":"https:\/\/www.lactissima.com\/a-tire-d-ailes\/#\/schema\/person\/8f98d3a89530861bc1240e6d53d44eed","name":"V\u00e9ronique Darmangeat","image":{"@type":"ImageObject","inLanguage":"fr-FR","@id":"https:\/\/secure.gravatar.com\/avatar\/268c99344c89cebfe4f5df5fa8be43068a18884fc76a29f3206fae98465b9cab?s=96&d=identicon&r=g","url":"https:\/\/secure.gravatar.com\/avatar\/268c99344c89cebfe4f5df5fa8be43068a18884fc76a29f3206fae98465b9cab?s=96&d=identicon&r=g","contentUrl":"https:\/\/secure.gravatar.com\/avatar\/268c99344c89cebfe4f5df5fa8be43068a18884fc76a29f3206fae98465b9cab?s=96&d=identicon&r=g","caption":"V\u00e9ronique Darmangeat"},"sameAs":["https:\/\/www.lactissima.com\/a-tire-d-ailes","www.facebook.com\/consultante.en.lactation"]}]}},"_links":{"self":[{"href":"https:\/\/www.lactissima.com\/a-tire-d-ailes\/wp-json\/wp\/v2\/posts\/7440","targetHints":{"allow":["GET"]}}],"collection":[{"href":"https:\/\/www.lactissima.com\/a-tire-d-ailes\/wp-json\/wp\/v2\/posts"}],"about":[{"href":"https:\/\/www.lactissima.com\/a-tire-d-ailes\/wp-json\/wp\/v2\/types\/post"}],"author":[{"embeddable":true,"href":"https:\/\/www.lactissima.com\/a-tire-d-ailes\/wp-json\/wp\/v2\/users\/170"}],"replies":[{"embeddable":true,"href":"https:\/\/www.lactissima.com\/a-tire-d-ailes\/wp-json\/wp\/v2\/comments?post=7440"}],"version-history":[{"count":5,"href":"https:\/\/www.lactissima.com\/a-tire-d-ailes\/wp-json\/wp\/v2\/posts\/7440\/revisions"}],"predecessor-version":[{"id":7447,"href":"https:\/\/www.lactissima.com\/a-tire-d-ailes\/wp-json\/wp\/v2\/posts\/7440\/revisions\/7447"}],"wp:featuredmedia":[{"embeddable":true,"href":"https:\/\/www.lactissima.com\/a-tire-d-ailes\/wp-json\/wp\/v2\/media\/7442"}],"wp:attachment":[{"href":"https:\/\/www.lactissima.com\/a-tire-d-ailes\/wp-json\/wp\/v2\/media?parent=7440"}],"wp:term":[{"taxonomy":"category","embeddable":true,"href":"https:\/\/www.lactissima.com\/a-tire-d-ailes\/wp-json\/wp\/v2\/categories?post=7440"},{"taxonomy":"post_tag","embeddable":true,"href":"https:\/\/www.lactissima.com\/a-tire-d-ailes\/wp-json\/wp\/v2\/tags?post=7440"}],"curies":[{"name":"wp","href":"https:\/\/api.w.org\/{rel}","templated":true}]}}