{"id":7430,"date":"2017-11-30T10:27:40","date_gmt":"2017-11-30T09:27:40","guid":{"rendered":"https:\/\/www.lactissima.com\/a-tire-d-ailes\/?p=7430"},"modified":"2017-11-30T10:27:40","modified_gmt":"2017-11-30T09:27:40","slug":"allaiter-travailler-temoignage-de-viviane","status":"publish","type":"post","link":"https:\/\/www.lactissima.com\/a-tire-d-ailes\/allaiter-travailler-temoignage-de-viviane\/","title":{"rendered":"Allaiter et travailler : le t\u00e9moignage de Viviane"},"content":{"rendered":"<ul>\n<li style=\"text-align: justify;\"><strong><img loading=\"lazy\" decoding=\"async\" class=\"alignright size-full wp-image-7431\" src=\"https:\/\/www.lactissima.com\/a-tire-d-ailes\/wp-content\/uploads\/2017\/11\/Viviane.jpg\" alt=\"allaiter et travailler\" width=\"292\" height=\"389\" srcset=\"https:\/\/www.lactissima.com\/a-tire-d-ailes\/wp-content\/uploads\/2017\/11\/Viviane.jpg 292w, https:\/\/www.lactissima.com\/a-tire-d-ailes\/wp-content\/uploads\/2017\/11\/Viviane-225x300.jpg 225w\" sizes=\"(max-width: 292px) 100vw, 292px\" \/>Quel choix avez-vous fait au moment de la reprise du travail : sevrage ou poursuite de l\u2019allaitement ? Pourquoi ?<\/strong><\/li>\n<\/ul>\n<p style=\"text-align: justify;\">Pour moi, allaiter \u00e9tait une \u00e9vidence. Je voulais donner mon lait en cadeau \u00e0 ma fille, au moins essayer. J\u2019avais lu des t\u00e9moignages avec des sevrages non voulus et des regrets. Mon but est un allaitement sans regret quelle que soit sa dur\u00e9e.<br \/>\nAllaiter en travaillant f\u00fbt une question que je me suis pos\u00e9e tr\u00e8s t\u00f4t dans la grossesse car je suis aide-soignante, avec des horaires post\u00e9e tr\u00e8s irr\u00e9guliers et des nuits de temps en temps. Plus je m\u2019informais sur comment tirer son lait, plus je trouvais cela impossible jusqu\u2019au jour o\u00f9 j\u2019ai lu le t\u00e9moignage d\u2019une infirmi\u00e8re qui l\u2019avait fait !! Alors pourquoi pas moi ?<br \/>\nJ\u2019ai repris le travail \u00e0 plein temps \u00e0 la fin du cong\u00e9 maternit\u00e9, aux 2 mois 1\/2 de ma puce.<br \/>\nAujourd\u2019hui, elle a 11 mois, en pleine sant\u00e9 et toujours allait\u00e9e.<\/p>\n<ul style=\"text-align: justify;\">\n<li><strong>Comment vous \u00eates-vous organis\u00e9e ?<\/strong><\/li>\n<\/ul>\n<p style=\"text-align: justify;\">J\u2019ai commenc\u00e9 \u00e0 tirer mon lait d\u00e8s la naissance pour m\u2019habituer et d\u00e9sengorger mes seins entre 2 t\u00e9t\u00e9es. J\u2019ai pu trouver le tire-lait qui me convenait, l\u2019\u00e9lectrique double avent Natural et faire quelques r\u00e9serves.<br \/>\nAvec la reprise du travail, j\u2019ai un rythme par poste, je tire quand ma fille dort (avant ou apr\u00e8s le boulot) et une fois par poste pendant ma pause (20min). A la maison, c\u2019est t\u00e9t\u00e9e \u00e0 volont\u00e9.<br \/>\nJe m\u2019installe dans une des salles de bains de l\u2019\u00e9tablissement (je travaille en EHPAD) et peux mettre le lait dans le frigo de notre salle de pause.<br \/>\nJ\u2019ai achet\u00e9 2 lots de t\u00e9terelles, un pour la maison et un pour le boulot. Comme \u00e7a, mon sac est toujours pr\u00eat et je n\u2019ai pas de vaisselle \u00e0 faire juste avant de partir travailler. Je lave tout une fois rentr\u00e9e. Avec la technique du frigo, je n\u2019ai qu\u2019une vaisselle par jour \u00e0 la maison, ce qui est plut\u00f4t confortable.<br \/>\nJe laisse au frigo le lait qui sera consomm\u00e9 le lendemain et cong\u00e8le le reste.<br \/>\nMa fille est gard\u00e9e par mon mari, homme au foyer et a donc mon lait en mon absence. Elle garde le m\u00eame rythme de t\u00e9t\u00e9es qu\u2019en ma pr\u00e9sence.<br \/>\nToute la famille a \u00e9t\u00e9 form\u00e9e \u00e0 la conservation du lait. Ainsi, j\u2019ai pu laisser des stocks chez ma m\u00e8re et ma belle-m\u00e8re qui m\u2019ont beaucoup aid\u00e9e. Ma puce a souvent dormi chez l\u2019une ou l\u2019autre.<\/p>\n<ul style=\"text-align: justify;\">\n<li><strong>Quelles ont \u00e9t\u00e9 vos principales difficult\u00e9s ?<\/strong><\/li>\n<\/ul>\n<p style=\"text-align: justify;\">Le fait que ce soit mon premier enfant donc pas d\u2019exp\u00e9rience pour l\u2019allaitement et beaucoup de questions.<br \/>\nUn mauvais d\u00e9marrage de l\u2019allaitement. Ma fille t\u00e9tait avec ses gencives car j\u2019avais les seins tr\u00e8s dur au d\u00e9but. Elle ne buvait presque rien, pleurait beaucoup et j\u2019avais les seins irrit\u00e9s et douloureux.<br \/>\nElle s\u2019est mise en \u00e9conomie d\u2019\u00e9nergie, ne grossissait plus. J\u2019ai d\u00fb faire un tire-allaitement pendant un mois pour qu\u2019elle puisse reprendre des forces avant de r\u00e9apprendre \u00e0 t\u00e9ter.<br \/>\nElle a su t\u00e9ter correctement juste avant que je reprenne le travail. Un d\u00e9chirement pour moi d\u2019avoir eu \u00e0 utiliser le tire-lait tous les jours avant ma reprise.<br \/>\nLe p\u00e9diatre qui me demande sans cesse des quantit\u00e9s de lait par biberon et fait les gros yeux d\u00e8s que je dis que j\u2019allaite encore.<br \/>\nLe manque d\u2019exemple dans mon entourage et sur internet concernant ma profession et l\u2019allaitement.<br \/>\nLa fatigue du travail, d\u2019un b\u00e9b\u00e9 qui dort peu, pleure (hurle) beaucoup et un emploi du temps draconien pour maintenir une lactation suffisante. Beaucoup de d\u00e9couragements.<br \/>\nLa peur de ne pas \u00ab produire \u00bb assez, de faire une d\u00e9pression ou de devoir arr\u00eater et regretter.<br \/>\nLe fait de laisser son b\u00e9b\u00e9 et de partir. 2 mois \u00bd c\u2019est beaucoup trop t\u00f4t.<\/p>\n<ul style=\"text-align: justify;\">\n<li><strong>Quels ont \u00e9t\u00e9 vos meilleurs moments ?<\/strong><\/li>\n<\/ul>\n<p style=\"text-align: justify;\">Le soutien de mes coll\u00e8gues qui ont respect\u00e9 ma d\u00e9cision.<br \/>\nLa premi\u00e8re t\u00e9t\u00e9e sans douleur vers les 1 mois de ma puce.<br \/>\nElle avait 5 mois quand j\u2019ai pu abandonner le tire-lait pour une semaine de cong\u00e9s. Un r\u00eave !<br \/>\nL\u2019aide de ma famille, qui a r\u00e9guli\u00e8rement gard\u00e9 ma fille la nuit pour que je puisse dormir. Environ une fois par semaine depuis ma reprise jusqu\u2019\u00e0 ses 9 mois.<br \/>\nQuand j\u2019ai d\u00e9couvert le blog A tire-d\u2019Aile. Tr\u00e8s utile pour me remonter le moral et m\u2019aider \u00e0 pers\u00e9v\u00e9rer. Merci encore \u00e0 V\u00e9ronique Darmangeat et \u00e0 tous les t\u00e9moignages.<br \/>\nLes t\u00e9t\u00e9es de retrouvailles et voir mon b\u00e9b\u00e9 apais\u00e9 apr\u00e8s. Son air r\u00e9joui et empress\u00e9 quand elle sait qu\u2019elle va t\u00e9ter.<br \/>\nLa sage-femme sp\u00e9cialiste en lactation qui m\u2019a aid\u00e9e \u00e0 remettre ma fille au sein et \u00e0 reprendre confiance en moi apr\u00e8s le tire-allaitement.<\/p>\n<ul style=\"text-align: justify;\">\n<li><strong>Qu\u2019est-ce que vous souhaiteriez dire aux mamans qui doivent faire un choix dans les semaines \u00e0 venir ?<\/strong><\/li>\n<\/ul>\n<p style=\"text-align: justify;\">Je souhaiterais leur dire que si elles souhaitent allaiter et travailler, c\u2019est possible. Peut-\u00eatre difficile mais possible. Il faut s\u2019adapter, s\u2019accrocher, c\u2019est une aventure unique et passionnante.<br \/>\nL\u2019aide est finalement peu visible en France mais elle existe et \u00e7a vaut le coup de pers\u00e9v\u00e9rer. On en retire beaucoup d\u2019estime et de confiance en soi.<\/p>\n<ul style=\"text-align: justify;\">\n<li><strong>Ce serait \u00e0 refaire, vous referiez le m\u00eame choix ? Que changeriez-vous ?<\/strong><\/li>\n<\/ul>\n<p style=\"text-align: justify;\">Si c\u2019\u00e9tait \u00e0 refaire, je prendrais la m\u00eame d\u00e9cision.<br \/>\nCependant, je reprendrais le boulot le plus tard possible et \u00e9viterais mes erreurs de d\u00e9butante qui m\u2019ont conduite au tire-allaitement. C\u2019\u00e9tait vraiment une \u00e9preuve \u00e9puisante.<\/p>\n<p style=\"text-align: justify;\">\n<p style=\"text-align: justify;\"><strong>Articles en rapport :<\/strong><\/p>\n<ul>\n<li style=\"text-align: justify;\">Voir l\u2019onglet\u00a0<a href=\"https:\/\/www.lactissima.com\/a-tire-d-ailes\/temoignages-travail-et-allaitement\/\" target=\"_blank\" rel=\"noopener noreferrer\">t\u00e9moignages<\/a><\/li>\n<\/ul>\n<p>&nbsp;<\/p>\n<div class='et-box et-shadow'>\n\t\t\t\t\t<div class='et-box-content'>Lire des articles ou poser des questions en commentaire ne suffit pas \u00e0 r\u00e9soudre votre probl\u00e8me ?\nSavez-vous que vous pouvez prendre RDV pour une consultation avec moi ?\nN&rsquo;h\u00e9sitez pas \u00e0 me contacter !<\/div><\/div>\n","protected":false},"excerpt":{"rendered":"<p>Quel choix avez-vous fait au moment de la reprise du travail : sevrage ou poursuite de l\u2019allaitement ? Pourquoi ? Pour moi, allaiter \u00e9tait une \u00e9vidence. Je voulais donner mon lait en cadeau \u00e0 ma fille, au moins essayer. J\u2019avais lu des t\u00e9moignages avec des sevrages non voulus et des regrets. Mon but est un [&hellip;]<\/p>\n","protected":false},"author":170,"featured_media":7431,"comment_status":"open","ping_status":"open","sticky":false,"template":"","format":"standard","meta":{"_et_pb_use_builder":"","_et_pb_old_content":"","_et_gb_content_width":"","footnotes":""},"categories":[150],"tags":[],"class_list":["post-7430","post","type-post","status-publish","format-standard","has-post-thumbnail","hentry","category-temoignages"],"yoast_head":"<!-- This site is optimized with the Yoast SEO plugin v27.4 - https:\/\/yoast.com\/product\/yoast-seo-wordpress\/ -->\n<title>Allaiter et travailler : le t\u00e9moignage de Viviane<\/title>\n<meta name=\"description\" content=\"Viviane est aide-soignante et poursuivre l&#039;allaitement \u00e0 la reprise du travail lui semblait impossible au d\u00e9part...\" \/>\n<meta name=\"robots\" content=\"index, follow, max-snippet:-1, max-image-preview:large, max-video-preview:-1\" \/>\n<link rel=\"canonical\" href=\"https:\/\/www.lactissima.com\/a-tire-d-ailes\/allaiter-travailler-temoignage-de-viviane\/\" \/>\n<meta property=\"og:locale\" content=\"fr_FR\" \/>\n<meta property=\"og:type\" content=\"article\" \/>\n<meta property=\"og:title\" content=\"Allaiter et travailler : le t\u00e9moignage de Viviane\" \/>\n<meta property=\"og:description\" content=\"Viviane est aide-soignante et poursuivre l&#039;allaitement \u00e0 la reprise du travail lui semblait impossible au d\u00e9part...\" \/>\n<meta property=\"og:url\" content=\"https:\/\/www.lactissima.com\/a-tire-d-ailes\/allaiter-travailler-temoignage-de-viviane\/\" \/>\n<meta property=\"og:site_name\" content=\"A tire d&#039;Ailes\" \/>\n<meta property=\"article:publisher\" content=\"https:\/\/www.facebook.com\/consultante.en.lactation\" \/>\n<meta property=\"article:author\" content=\"www.facebook.com\/consultante.en.lactation\" \/>\n<meta property=\"article:published_time\" content=\"2017-11-30T09:27:40+00:00\" \/>\n<meta property=\"og:image\" content=\"https:\/\/www.lactissima.com\/a-tire-d-ailes\/wp-content\/uploads\/2017\/11\/Viviane.jpg\" \/>\n\t<meta property=\"og:image:width\" content=\"292\" \/>\n\t<meta property=\"og:image:height\" content=\"389\" \/>\n\t<meta property=\"og:image:type\" content=\"image\/jpeg\" \/>\n<meta name=\"author\" content=\"V\u00e9ronique Darmangeat\" \/>\n<meta name=\"twitter:card\" content=\"summary_large_image\" \/>\n<meta name=\"twitter:creator\" content=\"@VeroniqueIBCLC\" \/>\n<meta name=\"twitter:site\" content=\"@VeroniqueIBCLC\" \/>\n<meta name=\"twitter:label1\" content=\"\u00c9crit par\" \/>\n\t<meta name=\"twitter:data1\" content=\"V\u00e9ronique Darmangeat\" \/>\n\t<meta name=\"twitter:label2\" content=\"Dur\u00e9e de lecture estim\u00e9e\" \/>\n\t<meta name=\"twitter:data2\" content=\"5 minutes\" \/>\n<script type=\"application\/ld+json\" class=\"yoast-schema-graph\">{\"@context\":\"https:\\\/\\\/schema.org\",\"@graph\":[{\"@type\":\"Article\",\"@id\":\"https:\\\/\\\/www.lactissima.com\\\/a-tire-d-ailes\\\/allaiter-travailler-temoignage-de-viviane\\\/#article\",\"isPartOf\":{\"@id\":\"https:\\\/\\\/www.lactissima.com\\\/a-tire-d-ailes\\\/allaiter-travailler-temoignage-de-viviane\\\/\"},\"author\":{\"name\":\"V\u00e9ronique Darmangeat\",\"@id\":\"https:\\\/\\\/www.lactissima.com\\\/a-tire-d-ailes\\\/#\\\/schema\\\/person\\\/8f98d3a89530861bc1240e6d53d44eed\"},\"headline\":\"Allaiter et travailler : le t\u00e9moignage de Viviane\",\"datePublished\":\"2017-11-30T09:27:40+00:00\",\"mainEntityOfPage\":{\"@id\":\"https:\\\/\\\/www.lactissima.com\\\/a-tire-d-ailes\\\/allaiter-travailler-temoignage-de-viviane\\\/\"},\"wordCount\":1035,\"commentCount\":8,\"image\":{\"@id\":\"https:\\\/\\\/www.lactissima.com\\\/a-tire-d-ailes\\\/allaiter-travailler-temoignage-de-viviane\\\/#primaryimage\"},\"thumbnailUrl\":\"https:\\\/\\\/www.lactissima.com\\\/a-tire-d-ailes\\\/wp-content\\\/uploads\\\/2017\\\/11\\\/Viviane.jpg\",\"articleSection\":[\"t\u00e9moignages\"],\"inLanguage\":\"fr-FR\",\"potentialAction\":[{\"@type\":\"CommentAction\",\"name\":\"Comment\",\"target\":[\"https:\\\/\\\/www.lactissima.com\\\/a-tire-d-ailes\\\/allaiter-travailler-temoignage-de-viviane\\\/#respond\"]}]},{\"@type\":\"WebPage\",\"@id\":\"https:\\\/\\\/www.lactissima.com\\\/a-tire-d-ailes\\\/allaiter-travailler-temoignage-de-viviane\\\/\",\"url\":\"https:\\\/\\\/www.lactissima.com\\\/a-tire-d-ailes\\\/allaiter-travailler-temoignage-de-viviane\\\/\",\"name\":\"Allaiter et travailler : le t\u00e9moignage de Viviane\",\"isPartOf\":{\"@id\":\"https:\\\/\\\/www.lactissima.com\\\/a-tire-d-ailes\\\/#website\"},\"primaryImageOfPage\":{\"@id\":\"https:\\\/\\\/www.lactissima.com\\\/a-tire-d-ailes\\\/allaiter-travailler-temoignage-de-viviane\\\/#primaryimage\"},\"image\":{\"@id\":\"https:\\\/\\\/www.lactissima.com\\\/a-tire-d-ailes\\\/allaiter-travailler-temoignage-de-viviane\\\/#primaryimage\"},\"thumbnailUrl\":\"https:\\\/\\\/www.lactissima.com\\\/a-tire-d-ailes\\\/wp-content\\\/uploads\\\/2017\\\/11\\\/Viviane.jpg\",\"datePublished\":\"2017-11-30T09:27:40+00:00\",\"author\":{\"@id\":\"https:\\\/\\\/www.lactissima.com\\\/a-tire-d-ailes\\\/#\\\/schema\\\/person\\\/8f98d3a89530861bc1240e6d53d44eed\"},\"description\":\"Viviane est aide-soignante et poursuivre l'allaitement \u00e0 la reprise du travail lui semblait impossible au d\u00e9part...\",\"breadcrumb\":{\"@id\":\"https:\\\/\\\/www.lactissima.com\\\/a-tire-d-ailes\\\/allaiter-travailler-temoignage-de-viviane\\\/#breadcrumb\"},\"inLanguage\":\"fr-FR\",\"potentialAction\":[{\"@type\":\"ReadAction\",\"target\":[\"https:\\\/\\\/www.lactissima.com\\\/a-tire-d-ailes\\\/allaiter-travailler-temoignage-de-viviane\\\/\"]}]},{\"@type\":\"ImageObject\",\"inLanguage\":\"fr-FR\",\"@id\":\"https:\\\/\\\/www.lactissima.com\\\/a-tire-d-ailes\\\/allaiter-travailler-temoignage-de-viviane\\\/#primaryimage\",\"url\":\"https:\\\/\\\/www.lactissima.com\\\/a-tire-d-ailes\\\/wp-content\\\/uploads\\\/2017\\\/11\\\/Viviane.jpg\",\"contentUrl\":\"https:\\\/\\\/www.lactissima.com\\\/a-tire-d-ailes\\\/wp-content\\\/uploads\\\/2017\\\/11\\\/Viviane.jpg\",\"width\":292,\"height\":389,\"caption\":\"allaiter et travailler\"},{\"@type\":\"BreadcrumbList\",\"@id\":\"https:\\\/\\\/www.lactissima.com\\\/a-tire-d-ailes\\\/allaiter-travailler-temoignage-de-viviane\\\/#breadcrumb\",\"itemListElement\":[{\"@type\":\"ListItem\",\"position\":1,\"name\":\"Accueil\",\"item\":\"https:\\\/\\\/www.lactissima.com\\\/a-tire-d-ailes\\\/\"},{\"@type\":\"ListItem\",\"position\":2,\"name\":\"Allaiter et travailler : le t\u00e9moignage de Viviane\"}]},{\"@type\":\"WebSite\",\"@id\":\"https:\\\/\\\/www.lactissima.com\\\/a-tire-d-ailes\\\/#website\",\"url\":\"https:\\\/\\\/www.lactissima.com\\\/a-tire-d-ailes\\\/\",\"name\":\"A tire d&#039;Ailes\",\"description\":\"Le blog des femmes qui allaitent et travaillent.\",\"potentialAction\":[{\"@type\":\"SearchAction\",\"target\":{\"@type\":\"EntryPoint\",\"urlTemplate\":\"https:\\\/\\\/www.lactissima.com\\\/a-tire-d-ailes\\\/?s={search_term_string}\"},\"query-input\":{\"@type\":\"PropertyValueSpecification\",\"valueRequired\":true,\"valueName\":\"search_term_string\"}}],\"inLanguage\":\"fr-FR\"},{\"@type\":\"Person\",\"@id\":\"https:\\\/\\\/www.lactissima.com\\\/a-tire-d-ailes\\\/#\\\/schema\\\/person\\\/8f98d3a89530861bc1240e6d53d44eed\",\"name\":\"V\u00e9ronique Darmangeat\",\"image\":{\"@type\":\"ImageObject\",\"inLanguage\":\"fr-FR\",\"@id\":\"https:\\\/\\\/secure.gravatar.com\\\/avatar\\\/268c99344c89cebfe4f5df5fa8be43068a18884fc76a29f3206fae98465b9cab?s=96&d=identicon&r=g\",\"url\":\"https:\\\/\\\/secure.gravatar.com\\\/avatar\\\/268c99344c89cebfe4f5df5fa8be43068a18884fc76a29f3206fae98465b9cab?s=96&d=identicon&r=g\",\"contentUrl\":\"https:\\\/\\\/secure.gravatar.com\\\/avatar\\\/268c99344c89cebfe4f5df5fa8be43068a18884fc76a29f3206fae98465b9cab?s=96&d=identicon&r=g\",\"caption\":\"V\u00e9ronique Darmangeat\"},\"sameAs\":[\"https:\\\/\\\/www.lactissima.com\\\/a-tire-d-ailes\",\"www.facebook.com\\\/consultante.en.lactation\"]}]}<\/script>\n<!-- \/ Yoast SEO plugin. -->","yoast_head_json":{"title":"Allaiter et travailler : le t\u00e9moignage de Viviane","description":"Viviane est aide-soignante et poursuivre l'allaitement \u00e0 la reprise du travail lui semblait impossible au d\u00e9part...","robots":{"index":"index","follow":"follow","max-snippet":"max-snippet:-1","max-image-preview":"max-image-preview:large","max-video-preview":"max-video-preview:-1"},"canonical":"https:\/\/www.lactissima.com\/a-tire-d-ailes\/allaiter-travailler-temoignage-de-viviane\/","og_locale":"fr_FR","og_type":"article","og_title":"Allaiter et travailler : le t\u00e9moignage de Viviane","og_description":"Viviane est aide-soignante et poursuivre l'allaitement \u00e0 la reprise du travail lui semblait impossible au d\u00e9part...","og_url":"https:\/\/www.lactissima.com\/a-tire-d-ailes\/allaiter-travailler-temoignage-de-viviane\/","og_site_name":"A tire d&#039;Ailes","article_publisher":"https:\/\/www.facebook.com\/consultante.en.lactation","article_author":"www.facebook.com\/consultante.en.lactation","article_published_time":"2017-11-30T09:27:40+00:00","og_image":[{"width":292,"height":389,"url":"https:\/\/www.lactissima.com\/a-tire-d-ailes\/wp-content\/uploads\/2017\/11\/Viviane.jpg","type":"image\/jpeg"}],"author":"V\u00e9ronique Darmangeat","twitter_card":"summary_large_image","twitter_creator":"@VeroniqueIBCLC","twitter_site":"@VeroniqueIBCLC","twitter_misc":{"\u00c9crit par":"V\u00e9ronique Darmangeat","Dur\u00e9e de lecture estim\u00e9e":"5 minutes"},"schema":{"@context":"https:\/\/schema.org","@graph":[{"@type":"Article","@id":"https:\/\/www.lactissima.com\/a-tire-d-ailes\/allaiter-travailler-temoignage-de-viviane\/#article","isPartOf":{"@id":"https:\/\/www.lactissima.com\/a-tire-d-ailes\/allaiter-travailler-temoignage-de-viviane\/"},"author":{"name":"V\u00e9ronique Darmangeat","@id":"https:\/\/www.lactissima.com\/a-tire-d-ailes\/#\/schema\/person\/8f98d3a89530861bc1240e6d53d44eed"},"headline":"Allaiter et travailler : le t\u00e9moignage de Viviane","datePublished":"2017-11-30T09:27:40+00:00","mainEntityOfPage":{"@id":"https:\/\/www.lactissima.com\/a-tire-d-ailes\/allaiter-travailler-temoignage-de-viviane\/"},"wordCount":1035,"commentCount":8,"image":{"@id":"https:\/\/www.lactissima.com\/a-tire-d-ailes\/allaiter-travailler-temoignage-de-viviane\/#primaryimage"},"thumbnailUrl":"https:\/\/www.lactissima.com\/a-tire-d-ailes\/wp-content\/uploads\/2017\/11\/Viviane.jpg","articleSection":["t\u00e9moignages"],"inLanguage":"fr-FR","potentialAction":[{"@type":"CommentAction","name":"Comment","target":["https:\/\/www.lactissima.com\/a-tire-d-ailes\/allaiter-travailler-temoignage-de-viviane\/#respond"]}]},{"@type":"WebPage","@id":"https:\/\/www.lactissima.com\/a-tire-d-ailes\/allaiter-travailler-temoignage-de-viviane\/","url":"https:\/\/www.lactissima.com\/a-tire-d-ailes\/allaiter-travailler-temoignage-de-viviane\/","name":"Allaiter et travailler : le t\u00e9moignage de Viviane","isPartOf":{"@id":"https:\/\/www.lactissima.com\/a-tire-d-ailes\/#website"},"primaryImageOfPage":{"@id":"https:\/\/www.lactissima.com\/a-tire-d-ailes\/allaiter-travailler-temoignage-de-viviane\/#primaryimage"},"image":{"@id":"https:\/\/www.lactissima.com\/a-tire-d-ailes\/allaiter-travailler-temoignage-de-viviane\/#primaryimage"},"thumbnailUrl":"https:\/\/www.lactissima.com\/a-tire-d-ailes\/wp-content\/uploads\/2017\/11\/Viviane.jpg","datePublished":"2017-11-30T09:27:40+00:00","author":{"@id":"https:\/\/www.lactissima.com\/a-tire-d-ailes\/#\/schema\/person\/8f98d3a89530861bc1240e6d53d44eed"},"description":"Viviane est aide-soignante et poursuivre l'allaitement \u00e0 la reprise du travail lui semblait impossible au d\u00e9part...","breadcrumb":{"@id":"https:\/\/www.lactissima.com\/a-tire-d-ailes\/allaiter-travailler-temoignage-de-viviane\/#breadcrumb"},"inLanguage":"fr-FR","potentialAction":[{"@type":"ReadAction","target":["https:\/\/www.lactissima.com\/a-tire-d-ailes\/allaiter-travailler-temoignage-de-viviane\/"]}]},{"@type":"ImageObject","inLanguage":"fr-FR","@id":"https:\/\/www.lactissima.com\/a-tire-d-ailes\/allaiter-travailler-temoignage-de-viviane\/#primaryimage","url":"https:\/\/www.lactissima.com\/a-tire-d-ailes\/wp-content\/uploads\/2017\/11\/Viviane.jpg","contentUrl":"https:\/\/www.lactissima.com\/a-tire-d-ailes\/wp-content\/uploads\/2017\/11\/Viviane.jpg","width":292,"height":389,"caption":"allaiter et travailler"},{"@type":"BreadcrumbList","@id":"https:\/\/www.lactissima.com\/a-tire-d-ailes\/allaiter-travailler-temoignage-de-viviane\/#breadcrumb","itemListElement":[{"@type":"ListItem","position":1,"name":"Accueil","item":"https:\/\/www.lactissima.com\/a-tire-d-ailes\/"},{"@type":"ListItem","position":2,"name":"Allaiter et travailler : le t\u00e9moignage de Viviane"}]},{"@type":"WebSite","@id":"https:\/\/www.lactissima.com\/a-tire-d-ailes\/#website","url":"https:\/\/www.lactissima.com\/a-tire-d-ailes\/","name":"A tire d&#039;Ailes","description":"Le blog des femmes qui allaitent et travaillent.","potentialAction":[{"@type":"SearchAction","target":{"@type":"EntryPoint","urlTemplate":"https:\/\/www.lactissima.com\/a-tire-d-ailes\/?s={search_term_string}"},"query-input":{"@type":"PropertyValueSpecification","valueRequired":true,"valueName":"search_term_string"}}],"inLanguage":"fr-FR"},{"@type":"Person","@id":"https:\/\/www.lactissima.com\/a-tire-d-ailes\/#\/schema\/person\/8f98d3a89530861bc1240e6d53d44eed","name":"V\u00e9ronique Darmangeat","image":{"@type":"ImageObject","inLanguage":"fr-FR","@id":"https:\/\/secure.gravatar.com\/avatar\/268c99344c89cebfe4f5df5fa8be43068a18884fc76a29f3206fae98465b9cab?s=96&d=identicon&r=g","url":"https:\/\/secure.gravatar.com\/avatar\/268c99344c89cebfe4f5df5fa8be43068a18884fc76a29f3206fae98465b9cab?s=96&d=identicon&r=g","contentUrl":"https:\/\/secure.gravatar.com\/avatar\/268c99344c89cebfe4f5df5fa8be43068a18884fc76a29f3206fae98465b9cab?s=96&d=identicon&r=g","caption":"V\u00e9ronique Darmangeat"},"sameAs":["https:\/\/www.lactissima.com\/a-tire-d-ailes","www.facebook.com\/consultante.en.lactation"]}]}},"_links":{"self":[{"href":"https:\/\/www.lactissima.com\/a-tire-d-ailes\/wp-json\/wp\/v2\/posts\/7430","targetHints":{"allow":["GET"]}}],"collection":[{"href":"https:\/\/www.lactissima.com\/a-tire-d-ailes\/wp-json\/wp\/v2\/posts"}],"about":[{"href":"https:\/\/www.lactissima.com\/a-tire-d-ailes\/wp-json\/wp\/v2\/types\/post"}],"author":[{"embeddable":true,"href":"https:\/\/www.lactissima.com\/a-tire-d-ailes\/wp-json\/wp\/v2\/users\/170"}],"replies":[{"embeddable":true,"href":"https:\/\/www.lactissima.com\/a-tire-d-ailes\/wp-json\/wp\/v2\/comments?post=7430"}],"version-history":[{"count":1,"href":"https:\/\/www.lactissima.com\/a-tire-d-ailes\/wp-json\/wp\/v2\/posts\/7430\/revisions"}],"predecessor-version":[{"id":7432,"href":"https:\/\/www.lactissima.com\/a-tire-d-ailes\/wp-json\/wp\/v2\/posts\/7430\/revisions\/7432"}],"wp:featuredmedia":[{"embeddable":true,"href":"https:\/\/www.lactissima.com\/a-tire-d-ailes\/wp-json\/wp\/v2\/media\/7431"}],"wp:attachment":[{"href":"https:\/\/www.lactissima.com\/a-tire-d-ailes\/wp-json\/wp\/v2\/media?parent=7430"}],"wp:term":[{"taxonomy":"category","embeddable":true,"href":"https:\/\/www.lactissima.com\/a-tire-d-ailes\/wp-json\/wp\/v2\/categories?post=7430"},{"taxonomy":"post_tag","embeddable":true,"href":"https:\/\/www.lactissima.com\/a-tire-d-ailes\/wp-json\/wp\/v2\/tags?post=7430"}],"curies":[{"name":"wp","href":"https:\/\/api.w.org\/{rel}","templated":true}]}}