{"id":7423,"date":"2017-11-23T09:56:51","date_gmt":"2017-11-23T08:56:51","guid":{"rendered":"https:\/\/www.lactissima.com\/a-tire-d-ailes\/?p=7423"},"modified":"2024-06-13T19:16:44","modified_gmt":"2024-06-13T17:16:44","slug":"revue-de-presse-da-tire-dailes-78","status":"publish","type":"post","link":"https:\/\/www.lactissima.com\/a-tire-d-ailes\/revue-de-presse-da-tire-dailes-78\/","title":{"rendered":"La revue de presse d\u2019A tire d\u2019Ailes (78)"},"content":{"rendered":"<p style=\"text-align: justify;\"><img loading=\"lazy\" decoding=\"async\" class=\"alignright size-full wp-image-3670\" src=\"https:\/\/www.lactissima.com\/a-tire-d-ailes\/wp-content\/uploads\/journal1.jpg\" alt=\"revues de presse allaitement\" width=\"231\" height=\"300\" \/>Voici l\u2019<strong>actualit\u00e9<\/strong>\u00a0que j\u2019ai rep\u00e9r\u00e9e pour vous depuis un mois :<\/p>\n<p style=\"text-align: justify;\">&#8211; Des <strong>articles<\/strong> :<\/p>\n<ul style=\"text-align: justify;\">\n<li>Conseils pour une bonne mise en place de l\u2019allaitement.<\/li>\n<li>En quoi le <a href=\"https:\/\/www.lllfrance.org\/vous-informer\/actualites\/1931-en-quoi-le-lait-humain-et-le-lait-industriel-sont-ils-differents\" target=\"_blank\" rel=\"noopener noreferrer\">lait humain<\/a> et le lait industriel sont-ils diff\u00e9rents ?<\/li>\n<li>Du sein au biberon : <a href=\"https:\/\/nancymohrbacher.com\/blogs\/news\/breast-versus-bottle-how-much-milk-should-baby-take?_pos=1&amp;_sid=7266d8a99&amp;_ss=r\" target=\"_blank\" rel=\"noopener noreferrer\">combien de lait<\/a> le b\u00e9b\u00e9 doit-il prendre ?<\/li>\n<li>Les <a href=\"http:\/\/accompagnerlallaitement.blogspot.fr\/2017\/11\/les-fakes-du-net.html?utm_source=feedburner&amp;utm_medium=feed&amp;utm_campaign=Feed%3A+AccompagnerLallaitement+%28Accompagner+l%27allaitement%29&amp;utm_content=Netvibes\" target=\"_blank\" rel=\"noopener noreferrer\">Fakes<\/a> du Net.<\/li>\n<li>R\u00e9ponse d&rsquo;expert : \u00ab\u00a0Ma fille de <a href=\"http:\/\/www.magicmaman.com\/reponse-d-expert-ma-fille-de-17-mois-ne-se-nourrit-qu-au-sein,3538277.asp\" target=\"_blank\" rel=\"noopener noreferrer\">17 mois<\/a> ne se nourrit qu&rsquo;au sein\u00a0\u00bb<\/li>\n<li>Une excellente mise au point sur l&rsquo;usage de la <a href=\"http:\/\/ibconline.ca\/domperidone\/\" target=\"_blank\" rel=\"noopener noreferrer\">domp\u00e9ridone<\/a> au cours de l&rsquo;allaitement.<\/li>\n<li>Petits seins, alcool, contraception: Le vrai du faux sur l&rsquo;<a href=\"http:\/\/www.20minutes.fr\/sante\/2166323-20171110-video-petits-seins-alcool-contraception-vrai-faux-allaitement\" target=\"_blank\" rel=\"noopener noreferrer\">allaitement<\/a>.<\/li>\n<li>R\u00e9ponse d&rsquo;expert : \u00ab\u00a0Mon b\u00e9b\u00e9 <a href=\"http:\/\/www.magicmaman.com\/,reponse-d-expert-mon-bebe-ne-tete-qu-un-sein-que-faire,2367389.asp\" target=\"_blank\" rel=\"noopener noreferrer\">ne t\u00eate qu&rsquo;un sein<\/a>&#8230; Que faire ?\u00a0\u00bb<\/li>\n<li>Des explications sur allaitement et<a href=\"https:\/\/allaiterbonheuretraison.wordpress.com\/2017\/11\/21\/comprendre-le-cancer-du-sein-5-5-les-effets-protecteurs\/\" target=\"_blank\" rel=\"noopener noreferrer\"> cancer du sein<\/a>.<\/li>\n<\/ul>\n<p style=\"text-align: justify;\">&#8211; Des <strong>\u00e9tudes<\/strong> :<\/p>\n<ul style=\"text-align: justify;\">\n<li>L&rsquo;allaitement maternel pendant la petite enfance est associ\u00e9 \u00e0 un risque plus faible de <a href=\"https:\/\/www.ncbi.nlm.nih.gov\/pubmed\/29074058\" target=\"_blank\" rel=\"noopener noreferrer\">scl\u00e9rose en plaques<\/a> p\u00e9diatrique.<\/li>\n<li>Allaitement et mort subite du nourrisson.<\/li>\n<li>Le <a href=\"https:\/\/www.ncbi.nlm.nih.gov\/pubmed\/29115857\" target=\"_blank\" rel=\"noopener noreferrer\">r\u00e9flexe d&rsquo;\u00e9jection dysphorique<\/a>, encore du chemin avant de tout comprendre&#8230;<\/li>\n<li>Une \u00e9tude qui montre que les <a href=\"http:\/\/journals.plos.org\/plosone\/article?id=10.1371%2Fjournal.pone.0181071\" target=\"_blank\" rel=\"noopener noreferrer\">bact\u00e9ries<\/a> sont beaucoup plus souvent responsables de douleurs des seins et des mamelons que le candida albicans.<\/li>\n<li>Plus un enfant est allait\u00e9 longtemps, moins il a de risques de subir des <a href=\"https:\/\/www.ncbi.nlm.nih.gov\/pubmed\/29125322\" target=\"_blank\" rel=\"noopener noreferrer\">maltraitances<\/a> !<\/li>\n<li>Allaitement , <a href=\"https:\/\/www.ncbi.nlm.nih.gov\/pubmed\/29131307\" target=\"_blank\" rel=\"noopener noreferrer\">sevrage et pratiques alimentaires<\/a> pendant la dynastie des Zhou occidentaux (1122-771 av. J.-C.) \u00e0 Boyangcheng, province d&rsquo;Anhui, Chine.<\/li>\n<li>Les m\u00e8res qui ont adopt\u00e9 un style de <a href=\"https:\/\/www.ncbi.nlm.nih.gov\/pubmed\/25623385\" target=\"_blank\" rel=\"noopener noreferrer\">sevrage dirig\u00e9 par le b\u00e9b\u00e9<\/a> ont moins d&rsquo;anxi\u00e9t\u00e9, d&rsquo;introversion et de sympt\u00f4mes obsessionnels compulsifs.<\/li>\n<\/ul>\n<p style=\"text-align: justify;\">&#8211; Des <strong>recommandations<\/strong> internationales ou nationales :<\/p>\n<ul style=\"text-align: justify;\">\n<li>Le nouveau document de l&rsquo;OMS fournissant des lignes directrices pour l&rsquo;allaitement en maternit\u00e9 et n\u00e9onatologie. Ces recommandations sont fond\u00e9es sur les preuves.<\/li>\n<li>Vous souhaitez que l&rsquo;allaitement fasse l&rsquo;objet d&rsquo;une politique de sant\u00e9 publique ? C&rsquo;est le moment de donner votre avis !<\/li>\n<li>Le Haut Comite de Sant\u00e9 Publique vient de publier les propositions pour le PNNS 2017-2021. Page 82, vous trouverez les recommandations sur l&rsquo;allaitement.<\/li>\n<\/ul>\n<p style=\"text-align: justify;\">&#8211;\u00a0Un joli <a href=\"https:\/\/lamarieeencolere.com\/2017\/11\/continuer-lallaitement-malgre-les-difficultes\/\" target=\"_blank\" rel=\"noopener noreferrer\">t\u00e9moignage<\/a> d&rsquo;allaitement.<\/p>\n<p style=\"text-align: justify;\">&#8211; Des nouvelles du<strong> Centre allaitement V\u00e9ronique Darmangeat<\/strong> :<\/p>\n<ul style=\"text-align: justify;\">\n<li>Le Centre allaitement V\u00e9ronique Darmangeat poss\u00e8de une salle de formation propos\u00e9e \u00e0 la location.<\/li>\n<li>Le Centre allaitement V\u00e9ronique Darmangeat \u00e9largie sa zone d&rsquo;intervention pour les visites \u00e0 domicile !<\/li>\n<\/ul>\n<p style=\"text-align: justify;\"><img loading=\"lazy\" decoding=\"async\" class=\"aligncenter size-medium wp-image-7424\" src=\"https:\/\/www.lactissima.com\/a-tire-d-ailes\/wp-content\/uploads\/2017\/11\/zone-nov-2017-300x292.png\" alt=\"\" width=\"300\" height=\"292\" srcset=\"https:\/\/www.lactissima.com\/a-tire-d-ailes\/wp-content\/uploads\/2017\/11\/zone-nov-2017-300x292.png 300w, https:\/\/www.lactissima.com\/a-tire-d-ailes\/wp-content\/uploads\/2017\/11\/zone-nov-2017.png 447w\" sizes=\"(max-width: 300px) 100vw, 300px\" \/><\/p>\n<ul style=\"text-align: justify;\">\n<li>Une 3e consultante en lactation a rejoint le Centre allaitement V\u00e9ronique Darmangeat, il s&rsquo;agit de <a href=\"http:\/\/www.allaiteraparis.fr\/aide-allaitement\/consultante-en-lactation\/\" target=\"_blank\" rel=\"noopener noreferrer\">Martine Vergnol<\/a>.<\/li>\n<li>Parce qu\u2019un b\u00e9b\u00e9 a besoin d\u2019\u00eatre beaucoup port\u00e9, et que cette proximit\u00e9 favorise l\u2019allaitement, le Centre allaitement V\u00e9ronique Darmangeat propose des <a href=\"http:\/\/www.allaiteraparis.fr\/centre-allaitement\/portage\/\" target=\"_blank\" rel=\"noopener noreferrer\">cours de portage<\/a>, individuels ou collectifs.<\/li>\n<\/ul>\n<p style=\"text-align: justify;\"><strong>Rappel<\/strong>\u00a0: vous pouvez traduire toutes les publications en anglais gr\u00e2ce \u00e0 Google et donc les lire \u00e0 peu pr\u00e8s correctement en fran\u00e7ais !<\/p>\n<p style=\"text-align: justify;\">Bonne\u00a0<strong>lecture<\/strong>\u00a0! Et surtout, n\u2019h\u00e9sitez pas \u00e0 nous faire\u00a0<strong>partager<\/strong>\u00a0vos d\u00e9couvertes<\/p>\n<p style=\"text-align: justify;\"><strong>Articles en rapport :<\/strong><\/p>\n<p style=\"text-align: justify;\">Voir l\u2019onglet\u00a0<a title=\"Revues de presse\" href=\"https:\/\/www.lactissima.com\/a-tire-d-ailes\/revues-de-presse\/\" target=\"_blank\" rel=\"noopener noreferrer\">Revues de presse<\/a>.<\/p>\n<p>&nbsp;<\/p>\n<div class='et-box et-shadow'>\n\t\t\t\t\t<div class='et-box-content'>Lire des articles ou poser des questions en commentaire ne suffit pas \u00e0 r\u00e9soudre votre probl\u00e8me ?\nSavez-vous que vous pouvez prendre RDV pour une consultation avec moi ?\nN&rsquo;h\u00e9sitez pas \u00e0 me contacter !<\/div><\/div>\n","protected":false},"excerpt":{"rendered":"<p>Voici l\u2019actualit\u00e9\u00a0que j\u2019ai rep\u00e9r\u00e9e pour vous depuis un mois : &#8211; Des articles : Conseils pour une bonne mise en place de l\u2019allaitement. En quoi le lait humain et le lait industriel sont-ils diff\u00e9rents ? Du sein au biberon : combien de lait le b\u00e9b\u00e9 doit-il prendre ? Les Fakes du Net. R\u00e9ponse d&rsquo;expert : [&hellip;]<\/p>\n","protected":false},"author":170,"featured_media":3670,"comment_status":"open","ping_status":"open","sticky":false,"template":"","format":"standard","meta":{"_et_pb_use_builder":"","_et_pb_old_content":"","_et_gb_content_width":"","footnotes":""},"categories":[242],"tags":[],"class_list":["post-7423","post","type-post","status-publish","format-standard","has-post-thumbnail","hentry","category-revue-de-presse"],"yoast_head":"<!-- This site is optimized with the Yoast SEO plugin v27.4 - https:\/\/yoast.com\/product\/yoast-seo-wordpress\/ -->\n<title>La revue de presse d\u2019A tire d\u2019Ailes (78)<\/title>\n<meta name=\"description\" content=\"Une revue de presse tr\u00e8s compl\u00e8te, qui vous donne \u00e9galement des nouvelles du Centre allaitement V\u00e9ronique Darmangeat.\" \/>\n<meta name=\"robots\" content=\"index, follow, max-snippet:-1, max-image-preview:large, max-video-preview:-1\" \/>\n<link rel=\"canonical\" href=\"https:\/\/www.lactissima.com\/a-tire-d-ailes\/revue-de-presse-da-tire-dailes-78\/\" \/>\n<meta property=\"og:locale\" content=\"fr_FR\" \/>\n<meta property=\"og:type\" content=\"article\" \/>\n<meta property=\"og:title\" content=\"La revue de presse d\u2019A tire d\u2019Ailes (78)\" \/>\n<meta property=\"og:description\" content=\"Une revue de presse tr\u00e8s compl\u00e8te, qui vous donne \u00e9galement des nouvelles du Centre allaitement V\u00e9ronique Darmangeat.\" \/>\n<meta property=\"og:url\" content=\"https:\/\/www.lactissima.com\/a-tire-d-ailes\/revue-de-presse-da-tire-dailes-78\/\" \/>\n<meta property=\"og:site_name\" content=\"A tire d&#039;Ailes\" \/>\n<meta property=\"article:publisher\" content=\"https:\/\/www.facebook.com\/consultante.en.lactation\" \/>\n<meta property=\"article:author\" content=\"www.facebook.com\/consultante.en.lactation\" \/>\n<meta property=\"article:published_time\" content=\"2017-11-23T08:56:51+00:00\" \/>\n<meta property=\"article:modified_time\" content=\"2024-06-13T17:16:44+00:00\" \/>\n<meta property=\"og:image\" content=\"https:\/\/www.lactissima.com\/a-tire-d-ailes\/wp-content\/uploads\/journal1.jpg\" \/>\n\t<meta property=\"og:image:width\" content=\"231\" \/>\n\t<meta property=\"og:image:height\" content=\"300\" \/>\n\t<meta property=\"og:image:type\" content=\"image\/jpeg\" \/>\n<meta name=\"author\" content=\"V\u00e9ronique Darmangeat\" \/>\n<meta name=\"twitter:card\" content=\"summary_large_image\" \/>\n<meta name=\"twitter:creator\" content=\"@VeroniqueIBCLC\" \/>\n<meta name=\"twitter:site\" content=\"@VeroniqueIBCLC\" \/>\n<meta name=\"twitter:label1\" content=\"\u00c9crit par\" \/>\n\t<meta name=\"twitter:data1\" content=\"V\u00e9ronique Darmangeat\" \/>\n\t<meta name=\"twitter:label2\" content=\"Dur\u00e9e de lecture estim\u00e9e\" \/>\n\t<meta name=\"twitter:data2\" content=\"2 minutes\" \/>\n<script type=\"application\/ld+json\" class=\"yoast-schema-graph\">{\"@context\":\"https:\\\/\\\/schema.org\",\"@graph\":[{\"@type\":\"Article\",\"@id\":\"https:\\\/\\\/www.lactissima.com\\\/a-tire-d-ailes\\\/revue-de-presse-da-tire-dailes-78\\\/#article\",\"isPartOf\":{\"@id\":\"https:\\\/\\\/www.lactissima.com\\\/a-tire-d-ailes\\\/revue-de-presse-da-tire-dailes-78\\\/\"},\"author\":{\"name\":\"V\u00e9ronique Darmangeat\",\"@id\":\"https:\\\/\\\/www.lactissima.com\\\/a-tire-d-ailes\\\/#\\\/schema\\\/person\\\/8f98d3a89530861bc1240e6d53d44eed\"},\"headline\":\"La revue de presse d\u2019A tire d\u2019Ailes (78)\",\"datePublished\":\"2017-11-23T08:56:51+00:00\",\"dateModified\":\"2024-06-13T17:16:44+00:00\",\"mainEntityOfPage\":{\"@id\":\"https:\\\/\\\/www.lactissima.com\\\/a-tire-d-ailes\\\/revue-de-presse-da-tire-dailes-78\\\/\"},\"wordCount\":516,\"commentCount\":0,\"image\":{\"@id\":\"https:\\\/\\\/www.lactissima.com\\\/a-tire-d-ailes\\\/revue-de-presse-da-tire-dailes-78\\\/#primaryimage\"},\"thumbnailUrl\":\"https:\\\/\\\/www.lactissima.com\\\/a-tire-d-ailes\\\/wp-content\\\/uploads\\\/journal1.jpg\",\"articleSection\":[\"Revue de presse\"],\"inLanguage\":\"fr-FR\",\"potentialAction\":[{\"@type\":\"CommentAction\",\"name\":\"Comment\",\"target\":[\"https:\\\/\\\/www.lactissima.com\\\/a-tire-d-ailes\\\/revue-de-presse-da-tire-dailes-78\\\/#respond\"]}]},{\"@type\":\"WebPage\",\"@id\":\"https:\\\/\\\/www.lactissima.com\\\/a-tire-d-ailes\\\/revue-de-presse-da-tire-dailes-78\\\/\",\"url\":\"https:\\\/\\\/www.lactissima.com\\\/a-tire-d-ailes\\\/revue-de-presse-da-tire-dailes-78\\\/\",\"name\":\"La revue de presse d\u2019A tire d\u2019Ailes (78)\",\"isPartOf\":{\"@id\":\"https:\\\/\\\/www.lactissima.com\\\/a-tire-d-ailes\\\/#website\"},\"primaryImageOfPage\":{\"@id\":\"https:\\\/\\\/www.lactissima.com\\\/a-tire-d-ailes\\\/revue-de-presse-da-tire-dailes-78\\\/#primaryimage\"},\"image\":{\"@id\":\"https:\\\/\\\/www.lactissima.com\\\/a-tire-d-ailes\\\/revue-de-presse-da-tire-dailes-78\\\/#primaryimage\"},\"thumbnailUrl\":\"https:\\\/\\\/www.lactissima.com\\\/a-tire-d-ailes\\\/wp-content\\\/uploads\\\/journal1.jpg\",\"datePublished\":\"2017-11-23T08:56:51+00:00\",\"dateModified\":\"2024-06-13T17:16:44+00:00\",\"author\":{\"@id\":\"https:\\\/\\\/www.lactissima.com\\\/a-tire-d-ailes\\\/#\\\/schema\\\/person\\\/8f98d3a89530861bc1240e6d53d44eed\"},\"description\":\"Une revue de presse tr\u00e8s compl\u00e8te, qui vous donne \u00e9galement des nouvelles du Centre allaitement V\u00e9ronique Darmangeat.\",\"breadcrumb\":{\"@id\":\"https:\\\/\\\/www.lactissima.com\\\/a-tire-d-ailes\\\/revue-de-presse-da-tire-dailes-78\\\/#breadcrumb\"},\"inLanguage\":\"fr-FR\",\"potentialAction\":[{\"@type\":\"ReadAction\",\"target\":[\"https:\\\/\\\/www.lactissima.com\\\/a-tire-d-ailes\\\/revue-de-presse-da-tire-dailes-78\\\/\"]}]},{\"@type\":\"ImageObject\",\"inLanguage\":\"fr-FR\",\"@id\":\"https:\\\/\\\/www.lactissima.com\\\/a-tire-d-ailes\\\/revue-de-presse-da-tire-dailes-78\\\/#primaryimage\",\"url\":\"https:\\\/\\\/www.lactissima.com\\\/a-tire-d-ailes\\\/wp-content\\\/uploads\\\/journal1.jpg\",\"contentUrl\":\"https:\\\/\\\/www.lactissima.com\\\/a-tire-d-ailes\\\/wp-content\\\/uploads\\\/journal1.jpg\",\"width\":\"231\",\"height\":\"300\",\"caption\":\"revues de presse allaitement\"},{\"@type\":\"BreadcrumbList\",\"@id\":\"https:\\\/\\\/www.lactissima.com\\\/a-tire-d-ailes\\\/revue-de-presse-da-tire-dailes-78\\\/#breadcrumb\",\"itemListElement\":[{\"@type\":\"ListItem\",\"position\":1,\"name\":\"Accueil\",\"item\":\"https:\\\/\\\/www.lactissima.com\\\/a-tire-d-ailes\\\/\"},{\"@type\":\"ListItem\",\"position\":2,\"name\":\"La revue de presse d\u2019A tire d\u2019Ailes (78)\"}]},{\"@type\":\"WebSite\",\"@id\":\"https:\\\/\\\/www.lactissima.com\\\/a-tire-d-ailes\\\/#website\",\"url\":\"https:\\\/\\\/www.lactissima.com\\\/a-tire-d-ailes\\\/\",\"name\":\"A tire d&#039;Ailes\",\"description\":\"Le blog des femmes qui allaitent et travaillent.\",\"potentialAction\":[{\"@type\":\"SearchAction\",\"target\":{\"@type\":\"EntryPoint\",\"urlTemplate\":\"https:\\\/\\\/www.lactissima.com\\\/a-tire-d-ailes\\\/?s={search_term_string}\"},\"query-input\":{\"@type\":\"PropertyValueSpecification\",\"valueRequired\":true,\"valueName\":\"search_term_string\"}}],\"inLanguage\":\"fr-FR\"},{\"@type\":\"Person\",\"@id\":\"https:\\\/\\\/www.lactissima.com\\\/a-tire-d-ailes\\\/#\\\/schema\\\/person\\\/8f98d3a89530861bc1240e6d53d44eed\",\"name\":\"V\u00e9ronique Darmangeat\",\"image\":{\"@type\":\"ImageObject\",\"inLanguage\":\"fr-FR\",\"@id\":\"https:\\\/\\\/secure.gravatar.com\\\/avatar\\\/268c99344c89cebfe4f5df5fa8be43068a18884fc76a29f3206fae98465b9cab?s=96&d=identicon&r=g\",\"url\":\"https:\\\/\\\/secure.gravatar.com\\\/avatar\\\/268c99344c89cebfe4f5df5fa8be43068a18884fc76a29f3206fae98465b9cab?s=96&d=identicon&r=g\",\"contentUrl\":\"https:\\\/\\\/secure.gravatar.com\\\/avatar\\\/268c99344c89cebfe4f5df5fa8be43068a18884fc76a29f3206fae98465b9cab?s=96&d=identicon&r=g\",\"caption\":\"V\u00e9ronique Darmangeat\"},\"sameAs\":[\"https:\\\/\\\/www.lactissima.com\\\/a-tire-d-ailes\",\"www.facebook.com\\\/consultante.en.lactation\"]}]}<\/script>\n<!-- \/ Yoast SEO plugin. -->","yoast_head_json":{"title":"La revue de presse d\u2019A tire d\u2019Ailes (78)","description":"Une revue de presse tr\u00e8s compl\u00e8te, qui vous donne \u00e9galement des nouvelles du Centre allaitement V\u00e9ronique Darmangeat.","robots":{"index":"index","follow":"follow","max-snippet":"max-snippet:-1","max-image-preview":"max-image-preview:large","max-video-preview":"max-video-preview:-1"},"canonical":"https:\/\/www.lactissima.com\/a-tire-d-ailes\/revue-de-presse-da-tire-dailes-78\/","og_locale":"fr_FR","og_type":"article","og_title":"La revue de presse d\u2019A tire d\u2019Ailes (78)","og_description":"Une revue de presse tr\u00e8s compl\u00e8te, qui vous donne \u00e9galement des nouvelles du Centre allaitement V\u00e9ronique Darmangeat.","og_url":"https:\/\/www.lactissima.com\/a-tire-d-ailes\/revue-de-presse-da-tire-dailes-78\/","og_site_name":"A tire d&#039;Ailes","article_publisher":"https:\/\/www.facebook.com\/consultante.en.lactation","article_author":"www.facebook.com\/consultante.en.lactation","article_published_time":"2017-11-23T08:56:51+00:00","article_modified_time":"2024-06-13T17:16:44+00:00","og_image":[{"width":231,"height":300,"url":"https:\/\/www.lactissima.com\/a-tire-d-ailes\/wp-content\/uploads\/journal1.jpg","type":"image\/jpeg"}],"author":"V\u00e9ronique Darmangeat","twitter_card":"summary_large_image","twitter_creator":"@VeroniqueIBCLC","twitter_site":"@VeroniqueIBCLC","twitter_misc":{"\u00c9crit par":"V\u00e9ronique Darmangeat","Dur\u00e9e de lecture estim\u00e9e":"2 minutes"},"schema":{"@context":"https:\/\/schema.org","@graph":[{"@type":"Article","@id":"https:\/\/www.lactissima.com\/a-tire-d-ailes\/revue-de-presse-da-tire-dailes-78\/#article","isPartOf":{"@id":"https:\/\/www.lactissima.com\/a-tire-d-ailes\/revue-de-presse-da-tire-dailes-78\/"},"author":{"name":"V\u00e9ronique Darmangeat","@id":"https:\/\/www.lactissima.com\/a-tire-d-ailes\/#\/schema\/person\/8f98d3a89530861bc1240e6d53d44eed"},"headline":"La revue de presse d\u2019A tire d\u2019Ailes (78)","datePublished":"2017-11-23T08:56:51+00:00","dateModified":"2024-06-13T17:16:44+00:00","mainEntityOfPage":{"@id":"https:\/\/www.lactissima.com\/a-tire-d-ailes\/revue-de-presse-da-tire-dailes-78\/"},"wordCount":516,"commentCount":0,"image":{"@id":"https:\/\/www.lactissima.com\/a-tire-d-ailes\/revue-de-presse-da-tire-dailes-78\/#primaryimage"},"thumbnailUrl":"https:\/\/www.lactissima.com\/a-tire-d-ailes\/wp-content\/uploads\/journal1.jpg","articleSection":["Revue de presse"],"inLanguage":"fr-FR","potentialAction":[{"@type":"CommentAction","name":"Comment","target":["https:\/\/www.lactissima.com\/a-tire-d-ailes\/revue-de-presse-da-tire-dailes-78\/#respond"]}]},{"@type":"WebPage","@id":"https:\/\/www.lactissima.com\/a-tire-d-ailes\/revue-de-presse-da-tire-dailes-78\/","url":"https:\/\/www.lactissima.com\/a-tire-d-ailes\/revue-de-presse-da-tire-dailes-78\/","name":"La revue de presse d\u2019A tire d\u2019Ailes (78)","isPartOf":{"@id":"https:\/\/www.lactissima.com\/a-tire-d-ailes\/#website"},"primaryImageOfPage":{"@id":"https:\/\/www.lactissima.com\/a-tire-d-ailes\/revue-de-presse-da-tire-dailes-78\/#primaryimage"},"image":{"@id":"https:\/\/www.lactissima.com\/a-tire-d-ailes\/revue-de-presse-da-tire-dailes-78\/#primaryimage"},"thumbnailUrl":"https:\/\/www.lactissima.com\/a-tire-d-ailes\/wp-content\/uploads\/journal1.jpg","datePublished":"2017-11-23T08:56:51+00:00","dateModified":"2024-06-13T17:16:44+00:00","author":{"@id":"https:\/\/www.lactissima.com\/a-tire-d-ailes\/#\/schema\/person\/8f98d3a89530861bc1240e6d53d44eed"},"description":"Une revue de presse tr\u00e8s compl\u00e8te, qui vous donne \u00e9galement des nouvelles du Centre allaitement V\u00e9ronique Darmangeat.","breadcrumb":{"@id":"https:\/\/www.lactissima.com\/a-tire-d-ailes\/revue-de-presse-da-tire-dailes-78\/#breadcrumb"},"inLanguage":"fr-FR","potentialAction":[{"@type":"ReadAction","target":["https:\/\/www.lactissima.com\/a-tire-d-ailes\/revue-de-presse-da-tire-dailes-78\/"]}]},{"@type":"ImageObject","inLanguage":"fr-FR","@id":"https:\/\/www.lactissima.com\/a-tire-d-ailes\/revue-de-presse-da-tire-dailes-78\/#primaryimage","url":"https:\/\/www.lactissima.com\/a-tire-d-ailes\/wp-content\/uploads\/journal1.jpg","contentUrl":"https:\/\/www.lactissima.com\/a-tire-d-ailes\/wp-content\/uploads\/journal1.jpg","width":"231","height":"300","caption":"revues de presse allaitement"},{"@type":"BreadcrumbList","@id":"https:\/\/www.lactissima.com\/a-tire-d-ailes\/revue-de-presse-da-tire-dailes-78\/#breadcrumb","itemListElement":[{"@type":"ListItem","position":1,"name":"Accueil","item":"https:\/\/www.lactissima.com\/a-tire-d-ailes\/"},{"@type":"ListItem","position":2,"name":"La revue de presse d\u2019A tire d\u2019Ailes (78)"}]},{"@type":"WebSite","@id":"https:\/\/www.lactissima.com\/a-tire-d-ailes\/#website","url":"https:\/\/www.lactissima.com\/a-tire-d-ailes\/","name":"A tire d&#039;Ailes","description":"Le blog des femmes qui allaitent et travaillent.","potentialAction":[{"@type":"SearchAction","target":{"@type":"EntryPoint","urlTemplate":"https:\/\/www.lactissima.com\/a-tire-d-ailes\/?s={search_term_string}"},"query-input":{"@type":"PropertyValueSpecification","valueRequired":true,"valueName":"search_term_string"}}],"inLanguage":"fr-FR"},{"@type":"Person","@id":"https:\/\/www.lactissima.com\/a-tire-d-ailes\/#\/schema\/person\/8f98d3a89530861bc1240e6d53d44eed","name":"V\u00e9ronique Darmangeat","image":{"@type":"ImageObject","inLanguage":"fr-FR","@id":"https:\/\/secure.gravatar.com\/avatar\/268c99344c89cebfe4f5df5fa8be43068a18884fc76a29f3206fae98465b9cab?s=96&d=identicon&r=g","url":"https:\/\/secure.gravatar.com\/avatar\/268c99344c89cebfe4f5df5fa8be43068a18884fc76a29f3206fae98465b9cab?s=96&d=identicon&r=g","contentUrl":"https:\/\/secure.gravatar.com\/avatar\/268c99344c89cebfe4f5df5fa8be43068a18884fc76a29f3206fae98465b9cab?s=96&d=identicon&r=g","caption":"V\u00e9ronique Darmangeat"},"sameAs":["https:\/\/www.lactissima.com\/a-tire-d-ailes","www.facebook.com\/consultante.en.lactation"]}]}},"_links":{"self":[{"href":"https:\/\/www.lactissima.com\/a-tire-d-ailes\/wp-json\/wp\/v2\/posts\/7423","targetHints":{"allow":["GET"]}}],"collection":[{"href":"https:\/\/www.lactissima.com\/a-tire-d-ailes\/wp-json\/wp\/v2\/posts"}],"about":[{"href":"https:\/\/www.lactissima.com\/a-tire-d-ailes\/wp-json\/wp\/v2\/types\/post"}],"author":[{"embeddable":true,"href":"https:\/\/www.lactissima.com\/a-tire-d-ailes\/wp-json\/wp\/v2\/users\/170"}],"replies":[{"embeddable":true,"href":"https:\/\/www.lactissima.com\/a-tire-d-ailes\/wp-json\/wp\/v2\/comments?post=7423"}],"version-history":[{"count":9,"href":"https:\/\/www.lactissima.com\/a-tire-d-ailes\/wp-json\/wp\/v2\/posts\/7423\/revisions"}],"predecessor-version":[{"id":9549,"href":"https:\/\/www.lactissima.com\/a-tire-d-ailes\/wp-json\/wp\/v2\/posts\/7423\/revisions\/9549"}],"wp:featuredmedia":[{"embeddable":true,"href":"https:\/\/www.lactissima.com\/a-tire-d-ailes\/wp-json\/wp\/v2\/media\/3670"}],"wp:attachment":[{"href":"https:\/\/www.lactissima.com\/a-tire-d-ailes\/wp-json\/wp\/v2\/media?parent=7423"}],"wp:term":[{"taxonomy":"category","embeddable":true,"href":"https:\/\/www.lactissima.com\/a-tire-d-ailes\/wp-json\/wp\/v2\/categories?post=7423"},{"taxonomy":"post_tag","embeddable":true,"href":"https:\/\/www.lactissima.com\/a-tire-d-ailes\/wp-json\/wp\/v2\/tags?post=7423"}],"curies":[{"name":"wp","href":"https:\/\/api.w.org\/{rel}","templated":true}]}}