{"id":7414,"date":"2017-11-16T12:17:24","date_gmt":"2017-11-16T11:17:24","guid":{"rendered":"https:\/\/www.lactissima.com\/a-tire-d-ailes\/?p=7414"},"modified":"2017-11-16T12:17:24","modified_gmt":"2017-11-16T11:17:24","slug":"reflexe-nauseeux-et-tetine-de-biberon","status":"publish","type":"post","link":"https:\/\/www.lactissima.com\/a-tire-d-ailes\/reflexe-nauseeux-et-tetine-de-biberon\/","title":{"rendered":"R\u00e9flexe naus\u00e9eux et t\u00e9tine de biberon"},"content":{"rendered":"<p style=\"text-align: justify;\"><img loading=\"lazy\" decoding=\"async\" class=\"alignright size-full wp-image-7416\" src=\"https:\/\/www.lactissima.com\/a-tire-d-ailes\/wp-content\/uploads\/2017\/11\/t\u00e9tine-mam.jpg\" alt=\"\" width=\"224\" height=\"224\" srcset=\"https:\/\/www.lactissima.com\/a-tire-d-ailes\/wp-content\/uploads\/2017\/11\/t\u00e9tine-mam.jpg 224w, https:\/\/www.lactissima.com\/a-tire-d-ailes\/wp-content\/uploads\/2017\/11\/t\u00e9tine-mam-150x150.jpg 150w, https:\/\/www.lactissima.com\/a-tire-d-ailes\/wp-content\/uploads\/2017\/11\/t\u00e9tine-mam-182x182.jpg 182w, https:\/\/www.lactissima.com\/a-tire-d-ailes\/wp-content\/uploads\/2017\/11\/t\u00e9tine-mam-83x83.jpg 83w, https:\/\/www.lactissima.com\/a-tire-d-ailes\/wp-content\/uploads\/2017\/11\/t\u00e9tine-mam-184x184.jpg 184w\" sizes=\"(max-width: 224px) 100vw, 224px\" \/>Un petit peu de technique pour aujourd&rsquo;hui, nous allons parler du <strong>r\u00e9flexe naus\u00e9eux<\/strong>.<\/p>\n<p style=\"text-align: justify;\">Si vous mettez quelque-chose au fond de votre bouche, vous avez tr\u00e8s vite envie de vomir : c&rsquo;est ce que l&rsquo;on appelle le r\u00e9flexe naus\u00e9eux. Normalement, chez les b\u00e9b\u00e9s, ce r\u00e9flexe est plac\u00e9 <strong>tr\u00e8s loin<\/strong> en bouche pour pouvoir placer le mamelon presqu&rsquo;\u00e0 la limite entre le palais osseux et le palais mou (n&rsquo;essayez pas d&rsquo;aller chercher cette zone sur vous, vous allez vomir&#8230;). Un b\u00e9b\u00e9 peut donc t\u00e9ter un doigt en l&rsquo;amenant tr\u00e8s loin en bouche sans \u00eatre g\u00ean\u00e9.<\/p>\n<p style=\"text-align: justify;\">Mais certains b\u00e9b\u00e9s ont un r\u00e9flexe naus\u00e9eux <strong>trop avanc\u00e9<\/strong> en bouche et d\u00e8s que quelque-chose arrive vers le milieu du palais, ils d\u00e9clenchent un r\u00e9flexe naus\u00e9eux.<br \/>\nBien s\u00fbr, c&rsquo;est tr\u00e8s g\u00eanant pour t\u00e9ter car d\u00e8s que le sein se place bien en bouche, le r\u00e9flexe naus\u00e9eux se d\u00e9clenche et le b\u00e9b\u00e9 se met donc \u00e0 <strong>mal prendre<\/strong> le sein pour ne pas d\u00e9clencher ce r\u00e9flexe : il referme la bouche et ne prend plus une large part de sein en bouche, il ne prend que le mamelon pour ne pas \u00eatre g\u00ean\u00e9.<\/p>\n<p style=\"text-align: justify;\">Dans un pr\u00e9c\u00e9dent <a href=\"https:\/\/www.lactissima.com\/a-tire-d-ailes\/quel-est-le-meilleur-biberon\/\" target=\"_blank\" rel=\"noopener\">article<\/a>, je vous ai parl\u00e9 des t\u00e9tines de biberon \u00e0 choisir pour qu&rsquo;un b\u00e9b\u00e9 ne confonde pas la succion au sein et au biberon. Je vous ai propos\u00e9 de choisir des t\u00e9tines <strong>longues<\/strong> et de les placer en fond de bouche.<br \/>\nEvidemment, si votre b\u00e9b\u00e9 a un r\u00e9flexe naus\u00e9eux hyperactif, ce genre de t\u00e9tine ne va pas du tout lui convenir et d\u00e8s que l&rsquo;on va placer la t\u00e9tine loin en bouche, il va \u00eatre m\u00e9content et tenter de se d\u00e9gager.<\/p>\n<p style=\"text-align: justify;\">Pour ces b\u00e9b\u00e9s, on va donc choisir une t\u00e9tine <strong>diff\u00e9rente<\/strong> : on va chercher une t\u00e9tine <strong>courte<\/strong> mais qui permette quand m\u00eame au b\u00e9b\u00e9 de prendre la base de la t\u00e9tine en bouche, pour que le placement de langue ne soit pas catastrophique.<br \/>\nDans ce cas, je propose en g\u00e9n\u00e9ral d&rsquo;utiliser la t\u00e9tine Mam qui r\u00e9pond \u00e0 ces crit\u00e8res.<\/p>\n<p style=\"text-align: justify;\">Bien s\u00fbr, c&rsquo;est <strong>l&rsquo;observation de votre b\u00e9b\u00e9<\/strong> qui doit primer : s&rsquo;il est plus \u00e0 l&rsquo;aise avec une autre t\u00e9tine et qu&rsquo;il place sa langue sous la t\u00e9tine, pas de souci.<\/p>\n<p>Et <strong>vous<\/strong>, quelle t\u00e9tine avez-vous utilis\u00e9 pour votre b\u00e9b\u00e9 avec un naus\u00e9eux hyperactif ?<\/p>\n<p><strong>Articles en rapport :<\/strong><\/p>\n<ul>\n<li><a href=\"https:\/\/www.lactissima.com\/a-tire-d-ailes\/quel-est-le-meilleur-biberon\/\" target=\"_blank\" rel=\"noopener\">Quel est le meilleur biberon ?<\/a><\/li>\n<li><a href=\"https:\/\/www.lactissima.com\/a-tire-d-ailes\/comment-passer-du-sein-au-biberon\/\" target=\"_blank\" rel=\"noopener\">Comment passer du sein au biberon ?<\/a><\/li>\n<\/ul>\n<p>&nbsp;<\/p>\n<div class='et-box et-shadow'>\n\t\t\t\t\t<div class='et-box-content'>Lire des articles ou poser des questions en commentaire ne suffit pas \u00e0 r\u00e9soudre votre probl\u00e8me ?\nSavez-vous que vous pouvez prendre RDV pour une consultation avec moi ?\nN&rsquo;h\u00e9sitez pas \u00e0 me contacter !<\/div><\/div>\n","protected":false},"excerpt":{"rendered":"<p>Un petit peu de technique pour aujourd&rsquo;hui, nous allons parler du r\u00e9flexe naus\u00e9eux. Si vous mettez quelque-chose au fond de votre bouche, vous avez tr\u00e8s vite envie de vomir : c&rsquo;est ce que l&rsquo;on appelle le r\u00e9flexe naus\u00e9eux. Normalement, chez les b\u00e9b\u00e9s, ce r\u00e9flexe est plac\u00e9 tr\u00e8s loin en bouche pour pouvoir placer le mamelon [&hellip;]<\/p>\n","protected":false},"author":170,"featured_media":7416,"comment_status":"open","ping_status":"open","sticky":false,"template":"","format":"standard","meta":{"_et_pb_use_builder":"","_et_pb_old_content":"","_et_gb_content_width":"","footnotes":""},"categories":[711],"tags":[],"class_list":["post-7414","post","type-post","status-publish","format-standard","has-post-thumbnail","hentry","category-passage-au-biberon"],"yoast_head":"<!-- This site is optimized with the Yoast SEO plugin v27.4 - https:\/\/yoast.com\/product\/yoast-seo-wordpress\/ -->\n<title>R\u00e9flexe naus\u00e9eux et t\u00e9tine de biberon<\/title>\n<meta name=\"description\" content=\"Un r\u00e9flexe naus\u00e9eux hyperactif peut g\u00eaner un b\u00e9b\u00e9 au moment du passage au biberon.\" \/>\n<meta name=\"robots\" content=\"index, follow, max-snippet:-1, max-image-preview:large, max-video-preview:-1\" \/>\n<link rel=\"canonical\" href=\"https:\/\/www.lactissima.com\/a-tire-d-ailes\/reflexe-nauseeux-et-tetine-de-biberon\/\" \/>\n<meta property=\"og:locale\" content=\"fr_FR\" \/>\n<meta property=\"og:type\" content=\"article\" \/>\n<meta property=\"og:title\" content=\"R\u00e9flexe naus\u00e9eux et t\u00e9tine de biberon\" \/>\n<meta property=\"og:description\" content=\"Un r\u00e9flexe naus\u00e9eux hyperactif peut g\u00eaner un b\u00e9b\u00e9 au moment du passage au biberon.\" \/>\n<meta property=\"og:url\" content=\"https:\/\/www.lactissima.com\/a-tire-d-ailes\/reflexe-nauseeux-et-tetine-de-biberon\/\" \/>\n<meta property=\"og:site_name\" content=\"A tire d&#039;Ailes\" \/>\n<meta property=\"article:publisher\" content=\"https:\/\/www.facebook.com\/consultante.en.lactation\" \/>\n<meta property=\"article:author\" content=\"www.facebook.com\/consultante.en.lactation\" \/>\n<meta property=\"article:published_time\" content=\"2017-11-16T11:17:24+00:00\" \/>\n<meta property=\"og:image\" content=\"https:\/\/www.lactissima.com\/a-tire-d-ailes\/wp-content\/uploads\/2017\/11\/t\u00e9tine-mam.jpg\" \/>\n\t<meta property=\"og:image:width\" content=\"224\" \/>\n\t<meta property=\"og:image:height\" content=\"224\" \/>\n\t<meta property=\"og:image:type\" content=\"image\/jpeg\" \/>\n<meta name=\"author\" content=\"V\u00e9ronique Darmangeat\" \/>\n<meta name=\"twitter:card\" content=\"summary_large_image\" \/>\n<meta name=\"twitter:creator\" content=\"@VeroniqueIBCLC\" \/>\n<meta name=\"twitter:site\" content=\"@VeroniqueIBCLC\" \/>\n<meta name=\"twitter:label1\" content=\"\u00c9crit par\" \/>\n\t<meta name=\"twitter:data1\" content=\"V\u00e9ronique Darmangeat\" \/>\n\t<meta name=\"twitter:label2\" content=\"Dur\u00e9e de lecture estim\u00e9e\" \/>\n\t<meta name=\"twitter:data2\" content=\"2 minutes\" \/>\n<script type=\"application\/ld+json\" class=\"yoast-schema-graph\">{\"@context\":\"https:\\\/\\\/schema.org\",\"@graph\":[{\"@type\":\"Article\",\"@id\":\"https:\\\/\\\/www.lactissima.com\\\/a-tire-d-ailes\\\/reflexe-nauseeux-et-tetine-de-biberon\\\/#article\",\"isPartOf\":{\"@id\":\"https:\\\/\\\/www.lactissima.com\\\/a-tire-d-ailes\\\/reflexe-nauseeux-et-tetine-de-biberon\\\/\"},\"author\":{\"name\":\"V\u00e9ronique Darmangeat\",\"@id\":\"https:\\\/\\\/www.lactissima.com\\\/a-tire-d-ailes\\\/#\\\/schema\\\/person\\\/8f98d3a89530861bc1240e6d53d44eed\"},\"headline\":\"R\u00e9flexe naus\u00e9eux et t\u00e9tine de biberon\",\"datePublished\":\"2017-11-16T11:17:24+00:00\",\"mainEntityOfPage\":{\"@id\":\"https:\\\/\\\/www.lactissima.com\\\/a-tire-d-ailes\\\/reflexe-nauseeux-et-tetine-de-biberon\\\/\"},\"wordCount\":505,\"commentCount\":31,\"image\":{\"@id\":\"https:\\\/\\\/www.lactissima.com\\\/a-tire-d-ailes\\\/reflexe-nauseeux-et-tetine-de-biberon\\\/#primaryimage\"},\"thumbnailUrl\":\"https:\\\/\\\/www.lactissima.com\\\/a-tire-d-ailes\\\/wp-content\\\/uploads\\\/2017\\\/11\\\/t\u00e9tine-mam.jpg\",\"articleSection\":[\"Passage au biberon\"],\"inLanguage\":\"fr-FR\",\"potentialAction\":[{\"@type\":\"CommentAction\",\"name\":\"Comment\",\"target\":[\"https:\\\/\\\/www.lactissima.com\\\/a-tire-d-ailes\\\/reflexe-nauseeux-et-tetine-de-biberon\\\/#respond\"]}]},{\"@type\":\"WebPage\",\"@id\":\"https:\\\/\\\/www.lactissima.com\\\/a-tire-d-ailes\\\/reflexe-nauseeux-et-tetine-de-biberon\\\/\",\"url\":\"https:\\\/\\\/www.lactissima.com\\\/a-tire-d-ailes\\\/reflexe-nauseeux-et-tetine-de-biberon\\\/\",\"name\":\"R\u00e9flexe naus\u00e9eux et t\u00e9tine de biberon\",\"isPartOf\":{\"@id\":\"https:\\\/\\\/www.lactissima.com\\\/a-tire-d-ailes\\\/#website\"},\"primaryImageOfPage\":{\"@id\":\"https:\\\/\\\/www.lactissima.com\\\/a-tire-d-ailes\\\/reflexe-nauseeux-et-tetine-de-biberon\\\/#primaryimage\"},\"image\":{\"@id\":\"https:\\\/\\\/www.lactissima.com\\\/a-tire-d-ailes\\\/reflexe-nauseeux-et-tetine-de-biberon\\\/#primaryimage\"},\"thumbnailUrl\":\"https:\\\/\\\/www.lactissima.com\\\/a-tire-d-ailes\\\/wp-content\\\/uploads\\\/2017\\\/11\\\/t\u00e9tine-mam.jpg\",\"datePublished\":\"2017-11-16T11:17:24+00:00\",\"author\":{\"@id\":\"https:\\\/\\\/www.lactissima.com\\\/a-tire-d-ailes\\\/#\\\/schema\\\/person\\\/8f98d3a89530861bc1240e6d53d44eed\"},\"description\":\"Un r\u00e9flexe naus\u00e9eux hyperactif peut g\u00eaner un b\u00e9b\u00e9 au moment du passage au biberon.\",\"breadcrumb\":{\"@id\":\"https:\\\/\\\/www.lactissima.com\\\/a-tire-d-ailes\\\/reflexe-nauseeux-et-tetine-de-biberon\\\/#breadcrumb\"},\"inLanguage\":\"fr-FR\",\"potentialAction\":[{\"@type\":\"ReadAction\",\"target\":[\"https:\\\/\\\/www.lactissima.com\\\/a-tire-d-ailes\\\/reflexe-nauseeux-et-tetine-de-biberon\\\/\"]}]},{\"@type\":\"ImageObject\",\"inLanguage\":\"fr-FR\",\"@id\":\"https:\\\/\\\/www.lactissima.com\\\/a-tire-d-ailes\\\/reflexe-nauseeux-et-tetine-de-biberon\\\/#primaryimage\",\"url\":\"https:\\\/\\\/www.lactissima.com\\\/a-tire-d-ailes\\\/wp-content\\\/uploads\\\/2017\\\/11\\\/t\u00e9tine-mam.jpg\",\"contentUrl\":\"https:\\\/\\\/www.lactissima.com\\\/a-tire-d-ailes\\\/wp-content\\\/uploads\\\/2017\\\/11\\\/t\u00e9tine-mam.jpg\",\"width\":224,\"height\":224},{\"@type\":\"BreadcrumbList\",\"@id\":\"https:\\\/\\\/www.lactissima.com\\\/a-tire-d-ailes\\\/reflexe-nauseeux-et-tetine-de-biberon\\\/#breadcrumb\",\"itemListElement\":[{\"@type\":\"ListItem\",\"position\":1,\"name\":\"Accueil\",\"item\":\"https:\\\/\\\/www.lactissima.com\\\/a-tire-d-ailes\\\/\"},{\"@type\":\"ListItem\",\"position\":2,\"name\":\"R\u00e9flexe naus\u00e9eux et t\u00e9tine de biberon\"}]},{\"@type\":\"WebSite\",\"@id\":\"https:\\\/\\\/www.lactissima.com\\\/a-tire-d-ailes\\\/#website\",\"url\":\"https:\\\/\\\/www.lactissima.com\\\/a-tire-d-ailes\\\/\",\"name\":\"A tire d&#039;Ailes\",\"description\":\"Le blog des femmes qui allaitent et travaillent.\",\"potentialAction\":[{\"@type\":\"SearchAction\",\"target\":{\"@type\":\"EntryPoint\",\"urlTemplate\":\"https:\\\/\\\/www.lactissima.com\\\/a-tire-d-ailes\\\/?s={search_term_string}\"},\"query-input\":{\"@type\":\"PropertyValueSpecification\",\"valueRequired\":true,\"valueName\":\"search_term_string\"}}],\"inLanguage\":\"fr-FR\"},{\"@type\":\"Person\",\"@id\":\"https:\\\/\\\/www.lactissima.com\\\/a-tire-d-ailes\\\/#\\\/schema\\\/person\\\/8f98d3a89530861bc1240e6d53d44eed\",\"name\":\"V\u00e9ronique Darmangeat\",\"image\":{\"@type\":\"ImageObject\",\"inLanguage\":\"fr-FR\",\"@id\":\"https:\\\/\\\/secure.gravatar.com\\\/avatar\\\/268c99344c89cebfe4f5df5fa8be43068a18884fc76a29f3206fae98465b9cab?s=96&d=identicon&r=g\",\"url\":\"https:\\\/\\\/secure.gravatar.com\\\/avatar\\\/268c99344c89cebfe4f5df5fa8be43068a18884fc76a29f3206fae98465b9cab?s=96&d=identicon&r=g\",\"contentUrl\":\"https:\\\/\\\/secure.gravatar.com\\\/avatar\\\/268c99344c89cebfe4f5df5fa8be43068a18884fc76a29f3206fae98465b9cab?s=96&d=identicon&r=g\",\"caption\":\"V\u00e9ronique Darmangeat\"},\"sameAs\":[\"https:\\\/\\\/www.lactissima.com\\\/a-tire-d-ailes\",\"www.facebook.com\\\/consultante.en.lactation\"]}]}<\/script>\n<!-- \/ Yoast SEO plugin. -->","yoast_head_json":{"title":"R\u00e9flexe naus\u00e9eux et t\u00e9tine de biberon","description":"Un r\u00e9flexe naus\u00e9eux hyperactif peut g\u00eaner un b\u00e9b\u00e9 au moment du passage au biberon.","robots":{"index":"index","follow":"follow","max-snippet":"max-snippet:-1","max-image-preview":"max-image-preview:large","max-video-preview":"max-video-preview:-1"},"canonical":"https:\/\/www.lactissima.com\/a-tire-d-ailes\/reflexe-nauseeux-et-tetine-de-biberon\/","og_locale":"fr_FR","og_type":"article","og_title":"R\u00e9flexe naus\u00e9eux et t\u00e9tine de biberon","og_description":"Un r\u00e9flexe naus\u00e9eux hyperactif peut g\u00eaner un b\u00e9b\u00e9 au moment du passage au biberon.","og_url":"https:\/\/www.lactissima.com\/a-tire-d-ailes\/reflexe-nauseeux-et-tetine-de-biberon\/","og_site_name":"A tire d&#039;Ailes","article_publisher":"https:\/\/www.facebook.com\/consultante.en.lactation","article_author":"www.facebook.com\/consultante.en.lactation","article_published_time":"2017-11-16T11:17:24+00:00","og_image":[{"width":224,"height":224,"url":"https:\/\/www.lactissima.com\/a-tire-d-ailes\/wp-content\/uploads\/2017\/11\/t\u00e9tine-mam.jpg","type":"image\/jpeg"}],"author":"V\u00e9ronique Darmangeat","twitter_card":"summary_large_image","twitter_creator":"@VeroniqueIBCLC","twitter_site":"@VeroniqueIBCLC","twitter_misc":{"\u00c9crit par":"V\u00e9ronique Darmangeat","Dur\u00e9e de lecture estim\u00e9e":"2 minutes"},"schema":{"@context":"https:\/\/schema.org","@graph":[{"@type":"Article","@id":"https:\/\/www.lactissima.com\/a-tire-d-ailes\/reflexe-nauseeux-et-tetine-de-biberon\/#article","isPartOf":{"@id":"https:\/\/www.lactissima.com\/a-tire-d-ailes\/reflexe-nauseeux-et-tetine-de-biberon\/"},"author":{"name":"V\u00e9ronique Darmangeat","@id":"https:\/\/www.lactissima.com\/a-tire-d-ailes\/#\/schema\/person\/8f98d3a89530861bc1240e6d53d44eed"},"headline":"R\u00e9flexe naus\u00e9eux et t\u00e9tine de biberon","datePublished":"2017-11-16T11:17:24+00:00","mainEntityOfPage":{"@id":"https:\/\/www.lactissima.com\/a-tire-d-ailes\/reflexe-nauseeux-et-tetine-de-biberon\/"},"wordCount":505,"commentCount":31,"image":{"@id":"https:\/\/www.lactissima.com\/a-tire-d-ailes\/reflexe-nauseeux-et-tetine-de-biberon\/#primaryimage"},"thumbnailUrl":"https:\/\/www.lactissima.com\/a-tire-d-ailes\/wp-content\/uploads\/2017\/11\/t\u00e9tine-mam.jpg","articleSection":["Passage au biberon"],"inLanguage":"fr-FR","potentialAction":[{"@type":"CommentAction","name":"Comment","target":["https:\/\/www.lactissima.com\/a-tire-d-ailes\/reflexe-nauseeux-et-tetine-de-biberon\/#respond"]}]},{"@type":"WebPage","@id":"https:\/\/www.lactissima.com\/a-tire-d-ailes\/reflexe-nauseeux-et-tetine-de-biberon\/","url":"https:\/\/www.lactissima.com\/a-tire-d-ailes\/reflexe-nauseeux-et-tetine-de-biberon\/","name":"R\u00e9flexe naus\u00e9eux et t\u00e9tine de biberon","isPartOf":{"@id":"https:\/\/www.lactissima.com\/a-tire-d-ailes\/#website"},"primaryImageOfPage":{"@id":"https:\/\/www.lactissima.com\/a-tire-d-ailes\/reflexe-nauseeux-et-tetine-de-biberon\/#primaryimage"},"image":{"@id":"https:\/\/www.lactissima.com\/a-tire-d-ailes\/reflexe-nauseeux-et-tetine-de-biberon\/#primaryimage"},"thumbnailUrl":"https:\/\/www.lactissima.com\/a-tire-d-ailes\/wp-content\/uploads\/2017\/11\/t\u00e9tine-mam.jpg","datePublished":"2017-11-16T11:17:24+00:00","author":{"@id":"https:\/\/www.lactissima.com\/a-tire-d-ailes\/#\/schema\/person\/8f98d3a89530861bc1240e6d53d44eed"},"description":"Un r\u00e9flexe naus\u00e9eux hyperactif peut g\u00eaner un b\u00e9b\u00e9 au moment du passage au biberon.","breadcrumb":{"@id":"https:\/\/www.lactissima.com\/a-tire-d-ailes\/reflexe-nauseeux-et-tetine-de-biberon\/#breadcrumb"},"inLanguage":"fr-FR","potentialAction":[{"@type":"ReadAction","target":["https:\/\/www.lactissima.com\/a-tire-d-ailes\/reflexe-nauseeux-et-tetine-de-biberon\/"]}]},{"@type":"ImageObject","inLanguage":"fr-FR","@id":"https:\/\/www.lactissima.com\/a-tire-d-ailes\/reflexe-nauseeux-et-tetine-de-biberon\/#primaryimage","url":"https:\/\/www.lactissima.com\/a-tire-d-ailes\/wp-content\/uploads\/2017\/11\/t\u00e9tine-mam.jpg","contentUrl":"https:\/\/www.lactissima.com\/a-tire-d-ailes\/wp-content\/uploads\/2017\/11\/t\u00e9tine-mam.jpg","width":224,"height":224},{"@type":"BreadcrumbList","@id":"https:\/\/www.lactissima.com\/a-tire-d-ailes\/reflexe-nauseeux-et-tetine-de-biberon\/#breadcrumb","itemListElement":[{"@type":"ListItem","position":1,"name":"Accueil","item":"https:\/\/www.lactissima.com\/a-tire-d-ailes\/"},{"@type":"ListItem","position":2,"name":"R\u00e9flexe naus\u00e9eux et t\u00e9tine de biberon"}]},{"@type":"WebSite","@id":"https:\/\/www.lactissima.com\/a-tire-d-ailes\/#website","url":"https:\/\/www.lactissima.com\/a-tire-d-ailes\/","name":"A tire d&#039;Ailes","description":"Le blog des femmes qui allaitent et travaillent.","potentialAction":[{"@type":"SearchAction","target":{"@type":"EntryPoint","urlTemplate":"https:\/\/www.lactissima.com\/a-tire-d-ailes\/?s={search_term_string}"},"query-input":{"@type":"PropertyValueSpecification","valueRequired":true,"valueName":"search_term_string"}}],"inLanguage":"fr-FR"},{"@type":"Person","@id":"https:\/\/www.lactissima.com\/a-tire-d-ailes\/#\/schema\/person\/8f98d3a89530861bc1240e6d53d44eed","name":"V\u00e9ronique Darmangeat","image":{"@type":"ImageObject","inLanguage":"fr-FR","@id":"https:\/\/secure.gravatar.com\/avatar\/268c99344c89cebfe4f5df5fa8be43068a18884fc76a29f3206fae98465b9cab?s=96&d=identicon&r=g","url":"https:\/\/secure.gravatar.com\/avatar\/268c99344c89cebfe4f5df5fa8be43068a18884fc76a29f3206fae98465b9cab?s=96&d=identicon&r=g","contentUrl":"https:\/\/secure.gravatar.com\/avatar\/268c99344c89cebfe4f5df5fa8be43068a18884fc76a29f3206fae98465b9cab?s=96&d=identicon&r=g","caption":"V\u00e9ronique Darmangeat"},"sameAs":["https:\/\/www.lactissima.com\/a-tire-d-ailes","www.facebook.com\/consultante.en.lactation"]}]}},"_links":{"self":[{"href":"https:\/\/www.lactissima.com\/a-tire-d-ailes\/wp-json\/wp\/v2\/posts\/7414","targetHints":{"allow":["GET"]}}],"collection":[{"href":"https:\/\/www.lactissima.com\/a-tire-d-ailes\/wp-json\/wp\/v2\/posts"}],"about":[{"href":"https:\/\/www.lactissima.com\/a-tire-d-ailes\/wp-json\/wp\/v2\/types\/post"}],"author":[{"embeddable":true,"href":"https:\/\/www.lactissima.com\/a-tire-d-ailes\/wp-json\/wp\/v2\/users\/170"}],"replies":[{"embeddable":true,"href":"https:\/\/www.lactissima.com\/a-tire-d-ailes\/wp-json\/wp\/v2\/comments?post=7414"}],"version-history":[{"count":3,"href":"https:\/\/www.lactissima.com\/a-tire-d-ailes\/wp-json\/wp\/v2\/posts\/7414\/revisions"}],"predecessor-version":[{"id":9705,"href":"https:\/\/www.lactissima.com\/a-tire-d-ailes\/wp-json\/wp\/v2\/posts\/7414\/revisions\/9705"}],"wp:featuredmedia":[{"embeddable":true,"href":"https:\/\/www.lactissima.com\/a-tire-d-ailes\/wp-json\/wp\/v2\/media\/7416"}],"wp:attachment":[{"href":"https:\/\/www.lactissima.com\/a-tire-d-ailes\/wp-json\/wp\/v2\/media?parent=7414"}],"wp:term":[{"taxonomy":"category","embeddable":true,"href":"https:\/\/www.lactissima.com\/a-tire-d-ailes\/wp-json\/wp\/v2\/categories?post=7414"},{"taxonomy":"post_tag","embeddable":true,"href":"https:\/\/www.lactissima.com\/a-tire-d-ailes\/wp-json\/wp\/v2\/tags?post=7414"}],"curies":[{"name":"wp","href":"https:\/\/api.w.org\/{rel}","templated":true}]}}