{"id":7384,"date":"2017-10-26T11:12:06","date_gmt":"2017-10-26T09:12:06","guid":{"rendered":"https:\/\/www.lactissima.com\/a-tire-d-ailes\/?p=7384"},"modified":"2025-03-14T11:07:03","modified_gmt":"2025-03-14T10:07:03","slug":"la-revue-de-presse-da-tire-dailes-77","status":"publish","type":"post","link":"https:\/\/www.lactissima.com\/a-tire-d-ailes\/la-revue-de-presse-da-tire-dailes-77\/","title":{"rendered":"La revue de presse d\u2019A tire d\u2019Ailes (77)"},"content":{"rendered":"<p style=\"text-align: justify;\"><img loading=\"lazy\" decoding=\"async\" class=\"alignright size-full wp-image-3670\" src=\"https:\/\/www.lactissima.com\/a-tire-d-ailes\/wp-content\/uploads\/journal1.jpg\" alt=\"revues de presse allaitement\" width=\"231\" height=\"300\" \/>Voici l\u2019<strong>actualit\u00e9<\/strong>\u00a0que j\u2019ai rep\u00e9r\u00e9e pour vous depuis un mois :<\/p>\n<p style=\"text-align: justify;\">&#8211; Une <strong><a href=\"http:\/\/www.allaiteraparis.fr\/medias\/specialiste-allaitement\/\" target=\"_blank\" rel=\"noopener\">\u00e9mission radio<\/a><\/strong> d&rsquo;une heure et demie sur l&rsquo;allaitement, par l&rsquo;\u00e9quipe du Centre allaitement V\u00e9ronique Darmangeat.<\/p>\n<p style=\"text-align: justify;\">&#8211; Des <strong>\u00e9tudes<\/strong> :<\/p>\n<ul style=\"text-align: justify;\">\n<li>L&rsquo;allaitement maternel et la <a href=\"https:\/\/www.ncbi.nlm.nih.gov\/pubmed\/28966441\" target=\"_blank\" rel=\"noopener\">personnalit\u00e9<\/a> adulte.<\/li>\n<li><a href=\"https:\/\/www.santelog.com\/actualites\/prematurite-le-lait-maternel-tout-y-gagner\" target=\"_blank\" rel=\"noopener\">Pr\u00e9maturit\u00e9<\/a> : Le lait maternel, tout \u00e0 y gagner !<\/li>\n<\/ul>\n<p style=\"text-align: justify;\">&#8211; Des <strong>articles<\/strong> :<\/p>\n<ul style=\"text-align: justify;\">\n<li>Comment les pratiques autour de la naissance affectent l&rsquo;allaitement.<\/li>\n<li>Un peu d&rsquo;histoire sur allaitement et travail.<\/li>\n<li>Les <a href=\"http:\/\/www.ladepeche.fr\/article\/2017\/10\/16\/2666456-les-conflits-d-interet-un-obstacle-a-l-allaitement.html\" target=\"_blank\" rel=\"noopener\">conflits d\u2019int\u00e9r\u00eat<\/a>, un obstacle \u00e0 l\u2019allaitement.<\/li>\n<li>V\u00e9rit\u00e9s ou id\u00e9es re\u00e7ues ? L\u2019<a href=\"http:\/\/www.lavoixdunord.fr\/248126\/article\/2017-10-18\/verites-ou-idees-recues-l-allaitement-maternel-en-onze-reponses\" target=\"_blank\" rel=\"noopener\">allaitement<\/a> maternel en onze r\u00e9ponses.<\/li>\n<li>Allaitement et contraception.<\/li>\n<li>Allaiter un b\u00e9b\u00e9 change la <a href=\"https:\/\/www.washingtonpost.com\/national\/health-science\/does-breast-feeding-really-decrease-my-cancer-risk\/2017\/10\/12\/deffbf4c-a3ab-11e7-b14f-f41773cd5a14_story.html?utm_term=.5eae6b4c3583\" target=\"_blank\" rel=\"noopener\">structure<\/a> des seins.<\/li>\n<li>Le lait tir\u00e9 par cette maman est devenu <a href=\"http:\/\/www.huffingtonpost.fr\/2017\/10\/25\/le-lait-tire-par-cette-maman-est-devenu-jaune-et-cest-tout-a-fait-normal_a_23255410\/?utm_hp_ref=fr-cest-la-vie&amp;ncid=fcbklnkfrhpmg00000002\" target=\"_blank\" rel=\"noopener\">jaune<\/a>, et c&rsquo;est tout \u00e0 fait normal.<\/li>\n<\/ul>\n<p style=\"text-align: justify;\">&#8211; Le nouveau <strong>rapport<\/strong> sur l&rsquo;Enqu\u00eate Nationale P\u00e9rinatale de 2016 fait \u00e9tat d&rsquo;une baisse de mani\u00e8re importante des taux d&rsquo;allaitement entre 2010 et 2016, passant de 60,3 % \u00e0 52,2 %.<\/p>\n<p style=\"text-align: justify;\">&#8211; Une <strong><a href=\"https:\/\/www.facebook.com\/www.ameda.fr\/videos\/1427153577321643\/\" target=\"_blank\" rel=\"noopener\">vid\u00e9o<\/a><\/strong> pour savoir si vous avez la bonne taille de t\u00e9terelle de tire-lait !<\/p>\n<p style=\"text-align: justify;\">&#8211; Des <strong>images<\/strong> :<\/p>\n<ul style=\"text-align: justify;\">\n<li>Un joli <a href=\"https:\/\/apprendreavoir.files.wordpress.com\/2017\/10\/allaitement-dans-art.pdf\" target=\"_blank\" rel=\"noopener\">diaporama<\/a>, malheureusement sans aucune r\u00e9f\u00e9rence.<\/li>\n<li>Comment d\u00e9mocratiser l&rsquo;allaitement !<\/li>\n<\/ul>\n<p style=\"text-align: justify;\"><img loading=\"lazy\" decoding=\"async\" class=\"aligncenter wp-image-7385 size-full\" src=\"https:\/\/www.lactissima.com\/a-tire-d-ailes\/wp-content\/uploads\/2017\/10\/disney.jpg\" alt=\"\" width=\"307\" height=\"380\" srcset=\"https:\/\/www.lactissima.com\/a-tire-d-ailes\/wp-content\/uploads\/2017\/10\/disney.jpg 307w, https:\/\/www.lactissima.com\/a-tire-d-ailes\/wp-content\/uploads\/2017\/10\/disney-242x300.jpg 242w\" sizes=\"(max-width: 307px) 100vw, 307px\" \/><\/p>\n<p style=\"text-align: justify;\"><strong>Rappel<\/strong>\u00a0: vous pouvez traduire toutes les publications en anglais gr\u00e2ce \u00e0 Google et donc les lire \u00e0 peu pr\u00e8s correctement en fran\u00e7ais !<\/p>\n<p style=\"text-align: justify;\">Bonne\u00a0<strong>lecture<\/strong>\u00a0! Et surtout, n\u2019h\u00e9sitez pas \u00e0 nous faire\u00a0<strong>partager<\/strong>\u00a0vos d\u00e9couvertes<\/p>\n<p style=\"text-align: justify;\"><strong>Articles en rapport :<\/strong><\/p>\n<p style=\"text-align: justify;\">Voir l\u2019onglet\u00a0<a title=\"Revues de presse\" href=\"https:\/\/www.lactissima.com\/a-tire-d-ailes\/revues-de-presse\/\" target=\"_blank\" rel=\"noopener noreferrer\">Revues de presse<\/a>.<\/p>\n<p>&nbsp;<\/p>\n<div class='et-box et-shadow'>\n\t\t\t\t\t<div class='et-box-content'>Lire des articles ou poser des questions en commentaire ne suffit pas \u00e0 r\u00e9soudre votre probl\u00e8me ?\nSavez-vous que vous pouvez prendre RDV pour une consultation avec moi ?\nN&rsquo;h\u00e9sitez pas \u00e0 me contacter !<\/div><\/div>\n","protected":false},"excerpt":{"rendered":"<p>Voici l\u2019actualit\u00e9\u00a0que j\u2019ai rep\u00e9r\u00e9e pour vous depuis un mois : &#8211; Une \u00e9mission radio d&rsquo;une heure et demie sur l&rsquo;allaitement, par l&rsquo;\u00e9quipe du Centre allaitement V\u00e9ronique Darmangeat. &#8211; Des \u00e9tudes : L&rsquo;allaitement maternel et la personnalit\u00e9 adulte. Pr\u00e9maturit\u00e9 : Le lait maternel, tout \u00e0 y gagner ! &#8211; Des articles : Comment les pratiques autour [&hellip;]<\/p>\n","protected":false},"author":170,"featured_media":3670,"comment_status":"open","ping_status":"open","sticky":false,"template":"","format":"standard","meta":{"_et_pb_use_builder":"","_et_pb_old_content":"","_et_gb_content_width":"","footnotes":""},"categories":[242],"tags":[],"class_list":["post-7384","post","type-post","status-publish","format-standard","has-post-thumbnail","hentry","category-revue-de-presse"],"yoast_head":"<!-- This site is optimized with the Yoast SEO plugin v27.4 - https:\/\/yoast.com\/product\/yoast-seo-wordpress\/ -->\n<title>La revue de presse d\u2019A tire d\u2019Ailes (77)<\/title>\n<meta name=\"description\" content=\"Une revue de presse dans laquelle s&#039;invitent les h\u00e9ro\u00efnes de Disney.\" \/>\n<meta name=\"robots\" content=\"index, follow, max-snippet:-1, max-image-preview:large, max-video-preview:-1\" \/>\n<link rel=\"canonical\" href=\"https:\/\/www.lactissima.com\/a-tire-d-ailes\/la-revue-de-presse-da-tire-dailes-77\/\" \/>\n<meta property=\"og:locale\" content=\"fr_FR\" \/>\n<meta property=\"og:type\" content=\"article\" \/>\n<meta property=\"og:title\" content=\"La revue de presse d\u2019A tire d\u2019Ailes (77)\" \/>\n<meta property=\"og:description\" content=\"Une revue de presse dans laquelle s&#039;invitent les h\u00e9ro\u00efnes de Disney.\" \/>\n<meta property=\"og:url\" content=\"https:\/\/www.lactissima.com\/a-tire-d-ailes\/la-revue-de-presse-da-tire-dailes-77\/\" \/>\n<meta property=\"og:site_name\" content=\"A tire d&#039;Ailes\" \/>\n<meta property=\"article:publisher\" content=\"https:\/\/www.facebook.com\/consultante.en.lactation\" \/>\n<meta property=\"article:author\" content=\"www.facebook.com\/consultante.en.lactation\" \/>\n<meta property=\"article:published_time\" content=\"2017-10-26T09:12:06+00:00\" \/>\n<meta property=\"article:modified_time\" content=\"2025-03-14T10:07:03+00:00\" \/>\n<meta property=\"og:image\" content=\"https:\/\/www.lactissima.com\/a-tire-d-ailes\/wp-content\/uploads\/journal1.jpg\" \/>\n\t<meta property=\"og:image:width\" content=\"231\" \/>\n\t<meta property=\"og:image:height\" content=\"300\" \/>\n\t<meta property=\"og:image:type\" content=\"image\/jpeg\" \/>\n<meta name=\"author\" content=\"V\u00e9ronique Darmangeat\" \/>\n<meta name=\"twitter:card\" content=\"summary_large_image\" \/>\n<meta name=\"twitter:creator\" content=\"@VeroniqueIBCLC\" \/>\n<meta name=\"twitter:site\" content=\"@VeroniqueIBCLC\" \/>\n<meta name=\"twitter:label1\" content=\"\u00c9crit par\" \/>\n\t<meta name=\"twitter:data1\" content=\"V\u00e9ronique Darmangeat\" \/>\n\t<meta name=\"twitter:label2\" content=\"Dur\u00e9e de lecture estim\u00e9e\" \/>\n\t<meta name=\"twitter:data2\" content=\"1 minute\" \/>\n<script type=\"application\/ld+json\" class=\"yoast-schema-graph\">{\"@context\":\"https:\\\/\\\/schema.org\",\"@graph\":[{\"@type\":\"Article\",\"@id\":\"https:\\\/\\\/www.lactissima.com\\\/a-tire-d-ailes\\\/la-revue-de-presse-da-tire-dailes-77\\\/#article\",\"isPartOf\":{\"@id\":\"https:\\\/\\\/www.lactissima.com\\\/a-tire-d-ailes\\\/la-revue-de-presse-da-tire-dailes-77\\\/\"},\"author\":{\"name\":\"V\u00e9ronique Darmangeat\",\"@id\":\"https:\\\/\\\/www.lactissima.com\\\/a-tire-d-ailes\\\/#\\\/schema\\\/person\\\/8f98d3a89530861bc1240e6d53d44eed\"},\"headline\":\"La revue de presse d\u2019A tire d\u2019Ailes (77)\",\"datePublished\":\"2017-10-26T09:12:06+00:00\",\"dateModified\":\"2025-03-14T10:07:03+00:00\",\"mainEntityOfPage\":{\"@id\":\"https:\\\/\\\/www.lactissima.com\\\/a-tire-d-ailes\\\/la-revue-de-presse-da-tire-dailes-77\\\/\"},\"wordCount\":281,\"commentCount\":1,\"image\":{\"@id\":\"https:\\\/\\\/www.lactissima.com\\\/a-tire-d-ailes\\\/la-revue-de-presse-da-tire-dailes-77\\\/#primaryimage\"},\"thumbnailUrl\":\"https:\\\/\\\/www.lactissima.com\\\/a-tire-d-ailes\\\/wp-content\\\/uploads\\\/journal1.jpg\",\"articleSection\":[\"Revue de presse\"],\"inLanguage\":\"fr-FR\",\"potentialAction\":[{\"@type\":\"CommentAction\",\"name\":\"Comment\",\"target\":[\"https:\\\/\\\/www.lactissima.com\\\/a-tire-d-ailes\\\/la-revue-de-presse-da-tire-dailes-77\\\/#respond\"]}]},{\"@type\":\"WebPage\",\"@id\":\"https:\\\/\\\/www.lactissima.com\\\/a-tire-d-ailes\\\/la-revue-de-presse-da-tire-dailes-77\\\/\",\"url\":\"https:\\\/\\\/www.lactissima.com\\\/a-tire-d-ailes\\\/la-revue-de-presse-da-tire-dailes-77\\\/\",\"name\":\"La revue de presse d\u2019A tire d\u2019Ailes (77)\",\"isPartOf\":{\"@id\":\"https:\\\/\\\/www.lactissima.com\\\/a-tire-d-ailes\\\/#website\"},\"primaryImageOfPage\":{\"@id\":\"https:\\\/\\\/www.lactissima.com\\\/a-tire-d-ailes\\\/la-revue-de-presse-da-tire-dailes-77\\\/#primaryimage\"},\"image\":{\"@id\":\"https:\\\/\\\/www.lactissima.com\\\/a-tire-d-ailes\\\/la-revue-de-presse-da-tire-dailes-77\\\/#primaryimage\"},\"thumbnailUrl\":\"https:\\\/\\\/www.lactissima.com\\\/a-tire-d-ailes\\\/wp-content\\\/uploads\\\/journal1.jpg\",\"datePublished\":\"2017-10-26T09:12:06+00:00\",\"dateModified\":\"2025-03-14T10:07:03+00:00\",\"author\":{\"@id\":\"https:\\\/\\\/www.lactissima.com\\\/a-tire-d-ailes\\\/#\\\/schema\\\/person\\\/8f98d3a89530861bc1240e6d53d44eed\"},\"description\":\"Une revue de presse dans laquelle s'invitent les h\u00e9ro\u00efnes de Disney.\",\"breadcrumb\":{\"@id\":\"https:\\\/\\\/www.lactissima.com\\\/a-tire-d-ailes\\\/la-revue-de-presse-da-tire-dailes-77\\\/#breadcrumb\"},\"inLanguage\":\"fr-FR\",\"potentialAction\":[{\"@type\":\"ReadAction\",\"target\":[\"https:\\\/\\\/www.lactissima.com\\\/a-tire-d-ailes\\\/la-revue-de-presse-da-tire-dailes-77\\\/\"]}]},{\"@type\":\"ImageObject\",\"inLanguage\":\"fr-FR\",\"@id\":\"https:\\\/\\\/www.lactissima.com\\\/a-tire-d-ailes\\\/la-revue-de-presse-da-tire-dailes-77\\\/#primaryimage\",\"url\":\"https:\\\/\\\/www.lactissima.com\\\/a-tire-d-ailes\\\/wp-content\\\/uploads\\\/journal1.jpg\",\"contentUrl\":\"https:\\\/\\\/www.lactissima.com\\\/a-tire-d-ailes\\\/wp-content\\\/uploads\\\/journal1.jpg\",\"width\":\"231\",\"height\":\"300\",\"caption\":\"revues de presse allaitement\"},{\"@type\":\"BreadcrumbList\",\"@id\":\"https:\\\/\\\/www.lactissima.com\\\/a-tire-d-ailes\\\/la-revue-de-presse-da-tire-dailes-77\\\/#breadcrumb\",\"itemListElement\":[{\"@type\":\"ListItem\",\"position\":1,\"name\":\"Accueil\",\"item\":\"https:\\\/\\\/www.lactissima.com\\\/a-tire-d-ailes\\\/\"},{\"@type\":\"ListItem\",\"position\":2,\"name\":\"La revue de presse d\u2019A tire d\u2019Ailes (77)\"}]},{\"@type\":\"WebSite\",\"@id\":\"https:\\\/\\\/www.lactissima.com\\\/a-tire-d-ailes\\\/#website\",\"url\":\"https:\\\/\\\/www.lactissima.com\\\/a-tire-d-ailes\\\/\",\"name\":\"A tire d&#039;Ailes\",\"description\":\"Le blog des femmes qui allaitent et travaillent.\",\"potentialAction\":[{\"@type\":\"SearchAction\",\"target\":{\"@type\":\"EntryPoint\",\"urlTemplate\":\"https:\\\/\\\/www.lactissima.com\\\/a-tire-d-ailes\\\/?s={search_term_string}\"},\"query-input\":{\"@type\":\"PropertyValueSpecification\",\"valueRequired\":true,\"valueName\":\"search_term_string\"}}],\"inLanguage\":\"fr-FR\"},{\"@type\":\"Person\",\"@id\":\"https:\\\/\\\/www.lactissima.com\\\/a-tire-d-ailes\\\/#\\\/schema\\\/person\\\/8f98d3a89530861bc1240e6d53d44eed\",\"name\":\"V\u00e9ronique Darmangeat\",\"image\":{\"@type\":\"ImageObject\",\"inLanguage\":\"fr-FR\",\"@id\":\"https:\\\/\\\/secure.gravatar.com\\\/avatar\\\/268c99344c89cebfe4f5df5fa8be43068a18884fc76a29f3206fae98465b9cab?s=96&d=identicon&r=g\",\"url\":\"https:\\\/\\\/secure.gravatar.com\\\/avatar\\\/268c99344c89cebfe4f5df5fa8be43068a18884fc76a29f3206fae98465b9cab?s=96&d=identicon&r=g\",\"contentUrl\":\"https:\\\/\\\/secure.gravatar.com\\\/avatar\\\/268c99344c89cebfe4f5df5fa8be43068a18884fc76a29f3206fae98465b9cab?s=96&d=identicon&r=g\",\"caption\":\"V\u00e9ronique Darmangeat\"},\"sameAs\":[\"https:\\\/\\\/www.lactissima.com\\\/a-tire-d-ailes\",\"www.facebook.com\\\/consultante.en.lactation\"]}]}<\/script>\n<!-- \/ Yoast SEO plugin. -->","yoast_head_json":{"title":"La revue de presse d\u2019A tire d\u2019Ailes (77)","description":"Une revue de presse dans laquelle s'invitent les h\u00e9ro\u00efnes de Disney.","robots":{"index":"index","follow":"follow","max-snippet":"max-snippet:-1","max-image-preview":"max-image-preview:large","max-video-preview":"max-video-preview:-1"},"canonical":"https:\/\/www.lactissima.com\/a-tire-d-ailes\/la-revue-de-presse-da-tire-dailes-77\/","og_locale":"fr_FR","og_type":"article","og_title":"La revue de presse d\u2019A tire d\u2019Ailes (77)","og_description":"Une revue de presse dans laquelle s'invitent les h\u00e9ro\u00efnes de Disney.","og_url":"https:\/\/www.lactissima.com\/a-tire-d-ailes\/la-revue-de-presse-da-tire-dailes-77\/","og_site_name":"A tire d&#039;Ailes","article_publisher":"https:\/\/www.facebook.com\/consultante.en.lactation","article_author":"www.facebook.com\/consultante.en.lactation","article_published_time":"2017-10-26T09:12:06+00:00","article_modified_time":"2025-03-14T10:07:03+00:00","og_image":[{"width":231,"height":300,"url":"https:\/\/www.lactissima.com\/a-tire-d-ailes\/wp-content\/uploads\/journal1.jpg","type":"image\/jpeg"}],"author":"V\u00e9ronique Darmangeat","twitter_card":"summary_large_image","twitter_creator":"@VeroniqueIBCLC","twitter_site":"@VeroniqueIBCLC","twitter_misc":{"\u00c9crit par":"V\u00e9ronique Darmangeat","Dur\u00e9e de lecture estim\u00e9e":"1 minute"},"schema":{"@context":"https:\/\/schema.org","@graph":[{"@type":"Article","@id":"https:\/\/www.lactissima.com\/a-tire-d-ailes\/la-revue-de-presse-da-tire-dailes-77\/#article","isPartOf":{"@id":"https:\/\/www.lactissima.com\/a-tire-d-ailes\/la-revue-de-presse-da-tire-dailes-77\/"},"author":{"name":"V\u00e9ronique Darmangeat","@id":"https:\/\/www.lactissima.com\/a-tire-d-ailes\/#\/schema\/person\/8f98d3a89530861bc1240e6d53d44eed"},"headline":"La revue de presse d\u2019A tire d\u2019Ailes (77)","datePublished":"2017-10-26T09:12:06+00:00","dateModified":"2025-03-14T10:07:03+00:00","mainEntityOfPage":{"@id":"https:\/\/www.lactissima.com\/a-tire-d-ailes\/la-revue-de-presse-da-tire-dailes-77\/"},"wordCount":281,"commentCount":1,"image":{"@id":"https:\/\/www.lactissima.com\/a-tire-d-ailes\/la-revue-de-presse-da-tire-dailes-77\/#primaryimage"},"thumbnailUrl":"https:\/\/www.lactissima.com\/a-tire-d-ailes\/wp-content\/uploads\/journal1.jpg","articleSection":["Revue de presse"],"inLanguage":"fr-FR","potentialAction":[{"@type":"CommentAction","name":"Comment","target":["https:\/\/www.lactissima.com\/a-tire-d-ailes\/la-revue-de-presse-da-tire-dailes-77\/#respond"]}]},{"@type":"WebPage","@id":"https:\/\/www.lactissima.com\/a-tire-d-ailes\/la-revue-de-presse-da-tire-dailes-77\/","url":"https:\/\/www.lactissima.com\/a-tire-d-ailes\/la-revue-de-presse-da-tire-dailes-77\/","name":"La revue de presse d\u2019A tire d\u2019Ailes (77)","isPartOf":{"@id":"https:\/\/www.lactissima.com\/a-tire-d-ailes\/#website"},"primaryImageOfPage":{"@id":"https:\/\/www.lactissima.com\/a-tire-d-ailes\/la-revue-de-presse-da-tire-dailes-77\/#primaryimage"},"image":{"@id":"https:\/\/www.lactissima.com\/a-tire-d-ailes\/la-revue-de-presse-da-tire-dailes-77\/#primaryimage"},"thumbnailUrl":"https:\/\/www.lactissima.com\/a-tire-d-ailes\/wp-content\/uploads\/journal1.jpg","datePublished":"2017-10-26T09:12:06+00:00","dateModified":"2025-03-14T10:07:03+00:00","author":{"@id":"https:\/\/www.lactissima.com\/a-tire-d-ailes\/#\/schema\/person\/8f98d3a89530861bc1240e6d53d44eed"},"description":"Une revue de presse dans laquelle s'invitent les h\u00e9ro\u00efnes de Disney.","breadcrumb":{"@id":"https:\/\/www.lactissima.com\/a-tire-d-ailes\/la-revue-de-presse-da-tire-dailes-77\/#breadcrumb"},"inLanguage":"fr-FR","potentialAction":[{"@type":"ReadAction","target":["https:\/\/www.lactissima.com\/a-tire-d-ailes\/la-revue-de-presse-da-tire-dailes-77\/"]}]},{"@type":"ImageObject","inLanguage":"fr-FR","@id":"https:\/\/www.lactissima.com\/a-tire-d-ailes\/la-revue-de-presse-da-tire-dailes-77\/#primaryimage","url":"https:\/\/www.lactissima.com\/a-tire-d-ailes\/wp-content\/uploads\/journal1.jpg","contentUrl":"https:\/\/www.lactissima.com\/a-tire-d-ailes\/wp-content\/uploads\/journal1.jpg","width":"231","height":"300","caption":"revues de presse allaitement"},{"@type":"BreadcrumbList","@id":"https:\/\/www.lactissima.com\/a-tire-d-ailes\/la-revue-de-presse-da-tire-dailes-77\/#breadcrumb","itemListElement":[{"@type":"ListItem","position":1,"name":"Accueil","item":"https:\/\/www.lactissima.com\/a-tire-d-ailes\/"},{"@type":"ListItem","position":2,"name":"La revue de presse d\u2019A tire d\u2019Ailes (77)"}]},{"@type":"WebSite","@id":"https:\/\/www.lactissima.com\/a-tire-d-ailes\/#website","url":"https:\/\/www.lactissima.com\/a-tire-d-ailes\/","name":"A tire d&#039;Ailes","description":"Le blog des femmes qui allaitent et travaillent.","potentialAction":[{"@type":"SearchAction","target":{"@type":"EntryPoint","urlTemplate":"https:\/\/www.lactissima.com\/a-tire-d-ailes\/?s={search_term_string}"},"query-input":{"@type":"PropertyValueSpecification","valueRequired":true,"valueName":"search_term_string"}}],"inLanguage":"fr-FR"},{"@type":"Person","@id":"https:\/\/www.lactissima.com\/a-tire-d-ailes\/#\/schema\/person\/8f98d3a89530861bc1240e6d53d44eed","name":"V\u00e9ronique Darmangeat","image":{"@type":"ImageObject","inLanguage":"fr-FR","@id":"https:\/\/secure.gravatar.com\/avatar\/268c99344c89cebfe4f5df5fa8be43068a18884fc76a29f3206fae98465b9cab?s=96&d=identicon&r=g","url":"https:\/\/secure.gravatar.com\/avatar\/268c99344c89cebfe4f5df5fa8be43068a18884fc76a29f3206fae98465b9cab?s=96&d=identicon&r=g","contentUrl":"https:\/\/secure.gravatar.com\/avatar\/268c99344c89cebfe4f5df5fa8be43068a18884fc76a29f3206fae98465b9cab?s=96&d=identicon&r=g","caption":"V\u00e9ronique Darmangeat"},"sameAs":["https:\/\/www.lactissima.com\/a-tire-d-ailes","www.facebook.com\/consultante.en.lactation"]}]}},"_links":{"self":[{"href":"https:\/\/www.lactissima.com\/a-tire-d-ailes\/wp-json\/wp\/v2\/posts\/7384","targetHints":{"allow":["GET"]}}],"collection":[{"href":"https:\/\/www.lactissima.com\/a-tire-d-ailes\/wp-json\/wp\/v2\/posts"}],"about":[{"href":"https:\/\/www.lactissima.com\/a-tire-d-ailes\/wp-json\/wp\/v2\/types\/post"}],"author":[{"embeddable":true,"href":"https:\/\/www.lactissima.com\/a-tire-d-ailes\/wp-json\/wp\/v2\/users\/170"}],"replies":[{"embeddable":true,"href":"https:\/\/www.lactissima.com\/a-tire-d-ailes\/wp-json\/wp\/v2\/comments?post=7384"}],"version-history":[{"count":10,"href":"https:\/\/www.lactissima.com\/a-tire-d-ailes\/wp-json\/wp\/v2\/posts\/7384\/revisions"}],"predecessor-version":[{"id":9665,"href":"https:\/\/www.lactissima.com\/a-tire-d-ailes\/wp-json\/wp\/v2\/posts\/7384\/revisions\/9665"}],"wp:featuredmedia":[{"embeddable":true,"href":"https:\/\/www.lactissima.com\/a-tire-d-ailes\/wp-json\/wp\/v2\/media\/3670"}],"wp:attachment":[{"href":"https:\/\/www.lactissima.com\/a-tire-d-ailes\/wp-json\/wp\/v2\/media?parent=7384"}],"wp:term":[{"taxonomy":"category","embeddable":true,"href":"https:\/\/www.lactissima.com\/a-tire-d-ailes\/wp-json\/wp\/v2\/categories?post=7384"},{"taxonomy":"post_tag","embeddable":true,"href":"https:\/\/www.lactissima.com\/a-tire-d-ailes\/wp-json\/wp\/v2\/tags?post=7384"}],"curies":[{"name":"wp","href":"https:\/\/api.w.org\/{rel}","templated":true}]}}