{"id":7368,"date":"2017-10-12T11:21:41","date_gmt":"2017-10-12T09:21:41","guid":{"rendered":"https:\/\/www.lactissima.com\/a-tire-d-ailes\/?p=7368"},"modified":"2017-10-12T11:21:41","modified_gmt":"2017-10-12T09:21:41","slug":"allaiter-travailler-temoignage-de-virginie-3","status":"publish","type":"post","link":"https:\/\/www.lactissima.com\/a-tire-d-ailes\/allaiter-travailler-temoignage-de-virginie-3\/","title":{"rendered":"Allaiter et travailler : le t\u00e9moignage de Virginie"},"content":{"rendered":"<ul>\n<li style=\"text-align: justify;\"><strong><img loading=\"lazy\" decoding=\"async\" class=\"alignright size-full wp-image-7369\" src=\"https:\/\/www.lactissima.com\/a-tire-d-ailes\/wp-content\/uploads\/2017\/10\/Virginie2.jpg\" alt=\"allaiter et travailler\" width=\"416\" height=\"234\" srcset=\"https:\/\/www.lactissima.com\/a-tire-d-ailes\/wp-content\/uploads\/2017\/10\/Virginie2.jpg 416w, https:\/\/www.lactissima.com\/a-tire-d-ailes\/wp-content\/uploads\/2017\/10\/Virginie2-300x169.jpg 300w\" sizes=\"(max-width: 416px) 100vw, 416px\" \/>Quel choix avez-vous fait au moment de la reprise du travail : sevrage ou poursuite de l\u2019allaitement ? Pourquoi ?<\/strong><\/li>\n<\/ul>\n<p style=\"text-align: justify;\">J\u2019ai allait\u00e9 mon premier neuf mois, ce fut une belle exp\u00e9rience facile car je n\u2019ai eu aucun probl\u00e8me et j\u2019ai pris six mois de cong\u00e9 parental.<br \/>\nPour mon deuxi\u00e8me, j\u2019allais \u00e9videmment allaiter mais je me posais des questions sur la reprise. Comme l\u2019allaitement \u00e9tait aussi sans souci, je n\u2019ai pas eu le c\u0153ur de le sevrer et j\u2019ai d\u00e9cid\u00e9 d\u2019essayer de continuer, surtout que j\u2019avais des exemples d\u2019amies qui avait fait ce choix. N\u00e9anmoins je pensais passer \u00e0 l\u2019allaitement mixte, car si dans la loi on a une heure pour tirer le lait, dans les faits pendant cette heure mon travail n\u2019aurait pas \u00e9t\u00e9 fait, ma coll\u00e8gue d\u00e9j\u00e0 surcharg\u00e9e aurait du le faire, ou alors j\u2019aurai du partir une heure plus tard le soir. J\u2019ai donc d\u00e9cid\u00e9 de ne tirer que le midi et d\u2019acheter une boite de lait. Que je n\u2019ai jamais ouverte, comme quoi.<\/p>\n<ul style=\"text-align: justify;\">\n<li><strong>Comment vous \u00eates-vous organis\u00e9e ?<\/strong><\/li>\n<\/ul>\n<p style=\"text-align: justify;\">Je travaille dans une petite bo\u00eete qui n\u2019a donc pas l\u2019obligation de mettre une salle \u00e0 dispo. J\u2019en ai parl\u00e9 \u00e0 la RH. Comme toutes les portes des bureaux sont en verre, j\u2019avais deux choix, la salle des archives sale et poussi\u00e9reuse et minuscule ou les toilettes. A l\u2019heure du midi, je savais qu\u2019i n\u2019y aurait pas trop de va et vient et elles sont propres. J\u2019ai donc pass\u00e9 30 minutes chaque midi dans les toilettes en toute discr\u00e9tion. Comme je n\u2019avais pas d\u2019autres tirages, je mettais mes accessoires sales dans un sac \u00e0 laver le soir. J\u2019ai comme tire-lait le Calipso d\u2019Ardo qui m\u2019a bien convenu surtout car il \u00e9tait petit et \u00e0 pile (j\u2019utilise des rechargeables). Il est fourni avec un petit sac isotherme et des blocs froids.<br \/>\nA partir du printemps, j\u2019ai tir\u00e9 dans ma voiture, le parking est calme, avec une \u00e9tole pour cacher au cas o\u00f9.<br \/>\nJe mettais la bonne quantit\u00e9 pour le lendemain et congelais le reste. J\u2019ai appris \u00e0 mes d\u00e9pends que j\u2019ai int\u00e9r\u00eat \u00e0 congeler le plus frais possible sinon mon lait a une odeur rance \u00e0 la d\u00e9cong\u00e9lation. J\u2019ai toujours congel\u00e9 dans un bac \u00e0 gla\u00e7on en silicone, super pratique. Je mets le bon nombre de gla\u00e7ons dans un bib le soir, la nuit au frigo, le matin il est pr\u00eat pour chez la nourrice.<\/p>\n<ul style=\"text-align: justify;\">\n<li><strong>Quelles ont \u00e9t\u00e9 vos principales difficult\u00e9s ?<\/strong><\/li>\n<\/ul>\n<p style=\"text-align: justify;\">J\u2019ai des d\u00e9placements ponctuels, au d\u00e9but j\u2019ai pr\u00e9venu ma chef que souhaitais les \u00e9viter le premier mois pour ne pas me compliquer la vie, elle a bien compris pourquoi. Je n\u2019en ai parl\u00e9 qu\u2019\u00e0 ma chef, je savais qu\u2019elle respectait les choix des gens en g\u00e9n\u00e9ral, et la RH quand on a cherch\u00e9 une salle, et c\u2019est tout, je n\u2019avais pas envie d\u2019attirer l\u00e0 dessus l\u2019attention des autres sur ce sujet personnel. En revanche les coll\u00e8gues proches qui ont demand\u00e9 je l\u2019ai expliqu\u00e9, pas de souci.<br \/>\nPar la suite j\u2019ai repris les d\u00e9placements, une \u00e0 deux fois par mois, \u00e7a impliquait de ne pas tirer le lait de la journ\u00e9e (pas d\u2019endroit pour), je me ruais donc dans les WC d\u00e9gueu du train le soir avec mon tire-lait manuel, \u00e7a c\u2019est pas des tr\u00e8s bons souvenirs ! Surtout quand le train a deux heures de retard et que tu d\u00e9bordes de partout ! Une fois je me suis m\u00eame coll\u00e9e une mastite (mais pour en avoir eu \u00e0 mon premier j\u2019ai d\u00e9velopp\u00e9 les bons r\u00e9flexes et c\u2019\u00e9tait r\u00e9gl\u00e9 en 48h).<\/p>\n<p style=\"text-align: justify;\">Autre anecdote, ne pas oublier ses coussinets\u2026 une fois que je tardais le soir \u00e0 discuter boulot, j\u2019ai senti la cata arriver, j\u2019ai d\u00e9goulin\u00e9 et ne pouvais pas trop expliquer pourquoi \u00e0 la personne\u2026<\/p>\n<p style=\"text-align: justify;\">Sinon pour B\u00e9b\u00e9, \u00e7a a \u00e9t\u00e9 tr\u00e8s compliqu\u00e9. Refus de biberon (et de tasse, et de dispositif\u2026) il buvait rien la premi\u00e8re semaine, 30 mL la deuxi\u00e8me, 60 ML la troisi\u00e8me et n\u2019a jamais d\u00e9pass\u00e9 100 ml. Il compensait la nuit. Apr\u00e8s je suis pass\u00e9e au yaourt pour compl\u00e9ter. M\u00eame maintenant \u00e0 10 mois il ne veut pas de biberon. J\u2019ai eu la chance d\u2019avoir une super nourrice pourtant absolument pas famili\u00e8re de l\u2019allaitement qui n\u2019a pas remis en doute mon choix et a \u00e9t\u00e9 patiente quoique inqui\u00e8te. On pouvait en parler en toute s\u00e9r\u00e9nit\u00e9. Actuellement je ne tire plus, j\u2019ai des stocks \u00e0 \u00e9couler et il est diversifi\u00e9. Je continue d\u2019allaiter par contre.<br \/>\nAnecdote, \u00e0 une visite \u00e0 la PMI \u00e0 l\u2019\u00e9poque o\u00f9 il buvait 40\/60 mL par jour, la pu\u00e9ricultrice commence par dire \u00ab ha, mais \u00e7a ne va pas, en plus il grossit pas assez \u00bb, de quoi me faire un peu vaciller. Arrive la p\u00e9diatre. \u00ab Quel beau b\u00e9b\u00e9 en pleine sant\u00e9. Il boit 60 mL en journ\u00e9e ? Mais c\u2019est bien, tu te d\u00e9brouilles bien b\u00e9b\u00e9, c\u2019est d\u00e9j\u00e0 pas mal ! \u00bb. Cette p\u00e9diatre m\u2019a tellement reboost\u00e9e ! Effectivement avec ce qu\u2019il buvait la nuit pas de souci !<\/p>\n<ul style=\"text-align: justify;\">\n<li><strong>Quels ont \u00e9t\u00e9 vos meilleurs moments ?<\/strong><\/li>\n<\/ul>\n<p style=\"text-align: justify;\">Le soir, quand on rentre du boulot, il fait beau, et hop une petite t\u00e9t\u00e9e au jardin pour oublier tous les soucis ! Et puis finalement, enferm\u00e9e 30 minutes dans les toilettes ou la voiture, on est peinard, on peut bouquiner, \u00e7a fait une pause (l\u2019investissement dans la brassi\u00e8re mains-libres vaut le coup !).<\/p>\n<ul style=\"text-align: justify;\">\n<li><strong>Qu\u2019est-ce que vous souhaiteriez dire aux mamans qui doivent faire un choix dans les semaines \u00e0 venir ?<\/strong><\/li>\n<\/ul>\n<p style=\"text-align: justify;\">En fait, \u00e7a peut aussi \u00eatre simple, je n\u2019ai jamais eu de soucis d\u2019organisation alors que je redoutais vraiment de me charger avec \u00e7a en plus. Bon, certes, il mangeait la nuit plut\u00f4t que le jour, mais mon ain\u00e9 qui t\u00eatait correctement le jour ne me laissait pas dormir pour autant, donc bon j\u2019ai l\u2019habitude !<br \/>\nJ\u2019avais \u00e9norm\u00e9ment lu ce blog pour me pr\u00e9parer, \u00e7a aide. On se sent seule alors qu\u2019en fait on est plein. Moi j\u2019ai pas mal tann\u00e9e une amie qui l\u2019avait fait pour avoir plein d\u2019info, apr\u00e8s chaque situation est diff\u00e9rente mais \u00e7a aide. J\u2019ai aussi post\u00e9 une ou deux fois sur les forums de la LLL dans des moments de doute et j\u2019ai eu des tas de commentaires bienveillants qui remotivent.<br \/>\nUn autre conseil, c\u2019est de retarder le plus possible la reprise pour avoir un allaitement bien mis en place. Moi j\u2019ai pris un mois de cong\u00e9 parental et deux semaines de vacances pour ne reprendre qu\u2019\u00e0 ses quatre mois.<br \/>\nBonus : regarder sur le bon coin pour les accessoires, moi \u00e7a m\u2019a co\u00fbt\u00e9 1 \u20ac symbolique !<\/p>\n<ul style=\"text-align: justify;\">\n<li><strong>Ce serait \u00e0 refaire, vous referiez le m\u00eame choix ? Que changeriez-vous ?<\/strong><\/li>\n<\/ul>\n<p style=\"text-align: justify;\">Honn\u00eatement, tout pareil ! Si je suis contente de ne jamais avoir utilis\u00e9 le lait en poudre, je pense que partir en me disant que je ferais du mixte m\u2019a bien all\u00e9g\u00e9 niveau anxi\u00e9t\u00e9. Pour moi l\u2019important de l\u2019allaitement c\u2019est plus le lien physique et les c\u00e2lins, tant pis si un biberon \u00e9tait artificiel.<\/p>\n<p><strong>Articles en rapport :<\/strong><\/p>\n<ul>\n<li>Voir l\u2019onglet\u00a0<a href=\"https:\/\/www.lactissima.com\/a-tire-d-ailes\/temoignages-travail-et-allaitement\/\" target=\"_blank\" rel=\"noopener noreferrer\">t\u00e9moignages<\/a><\/li>\n<\/ul>\n<p>&nbsp;<\/p>\n<div class='et-box et-shadow'>\n\t\t\t\t\t<div class='et-box-content'>Lire des articles ou poser des questions en commentaire ne suffit pas \u00e0 r\u00e9soudre votre probl\u00e8me ?\nSavez-vous que vous pouvez prendre RDV pour une consultation avec moi ?\nN&rsquo;h\u00e9sitez pas \u00e0 me contacter !<\/div><\/div>\n","protected":false},"excerpt":{"rendered":"<p>Quel choix avez-vous fait au moment de la reprise du travail : sevrage ou poursuite de l\u2019allaitement ? Pourquoi ? J\u2019ai allait\u00e9 mon premier neuf mois, ce fut une belle exp\u00e9rience facile car je n\u2019ai eu aucun probl\u00e8me et j\u2019ai pris six mois de cong\u00e9 parental. Pour mon deuxi\u00e8me, j\u2019allais \u00e9videmment allaiter mais je me [&hellip;]<\/p>\n","protected":false},"author":170,"featured_media":7369,"comment_status":"open","ping_status":"open","sticky":false,"template":"","format":"standard","meta":{"_et_pb_use_builder":"","_et_pb_old_content":"","_et_gb_content_width":"","footnotes":""},"categories":[150],"tags":[],"class_list":["post-7368","post","type-post","status-publish","format-standard","has-post-thumbnail","hentry","category-temoignages"],"yoast_head":"<!-- This site is optimized with the Yoast SEO plugin v27.4 - https:\/\/yoast.com\/product\/yoast-seo-wordpress\/ -->\n<title>Allaiter et travailler : le t\u00e9moignage de Virginie<\/title>\n<meta name=\"description\" content=\"Virginie a tir\u00e9 son lait au travail...mais son b\u00e9b\u00e9 a refus\u00e9 les biberons la journ\u00e9e et compens\u00e9 en t\u00e9tant la nuit.\" \/>\n<meta name=\"robots\" content=\"index, follow, max-snippet:-1, max-image-preview:large, max-video-preview:-1\" \/>\n<link rel=\"canonical\" href=\"https:\/\/www.lactissima.com\/a-tire-d-ailes\/allaiter-travailler-temoignage-de-virginie-3\/\" \/>\n<meta property=\"og:locale\" content=\"fr_FR\" \/>\n<meta property=\"og:type\" content=\"article\" \/>\n<meta property=\"og:title\" content=\"Allaiter et travailler : le t\u00e9moignage de Virginie\" \/>\n<meta property=\"og:description\" content=\"Virginie a tir\u00e9 son lait au travail...mais son b\u00e9b\u00e9 a refus\u00e9 les biberons la journ\u00e9e et compens\u00e9 en t\u00e9tant la nuit.\" \/>\n<meta property=\"og:url\" content=\"https:\/\/www.lactissima.com\/a-tire-d-ailes\/allaiter-travailler-temoignage-de-virginie-3\/\" \/>\n<meta property=\"og:site_name\" content=\"A tire d&#039;Ailes\" \/>\n<meta property=\"article:publisher\" content=\"https:\/\/www.facebook.com\/consultante.en.lactation\" \/>\n<meta property=\"article:author\" content=\"www.facebook.com\/consultante.en.lactation\" \/>\n<meta property=\"article:published_time\" content=\"2017-10-12T09:21:41+00:00\" \/>\n<meta property=\"og:image\" content=\"https:\/\/www.lactissima.com\/a-tire-d-ailes\/wp-content\/uploads\/2017\/10\/Virginie2.jpg\" \/>\n\t<meta property=\"og:image:width\" content=\"416\" \/>\n\t<meta property=\"og:image:height\" content=\"234\" \/>\n\t<meta property=\"og:image:type\" content=\"image\/jpeg\" \/>\n<meta name=\"author\" content=\"V\u00e9ronique Darmangeat\" \/>\n<meta name=\"twitter:card\" content=\"summary_large_image\" \/>\n<meta name=\"twitter:creator\" content=\"@VeroniqueIBCLC\" \/>\n<meta name=\"twitter:site\" content=\"@VeroniqueIBCLC\" \/>\n<meta name=\"twitter:label1\" content=\"\u00c9crit par\" \/>\n\t<meta name=\"twitter:data1\" content=\"V\u00e9ronique Darmangeat\" \/>\n\t<meta name=\"twitter:label2\" content=\"Dur\u00e9e de lecture estim\u00e9e\" \/>\n\t<meta name=\"twitter:data2\" content=\"7 minutes\" \/>\n<script type=\"application\/ld+json\" class=\"yoast-schema-graph\">{\"@context\":\"https:\\\/\\\/schema.org\",\"@graph\":[{\"@type\":\"Article\",\"@id\":\"https:\\\/\\\/www.lactissima.com\\\/a-tire-d-ailes\\\/allaiter-travailler-temoignage-de-virginie-3\\\/#article\",\"isPartOf\":{\"@id\":\"https:\\\/\\\/www.lactissima.com\\\/a-tire-d-ailes\\\/allaiter-travailler-temoignage-de-virginie-3\\\/\"},\"author\":{\"name\":\"V\u00e9ronique Darmangeat\",\"@id\":\"https:\\\/\\\/www.lactissima.com\\\/a-tire-d-ailes\\\/#\\\/schema\\\/person\\\/8f98d3a89530861bc1240e6d53d44eed\"},\"headline\":\"Allaiter et travailler : le t\u00e9moignage de Virginie\",\"datePublished\":\"2017-10-12T09:21:41+00:00\",\"mainEntityOfPage\":{\"@id\":\"https:\\\/\\\/www.lactissima.com\\\/a-tire-d-ailes\\\/allaiter-travailler-temoignage-de-virginie-3\\\/\"},\"wordCount\":1310,\"commentCount\":0,\"image\":{\"@id\":\"https:\\\/\\\/www.lactissima.com\\\/a-tire-d-ailes\\\/allaiter-travailler-temoignage-de-virginie-3\\\/#primaryimage\"},\"thumbnailUrl\":\"https:\\\/\\\/www.lactissima.com\\\/a-tire-d-ailes\\\/wp-content\\\/uploads\\\/2017\\\/10\\\/Virginie2.jpg\",\"articleSection\":[\"t\u00e9moignages\"],\"inLanguage\":\"fr-FR\",\"potentialAction\":[{\"@type\":\"CommentAction\",\"name\":\"Comment\",\"target\":[\"https:\\\/\\\/www.lactissima.com\\\/a-tire-d-ailes\\\/allaiter-travailler-temoignage-de-virginie-3\\\/#respond\"]}]},{\"@type\":\"WebPage\",\"@id\":\"https:\\\/\\\/www.lactissima.com\\\/a-tire-d-ailes\\\/allaiter-travailler-temoignage-de-virginie-3\\\/\",\"url\":\"https:\\\/\\\/www.lactissima.com\\\/a-tire-d-ailes\\\/allaiter-travailler-temoignage-de-virginie-3\\\/\",\"name\":\"Allaiter et travailler : le t\u00e9moignage de Virginie\",\"isPartOf\":{\"@id\":\"https:\\\/\\\/www.lactissima.com\\\/a-tire-d-ailes\\\/#website\"},\"primaryImageOfPage\":{\"@id\":\"https:\\\/\\\/www.lactissima.com\\\/a-tire-d-ailes\\\/allaiter-travailler-temoignage-de-virginie-3\\\/#primaryimage\"},\"image\":{\"@id\":\"https:\\\/\\\/www.lactissima.com\\\/a-tire-d-ailes\\\/allaiter-travailler-temoignage-de-virginie-3\\\/#primaryimage\"},\"thumbnailUrl\":\"https:\\\/\\\/www.lactissima.com\\\/a-tire-d-ailes\\\/wp-content\\\/uploads\\\/2017\\\/10\\\/Virginie2.jpg\",\"datePublished\":\"2017-10-12T09:21:41+00:00\",\"author\":{\"@id\":\"https:\\\/\\\/www.lactissima.com\\\/a-tire-d-ailes\\\/#\\\/schema\\\/person\\\/8f98d3a89530861bc1240e6d53d44eed\"},\"description\":\"Virginie a tir\u00e9 son lait au travail...mais son b\u00e9b\u00e9 a refus\u00e9 les biberons la journ\u00e9e et compens\u00e9 en t\u00e9tant la nuit.\",\"breadcrumb\":{\"@id\":\"https:\\\/\\\/www.lactissima.com\\\/a-tire-d-ailes\\\/allaiter-travailler-temoignage-de-virginie-3\\\/#breadcrumb\"},\"inLanguage\":\"fr-FR\",\"potentialAction\":[{\"@type\":\"ReadAction\",\"target\":[\"https:\\\/\\\/www.lactissima.com\\\/a-tire-d-ailes\\\/allaiter-travailler-temoignage-de-virginie-3\\\/\"]}]},{\"@type\":\"ImageObject\",\"inLanguage\":\"fr-FR\",\"@id\":\"https:\\\/\\\/www.lactissima.com\\\/a-tire-d-ailes\\\/allaiter-travailler-temoignage-de-virginie-3\\\/#primaryimage\",\"url\":\"https:\\\/\\\/www.lactissima.com\\\/a-tire-d-ailes\\\/wp-content\\\/uploads\\\/2017\\\/10\\\/Virginie2.jpg\",\"contentUrl\":\"https:\\\/\\\/www.lactissima.com\\\/a-tire-d-ailes\\\/wp-content\\\/uploads\\\/2017\\\/10\\\/Virginie2.jpg\",\"width\":416,\"height\":234,\"caption\":\"allaiter et travailler\"},{\"@type\":\"BreadcrumbList\",\"@id\":\"https:\\\/\\\/www.lactissima.com\\\/a-tire-d-ailes\\\/allaiter-travailler-temoignage-de-virginie-3\\\/#breadcrumb\",\"itemListElement\":[{\"@type\":\"ListItem\",\"position\":1,\"name\":\"Accueil\",\"item\":\"https:\\\/\\\/www.lactissima.com\\\/a-tire-d-ailes\\\/\"},{\"@type\":\"ListItem\",\"position\":2,\"name\":\"Allaiter et travailler : le t\u00e9moignage de Virginie\"}]},{\"@type\":\"WebSite\",\"@id\":\"https:\\\/\\\/www.lactissima.com\\\/a-tire-d-ailes\\\/#website\",\"url\":\"https:\\\/\\\/www.lactissima.com\\\/a-tire-d-ailes\\\/\",\"name\":\"A tire d&#039;Ailes\",\"description\":\"Le blog des femmes qui allaitent et travaillent.\",\"potentialAction\":[{\"@type\":\"SearchAction\",\"target\":{\"@type\":\"EntryPoint\",\"urlTemplate\":\"https:\\\/\\\/www.lactissima.com\\\/a-tire-d-ailes\\\/?s={search_term_string}\"},\"query-input\":{\"@type\":\"PropertyValueSpecification\",\"valueRequired\":true,\"valueName\":\"search_term_string\"}}],\"inLanguage\":\"fr-FR\"},{\"@type\":\"Person\",\"@id\":\"https:\\\/\\\/www.lactissima.com\\\/a-tire-d-ailes\\\/#\\\/schema\\\/person\\\/8f98d3a89530861bc1240e6d53d44eed\",\"name\":\"V\u00e9ronique Darmangeat\",\"image\":{\"@type\":\"ImageObject\",\"inLanguage\":\"fr-FR\",\"@id\":\"https:\\\/\\\/secure.gravatar.com\\\/avatar\\\/268c99344c89cebfe4f5df5fa8be43068a18884fc76a29f3206fae98465b9cab?s=96&d=identicon&r=g\",\"url\":\"https:\\\/\\\/secure.gravatar.com\\\/avatar\\\/268c99344c89cebfe4f5df5fa8be43068a18884fc76a29f3206fae98465b9cab?s=96&d=identicon&r=g\",\"contentUrl\":\"https:\\\/\\\/secure.gravatar.com\\\/avatar\\\/268c99344c89cebfe4f5df5fa8be43068a18884fc76a29f3206fae98465b9cab?s=96&d=identicon&r=g\",\"caption\":\"V\u00e9ronique Darmangeat\"},\"sameAs\":[\"https:\\\/\\\/www.lactissima.com\\\/a-tire-d-ailes\",\"www.facebook.com\\\/consultante.en.lactation\"]}]}<\/script>\n<!-- \/ Yoast SEO plugin. -->","yoast_head_json":{"title":"Allaiter et travailler : le t\u00e9moignage de Virginie","description":"Virginie a tir\u00e9 son lait au travail...mais son b\u00e9b\u00e9 a refus\u00e9 les biberons la journ\u00e9e et compens\u00e9 en t\u00e9tant la nuit.","robots":{"index":"index","follow":"follow","max-snippet":"max-snippet:-1","max-image-preview":"max-image-preview:large","max-video-preview":"max-video-preview:-1"},"canonical":"https:\/\/www.lactissima.com\/a-tire-d-ailes\/allaiter-travailler-temoignage-de-virginie-3\/","og_locale":"fr_FR","og_type":"article","og_title":"Allaiter et travailler : le t\u00e9moignage de Virginie","og_description":"Virginie a tir\u00e9 son lait au travail...mais son b\u00e9b\u00e9 a refus\u00e9 les biberons la journ\u00e9e et compens\u00e9 en t\u00e9tant la nuit.","og_url":"https:\/\/www.lactissima.com\/a-tire-d-ailes\/allaiter-travailler-temoignage-de-virginie-3\/","og_site_name":"A tire d&#039;Ailes","article_publisher":"https:\/\/www.facebook.com\/consultante.en.lactation","article_author":"www.facebook.com\/consultante.en.lactation","article_published_time":"2017-10-12T09:21:41+00:00","og_image":[{"width":416,"height":234,"url":"https:\/\/www.lactissima.com\/a-tire-d-ailes\/wp-content\/uploads\/2017\/10\/Virginie2.jpg","type":"image\/jpeg"}],"author":"V\u00e9ronique Darmangeat","twitter_card":"summary_large_image","twitter_creator":"@VeroniqueIBCLC","twitter_site":"@VeroniqueIBCLC","twitter_misc":{"\u00c9crit par":"V\u00e9ronique Darmangeat","Dur\u00e9e de lecture estim\u00e9e":"7 minutes"},"schema":{"@context":"https:\/\/schema.org","@graph":[{"@type":"Article","@id":"https:\/\/www.lactissima.com\/a-tire-d-ailes\/allaiter-travailler-temoignage-de-virginie-3\/#article","isPartOf":{"@id":"https:\/\/www.lactissima.com\/a-tire-d-ailes\/allaiter-travailler-temoignage-de-virginie-3\/"},"author":{"name":"V\u00e9ronique Darmangeat","@id":"https:\/\/www.lactissima.com\/a-tire-d-ailes\/#\/schema\/person\/8f98d3a89530861bc1240e6d53d44eed"},"headline":"Allaiter et travailler : le t\u00e9moignage de Virginie","datePublished":"2017-10-12T09:21:41+00:00","mainEntityOfPage":{"@id":"https:\/\/www.lactissima.com\/a-tire-d-ailes\/allaiter-travailler-temoignage-de-virginie-3\/"},"wordCount":1310,"commentCount":0,"image":{"@id":"https:\/\/www.lactissima.com\/a-tire-d-ailes\/allaiter-travailler-temoignage-de-virginie-3\/#primaryimage"},"thumbnailUrl":"https:\/\/www.lactissima.com\/a-tire-d-ailes\/wp-content\/uploads\/2017\/10\/Virginie2.jpg","articleSection":["t\u00e9moignages"],"inLanguage":"fr-FR","potentialAction":[{"@type":"CommentAction","name":"Comment","target":["https:\/\/www.lactissima.com\/a-tire-d-ailes\/allaiter-travailler-temoignage-de-virginie-3\/#respond"]}]},{"@type":"WebPage","@id":"https:\/\/www.lactissima.com\/a-tire-d-ailes\/allaiter-travailler-temoignage-de-virginie-3\/","url":"https:\/\/www.lactissima.com\/a-tire-d-ailes\/allaiter-travailler-temoignage-de-virginie-3\/","name":"Allaiter et travailler : le t\u00e9moignage de Virginie","isPartOf":{"@id":"https:\/\/www.lactissima.com\/a-tire-d-ailes\/#website"},"primaryImageOfPage":{"@id":"https:\/\/www.lactissima.com\/a-tire-d-ailes\/allaiter-travailler-temoignage-de-virginie-3\/#primaryimage"},"image":{"@id":"https:\/\/www.lactissima.com\/a-tire-d-ailes\/allaiter-travailler-temoignage-de-virginie-3\/#primaryimage"},"thumbnailUrl":"https:\/\/www.lactissima.com\/a-tire-d-ailes\/wp-content\/uploads\/2017\/10\/Virginie2.jpg","datePublished":"2017-10-12T09:21:41+00:00","author":{"@id":"https:\/\/www.lactissima.com\/a-tire-d-ailes\/#\/schema\/person\/8f98d3a89530861bc1240e6d53d44eed"},"description":"Virginie a tir\u00e9 son lait au travail...mais son b\u00e9b\u00e9 a refus\u00e9 les biberons la journ\u00e9e et compens\u00e9 en t\u00e9tant la nuit.","breadcrumb":{"@id":"https:\/\/www.lactissima.com\/a-tire-d-ailes\/allaiter-travailler-temoignage-de-virginie-3\/#breadcrumb"},"inLanguage":"fr-FR","potentialAction":[{"@type":"ReadAction","target":["https:\/\/www.lactissima.com\/a-tire-d-ailes\/allaiter-travailler-temoignage-de-virginie-3\/"]}]},{"@type":"ImageObject","inLanguage":"fr-FR","@id":"https:\/\/www.lactissima.com\/a-tire-d-ailes\/allaiter-travailler-temoignage-de-virginie-3\/#primaryimage","url":"https:\/\/www.lactissima.com\/a-tire-d-ailes\/wp-content\/uploads\/2017\/10\/Virginie2.jpg","contentUrl":"https:\/\/www.lactissima.com\/a-tire-d-ailes\/wp-content\/uploads\/2017\/10\/Virginie2.jpg","width":416,"height":234,"caption":"allaiter et travailler"},{"@type":"BreadcrumbList","@id":"https:\/\/www.lactissima.com\/a-tire-d-ailes\/allaiter-travailler-temoignage-de-virginie-3\/#breadcrumb","itemListElement":[{"@type":"ListItem","position":1,"name":"Accueil","item":"https:\/\/www.lactissima.com\/a-tire-d-ailes\/"},{"@type":"ListItem","position":2,"name":"Allaiter et travailler : le t\u00e9moignage de Virginie"}]},{"@type":"WebSite","@id":"https:\/\/www.lactissima.com\/a-tire-d-ailes\/#website","url":"https:\/\/www.lactissima.com\/a-tire-d-ailes\/","name":"A tire d&#039;Ailes","description":"Le blog des femmes qui allaitent et travaillent.","potentialAction":[{"@type":"SearchAction","target":{"@type":"EntryPoint","urlTemplate":"https:\/\/www.lactissima.com\/a-tire-d-ailes\/?s={search_term_string}"},"query-input":{"@type":"PropertyValueSpecification","valueRequired":true,"valueName":"search_term_string"}}],"inLanguage":"fr-FR"},{"@type":"Person","@id":"https:\/\/www.lactissima.com\/a-tire-d-ailes\/#\/schema\/person\/8f98d3a89530861bc1240e6d53d44eed","name":"V\u00e9ronique Darmangeat","image":{"@type":"ImageObject","inLanguage":"fr-FR","@id":"https:\/\/secure.gravatar.com\/avatar\/268c99344c89cebfe4f5df5fa8be43068a18884fc76a29f3206fae98465b9cab?s=96&d=identicon&r=g","url":"https:\/\/secure.gravatar.com\/avatar\/268c99344c89cebfe4f5df5fa8be43068a18884fc76a29f3206fae98465b9cab?s=96&d=identicon&r=g","contentUrl":"https:\/\/secure.gravatar.com\/avatar\/268c99344c89cebfe4f5df5fa8be43068a18884fc76a29f3206fae98465b9cab?s=96&d=identicon&r=g","caption":"V\u00e9ronique Darmangeat"},"sameAs":["https:\/\/www.lactissima.com\/a-tire-d-ailes","www.facebook.com\/consultante.en.lactation"]}]}},"_links":{"self":[{"href":"https:\/\/www.lactissima.com\/a-tire-d-ailes\/wp-json\/wp\/v2\/posts\/7368","targetHints":{"allow":["GET"]}}],"collection":[{"href":"https:\/\/www.lactissima.com\/a-tire-d-ailes\/wp-json\/wp\/v2\/posts"}],"about":[{"href":"https:\/\/www.lactissima.com\/a-tire-d-ailes\/wp-json\/wp\/v2\/types\/post"}],"author":[{"embeddable":true,"href":"https:\/\/www.lactissima.com\/a-tire-d-ailes\/wp-json\/wp\/v2\/users\/170"}],"replies":[{"embeddable":true,"href":"https:\/\/www.lactissima.com\/a-tire-d-ailes\/wp-json\/wp\/v2\/comments?post=7368"}],"version-history":[{"count":1,"href":"https:\/\/www.lactissima.com\/a-tire-d-ailes\/wp-json\/wp\/v2\/posts\/7368\/revisions"}],"predecessor-version":[{"id":7370,"href":"https:\/\/www.lactissima.com\/a-tire-d-ailes\/wp-json\/wp\/v2\/posts\/7368\/revisions\/7370"}],"wp:featuredmedia":[{"embeddable":true,"href":"https:\/\/www.lactissima.com\/a-tire-d-ailes\/wp-json\/wp\/v2\/media\/7369"}],"wp:attachment":[{"href":"https:\/\/www.lactissima.com\/a-tire-d-ailes\/wp-json\/wp\/v2\/media?parent=7368"}],"wp:term":[{"taxonomy":"category","embeddable":true,"href":"https:\/\/www.lactissima.com\/a-tire-d-ailes\/wp-json\/wp\/v2\/categories?post=7368"},{"taxonomy":"post_tag","embeddable":true,"href":"https:\/\/www.lactissima.com\/a-tire-d-ailes\/wp-json\/wp\/v2\/tags?post=7368"}],"curies":[{"name":"wp","href":"https:\/\/api.w.org\/{rel}","templated":true}]}}