{"id":735,"date":"2009-10-24T15:24:33","date_gmt":"2009-10-24T13:24:33","guid":{"rendered":"https:\/\/www.lactissima.com\/a-tire-d-ailes\/?p=735"},"modified":"2014-03-15T17:11:23","modified_gmt":"2014-03-15T15:11:23","slug":"allaiter-et-travailler-le-temoignage-de-virginie","status":"publish","type":"post","link":"https:\/\/www.lactissima.com\/a-tire-d-ailes\/allaiter-et-travailler-le-temoignage-de-virginie\/","title":{"rendered":"Allaiter et travailler : le t\u00e9moignage de Virginie"},"content":{"rendered":"<ul>\n<li style=\"text-align: justify;\"><strong><a href=\"https:\/\/www.lactissima.com\/a-tire-d-ailes\/wp-content\/uploads\/2009\/10\/Virginie.jpg\"><img loading=\"lazy\" decoding=\"async\" class=\"alignright size-full wp-image-4564\" alt=\"Virginie\" src=\"https:\/\/www.lactissima.com\/a-tire-d-ailes\/wp-content\/uploads\/2009\/10\/Virginie.jpg\" width=\"260\" height=\"394\" srcset=\"https:\/\/www.lactissima.com\/a-tire-d-ailes\/wp-content\/uploads\/2009\/10\/Virginie.jpg 260w, https:\/\/www.lactissima.com\/a-tire-d-ailes\/wp-content\/uploads\/2009\/10\/Virginie-197x300.jpg 197w\" sizes=\"(max-width: 260px) 100vw, 260px\" \/><\/a>Quel choix avez-vous fait au moment de la reprise du travail :<\/strong><strong> sevrage ou poursuite de l&rsquo;allaitement ? Pourquoi ?<\/strong><\/li>\n<\/ul>\n<p style=\"text-align: justify;\">J&rsquo;ai choisi de poursuivre l&rsquo;allaitement car je voulais allaiter exclusivement mon enfant pendant au moins 6 mois. J&rsquo;ai des soucis d&rsquo;allergie et cela me semblait important.<br \/>\nPar ailleurs, l&rsquo;allaitement se passant tr\u00e8s bien, je ne souhaite pas acheter de lait artificiel. J&rsquo;ai donc \u00e0 coeur de tirer mon lait afin de ne donner que ce lait \u00e0 mon enfant.<\/p>\n<ul style=\"text-align: justify;\">\n<li><strong>Comment vous \u00eates-vous organis\u00e9e ?<\/strong><\/li>\n<\/ul>\n<p style=\"text-align: justify;\">Je me suis renseign\u00e9e sur internet pour comprendre comment faire pour tirer mon lait et le donner \u00e0 mon b\u00e9b\u00e9. Pour faire mes choix aussi.<br \/>\nUn mois avant de reprendre le travail j&rsquo;ai lou\u00e9 un tire-lait. Je savais que la location d&rsquo;un tire-lait est rembours\u00e9e par la s\u00e9curit\u00e9 sociale et ma mutuelle m&rsquo;a confirm\u00e9 qu&rsquo;elle compl\u00e9terai m\u00eame si le tire-lait coutait plus cher que le tarif s\u00e9cu.<br \/>\nJ&rsquo;ai regard\u00e9 des avis sur internet pour choisir mon tire-lait: double pompage (ameda lactaline), \u00e9lectrique, fonctionnant sur secteur et sur batterie. Ces deux modes de fonctionnement \u00e9taient important pour moi car je ne travaille pas toujours dans les m\u00eame locaux. Je n&rsquo;ai pas l&rsquo;adaptateur voiture, mais il ne me manque pas pour le moment.<\/p>\n<p style=\"text-align: justify;\">Pour l&rsquo;organisation de la journ\u00e9e et des tirages, j&rsquo;ai consult\u00e9 les feuillets de la leche ligue et du Dr Newman.<br \/>\nJ&rsquo;ai choisi de r\u00e9aliser deux t\u00e9t\u00e9es le matin avant de partir travailler, puis mes tirages et les t\u00e9t\u00e9es \u00e0 la maison.<br \/>\nAu d\u00e9but, je r\u00e9alisait quatre tirages: le matin juste apr\u00e8s la derni\u00e8re t\u00e9t\u00e9e, 10h, 12h et 16h.<br \/>\nCela m&rsquo;a permis de congeler du lait. Le congel \u00e9tant plein, je ne tire plus que deux fois : 11h et 16h, sauf si j&rsquo;ai une baisse de lait.<br \/>\nAvant de reprendre le travail, j&rsquo;ai introduit une t\u00e9t\u00e9e fictive le soir (ma fille faisait ses nuits). Cela m&rsquo;a permis de congeler du lait et de me familiariser avec les tirages.<\/p>\n<p style=\"text-align: justify;\">J&rsquo;ai investi dans une brassi\u00e8re sp\u00e9ciale me permettant de lire pendant que je tire mon lait. (Les 2 mains sont libres.)<\/p>\n<p style=\"text-align: justify;\">J&rsquo;ai une nounou tr\u00e8s coop\u00e9rative, ce qui aide bien. Je lui ai parl\u00e9 de mes choix d\u00e8s la grossesse, lorsque nous l&rsquo;avons rencontr\u00e9e. Il \u00e9tait primordial pour moi qu&rsquo;elle accepte le lait maternel et qu&rsquo;elle sache comment le pr\u00e9parer. Je lui ai fourni un texte expliquant comment manipuler et conserver le lait maternel. Chaque jour, nous faisons le point sur le lait que je dois lui fournir. Pour elle, manipuler du lait maternel est plus simple que de manipuler du lait en poudre : il n&rsquo;y a pas de risque de se tromper dans les mesures!<\/p>\n<ul style=\"text-align: justify;\">\n<li><strong>Quelles ont \u00e9t\u00e9 vos principales difficult\u00e9s ?<\/strong><\/li>\n<\/ul>\n<p style=\"text-align: justify;\">Au d\u00e9but je ne tirais pas beaucoup. Les feuillets du Dr Newman m&rsquo;ont permis d&rsquo;apprendre, ainsi qu&rsquo;une vid\u00e9o de l&rsquo;universit\u00e9 de stanford expliquant comment masser les seins pour tirer le lait.<br \/>\nLes premiers temps c&rsquo;\u00e9tait un peu dur de faire les quatre tirages. Cela prend du temps bien que j&rsquo;ai le droit \u00e0 1h d&rsquo;allaitement (r\u00e9mun\u00e9r\u00e9e par chance!).<\/p>\n<p style=\"text-align: justify;\">J&rsquo;ai eu un d\u00e9placement et j&rsquo;ai du tirer mon lait dans le train et un restaurant. Ce n&rsquo;est pas facile au restaurant mais cela se fait! Dans le train, les espaces de change pour b\u00e9b\u00e9 sont tr\u00e8s pratiques.<\/p>\n<ul style=\"text-align: justify;\">\n<li><strong>Quels ont \u00e9t\u00e9 vos meilleurs moments ?<\/strong><\/li>\n<\/ul>\n<p style=\"text-align: justify;\">Mon entourage, le papa la nounou et les coll\u00e8gues me soutiennent bien pour le moment. C&rsquo;est tr\u00e8s agr\u00e9able. Personne n&rsquo;a l&rsquo;air choqu\u00e9 lorsque je parle (souvent d&rsquo;ailleurs) du fait que je tire mon lait. J&rsquo;en parle naturellement afin de faire passer plus facilement les pauses tirage \ud83d\ude42<\/p>\n<p style=\"text-align: justify;\">J&rsquo;ai \u00e9t\u00e9 enchant\u00e9e quand une connaissance m&rsquo;a dit qu&rsquo;elle allait tirer son lait au travail \u00e9galement.<\/p>\n<p style=\"text-align: justify;\">Il y a des moments o\u00f9 je trouve tr\u00e8s agr\u00e9able de sentir le r\u00e9flexe d&rsquo;\u00e9jection lorsque je tire mon lait.  j&rsquo;aime faire cela pour mon b\u00e9b\u00e9, d&rsquo;un certain cot\u00e9 je m&rsquo;occupe de lui m\u00eame au travail !<\/p>\n<ul style=\"text-align: justify;\">\n<li><strong>Qu&rsquo;est-ce que vous souhaiteriez dire aux mamans qui doivent faire un<\/strong><strong> choix dans les semaines \u00e0 venir ?<\/strong><\/li>\n<\/ul>\n<p style=\"text-align: justify;\">Tirer mon lait \u00e9tait pour moi une \u00e9vidence, ce n&rsquo;est pas tellement compliqu\u00e9 \u00e0 faire. Les feuillets de La Leche League expliquent tout ce qu&rsquo;il faut savoir sur le sujet. D&rsquo;autres sources sur le net peuvent permettre de se rassurer. Tirer son lait c&rsquo;est un peu comme commencer l&rsquo;allaitement, au d\u00e9but il faut \u00eatre motiv\u00e9e pour tout mettre en place, ne pas l\u00e2cher lorsque l&rsquo;on trouve les tirages trop justes, &#8230;  Au bout de quelques semaines tout roule et c&rsquo;est du bonheur de consacrer du temps \u00e0 b\u00e9b\u00e9 sur son lieu de travail.<br \/>\nLe choix que vous ferez sera de toute fa\u00e7on le meilleur choix pour vous et votre b\u00e9b\u00e9.<\/p>\n<ul style=\"text-align: justify;\">\n<li><strong>Ce serait \u00e0 refaire, vous referiez le m\u00eame choix ? Que<\/strong><strong> changeriez-vous ?<\/strong><\/li>\n<\/ul>\n<p style=\"text-align: justify;\">Oui ! Je ne changerais rien, je suis actuellement tr\u00e8s satisfaite de mon choix et de l&rsquo;organisation mise en place.<br \/>\nOu alors seulement, trouver le courage ou la solution pour tirer \u00e0 mon poste de travail ou en r\u00e9union. Je ne suis pas \u00e0 l&rsquo;aise avec un ch\u00e2le sur les t\u00e9terelles, je trouve que cela les descend trop.<br \/>\nJ&rsquo;ai fait un mini test de biberon avant la mise en garde de ma fille.<br \/>\nJ&rsquo;aurai pr\u00e9f\u00e9r\u00e9 trouver quelqu&rsquo;un qui utilise une tasse \u00e0 bec ou une tasse pour la nourrir, afin de limiter les risques de confusion sein\/t\u00e9tine.<\/p>\n<p style=\"text-align: justify;\"><strong>Articles en rapport :<\/strong><\/p>\n<ul>\n<li style=\"text-align: justify;\"><a href=\"https:\/\/www.lactissima.com\/a-tire-d-ailes\/?p=730\">Allaiter et travailler : le t\u00e9moignage de Sibylle<\/a><\/li>\n<li style=\"text-align: justify;\"><a href=\"https:\/\/www.lactissima.com\/a-tire-d-ailes\/?p=715\">Allaiter et travailler : le t\u00e9moignage de Clara<\/a><\/li>\n<li style=\"text-align: justify;\"><a href=\"https:\/\/www.lactissima.com\/a-tire-d-ailes\/?p=648\">Allaiter et travailler : le t\u00e9moignage de Florence<\/a><\/li>\n<\/ul>\n<p>&nbsp;<\/p>\n","protected":false},"excerpt":{"rendered":"<p>Je ne changerais rien, je suis actuellement tr\u00e8s satisfaite de mon choix et de l&rsquo;organisation mise en place.<\/p>\n","protected":false},"author":170,"featured_media":4564,"comment_status":"open","ping_status":"open","sticky":false,"template":"","format":"standard","meta":{"_et_pb_use_builder":"","_et_pb_old_content":"","_et_gb_content_width":"","footnotes":""},"categories":[36,150],"tags":[681,148,57],"class_list":["post-735","post","type-post","status-publish","format-standard","has-post-thumbnail","hentry","category-allaitement-et-travail","category-temoignages","tag-allaitement-et-travail","tag-temoignage","tag-tire-lait"],"yoast_head":"<!-- This site is optimized with the Yoast SEO plugin v27.4 - https:\/\/yoast.com\/product\/yoast-seo-wordpress\/ -->\n<title>Allaiter et travailler : le t\u00e9moignage de Virginie<\/title>\n<meta name=\"description\" content=\"Je ne changerais rien, je suis actuellement tr\u00e8s satisfaite de mon choix et de l&#039;organisation mise en place.\" \/>\n<meta name=\"robots\" content=\"index, follow, max-snippet:-1, max-image-preview:large, max-video-preview:-1\" \/>\n<link rel=\"canonical\" href=\"https:\/\/www.lactissima.com\/a-tire-d-ailes\/allaiter-et-travailler-le-temoignage-de-virginie\/\" \/>\n<meta property=\"og:locale\" content=\"fr_FR\" \/>\n<meta property=\"og:type\" content=\"article\" \/>\n<meta property=\"og:title\" content=\"Allaiter et travailler : le t\u00e9moignage de Virginie\" \/>\n<meta property=\"og:description\" content=\"Je ne changerais rien, je suis actuellement tr\u00e8s satisfaite de mon choix et de l&#039;organisation mise en place.\" \/>\n<meta property=\"og:url\" content=\"https:\/\/www.lactissima.com\/a-tire-d-ailes\/allaiter-et-travailler-le-temoignage-de-virginie\/\" \/>\n<meta property=\"og:site_name\" content=\"A tire d&#039;Ailes\" \/>\n<meta property=\"article:publisher\" content=\"https:\/\/www.facebook.com\/consultante.en.lactation\" \/>\n<meta property=\"article:author\" content=\"www.facebook.com\/consultante.en.lactation\" \/>\n<meta property=\"article:published_time\" content=\"2009-10-24T13:24:33+00:00\" \/>\n<meta property=\"article:modified_time\" content=\"2014-03-15T15:11:23+00:00\" \/>\n<meta property=\"og:image\" content=\"https:\/\/www.lactissima.com\/a-tire-d-ailes\/wp-content\/uploads\/2009\/10\/Virginie.jpg\" \/>\n\t<meta property=\"og:image:width\" content=\"260\" \/>\n\t<meta property=\"og:image:height\" content=\"394\" \/>\n\t<meta property=\"og:image:type\" content=\"image\/jpeg\" \/>\n<meta name=\"author\" content=\"V\u00e9ronique Darmangeat\" \/>\n<meta name=\"twitter:card\" content=\"summary_large_image\" \/>\n<meta name=\"twitter:creator\" content=\"@VeroniqueIBCLC\" \/>\n<meta name=\"twitter:site\" content=\"@VeroniqueIBCLC\" \/>\n<meta name=\"twitter:label1\" content=\"\u00c9crit par\" \/>\n\t<meta name=\"twitter:data1\" content=\"V\u00e9ronique Darmangeat\" \/>\n\t<meta name=\"twitter:label2\" content=\"Dur\u00e9e de lecture estim\u00e9e\" \/>\n\t<meta name=\"twitter:data2\" content=\"5 minutes\" \/>\n<script type=\"application\/ld+json\" class=\"yoast-schema-graph\">{\"@context\":\"https:\\\/\\\/schema.org\",\"@graph\":[{\"@type\":\"Article\",\"@id\":\"https:\\\/\\\/www.lactissima.com\\\/a-tire-d-ailes\\\/allaiter-et-travailler-le-temoignage-de-virginie\\\/#article\",\"isPartOf\":{\"@id\":\"https:\\\/\\\/www.lactissima.com\\\/a-tire-d-ailes\\\/allaiter-et-travailler-le-temoignage-de-virginie\\\/\"},\"author\":{\"name\":\"V\u00e9ronique Darmangeat\",\"@id\":\"https:\\\/\\\/www.lactissima.com\\\/a-tire-d-ailes\\\/#\\\/schema\\\/person\\\/8f98d3a89530861bc1240e6d53d44eed\"},\"headline\":\"Allaiter et travailler : le t\u00e9moignage de Virginie\",\"datePublished\":\"2009-10-24T13:24:33+00:00\",\"dateModified\":\"2014-03-15T15:11:23+00:00\",\"mainEntityOfPage\":{\"@id\":\"https:\\\/\\\/www.lactissima.com\\\/a-tire-d-ailes\\\/allaiter-et-travailler-le-temoignage-de-virginie\\\/\"},\"wordCount\":1022,\"commentCount\":5,\"image\":{\"@id\":\"https:\\\/\\\/www.lactissima.com\\\/a-tire-d-ailes\\\/allaiter-et-travailler-le-temoignage-de-virginie\\\/#primaryimage\"},\"thumbnailUrl\":\"https:\\\/\\\/www.lactissima.com\\\/a-tire-d-ailes\\\/wp-content\\\/uploads\\\/2009\\\/10\\\/Virginie.jpg\",\"keywords\":[\"Allaitement et Travail\",\"t\u00e9moignage\",\"tire-lait\"],\"articleSection\":[\"Allaitement et Travail\",\"t\u00e9moignages\"],\"inLanguage\":\"fr-FR\",\"potentialAction\":[{\"@type\":\"CommentAction\",\"name\":\"Comment\",\"target\":[\"https:\\\/\\\/www.lactissima.com\\\/a-tire-d-ailes\\\/allaiter-et-travailler-le-temoignage-de-virginie\\\/#respond\"]}]},{\"@type\":\"WebPage\",\"@id\":\"https:\\\/\\\/www.lactissima.com\\\/a-tire-d-ailes\\\/allaiter-et-travailler-le-temoignage-de-virginie\\\/\",\"url\":\"https:\\\/\\\/www.lactissima.com\\\/a-tire-d-ailes\\\/allaiter-et-travailler-le-temoignage-de-virginie\\\/\",\"name\":\"Allaiter et travailler : le t\u00e9moignage de Virginie\",\"isPartOf\":{\"@id\":\"https:\\\/\\\/www.lactissima.com\\\/a-tire-d-ailes\\\/#website\"},\"primaryImageOfPage\":{\"@id\":\"https:\\\/\\\/www.lactissima.com\\\/a-tire-d-ailes\\\/allaiter-et-travailler-le-temoignage-de-virginie\\\/#primaryimage\"},\"image\":{\"@id\":\"https:\\\/\\\/www.lactissima.com\\\/a-tire-d-ailes\\\/allaiter-et-travailler-le-temoignage-de-virginie\\\/#primaryimage\"},\"thumbnailUrl\":\"https:\\\/\\\/www.lactissima.com\\\/a-tire-d-ailes\\\/wp-content\\\/uploads\\\/2009\\\/10\\\/Virginie.jpg\",\"datePublished\":\"2009-10-24T13:24:33+00:00\",\"dateModified\":\"2014-03-15T15:11:23+00:00\",\"author\":{\"@id\":\"https:\\\/\\\/www.lactissima.com\\\/a-tire-d-ailes\\\/#\\\/schema\\\/person\\\/8f98d3a89530861bc1240e6d53d44eed\"},\"description\":\"Je ne changerais rien, je suis actuellement tr\u00e8s satisfaite de mon choix et de l'organisation mise en place.\",\"breadcrumb\":{\"@id\":\"https:\\\/\\\/www.lactissima.com\\\/a-tire-d-ailes\\\/allaiter-et-travailler-le-temoignage-de-virginie\\\/#breadcrumb\"},\"inLanguage\":\"fr-FR\",\"potentialAction\":[{\"@type\":\"ReadAction\",\"target\":[\"https:\\\/\\\/www.lactissima.com\\\/a-tire-d-ailes\\\/allaiter-et-travailler-le-temoignage-de-virginie\\\/\"]}]},{\"@type\":\"ImageObject\",\"inLanguage\":\"fr-FR\",\"@id\":\"https:\\\/\\\/www.lactissima.com\\\/a-tire-d-ailes\\\/allaiter-et-travailler-le-temoignage-de-virginie\\\/#primaryimage\",\"url\":\"https:\\\/\\\/www.lactissima.com\\\/a-tire-d-ailes\\\/wp-content\\\/uploads\\\/2009\\\/10\\\/Virginie.jpg\",\"contentUrl\":\"https:\\\/\\\/www.lactissima.com\\\/a-tire-d-ailes\\\/wp-content\\\/uploads\\\/2009\\\/10\\\/Virginie.jpg\",\"width\":260,\"height\":394},{\"@type\":\"BreadcrumbList\",\"@id\":\"https:\\\/\\\/www.lactissima.com\\\/a-tire-d-ailes\\\/allaiter-et-travailler-le-temoignage-de-virginie\\\/#breadcrumb\",\"itemListElement\":[{\"@type\":\"ListItem\",\"position\":1,\"name\":\"Accueil\",\"item\":\"https:\\\/\\\/www.lactissima.com\\\/a-tire-d-ailes\\\/\"},{\"@type\":\"ListItem\",\"position\":2,\"name\":\"Allaiter et travailler : le t\u00e9moignage de Virginie\"}]},{\"@type\":\"WebSite\",\"@id\":\"https:\\\/\\\/www.lactissima.com\\\/a-tire-d-ailes\\\/#website\",\"url\":\"https:\\\/\\\/www.lactissima.com\\\/a-tire-d-ailes\\\/\",\"name\":\"A tire d&#039;Ailes\",\"description\":\"Le blog des femmes qui allaitent et travaillent.\",\"potentialAction\":[{\"@type\":\"SearchAction\",\"target\":{\"@type\":\"EntryPoint\",\"urlTemplate\":\"https:\\\/\\\/www.lactissima.com\\\/a-tire-d-ailes\\\/?s={search_term_string}\"},\"query-input\":{\"@type\":\"PropertyValueSpecification\",\"valueRequired\":true,\"valueName\":\"search_term_string\"}}],\"inLanguage\":\"fr-FR\"},{\"@type\":\"Person\",\"@id\":\"https:\\\/\\\/www.lactissima.com\\\/a-tire-d-ailes\\\/#\\\/schema\\\/person\\\/8f98d3a89530861bc1240e6d53d44eed\",\"name\":\"V\u00e9ronique Darmangeat\",\"image\":{\"@type\":\"ImageObject\",\"inLanguage\":\"fr-FR\",\"@id\":\"https:\\\/\\\/secure.gravatar.com\\\/avatar\\\/268c99344c89cebfe4f5df5fa8be43068a18884fc76a29f3206fae98465b9cab?s=96&d=identicon&r=g\",\"url\":\"https:\\\/\\\/secure.gravatar.com\\\/avatar\\\/268c99344c89cebfe4f5df5fa8be43068a18884fc76a29f3206fae98465b9cab?s=96&d=identicon&r=g\",\"contentUrl\":\"https:\\\/\\\/secure.gravatar.com\\\/avatar\\\/268c99344c89cebfe4f5df5fa8be43068a18884fc76a29f3206fae98465b9cab?s=96&d=identicon&r=g\",\"caption\":\"V\u00e9ronique Darmangeat\"},\"sameAs\":[\"https:\\\/\\\/www.lactissima.com\\\/a-tire-d-ailes\",\"www.facebook.com\\\/consultante.en.lactation\"]}]}<\/script>\n<!-- \/ Yoast SEO plugin. -->","yoast_head_json":{"title":"Allaiter et travailler : le t\u00e9moignage de Virginie","description":"Je ne changerais rien, je suis actuellement tr\u00e8s satisfaite de mon choix et de l'organisation mise en place.","robots":{"index":"index","follow":"follow","max-snippet":"max-snippet:-1","max-image-preview":"max-image-preview:large","max-video-preview":"max-video-preview:-1"},"canonical":"https:\/\/www.lactissima.com\/a-tire-d-ailes\/allaiter-et-travailler-le-temoignage-de-virginie\/","og_locale":"fr_FR","og_type":"article","og_title":"Allaiter et travailler : le t\u00e9moignage de Virginie","og_description":"Je ne changerais rien, je suis actuellement tr\u00e8s satisfaite de mon choix et de l'organisation mise en place.","og_url":"https:\/\/www.lactissima.com\/a-tire-d-ailes\/allaiter-et-travailler-le-temoignage-de-virginie\/","og_site_name":"A tire d&#039;Ailes","article_publisher":"https:\/\/www.facebook.com\/consultante.en.lactation","article_author":"www.facebook.com\/consultante.en.lactation","article_published_time":"2009-10-24T13:24:33+00:00","article_modified_time":"2014-03-15T15:11:23+00:00","og_image":[{"width":260,"height":394,"url":"https:\/\/www.lactissima.com\/a-tire-d-ailes\/wp-content\/uploads\/2009\/10\/Virginie.jpg","type":"image\/jpeg"}],"author":"V\u00e9ronique Darmangeat","twitter_card":"summary_large_image","twitter_creator":"@VeroniqueIBCLC","twitter_site":"@VeroniqueIBCLC","twitter_misc":{"\u00c9crit par":"V\u00e9ronique Darmangeat","Dur\u00e9e de lecture estim\u00e9e":"5 minutes"},"schema":{"@context":"https:\/\/schema.org","@graph":[{"@type":"Article","@id":"https:\/\/www.lactissima.com\/a-tire-d-ailes\/allaiter-et-travailler-le-temoignage-de-virginie\/#article","isPartOf":{"@id":"https:\/\/www.lactissima.com\/a-tire-d-ailes\/allaiter-et-travailler-le-temoignage-de-virginie\/"},"author":{"name":"V\u00e9ronique Darmangeat","@id":"https:\/\/www.lactissima.com\/a-tire-d-ailes\/#\/schema\/person\/8f98d3a89530861bc1240e6d53d44eed"},"headline":"Allaiter et travailler : le t\u00e9moignage de Virginie","datePublished":"2009-10-24T13:24:33+00:00","dateModified":"2014-03-15T15:11:23+00:00","mainEntityOfPage":{"@id":"https:\/\/www.lactissima.com\/a-tire-d-ailes\/allaiter-et-travailler-le-temoignage-de-virginie\/"},"wordCount":1022,"commentCount":5,"image":{"@id":"https:\/\/www.lactissima.com\/a-tire-d-ailes\/allaiter-et-travailler-le-temoignage-de-virginie\/#primaryimage"},"thumbnailUrl":"https:\/\/www.lactissima.com\/a-tire-d-ailes\/wp-content\/uploads\/2009\/10\/Virginie.jpg","keywords":["Allaitement et Travail","t\u00e9moignage","tire-lait"],"articleSection":["Allaitement et Travail","t\u00e9moignages"],"inLanguage":"fr-FR","potentialAction":[{"@type":"CommentAction","name":"Comment","target":["https:\/\/www.lactissima.com\/a-tire-d-ailes\/allaiter-et-travailler-le-temoignage-de-virginie\/#respond"]}]},{"@type":"WebPage","@id":"https:\/\/www.lactissima.com\/a-tire-d-ailes\/allaiter-et-travailler-le-temoignage-de-virginie\/","url":"https:\/\/www.lactissima.com\/a-tire-d-ailes\/allaiter-et-travailler-le-temoignage-de-virginie\/","name":"Allaiter et travailler : le t\u00e9moignage de Virginie","isPartOf":{"@id":"https:\/\/www.lactissima.com\/a-tire-d-ailes\/#website"},"primaryImageOfPage":{"@id":"https:\/\/www.lactissima.com\/a-tire-d-ailes\/allaiter-et-travailler-le-temoignage-de-virginie\/#primaryimage"},"image":{"@id":"https:\/\/www.lactissima.com\/a-tire-d-ailes\/allaiter-et-travailler-le-temoignage-de-virginie\/#primaryimage"},"thumbnailUrl":"https:\/\/www.lactissima.com\/a-tire-d-ailes\/wp-content\/uploads\/2009\/10\/Virginie.jpg","datePublished":"2009-10-24T13:24:33+00:00","dateModified":"2014-03-15T15:11:23+00:00","author":{"@id":"https:\/\/www.lactissima.com\/a-tire-d-ailes\/#\/schema\/person\/8f98d3a89530861bc1240e6d53d44eed"},"description":"Je ne changerais rien, je suis actuellement tr\u00e8s satisfaite de mon choix et de l'organisation mise en place.","breadcrumb":{"@id":"https:\/\/www.lactissima.com\/a-tire-d-ailes\/allaiter-et-travailler-le-temoignage-de-virginie\/#breadcrumb"},"inLanguage":"fr-FR","potentialAction":[{"@type":"ReadAction","target":["https:\/\/www.lactissima.com\/a-tire-d-ailes\/allaiter-et-travailler-le-temoignage-de-virginie\/"]}]},{"@type":"ImageObject","inLanguage":"fr-FR","@id":"https:\/\/www.lactissima.com\/a-tire-d-ailes\/allaiter-et-travailler-le-temoignage-de-virginie\/#primaryimage","url":"https:\/\/www.lactissima.com\/a-tire-d-ailes\/wp-content\/uploads\/2009\/10\/Virginie.jpg","contentUrl":"https:\/\/www.lactissima.com\/a-tire-d-ailes\/wp-content\/uploads\/2009\/10\/Virginie.jpg","width":260,"height":394},{"@type":"BreadcrumbList","@id":"https:\/\/www.lactissima.com\/a-tire-d-ailes\/allaiter-et-travailler-le-temoignage-de-virginie\/#breadcrumb","itemListElement":[{"@type":"ListItem","position":1,"name":"Accueil","item":"https:\/\/www.lactissima.com\/a-tire-d-ailes\/"},{"@type":"ListItem","position":2,"name":"Allaiter et travailler : le t\u00e9moignage de Virginie"}]},{"@type":"WebSite","@id":"https:\/\/www.lactissima.com\/a-tire-d-ailes\/#website","url":"https:\/\/www.lactissima.com\/a-tire-d-ailes\/","name":"A tire d&#039;Ailes","description":"Le blog des femmes qui allaitent et travaillent.","potentialAction":[{"@type":"SearchAction","target":{"@type":"EntryPoint","urlTemplate":"https:\/\/www.lactissima.com\/a-tire-d-ailes\/?s={search_term_string}"},"query-input":{"@type":"PropertyValueSpecification","valueRequired":true,"valueName":"search_term_string"}}],"inLanguage":"fr-FR"},{"@type":"Person","@id":"https:\/\/www.lactissima.com\/a-tire-d-ailes\/#\/schema\/person\/8f98d3a89530861bc1240e6d53d44eed","name":"V\u00e9ronique Darmangeat","image":{"@type":"ImageObject","inLanguage":"fr-FR","@id":"https:\/\/secure.gravatar.com\/avatar\/268c99344c89cebfe4f5df5fa8be43068a18884fc76a29f3206fae98465b9cab?s=96&d=identicon&r=g","url":"https:\/\/secure.gravatar.com\/avatar\/268c99344c89cebfe4f5df5fa8be43068a18884fc76a29f3206fae98465b9cab?s=96&d=identicon&r=g","contentUrl":"https:\/\/secure.gravatar.com\/avatar\/268c99344c89cebfe4f5df5fa8be43068a18884fc76a29f3206fae98465b9cab?s=96&d=identicon&r=g","caption":"V\u00e9ronique Darmangeat"},"sameAs":["https:\/\/www.lactissima.com\/a-tire-d-ailes","www.facebook.com\/consultante.en.lactation"]}]}},"_links":{"self":[{"href":"https:\/\/www.lactissima.com\/a-tire-d-ailes\/wp-json\/wp\/v2\/posts\/735","targetHints":{"allow":["GET"]}}],"collection":[{"href":"https:\/\/www.lactissima.com\/a-tire-d-ailes\/wp-json\/wp\/v2\/posts"}],"about":[{"href":"https:\/\/www.lactissima.com\/a-tire-d-ailes\/wp-json\/wp\/v2\/types\/post"}],"author":[{"embeddable":true,"href":"https:\/\/www.lactissima.com\/a-tire-d-ailes\/wp-json\/wp\/v2\/users\/170"}],"replies":[{"embeddable":true,"href":"https:\/\/www.lactissima.com\/a-tire-d-ailes\/wp-json\/wp\/v2\/comments?post=735"}],"version-history":[{"count":16,"href":"https:\/\/www.lactissima.com\/a-tire-d-ailes\/wp-json\/wp\/v2\/posts\/735\/revisions"}],"predecessor-version":[{"id":5543,"href":"https:\/\/www.lactissima.com\/a-tire-d-ailes\/wp-json\/wp\/v2\/posts\/735\/revisions\/5543"}],"wp:featuredmedia":[{"embeddable":true,"href":"https:\/\/www.lactissima.com\/a-tire-d-ailes\/wp-json\/wp\/v2\/media\/4564"}],"wp:attachment":[{"href":"https:\/\/www.lactissima.com\/a-tire-d-ailes\/wp-json\/wp\/v2\/media?parent=735"}],"wp:term":[{"taxonomy":"category","embeddable":true,"href":"https:\/\/www.lactissima.com\/a-tire-d-ailes\/wp-json\/wp\/v2\/categories?post=735"},{"taxonomy":"post_tag","embeddable":true,"href":"https:\/\/www.lactissima.com\/a-tire-d-ailes\/wp-json\/wp\/v2\/tags?post=735"}],"curies":[{"name":"wp","href":"https:\/\/api.w.org\/{rel}","templated":true}]}}