{"id":7316,"date":"2017-09-21T12:15:48","date_gmt":"2017-09-21T10:15:48","guid":{"rendered":"https:\/\/www.lactissima.com\/a-tire-d-ailes\/?p=7316"},"modified":"2017-09-21T12:16:26","modified_gmt":"2017-09-21T10:16:26","slug":"lalimentation-a-creche-apres-6-mois","status":"publish","type":"post","link":"https:\/\/www.lactissima.com\/a-tire-d-ailes\/lalimentation-a-creche-apres-6-mois\/","title":{"rendered":"L&rsquo;alimentation \u00e0 la cr\u00e8che apr\u00e8s 6 mois"},"content":{"rendered":"<p style=\"text-align: justify;\"><img loading=\"lazy\" decoding=\"async\" class=\"alignright wp-image-7317 size-full\" src=\"https:\/\/www.lactissima.com\/a-tire-d-ailes\/wp-content\/uploads\/2017\/09\/repas-b\u00e9b\u00e9.jpg\" alt=\"alimentation cr\u00e8che\" width=\"397\" height=\"265\" srcset=\"https:\/\/www.lactissima.com\/a-tire-d-ailes\/wp-content\/uploads\/2017\/09\/repas-b\u00e9b\u00e9.jpg 397w, https:\/\/www.lactissima.com\/a-tire-d-ailes\/wp-content\/uploads\/2017\/09\/repas-b\u00e9b\u00e9-300x200.jpg 300w, https:\/\/www.lactissima.com\/a-tire-d-ailes\/wp-content\/uploads\/2017\/09\/repas-b\u00e9b\u00e9-140x94.jpg 140w\" sizes=\"(max-width: 397px) 100vw, 397px\" \/>Dans la plupart des cr\u00e8ches, une fois la diversification install\u00e9e, le menu du d\u00e9jeuner <strong>ne comporte plus de lait<\/strong>. Dans certaines cr\u00e8ches, il y a un laitage, dans d&rsquo;autres, pas de laitage.<\/p>\n<p style=\"text-align: justify;\">Ces menus sont \u00e9tablis, dans la plupart des cas, par une di\u00e9t\u00e9ticienne qui veille \u00e0 l&rsquo;\u00e9quilibre alimentaire.<\/p>\n<p style=\"text-align: justify;\">Or les enfants ont encore essentiellement besoin de lait jusqu&rsquo;\u00e0 un an. Le lait doit rester <strong>l&rsquo;essentiel de leur alimentation<\/strong>. Lorsque ces menus s&rsquo;adressent \u00e0 des b\u00e9b\u00e9s nourris aux pr\u00e9parations pour nourrisson et qui prennent en g\u00e9n\u00e9ral encore trois gros biberons de 240 ml par jour, l&rsquo;apport en lait est respect\u00e9.<\/p>\n<p style=\"text-align: justify;\">Mais lorsque ces menus s&rsquo;adressent \u00e0 des b\u00e9b\u00e9s allait\u00e9s, on rencontre la plupart du temps un probl\u00e8me : un b\u00e9b\u00e9 au sein ne boit quasiment jamais (sauf exception) 240 ml de lait maternel au sein. Il prend donc plus de t\u00e9t\u00e9es et moins de lait \u00e0 chaque t\u00e9t\u00e9e. Lorsque ce b\u00e9b\u00e9 est en cr\u00e8che, il prend donc en g\u00e9n\u00e9ral plus de petits biberons.<br \/>\nSi la cr\u00e8che refuse de donner des biberons fr\u00e9quents, ils donnent en g\u00e9n\u00e9ral, apr\u00e8s 6 mois, un gros biberon par jour. Mais celui-ci <strong>ne suffit pas<\/strong> \u00e0 couvrir les besoins en lait d&rsquo;un enfant de cet \u00e2ge.<br \/>\nEn g\u00e9n\u00e9ral, il a encore besoin facilement de 400 ml de lait maternel sur la journ\u00e9e de cr\u00e8che.<\/p>\n<p style=\"text-align: justify;\">Lorsque la m\u00e8re tire son lait, et qu&rsquo;elle continue \u00e0 fournir la cr\u00e8che en quantit\u00e9 suffisante, elle se voit souvent dire que ce n&rsquo;est plus la peine de donner autant de lait parce que le b\u00e9b\u00e9 le refuse apr\u00e8s le d\u00e9jeuner.<\/p>\n<p style=\"text-align: justify;\">C&rsquo;est tout \u00e0 fait logique que le b\u00e9b\u00e9 refuse un biberon de lait apr\u00e8s un d\u00e9jeuner cons\u00e9quent : il n&rsquo;a plus suffisamment faim.<\/p>\n<p style=\"text-align: justify;\">La solution est donc de continuer \u00e0 <strong>proposer un biberon de lait maternel avant chaque repas solide<\/strong> \u00e0 la cr\u00e8che et une t\u00e9t\u00e9e avant chaque repas solide \u00e0 la maison, tout simplement.<\/p>\n<p style=\"text-align: justify;\">Mais beaucoup de cr\u00e8ches refusent car elles ne sont pas habitu\u00e9es aux besoins des b\u00e9b\u00e9s allait\u00e9s.<\/p>\n<p style=\"text-align: justify;\">Vous allez donc devoir vous montrer persuasifs vis \u00e0 vis de la cr\u00e8che. Si vraiment la cr\u00e8che refuse, acceptez qu&rsquo;ils donnent un laitage le midi, c&rsquo;est mieux que rien, mais pas le plus adapt\u00e9 pour votre enfant qui pourrait continuer \u00e0 b\u00e9n\u00e9ficier de lait maternel&#8230;<\/p>\n<p style=\"text-align: justify;\">Et <strong>vous<\/strong>, comment sont nourris vos b\u00e9b\u00e9s \u00e0 la cr\u00e8che entre 6 mois et un an ?<\/p>\n<p><strong>Articles en rapport :<\/strong><\/p>\n<ul>\n<li><a href=\"https:\/\/www.lactissima.com\/a-tire-d-ailes\/introduction-des-solides\/\" target=\"_blank\" rel=\"noopener\">L\u2019introduction des solides chez le b\u00e9b\u00e9 en garde.<\/a><\/li>\n<li><a href=\"https:\/\/www.lactissima.com\/a-tire-d-ailes\/vous-ne-nous-laissez-pas-une-quantite-de-lait-suffisante-pour-la-journee\/\" target=\"_blank\" rel=\"noopener\">\u00ab Vous ne nous laissez pas une quantit\u00e9 de lait suffisante pour la journ\u00e9e ! \u00bb<\/a><\/li>\n<li><a href=\"https:\/\/www.lactissima.com\/a-tire-d-ailes\/quantite-de-lait-bue-par-un-bebe\/\" target=\"_blank\" rel=\"noopener\">Quantit\u00e9 de lait bue par un b\u00e9b\u00e9.<\/a><\/li>\n<\/ul>\n<p>&nbsp;<\/p>\n<div class='et-box et-shadow'>\n\t\t\t\t\t<div class='et-box-content'>Lire des articles ou poser des questions en commentaire ne suffit pas \u00e0 r\u00e9soudre votre probl\u00e8me ?\nSavez-vous que vous pouvez prendre RDV pour une consultation avec moi ?\nN&rsquo;h\u00e9sitez pas \u00e0 me contacter !<\/div><\/div>\n","protected":false},"excerpt":{"rendered":"<p>Dans la plupart des cr\u00e8ches, une fois la diversification install\u00e9e, le menu du d\u00e9jeuner ne comporte plus de lait. Dans certaines cr\u00e8ches, il y a un laitage, dans d&rsquo;autres, pas de laitage. Ces menus sont \u00e9tablis, dans la plupart des cas, par une di\u00e9t\u00e9ticienne qui veille \u00e0 l&rsquo;\u00e9quilibre alimentaire. Or les enfants ont encore essentiellement [&hellip;]<\/p>\n","protected":false},"author":170,"featured_media":7317,"comment_status":"open","ping_status":"open","sticky":false,"template":"","format":"standard","meta":{"_et_pb_use_builder":"","_et_pb_old_content":"","_et_gb_content_width":"","footnotes":""},"categories":[712],"tags":[],"class_list":["post-7316","post","type-post","status-publish","format-standard","has-post-thumbnail","hentry","category-mode-de-garde"],"yoast_head":"<!-- This site is optimized with the Yoast SEO plugin v27.4 - https:\/\/yoast.com\/product\/yoast-seo-wordpress\/ -->\n<title>alimentation cr\u00e8che<\/title>\n<meta name=\"description\" content=\"Les b\u00e9b\u00e9s de 6 mois \u00e0 1 an gard\u00e9s en cr\u00e8che n&#039;ont pas une ration de lait maternel suffisante. L&#039;alimentation en cr\u00e8che est faite pour les b\u00e9b\u00e9s au biberon.\" \/>\n<meta name=\"robots\" content=\"index, follow, max-snippet:-1, max-image-preview:large, max-video-preview:-1\" \/>\n<link rel=\"canonical\" href=\"https:\/\/www.lactissima.com\/a-tire-d-ailes\/lalimentation-a-creche-apres-6-mois\/\" \/>\n<meta property=\"og:locale\" content=\"fr_FR\" \/>\n<meta property=\"og:type\" content=\"article\" \/>\n<meta property=\"og:title\" content=\"alimentation cr\u00e8che\" \/>\n<meta property=\"og:description\" content=\"Les b\u00e9b\u00e9s de 6 mois \u00e0 1 an gard\u00e9s en cr\u00e8che n&#039;ont pas une ration de lait maternel suffisante. L&#039;alimentation en cr\u00e8che est faite pour les b\u00e9b\u00e9s au biberon.\" \/>\n<meta property=\"og:url\" content=\"https:\/\/www.lactissima.com\/a-tire-d-ailes\/lalimentation-a-creche-apres-6-mois\/\" \/>\n<meta property=\"og:site_name\" content=\"A tire d&#039;Ailes\" \/>\n<meta property=\"article:publisher\" content=\"https:\/\/www.facebook.com\/consultante.en.lactation\" \/>\n<meta property=\"article:author\" content=\"www.facebook.com\/consultante.en.lactation\" \/>\n<meta property=\"article:published_time\" content=\"2017-09-21T10:15:48+00:00\" \/>\n<meta property=\"article:modified_time\" content=\"2017-09-21T10:16:26+00:00\" \/>\n<meta property=\"og:image\" content=\"https:\/\/www.lactissima.com\/a-tire-d-ailes\/wp-content\/uploads\/2017\/09\/repas-b\u00e9b\u00e9.jpg\" \/>\n\t<meta property=\"og:image:width\" content=\"397\" \/>\n\t<meta property=\"og:image:height\" content=\"265\" \/>\n\t<meta property=\"og:image:type\" content=\"image\/jpeg\" \/>\n<meta name=\"author\" content=\"V\u00e9ronique Darmangeat\" \/>\n<meta name=\"twitter:card\" content=\"summary_large_image\" \/>\n<meta name=\"twitter:creator\" content=\"@VeroniqueIBCLC\" \/>\n<meta name=\"twitter:site\" content=\"@VeroniqueIBCLC\" \/>\n<meta name=\"twitter:label1\" content=\"\u00c9crit par\" \/>\n\t<meta name=\"twitter:data1\" content=\"V\u00e9ronique Darmangeat\" \/>\n\t<meta name=\"twitter:label2\" content=\"Dur\u00e9e de lecture estim\u00e9e\" \/>\n\t<meta name=\"twitter:data2\" content=\"3 minutes\" \/>\n<script type=\"application\/ld+json\" class=\"yoast-schema-graph\">{\"@context\":\"https:\\\/\\\/schema.org\",\"@graph\":[{\"@type\":\"Article\",\"@id\":\"https:\\\/\\\/www.lactissima.com\\\/a-tire-d-ailes\\\/lalimentation-a-creche-apres-6-mois\\\/#article\",\"isPartOf\":{\"@id\":\"https:\\\/\\\/www.lactissima.com\\\/a-tire-d-ailes\\\/lalimentation-a-creche-apres-6-mois\\\/\"},\"author\":{\"name\":\"V\u00e9ronique Darmangeat\",\"@id\":\"https:\\\/\\\/www.lactissima.com\\\/a-tire-d-ailes\\\/#\\\/schema\\\/person\\\/8f98d3a89530861bc1240e6d53d44eed\"},\"headline\":\"L&rsquo;alimentation \u00e0 la cr\u00e8che apr\u00e8s 6 mois\",\"datePublished\":\"2017-09-21T10:15:48+00:00\",\"dateModified\":\"2017-09-21T10:16:26+00:00\",\"mainEntityOfPage\":{\"@id\":\"https:\\\/\\\/www.lactissima.com\\\/a-tire-d-ailes\\\/lalimentation-a-creche-apres-6-mois\\\/\"},\"wordCount\":521,\"commentCount\":51,\"image\":{\"@id\":\"https:\\\/\\\/www.lactissima.com\\\/a-tire-d-ailes\\\/lalimentation-a-creche-apres-6-mois\\\/#primaryimage\"},\"thumbnailUrl\":\"https:\\\/\\\/www.lactissima.com\\\/a-tire-d-ailes\\\/wp-content\\\/uploads\\\/2017\\\/09\\\/repas-b\u00e9b\u00e9.jpg\",\"articleSection\":[\"Mode de garde\"],\"inLanguage\":\"fr-FR\",\"potentialAction\":[{\"@type\":\"CommentAction\",\"name\":\"Comment\",\"target\":[\"https:\\\/\\\/www.lactissima.com\\\/a-tire-d-ailes\\\/lalimentation-a-creche-apres-6-mois\\\/#respond\"]}]},{\"@type\":\"WebPage\",\"@id\":\"https:\\\/\\\/www.lactissima.com\\\/a-tire-d-ailes\\\/lalimentation-a-creche-apres-6-mois\\\/\",\"url\":\"https:\\\/\\\/www.lactissima.com\\\/a-tire-d-ailes\\\/lalimentation-a-creche-apres-6-mois\\\/\",\"name\":\"alimentation cr\u00e8che\",\"isPartOf\":{\"@id\":\"https:\\\/\\\/www.lactissima.com\\\/a-tire-d-ailes\\\/#website\"},\"primaryImageOfPage\":{\"@id\":\"https:\\\/\\\/www.lactissima.com\\\/a-tire-d-ailes\\\/lalimentation-a-creche-apres-6-mois\\\/#primaryimage\"},\"image\":{\"@id\":\"https:\\\/\\\/www.lactissima.com\\\/a-tire-d-ailes\\\/lalimentation-a-creche-apres-6-mois\\\/#primaryimage\"},\"thumbnailUrl\":\"https:\\\/\\\/www.lactissima.com\\\/a-tire-d-ailes\\\/wp-content\\\/uploads\\\/2017\\\/09\\\/repas-b\u00e9b\u00e9.jpg\",\"datePublished\":\"2017-09-21T10:15:48+00:00\",\"dateModified\":\"2017-09-21T10:16:26+00:00\",\"author\":{\"@id\":\"https:\\\/\\\/www.lactissima.com\\\/a-tire-d-ailes\\\/#\\\/schema\\\/person\\\/8f98d3a89530861bc1240e6d53d44eed\"},\"description\":\"Les b\u00e9b\u00e9s de 6 mois \u00e0 1 an gard\u00e9s en cr\u00e8che n'ont pas une ration de lait maternel suffisante. L'alimentation en cr\u00e8che est faite pour les b\u00e9b\u00e9s au biberon.\",\"breadcrumb\":{\"@id\":\"https:\\\/\\\/www.lactissima.com\\\/a-tire-d-ailes\\\/lalimentation-a-creche-apres-6-mois\\\/#breadcrumb\"},\"inLanguage\":\"fr-FR\",\"potentialAction\":[{\"@type\":\"ReadAction\",\"target\":[\"https:\\\/\\\/www.lactissima.com\\\/a-tire-d-ailes\\\/lalimentation-a-creche-apres-6-mois\\\/\"]}]},{\"@type\":\"ImageObject\",\"inLanguage\":\"fr-FR\",\"@id\":\"https:\\\/\\\/www.lactissima.com\\\/a-tire-d-ailes\\\/lalimentation-a-creche-apres-6-mois\\\/#primaryimage\",\"url\":\"https:\\\/\\\/www.lactissima.com\\\/a-tire-d-ailes\\\/wp-content\\\/uploads\\\/2017\\\/09\\\/repas-b\u00e9b\u00e9.jpg\",\"contentUrl\":\"https:\\\/\\\/www.lactissima.com\\\/a-tire-d-ailes\\\/wp-content\\\/uploads\\\/2017\\\/09\\\/repas-b\u00e9b\u00e9.jpg\",\"width\":397,\"height\":265,\"caption\":\"repas b\u00e9b\u00e9\"},{\"@type\":\"BreadcrumbList\",\"@id\":\"https:\\\/\\\/www.lactissima.com\\\/a-tire-d-ailes\\\/lalimentation-a-creche-apres-6-mois\\\/#breadcrumb\",\"itemListElement\":[{\"@type\":\"ListItem\",\"position\":1,\"name\":\"Accueil\",\"item\":\"https:\\\/\\\/www.lactissima.com\\\/a-tire-d-ailes\\\/\"},{\"@type\":\"ListItem\",\"position\":2,\"name\":\"L&rsquo;alimentation \u00e0 la cr\u00e8che apr\u00e8s 6 mois\"}]},{\"@type\":\"WebSite\",\"@id\":\"https:\\\/\\\/www.lactissima.com\\\/a-tire-d-ailes\\\/#website\",\"url\":\"https:\\\/\\\/www.lactissima.com\\\/a-tire-d-ailes\\\/\",\"name\":\"A tire d&#039;Ailes\",\"description\":\"Le blog des femmes qui allaitent et travaillent.\",\"potentialAction\":[{\"@type\":\"SearchAction\",\"target\":{\"@type\":\"EntryPoint\",\"urlTemplate\":\"https:\\\/\\\/www.lactissima.com\\\/a-tire-d-ailes\\\/?s={search_term_string}\"},\"query-input\":{\"@type\":\"PropertyValueSpecification\",\"valueRequired\":true,\"valueName\":\"search_term_string\"}}],\"inLanguage\":\"fr-FR\"},{\"@type\":\"Person\",\"@id\":\"https:\\\/\\\/www.lactissima.com\\\/a-tire-d-ailes\\\/#\\\/schema\\\/person\\\/8f98d3a89530861bc1240e6d53d44eed\",\"name\":\"V\u00e9ronique Darmangeat\",\"image\":{\"@type\":\"ImageObject\",\"inLanguage\":\"fr-FR\",\"@id\":\"https:\\\/\\\/secure.gravatar.com\\\/avatar\\\/268c99344c89cebfe4f5df5fa8be43068a18884fc76a29f3206fae98465b9cab?s=96&d=identicon&r=g\",\"url\":\"https:\\\/\\\/secure.gravatar.com\\\/avatar\\\/268c99344c89cebfe4f5df5fa8be43068a18884fc76a29f3206fae98465b9cab?s=96&d=identicon&r=g\",\"contentUrl\":\"https:\\\/\\\/secure.gravatar.com\\\/avatar\\\/268c99344c89cebfe4f5df5fa8be43068a18884fc76a29f3206fae98465b9cab?s=96&d=identicon&r=g\",\"caption\":\"V\u00e9ronique Darmangeat\"},\"sameAs\":[\"https:\\\/\\\/www.lactissima.com\\\/a-tire-d-ailes\",\"www.facebook.com\\\/consultante.en.lactation\"]}]}<\/script>\n<!-- \/ Yoast SEO plugin. -->","yoast_head_json":{"title":"alimentation cr\u00e8che","description":"Les b\u00e9b\u00e9s de 6 mois \u00e0 1 an gard\u00e9s en cr\u00e8che n'ont pas une ration de lait maternel suffisante. L'alimentation en cr\u00e8che est faite pour les b\u00e9b\u00e9s au biberon.","robots":{"index":"index","follow":"follow","max-snippet":"max-snippet:-1","max-image-preview":"max-image-preview:large","max-video-preview":"max-video-preview:-1"},"canonical":"https:\/\/www.lactissima.com\/a-tire-d-ailes\/lalimentation-a-creche-apres-6-mois\/","og_locale":"fr_FR","og_type":"article","og_title":"alimentation cr\u00e8che","og_description":"Les b\u00e9b\u00e9s de 6 mois \u00e0 1 an gard\u00e9s en cr\u00e8che n'ont pas une ration de lait maternel suffisante. L'alimentation en cr\u00e8che est faite pour les b\u00e9b\u00e9s au biberon.","og_url":"https:\/\/www.lactissima.com\/a-tire-d-ailes\/lalimentation-a-creche-apres-6-mois\/","og_site_name":"A tire d&#039;Ailes","article_publisher":"https:\/\/www.facebook.com\/consultante.en.lactation","article_author":"www.facebook.com\/consultante.en.lactation","article_published_time":"2017-09-21T10:15:48+00:00","article_modified_time":"2017-09-21T10:16:26+00:00","og_image":[{"width":397,"height":265,"url":"https:\/\/www.lactissima.com\/a-tire-d-ailes\/wp-content\/uploads\/2017\/09\/repas-b\u00e9b\u00e9.jpg","type":"image\/jpeg"}],"author":"V\u00e9ronique Darmangeat","twitter_card":"summary_large_image","twitter_creator":"@VeroniqueIBCLC","twitter_site":"@VeroniqueIBCLC","twitter_misc":{"\u00c9crit par":"V\u00e9ronique Darmangeat","Dur\u00e9e de lecture estim\u00e9e":"3 minutes"},"schema":{"@context":"https:\/\/schema.org","@graph":[{"@type":"Article","@id":"https:\/\/www.lactissima.com\/a-tire-d-ailes\/lalimentation-a-creche-apres-6-mois\/#article","isPartOf":{"@id":"https:\/\/www.lactissima.com\/a-tire-d-ailes\/lalimentation-a-creche-apres-6-mois\/"},"author":{"name":"V\u00e9ronique Darmangeat","@id":"https:\/\/www.lactissima.com\/a-tire-d-ailes\/#\/schema\/person\/8f98d3a89530861bc1240e6d53d44eed"},"headline":"L&rsquo;alimentation \u00e0 la cr\u00e8che apr\u00e8s 6 mois","datePublished":"2017-09-21T10:15:48+00:00","dateModified":"2017-09-21T10:16:26+00:00","mainEntityOfPage":{"@id":"https:\/\/www.lactissima.com\/a-tire-d-ailes\/lalimentation-a-creche-apres-6-mois\/"},"wordCount":521,"commentCount":51,"image":{"@id":"https:\/\/www.lactissima.com\/a-tire-d-ailes\/lalimentation-a-creche-apres-6-mois\/#primaryimage"},"thumbnailUrl":"https:\/\/www.lactissima.com\/a-tire-d-ailes\/wp-content\/uploads\/2017\/09\/repas-b\u00e9b\u00e9.jpg","articleSection":["Mode de garde"],"inLanguage":"fr-FR","potentialAction":[{"@type":"CommentAction","name":"Comment","target":["https:\/\/www.lactissima.com\/a-tire-d-ailes\/lalimentation-a-creche-apres-6-mois\/#respond"]}]},{"@type":"WebPage","@id":"https:\/\/www.lactissima.com\/a-tire-d-ailes\/lalimentation-a-creche-apres-6-mois\/","url":"https:\/\/www.lactissima.com\/a-tire-d-ailes\/lalimentation-a-creche-apres-6-mois\/","name":"alimentation cr\u00e8che","isPartOf":{"@id":"https:\/\/www.lactissima.com\/a-tire-d-ailes\/#website"},"primaryImageOfPage":{"@id":"https:\/\/www.lactissima.com\/a-tire-d-ailes\/lalimentation-a-creche-apres-6-mois\/#primaryimage"},"image":{"@id":"https:\/\/www.lactissima.com\/a-tire-d-ailes\/lalimentation-a-creche-apres-6-mois\/#primaryimage"},"thumbnailUrl":"https:\/\/www.lactissima.com\/a-tire-d-ailes\/wp-content\/uploads\/2017\/09\/repas-b\u00e9b\u00e9.jpg","datePublished":"2017-09-21T10:15:48+00:00","dateModified":"2017-09-21T10:16:26+00:00","author":{"@id":"https:\/\/www.lactissima.com\/a-tire-d-ailes\/#\/schema\/person\/8f98d3a89530861bc1240e6d53d44eed"},"description":"Les b\u00e9b\u00e9s de 6 mois \u00e0 1 an gard\u00e9s en cr\u00e8che n'ont pas une ration de lait maternel suffisante. L'alimentation en cr\u00e8che est faite pour les b\u00e9b\u00e9s au biberon.","breadcrumb":{"@id":"https:\/\/www.lactissima.com\/a-tire-d-ailes\/lalimentation-a-creche-apres-6-mois\/#breadcrumb"},"inLanguage":"fr-FR","potentialAction":[{"@type":"ReadAction","target":["https:\/\/www.lactissima.com\/a-tire-d-ailes\/lalimentation-a-creche-apres-6-mois\/"]}]},{"@type":"ImageObject","inLanguage":"fr-FR","@id":"https:\/\/www.lactissima.com\/a-tire-d-ailes\/lalimentation-a-creche-apres-6-mois\/#primaryimage","url":"https:\/\/www.lactissima.com\/a-tire-d-ailes\/wp-content\/uploads\/2017\/09\/repas-b\u00e9b\u00e9.jpg","contentUrl":"https:\/\/www.lactissima.com\/a-tire-d-ailes\/wp-content\/uploads\/2017\/09\/repas-b\u00e9b\u00e9.jpg","width":397,"height":265,"caption":"repas b\u00e9b\u00e9"},{"@type":"BreadcrumbList","@id":"https:\/\/www.lactissima.com\/a-tire-d-ailes\/lalimentation-a-creche-apres-6-mois\/#breadcrumb","itemListElement":[{"@type":"ListItem","position":1,"name":"Accueil","item":"https:\/\/www.lactissima.com\/a-tire-d-ailes\/"},{"@type":"ListItem","position":2,"name":"L&rsquo;alimentation \u00e0 la cr\u00e8che apr\u00e8s 6 mois"}]},{"@type":"WebSite","@id":"https:\/\/www.lactissima.com\/a-tire-d-ailes\/#website","url":"https:\/\/www.lactissima.com\/a-tire-d-ailes\/","name":"A tire d&#039;Ailes","description":"Le blog des femmes qui allaitent et travaillent.","potentialAction":[{"@type":"SearchAction","target":{"@type":"EntryPoint","urlTemplate":"https:\/\/www.lactissima.com\/a-tire-d-ailes\/?s={search_term_string}"},"query-input":{"@type":"PropertyValueSpecification","valueRequired":true,"valueName":"search_term_string"}}],"inLanguage":"fr-FR"},{"@type":"Person","@id":"https:\/\/www.lactissima.com\/a-tire-d-ailes\/#\/schema\/person\/8f98d3a89530861bc1240e6d53d44eed","name":"V\u00e9ronique Darmangeat","image":{"@type":"ImageObject","inLanguage":"fr-FR","@id":"https:\/\/secure.gravatar.com\/avatar\/268c99344c89cebfe4f5df5fa8be43068a18884fc76a29f3206fae98465b9cab?s=96&d=identicon&r=g","url":"https:\/\/secure.gravatar.com\/avatar\/268c99344c89cebfe4f5df5fa8be43068a18884fc76a29f3206fae98465b9cab?s=96&d=identicon&r=g","contentUrl":"https:\/\/secure.gravatar.com\/avatar\/268c99344c89cebfe4f5df5fa8be43068a18884fc76a29f3206fae98465b9cab?s=96&d=identicon&r=g","caption":"V\u00e9ronique Darmangeat"},"sameAs":["https:\/\/www.lactissima.com\/a-tire-d-ailes","www.facebook.com\/consultante.en.lactation"]}]}},"_links":{"self":[{"href":"https:\/\/www.lactissima.com\/a-tire-d-ailes\/wp-json\/wp\/v2\/posts\/7316","targetHints":{"allow":["GET"]}}],"collection":[{"href":"https:\/\/www.lactissima.com\/a-tire-d-ailes\/wp-json\/wp\/v2\/posts"}],"about":[{"href":"https:\/\/www.lactissima.com\/a-tire-d-ailes\/wp-json\/wp\/v2\/types\/post"}],"author":[{"embeddable":true,"href":"https:\/\/www.lactissima.com\/a-tire-d-ailes\/wp-json\/wp\/v2\/users\/170"}],"replies":[{"embeddable":true,"href":"https:\/\/www.lactissima.com\/a-tire-d-ailes\/wp-json\/wp\/v2\/comments?post=7316"}],"version-history":[{"count":2,"href":"https:\/\/www.lactissima.com\/a-tire-d-ailes\/wp-json\/wp\/v2\/posts\/7316\/revisions"}],"predecessor-version":[{"id":7319,"href":"https:\/\/www.lactissima.com\/a-tire-d-ailes\/wp-json\/wp\/v2\/posts\/7316\/revisions\/7319"}],"wp:featuredmedia":[{"embeddable":true,"href":"https:\/\/www.lactissima.com\/a-tire-d-ailes\/wp-json\/wp\/v2\/media\/7317"}],"wp:attachment":[{"href":"https:\/\/www.lactissima.com\/a-tire-d-ailes\/wp-json\/wp\/v2\/media?parent=7316"}],"wp:term":[{"taxonomy":"category","embeddable":true,"href":"https:\/\/www.lactissima.com\/a-tire-d-ailes\/wp-json\/wp\/v2\/categories?post=7316"},{"taxonomy":"post_tag","embeddable":true,"href":"https:\/\/www.lactissima.com\/a-tire-d-ailes\/wp-json\/wp\/v2\/tags?post=7316"}],"curies":[{"name":"wp","href":"https:\/\/api.w.org\/{rel}","templated":true}]}}