{"id":7310,"date":"2017-09-14T15:04:14","date_gmt":"2017-09-14T13:04:14","guid":{"rendered":"https:\/\/www.lactissima.com\/a-tire-d-ailes\/?p=7310"},"modified":"2017-09-14T15:04:14","modified_gmt":"2017-09-14T13:04:14","slug":"allaiter-et-travailler-le-temoignage-demilie-4","status":"publish","type":"post","link":"https:\/\/www.lactissima.com\/a-tire-d-ailes\/allaiter-et-travailler-le-temoignage-demilie-4\/","title":{"rendered":"Allaiter et travailler : le t\u00e9moignage d&rsquo;Emilie"},"content":{"rendered":"<ul>\n<li style=\"text-align: justify;\"><strong><img loading=\"lazy\" decoding=\"async\" class=\"alignright size-full wp-image-7311\" src=\"https:\/\/www.lactissima.com\/a-tire-d-ailes\/wp-content\/uploads\/2017\/09\/Emilie5.jpg\" alt=\"allaiter et travailler\" width=\"229\" height=\"343\" srcset=\"https:\/\/www.lactissima.com\/a-tire-d-ailes\/wp-content\/uploads\/2017\/09\/Emilie5.jpg 229w, https:\/\/www.lactissima.com\/a-tire-d-ailes\/wp-content\/uploads\/2017\/09\/Emilie5-200x300.jpg 200w\" sizes=\"(max-width: 229px) 100vw, 229px\" \/>Quel choix avez-vous fait au moment de la reprise du travail : sevrage ou poursuite de l\u2019allaitement ? Pourquoi ?<\/strong><\/li>\n<\/ul>\n<p style=\"text-align: justify;\">J\u2019ai repris le travail lorsque Maxime avait un peu plus de 5 mois. L\u2019allaitement \u00e9tait bien install\u00e9. Je n\u2019avais pas rencontr\u00e9 de soucis particuliers. En effet j\u2019ai eu la chance, lors de cours de pr\u00e9paration \u00e0 l\u2019accouchement organis\u00e9s \u00e0 la piscine par 3 sages-femmes, qu\u2019il y en ait une qui se pr\u00e9sente comme sp\u00e9cialiste en lactation (certifi\u00e9e IBCLC) travaillant dans une PMI proche de mon domicile (Sainte Genevi\u00e8ve des Bois). Elle m\u2019avait propos\u00e9 de prendre un rendez-vous avant la naissance pour discuter de l\u2019allaitement et cela a \u00e9t\u00e9 un point tr\u00e8s positif pour moi. Ce premier rendez-vous m\u2019avait permis de mieux me pr\u00e9parer et d\u2019avoir \u00e9galement un num\u00e9ro \u00e0 appeler en cas de probl\u00e8me (ce qui est toujours tr\u00e8s rassurant pour une future maman). Par la suite j\u2019ai pris d\u2019autres rendez-vous dans cette PMI avec la seconde consultante en lactation (pu\u00e9ricultrice) qui m\u2019a permis de me rassurer dans les moments de doutes que j\u2019ai pu avoir.<br \/>\nLa poursuite de l\u2019allaitement lors de ma reprise du travail, a \u00e9t\u00e9 pr\u00e9vu avec les conseils d\u2019organisation de cette consultante en lactation : allaitement mixte : t\u00e9t\u00e9e + lait tir\u00e9 \u00e0 la maison, lait en poudre chez la nounou.<\/p>\n<ul style=\"text-align: justify;\">\n<li><strong>Comment vous \u00eates-vous organis\u00e9e ?<\/strong><\/li>\n<\/ul>\n<p style=\"text-align: justify;\">Je tirais mon lait le matin (b\u00e9b\u00e9 encore endormi) avant de partir au travail, et le midi sur mon lieu de travail. Je faisais une t\u00e9t\u00e9e le soir (au moment de son souper) et un dernier tirage plus tard dans la soir\u00e9e.<br \/>\nMaxime buvait mon lait tir\u00e9 le matin et en compl\u00e9ment des t\u00e9t\u00e9es le weekend, puis progressivement en compl\u00e9ment le soir aussi.<br \/>\nMaxime avait un rythme \u00e9tablit de 4 repas par jour (certains jours 5 t\u00e9t\u00e9es mais plus pour me rassurer que par envie de la part du b\u00e9b\u00e9). Par ailleurs nous avons \u00e9galement commenc\u00e9 l\u2019introduction des solides 15 jours avant. C\u2019est un b\u00e9b\u00e9 qui a beaucoup aim\u00e9 l\u2019introduction des solides.<\/p>\n<ul style=\"text-align: justify;\">\n<li><strong>Quelles ont \u00e9t\u00e9 vos principales difficult\u00e9s ?<\/strong><\/li>\n<\/ul>\n<p style=\"text-align: justify;\">Lorsque l\u2019on tire son lait, on voit les quantit\u00e9s \u2026 et je pense ne pas \u00eatre la seule \u00e0 avoir certains jours d\u00e9sesp\u00e9r\u00e9 devant un faible tirage. Bon j\u2019avoue mon c\u00f4t\u00e9 scientifique (je suis ing\u00e9nieure) m\u2019a pouss\u00e9 \u00e0 faire une courbe de mes tirages de lait. \u00c7a m\u2019a permis de relativiser en voyant comment sur le moyen terme les quantit\u00e9s restaient finalement stables (320ml \/ jour en moyenne). Par ailleurs l\u2019allaitement mixte m\u2019a permis de ne jamais avoir la pression sur les quantit\u00e9s. Dans les faits mon lait me suffisait \u00e0 la maison de septembre \u00e0 mi-d\u00e9cembre<br \/>\nLa plus grosse difficult\u00e9 \u00e0 mes yeux a peut-\u00eatre \u00e9t\u00e9 d\u2019accepter que mon fils \u00e0 partir de ses 9 mois pr\u00e9f\u00e9rait le biberon au sein. J\u2019ai souhait\u00e9 profiter de 2 semaines de vacances \u00e0 No\u00ebl pour le mettre \u00e0 chaque repas au sein (chose que j\u2019ai toujours maintenu les weekends), et il faut bien avouer que si oui il accept\u00e9 de commencer par prendre le sein, il s\u2019en d\u00e9sint\u00e9ressait tr\u00e8s vite et \u00e9tait soulag\u00e9 et visiblement heureux quand le biberon arrivait ensuite. Suite \u00e0 cela m\u2019a d\u00e9cision a \u00e9t\u00e9 prise je me suis dirig\u00e9e vers un sevrage d\u00e9finitif tout au long du mois de janvier. Je me suis lib\u00e9r\u00e9e progressivement de mon tire-lait (\u00e7a c\u2019est la partie ultra positive du sevrage). La derni\u00e8re t\u00e9t\u00e9e s\u2019est faite finalement tr\u00e8s simplement, j\u2019\u00e9tais pr\u00eate, Maxime aussi (enfin lui depuis un bon petit moment en fait).<\/p>\n<ul style=\"text-align: justify;\">\n<li><strong>Quelles ont \u00e9t\u00e9 vos points positifs ?<\/strong><\/li>\n<\/ul>\n<p style=\"text-align: justify;\">J\u2019ai appr\u00e9ci\u00e9 la salle de repos et d\u2019allaitement mise en place dans mon entreprise pourtant tr\u00e8s fortement masculine (je travaille dans la mine et la m\u00e9tallurgie). J\u2019\u00e9tais la seule \u00e0 l\u2019utiliser de septembre \u00e0 d\u00e9cembre. Et en janvier savoir que deux nouvelles mamans en avaient \u00e9galement l\u2019utilit\u00e9 m\u2019a aid\u00e9, en leur laissant \u00ab ma place \u00bb, \u00e0 accepter le sevrage.<\/p>\n<ul style=\"text-align: justify;\">\n<li><strong>Quels ont \u00e9t\u00e9 vos meilleurs moments ?<\/strong><\/li>\n<\/ul>\n<p style=\"text-align: justify;\">J\u2019ai beaucoup appr\u00e9ci\u00e9 la proximit\u00e9 cr\u00e9\u00e9e par l\u2019allaitement et le c\u00f4t\u00e9 pratique lorsque l\u2019on est en allaitement exclusif. Par exemple savoir que l\u2019on a tout ce qu\u2019il faut pour nourrir son b\u00e9b\u00e9 de trois mois en plein mois de juin (30\u00b0C ce jour-l\u00e0) suite \u00e0 un accident voyageur sur une grande ligne.<\/p>\n<ul style=\"text-align: justify;\">\n<li><strong>Qu\u2019est-ce que vous souhaiteriez dire aux mamans qui doivent faire un choix dans les semaines \u00e0 venir ?<\/strong><\/li>\n<\/ul>\n<p style=\"text-align: justify;\">Si possible rencontrer comme moi une sp\u00e9cialiste en lactation. Leurs conseils sont pr\u00e9cieux, toujours bienveillants, et cela permet aux mamans de faire prendre des d\u00e9cisions \u00e9clair\u00e9es qui leur correspondent, et ceux tout au long de leur allaitement.<\/p>\n<ul style=\"text-align: justify;\">\n<li><strong>Ce serait \u00e0 refaire, vous referiez le m\u00eame choix ? Que changeriez-vous ?<\/strong><\/li>\n<\/ul>\n<p style=\"text-align: justify;\">Je pense bien \u00e9videment allaiter mes autres enfants. Je pense ne pas changer grand-chose dans mes grandes d\u00e9cisions et continuer \u00e0 avoir le soutien d\u2019une consultante en lactation, et m\u00eame refaire une s\u00e9ance avant l\u2019accouchement pour me remettre dans le bain !<\/p>\n<p style=\"text-align: justify;\"><strong>Articles en rapport :<\/strong><\/p>\n<ul>\n<li style=\"text-align: justify;\">Voir l\u2019onglet\u00a0<a href=\"https:\/\/www.lactissima.com\/a-tire-d-ailes\/temoignages-travail-et-allaitement\/\" target=\"_blank\" rel=\"noopener noreferrer\">t\u00e9moignages<\/a><\/li>\n<\/ul>\n<p>&nbsp;<\/p>\n<div class='et-box et-shadow'>\n\t\t\t\t\t<div class='et-box-content'>Lire des articles ou poser des questions en commentaire ne suffit pas \u00e0 r\u00e9soudre votre probl\u00e8me ?\nSavez-vous que vous pouvez prendre RDV pour une consultation avec moi ?\nN&rsquo;h\u00e9sitez pas \u00e0 me contacter !<\/div><\/div>\n","protected":false},"excerpt":{"rendered":"<p>Quel choix avez-vous fait au moment de la reprise du travail : sevrage ou poursuite de l\u2019allaitement ? Pourquoi ? J\u2019ai repris le travail lorsque Maxime avait un peu plus de 5 mois. L\u2019allaitement \u00e9tait bien install\u00e9. Je n\u2019avais pas rencontr\u00e9 de soucis particuliers. En effet j\u2019ai eu la chance, lors de cours de pr\u00e9paration [&hellip;]<\/p>\n","protected":false},"author":170,"featured_media":7311,"comment_status":"open","ping_status":"open","sticky":false,"template":"","format":"standard","meta":{"_et_pb_use_builder":"","_et_pb_old_content":"","_et_gb_content_width":"","footnotes":""},"categories":[150],"tags":[],"class_list":["post-7310","post","type-post","status-publish","format-standard","has-post-thumbnail","hentry","category-temoignages"],"yoast_head":"<!-- This site is optimized with the Yoast SEO plugin v27.4 - https:\/\/yoast.com\/product\/yoast-seo-wordpress\/ -->\n<title>Allaiter et travailler : le t\u00e9moignage d&#039;Emilie<\/title>\n<meta name=\"description\" content=\"Emilie a mis en place un allaitement mixte \u00e0 la reprise du travail tout en tirant son lait sur son lieu de travail.\" \/>\n<meta name=\"robots\" content=\"index, follow, max-snippet:-1, max-image-preview:large, max-video-preview:-1\" \/>\n<link rel=\"canonical\" href=\"https:\/\/www.lactissima.com\/a-tire-d-ailes\/allaiter-et-travailler-le-temoignage-demilie-4\/\" \/>\n<meta property=\"og:locale\" content=\"fr_FR\" \/>\n<meta property=\"og:type\" content=\"article\" \/>\n<meta property=\"og:title\" content=\"Allaiter et travailler : le t\u00e9moignage d&#039;Emilie\" \/>\n<meta property=\"og:description\" content=\"Emilie a mis en place un allaitement mixte \u00e0 la reprise du travail tout en tirant son lait sur son lieu de travail.\" \/>\n<meta property=\"og:url\" content=\"https:\/\/www.lactissima.com\/a-tire-d-ailes\/allaiter-et-travailler-le-temoignage-demilie-4\/\" \/>\n<meta property=\"og:site_name\" content=\"A tire d&#039;Ailes\" \/>\n<meta property=\"article:publisher\" content=\"https:\/\/www.facebook.com\/consultante.en.lactation\" \/>\n<meta property=\"article:author\" content=\"www.facebook.com\/consultante.en.lactation\" \/>\n<meta property=\"article:published_time\" content=\"2017-09-14T13:04:14+00:00\" \/>\n<meta property=\"og:image\" content=\"https:\/\/www.lactissima.com\/a-tire-d-ailes\/wp-content\/uploads\/2017\/09\/Emilie5.jpg\" \/>\n\t<meta property=\"og:image:width\" content=\"229\" \/>\n\t<meta property=\"og:image:height\" content=\"343\" \/>\n\t<meta property=\"og:image:type\" content=\"image\/jpeg\" \/>\n<meta name=\"author\" content=\"V\u00e9ronique Darmangeat\" \/>\n<meta name=\"twitter:card\" content=\"summary_large_image\" \/>\n<meta name=\"twitter:creator\" content=\"@VeroniqueIBCLC\" \/>\n<meta name=\"twitter:site\" content=\"@VeroniqueIBCLC\" \/>\n<meta name=\"twitter:label1\" content=\"\u00c9crit par\" \/>\n\t<meta name=\"twitter:data1\" content=\"V\u00e9ronique Darmangeat\" \/>\n\t<meta name=\"twitter:label2\" content=\"Dur\u00e9e de lecture estim\u00e9e\" \/>\n\t<meta name=\"twitter:data2\" content=\"5 minutes\" \/>\n<script type=\"application\/ld+json\" class=\"yoast-schema-graph\">{\"@context\":\"https:\\\/\\\/schema.org\",\"@graph\":[{\"@type\":\"Article\",\"@id\":\"https:\\\/\\\/www.lactissima.com\\\/a-tire-d-ailes\\\/allaiter-et-travailler-le-temoignage-demilie-4\\\/#article\",\"isPartOf\":{\"@id\":\"https:\\\/\\\/www.lactissima.com\\\/a-tire-d-ailes\\\/allaiter-et-travailler-le-temoignage-demilie-4\\\/\"},\"author\":{\"name\":\"V\u00e9ronique Darmangeat\",\"@id\":\"https:\\\/\\\/www.lactissima.com\\\/a-tire-d-ailes\\\/#\\\/schema\\\/person\\\/8f98d3a89530861bc1240e6d53d44eed\"},\"headline\":\"Allaiter et travailler : le t\u00e9moignage d&rsquo;Emilie\",\"datePublished\":\"2017-09-14T13:04:14+00:00\",\"mainEntityOfPage\":{\"@id\":\"https:\\\/\\\/www.lactissima.com\\\/a-tire-d-ailes\\\/allaiter-et-travailler-le-temoignage-demilie-4\\\/\"},\"wordCount\":940,\"commentCount\":1,\"image\":{\"@id\":\"https:\\\/\\\/www.lactissima.com\\\/a-tire-d-ailes\\\/allaiter-et-travailler-le-temoignage-demilie-4\\\/#primaryimage\"},\"thumbnailUrl\":\"https:\\\/\\\/www.lactissima.com\\\/a-tire-d-ailes\\\/wp-content\\\/uploads\\\/2017\\\/09\\\/Emilie5.jpg\",\"articleSection\":[\"t\u00e9moignages\"],\"inLanguage\":\"fr-FR\",\"potentialAction\":[{\"@type\":\"CommentAction\",\"name\":\"Comment\",\"target\":[\"https:\\\/\\\/www.lactissima.com\\\/a-tire-d-ailes\\\/allaiter-et-travailler-le-temoignage-demilie-4\\\/#respond\"]}]},{\"@type\":\"WebPage\",\"@id\":\"https:\\\/\\\/www.lactissima.com\\\/a-tire-d-ailes\\\/allaiter-et-travailler-le-temoignage-demilie-4\\\/\",\"url\":\"https:\\\/\\\/www.lactissima.com\\\/a-tire-d-ailes\\\/allaiter-et-travailler-le-temoignage-demilie-4\\\/\",\"name\":\"Allaiter et travailler : le t\u00e9moignage d'Emilie\",\"isPartOf\":{\"@id\":\"https:\\\/\\\/www.lactissima.com\\\/a-tire-d-ailes\\\/#website\"},\"primaryImageOfPage\":{\"@id\":\"https:\\\/\\\/www.lactissima.com\\\/a-tire-d-ailes\\\/allaiter-et-travailler-le-temoignage-demilie-4\\\/#primaryimage\"},\"image\":{\"@id\":\"https:\\\/\\\/www.lactissima.com\\\/a-tire-d-ailes\\\/allaiter-et-travailler-le-temoignage-demilie-4\\\/#primaryimage\"},\"thumbnailUrl\":\"https:\\\/\\\/www.lactissima.com\\\/a-tire-d-ailes\\\/wp-content\\\/uploads\\\/2017\\\/09\\\/Emilie5.jpg\",\"datePublished\":\"2017-09-14T13:04:14+00:00\",\"author\":{\"@id\":\"https:\\\/\\\/www.lactissima.com\\\/a-tire-d-ailes\\\/#\\\/schema\\\/person\\\/8f98d3a89530861bc1240e6d53d44eed\"},\"description\":\"Emilie a mis en place un allaitement mixte \u00e0 la reprise du travail tout en tirant son lait sur son lieu de travail.\",\"breadcrumb\":{\"@id\":\"https:\\\/\\\/www.lactissima.com\\\/a-tire-d-ailes\\\/allaiter-et-travailler-le-temoignage-demilie-4\\\/#breadcrumb\"},\"inLanguage\":\"fr-FR\",\"potentialAction\":[{\"@type\":\"ReadAction\",\"target\":[\"https:\\\/\\\/www.lactissima.com\\\/a-tire-d-ailes\\\/allaiter-et-travailler-le-temoignage-demilie-4\\\/\"]}]},{\"@type\":\"ImageObject\",\"inLanguage\":\"fr-FR\",\"@id\":\"https:\\\/\\\/www.lactissima.com\\\/a-tire-d-ailes\\\/allaiter-et-travailler-le-temoignage-demilie-4\\\/#primaryimage\",\"url\":\"https:\\\/\\\/www.lactissima.com\\\/a-tire-d-ailes\\\/wp-content\\\/uploads\\\/2017\\\/09\\\/Emilie5.jpg\",\"contentUrl\":\"https:\\\/\\\/www.lactissima.com\\\/a-tire-d-ailes\\\/wp-content\\\/uploads\\\/2017\\\/09\\\/Emilie5.jpg\",\"width\":229,\"height\":343,\"caption\":\"allaiter et travailler\"},{\"@type\":\"BreadcrumbList\",\"@id\":\"https:\\\/\\\/www.lactissima.com\\\/a-tire-d-ailes\\\/allaiter-et-travailler-le-temoignage-demilie-4\\\/#breadcrumb\",\"itemListElement\":[{\"@type\":\"ListItem\",\"position\":1,\"name\":\"Accueil\",\"item\":\"https:\\\/\\\/www.lactissima.com\\\/a-tire-d-ailes\\\/\"},{\"@type\":\"ListItem\",\"position\":2,\"name\":\"Allaiter et travailler : le t\u00e9moignage d&rsquo;Emilie\"}]},{\"@type\":\"WebSite\",\"@id\":\"https:\\\/\\\/www.lactissima.com\\\/a-tire-d-ailes\\\/#website\",\"url\":\"https:\\\/\\\/www.lactissima.com\\\/a-tire-d-ailes\\\/\",\"name\":\"A tire d&#039;Ailes\",\"description\":\"Le blog des femmes qui allaitent et travaillent.\",\"potentialAction\":[{\"@type\":\"SearchAction\",\"target\":{\"@type\":\"EntryPoint\",\"urlTemplate\":\"https:\\\/\\\/www.lactissima.com\\\/a-tire-d-ailes\\\/?s={search_term_string}\"},\"query-input\":{\"@type\":\"PropertyValueSpecification\",\"valueRequired\":true,\"valueName\":\"search_term_string\"}}],\"inLanguage\":\"fr-FR\"},{\"@type\":\"Person\",\"@id\":\"https:\\\/\\\/www.lactissima.com\\\/a-tire-d-ailes\\\/#\\\/schema\\\/person\\\/8f98d3a89530861bc1240e6d53d44eed\",\"name\":\"V\u00e9ronique Darmangeat\",\"image\":{\"@type\":\"ImageObject\",\"inLanguage\":\"fr-FR\",\"@id\":\"https:\\\/\\\/secure.gravatar.com\\\/avatar\\\/268c99344c89cebfe4f5df5fa8be43068a18884fc76a29f3206fae98465b9cab?s=96&d=identicon&r=g\",\"url\":\"https:\\\/\\\/secure.gravatar.com\\\/avatar\\\/268c99344c89cebfe4f5df5fa8be43068a18884fc76a29f3206fae98465b9cab?s=96&d=identicon&r=g\",\"contentUrl\":\"https:\\\/\\\/secure.gravatar.com\\\/avatar\\\/268c99344c89cebfe4f5df5fa8be43068a18884fc76a29f3206fae98465b9cab?s=96&d=identicon&r=g\",\"caption\":\"V\u00e9ronique Darmangeat\"},\"sameAs\":[\"https:\\\/\\\/www.lactissima.com\\\/a-tire-d-ailes\",\"www.facebook.com\\\/consultante.en.lactation\"]}]}<\/script>\n<!-- \/ Yoast SEO plugin. -->","yoast_head_json":{"title":"Allaiter et travailler : le t\u00e9moignage d'Emilie","description":"Emilie a mis en place un allaitement mixte \u00e0 la reprise du travail tout en tirant son lait sur son lieu de travail.","robots":{"index":"index","follow":"follow","max-snippet":"max-snippet:-1","max-image-preview":"max-image-preview:large","max-video-preview":"max-video-preview:-1"},"canonical":"https:\/\/www.lactissima.com\/a-tire-d-ailes\/allaiter-et-travailler-le-temoignage-demilie-4\/","og_locale":"fr_FR","og_type":"article","og_title":"Allaiter et travailler : le t\u00e9moignage d'Emilie","og_description":"Emilie a mis en place un allaitement mixte \u00e0 la reprise du travail tout en tirant son lait sur son lieu de travail.","og_url":"https:\/\/www.lactissima.com\/a-tire-d-ailes\/allaiter-et-travailler-le-temoignage-demilie-4\/","og_site_name":"A tire d&#039;Ailes","article_publisher":"https:\/\/www.facebook.com\/consultante.en.lactation","article_author":"www.facebook.com\/consultante.en.lactation","article_published_time":"2017-09-14T13:04:14+00:00","og_image":[{"width":229,"height":343,"url":"https:\/\/www.lactissima.com\/a-tire-d-ailes\/wp-content\/uploads\/2017\/09\/Emilie5.jpg","type":"image\/jpeg"}],"author":"V\u00e9ronique Darmangeat","twitter_card":"summary_large_image","twitter_creator":"@VeroniqueIBCLC","twitter_site":"@VeroniqueIBCLC","twitter_misc":{"\u00c9crit par":"V\u00e9ronique Darmangeat","Dur\u00e9e de lecture estim\u00e9e":"5 minutes"},"schema":{"@context":"https:\/\/schema.org","@graph":[{"@type":"Article","@id":"https:\/\/www.lactissima.com\/a-tire-d-ailes\/allaiter-et-travailler-le-temoignage-demilie-4\/#article","isPartOf":{"@id":"https:\/\/www.lactissima.com\/a-tire-d-ailes\/allaiter-et-travailler-le-temoignage-demilie-4\/"},"author":{"name":"V\u00e9ronique Darmangeat","@id":"https:\/\/www.lactissima.com\/a-tire-d-ailes\/#\/schema\/person\/8f98d3a89530861bc1240e6d53d44eed"},"headline":"Allaiter et travailler : le t\u00e9moignage d&rsquo;Emilie","datePublished":"2017-09-14T13:04:14+00:00","mainEntityOfPage":{"@id":"https:\/\/www.lactissima.com\/a-tire-d-ailes\/allaiter-et-travailler-le-temoignage-demilie-4\/"},"wordCount":940,"commentCount":1,"image":{"@id":"https:\/\/www.lactissima.com\/a-tire-d-ailes\/allaiter-et-travailler-le-temoignage-demilie-4\/#primaryimage"},"thumbnailUrl":"https:\/\/www.lactissima.com\/a-tire-d-ailes\/wp-content\/uploads\/2017\/09\/Emilie5.jpg","articleSection":["t\u00e9moignages"],"inLanguage":"fr-FR","potentialAction":[{"@type":"CommentAction","name":"Comment","target":["https:\/\/www.lactissima.com\/a-tire-d-ailes\/allaiter-et-travailler-le-temoignage-demilie-4\/#respond"]}]},{"@type":"WebPage","@id":"https:\/\/www.lactissima.com\/a-tire-d-ailes\/allaiter-et-travailler-le-temoignage-demilie-4\/","url":"https:\/\/www.lactissima.com\/a-tire-d-ailes\/allaiter-et-travailler-le-temoignage-demilie-4\/","name":"Allaiter et travailler : le t\u00e9moignage d'Emilie","isPartOf":{"@id":"https:\/\/www.lactissima.com\/a-tire-d-ailes\/#website"},"primaryImageOfPage":{"@id":"https:\/\/www.lactissima.com\/a-tire-d-ailes\/allaiter-et-travailler-le-temoignage-demilie-4\/#primaryimage"},"image":{"@id":"https:\/\/www.lactissima.com\/a-tire-d-ailes\/allaiter-et-travailler-le-temoignage-demilie-4\/#primaryimage"},"thumbnailUrl":"https:\/\/www.lactissima.com\/a-tire-d-ailes\/wp-content\/uploads\/2017\/09\/Emilie5.jpg","datePublished":"2017-09-14T13:04:14+00:00","author":{"@id":"https:\/\/www.lactissima.com\/a-tire-d-ailes\/#\/schema\/person\/8f98d3a89530861bc1240e6d53d44eed"},"description":"Emilie a mis en place un allaitement mixte \u00e0 la reprise du travail tout en tirant son lait sur son lieu de travail.","breadcrumb":{"@id":"https:\/\/www.lactissima.com\/a-tire-d-ailes\/allaiter-et-travailler-le-temoignage-demilie-4\/#breadcrumb"},"inLanguage":"fr-FR","potentialAction":[{"@type":"ReadAction","target":["https:\/\/www.lactissima.com\/a-tire-d-ailes\/allaiter-et-travailler-le-temoignage-demilie-4\/"]}]},{"@type":"ImageObject","inLanguage":"fr-FR","@id":"https:\/\/www.lactissima.com\/a-tire-d-ailes\/allaiter-et-travailler-le-temoignage-demilie-4\/#primaryimage","url":"https:\/\/www.lactissima.com\/a-tire-d-ailes\/wp-content\/uploads\/2017\/09\/Emilie5.jpg","contentUrl":"https:\/\/www.lactissima.com\/a-tire-d-ailes\/wp-content\/uploads\/2017\/09\/Emilie5.jpg","width":229,"height":343,"caption":"allaiter et travailler"},{"@type":"BreadcrumbList","@id":"https:\/\/www.lactissima.com\/a-tire-d-ailes\/allaiter-et-travailler-le-temoignage-demilie-4\/#breadcrumb","itemListElement":[{"@type":"ListItem","position":1,"name":"Accueil","item":"https:\/\/www.lactissima.com\/a-tire-d-ailes\/"},{"@type":"ListItem","position":2,"name":"Allaiter et travailler : le t\u00e9moignage d&rsquo;Emilie"}]},{"@type":"WebSite","@id":"https:\/\/www.lactissima.com\/a-tire-d-ailes\/#website","url":"https:\/\/www.lactissima.com\/a-tire-d-ailes\/","name":"A tire d&#039;Ailes","description":"Le blog des femmes qui allaitent et travaillent.","potentialAction":[{"@type":"SearchAction","target":{"@type":"EntryPoint","urlTemplate":"https:\/\/www.lactissima.com\/a-tire-d-ailes\/?s={search_term_string}"},"query-input":{"@type":"PropertyValueSpecification","valueRequired":true,"valueName":"search_term_string"}}],"inLanguage":"fr-FR"},{"@type":"Person","@id":"https:\/\/www.lactissima.com\/a-tire-d-ailes\/#\/schema\/person\/8f98d3a89530861bc1240e6d53d44eed","name":"V\u00e9ronique Darmangeat","image":{"@type":"ImageObject","inLanguage":"fr-FR","@id":"https:\/\/secure.gravatar.com\/avatar\/268c99344c89cebfe4f5df5fa8be43068a18884fc76a29f3206fae98465b9cab?s=96&d=identicon&r=g","url":"https:\/\/secure.gravatar.com\/avatar\/268c99344c89cebfe4f5df5fa8be43068a18884fc76a29f3206fae98465b9cab?s=96&d=identicon&r=g","contentUrl":"https:\/\/secure.gravatar.com\/avatar\/268c99344c89cebfe4f5df5fa8be43068a18884fc76a29f3206fae98465b9cab?s=96&d=identicon&r=g","caption":"V\u00e9ronique Darmangeat"},"sameAs":["https:\/\/www.lactissima.com\/a-tire-d-ailes","www.facebook.com\/consultante.en.lactation"]}]}},"_links":{"self":[{"href":"https:\/\/www.lactissima.com\/a-tire-d-ailes\/wp-json\/wp\/v2\/posts\/7310","targetHints":{"allow":["GET"]}}],"collection":[{"href":"https:\/\/www.lactissima.com\/a-tire-d-ailes\/wp-json\/wp\/v2\/posts"}],"about":[{"href":"https:\/\/www.lactissima.com\/a-tire-d-ailes\/wp-json\/wp\/v2\/types\/post"}],"author":[{"embeddable":true,"href":"https:\/\/www.lactissima.com\/a-tire-d-ailes\/wp-json\/wp\/v2\/users\/170"}],"replies":[{"embeddable":true,"href":"https:\/\/www.lactissima.com\/a-tire-d-ailes\/wp-json\/wp\/v2\/comments?post=7310"}],"version-history":[{"count":2,"href":"https:\/\/www.lactissima.com\/a-tire-d-ailes\/wp-json\/wp\/v2\/posts\/7310\/revisions"}],"predecessor-version":[{"id":7313,"href":"https:\/\/www.lactissima.com\/a-tire-d-ailes\/wp-json\/wp\/v2\/posts\/7310\/revisions\/7313"}],"wp:featuredmedia":[{"embeddable":true,"href":"https:\/\/www.lactissima.com\/a-tire-d-ailes\/wp-json\/wp\/v2\/media\/7311"}],"wp:attachment":[{"href":"https:\/\/www.lactissima.com\/a-tire-d-ailes\/wp-json\/wp\/v2\/media?parent=7310"}],"wp:term":[{"taxonomy":"category","embeddable":true,"href":"https:\/\/www.lactissima.com\/a-tire-d-ailes\/wp-json\/wp\/v2\/categories?post=7310"},{"taxonomy":"post_tag","embeddable":true,"href":"https:\/\/www.lactissima.com\/a-tire-d-ailes\/wp-json\/wp\/v2\/tags?post=7310"}],"curies":[{"name":"wp","href":"https:\/\/api.w.org\/{rel}","templated":true}]}}