{"id":7300,"date":"2017-09-06T13:51:40","date_gmt":"2017-09-06T11:51:40","guid":{"rendered":"https:\/\/www.lactissima.com\/a-tire-d-ailes\/?p=7300"},"modified":"2017-09-06T13:51:40","modified_gmt":"2017-09-06T11:51:40","slug":"allaiter-travailler-temoignage-de-fanny-3","status":"publish","type":"post","link":"https:\/\/www.lactissima.com\/a-tire-d-ailes\/allaiter-travailler-temoignage-de-fanny-3\/","title":{"rendered":"Allaiter et travailler : le t\u00e9moignage de Fanny"},"content":{"rendered":"<div>\n<ul>\n<li style=\"text-align: justify;\"><strong><img loading=\"lazy\" decoding=\"async\" class=\"alignright size-full wp-image-7301\" src=\"https:\/\/www.lactissima.com\/a-tire-d-ailes\/wp-content\/uploads\/2017\/09\/Fanny3.jpg\" alt=\"allaiter et travailler\" width=\"242\" height=\"323\" srcset=\"https:\/\/www.lactissima.com\/a-tire-d-ailes\/wp-content\/uploads\/2017\/09\/Fanny3.jpg 242w, https:\/\/www.lactissima.com\/a-tire-d-ailes\/wp-content\/uploads\/2017\/09\/Fanny3-225x300.jpg 225w\" sizes=\"(max-width: 242px) 100vw, 242px\" \/>Quel choix avez-vous fait au moment de la reprise du travail : sevrage ou poursuite de l\u2019allaitement ? Pourquoi ?<\/strong><\/li>\n<\/ul>\n<div style=\"text-align: justify;\">J&rsquo;avais r\u00e9ussi un allaitement exclusif jusqu&rsquo;\u00e0 la reprise alors c&rsquo;est tout naturellement que j&rsquo;ai souhait\u00e9 continuer.<\/div>\n<div style=\"text-align: justify;\"><\/div>\n<ul style=\"text-align: justify;\">\n<li><strong>Comment vous \u00eates-vous organis\u00e9e ?<\/strong><\/li>\n<\/ul>\n<div style=\"text-align: justify;\">J&rsquo;ai achet\u00e9 un tire-lait manuel puis, apr\u00e8s l&rsquo;avoir utilis\u00e9 quelques fois \u00e0 la maison pour constituer mon stock, j&rsquo;ai compris que cela ne serait pas suffisant. J&rsquo;ai donc investi dans un Medela swing maxi.<\/div>\n<div style=\"text-align: justify;\">Le jour de la reprise, j&rsquo;ai cru que mes seins allaient exploser avant la pause de midi o\u00f9 je comptais tirer mon lait ! J&rsquo;ai cherch\u00e9 un coin tranquille pour tirer et j&rsquo;ai trouv\u00e9 une douche propre et inutilis\u00e9e dans les vestiaires au travail. Apres le premier tirage je me suis dit que c&rsquo;\u00e9tait bien long et compliqu\u00e9 j&rsquo;\u00e9tais un peu d\u00e9moralis\u00e9e. Puis j&rsquo;ai crois\u00e9 une coll\u00e8gue dans le couloir \u00e0 qui j&rsquo;en ai parl\u00e9 (je savais qu&rsquo;elle m\u00eame\u00a0avait allait\u00e9 ses enfants) et elle m&rsquo;a dit qu&rsquo;elle avait tir\u00e9 pendant 6 mois au travail. Je me suis dit pourquoi n&rsquo;y arriverais-je pas ?? J&rsquo;\u00e9tais reboost\u00e9e !!<\/div>\n<div style=\"text-align: justify;\">J&rsquo;ai tir\u00e9 mon lait jusqu&rsquo;aux 15 mois de mon fils ! Il a 2 ans 1\/2 et je l&rsquo;allaite encore matin et soir en co-allaitement avec ma fille de 3 mois.<\/div>\n<div style=\"text-align: justify;\"><\/div>\n<ul style=\"text-align: justify;\">\n<li><strong>Quelles ont \u00e9t\u00e9 vos principales difficult\u00e9s ?<\/strong><\/li>\n<\/ul>\n<div style=\"text-align: justify;\">Les jours de r\u00e9union ou formation : trouver une excuse pour s&rsquo;\u00e9chapper, ou pendant les d\u00e9placements \u00e0 l&rsquo;\u00e9tranger. J&rsquo;ai parfois tir\u00e9 mon lait dans les toilettes d&rsquo;a\u00e9roport ou les chambres d&rsquo;h\u00f4tel pour le vider dans le lavabo ! \u00c7a fait mal au c\u0153ur&#8230;<\/div>\n<div style=\"text-align: justify;\">Je n&rsquo;aimais pas non plus la phase de lavage en rentrant le soir mais il faut l&rsquo;inclure dans une routine quotidienne.<\/div>\n<div style=\"text-align: justify;\"><strong>\u00a0<\/strong><\/div>\n<ul style=\"text-align: justify;\">\n<li><strong>Quels ont \u00a0\u00e9t\u00e9 vos meilleurs moments ?<\/strong><\/li>\n<\/ul>\n<div style=\"text-align: justify;\">Voir mon fils grandir en \u00e9chappant aux \u00e9pid\u00e9mies, les t\u00e9t\u00e9es de retrouvailles&#8230;. Avoir poursuivi l&rsquo;allaitement suffisamment longtemps pour entendre mon fils me dire \u00ab\u00a0hummmm \u00e7a sent bon les seins\u00a0\u00bb en plongeant son nez dans mon d\u00e9collet\u00e9 ou me dire \u00ab\u00a0il est pas bon le lait maman\u00a0\u00bb en \u00e9tant enceinte de 4 mois puis le voir reprendre le sein \u00e0 pleine bouche.<\/div>\n<div style=\"text-align: justify;\">J&rsquo;adore aussi allaiter car tout est plus simple, parfois je vois les mamans avec des gros sacs pour transporter les bo\u00eetes de lait et les bouteilles d&rsquo;eau je me dis quelle gal\u00e8re !! Sans parler du c\u00f4t\u00e9 \u00e9cologique, \u00e9conomique et des b\u00e9n\u00e9fices sant\u00e9 ind\u00e9niables.<\/div>\n<div style=\"text-align: justify;\"><\/div>\n<div style=\"text-align: justify;\">Je suis aussi assez fi\u00e8re d&rsquo;avoir montr\u00e9 \u00e0 quelques coll\u00e8gues proches o\u00f9 je tirais mon lait au bureau car plusieurs l&rsquo;ont fait ou le font encore depuis et on se motive mutuellement.<\/div>\n<div style=\"text-align: justify;\"><\/div>\n<ul style=\"text-align: justify;\">\n<li><strong>Qu\u2019est-ce que vous souhaiteriez dire aux mamans qui doivent faire un choix dans les semaines \u00e0 venir ?<\/strong><\/li>\n<\/ul>\n<div style=\"text-align: justify;\">Foncez, ne baissez pas les bras, \u00e7a vaut la peine. On veut toutes le meilleur pour nos enfants et je suis convaincue que c&rsquo;est l&rsquo;une des choses les plus faciles \u00e0 faire. Entourez-vous des bonnes personnes pour r\u00e9ussir votre allaitement, ne vous laissez pas perturber par des messages d\u00e9stabilisants ou n\u00e9gatifs. \u00c9coutez votre corps et votre b\u00e9b\u00e9, faites-vous confiance et dites-vous que la magie de l&rsquo;allaitement vous r\u00e9compensera. Les moments de partage avec vos enfants pendant l&rsquo;allaitement n&rsquo;ont pas d&rsquo;\u00e9gal.<\/div>\n<div style=\"text-align: justify;\">Et faites confiance \u00e0 la nature, le corps s&rsquo;adapte ! Quand on arr\u00eate de tirer le corps r\u00e9gule&#8230; c&rsquo;est incroyable \u00e0 entendre mais vrai&#8230;<\/div>\n<div style=\"text-align: justify;\"><\/div>\n<ul style=\"text-align: justify;\">\n<li><strong>Ce serait \u00e0 refaire, vous referiez le m\u00eame choix ?\u00a0<\/strong><\/li>\n<\/ul>\n<div style=\"text-align: justify;\">Tirer son lait demande un minimum d&rsquo;organisation, mais c&rsquo;est tout \u00e0 fait possible. Mon deuxi\u00e8me cong\u00e9 maternit\u00e9 se termine la semaine prochaine je vais donc recommencer les s\u00e9ances de tirage ! Cette fois j&rsquo;ai constitu\u00e9 mon stock \u00e0 la maison en faisant un tirage manuel je vais voir si j&rsquo;adopterai cette m\u00e9thode au travail ou si je recommencerai au tire-lait.<\/div>\n<div style=\"text-align: justify;\"><\/div>\n<ul style=\"text-align: justify;\">\n<li><strong>Que changeriez-vous ?\u00a0<\/strong><\/li>\n<\/ul>\n<div style=\"text-align: justify;\">J&rsquo;aimerais pouvoir dire que je dois m&rsquo;absenter 20 min pour tirer mon lait sans g\u00eane&#8230; malheureusement je n&rsquo;ai pas le sentiment que je pourrai le faire sans me sentir jug\u00e9e. Mais je sens que les choses changent ! Mobilisons-nous pour faire de l&rsquo;allaitement une banalit\u00e9.<\/div>\n<\/div>\n<div style=\"text-align: justify;\"><\/div>\n<div>\n<p style=\"text-align: justify;\"><strong>Articles en rapport :<\/strong><\/p>\n<ul>\n<li style=\"text-align: justify;\">Voir l\u2019onglet\u00a0<a href=\"https:\/\/www.lactissima.com\/a-tire-d-ailes\/temoignages-travail-et-allaitement\/\" target=\"_blank\" rel=\"noopener noreferrer\">t\u00e9moignages<\/a><\/li>\n<\/ul>\n<\/div>\n<p>&nbsp;<\/p>\n<div class='et-box et-shadow'>\n\t\t\t\t\t<div class='et-box-content'>Lire des articles ou poser des questions en commentaire ne suffit pas \u00e0 r\u00e9soudre votre probl\u00e8me ?\nSavez-vous que vous pouvez prendre RDV pour une consultation avec moi ?\nN&rsquo;h\u00e9sitez pas \u00e0 me contacter !<\/div><\/div>\n","protected":false},"excerpt":{"rendered":"<p>Quel choix avez-vous fait au moment de la reprise du travail : sevrage ou poursuite de l\u2019allaitement ? Pourquoi ? J&rsquo;avais r\u00e9ussi un allaitement exclusif jusqu&rsquo;\u00e0 la reprise alors c&rsquo;est tout naturellement que j&rsquo;ai souhait\u00e9 continuer. Comment vous \u00eates-vous organis\u00e9e ? J&rsquo;ai achet\u00e9 un tire-lait manuel puis, apr\u00e8s l&rsquo;avoir utilis\u00e9 quelques fois \u00e0 la maison [&hellip;]<\/p>\n","protected":false},"author":170,"featured_media":7301,"comment_status":"open","ping_status":"open","sticky":false,"template":"","format":"standard","meta":{"_et_pb_use_builder":"","_et_pb_old_content":"","_et_gb_content_width":"","footnotes":""},"categories":[150],"tags":[],"class_list":["post-7300","post","type-post","status-publish","format-standard","has-post-thumbnail","hentry","category-temoignages"],"yoast_head":"<!-- This site is optimized with the Yoast SEO plugin v27.4 - https:\/\/yoast.com\/product\/yoast-seo-wordpress\/ -->\n<title>Allaiter et travailler : le t\u00e9moignage de Fanny<\/title>\n<meta name=\"description\" content=\"Fanny a b\u00e9n\u00e9fici\u00e9 de coll\u00e8gues de travail encourageantes pour tirer son lait au travail.\" \/>\n<meta name=\"robots\" content=\"index, follow, max-snippet:-1, max-image-preview:large, max-video-preview:-1\" \/>\n<link rel=\"canonical\" href=\"https:\/\/www.lactissima.com\/a-tire-d-ailes\/allaiter-travailler-temoignage-de-fanny-3\/\" \/>\n<meta property=\"og:locale\" content=\"fr_FR\" \/>\n<meta property=\"og:type\" content=\"article\" \/>\n<meta property=\"og:title\" content=\"Allaiter et travailler : le t\u00e9moignage de Fanny\" \/>\n<meta property=\"og:description\" content=\"Fanny a b\u00e9n\u00e9fici\u00e9 de coll\u00e8gues de travail encourageantes pour tirer son lait au travail.\" \/>\n<meta property=\"og:url\" content=\"https:\/\/www.lactissima.com\/a-tire-d-ailes\/allaiter-travailler-temoignage-de-fanny-3\/\" \/>\n<meta property=\"og:site_name\" content=\"A tire d&#039;Ailes\" \/>\n<meta property=\"article:publisher\" content=\"https:\/\/www.facebook.com\/consultante.en.lactation\" \/>\n<meta property=\"article:author\" content=\"www.facebook.com\/consultante.en.lactation\" \/>\n<meta property=\"article:published_time\" content=\"2017-09-06T11:51:40+00:00\" \/>\n<meta property=\"og:image\" content=\"https:\/\/www.lactissima.com\/a-tire-d-ailes\/wp-content\/uploads\/2017\/09\/Fanny3.jpg\" \/>\n\t<meta property=\"og:image:width\" content=\"242\" \/>\n\t<meta property=\"og:image:height\" content=\"323\" \/>\n\t<meta property=\"og:image:type\" content=\"image\/jpeg\" \/>\n<meta name=\"author\" content=\"V\u00e9ronique Darmangeat\" \/>\n<meta name=\"twitter:card\" content=\"summary_large_image\" \/>\n<meta name=\"twitter:creator\" content=\"@VeroniqueIBCLC\" \/>\n<meta name=\"twitter:site\" content=\"@VeroniqueIBCLC\" \/>\n<meta name=\"twitter:label1\" content=\"\u00c9crit par\" \/>\n\t<meta name=\"twitter:data1\" content=\"V\u00e9ronique Darmangeat\" \/>\n\t<meta name=\"twitter:label2\" content=\"Dur\u00e9e de lecture estim\u00e9e\" \/>\n\t<meta name=\"twitter:data2\" content=\"4 minutes\" \/>\n<script type=\"application\/ld+json\" class=\"yoast-schema-graph\">{\"@context\":\"https:\\\/\\\/schema.org\",\"@graph\":[{\"@type\":\"Article\",\"@id\":\"https:\\\/\\\/www.lactissima.com\\\/a-tire-d-ailes\\\/allaiter-travailler-temoignage-de-fanny-3\\\/#article\",\"isPartOf\":{\"@id\":\"https:\\\/\\\/www.lactissima.com\\\/a-tire-d-ailes\\\/allaiter-travailler-temoignage-de-fanny-3\\\/\"},\"author\":{\"name\":\"V\u00e9ronique Darmangeat\",\"@id\":\"https:\\\/\\\/www.lactissima.com\\\/a-tire-d-ailes\\\/#\\\/schema\\\/person\\\/8f98d3a89530861bc1240e6d53d44eed\"},\"headline\":\"Allaiter et travailler : le t\u00e9moignage de Fanny\",\"datePublished\":\"2017-09-06T11:51:40+00:00\",\"mainEntityOfPage\":{\"@id\":\"https:\\\/\\\/www.lactissima.com\\\/a-tire-d-ailes\\\/allaiter-travailler-temoignage-de-fanny-3\\\/\"},\"wordCount\":775,\"commentCount\":9,\"image\":{\"@id\":\"https:\\\/\\\/www.lactissima.com\\\/a-tire-d-ailes\\\/allaiter-travailler-temoignage-de-fanny-3\\\/#primaryimage\"},\"thumbnailUrl\":\"https:\\\/\\\/www.lactissima.com\\\/a-tire-d-ailes\\\/wp-content\\\/uploads\\\/2017\\\/09\\\/Fanny3.jpg\",\"articleSection\":[\"t\u00e9moignages\"],\"inLanguage\":\"fr-FR\",\"potentialAction\":[{\"@type\":\"CommentAction\",\"name\":\"Comment\",\"target\":[\"https:\\\/\\\/www.lactissima.com\\\/a-tire-d-ailes\\\/allaiter-travailler-temoignage-de-fanny-3\\\/#respond\"]}]},{\"@type\":\"WebPage\",\"@id\":\"https:\\\/\\\/www.lactissima.com\\\/a-tire-d-ailes\\\/allaiter-travailler-temoignage-de-fanny-3\\\/\",\"url\":\"https:\\\/\\\/www.lactissima.com\\\/a-tire-d-ailes\\\/allaiter-travailler-temoignage-de-fanny-3\\\/\",\"name\":\"Allaiter et travailler : le t\u00e9moignage de Fanny\",\"isPartOf\":{\"@id\":\"https:\\\/\\\/www.lactissima.com\\\/a-tire-d-ailes\\\/#website\"},\"primaryImageOfPage\":{\"@id\":\"https:\\\/\\\/www.lactissima.com\\\/a-tire-d-ailes\\\/allaiter-travailler-temoignage-de-fanny-3\\\/#primaryimage\"},\"image\":{\"@id\":\"https:\\\/\\\/www.lactissima.com\\\/a-tire-d-ailes\\\/allaiter-travailler-temoignage-de-fanny-3\\\/#primaryimage\"},\"thumbnailUrl\":\"https:\\\/\\\/www.lactissima.com\\\/a-tire-d-ailes\\\/wp-content\\\/uploads\\\/2017\\\/09\\\/Fanny3.jpg\",\"datePublished\":\"2017-09-06T11:51:40+00:00\",\"author\":{\"@id\":\"https:\\\/\\\/www.lactissima.com\\\/a-tire-d-ailes\\\/#\\\/schema\\\/person\\\/8f98d3a89530861bc1240e6d53d44eed\"},\"description\":\"Fanny a b\u00e9n\u00e9fici\u00e9 de coll\u00e8gues de travail encourageantes pour tirer son lait au travail.\",\"breadcrumb\":{\"@id\":\"https:\\\/\\\/www.lactissima.com\\\/a-tire-d-ailes\\\/allaiter-travailler-temoignage-de-fanny-3\\\/#breadcrumb\"},\"inLanguage\":\"fr-FR\",\"potentialAction\":[{\"@type\":\"ReadAction\",\"target\":[\"https:\\\/\\\/www.lactissima.com\\\/a-tire-d-ailes\\\/allaiter-travailler-temoignage-de-fanny-3\\\/\"]}]},{\"@type\":\"ImageObject\",\"inLanguage\":\"fr-FR\",\"@id\":\"https:\\\/\\\/www.lactissima.com\\\/a-tire-d-ailes\\\/allaiter-travailler-temoignage-de-fanny-3\\\/#primaryimage\",\"url\":\"https:\\\/\\\/www.lactissima.com\\\/a-tire-d-ailes\\\/wp-content\\\/uploads\\\/2017\\\/09\\\/Fanny3.jpg\",\"contentUrl\":\"https:\\\/\\\/www.lactissima.com\\\/a-tire-d-ailes\\\/wp-content\\\/uploads\\\/2017\\\/09\\\/Fanny3.jpg\",\"width\":242,\"height\":323,\"caption\":\"allaiter et travailler\"},{\"@type\":\"BreadcrumbList\",\"@id\":\"https:\\\/\\\/www.lactissima.com\\\/a-tire-d-ailes\\\/allaiter-travailler-temoignage-de-fanny-3\\\/#breadcrumb\",\"itemListElement\":[{\"@type\":\"ListItem\",\"position\":1,\"name\":\"Accueil\",\"item\":\"https:\\\/\\\/www.lactissima.com\\\/a-tire-d-ailes\\\/\"},{\"@type\":\"ListItem\",\"position\":2,\"name\":\"Allaiter et travailler : le t\u00e9moignage de Fanny\"}]},{\"@type\":\"WebSite\",\"@id\":\"https:\\\/\\\/www.lactissima.com\\\/a-tire-d-ailes\\\/#website\",\"url\":\"https:\\\/\\\/www.lactissima.com\\\/a-tire-d-ailes\\\/\",\"name\":\"A tire d&#039;Ailes\",\"description\":\"Le blog des femmes qui allaitent et travaillent.\",\"potentialAction\":[{\"@type\":\"SearchAction\",\"target\":{\"@type\":\"EntryPoint\",\"urlTemplate\":\"https:\\\/\\\/www.lactissima.com\\\/a-tire-d-ailes\\\/?s={search_term_string}\"},\"query-input\":{\"@type\":\"PropertyValueSpecification\",\"valueRequired\":true,\"valueName\":\"search_term_string\"}}],\"inLanguage\":\"fr-FR\"},{\"@type\":\"Person\",\"@id\":\"https:\\\/\\\/www.lactissima.com\\\/a-tire-d-ailes\\\/#\\\/schema\\\/person\\\/8f98d3a89530861bc1240e6d53d44eed\",\"name\":\"V\u00e9ronique Darmangeat\",\"image\":{\"@type\":\"ImageObject\",\"inLanguage\":\"fr-FR\",\"@id\":\"https:\\\/\\\/secure.gravatar.com\\\/avatar\\\/268c99344c89cebfe4f5df5fa8be43068a18884fc76a29f3206fae98465b9cab?s=96&d=identicon&r=g\",\"url\":\"https:\\\/\\\/secure.gravatar.com\\\/avatar\\\/268c99344c89cebfe4f5df5fa8be43068a18884fc76a29f3206fae98465b9cab?s=96&d=identicon&r=g\",\"contentUrl\":\"https:\\\/\\\/secure.gravatar.com\\\/avatar\\\/268c99344c89cebfe4f5df5fa8be43068a18884fc76a29f3206fae98465b9cab?s=96&d=identicon&r=g\",\"caption\":\"V\u00e9ronique Darmangeat\"},\"sameAs\":[\"https:\\\/\\\/www.lactissima.com\\\/a-tire-d-ailes\",\"www.facebook.com\\\/consultante.en.lactation\"]}]}<\/script>\n<!-- \/ Yoast SEO plugin. -->","yoast_head_json":{"title":"Allaiter et travailler : le t\u00e9moignage de Fanny","description":"Fanny a b\u00e9n\u00e9fici\u00e9 de coll\u00e8gues de travail encourageantes pour tirer son lait au travail.","robots":{"index":"index","follow":"follow","max-snippet":"max-snippet:-1","max-image-preview":"max-image-preview:large","max-video-preview":"max-video-preview:-1"},"canonical":"https:\/\/www.lactissima.com\/a-tire-d-ailes\/allaiter-travailler-temoignage-de-fanny-3\/","og_locale":"fr_FR","og_type":"article","og_title":"Allaiter et travailler : le t\u00e9moignage de Fanny","og_description":"Fanny a b\u00e9n\u00e9fici\u00e9 de coll\u00e8gues de travail encourageantes pour tirer son lait au travail.","og_url":"https:\/\/www.lactissima.com\/a-tire-d-ailes\/allaiter-travailler-temoignage-de-fanny-3\/","og_site_name":"A tire d&#039;Ailes","article_publisher":"https:\/\/www.facebook.com\/consultante.en.lactation","article_author":"www.facebook.com\/consultante.en.lactation","article_published_time":"2017-09-06T11:51:40+00:00","og_image":[{"width":242,"height":323,"url":"https:\/\/www.lactissima.com\/a-tire-d-ailes\/wp-content\/uploads\/2017\/09\/Fanny3.jpg","type":"image\/jpeg"}],"author":"V\u00e9ronique Darmangeat","twitter_card":"summary_large_image","twitter_creator":"@VeroniqueIBCLC","twitter_site":"@VeroniqueIBCLC","twitter_misc":{"\u00c9crit par":"V\u00e9ronique Darmangeat","Dur\u00e9e de lecture estim\u00e9e":"4 minutes"},"schema":{"@context":"https:\/\/schema.org","@graph":[{"@type":"Article","@id":"https:\/\/www.lactissima.com\/a-tire-d-ailes\/allaiter-travailler-temoignage-de-fanny-3\/#article","isPartOf":{"@id":"https:\/\/www.lactissima.com\/a-tire-d-ailes\/allaiter-travailler-temoignage-de-fanny-3\/"},"author":{"name":"V\u00e9ronique Darmangeat","@id":"https:\/\/www.lactissima.com\/a-tire-d-ailes\/#\/schema\/person\/8f98d3a89530861bc1240e6d53d44eed"},"headline":"Allaiter et travailler : le t\u00e9moignage de Fanny","datePublished":"2017-09-06T11:51:40+00:00","mainEntityOfPage":{"@id":"https:\/\/www.lactissima.com\/a-tire-d-ailes\/allaiter-travailler-temoignage-de-fanny-3\/"},"wordCount":775,"commentCount":9,"image":{"@id":"https:\/\/www.lactissima.com\/a-tire-d-ailes\/allaiter-travailler-temoignage-de-fanny-3\/#primaryimage"},"thumbnailUrl":"https:\/\/www.lactissima.com\/a-tire-d-ailes\/wp-content\/uploads\/2017\/09\/Fanny3.jpg","articleSection":["t\u00e9moignages"],"inLanguage":"fr-FR","potentialAction":[{"@type":"CommentAction","name":"Comment","target":["https:\/\/www.lactissima.com\/a-tire-d-ailes\/allaiter-travailler-temoignage-de-fanny-3\/#respond"]}]},{"@type":"WebPage","@id":"https:\/\/www.lactissima.com\/a-tire-d-ailes\/allaiter-travailler-temoignage-de-fanny-3\/","url":"https:\/\/www.lactissima.com\/a-tire-d-ailes\/allaiter-travailler-temoignage-de-fanny-3\/","name":"Allaiter et travailler : le t\u00e9moignage de Fanny","isPartOf":{"@id":"https:\/\/www.lactissima.com\/a-tire-d-ailes\/#website"},"primaryImageOfPage":{"@id":"https:\/\/www.lactissima.com\/a-tire-d-ailes\/allaiter-travailler-temoignage-de-fanny-3\/#primaryimage"},"image":{"@id":"https:\/\/www.lactissima.com\/a-tire-d-ailes\/allaiter-travailler-temoignage-de-fanny-3\/#primaryimage"},"thumbnailUrl":"https:\/\/www.lactissima.com\/a-tire-d-ailes\/wp-content\/uploads\/2017\/09\/Fanny3.jpg","datePublished":"2017-09-06T11:51:40+00:00","author":{"@id":"https:\/\/www.lactissima.com\/a-tire-d-ailes\/#\/schema\/person\/8f98d3a89530861bc1240e6d53d44eed"},"description":"Fanny a b\u00e9n\u00e9fici\u00e9 de coll\u00e8gues de travail encourageantes pour tirer son lait au travail.","breadcrumb":{"@id":"https:\/\/www.lactissima.com\/a-tire-d-ailes\/allaiter-travailler-temoignage-de-fanny-3\/#breadcrumb"},"inLanguage":"fr-FR","potentialAction":[{"@type":"ReadAction","target":["https:\/\/www.lactissima.com\/a-tire-d-ailes\/allaiter-travailler-temoignage-de-fanny-3\/"]}]},{"@type":"ImageObject","inLanguage":"fr-FR","@id":"https:\/\/www.lactissima.com\/a-tire-d-ailes\/allaiter-travailler-temoignage-de-fanny-3\/#primaryimage","url":"https:\/\/www.lactissima.com\/a-tire-d-ailes\/wp-content\/uploads\/2017\/09\/Fanny3.jpg","contentUrl":"https:\/\/www.lactissima.com\/a-tire-d-ailes\/wp-content\/uploads\/2017\/09\/Fanny3.jpg","width":242,"height":323,"caption":"allaiter et travailler"},{"@type":"BreadcrumbList","@id":"https:\/\/www.lactissima.com\/a-tire-d-ailes\/allaiter-travailler-temoignage-de-fanny-3\/#breadcrumb","itemListElement":[{"@type":"ListItem","position":1,"name":"Accueil","item":"https:\/\/www.lactissima.com\/a-tire-d-ailes\/"},{"@type":"ListItem","position":2,"name":"Allaiter et travailler : le t\u00e9moignage de Fanny"}]},{"@type":"WebSite","@id":"https:\/\/www.lactissima.com\/a-tire-d-ailes\/#website","url":"https:\/\/www.lactissima.com\/a-tire-d-ailes\/","name":"A tire d&#039;Ailes","description":"Le blog des femmes qui allaitent et travaillent.","potentialAction":[{"@type":"SearchAction","target":{"@type":"EntryPoint","urlTemplate":"https:\/\/www.lactissima.com\/a-tire-d-ailes\/?s={search_term_string}"},"query-input":{"@type":"PropertyValueSpecification","valueRequired":true,"valueName":"search_term_string"}}],"inLanguage":"fr-FR"},{"@type":"Person","@id":"https:\/\/www.lactissima.com\/a-tire-d-ailes\/#\/schema\/person\/8f98d3a89530861bc1240e6d53d44eed","name":"V\u00e9ronique Darmangeat","image":{"@type":"ImageObject","inLanguage":"fr-FR","@id":"https:\/\/secure.gravatar.com\/avatar\/268c99344c89cebfe4f5df5fa8be43068a18884fc76a29f3206fae98465b9cab?s=96&d=identicon&r=g","url":"https:\/\/secure.gravatar.com\/avatar\/268c99344c89cebfe4f5df5fa8be43068a18884fc76a29f3206fae98465b9cab?s=96&d=identicon&r=g","contentUrl":"https:\/\/secure.gravatar.com\/avatar\/268c99344c89cebfe4f5df5fa8be43068a18884fc76a29f3206fae98465b9cab?s=96&d=identicon&r=g","caption":"V\u00e9ronique Darmangeat"},"sameAs":["https:\/\/www.lactissima.com\/a-tire-d-ailes","www.facebook.com\/consultante.en.lactation"]}]}},"_links":{"self":[{"href":"https:\/\/www.lactissima.com\/a-tire-d-ailes\/wp-json\/wp\/v2\/posts\/7300","targetHints":{"allow":["GET"]}}],"collection":[{"href":"https:\/\/www.lactissima.com\/a-tire-d-ailes\/wp-json\/wp\/v2\/posts"}],"about":[{"href":"https:\/\/www.lactissima.com\/a-tire-d-ailes\/wp-json\/wp\/v2\/types\/post"}],"author":[{"embeddable":true,"href":"https:\/\/www.lactissima.com\/a-tire-d-ailes\/wp-json\/wp\/v2\/users\/170"}],"replies":[{"embeddable":true,"href":"https:\/\/www.lactissima.com\/a-tire-d-ailes\/wp-json\/wp\/v2\/comments?post=7300"}],"version-history":[{"count":5,"href":"https:\/\/www.lactissima.com\/a-tire-d-ailes\/wp-json\/wp\/v2\/posts\/7300\/revisions"}],"predecessor-version":[{"id":7306,"href":"https:\/\/www.lactissima.com\/a-tire-d-ailes\/wp-json\/wp\/v2\/posts\/7300\/revisions\/7306"}],"wp:featuredmedia":[{"embeddable":true,"href":"https:\/\/www.lactissima.com\/a-tire-d-ailes\/wp-json\/wp\/v2\/media\/7301"}],"wp:attachment":[{"href":"https:\/\/www.lactissima.com\/a-tire-d-ailes\/wp-json\/wp\/v2\/media?parent=7300"}],"wp:term":[{"taxonomy":"category","embeddable":true,"href":"https:\/\/www.lactissima.com\/a-tire-d-ailes\/wp-json\/wp\/v2\/categories?post=7300"},{"taxonomy":"post_tag","embeddable":true,"href":"https:\/\/www.lactissima.com\/a-tire-d-ailes\/wp-json\/wp\/v2\/tags?post=7300"}],"curies":[{"name":"wp","href":"https:\/\/api.w.org\/{rel}","templated":true}]}}