{"id":730,"date":"2009-10-17T14:28:26","date_gmt":"2009-10-17T12:28:26","guid":{"rendered":"https:\/\/www.lactissima.com\/a-tire-d-ailes\/?p=730"},"modified":"2014-03-15T17:11:46","modified_gmt":"2014-03-15T15:11:46","slug":"allaiter-et-travailler-le-temoignage-de-sybille","status":"publish","type":"post","link":"https:\/\/www.lactissima.com\/a-tire-d-ailes\/allaiter-et-travailler-le-temoignage-de-sybille\/","title":{"rendered":"Allaiter et travailler : le t\u00e9moignage de Sibylle"},"content":{"rendered":"<ul>\n<li style=\"text-align: justify;\"><strong><a href=\"https:\/\/www.lactissima.com\/a-tire-d-ailes\/wp-content\/uploads\/2009\/10\/sybille.jpg\"><img loading=\"lazy\" decoding=\"async\" class=\"alignright size-full wp-image-4566\" alt=\"sybille\" src=\"https:\/\/www.lactissima.com\/a-tire-d-ailes\/wp-content\/uploads\/2009\/10\/sybille.jpg\" width=\"320\" height=\"240\" srcset=\"https:\/\/www.lactissima.com\/a-tire-d-ailes\/wp-content\/uploads\/2009\/10\/sybille.jpg 320w, https:\/\/www.lactissima.com\/a-tire-d-ailes\/wp-content\/uploads\/2009\/10\/sybille-300x225.jpg 300w\" sizes=\"(max-width: 320px) 100vw, 320px\" \/><\/a>Quel choix avez-vous fait au moment de la reprise du travail : sevrage ou poursuite de l&rsquo;allaitement ? Pourquoi ?<\/strong><\/li>\n<\/ul>\n<p style=\"text-align: justify;\">J&rsquo;ai choisi de poursuivre l&rsquo;allaitement ; c&rsquo;\u00e9tait une \u00e9vidence absolue&#8230; J&rsquo;\u00e9tais oppos\u00e9e \u00e0 l&rsquo;id\u00e9e de donner du lait artificiel \u00e0 mon enfant. Mes \u00e9changes avec des mamans allaitantes, mes lectures et r\u00e9unions aupr\u00e8s de la Leche League m&rsquo;ont beaucoup aid\u00e9e et motiv\u00e9e.<\/p>\n<ul style=\"text-align: justify;\">\n<li><strong>Comment vous \u00eates-vous organis\u00e9e ?<\/strong><\/li>\n<\/ul>\n<p style=\"text-align: justify;\">J&rsquo;ai la chance immense de n&rsquo;avoir repris le travail qu&rsquo;aux dix mois de mon gar\u00e7on, de plus c&rsquo;est mon mari qui a pris un cong\u00e9 afin de rester avec lui dans la journ\u00e9e. J&rsquo;ai commenc\u00e9 en tirant mon lait deux fois par jour au bureau (en milieu de matin\u00e9e et en milieu d&rsquo;apr\u00e8s-midi) car j&rsquo;avais peur d&rsquo;engorger, puis j&rsquo;ai arr\u00eat\u00e9 apr\u00e8s quelques semaines, car rentrant tous les midis (encore une chance !) mon gar\u00e7on a rapidement eu suffisamment de t\u00e9t\u00e9es sans qu&rsquo;il soit besoin de lui donner mon lait en mon absence.<\/p>\n<ul style=\"text-align: justify;\">\n<li><strong>Quelles ont \u00e9t\u00e9 vos principales difficult\u00e9s ?<\/strong><\/li>\n<\/ul>\n<p style=\"text-align: justify;\">Aucune grosse difficult\u00e9, mais quelques moments difficiles malgr\u00e9 tout.<\/p>\n<p style=\"text-align: justify;\">Tout d&rsquo;abord, il a \u00e9t\u00e9 tr\u00e8s d\u00e9primant de constater que le stock de lait que j&rsquo;avais constitu\u00e9 \u00e9tait inutilisable \u00e0 cause d&rsquo;un souci de lipases. J&rsquo;ai achet\u00e9 un chauffe-biberon que j&rsquo;ai cach\u00e9 sous mon bureau et qui m&rsquo;a permis de sauver le lait tir\u00e9 sur place, mais finalement, les circonstances ont fait que je n&rsquo;ai pas eu besoin de continuer avec cette m\u00e9thode (un peu complexe) d&rsquo;organisation.<\/p>\n<p style=\"text-align: justify;\">J&rsquo;ai aussi tr\u00e8s mal v\u00e9cu le stress de vouloir \u00e0 tout prix que mon gar\u00e7on t\u00e8te suffisamment le matin et le midi avant mon d\u00e9part. J&rsquo;arr\u00eatais presque de respirer \u00e0 chaque fois qu&rsquo;il prenait le sein. Pourtant je me levais tr\u00e8s t\u00f4t pour \u00eatre tranquille, mais certains jours, que ce soit le matin ou le midi, mes seins \u00e9taient lourds \u00e0 l&rsquo;heure de partir et je vivais tr\u00e8s mal de supplier mon enfant de t\u00e9ter encore. Naturellement il s&rsquo;est mis de plus en plus souvent \u00e0 refuser ces t\u00e9t\u00e9es, voire \u00e0 taper sur le sein. Il a fallu que j&rsquo;en parle \u00e0 une personne tr\u00e8s proche par ailleurs consultante en lactation pour prendre enfin du recul et comprendre que mon enfant sentant mon stress et le fait que ses refus retardaient mon d\u00e9part essayait peut-\u00eatre de me retenir. J&rsquo;ai d\u00e9cid\u00e9 de lui faire confiance, de partir au bureau m\u00eame les seins lourds, avec des coussinets d&rsquo;allaitement gliss\u00e9s dans le soutien-gorge et pr\u00eate \u00e0 aller exprimer du lait aux toilettes en cas d&rsquo;engorgement. Finalement ma lactation s&rsquo;est adapt\u00e9e tr\u00e8s rapidement, et les t\u00e9t\u00e9s du matin et du midi sont totalement sereines d\u00e9sormais.<\/p>\n<p style=\"text-align: justify;\">Il a aussi \u00e9t\u00e9 difficile de voir que mon enfant, qui avait l&rsquo;habitude de s&rsquo;endormir au sein, refusait r\u00e9guli\u00e8rement de faire ses siestes malgr\u00e9 tous les efforts de son papa : il s&rsquo;endormait au sein, \u00e9puis\u00e9, \u00e0 mon retour le soir. Cela me brisait le coeur en plus du fait que mon mari commen\u00e7ait \u00e0 craquer. Mais apr\u00e8s trois mois (qui ont paru interminables, certes) de patience, mon gar\u00e7on s&rsquo;endort d\u00e9sormais au son de la voix de son papa qui lui raconte tout doucement et en boucle la m\u00eame histoire. Ils ont trouv\u00e9 leur solution, il leur fallait juste un peu de temps&#8230;<\/p>\n<ul style=\"text-align: justify;\">\n<li><strong>Quels ont \u00e9t\u00e9 vos meilleurs moments ?<\/strong><\/li>\n<\/ul>\n<p style=\"text-align: justify;\">Chaque jour, de le voir grandir, s&rsquo;\u00e9panouir, de le sentir si r\u00e9sistant, si \u00e9quilibr\u00e9 aussi, c&rsquo;est un tr\u00e8s grand bonheur. Tous les moments difficiles sont oubli\u00e9s, l&rsquo;\u00e9merveillement prend largement le dessus ! Maintenant, quand je rentre le soir, mon gar\u00e7on s&rsquo;assoit contre mon \u00e9paule et t\u00e8te pendant que je lui lis des histoires. Ce moment vaut tous les soucis de gestion et d&rsquo;organisation !<\/p>\n<p style=\"text-align: justify;\">Voir la relation entre mon enfant et son papa se renforcer, avoir le sentiment parfois que ce dernier est devenu son \u00c2\u00ab adulte de r\u00e9f\u00e9rence \u00c2\u00bb, tout cela se vit bien car je sais qu&rsquo;avec l&rsquo;allaitement, je garde aussi \u00c2\u00ab ma \u00c2\u00bb place, irrempla\u00e7able&#8230; Quand on reprend le travail et que certains jours on doute de tout, cette certitude est apaisante !<\/p>\n<ul style=\"text-align: justify;\">\n<li><strong>Qu&rsquo;est-ce que vous souhaiteriez dire aux mamans qui doivent faire un choix dans les semaines \u00e0 venir ?<\/strong><\/li>\n<\/ul>\n<p style=\"text-align: justify;\">Que ce qui peut sembler complexe a priori se g\u00e8re finalement mieux que l&rsquo;on peut le croire, dans la mesure o\u00f9 l&rsquo;envie est l\u00e0 .<\/p>\n<p style=\"text-align: justify;\">Je me dis souvent \u00c2\u00ab Mais comment font les femmes qui n&rsquo;allaitent pas ? \u00c2\u00bb car malgr\u00e9 tout ce qu&rsquo;on peut penser, je continue \u00e0 \u00eatre persuad\u00e9e que j&rsquo;ai fait le choix de la simplicit\u00e9. Allaiter reste le rem\u00e8de miracles aux chagrins, aux bobos, aux r\u00e9veils nocturnes, sans parler du fait que mon gar\u00e7on n&rsquo;est jamais malade. Plus les mois passent, plus tout est simple. Cela vaut vraiment la peine de pers\u00e9v\u00e9rer. Et allaiter reste un immense plaisir !<\/p>\n<ul style=\"text-align: justify;\">\n<li><strong>Ce serait \u00e0 refaire, vous referiez le m\u00eame choix ? Que changeriez-vous ?<\/strong><\/li>\n<\/ul>\n<p style=\"text-align: justify;\">Oui, absolument. Mais je d\u00e9ciderais d\u00e8s le d\u00e9part de faire r\u00e9ellement confiance \u00e0 mon enfant. Beaucoup d&rsquo;inqui\u00e9tudes \u00e9taient infond\u00e9es et quand on a besoin de toute son \u00e9nergie, c&rsquo;est dommage de la d\u00e9penser dans un stress inutile.<\/p>\n<p style=\"text-align: justify;\"><strong>Articles en rapport :<\/strong><\/p>\n<ul>\n<li style=\"text-align: justify;\"><a href=\"https:\/\/www.lactissima.com\/a-tire-d-ailes\/?p=715\">Allaiter et travailler : le t\u00e9moignage de Clara<\/a><\/li>\n<li style=\"text-align: justify;\"><a href=\"https:\/\/www.lactissima.com\/a-tire-d-ailes\/?p=648\">Allaiter et travailler : le t\u00e9moignage de Florence<\/a><\/li>\n<\/ul>\n<p>&nbsp;<\/p>\n","protected":false},"excerpt":{"rendered":"<p>    * Ce serait \u00e0 refaire, vous referiez le m\u00eame choix ? Que changeriez-vous ?<\/p>\n<p>Oui, absolument. Mais je d\u00e9ciderais d\u00e8s le d\u00e9part de faire r\u00e9ellement confiance \u00e0 mon enfant. Beaucoup d&rsquo;inqui\u00e9tudes \u00e9taient infond\u00e9es et quand on a besoin de toute son \u00e9nergie, c&rsquo;est dommage de la d\u00e9penser dans un stress inutile.<\/p>\n","protected":false},"author":170,"featured_media":4566,"comment_status":"open","ping_status":"open","sticky":false,"template":"","format":"standard","meta":{"_et_pb_use_builder":"","_et_pb_old_content":"","_et_gb_content_width":"","footnotes":""},"categories":[36,150],"tags":[680,681,148,57],"class_list":["post-730","post","type-post","status-publish","format-standard","has-post-thumbnail","hentry","category-allaitement-et-travail","category-temoignages","tag-allaitement","tag-allaitement-et-travail","tag-temoignage","tag-tire-lait"],"yoast_head":"<!-- This site is optimized with the Yoast SEO plugin v27.4 - https:\/\/yoast.com\/product\/yoast-seo-wordpress\/ -->\n<title>Allaiter et travailler : le t\u00e9moignage de Sibylle<\/title>\n<meta name=\"description\" content=\"* Ce serait \u00e0 refaire, vous referiez le m\u00eame choix ? Que changeriez-vous ?  Oui, absolument. Mais je d\u00e9ciderais d\u00e8s le d\u00e9part de faire r\u00e9ellement confiance \u00e0 mon enfant. Beaucoup d&#039;inqui\u00e9tudes \u00e9taient infond\u00e9es et quand on a besoin de toute son \u00e9nergie, c&#039;est dommage de la d\u00e9penser dans un stress inutile.\" \/>\n<meta name=\"robots\" content=\"index, follow, max-snippet:-1, max-image-preview:large, max-video-preview:-1\" \/>\n<link rel=\"canonical\" href=\"https:\/\/www.lactissima.com\/a-tire-d-ailes\/allaiter-et-travailler-le-temoignage-de-sybille\/\" \/>\n<meta property=\"og:locale\" content=\"fr_FR\" \/>\n<meta property=\"og:type\" content=\"article\" \/>\n<meta property=\"og:title\" content=\"Allaiter et travailler : le t\u00e9moignage de Sibylle\" \/>\n<meta property=\"og:description\" content=\"* Ce serait \u00e0 refaire, vous referiez le m\u00eame choix ? Que changeriez-vous ?  Oui, absolument. Mais je d\u00e9ciderais d\u00e8s le d\u00e9part de faire r\u00e9ellement confiance \u00e0 mon enfant. Beaucoup d&#039;inqui\u00e9tudes \u00e9taient infond\u00e9es et quand on a besoin de toute son \u00e9nergie, c&#039;est dommage de la d\u00e9penser dans un stress inutile.\" \/>\n<meta property=\"og:url\" content=\"https:\/\/www.lactissima.com\/a-tire-d-ailes\/allaiter-et-travailler-le-temoignage-de-sybille\/\" \/>\n<meta property=\"og:site_name\" content=\"A tire d&#039;Ailes\" \/>\n<meta property=\"article:publisher\" content=\"https:\/\/www.facebook.com\/consultante.en.lactation\" \/>\n<meta property=\"article:author\" content=\"www.facebook.com\/consultante.en.lactation\" \/>\n<meta property=\"article:published_time\" content=\"2009-10-17T12:28:26+00:00\" \/>\n<meta property=\"article:modified_time\" content=\"2014-03-15T15:11:46+00:00\" \/>\n<meta property=\"og:image\" content=\"https:\/\/www.lactissima.com\/a-tire-d-ailes\/wp-content\/uploads\/2009\/10\/sybille.jpg\" \/>\n\t<meta property=\"og:image:width\" content=\"320\" \/>\n\t<meta property=\"og:image:height\" content=\"240\" \/>\n\t<meta property=\"og:image:type\" content=\"image\/jpeg\" \/>\n<meta name=\"author\" content=\"V\u00e9ronique Darmangeat\" \/>\n<meta name=\"twitter:card\" content=\"summary_large_image\" \/>\n<meta name=\"twitter:creator\" content=\"@VeroniqueIBCLC\" \/>\n<meta name=\"twitter:site\" content=\"@VeroniqueIBCLC\" \/>\n<meta name=\"twitter:label1\" content=\"\u00c9crit par\" \/>\n\t<meta name=\"twitter:data1\" content=\"V\u00e9ronique Darmangeat\" \/>\n\t<meta name=\"twitter:label2\" content=\"Dur\u00e9e de lecture estim\u00e9e\" \/>\n\t<meta name=\"twitter:data2\" content=\"4 minutes\" \/>\n<script type=\"application\/ld+json\" class=\"yoast-schema-graph\">{\"@context\":\"https:\\\/\\\/schema.org\",\"@graph\":[{\"@type\":\"Article\",\"@id\":\"https:\\\/\\\/www.lactissima.com\\\/a-tire-d-ailes\\\/allaiter-et-travailler-le-temoignage-de-sybille\\\/#article\",\"isPartOf\":{\"@id\":\"https:\\\/\\\/www.lactissima.com\\\/a-tire-d-ailes\\\/allaiter-et-travailler-le-temoignage-de-sybille\\\/\"},\"author\":{\"name\":\"V\u00e9ronique Darmangeat\",\"@id\":\"https:\\\/\\\/www.lactissima.com\\\/a-tire-d-ailes\\\/#\\\/schema\\\/person\\\/8f98d3a89530861bc1240e6d53d44eed\"},\"headline\":\"Allaiter et travailler : le t\u00e9moignage de Sibylle\",\"datePublished\":\"2009-10-17T12:28:26+00:00\",\"dateModified\":\"2014-03-15T15:11:46+00:00\",\"mainEntityOfPage\":{\"@id\":\"https:\\\/\\\/www.lactissima.com\\\/a-tire-d-ailes\\\/allaiter-et-travailler-le-temoignage-de-sybille\\\/\"},\"wordCount\":958,\"commentCount\":0,\"image\":{\"@id\":\"https:\\\/\\\/www.lactissima.com\\\/a-tire-d-ailes\\\/allaiter-et-travailler-le-temoignage-de-sybille\\\/#primaryimage\"},\"thumbnailUrl\":\"https:\\\/\\\/www.lactissima.com\\\/a-tire-d-ailes\\\/wp-content\\\/uploads\\\/2009\\\/10\\\/sybille.jpg\",\"keywords\":[\"Allaitement\",\"Allaitement et Travail\",\"t\u00e9moignage\",\"tire-lait\"],\"articleSection\":[\"Allaitement et Travail\",\"t\u00e9moignages\"],\"inLanguage\":\"fr-FR\",\"potentialAction\":[{\"@type\":\"CommentAction\",\"name\":\"Comment\",\"target\":[\"https:\\\/\\\/www.lactissima.com\\\/a-tire-d-ailes\\\/allaiter-et-travailler-le-temoignage-de-sybille\\\/#respond\"]}]},{\"@type\":\"WebPage\",\"@id\":\"https:\\\/\\\/www.lactissima.com\\\/a-tire-d-ailes\\\/allaiter-et-travailler-le-temoignage-de-sybille\\\/\",\"url\":\"https:\\\/\\\/www.lactissima.com\\\/a-tire-d-ailes\\\/allaiter-et-travailler-le-temoignage-de-sybille\\\/\",\"name\":\"Allaiter et travailler : le t\u00e9moignage de Sibylle\",\"isPartOf\":{\"@id\":\"https:\\\/\\\/www.lactissima.com\\\/a-tire-d-ailes\\\/#website\"},\"primaryImageOfPage\":{\"@id\":\"https:\\\/\\\/www.lactissima.com\\\/a-tire-d-ailes\\\/allaiter-et-travailler-le-temoignage-de-sybille\\\/#primaryimage\"},\"image\":{\"@id\":\"https:\\\/\\\/www.lactissima.com\\\/a-tire-d-ailes\\\/allaiter-et-travailler-le-temoignage-de-sybille\\\/#primaryimage\"},\"thumbnailUrl\":\"https:\\\/\\\/www.lactissima.com\\\/a-tire-d-ailes\\\/wp-content\\\/uploads\\\/2009\\\/10\\\/sybille.jpg\",\"datePublished\":\"2009-10-17T12:28:26+00:00\",\"dateModified\":\"2014-03-15T15:11:46+00:00\",\"author\":{\"@id\":\"https:\\\/\\\/www.lactissima.com\\\/a-tire-d-ailes\\\/#\\\/schema\\\/person\\\/8f98d3a89530861bc1240e6d53d44eed\"},\"description\":\"* Ce serait \u00e0 refaire, vous referiez le m\u00eame choix ? Que changeriez-vous ? Oui, absolument. Mais je d\u00e9ciderais d\u00e8s le d\u00e9part de faire r\u00e9ellement confiance \u00e0 mon enfant. Beaucoup d'inqui\u00e9tudes \u00e9taient infond\u00e9es et quand on a besoin de toute son \u00e9nergie, c'est dommage de la d\u00e9penser dans un stress inutile.\",\"breadcrumb\":{\"@id\":\"https:\\\/\\\/www.lactissima.com\\\/a-tire-d-ailes\\\/allaiter-et-travailler-le-temoignage-de-sybille\\\/#breadcrumb\"},\"inLanguage\":\"fr-FR\",\"potentialAction\":[{\"@type\":\"ReadAction\",\"target\":[\"https:\\\/\\\/www.lactissima.com\\\/a-tire-d-ailes\\\/allaiter-et-travailler-le-temoignage-de-sybille\\\/\"]}]},{\"@type\":\"ImageObject\",\"inLanguage\":\"fr-FR\",\"@id\":\"https:\\\/\\\/www.lactissima.com\\\/a-tire-d-ailes\\\/allaiter-et-travailler-le-temoignage-de-sybille\\\/#primaryimage\",\"url\":\"https:\\\/\\\/www.lactissima.com\\\/a-tire-d-ailes\\\/wp-content\\\/uploads\\\/2009\\\/10\\\/sybille.jpg\",\"contentUrl\":\"https:\\\/\\\/www.lactissima.com\\\/a-tire-d-ailes\\\/wp-content\\\/uploads\\\/2009\\\/10\\\/sybille.jpg\",\"width\":320,\"height\":240},{\"@type\":\"BreadcrumbList\",\"@id\":\"https:\\\/\\\/www.lactissima.com\\\/a-tire-d-ailes\\\/allaiter-et-travailler-le-temoignage-de-sybille\\\/#breadcrumb\",\"itemListElement\":[{\"@type\":\"ListItem\",\"position\":1,\"name\":\"Accueil\",\"item\":\"https:\\\/\\\/www.lactissima.com\\\/a-tire-d-ailes\\\/\"},{\"@type\":\"ListItem\",\"position\":2,\"name\":\"Allaiter et travailler : le t\u00e9moignage de Sibylle\"}]},{\"@type\":\"WebSite\",\"@id\":\"https:\\\/\\\/www.lactissima.com\\\/a-tire-d-ailes\\\/#website\",\"url\":\"https:\\\/\\\/www.lactissima.com\\\/a-tire-d-ailes\\\/\",\"name\":\"A tire d&#039;Ailes\",\"description\":\"Le blog des femmes qui allaitent et travaillent.\",\"potentialAction\":[{\"@type\":\"SearchAction\",\"target\":{\"@type\":\"EntryPoint\",\"urlTemplate\":\"https:\\\/\\\/www.lactissima.com\\\/a-tire-d-ailes\\\/?s={search_term_string}\"},\"query-input\":{\"@type\":\"PropertyValueSpecification\",\"valueRequired\":true,\"valueName\":\"search_term_string\"}}],\"inLanguage\":\"fr-FR\"},{\"@type\":\"Person\",\"@id\":\"https:\\\/\\\/www.lactissima.com\\\/a-tire-d-ailes\\\/#\\\/schema\\\/person\\\/8f98d3a89530861bc1240e6d53d44eed\",\"name\":\"V\u00e9ronique Darmangeat\",\"image\":{\"@type\":\"ImageObject\",\"inLanguage\":\"fr-FR\",\"@id\":\"https:\\\/\\\/secure.gravatar.com\\\/avatar\\\/268c99344c89cebfe4f5df5fa8be43068a18884fc76a29f3206fae98465b9cab?s=96&d=identicon&r=g\",\"url\":\"https:\\\/\\\/secure.gravatar.com\\\/avatar\\\/268c99344c89cebfe4f5df5fa8be43068a18884fc76a29f3206fae98465b9cab?s=96&d=identicon&r=g\",\"contentUrl\":\"https:\\\/\\\/secure.gravatar.com\\\/avatar\\\/268c99344c89cebfe4f5df5fa8be43068a18884fc76a29f3206fae98465b9cab?s=96&d=identicon&r=g\",\"caption\":\"V\u00e9ronique Darmangeat\"},\"sameAs\":[\"https:\\\/\\\/www.lactissima.com\\\/a-tire-d-ailes\",\"www.facebook.com\\\/consultante.en.lactation\"]}]}<\/script>\n<!-- \/ Yoast SEO plugin. -->","yoast_head_json":{"title":"Allaiter et travailler : le t\u00e9moignage de Sibylle","description":"* Ce serait \u00e0 refaire, vous referiez le m\u00eame choix ? Que changeriez-vous ?  Oui, absolument. Mais je d\u00e9ciderais d\u00e8s le d\u00e9part de faire r\u00e9ellement confiance \u00e0 mon enfant. Beaucoup d'inqui\u00e9tudes \u00e9taient infond\u00e9es et quand on a besoin de toute son \u00e9nergie, c'est dommage de la d\u00e9penser dans un stress inutile.","robots":{"index":"index","follow":"follow","max-snippet":"max-snippet:-1","max-image-preview":"max-image-preview:large","max-video-preview":"max-video-preview:-1"},"canonical":"https:\/\/www.lactissima.com\/a-tire-d-ailes\/allaiter-et-travailler-le-temoignage-de-sybille\/","og_locale":"fr_FR","og_type":"article","og_title":"Allaiter et travailler : le t\u00e9moignage de Sibylle","og_description":"* Ce serait \u00e0 refaire, vous referiez le m\u00eame choix ? Que changeriez-vous ?  Oui, absolument. Mais je d\u00e9ciderais d\u00e8s le d\u00e9part de faire r\u00e9ellement confiance \u00e0 mon enfant. Beaucoup d'inqui\u00e9tudes \u00e9taient infond\u00e9es et quand on a besoin de toute son \u00e9nergie, c'est dommage de la d\u00e9penser dans un stress inutile.","og_url":"https:\/\/www.lactissima.com\/a-tire-d-ailes\/allaiter-et-travailler-le-temoignage-de-sybille\/","og_site_name":"A tire d&#039;Ailes","article_publisher":"https:\/\/www.facebook.com\/consultante.en.lactation","article_author":"www.facebook.com\/consultante.en.lactation","article_published_time":"2009-10-17T12:28:26+00:00","article_modified_time":"2014-03-15T15:11:46+00:00","og_image":[{"width":320,"height":240,"url":"https:\/\/www.lactissima.com\/a-tire-d-ailes\/wp-content\/uploads\/2009\/10\/sybille.jpg","type":"image\/jpeg"}],"author":"V\u00e9ronique Darmangeat","twitter_card":"summary_large_image","twitter_creator":"@VeroniqueIBCLC","twitter_site":"@VeroniqueIBCLC","twitter_misc":{"\u00c9crit par":"V\u00e9ronique Darmangeat","Dur\u00e9e de lecture estim\u00e9e":"4 minutes"},"schema":{"@context":"https:\/\/schema.org","@graph":[{"@type":"Article","@id":"https:\/\/www.lactissima.com\/a-tire-d-ailes\/allaiter-et-travailler-le-temoignage-de-sybille\/#article","isPartOf":{"@id":"https:\/\/www.lactissima.com\/a-tire-d-ailes\/allaiter-et-travailler-le-temoignage-de-sybille\/"},"author":{"name":"V\u00e9ronique Darmangeat","@id":"https:\/\/www.lactissima.com\/a-tire-d-ailes\/#\/schema\/person\/8f98d3a89530861bc1240e6d53d44eed"},"headline":"Allaiter et travailler : le t\u00e9moignage de Sibylle","datePublished":"2009-10-17T12:28:26+00:00","dateModified":"2014-03-15T15:11:46+00:00","mainEntityOfPage":{"@id":"https:\/\/www.lactissima.com\/a-tire-d-ailes\/allaiter-et-travailler-le-temoignage-de-sybille\/"},"wordCount":958,"commentCount":0,"image":{"@id":"https:\/\/www.lactissima.com\/a-tire-d-ailes\/allaiter-et-travailler-le-temoignage-de-sybille\/#primaryimage"},"thumbnailUrl":"https:\/\/www.lactissima.com\/a-tire-d-ailes\/wp-content\/uploads\/2009\/10\/sybille.jpg","keywords":["Allaitement","Allaitement et Travail","t\u00e9moignage","tire-lait"],"articleSection":["Allaitement et Travail","t\u00e9moignages"],"inLanguage":"fr-FR","potentialAction":[{"@type":"CommentAction","name":"Comment","target":["https:\/\/www.lactissima.com\/a-tire-d-ailes\/allaiter-et-travailler-le-temoignage-de-sybille\/#respond"]}]},{"@type":"WebPage","@id":"https:\/\/www.lactissima.com\/a-tire-d-ailes\/allaiter-et-travailler-le-temoignage-de-sybille\/","url":"https:\/\/www.lactissima.com\/a-tire-d-ailes\/allaiter-et-travailler-le-temoignage-de-sybille\/","name":"Allaiter et travailler : le t\u00e9moignage de Sibylle","isPartOf":{"@id":"https:\/\/www.lactissima.com\/a-tire-d-ailes\/#website"},"primaryImageOfPage":{"@id":"https:\/\/www.lactissima.com\/a-tire-d-ailes\/allaiter-et-travailler-le-temoignage-de-sybille\/#primaryimage"},"image":{"@id":"https:\/\/www.lactissima.com\/a-tire-d-ailes\/allaiter-et-travailler-le-temoignage-de-sybille\/#primaryimage"},"thumbnailUrl":"https:\/\/www.lactissima.com\/a-tire-d-ailes\/wp-content\/uploads\/2009\/10\/sybille.jpg","datePublished":"2009-10-17T12:28:26+00:00","dateModified":"2014-03-15T15:11:46+00:00","author":{"@id":"https:\/\/www.lactissima.com\/a-tire-d-ailes\/#\/schema\/person\/8f98d3a89530861bc1240e6d53d44eed"},"description":"* Ce serait \u00e0 refaire, vous referiez le m\u00eame choix ? Que changeriez-vous ? Oui, absolument. Mais je d\u00e9ciderais d\u00e8s le d\u00e9part de faire r\u00e9ellement confiance \u00e0 mon enfant. Beaucoup d'inqui\u00e9tudes \u00e9taient infond\u00e9es et quand on a besoin de toute son \u00e9nergie, c'est dommage de la d\u00e9penser dans un stress inutile.","breadcrumb":{"@id":"https:\/\/www.lactissima.com\/a-tire-d-ailes\/allaiter-et-travailler-le-temoignage-de-sybille\/#breadcrumb"},"inLanguage":"fr-FR","potentialAction":[{"@type":"ReadAction","target":["https:\/\/www.lactissima.com\/a-tire-d-ailes\/allaiter-et-travailler-le-temoignage-de-sybille\/"]}]},{"@type":"ImageObject","inLanguage":"fr-FR","@id":"https:\/\/www.lactissima.com\/a-tire-d-ailes\/allaiter-et-travailler-le-temoignage-de-sybille\/#primaryimage","url":"https:\/\/www.lactissima.com\/a-tire-d-ailes\/wp-content\/uploads\/2009\/10\/sybille.jpg","contentUrl":"https:\/\/www.lactissima.com\/a-tire-d-ailes\/wp-content\/uploads\/2009\/10\/sybille.jpg","width":320,"height":240},{"@type":"BreadcrumbList","@id":"https:\/\/www.lactissima.com\/a-tire-d-ailes\/allaiter-et-travailler-le-temoignage-de-sybille\/#breadcrumb","itemListElement":[{"@type":"ListItem","position":1,"name":"Accueil","item":"https:\/\/www.lactissima.com\/a-tire-d-ailes\/"},{"@type":"ListItem","position":2,"name":"Allaiter et travailler : le t\u00e9moignage de Sibylle"}]},{"@type":"WebSite","@id":"https:\/\/www.lactissima.com\/a-tire-d-ailes\/#website","url":"https:\/\/www.lactissima.com\/a-tire-d-ailes\/","name":"A tire d&#039;Ailes","description":"Le blog des femmes qui allaitent et travaillent.","potentialAction":[{"@type":"SearchAction","target":{"@type":"EntryPoint","urlTemplate":"https:\/\/www.lactissima.com\/a-tire-d-ailes\/?s={search_term_string}"},"query-input":{"@type":"PropertyValueSpecification","valueRequired":true,"valueName":"search_term_string"}}],"inLanguage":"fr-FR"},{"@type":"Person","@id":"https:\/\/www.lactissima.com\/a-tire-d-ailes\/#\/schema\/person\/8f98d3a89530861bc1240e6d53d44eed","name":"V\u00e9ronique Darmangeat","image":{"@type":"ImageObject","inLanguage":"fr-FR","@id":"https:\/\/secure.gravatar.com\/avatar\/268c99344c89cebfe4f5df5fa8be43068a18884fc76a29f3206fae98465b9cab?s=96&d=identicon&r=g","url":"https:\/\/secure.gravatar.com\/avatar\/268c99344c89cebfe4f5df5fa8be43068a18884fc76a29f3206fae98465b9cab?s=96&d=identicon&r=g","contentUrl":"https:\/\/secure.gravatar.com\/avatar\/268c99344c89cebfe4f5df5fa8be43068a18884fc76a29f3206fae98465b9cab?s=96&d=identicon&r=g","caption":"V\u00e9ronique Darmangeat"},"sameAs":["https:\/\/www.lactissima.com\/a-tire-d-ailes","www.facebook.com\/consultante.en.lactation"]}]}},"_links":{"self":[{"href":"https:\/\/www.lactissima.com\/a-tire-d-ailes\/wp-json\/wp\/v2\/posts\/730","targetHints":{"allow":["GET"]}}],"collection":[{"href":"https:\/\/www.lactissima.com\/a-tire-d-ailes\/wp-json\/wp\/v2\/posts"}],"about":[{"href":"https:\/\/www.lactissima.com\/a-tire-d-ailes\/wp-json\/wp\/v2\/types\/post"}],"author":[{"embeddable":true,"href":"https:\/\/www.lactissima.com\/a-tire-d-ailes\/wp-json\/wp\/v2\/users\/170"}],"replies":[{"embeddable":true,"href":"https:\/\/www.lactissima.com\/a-tire-d-ailes\/wp-json\/wp\/v2\/comments?post=730"}],"version-history":[{"count":14,"href":"https:\/\/www.lactissima.com\/a-tire-d-ailes\/wp-json\/wp\/v2\/posts\/730\/revisions"}],"predecessor-version":[{"id":5547,"href":"https:\/\/www.lactissima.com\/a-tire-d-ailes\/wp-json\/wp\/v2\/posts\/730\/revisions\/5547"}],"wp:featuredmedia":[{"embeddable":true,"href":"https:\/\/www.lactissima.com\/a-tire-d-ailes\/wp-json\/wp\/v2\/media\/4566"}],"wp:attachment":[{"href":"https:\/\/www.lactissima.com\/a-tire-d-ailes\/wp-json\/wp\/v2\/media?parent=730"}],"wp:term":[{"taxonomy":"category","embeddable":true,"href":"https:\/\/www.lactissima.com\/a-tire-d-ailes\/wp-json\/wp\/v2\/categories?post=730"},{"taxonomy":"post_tag","embeddable":true,"href":"https:\/\/www.lactissima.com\/a-tire-d-ailes\/wp-json\/wp\/v2\/tags?post=730"}],"curies":[{"name":"wp","href":"https:\/\/api.w.org\/{rel}","templated":true}]}}