{"id":7281,"date":"2017-08-24T10:58:19","date_gmt":"2017-08-24T08:58:19","guid":{"rendered":"https:\/\/www.lactissima.com\/a-tire-d-ailes\/?p=7281"},"modified":"2017-08-24T10:58:19","modified_gmt":"2017-08-24T08:58:19","slug":"creche-et-alimentation","status":"publish","type":"post","link":"https:\/\/www.lactissima.com\/a-tire-d-ailes\/creche-et-alimentation\/","title":{"rendered":"Entr\u00e9e en cr\u00e8che : ce qui change"},"content":{"rendered":"<p style=\"text-align: justify;\"><img loading=\"lazy\" decoding=\"async\" class=\"alignright wp-image-7284 size-full\" src=\"https:\/\/www.lactissima.com\/a-tire-d-ailes\/wp-content\/uploads\/2017\/08\/cr\u00e8che4.jpg\" alt=\"cr\u00e8che et alimentation\" width=\"375\" height=\"170\" srcset=\"https:\/\/www.lactissima.com\/a-tire-d-ailes\/wp-content\/uploads\/2017\/08\/cr\u00e8che4.jpg 375w, https:\/\/www.lactissima.com\/a-tire-d-ailes\/wp-content\/uploads\/2017\/08\/cr\u00e8che4-300x136.jpg 300w\" sizes=\"(max-width: 375px) 100vw, 375px\" \/>Votre b\u00e9b\u00e9 \u00e9tait jusqu&rsquo;\u00e0 pr\u00e9sent gard\u00e9 par une assistante maternelle et vous avez obtenu une place en <strong>cr\u00e8che<\/strong>. La rentr\u00e9e, c&rsquo;est pour bient\u00f4t et vous vous inqui\u00e9tez de la transition.<\/p>\n<p style=\"text-align: justify;\">Ce qui <strong>change<\/strong> pour l&rsquo;alimentation de votre enfant :<\/p>\n<ul style=\"text-align: justify;\">\n<li>De nouvelles personnes vont s&rsquo;occuper de votre enfant. Il ne les connait pas encore et peut recommencer \u00e0 <strong>refuser<\/strong> de manger. C&rsquo;est normal, il a besoin de se rassurer puis il acceptera \u00e0 nouveau de manger. Selon son \u00e2ge, il peut par contre ne plus vouloir du biberon, ce qui n&rsquo;est pas grave en soi.<\/li>\n<li>La cr\u00e8che accepte-t-elle de donner votre lait ? Si ce n&rsquo;est pas le cas, vous devez envisager un <strong>allaitement mixte<\/strong>. Votre enfant va devoir s&rsquo;adapter \u00e0 la pr\u00e9paration pour nourrisson. Certains enfants la prennent sans probl\u00e8me alors que d&rsquo;autres la refusent. Vous pouvez essayer la <a href=\"https:\/\/www.lactissima.com\/a-tire-d-ailes\/bebe-refuse-le-biberon\/\" target=\"_blank\" rel=\"noopener\">technique du m\u00e9lange<\/a> lait maternel\/pr\u00e9paration pour nourrisson.<\/li>\n<li>Les r\u00e8gles de <strong>conservation du lait<\/strong> maternel peuvent \u00eatre diff\u00e9rentes dans la cr\u00e8che que vous int\u00e9grez. De mani\u00e8re g\u00e9n\u00e9rale, ne vous en faites pas, votre lait se conserve tr\u00e8s bien. Au pire, vous pourrez toujours <a href=\"https:\/\/www.lactissima.com\/a-tire-d-ailes\/conservation-du-lait\/\" target=\"_blank\" rel=\"noopener\">mentir<\/a> \u00e0 cr\u00e8che :-S<\/li>\n<li>La composition de l&rsquo;alimentation du groupe qu&rsquo;int\u00e8gre votre enfant peut ne pas correspondre aux habitudes de votre enfant. Notamment la place laiss\u00e9e au lait. De nombreuses cr\u00e8ches privil\u00e9gient les solides et <strong>diminuent la dose de lait<\/strong> entre 9 mois et un an. Or cela ne correspond pas du tout aux besoins des enfants de cet \u00e2ge l\u00e0, chez qui le lait reste l&rsquo;aliment essentiel et primordial. Je vous engage \u00e0 parler avec la responsable de la cr\u00e8che pour demander \u00e0 ce que le lait soit syst\u00e9matiquement donn\u00e9 avant les solides \u00e0 votre enfant.<\/li>\n<li>Beaucoup de cr\u00e8ches ne nourrissent pas les enfants \u00e0 la demande mais \u00e0 <strong>heures fixes<\/strong>. Cela peut \u00eatre difficile pour votre enfant s&rsquo;il continue (comme beaucoup de b\u00e9b\u00e9s) \u00e0 fractionner ses repas. Beaucoup d&rsquo;enfants s&rsquo;habituent \u00e0 des horaires mais si vous constatez que ce n&rsquo;est pas le cas de votre enfant et qu&rsquo;il ne mange pas suffisamment car pas assez souvent, il est important d&rsquo;en parler avec l&rsquo;\u00e9quipe de la cr\u00e8che.<\/li>\n<\/ul>\n<p style=\"text-align: justify;\">Et pour <strong>vous<\/strong>, qu&rsquo;est-ce qui a beaucoup chang\u00e9 pour votre enfant avec l&rsquo;entr\u00e9e en cr\u00e8che ?<\/p>\n<p style=\"text-align: justify;\"><strong>Articles en rapport :<\/strong><\/p>\n<ul>\n<li style=\"text-align: justify;\"><a href=\"https:\/\/www.lactissima.com\/a-tire-d-ailes\/bebe-refuse-le-biberon\/\" target=\"_blank\" rel=\"noopener\">Quand mon b\u00e9b\u00e9 refuse le biberon<\/a><\/li>\n<li style=\"text-align: justify;\"><a href=\"https:\/\/www.lactissima.com\/a-tire-d-ailes\/conservation-du-lait\/\" target=\"_blank\" rel=\"noopener\">Faut-il mentir \u00e0 la cr\u00e8che ?<\/a><\/li>\n<\/ul>\n<div class='et-box et-shadow'>\n\t\t\t\t\t<div class='et-box-content'>Lire des articles ou poser des questions en commentaire ne suffit pas \u00e0 r\u00e9soudre votre probl\u00e8me ?\nSavez-vous que vous pouvez prendre RDV pour une consultation avec moi ?\nN&rsquo;h\u00e9sitez pas \u00e0 me contacter !<\/div><\/div>\n","protected":false},"excerpt":{"rendered":"<p>Votre b\u00e9b\u00e9 \u00e9tait jusqu&rsquo;\u00e0 pr\u00e9sent gard\u00e9 par une assistante maternelle et vous avez obtenu une place en cr\u00e8che. La rentr\u00e9e, c&rsquo;est pour bient\u00f4t et vous vous inqui\u00e9tez de la transition. Ce qui change pour l&rsquo;alimentation de votre enfant : De nouvelles personnes vont s&rsquo;occuper de votre enfant. Il ne les connait pas encore et peut [&hellip;]<\/p>\n","protected":false},"author":170,"featured_media":7284,"comment_status":"open","ping_status":"open","sticky":false,"template":"","format":"standard","meta":{"_et_pb_use_builder":"","_et_pb_old_content":"","_et_gb_content_width":"","footnotes":""},"categories":[712],"tags":[],"class_list":["post-7281","post","type-post","status-publish","format-standard","has-post-thumbnail","hentry","category-mode-de-garde"],"yoast_head":"<!-- This site is optimized with the Yoast SEO plugin v27.4 - https:\/\/yoast.com\/product\/yoast-seo-wordpress\/ -->\n<title>cr\u00e8che et alimentation<\/title>\n<meta name=\"description\" content=\"L&#039;entr\u00e9e en cr\u00e8che signifie souvent un changement dans l&#039;alimentation de votre enfant. Voici de quoi pr\u00e9voir.\" \/>\n<meta name=\"robots\" content=\"index, follow, max-snippet:-1, max-image-preview:large, max-video-preview:-1\" \/>\n<link rel=\"canonical\" href=\"https:\/\/www.lactissima.com\/a-tire-d-ailes\/creche-et-alimentation\/\" \/>\n<meta property=\"og:locale\" content=\"fr_FR\" \/>\n<meta property=\"og:type\" content=\"article\" \/>\n<meta property=\"og:title\" content=\"cr\u00e8che et alimentation\" \/>\n<meta property=\"og:description\" content=\"L&#039;entr\u00e9e en cr\u00e8che signifie souvent un changement dans l&#039;alimentation de votre enfant. Voici de quoi pr\u00e9voir.\" \/>\n<meta property=\"og:url\" content=\"https:\/\/www.lactissima.com\/a-tire-d-ailes\/creche-et-alimentation\/\" \/>\n<meta property=\"og:site_name\" content=\"A tire d&#039;Ailes\" \/>\n<meta property=\"article:publisher\" content=\"https:\/\/www.facebook.com\/consultante.en.lactation\" \/>\n<meta property=\"article:author\" content=\"www.facebook.com\/consultante.en.lactation\" \/>\n<meta property=\"article:published_time\" content=\"2017-08-24T08:58:19+00:00\" \/>\n<meta property=\"og:image\" content=\"https:\/\/www.lactissima.com\/a-tire-d-ailes\/wp-content\/uploads\/2017\/08\/cr\u00e8che4.jpg\" \/>\n\t<meta property=\"og:image:width\" content=\"375\" \/>\n\t<meta property=\"og:image:height\" content=\"170\" \/>\n\t<meta property=\"og:image:type\" content=\"image\/jpeg\" \/>\n<meta name=\"author\" content=\"V\u00e9ronique Darmangeat\" \/>\n<meta name=\"twitter:card\" content=\"summary_large_image\" \/>\n<meta name=\"twitter:creator\" content=\"@VeroniqueIBCLC\" \/>\n<meta name=\"twitter:site\" content=\"@VeroniqueIBCLC\" \/>\n<meta name=\"twitter:label1\" content=\"\u00c9crit par\" \/>\n\t<meta name=\"twitter:data1\" content=\"V\u00e9ronique Darmangeat\" \/>\n\t<meta name=\"twitter:label2\" content=\"Dur\u00e9e de lecture estim\u00e9e\" \/>\n\t<meta name=\"twitter:data2\" content=\"2 minutes\" \/>\n<script type=\"application\/ld+json\" class=\"yoast-schema-graph\">{\"@context\":\"https:\\\/\\\/schema.org\",\"@graph\":[{\"@type\":\"Article\",\"@id\":\"https:\\\/\\\/www.lactissima.com\\\/a-tire-d-ailes\\\/creche-et-alimentation\\\/#article\",\"isPartOf\":{\"@id\":\"https:\\\/\\\/www.lactissima.com\\\/a-tire-d-ailes\\\/creche-et-alimentation\\\/\"},\"author\":{\"name\":\"V\u00e9ronique Darmangeat\",\"@id\":\"https:\\\/\\\/www.lactissima.com\\\/a-tire-d-ailes\\\/#\\\/schema\\\/person\\\/8f98d3a89530861bc1240e6d53d44eed\"},\"headline\":\"Entr\u00e9e en cr\u00e8che : ce qui change\",\"datePublished\":\"2017-08-24T08:58:19+00:00\",\"mainEntityOfPage\":{\"@id\":\"https:\\\/\\\/www.lactissima.com\\\/a-tire-d-ailes\\\/creche-et-alimentation\\\/\"},\"wordCount\":462,\"commentCount\":4,\"image\":{\"@id\":\"https:\\\/\\\/www.lactissima.com\\\/a-tire-d-ailes\\\/creche-et-alimentation\\\/#primaryimage\"},\"thumbnailUrl\":\"https:\\\/\\\/www.lactissima.com\\\/a-tire-d-ailes\\\/wp-content\\\/uploads\\\/2017\\\/08\\\/cr\u00e8che4.jpg\",\"articleSection\":[\"Mode de garde\"],\"inLanguage\":\"fr-FR\",\"potentialAction\":[{\"@type\":\"CommentAction\",\"name\":\"Comment\",\"target\":[\"https:\\\/\\\/www.lactissima.com\\\/a-tire-d-ailes\\\/creche-et-alimentation\\\/#respond\"]}]},{\"@type\":\"WebPage\",\"@id\":\"https:\\\/\\\/www.lactissima.com\\\/a-tire-d-ailes\\\/creche-et-alimentation\\\/\",\"url\":\"https:\\\/\\\/www.lactissima.com\\\/a-tire-d-ailes\\\/creche-et-alimentation\\\/\",\"name\":\"cr\u00e8che et alimentation\",\"isPartOf\":{\"@id\":\"https:\\\/\\\/www.lactissima.com\\\/a-tire-d-ailes\\\/#website\"},\"primaryImageOfPage\":{\"@id\":\"https:\\\/\\\/www.lactissima.com\\\/a-tire-d-ailes\\\/creche-et-alimentation\\\/#primaryimage\"},\"image\":{\"@id\":\"https:\\\/\\\/www.lactissima.com\\\/a-tire-d-ailes\\\/creche-et-alimentation\\\/#primaryimage\"},\"thumbnailUrl\":\"https:\\\/\\\/www.lactissima.com\\\/a-tire-d-ailes\\\/wp-content\\\/uploads\\\/2017\\\/08\\\/cr\u00e8che4.jpg\",\"datePublished\":\"2017-08-24T08:58:19+00:00\",\"author\":{\"@id\":\"https:\\\/\\\/www.lactissima.com\\\/a-tire-d-ailes\\\/#\\\/schema\\\/person\\\/8f98d3a89530861bc1240e6d53d44eed\"},\"description\":\"L'entr\u00e9e en cr\u00e8che signifie souvent un changement dans l'alimentation de votre enfant. Voici de quoi pr\u00e9voir.\",\"breadcrumb\":{\"@id\":\"https:\\\/\\\/www.lactissima.com\\\/a-tire-d-ailes\\\/creche-et-alimentation\\\/#breadcrumb\"},\"inLanguage\":\"fr-FR\",\"potentialAction\":[{\"@type\":\"ReadAction\",\"target\":[\"https:\\\/\\\/www.lactissima.com\\\/a-tire-d-ailes\\\/creche-et-alimentation\\\/\"]}]},{\"@type\":\"ImageObject\",\"inLanguage\":\"fr-FR\",\"@id\":\"https:\\\/\\\/www.lactissima.com\\\/a-tire-d-ailes\\\/creche-et-alimentation\\\/#primaryimage\",\"url\":\"https:\\\/\\\/www.lactissima.com\\\/a-tire-d-ailes\\\/wp-content\\\/uploads\\\/2017\\\/08\\\/cr\u00e8che4.jpg\",\"contentUrl\":\"https:\\\/\\\/www.lactissima.com\\\/a-tire-d-ailes\\\/wp-content\\\/uploads\\\/2017\\\/08\\\/cr\u00e8che4.jpg\",\"width\":375,\"height\":170,\"caption\":\"cr\u00e8che\"},{\"@type\":\"BreadcrumbList\",\"@id\":\"https:\\\/\\\/www.lactissima.com\\\/a-tire-d-ailes\\\/creche-et-alimentation\\\/#breadcrumb\",\"itemListElement\":[{\"@type\":\"ListItem\",\"position\":1,\"name\":\"Accueil\",\"item\":\"https:\\\/\\\/www.lactissima.com\\\/a-tire-d-ailes\\\/\"},{\"@type\":\"ListItem\",\"position\":2,\"name\":\"Entr\u00e9e en cr\u00e8che : ce qui change\"}]},{\"@type\":\"WebSite\",\"@id\":\"https:\\\/\\\/www.lactissima.com\\\/a-tire-d-ailes\\\/#website\",\"url\":\"https:\\\/\\\/www.lactissima.com\\\/a-tire-d-ailes\\\/\",\"name\":\"A tire d&#039;Ailes\",\"description\":\"Le blog des femmes qui allaitent et travaillent.\",\"potentialAction\":[{\"@type\":\"SearchAction\",\"target\":{\"@type\":\"EntryPoint\",\"urlTemplate\":\"https:\\\/\\\/www.lactissima.com\\\/a-tire-d-ailes\\\/?s={search_term_string}\"},\"query-input\":{\"@type\":\"PropertyValueSpecification\",\"valueRequired\":true,\"valueName\":\"search_term_string\"}}],\"inLanguage\":\"fr-FR\"},{\"@type\":\"Person\",\"@id\":\"https:\\\/\\\/www.lactissima.com\\\/a-tire-d-ailes\\\/#\\\/schema\\\/person\\\/8f98d3a89530861bc1240e6d53d44eed\",\"name\":\"V\u00e9ronique Darmangeat\",\"image\":{\"@type\":\"ImageObject\",\"inLanguage\":\"fr-FR\",\"@id\":\"https:\\\/\\\/secure.gravatar.com\\\/avatar\\\/268c99344c89cebfe4f5df5fa8be43068a18884fc76a29f3206fae98465b9cab?s=96&d=identicon&r=g\",\"url\":\"https:\\\/\\\/secure.gravatar.com\\\/avatar\\\/268c99344c89cebfe4f5df5fa8be43068a18884fc76a29f3206fae98465b9cab?s=96&d=identicon&r=g\",\"contentUrl\":\"https:\\\/\\\/secure.gravatar.com\\\/avatar\\\/268c99344c89cebfe4f5df5fa8be43068a18884fc76a29f3206fae98465b9cab?s=96&d=identicon&r=g\",\"caption\":\"V\u00e9ronique Darmangeat\"},\"sameAs\":[\"https:\\\/\\\/www.lactissima.com\\\/a-tire-d-ailes\",\"www.facebook.com\\\/consultante.en.lactation\"]}]}<\/script>\n<!-- \/ Yoast SEO plugin. -->","yoast_head_json":{"title":"cr\u00e8che et alimentation","description":"L'entr\u00e9e en cr\u00e8che signifie souvent un changement dans l'alimentation de votre enfant. Voici de quoi pr\u00e9voir.","robots":{"index":"index","follow":"follow","max-snippet":"max-snippet:-1","max-image-preview":"max-image-preview:large","max-video-preview":"max-video-preview:-1"},"canonical":"https:\/\/www.lactissima.com\/a-tire-d-ailes\/creche-et-alimentation\/","og_locale":"fr_FR","og_type":"article","og_title":"cr\u00e8che et alimentation","og_description":"L'entr\u00e9e en cr\u00e8che signifie souvent un changement dans l'alimentation de votre enfant. Voici de quoi pr\u00e9voir.","og_url":"https:\/\/www.lactissima.com\/a-tire-d-ailes\/creche-et-alimentation\/","og_site_name":"A tire d&#039;Ailes","article_publisher":"https:\/\/www.facebook.com\/consultante.en.lactation","article_author":"www.facebook.com\/consultante.en.lactation","article_published_time":"2017-08-24T08:58:19+00:00","og_image":[{"width":375,"height":170,"url":"https:\/\/www.lactissima.com\/a-tire-d-ailes\/wp-content\/uploads\/2017\/08\/cr\u00e8che4.jpg","type":"image\/jpeg"}],"author":"V\u00e9ronique Darmangeat","twitter_card":"summary_large_image","twitter_creator":"@VeroniqueIBCLC","twitter_site":"@VeroniqueIBCLC","twitter_misc":{"\u00c9crit par":"V\u00e9ronique Darmangeat","Dur\u00e9e de lecture estim\u00e9e":"2 minutes"},"schema":{"@context":"https:\/\/schema.org","@graph":[{"@type":"Article","@id":"https:\/\/www.lactissima.com\/a-tire-d-ailes\/creche-et-alimentation\/#article","isPartOf":{"@id":"https:\/\/www.lactissima.com\/a-tire-d-ailes\/creche-et-alimentation\/"},"author":{"name":"V\u00e9ronique Darmangeat","@id":"https:\/\/www.lactissima.com\/a-tire-d-ailes\/#\/schema\/person\/8f98d3a89530861bc1240e6d53d44eed"},"headline":"Entr\u00e9e en cr\u00e8che : ce qui change","datePublished":"2017-08-24T08:58:19+00:00","mainEntityOfPage":{"@id":"https:\/\/www.lactissima.com\/a-tire-d-ailes\/creche-et-alimentation\/"},"wordCount":462,"commentCount":4,"image":{"@id":"https:\/\/www.lactissima.com\/a-tire-d-ailes\/creche-et-alimentation\/#primaryimage"},"thumbnailUrl":"https:\/\/www.lactissima.com\/a-tire-d-ailes\/wp-content\/uploads\/2017\/08\/cr\u00e8che4.jpg","articleSection":["Mode de garde"],"inLanguage":"fr-FR","potentialAction":[{"@type":"CommentAction","name":"Comment","target":["https:\/\/www.lactissima.com\/a-tire-d-ailes\/creche-et-alimentation\/#respond"]}]},{"@type":"WebPage","@id":"https:\/\/www.lactissima.com\/a-tire-d-ailes\/creche-et-alimentation\/","url":"https:\/\/www.lactissima.com\/a-tire-d-ailes\/creche-et-alimentation\/","name":"cr\u00e8che et alimentation","isPartOf":{"@id":"https:\/\/www.lactissima.com\/a-tire-d-ailes\/#website"},"primaryImageOfPage":{"@id":"https:\/\/www.lactissima.com\/a-tire-d-ailes\/creche-et-alimentation\/#primaryimage"},"image":{"@id":"https:\/\/www.lactissima.com\/a-tire-d-ailes\/creche-et-alimentation\/#primaryimage"},"thumbnailUrl":"https:\/\/www.lactissima.com\/a-tire-d-ailes\/wp-content\/uploads\/2017\/08\/cr\u00e8che4.jpg","datePublished":"2017-08-24T08:58:19+00:00","author":{"@id":"https:\/\/www.lactissima.com\/a-tire-d-ailes\/#\/schema\/person\/8f98d3a89530861bc1240e6d53d44eed"},"description":"L'entr\u00e9e en cr\u00e8che signifie souvent un changement dans l'alimentation de votre enfant. Voici de quoi pr\u00e9voir.","breadcrumb":{"@id":"https:\/\/www.lactissima.com\/a-tire-d-ailes\/creche-et-alimentation\/#breadcrumb"},"inLanguage":"fr-FR","potentialAction":[{"@type":"ReadAction","target":["https:\/\/www.lactissima.com\/a-tire-d-ailes\/creche-et-alimentation\/"]}]},{"@type":"ImageObject","inLanguage":"fr-FR","@id":"https:\/\/www.lactissima.com\/a-tire-d-ailes\/creche-et-alimentation\/#primaryimage","url":"https:\/\/www.lactissima.com\/a-tire-d-ailes\/wp-content\/uploads\/2017\/08\/cr\u00e8che4.jpg","contentUrl":"https:\/\/www.lactissima.com\/a-tire-d-ailes\/wp-content\/uploads\/2017\/08\/cr\u00e8che4.jpg","width":375,"height":170,"caption":"cr\u00e8che"},{"@type":"BreadcrumbList","@id":"https:\/\/www.lactissima.com\/a-tire-d-ailes\/creche-et-alimentation\/#breadcrumb","itemListElement":[{"@type":"ListItem","position":1,"name":"Accueil","item":"https:\/\/www.lactissima.com\/a-tire-d-ailes\/"},{"@type":"ListItem","position":2,"name":"Entr\u00e9e en cr\u00e8che : ce qui change"}]},{"@type":"WebSite","@id":"https:\/\/www.lactissima.com\/a-tire-d-ailes\/#website","url":"https:\/\/www.lactissima.com\/a-tire-d-ailes\/","name":"A tire d&#039;Ailes","description":"Le blog des femmes qui allaitent et travaillent.","potentialAction":[{"@type":"SearchAction","target":{"@type":"EntryPoint","urlTemplate":"https:\/\/www.lactissima.com\/a-tire-d-ailes\/?s={search_term_string}"},"query-input":{"@type":"PropertyValueSpecification","valueRequired":true,"valueName":"search_term_string"}}],"inLanguage":"fr-FR"},{"@type":"Person","@id":"https:\/\/www.lactissima.com\/a-tire-d-ailes\/#\/schema\/person\/8f98d3a89530861bc1240e6d53d44eed","name":"V\u00e9ronique Darmangeat","image":{"@type":"ImageObject","inLanguage":"fr-FR","@id":"https:\/\/secure.gravatar.com\/avatar\/268c99344c89cebfe4f5df5fa8be43068a18884fc76a29f3206fae98465b9cab?s=96&d=identicon&r=g","url":"https:\/\/secure.gravatar.com\/avatar\/268c99344c89cebfe4f5df5fa8be43068a18884fc76a29f3206fae98465b9cab?s=96&d=identicon&r=g","contentUrl":"https:\/\/secure.gravatar.com\/avatar\/268c99344c89cebfe4f5df5fa8be43068a18884fc76a29f3206fae98465b9cab?s=96&d=identicon&r=g","caption":"V\u00e9ronique Darmangeat"},"sameAs":["https:\/\/www.lactissima.com\/a-tire-d-ailes","www.facebook.com\/consultante.en.lactation"]}]}},"_links":{"self":[{"href":"https:\/\/www.lactissima.com\/a-tire-d-ailes\/wp-json\/wp\/v2\/posts\/7281","targetHints":{"allow":["GET"]}}],"collection":[{"href":"https:\/\/www.lactissima.com\/a-tire-d-ailes\/wp-json\/wp\/v2\/posts"}],"about":[{"href":"https:\/\/www.lactissima.com\/a-tire-d-ailes\/wp-json\/wp\/v2\/types\/post"}],"author":[{"embeddable":true,"href":"https:\/\/www.lactissima.com\/a-tire-d-ailes\/wp-json\/wp\/v2\/users\/170"}],"replies":[{"embeddable":true,"href":"https:\/\/www.lactissima.com\/a-tire-d-ailes\/wp-json\/wp\/v2\/comments?post=7281"}],"version-history":[{"count":3,"href":"https:\/\/www.lactissima.com\/a-tire-d-ailes\/wp-json\/wp\/v2\/posts\/7281\/revisions"}],"predecessor-version":[{"id":7287,"href":"https:\/\/www.lactissima.com\/a-tire-d-ailes\/wp-json\/wp\/v2\/posts\/7281\/revisions\/7287"}],"wp:featuredmedia":[{"embeddable":true,"href":"https:\/\/www.lactissima.com\/a-tire-d-ailes\/wp-json\/wp\/v2\/media\/7284"}],"wp:attachment":[{"href":"https:\/\/www.lactissima.com\/a-tire-d-ailes\/wp-json\/wp\/v2\/media?parent=7281"}],"wp:term":[{"taxonomy":"category","embeddable":true,"href":"https:\/\/www.lactissima.com\/a-tire-d-ailes\/wp-json\/wp\/v2\/categories?post=7281"},{"taxonomy":"post_tag","embeddable":true,"href":"https:\/\/www.lactissima.com\/a-tire-d-ailes\/wp-json\/wp\/v2\/tags?post=7281"}],"curies":[{"name":"wp","href":"https:\/\/api.w.org\/{rel}","templated":true}]}}