{"id":7222,"date":"2017-06-15T10:40:17","date_gmt":"2017-06-15T08:40:17","guid":{"rendered":"https:\/\/www.lactissima.com\/a-tire-d-ailes\/?p=7222"},"modified":"2017-06-15T10:40:17","modified_gmt":"2017-06-15T08:40:17","slug":"allaiter-travailler-temoignage-demilie-4","status":"publish","type":"post","link":"https:\/\/www.lactissima.com\/a-tire-d-ailes\/allaiter-travailler-temoignage-demilie-4\/","title":{"rendered":"Allaiter et travailler : le t\u00e9moignage d&rsquo;Emilie"},"content":{"rendered":"<ul>\n<li style=\"text-align: justify;\"><strong><img loading=\"lazy\" decoding=\"async\" class=\"alignright size-medium wp-image-7223\" src=\"https:\/\/www.lactissima.com\/a-tire-d-ailes\/wp-content\/uploads\/2017\/06\/emilie4-300x225.jpg\" alt=\"\" width=\"300\" height=\"225\" srcset=\"https:\/\/www.lactissima.com\/a-tire-d-ailes\/wp-content\/uploads\/2017\/06\/emilie4-300x225.jpg 300w, https:\/\/www.lactissima.com\/a-tire-d-ailes\/wp-content\/uploads\/2017\/06\/emilie4-768x576.jpg 768w, https:\/\/www.lactissima.com\/a-tire-d-ailes\/wp-content\/uploads\/2017\/06\/emilie4-1024x768.jpg 1024w\" sizes=\"(max-width: 300px) 100vw, 300px\" \/>Quel choix avez-vous fait au moment de la reprise du travail : sevrage ou poursuite de l\u2019allaitement ? Pourquoi ?<\/strong><\/li>\n<\/ul>\n<p style=\"text-align: justify;\">Je suis la maman de deux magnifiques petits gar\u00e7ons : mon \u00ab grand \u00bb qui a 3 ans et mon petit qui a 13 mois.<br \/>\nL\u2019allaitement de mon grand a \u00e9t\u00e9 tr\u00e8s chaotique en raison des mauvais conseils dispens\u00e9s \u00e0 la maternit\u00e9 (espacer les t\u00e9t\u00e9es de 3 heures minimum, limiter la dur\u00e9e des t\u00e9t\u00e9es et la phrase qui tue \u00ab vous affamez votre b\u00e9b\u00e9, vous n\u2019avez pas assez de lait. Je vous laisse le biberon de compl\u00e9ment sur votre table de chevet car vous finirez par y passer \u00bb etc.). J\u2019\u00e9tais compl\u00e8tement novice en la mati\u00e8re, j\u2019ai donc perdu toute confiance dans ma capacit\u00e9 \u00e0 nourrir mon enfant. Je me suis quand m\u00eame accroch\u00e9e et ai allait\u00e9 mon enfant en mixte pendant 4 mois jusqu\u2019\u00e0 la reprise du travail. A cette \u00e9poque, j\u2019\u00e9tais persuad\u00e9e que travail = sevrage. D\u2019autant plus que la seule exp\u00e9rience que j\u2019avais du tire-lait \u00e9tait tr\u00e8s douloureuse (je l\u2019ai appris plus tard qu\u2019il existe diff\u00e9rentes tailles de t\u00e9terelle).<br \/>\nForte de cette exp\u00e9rience, j\u2019ai contact\u00e9 une conseill\u00e8re en lactation pour ma deuxi\u00e8me grossesse histoire d\u2019\u00eatre arm\u00e9e pour affronter le personnel de la maternit\u00e9 (qui a encore une fois essay\u00e9 de me refiler des biberons de compl\u00e9ment sans m\u00eame peser mon b\u00e9b\u00e9). Je m\u2019\u00e9tais initialement fix\u00e9e un objectif de l\u2019allaiter 6 mois jusqu\u2019\u00e0 ma reprise du travail.<br \/>\nUn mois avant la reprise du travail, l\u2019id\u00e9e de le sevrer alors que cet allaitement fonctionnait merveilleusement bien me fendait le c\u0153ur. C\u2019est alors que ma conseill\u00e8re en lactation a sugg\u00e9r\u00e9 l\u2019id\u00e9e de poursuivre l\u2019allaitement en tirant mon lait au travail. Une super pharmacienne m\u2019a fait essayer le tire-lait lactaline d\u2019Ameda avec une taille de t\u00e9terelle adapt\u00e9e : miracle, le lait a instantan\u00e9ment coul\u00e9 sans aucune douleur.<br \/>\nJ\u2019ai donc pris la d\u00e9cision de poursuivre l\u2019allaitement. Mon petit a aujourd\u2019hui 13 mois et est encore allait\u00e9 sans compl\u00e9ment.<\/p>\n<ul style=\"text-align: justify;\">\n<li><strong>Comment vous \u00eates-vous organis\u00e9e ?<\/strong><\/li>\n<\/ul>\n<p style=\"text-align: justify;\">J\u2019ai d\u2019abord beaucoup lu votre blog qui est une super source d\u2019info. Je n\u2019ai donc fait aucun stock de lait et aucun essai biberon. J\u2019avais compl\u00e8tement confiance en mon b\u00e9b\u00e9 et en ma capacit\u00e9 \u00e0 nourrir diff\u00e9remment mon b\u00e9b\u00e9 avec mon lait. J\u2019avais juste 200 ml pour le premier jour mais, comme je m\u2019en doutais, il a refus\u00e9 le biberon. Le refus du biberon a dur\u00e9 2 semaines environ\u2026<br \/>\nComme beaucoup d\u2019entreprise, la mienne ne respecte pas son obligation de mettre en place une salle d\u2019allaitement mais heureusement j\u2019ai une super infirmi\u00e8re \u00e0 mon travail qui m\u2019accueille dans son bureau qui se ferme \u00e0 cl\u00e9.<br \/>\nJusqu\u2019\u00e0 son 1er anniversaire, je tirais mon lait 2 fois par jour, ce qui me permettait de donner entre 450 et 500 ml \u00e0 la cr\u00e8che pour la journ\u00e9e.<br \/>\nAujourd\u2019hui, je ne tire plus qu\u2019une seule fois mon lait et petit \u00e0 petit je vais arr\u00eater le tire-lait.<br \/>\nJe pr\u00e9f\u00e8re tirer mon lait dans des sachets car \u00e7a prend moins de place pour le transport et \u00e7a me permet de laisser \u00e7a \u00e0 la cr\u00e8che le soir pour le lendemain. \u00c7a offre aussi l\u2019avantage de limiter la vaisselle mais c\u2019est \u00e9galement plus cher et moins \u00e9colo\u2026<\/p>\n<ul style=\"text-align: justify;\">\n<li><strong>Quelles ont \u00e9t\u00e9 vos principales difficult\u00e9s ?<\/strong><\/li>\n<\/ul>\n<p style=\"text-align: justify;\">La baisse de lactation en p\u00e9riode de fatigue. Mais une bonne nuit de sommeil et \u00e7a repart !<br \/>\nLes commentaires de certaines pu\u00e9ricultrices de la cr\u00e8che qui pensent que je me prends la t\u00eate pour rien. Mais l\u2019avantage quand c\u2019est le deuxi\u00e8me enfant, on n\u2019\u00e9coute plus ce genre de commentaire.<br \/>\nLes journ\u00e9es o\u00f9 je suis en d\u00e9placement et que je ne peux donc pas tirer sont tr\u00e8s compliqu\u00e9es et douloureuses. C\u2019est assez g\u00eanant de devoir appeler avant le d\u00e9placement pour demander si on peut me mettre \u00e0 disposition une salle pour tirer mon lait et un frigo.<\/p>\n<ul style=\"text-align: justify;\">\n<li><strong>Quels ont \u00e9t\u00e9 vos meilleurs moments ?<\/strong><\/li>\n<\/ul>\n<p style=\"text-align: justify;\">Quel bonheur de rentrer \u00e0 la maison et de faire la t\u00e9t\u00e9e du retour ! \u00c7a nous oblige \u00e0 nous poser tranquillement avant de repartir dans toute la logistique de fin de journ\u00e9e.<br \/>\nEt quelle fiert\u00e9 de se dire \u00e0 chaque pes\u00e9e qu\u2019on a fait du bon boulot !<\/p>\n<ul style=\"text-align: justify;\">\n<li><strong>Qu\u2019est-ce que vous souhaiteriez dire aux mamans qui doivent faire un choix dans les semaines \u00e0 venir ?<\/strong><\/li>\n<\/ul>\n<p style=\"text-align: justify;\">Qu\u2019elles fassent le choix qui leur convient \u00e0 elles ! L\u2019allaitement n\u2019est qu\u2019une question de choix personnel mais ce choix doit \u00eatre \u00e9clair\u00e9 par les bonnes informations. C\u2019est pourquoi votre site est juste une merveille. Ce que j\u2019ai fait pour mon 2\u00e8me enfant, je ne l\u2019aurai jamais envisag\u00e9 pour mon 1er faute d\u2019informations correctes.<\/p>\n<ul style=\"text-align: justify;\">\n<li><strong>Ce serait \u00e0 refaire, vous referiez le m\u00eame choix ? Que changeriez-vous ?<\/strong><\/li>\n<\/ul>\n<p style=\"text-align: justify;\">Je ferais sans h\u00e9siter le m\u00eame choix. Et si la vie m\u2019offre la chance de donner la vie une 3\u00e8me fois, je sais que la reprise du travail ne mettra pas fin \u00e0 mon allaitement.<\/p>\n<p>&nbsp;<\/p>\n<p><strong>Articles en rapport :<\/strong><\/p>\n<ul>\n<li>Voir l\u2019onglet <a href=\"https:\/\/www.lactissima.com\/a-tire-d-ailes\/temoignages-travail-et-allaitement\/\" target=\"_blank\" rel=\"noopener noreferrer\">t\u00e9moignages<\/a><\/li>\n<\/ul>\n<p>&nbsp;<\/p>\n<div class='et-box et-shadow'>\n\t\t\t\t\t<div class='et-box-content'>Lire des articles ou poser des questions en commentaire ne suffit pas \u00e0 r\u00e9soudre votre probl\u00e8me ?\nSavez-vous que vous pouvez prendre RDV pour une consultation avec moi ?\nN&rsquo;h\u00e9sitez pas \u00e0 me contacter !<\/div><\/div>\n","protected":false},"excerpt":{"rendered":"<p>Quel choix avez-vous fait au moment de la reprise du travail : sevrage ou poursuite de l\u2019allaitement ? Pourquoi ? Je suis la maman de deux magnifiques petits gar\u00e7ons : mon \u00ab grand \u00bb qui a 3 ans et mon petit qui a 13 mois. L\u2019allaitement de mon grand a \u00e9t\u00e9 tr\u00e8s chaotique en raison [&hellip;]<\/p>\n","protected":false},"author":170,"featured_media":7223,"comment_status":"open","ping_status":"open","sticky":false,"template":"","format":"standard","meta":{"_et_pb_use_builder":"","_et_pb_old_content":"","_et_gb_content_width":"","footnotes":""},"categories":[150],"tags":[],"class_list":["post-7222","post","type-post","status-publish","format-standard","has-post-thumbnail","hentry","category-temoignages"],"yoast_head":"<!-- This site is optimized with the Yoast SEO plugin v27.4 - https:\/\/yoast.com\/product\/yoast-seo-wordpress\/ -->\n<title>Allaiter et travailler : le t\u00e9moignage d&#039;Emilie<\/title>\n<meta name=\"description\" content=\"Emilie a choisi de reprendre le travail sans stock de lait, sans avoir commenc\u00e9 \u00e0 donner le biberon, juste en tirant son lait pour la cr\u00e8che...et \u00e7a marche!\" \/>\n<meta name=\"robots\" content=\"index, follow, max-snippet:-1, max-image-preview:large, max-video-preview:-1\" \/>\n<link rel=\"canonical\" href=\"https:\/\/www.lactissima.com\/a-tire-d-ailes\/allaiter-travailler-temoignage-demilie-4\/\" \/>\n<meta property=\"og:locale\" content=\"fr_FR\" \/>\n<meta property=\"og:type\" content=\"article\" \/>\n<meta property=\"og:title\" content=\"Allaiter et travailler : le t\u00e9moignage d&#039;Emilie\" \/>\n<meta property=\"og:description\" content=\"Emilie a choisi de reprendre le travail sans stock de lait, sans avoir commenc\u00e9 \u00e0 donner le biberon, juste en tirant son lait pour la cr\u00e8che...et \u00e7a marche!\" \/>\n<meta property=\"og:url\" content=\"https:\/\/www.lactissima.com\/a-tire-d-ailes\/allaiter-travailler-temoignage-demilie-4\/\" \/>\n<meta property=\"og:site_name\" content=\"A tire d&#039;Ailes\" \/>\n<meta property=\"article:publisher\" content=\"https:\/\/www.facebook.com\/consultante.en.lactation\" \/>\n<meta property=\"article:author\" content=\"www.facebook.com\/consultante.en.lactation\" \/>\n<meta property=\"article:published_time\" content=\"2017-06-15T08:40:17+00:00\" \/>\n<meta property=\"og:image\" content=\"https:\/\/www.lactissima.com\/a-tire-d-ailes\/wp-content\/uploads\/2017\/06\/emilie4.jpg\" \/>\n\t<meta property=\"og:image:width\" content=\"4032\" \/>\n\t<meta property=\"og:image:height\" content=\"3024\" \/>\n\t<meta property=\"og:image:type\" content=\"image\/jpeg\" \/>\n<meta name=\"author\" content=\"V\u00e9ronique Darmangeat\" \/>\n<meta name=\"twitter:card\" content=\"summary_large_image\" \/>\n<meta name=\"twitter:creator\" content=\"@VeroniqueIBCLC\" \/>\n<meta name=\"twitter:site\" content=\"@VeroniqueIBCLC\" \/>\n<meta name=\"twitter:label1\" content=\"\u00c9crit par\" \/>\n\t<meta name=\"twitter:data1\" content=\"V\u00e9ronique Darmangeat\" \/>\n\t<meta name=\"twitter:label2\" content=\"Dur\u00e9e de lecture estim\u00e9e\" \/>\n\t<meta name=\"twitter:data2\" content=\"5 minutes\" \/>\n<script type=\"application\/ld+json\" class=\"yoast-schema-graph\">{\"@context\":\"https:\\\/\\\/schema.org\",\"@graph\":[{\"@type\":\"Article\",\"@id\":\"https:\\\/\\\/www.lactissima.com\\\/a-tire-d-ailes\\\/allaiter-travailler-temoignage-demilie-4\\\/#article\",\"isPartOf\":{\"@id\":\"https:\\\/\\\/www.lactissima.com\\\/a-tire-d-ailes\\\/allaiter-travailler-temoignage-demilie-4\\\/\"},\"author\":{\"name\":\"V\u00e9ronique Darmangeat\",\"@id\":\"https:\\\/\\\/www.lactissima.com\\\/a-tire-d-ailes\\\/#\\\/schema\\\/person\\\/8f98d3a89530861bc1240e6d53d44eed\"},\"headline\":\"Allaiter et travailler : le t\u00e9moignage d&rsquo;Emilie\",\"datePublished\":\"2017-06-15T08:40:17+00:00\",\"mainEntityOfPage\":{\"@id\":\"https:\\\/\\\/www.lactissima.com\\\/a-tire-d-ailes\\\/allaiter-travailler-temoignage-demilie-4\\\/\"},\"wordCount\":940,\"commentCount\":4,\"image\":{\"@id\":\"https:\\\/\\\/www.lactissima.com\\\/a-tire-d-ailes\\\/allaiter-travailler-temoignage-demilie-4\\\/#primaryimage\"},\"thumbnailUrl\":\"https:\\\/\\\/www.lactissima.com\\\/a-tire-d-ailes\\\/wp-content\\\/uploads\\\/2017\\\/06\\\/emilie4.jpg\",\"articleSection\":[\"t\u00e9moignages\"],\"inLanguage\":\"fr-FR\",\"potentialAction\":[{\"@type\":\"CommentAction\",\"name\":\"Comment\",\"target\":[\"https:\\\/\\\/www.lactissima.com\\\/a-tire-d-ailes\\\/allaiter-travailler-temoignage-demilie-4\\\/#respond\"]}]},{\"@type\":\"WebPage\",\"@id\":\"https:\\\/\\\/www.lactissima.com\\\/a-tire-d-ailes\\\/allaiter-travailler-temoignage-demilie-4\\\/\",\"url\":\"https:\\\/\\\/www.lactissima.com\\\/a-tire-d-ailes\\\/allaiter-travailler-temoignage-demilie-4\\\/\",\"name\":\"Allaiter et travailler : le t\u00e9moignage d'Emilie\",\"isPartOf\":{\"@id\":\"https:\\\/\\\/www.lactissima.com\\\/a-tire-d-ailes\\\/#website\"},\"primaryImageOfPage\":{\"@id\":\"https:\\\/\\\/www.lactissima.com\\\/a-tire-d-ailes\\\/allaiter-travailler-temoignage-demilie-4\\\/#primaryimage\"},\"image\":{\"@id\":\"https:\\\/\\\/www.lactissima.com\\\/a-tire-d-ailes\\\/allaiter-travailler-temoignage-demilie-4\\\/#primaryimage\"},\"thumbnailUrl\":\"https:\\\/\\\/www.lactissima.com\\\/a-tire-d-ailes\\\/wp-content\\\/uploads\\\/2017\\\/06\\\/emilie4.jpg\",\"datePublished\":\"2017-06-15T08:40:17+00:00\",\"author\":{\"@id\":\"https:\\\/\\\/www.lactissima.com\\\/a-tire-d-ailes\\\/#\\\/schema\\\/person\\\/8f98d3a89530861bc1240e6d53d44eed\"},\"description\":\"Emilie a choisi de reprendre le travail sans stock de lait, sans avoir commenc\u00e9 \u00e0 donner le biberon, juste en tirant son lait pour la cr\u00e8che...et \u00e7a marche!\",\"breadcrumb\":{\"@id\":\"https:\\\/\\\/www.lactissima.com\\\/a-tire-d-ailes\\\/allaiter-travailler-temoignage-demilie-4\\\/#breadcrumb\"},\"inLanguage\":\"fr-FR\",\"potentialAction\":[{\"@type\":\"ReadAction\",\"target\":[\"https:\\\/\\\/www.lactissima.com\\\/a-tire-d-ailes\\\/allaiter-travailler-temoignage-demilie-4\\\/\"]}]},{\"@type\":\"ImageObject\",\"inLanguage\":\"fr-FR\",\"@id\":\"https:\\\/\\\/www.lactissima.com\\\/a-tire-d-ailes\\\/allaiter-travailler-temoignage-demilie-4\\\/#primaryimage\",\"url\":\"https:\\\/\\\/www.lactissima.com\\\/a-tire-d-ailes\\\/wp-content\\\/uploads\\\/2017\\\/06\\\/emilie4.jpg\",\"contentUrl\":\"https:\\\/\\\/www.lactissima.com\\\/a-tire-d-ailes\\\/wp-content\\\/uploads\\\/2017\\\/06\\\/emilie4.jpg\",\"width\":4032,\"height\":3024},{\"@type\":\"BreadcrumbList\",\"@id\":\"https:\\\/\\\/www.lactissima.com\\\/a-tire-d-ailes\\\/allaiter-travailler-temoignage-demilie-4\\\/#breadcrumb\",\"itemListElement\":[{\"@type\":\"ListItem\",\"position\":1,\"name\":\"Accueil\",\"item\":\"https:\\\/\\\/www.lactissima.com\\\/a-tire-d-ailes\\\/\"},{\"@type\":\"ListItem\",\"position\":2,\"name\":\"Allaiter et travailler : le t\u00e9moignage d&rsquo;Emilie\"}]},{\"@type\":\"WebSite\",\"@id\":\"https:\\\/\\\/www.lactissima.com\\\/a-tire-d-ailes\\\/#website\",\"url\":\"https:\\\/\\\/www.lactissima.com\\\/a-tire-d-ailes\\\/\",\"name\":\"A tire d&#039;Ailes\",\"description\":\"Le blog des femmes qui allaitent et travaillent.\",\"potentialAction\":[{\"@type\":\"SearchAction\",\"target\":{\"@type\":\"EntryPoint\",\"urlTemplate\":\"https:\\\/\\\/www.lactissima.com\\\/a-tire-d-ailes\\\/?s={search_term_string}\"},\"query-input\":{\"@type\":\"PropertyValueSpecification\",\"valueRequired\":true,\"valueName\":\"search_term_string\"}}],\"inLanguage\":\"fr-FR\"},{\"@type\":\"Person\",\"@id\":\"https:\\\/\\\/www.lactissima.com\\\/a-tire-d-ailes\\\/#\\\/schema\\\/person\\\/8f98d3a89530861bc1240e6d53d44eed\",\"name\":\"V\u00e9ronique Darmangeat\",\"image\":{\"@type\":\"ImageObject\",\"inLanguage\":\"fr-FR\",\"@id\":\"https:\\\/\\\/secure.gravatar.com\\\/avatar\\\/268c99344c89cebfe4f5df5fa8be43068a18884fc76a29f3206fae98465b9cab?s=96&d=identicon&r=g\",\"url\":\"https:\\\/\\\/secure.gravatar.com\\\/avatar\\\/268c99344c89cebfe4f5df5fa8be43068a18884fc76a29f3206fae98465b9cab?s=96&d=identicon&r=g\",\"contentUrl\":\"https:\\\/\\\/secure.gravatar.com\\\/avatar\\\/268c99344c89cebfe4f5df5fa8be43068a18884fc76a29f3206fae98465b9cab?s=96&d=identicon&r=g\",\"caption\":\"V\u00e9ronique Darmangeat\"},\"sameAs\":[\"https:\\\/\\\/www.lactissima.com\\\/a-tire-d-ailes\",\"www.facebook.com\\\/consultante.en.lactation\"]}]}<\/script>\n<!-- \/ Yoast SEO plugin. -->","yoast_head_json":{"title":"Allaiter et travailler : le t\u00e9moignage d'Emilie","description":"Emilie a choisi de reprendre le travail sans stock de lait, sans avoir commenc\u00e9 \u00e0 donner le biberon, juste en tirant son lait pour la cr\u00e8che...et \u00e7a marche!","robots":{"index":"index","follow":"follow","max-snippet":"max-snippet:-1","max-image-preview":"max-image-preview:large","max-video-preview":"max-video-preview:-1"},"canonical":"https:\/\/www.lactissima.com\/a-tire-d-ailes\/allaiter-travailler-temoignage-demilie-4\/","og_locale":"fr_FR","og_type":"article","og_title":"Allaiter et travailler : le t\u00e9moignage d'Emilie","og_description":"Emilie a choisi de reprendre le travail sans stock de lait, sans avoir commenc\u00e9 \u00e0 donner le biberon, juste en tirant son lait pour la cr\u00e8che...et \u00e7a marche!","og_url":"https:\/\/www.lactissima.com\/a-tire-d-ailes\/allaiter-travailler-temoignage-demilie-4\/","og_site_name":"A tire d&#039;Ailes","article_publisher":"https:\/\/www.facebook.com\/consultante.en.lactation","article_author":"www.facebook.com\/consultante.en.lactation","article_published_time":"2017-06-15T08:40:17+00:00","og_image":[{"width":4032,"height":3024,"url":"https:\/\/www.lactissima.com\/a-tire-d-ailes\/wp-content\/uploads\/2017\/06\/emilie4.jpg","type":"image\/jpeg"}],"author":"V\u00e9ronique Darmangeat","twitter_card":"summary_large_image","twitter_creator":"@VeroniqueIBCLC","twitter_site":"@VeroniqueIBCLC","twitter_misc":{"\u00c9crit par":"V\u00e9ronique Darmangeat","Dur\u00e9e de lecture estim\u00e9e":"5 minutes"},"schema":{"@context":"https:\/\/schema.org","@graph":[{"@type":"Article","@id":"https:\/\/www.lactissima.com\/a-tire-d-ailes\/allaiter-travailler-temoignage-demilie-4\/#article","isPartOf":{"@id":"https:\/\/www.lactissima.com\/a-tire-d-ailes\/allaiter-travailler-temoignage-demilie-4\/"},"author":{"name":"V\u00e9ronique Darmangeat","@id":"https:\/\/www.lactissima.com\/a-tire-d-ailes\/#\/schema\/person\/8f98d3a89530861bc1240e6d53d44eed"},"headline":"Allaiter et travailler : le t\u00e9moignage d&rsquo;Emilie","datePublished":"2017-06-15T08:40:17+00:00","mainEntityOfPage":{"@id":"https:\/\/www.lactissima.com\/a-tire-d-ailes\/allaiter-travailler-temoignage-demilie-4\/"},"wordCount":940,"commentCount":4,"image":{"@id":"https:\/\/www.lactissima.com\/a-tire-d-ailes\/allaiter-travailler-temoignage-demilie-4\/#primaryimage"},"thumbnailUrl":"https:\/\/www.lactissima.com\/a-tire-d-ailes\/wp-content\/uploads\/2017\/06\/emilie4.jpg","articleSection":["t\u00e9moignages"],"inLanguage":"fr-FR","potentialAction":[{"@type":"CommentAction","name":"Comment","target":["https:\/\/www.lactissima.com\/a-tire-d-ailes\/allaiter-travailler-temoignage-demilie-4\/#respond"]}]},{"@type":"WebPage","@id":"https:\/\/www.lactissima.com\/a-tire-d-ailes\/allaiter-travailler-temoignage-demilie-4\/","url":"https:\/\/www.lactissima.com\/a-tire-d-ailes\/allaiter-travailler-temoignage-demilie-4\/","name":"Allaiter et travailler : le t\u00e9moignage d'Emilie","isPartOf":{"@id":"https:\/\/www.lactissima.com\/a-tire-d-ailes\/#website"},"primaryImageOfPage":{"@id":"https:\/\/www.lactissima.com\/a-tire-d-ailes\/allaiter-travailler-temoignage-demilie-4\/#primaryimage"},"image":{"@id":"https:\/\/www.lactissima.com\/a-tire-d-ailes\/allaiter-travailler-temoignage-demilie-4\/#primaryimage"},"thumbnailUrl":"https:\/\/www.lactissima.com\/a-tire-d-ailes\/wp-content\/uploads\/2017\/06\/emilie4.jpg","datePublished":"2017-06-15T08:40:17+00:00","author":{"@id":"https:\/\/www.lactissima.com\/a-tire-d-ailes\/#\/schema\/person\/8f98d3a89530861bc1240e6d53d44eed"},"description":"Emilie a choisi de reprendre le travail sans stock de lait, sans avoir commenc\u00e9 \u00e0 donner le biberon, juste en tirant son lait pour la cr\u00e8che...et \u00e7a marche!","breadcrumb":{"@id":"https:\/\/www.lactissima.com\/a-tire-d-ailes\/allaiter-travailler-temoignage-demilie-4\/#breadcrumb"},"inLanguage":"fr-FR","potentialAction":[{"@type":"ReadAction","target":["https:\/\/www.lactissima.com\/a-tire-d-ailes\/allaiter-travailler-temoignage-demilie-4\/"]}]},{"@type":"ImageObject","inLanguage":"fr-FR","@id":"https:\/\/www.lactissima.com\/a-tire-d-ailes\/allaiter-travailler-temoignage-demilie-4\/#primaryimage","url":"https:\/\/www.lactissima.com\/a-tire-d-ailes\/wp-content\/uploads\/2017\/06\/emilie4.jpg","contentUrl":"https:\/\/www.lactissima.com\/a-tire-d-ailes\/wp-content\/uploads\/2017\/06\/emilie4.jpg","width":4032,"height":3024},{"@type":"BreadcrumbList","@id":"https:\/\/www.lactissima.com\/a-tire-d-ailes\/allaiter-travailler-temoignage-demilie-4\/#breadcrumb","itemListElement":[{"@type":"ListItem","position":1,"name":"Accueil","item":"https:\/\/www.lactissima.com\/a-tire-d-ailes\/"},{"@type":"ListItem","position":2,"name":"Allaiter et travailler : le t\u00e9moignage d&rsquo;Emilie"}]},{"@type":"WebSite","@id":"https:\/\/www.lactissima.com\/a-tire-d-ailes\/#website","url":"https:\/\/www.lactissima.com\/a-tire-d-ailes\/","name":"A tire d&#039;Ailes","description":"Le blog des femmes qui allaitent et travaillent.","potentialAction":[{"@type":"SearchAction","target":{"@type":"EntryPoint","urlTemplate":"https:\/\/www.lactissima.com\/a-tire-d-ailes\/?s={search_term_string}"},"query-input":{"@type":"PropertyValueSpecification","valueRequired":true,"valueName":"search_term_string"}}],"inLanguage":"fr-FR"},{"@type":"Person","@id":"https:\/\/www.lactissima.com\/a-tire-d-ailes\/#\/schema\/person\/8f98d3a89530861bc1240e6d53d44eed","name":"V\u00e9ronique Darmangeat","image":{"@type":"ImageObject","inLanguage":"fr-FR","@id":"https:\/\/secure.gravatar.com\/avatar\/268c99344c89cebfe4f5df5fa8be43068a18884fc76a29f3206fae98465b9cab?s=96&d=identicon&r=g","url":"https:\/\/secure.gravatar.com\/avatar\/268c99344c89cebfe4f5df5fa8be43068a18884fc76a29f3206fae98465b9cab?s=96&d=identicon&r=g","contentUrl":"https:\/\/secure.gravatar.com\/avatar\/268c99344c89cebfe4f5df5fa8be43068a18884fc76a29f3206fae98465b9cab?s=96&d=identicon&r=g","caption":"V\u00e9ronique Darmangeat"},"sameAs":["https:\/\/www.lactissima.com\/a-tire-d-ailes","www.facebook.com\/consultante.en.lactation"]}]}},"_links":{"self":[{"href":"https:\/\/www.lactissima.com\/a-tire-d-ailes\/wp-json\/wp\/v2\/posts\/7222","targetHints":{"allow":["GET"]}}],"collection":[{"href":"https:\/\/www.lactissima.com\/a-tire-d-ailes\/wp-json\/wp\/v2\/posts"}],"about":[{"href":"https:\/\/www.lactissima.com\/a-tire-d-ailes\/wp-json\/wp\/v2\/types\/post"}],"author":[{"embeddable":true,"href":"https:\/\/www.lactissima.com\/a-tire-d-ailes\/wp-json\/wp\/v2\/users\/170"}],"replies":[{"embeddable":true,"href":"https:\/\/www.lactissima.com\/a-tire-d-ailes\/wp-json\/wp\/v2\/comments?post=7222"}],"version-history":[{"count":1,"href":"https:\/\/www.lactissima.com\/a-tire-d-ailes\/wp-json\/wp\/v2\/posts\/7222\/revisions"}],"predecessor-version":[{"id":7224,"href":"https:\/\/www.lactissima.com\/a-tire-d-ailes\/wp-json\/wp\/v2\/posts\/7222\/revisions\/7224"}],"wp:featuredmedia":[{"embeddable":true,"href":"https:\/\/www.lactissima.com\/a-tire-d-ailes\/wp-json\/wp\/v2\/media\/7223"}],"wp:attachment":[{"href":"https:\/\/www.lactissima.com\/a-tire-d-ailes\/wp-json\/wp\/v2\/media?parent=7222"}],"wp:term":[{"taxonomy":"category","embeddable":true,"href":"https:\/\/www.lactissima.com\/a-tire-d-ailes\/wp-json\/wp\/v2\/categories?post=7222"},{"taxonomy":"post_tag","embeddable":true,"href":"https:\/\/www.lactissima.com\/a-tire-d-ailes\/wp-json\/wp\/v2\/tags?post=7222"}],"curies":[{"name":"wp","href":"https:\/\/api.w.org\/{rel}","templated":true}]}}